{"id":35546,"date":"2026-09-01T08:01:36","date_gmt":"2026-09-01T08:01:36","guid":{"rendered":"https:\/\/www.esin.av.tr\/?p=35546"},"modified":"2026-09-01T08:01:36","modified_gmt":"2026-09-01T08:01:36","slug":"spkdan-halka-acik-sirket-pay-devirlerine-iliskin-ilke-kararinda-revizyon","status":"publish","type":"post","link":"https:\/\/www.esin.av.tr\/tr\/2026\/09\/01\/spkdan-halka-acik-sirket-pay-devirlerine-iliskin-ilke-kararinda-revizyon\/","title":{"rendered":"SPK\u2019dan Halka A\u00e7\u0131k \u015eirket Pay Devirlerine \u0130li\u015fkin \u0130lke Karar\u0131nda Revizyon"},"content":{"rendered":"<p><strong>Yeni Geli\u015fme<\/strong><\/p>\n<p>Sermaye Piyasas\u0131 Kurulu (&#8220;<strong>SPK<\/strong>&#8220;), 31 A\u011fustos 2026 tarih ve 53\/1590 say\u0131l\u0131 ilke karar\u0131 (&#8220;<strong>Revize \u0130lke Karar\u0131<\/strong>&#8220;) ile, belirli pay sahipleri taraf\u0131ndan yap\u0131lacak halka a\u00e7\u0131k \u015firket pay devirlerinde SPK onay\u0131 y\u00fck\u00fcml\u00fcl\u00fc\u011f\u00fc aranmas\u0131na ili\u015fkin 28 A\u011fustos 2026 tarih ve 52\/1589 say\u0131l\u0131 ilke karar\u0131nda (&#8220;<strong>Eski<\/strong> <strong>\u0130lke Karar\u0131<\/strong>&#8220;) revizyona gitti. Eski \u0130lke Karar\u0131&#8217;na ili\u015fkin hukuk b\u00fcltenimizi <a href=\"https:\/\/urldefense.com\/v3\/__https:\/esinxchange.com\/collect\/click.aspx?u=L2VLY3k0Wk54dTluT0ovZnUxNzZocWo4dVppdTV0c1FXdzJoc25oaEFqK1BwVys1UVhwRkROKy8wS1BrUHI1SW95ZDdmTzU2eE5GUGVQTmppOTBwVVhQQVowZ1E3OFU4d0xhV09NSHZXRFdlV2pNRkdnOElFK2xGNS95ZUpZczhYQzlKSmZzejNDVEJPRVFFVGoralc0VUtjS01FSlBBUg==&amp;rh=ff011252b6c5570cf1b1256c4145ae9bc426c2b6__;!!Hj9Y_P0nvg!UhNc2XZu70TDoLt1YAqM1IQgEclfFNFezJe5QegUP0cANcM-PawY0qR-5pLNJZrA8ThoVr-nt8_JOpIf_D3lRlxY3w$\">buradan<\/a> inceleyebilirsiniz.<br \/>\n<strong>Revize \u0130lke Karar\u0131 Neler Getiriyor?<\/strong><\/p>\n<p>Revize \u0130lke Karar\u0131, Eski \u0130lke Karar\u0131 kapsam\u0131nda yer alan hususlar\u0131 aynen tekrar ediyor. Bu hususlara ek olarak Revize \u0130lke Karar\u0131 uyar\u0131nca, d\u00fczenleme kapsam\u0131ndaki halka a\u00e7\u0131k \u015firketlere ait borsada i\u015flem g\u00f6rmeyen nitelikteki paylar, pay sat\u0131\u015f bilgi formu SPK taraf\u0131ndan onaylanmadan hi\u00e7bir surette borsada i\u015flem g\u00f6ren niteli\u011fe d\u00f6n\u00fc\u015femeyecek.<\/p>\n<p>BIST 30 endeksine dahil halka a\u00e7\u0131k \u015firketler ile y\u00f6netim hakimiyetine T.C. Hazine ve Maliye Bakanl\u0131\u011f\u0131, T\u00fcrkiye Varl\u0131k Fonu Y\u00f6netimi A.\u015e. ve kamu kurumlar\u0131n\u0131n do\u011frudan veya dolayl\u0131 olarak sahip oldu\u011fu halka a\u00e7\u0131k \u015firketler Revize \u0130lke Karar\u0131&#8217;nda yer alan h\u00fck\u00fcmlere tabi olmayacak, s\u00f6z konusu s\u0131n\u0131rlamalar ve \u015fartlar bu \u015firketler i\u00e7in uygulanmayacak.<\/p>\n<p><strong>Sonu\u00e7\u00a0<\/strong><\/p>\n<p>Revize \u0130lke Karar\u0131, Eski \u0130lke Karar\u0131&#8217;nda benimsenen rejimi b\u00fcy\u00fck \u00f6l\u00e7\u00fcde korumakla birlikte, s\u00f6z konusu rejimin uygulanmas\u0131na ili\u015fkin netle\u015ftirmeler yapt\u0131.<\/p>\n","protected":false},"excerpt":{"rendered":"<p>Yeni Geli\u015fme Sermaye Piyasas\u0131 Kurulu (&#8220;SPK&#8220;), 31 A\u011fustos 2026 tarih ve 53\/1590 say\u0131l\u0131 ilke karar\u0131 (&#8220;Revize \u0130lke Karar\u0131&#8220;) ile, belirli [&hellip;]<\/p>\n","protected":false},"author":4,"featured_media":0,"comment_status":"closed","ping_status":"closed","sticky":false,"template":"","format":"standard","meta":{"_acf_changed":false,"_stopmodifiedupdate":false,"_modified_date":"","footnotes":""},"categories":[120],"tags":[97],"class_list":["post-35546","post","type-post","status-publish","format-standard","hentry","category-legal-alerts","tag-capital-markets-tr"],"acf":[],"yoast_head":"<!-- This site is optimized with the Yoast SEO plugin v24.0 - https:\/\/yoast.com\/wordpress\/plugins\/seo\/ -->\n<title>SPK\u2019dan Halka A\u00e7\u0131k \u015eirket Pay Devirlerine \u0130li\u015fkin \u0130lke Karar\u0131nda Revizyon<\/title>\n<meta name=\"description\" content=\"Yeni Geli\u015fme Sermaye Piyasas\u0131 Kurulu (&quot;SPK&quot;), 31 A\u011fustos 2026 tarih ve 53\/1590 say\u0131l\u0131 ilke karar\u0131 (&quot;Revize \u0130lke Karar\u0131&quot;) ile, belirli pay sahipleri\" \/>\n<meta name=\"robots\" content=\"index, follow, max-snippet:-1, max-image-preview:large, max-video-preview:-1\" \/>\n<link rel=\"canonical\" href=\"https:\/\/www.esin.av.tr\/tr\/2026\/09\/01\/spkdan-halka-acik-sirket-pay-devirlerine-iliskin-ilke-kararinda-revizyon\/\" \/>\n<meta property=\"og:locale\" content=\"tr_TR\" \/>\n<meta property=\"og:type\" content=\"article\" \/>\n<meta property=\"og:title\" content=\"SPK\u2019dan Halka A\u00e7\u0131k \u015eirket Pay Devirlerine \u0130li\u015fkin \u0130lke Karar\u0131nda Revizyon\" \/>\n<meta property=\"og:description\" content=\"Yeni Geli\u015fme Sermaye Piyasas\u0131 Kurulu (&quot;SPK&quot;), 31 A\u011fustos 2026 tarih ve 53\/1590 say\u0131l\u0131 ilke karar\u0131 (&quot;Revize \u0130lke Karar\u0131&quot;) ile, belirli pay sahipleri\" \/>\n<meta property=\"og:url\" content=\"https:\/\/www.esin.av.tr\/tr\/2026\/09\/01\/spkdan-halka-acik-sirket-pay-devirlerine-iliskin-ilke-kararinda-revizyon\/\" \/>\n<meta property=\"og:site_name\" content=\"Esin Avukatl\u0131k Ortakl\u0131\u011f\u0131\" \/>\n<meta property=\"article:published_time\" content=\"2026-09-01T08:01:36+00:00\" \/>\n<meta name=\"author\" content=\"R\u0131dvan Konrat\" \/>\n<meta name=\"twitter:card\" content=\"summary_large_image\" \/>\n<meta name=\"twitter:label1\" content=\"Written by\" \/>\n\t<meta name=\"twitter:data1\" content=\"R\u0131dvan Konrat\" \/>\n\t<meta name=\"twitter:label2\" content=\"Est. reading time\" \/>\n\t<meta name=\"twitter:data2\" content=\"1 minute\" \/>\n<script type=\"application\/ld+json\" class=\"yoast-schema-graph\">{\"@context\":\"https:\/\/schema.org\",\"@graph\":[{\"@type\":\"Article\",\"@id\":\"https:\/\/www.esin.av.tr\/tr\/2026\/09\/01\/spkdan-halka-acik-sirket-pay-devirlerine-iliskin-ilke-kararinda-revizyon\/#article\",\"isPartOf\":{\"@id\":\"https:\/\/www.esin.av.tr\/tr\/2026\/09\/01\/spkdan-halka-acik-sirket-pay-devirlerine-iliskin-ilke-kararinda-revizyon\/\"},\"author\":{\"name\":\"R\u0131dvan Konrat\",\"@id\":\"https:\/\/www.esin.av.tr\/tr\/#\/schema\/person\/42c8e616aab56b8622fa365ad63282ae\"},\"headline\":\"SPK\u2019dan Halka A\u00e7\u0131k \u015eirket Pay Devirlerine \u0130li\u015fkin \u0130lke Karar\u0131nda Revizyon\",\"datePublished\":\"2026-09-01T08:01:36+00:00\",\"dateModified\":\"2026-09-01T08:01:36+00:00\",\"mainEntityOfPage\":{\"@id\":\"https:\/\/www.esin.av.tr\/tr\/2026\/09\/01\/spkdan-halka-acik-sirket-pay-devirlerine-iliskin-ilke-kararinda-revizyon\/\"},\"wordCount\":240,\"publisher\":{\"@id\":\"https:\/\/www.esin.av.tr\/tr\/#organization\"},\"keywords\":[\"Sermaye Piyasas\u0131 Hukuku\"],\"articleSection\":[\"Hukuk B\u00fcltenleri\"],\"inLanguage\":\"tr\"},{\"@type\":\"WebPage\",\"@id\":\"https:\/\/www.esin.av.tr\/tr\/2026\/09\/01\/spkdan-halka-acik-sirket-pay-devirlerine-iliskin-ilke-kararinda-revizyon\/\",\"url\":\"https:\/\/www.esin.av.tr\/tr\/2026\/09\/01\/spkdan-halka-acik-sirket-pay-devirlerine-iliskin-ilke-kararinda-revizyon\/\",\"name\":\"SPK\u2019dan Halka A\u00e7\u0131k \u015eirket Pay Devirlerine \u0130li\u015fkin \u0130lke Karar\u0131nda Revizyon\",\"isPartOf\":{\"@id\":\"https:\/\/www.esin.av.tr\/tr\/#website\"},\"datePublished\":\"2026-09-01T08:01:36+00:00\",\"dateModified\":\"2026-09-01T08:01:36+00:00\",\"description\":\"Yeni Geli\u015fme Sermaye Piyasas\u0131 Kurulu (\\\"SPK\\\"), 31 A\u011fustos 2026 tarih ve 53\/1590 say\u0131l\u0131 ilke karar\u0131 (\\\"Revize \u0130lke Karar\u0131\\\") ile, belirli pay sahipleri\",\"breadcrumb\":{\"@id\":\"https:\/\/www.esin.av.tr\/tr\/2026\/09\/01\/spkdan-halka-acik-sirket-pay-devirlerine-iliskin-ilke-kararinda-revizyon\/#breadcrumb\"},\"inLanguage\":\"tr\",\"potentialAction\":[{\"@type\":\"ReadAction\",\"target\":[\"https:\/\/www.esin.av.tr\/tr\/2026\/09\/01\/spkdan-halka-acik-sirket-pay-devirlerine-iliskin-ilke-kararinda-revizyon\/\"]}]},{\"@type\":\"BreadcrumbList\",\"@id\":\"https:\/\/www.esin.av.tr\/tr\/2026\/09\/01\/spkdan-halka-acik-sirket-pay-devirlerine-iliskin-ilke-kararinda-revizyon\/#breadcrumb\",\"itemListElement\":[{\"@type\":\"ListItem\",\"position\":1,\"name\":\"Home\",\"item\":\"https:\/\/www.esin.av.tr\/tr\/\"},{\"@type\":\"ListItem\",\"position\":2,\"name\":\"SPK\u2019dan Halka A\u00e7\u0131k \u015eirket Pay Devirlerine \u0130li\u015fkin \u0130lke Karar\u0131nda Revizyon\"}]},{\"@type\":\"WebSite\",\"@id\":\"https:\/\/www.esin.av.tr\/tr\/#website\",\"url\":\"https:\/\/www.esin.av.tr\/tr\/\",\"name\":\"Esin Avukatl\u0131k Ortakl\u0131\u011f\u0131\",\"description\":\"\",\"publisher\":{\"@id\":\"https:\/\/www.esin.av.tr\/tr\/#organization\"},\"potentialAction\":[{\"@type\":\"SearchAction\",\"target\":{\"@type\":\"EntryPoint\",\"urlTemplate\":\"https:\/\/www.esin.av.tr\/tr\/?s={search_term_string}\"},\"query-input\":{\"@type\":\"PropertyValueSpecification\",\"valueRequired\":true,\"valueName\":\"search_term_string\"}}],\"inLanguage\":\"tr\"},{\"@type\":\"Organization\",\"@id\":\"https:\/\/www.esin.av.tr\/tr\/#organization\",\"name\":\"Esin Avukatl\u0131k Ortakl\u0131\u011f\u0131\",\"url\":\"https:\/\/www.esin.av.tr\/tr\/\",\"logo\":{\"@type\":\"ImageObject\",\"inLanguage\":\"tr\",\"@id\":\"https:\/\/www.esin.av.tr\/tr\/#\/schema\/logo\/image\/\",\"url\":\"https:\/\/www.esin.av.tr\/wp-content\/uploads\/2021\/09\/esin-2.jpg\",\"contentUrl\":\"https:\/\/www.esin.av.tr\/wp-content\/uploads\/2021\/09\/esin-2.jpg\",\"width\":800,\"height\":460,\"caption\":\"Esin Avukatl\u0131k Ortakl\u0131\u011f\u0131\"},\"image\":{\"@id\":\"https:\/\/www.esin.av.tr\/tr\/#\/schema\/logo\/image\/\"}},{\"@type\":\"Person\",\"@id\":\"https:\/\/www.esin.av.tr\/tr\/#\/schema\/person\/42c8e616aab56b8622fa365ad63282ae\",\"name\":\"R\u0131dvan Konrat\",\"image\":{\"@type\":\"ImageObject\",\"inLanguage\":\"tr\",\"@id\":\"https:\/\/www.esin.av.tr\/tr\/#\/schema\/person\/image\/\",\"url\":\"https:\/\/secure.gravatar.com\/avatar\/b20c6c583be38ed4e76e32f69fccc676?s=96&d=mm&r=g\",\"contentUrl\":\"https:\/\/secure.gravatar.com\/avatar\/b20c6c583be38ed4e76e32f69fccc676?s=96&d=mm&r=g\",\"caption\":\"R\u0131dvan Konrat\"},\"sameAs\":[\"http:\/\/www.esin.av.tr\"],\"url\":\"https:\/\/www.esin.av.tr\/tr\/author\/rkonrat\/\"}]}<\/script>\n<!-- \/ Yoast SEO plugin. -->","yoast_head_json":{"title":"SPK\u2019dan Halka A\u00e7\u0131k \u015eirket Pay Devirlerine \u0130li\u015fkin \u0130lke Karar\u0131nda Revizyon","description":"Yeni Geli\u015fme Sermaye Piyasas\u0131 Kurulu (\"SPK\"), 31 A\u011fustos 2026 tarih ve 53\/1590 say\u0131l\u0131 ilke karar\u0131 (\"Revize \u0130lke Karar\u0131\") ile, belirli pay sahipleri","robots":{"index":"index","follow":"follow","max-snippet":"max-snippet:-1","max-image-preview":"max-image-preview:large","max-video-preview":"max-video-preview:-1"},"canonical":"https:\/\/www.esin.av.tr\/tr\/2026\/09\/01\/spkdan-halka-acik-sirket-pay-devirlerine-iliskin-ilke-kararinda-revizyon\/","og_locale":"tr_TR","og_type":"article","og_title":"SPK\u2019dan Halka A\u00e7\u0131k \u015eirket Pay Devirlerine \u0130li\u015fkin \u0130lke Karar\u0131nda Revizyon","og_description":"Yeni Geli\u015fme Sermaye Piyasas\u0131 Kurulu (\"SPK\"), 31 A\u011fustos 2026 tarih ve 53\/1590 say\u0131l\u0131 ilke karar\u0131 (\"Revize \u0130lke Karar\u0131\") ile, belirli pay sahipleri","og_url":"https:\/\/www.esin.av.tr\/tr\/2026\/09\/01\/spkdan-halka-acik-sirket-pay-devirlerine-iliskin-ilke-kararinda-revizyon\/","og_site_name":"Esin Avukatl\u0131k Ortakl\u0131\u011f\u0131","article_published_time":"2026-09-01T08:01:36+00:00","author":"R\u0131dvan Konrat","twitter_card":"summary_large_image","twitter_misc":{"Written by":"R\u0131dvan Konrat","Est. reading time":"1 minute"},"schema":{"@context":"https:\/\/schema.org","@graph":[{"@type":"Article","@id":"https:\/\/www.esin.av.tr\/tr\/2026\/09\/01\/spkdan-halka-acik-sirket-pay-devirlerine-iliskin-ilke-kararinda-revizyon\/#article","isPartOf":{"@id":"https:\/\/www.esin.av.tr\/tr\/2026\/09\/01\/spkdan-halka-acik-sirket-pay-devirlerine-iliskin-ilke-kararinda-revizyon\/"},"author":{"name":"R\u0131dvan Konrat","@id":"https:\/\/www.esin.av.tr\/tr\/#\/schema\/person\/42c8e616aab56b8622fa365ad63282ae"},"headline":"SPK\u2019dan Halka A\u00e7\u0131k \u015eirket Pay Devirlerine \u0130li\u015fkin \u0130lke Karar\u0131nda Revizyon","datePublished":"2026-09-01T08:01:36+00:00","dateModified":"2026-09-01T08:01:36+00:00","mainEntityOfPage":{"@id":"https:\/\/www.esin.av.tr\/tr\/2026\/09\/01\/spkdan-halka-acik-sirket-pay-devirlerine-iliskin-ilke-kararinda-revizyon\/"},"wordCount":240,"publisher":{"@id":"https:\/\/www.esin.av.tr\/tr\/#organization"},"keywords":["Sermaye Piyasas\u0131 Hukuku"],"articleSection":["Hukuk B\u00fcltenleri"],"inLanguage":"tr"},{"@type":"WebPage","@id":"https:\/\/www.esin.av.tr\/tr\/2026\/09\/01\/spkdan-halka-acik-sirket-pay-devirlerine-iliskin-ilke-kararinda-revizyon\/","url":"https:\/\/www.esin.av.tr\/tr\/2026\/09\/01\/spkdan-halka-acik-sirket-pay-devirlerine-iliskin-ilke-kararinda-revizyon\/","name":"SPK\u2019dan Halka A\u00e7\u0131k \u015eirket Pay Devirlerine \u0130li\u015fkin \u0130lke Karar\u0131nda Revizyon","isPartOf":{"@id":"https:\/\/www.esin.av.tr\/tr\/#website"},"datePublished":"2026-09-01T08:01:36+00:00","dateModified":"2026-09-01T08:01:36+00:00","description":"Yeni Geli\u015fme Sermaye Piyasas\u0131 Kurulu (\"SPK\"), 31 A\u011fustos 2026 tarih ve 53\/1590 say\u0131l\u0131 ilke karar\u0131 (\"Revize \u0130lke Karar\u0131\") ile, belirli pay sahipleri","breadcrumb":{"@id":"https:\/\/www.esin.av.tr\/tr\/2026\/09\/01\/spkdan-halka-acik-sirket-pay-devirlerine-iliskin-ilke-kararinda-revizyon\/#breadcrumb"},"inLanguage":"tr","potentialAction":[{"@type":"ReadAction","target":["https:\/\/www.esin.av.tr\/tr\/2026\/09\/01\/spkdan-halka-acik-sirket-pay-devirlerine-iliskin-ilke-kararinda-revizyon\/"]}]},{"@type":"BreadcrumbList","@id":"https:\/\/www.esin.av.tr\/tr\/2026\/09\/01\/spkdan-halka-acik-sirket-pay-devirlerine-iliskin-ilke-kararinda-revizyon\/#breadcrumb","itemListElement":[{"@type":"ListItem","position":1,"name":"Home","item":"https:\/\/www.esin.av.tr\/tr\/"},{"@type":"ListItem","position":2,"name":"SPK\u2019dan Halka A\u00e7\u0131k \u015eirket Pay Devirlerine \u0130li\u015fkin \u0130lke Karar\u0131nda Revizyon"}]},{"@type":"WebSite","@id":"https:\/\/www.esin.av.tr\/tr\/#website","url":"https:\/\/www.esin.av.tr\/tr\/","name":"Esin Avukatl\u0131k Ortakl\u0131\u011f\u0131","description":"","publisher":{"@id":"https:\/\/www.esin.av.tr\/tr\/#organization"},"potentialAction":[{"@type":"SearchAction","target":{"@type":"EntryPoint","urlTemplate":"https:\/\/www.esin.av.tr\/tr\/?s={search_term_string}"},"query-input":{"@type":"PropertyValueSpecification","valueRequired":true,"valueName":"search_term_string"}}],"inLanguage":"tr"},{"@type":"Organization","@id":"https:\/\/www.esin.av.tr\/tr\/#organization","name":"Esin Avukatl\u0131k Ortakl\u0131\u011f\u0131","url":"https:\/\/www.esin.av.tr\/tr\/","logo":{"@type":"ImageObject","inLanguage":"tr","@id":"https:\/\/www.esin.av.tr\/tr\/#\/schema\/logo\/image\/","url":"https:\/\/www.esin.av.tr\/wp-content\/uploads\/2021\/09\/esin-2.jpg","contentUrl":"https:\/\/www.esin.av.tr\/wp-content\/uploads\/2021\/09\/esin-2.jpg","width":800,"height":460,"caption":"Esin Avukatl\u0131k Ortakl\u0131\u011f\u0131"},"image":{"@id":"https:\/\/www.esin.av.tr\/tr\/#\/schema\/logo\/image\/"}},{"@type":"Person","@id":"https:\/\/www.esin.av.tr\/tr\/#\/schema\/person\/42c8e616aab56b8622fa365ad63282ae","name":"R\u0131dvan Konrat","image":{"@type":"ImageObject","inLanguage":"tr","@id":"https:\/\/www.esin.av.tr\/tr\/#\/schema\/person\/image\/","url":"https:\/\/secure.gravatar.com\/avatar\/b20c6c583be38ed4e76e32f69fccc676?s=96&d=mm&r=g","contentUrl":"https:\/\/secure.gravatar.com\/avatar\/b20c6c583be38ed4e76e32f69fccc676?s=96&d=mm&r=g","caption":"R\u0131dvan Konrat"},"sameAs":["http:\/\/www.esin.av.tr"],"url":"https:\/\/www.esin.av.tr\/tr\/author\/rkonrat\/"}]}},"_links":{"self":[{"href":"https:\/\/www.esin.av.tr\/tr\/wp-json\/wp\/v2\/posts\/35546","targetHints":{"allow":["GET"]}}],"collection":[{"href":"https:\/\/www.esin.av.tr\/tr\/wp-json\/wp\/v2\/posts"}],"about":[{"href":"https:\/\/www.esin.av.tr\/tr\/wp-json\/wp\/v2\/types\/post"}],"author":[{"embeddable":true,"href":"https:\/\/www.esin.av.tr\/tr\/wp-json\/wp\/v2\/users\/4"}],"replies":[{"embeddable":true,"href":"https:\/\/www.esin.av.tr\/tr\/wp-json\/wp\/v2\/comments?post=35546"}],"version-history":[{"count":1,"href":"https:\/\/www.esin.av.tr\/tr\/wp-json\/wp\/v2\/posts\/35546\/revisions"}],"predecessor-version":[{"id":35547,"href":"https:\/\/www.esin.av.tr\/tr\/wp-json\/wp\/v2\/posts\/35546\/revisions\/35547"}],"wp:attachment":[{"href":"https:\/\/www.esin.av.tr\/tr\/wp-json\/wp\/v2\/media?parent=35546"}],"wp:term":[{"taxonomy":"category","embeddable":true,"href":"https:\/\/www.esin.av.tr\/tr\/wp-json\/wp\/v2\/categories?post=35546"},{"taxonomy":"post_tag","embeddable":true,"href":"https:\/\/www.esin.av.tr\/tr\/wp-json\/wp\/v2\/tags?post=35546"}],"curies":[{"name":"wp","href":"https:\/\/api.w.org\/{rel}","templated":true}]}}