{"id":35542,"date":"2026-09-01T07:17:18","date_gmt":"2026-09-01T07:17:18","guid":{"rendered":"https:\/\/www.esin.av.tr\/?p=35542"},"modified":"2026-09-01T07:17:18","modified_gmt":"2026-09-01T07:17:18","slug":"rekabet-kurumu-eski-baskan-yardimcisi-esin-aygun-esin-avukatlik-ortakliginda-danisman-olarak-goreve-basladi","status":"publish","type":"post","link":"https:\/\/www.esin.av.tr\/tr\/2026\/09\/01\/rekabet-kurumu-eski-baskan-yardimcisi-esin-aygun-esin-avukatlik-ortakliginda-danisman-olarak-goreve-basladi\/","title":{"rendered":"Rekabet Kurumu Eski Ba\u015fkan Yard\u0131mc\u0131s\u0131 Esin Ayg\u00fcn, Esin Avukatl\u0131k Ortakl\u0131\u011f\u0131&#8217;nda Dan\u0131\u015fman Olarak G\u00f6reve Ba\u015flad\u0131"},"content":{"rendered":"<p><strong>Esin Avukatl\u0131k Ortakl\u0131\u011f\u0131 olarak, Esin Ayg\u00fcn&#8217;\u00fcn rekabet hukuku ekibimize Dan\u0131\u015fman olarak kat\u0131ld\u0131\u011f\u0131n\u0131 duyurmaktan b\u00fcy\u00fck mutluluk duyuyoruz. Esin, Rekabet Kurumu\u2019ndaki birle\u015fme ve devralmalar, soru\u015fturmalar ile dijital piyasalar\u0131n d\u00fczenlenmesi alanlar\u0131nda yirmi y\u0131l\u0131 a\u015fk\u0131n tecr\u00fcbesiyle Rekabet Hukuku alan\u0131ndaki yetkinli\u011fimizi daha da artt\u0131racakt\u0131r.<\/strong><\/p>\n<p><strong>Esin Ayg\u00fcn Hakk\u0131nda<\/strong><\/p>\n<p>Esin Avukatl\u0131k Ortakl\u0131\u011f\u0131&#8217;na kat\u0131lmadan \u00f6nce Rekabet Kurumu Ba\u015fdan\u0131\u015fman\u0131 olarak g\u00f6rev yapan Esin, dijital platform hizmetleri ve e-ticaret pazarlar\u0131na ili\u015fkin stratejik konularda dan\u0131\u015fmanl\u0131k sa\u011flam\u0131\u015f ve T\u00fcrkiye&#8217;de dijital piyasalara y\u00f6nelik d\u00fczenleyici \u00e7er\u00e7evenin olu\u015fturulmas\u0131na katk\u0131da bulunmu\u015ftur. Ayr\u0131ca George Washington University Competition and Innovation Lab b\u00fcnyesinde faaliyet g\u00f6steren Turkey Initiative&#8217;in Dan\u0131\u015fma Kurulu \u00fcyeleri aras\u0131nda yer almakta ve Oxford \u00dcniversitesi b\u00fcnyesinde y\u00fcr\u00fct\u00fclen Value of Competition giri\u015fiminde G\u00f6n\u00fcll\u00fc Rekabet El\u00e7isi olarak uluslararas\u0131 rekabet hukuku ve politikas\u0131 \u00e7al\u0131\u015fmalar\u0131na katk\u0131 vermektedir.<\/p>\n<p>Rekabet Kurumu Ba\u015fdan\u0131\u015fman\u0131 olmadan \u00f6nce Rekabet Kurumu Ba\u015fkan Yard\u0131mc\u0131s\u0131 olarak alt\u0131 farkl\u0131 dairenin koordinasyonundan sorumlu olan Esin, kurumun d\u0131\u015f ili\u015fkiler, rekabet savunuculu\u011fu ve strateji geli\u015ftirme \u00e7al\u0131\u015fmalar\u0131na liderlik etmi\u015ftir. Daha \u00f6nce Dijital Piyasalar Dairesi Ba\u015fkanl\u0131\u011f\u0131 g\u00f6revini de \u00fcstlenen Esin, teknoloji odakl\u0131 pazarlara ili\u015fkin \u00f6nemli rekabet hukuku ve birle\u015fme-devralma incelemelerinin y\u00fcr\u00fct\u00fclmesinde aktif rol oynam\u0131\u015f ve T\u00fcrkiye&#8217;nin birle\u015fme kontrol rejiminin modernizasyonuna katk\u0131 sa\u011flam\u0131\u015ft\u0131r.<\/p>\n<p>Rekabet Kurumu&#8217;ndaki kariyeri boyunca dijital platformlar, telekom\u00fcnikasyon, bankac\u0131l\u0131k ve finans, otomotiv, sa\u011fl\u0131k ve \u00fcretim dahil olmak \u00fczere \u00e7ok say\u0131da sekt\u00f6rde T\u00fcrkiye&#8217;nin \u00f6nde gelen rekabet hukuku \u00e7al\u0131\u015fmalar\u0131nda g\u00f6rev alan Esin&#8217;in deneyimi; birle\u015fme ve devralma i\u015flemleri, rekabet soru\u015fturmalar\u0131, ikincil mevzuat haz\u0131rl\u0131klar\u0131, sekt\u00f6r incelemeleri ve rekabet politikalar\u0131 alanlar\u0131n\u0131 kapsamaktad\u0131r.<\/p>\n<p>Mesleki \u00e7al\u0131\u015fmalar\u0131n\u0131n yan\u0131 s\u0131ra Esin, University of East Anglia&#8217;da hukuk doktoras\u0131 \u00e7al\u0131\u015fmalar\u0131n\u0131 s\u00fcrd\u00fcrmekte olup dijital piyasalar\u0131n d\u00fczenlenmesi ile rekabet hukuku ve yeni teknolojiler aras\u0131ndaki etkile\u015fim \u00fczerine akademik ara\u015ft\u0131rmalar y\u00fcr\u00fctmektedir<em><strong>.<\/strong><\/em><\/p>\n<p><strong>Esin Ayg\u00fcn, ekibimize kat\u0131lmas\u0131yla ilgili d\u00fc\u015f\u00fcncelerini \u015fu s\u00f6zlerle payla\u015ft\u0131:\u00a0<\/strong><em>&#8220;Esin Avukatl\u0131k Ortakl\u0131\u011f\u0131&#8217;na kat\u0131lmaktan ve uzmanl\u0131\u011f\u0131, uluslararas\u0131 bak\u0131\u015f a\u00e7\u0131s\u0131 ve m\u00fcvekkil odakl\u0131 yakla\u015f\u0131m\u0131yla \u00f6ne \u00e7\u0131kan bir ekibin par\u00e7as\u0131 olmaktan b\u00fcy\u00fck memnuniyet duyuyorum. Rekabet hukuku, \u00f6zellikle dijital pazarlar, teknoloji ve d\u00fczenleyici geli\u015fmelerin etkisiyle \u00f6nemli bir d\u00f6n\u00fc\u015f\u00fcm s\u00fcrecinden ge\u00e7iyor. Bu dinamik ortamda \u00e7al\u0131\u015fma arkada\u015flar\u0131m\u0131z ve m\u00fcvekkillerimizle birlikte \u00e7al\u0131\u015fmay\u0131, Rekabet Kurumu&#8217;nda edindi\u011fim de\u011ferli deneyim ve akademik birikimle ofisin Rekabet Hukuku prati\u011finin geli\u015fimine katk\u0131da bulunmay\u0131 sab\u0131rs\u0131zl\u0131kla bekliyorum.&#8221;<\/em><\/p>\n<p><strong>Esin Avukatl\u0131k Ortakl\u0131\u011f\u0131 Y\u00f6netici Orta\u011f\u0131 Eren Kur\u015fun:\u00a0<\/strong><em>\u201cEsin Han\u0131m\u2019\u0131n Rekabet Kurumu\u2019nda ba\u015fkan yard\u0131mc\u0131l\u0131\u011f\u0131 ve ba\u015fdan\u0131\u015fmanl\u0131\u011fa kadar uzanan ba\u015far\u0131l\u0131 kariyeri dikkate al\u0131nd\u0131\u011f\u0131nda ofisimize kataca\u011f\u0131 de\u011fer bizi heyecanland\u0131r\u0131yor. \u00d6zellikle k\u00fcresel ekonomide rol\u00fc her ge\u00e7en g\u00fcn artan dijital pazarlardaki uzmanl\u0131\u011f\u0131 ve bug\u00fcne kadar i\u00e7inde bulundu\u011fu \u00f6nemli soru\u015fturmalar, birle\u015fme-devralmalar ve mevzuat \u00e7al\u0131\u015fmalar\u0131 ofisimize sunaca\u011f\u0131 katk\u0131y\u0131 benzersiz hale getiriyor. Esin Han\u0131m aram\u0131za kat\u0131ld\u0131\u011f\u0131 i\u00e7in \u00e7ok mutluyuz.\u201d<\/em><\/p>\n","protected":false},"excerpt":{"rendered":"<p>Esin Avukatl\u0131k Ortakl\u0131\u011f\u0131 olarak, Esin Ayg\u00fcn&#8217;\u00fcn rekabet hukuku ekibimize Dan\u0131\u015fman olarak kat\u0131ld\u0131\u011f\u0131n\u0131 duyurmaktan b\u00fcy\u00fck mutluluk duyuyoruz. Esin, Rekabet Kurumu\u2019ndaki birle\u015fme [&hellip;]<\/p>\n","protected":false},"author":4,"featured_media":0,"comment_status":"closed","ping_status":"closed","sticky":false,"template":"","format":"standard","meta":{"_acf_changed":false,"_stopmodifiedupdate":false,"_modified_date":"","footnotes":""},"categories":[116],"tags":[],"class_list":["post-35542","post","type-post","status-publish","format-standard","hentry","category-diger"],"acf":[],"yoast_head":"<!-- This site is optimized with the Yoast SEO plugin v24.0 - https:\/\/yoast.com\/wordpress\/plugins\/seo\/ -->\n<title>Rekabet Kurumu Eski Ba\u015fkan Yard\u0131mc\u0131s\u0131 Esin Ayg\u00fcn, Esin Avukatl\u0131k Ortakl\u0131\u011f\u0131&#039;nda Dan\u0131\u015fman Olarak G\u00f6reve Ba\u015flad\u0131<\/title>\n<meta name=\"description\" content=\"Esin Avukatl\u0131k Ortakl\u0131\u011f\u0131 olarak, Esin Ayg\u00fcn&#039;\u00fcn rekabet hukuku ekibimize Dan\u0131\u015fman olarak kat\u0131ld\u0131\u011f\u0131n\u0131 duyurmaktan b\u00fcy\u00fck mutluluk duyuyoruz. Esin, Rekabet\" \/>\n<meta name=\"robots\" content=\"index, follow, max-snippet:-1, max-image-preview:large, max-video-preview:-1\" \/>\n<link rel=\"canonical\" href=\"https:\/\/www.esin.av.tr\/tr\/2026\/09\/01\/rekabet-kurumu-eski-baskan-yardimcisi-esin-aygun-esin-avukatlik-ortakliginda-danisman-olarak-goreve-basladi\/\" \/>\n<meta property=\"og:locale\" content=\"tr_TR\" \/>\n<meta property=\"og:type\" content=\"article\" \/>\n<meta property=\"og:title\" content=\"Rekabet Kurumu Eski Ba\u015fkan Yard\u0131mc\u0131s\u0131 Esin Ayg\u00fcn, Esin Avukatl\u0131k Ortakl\u0131\u011f\u0131&#039;nda Dan\u0131\u015fman Olarak G\u00f6reve Ba\u015flad\u0131\" \/>\n<meta property=\"og:description\" content=\"Esin Avukatl\u0131k Ortakl\u0131\u011f\u0131 olarak, Esin Ayg\u00fcn&#039;\u00fcn rekabet hukuku ekibimize Dan\u0131\u015fman olarak kat\u0131ld\u0131\u011f\u0131n\u0131 duyurmaktan b\u00fcy\u00fck mutluluk duyuyoruz. Esin, Rekabet\" \/>\n<meta property=\"og:url\" content=\"https:\/\/www.esin.av.tr\/tr\/2026\/09\/01\/rekabet-kurumu-eski-baskan-yardimcisi-esin-aygun-esin-avukatlik-ortakliginda-danisman-olarak-goreve-basladi\/\" \/>\n<meta property=\"og:site_name\" content=\"Esin Avukatl\u0131k Ortakl\u0131\u011f\u0131\" \/>\n<meta property=\"article:published_time\" content=\"2026-09-01T07:17:18+00:00\" \/>\n<meta name=\"author\" content=\"R\u0131dvan Konrat\" \/>\n<meta name=\"twitter:card\" content=\"summary_large_image\" \/>\n<meta name=\"twitter:label1\" content=\"Written by\" \/>\n\t<meta name=\"twitter:data1\" content=\"R\u0131dvan Konrat\" \/>\n\t<meta name=\"twitter:label2\" content=\"Est. reading time\" \/>\n\t<meta name=\"twitter:data2\" content=\"3 minutes\" \/>\n<script type=\"application\/ld+json\" class=\"yoast-schema-graph\">{\"@context\":\"https:\/\/schema.org\",\"@graph\":[{\"@type\":\"Article\",\"@id\":\"https:\/\/www.esin.av.tr\/tr\/2026\/09\/01\/rekabet-kurumu-eski-baskan-yardimcisi-esin-aygun-esin-avukatlik-ortakliginda-danisman-olarak-goreve-basladi\/#article\",\"isPartOf\":{\"@id\":\"https:\/\/www.esin.av.tr\/tr\/2026\/09\/01\/rekabet-kurumu-eski-baskan-yardimcisi-esin-aygun-esin-avukatlik-ortakliginda-danisman-olarak-goreve-basladi\/\"},\"author\":{\"name\":\"R\u0131dvan Konrat\",\"@id\":\"https:\/\/www.esin.av.tr\/tr\/#\/schema\/person\/42c8e616aab56b8622fa365ad63282ae\"},\"headline\":\"Rekabet Kurumu Eski Ba\u015fkan Yard\u0131mc\u0131s\u0131 Esin Ayg\u00fcn, Esin Avukatl\u0131k Ortakl\u0131\u011f\u0131&#8217;nda Dan\u0131\u015fman Olarak G\u00f6reve Ba\u015flad\u0131\",\"datePublished\":\"2026-09-01T07:17:18+00:00\",\"dateModified\":\"2026-09-01T07:17:18+00:00\",\"mainEntityOfPage\":{\"@id\":\"https:\/\/www.esin.av.tr\/tr\/2026\/09\/01\/rekabet-kurumu-eski-baskan-yardimcisi-esin-aygun-esin-avukatlik-ortakliginda-danisman-olarak-goreve-basladi\/\"},\"wordCount\":599,\"publisher\":{\"@id\":\"https:\/\/www.esin.av.tr\/tr\/#organization\"},\"articleSection\":[\"Di\u011fer\"],\"inLanguage\":\"tr\"},{\"@type\":\"WebPage\",\"@id\":\"https:\/\/www.esin.av.tr\/tr\/2026\/09\/01\/rekabet-kurumu-eski-baskan-yardimcisi-esin-aygun-esin-avukatlik-ortakliginda-danisman-olarak-goreve-basladi\/\",\"url\":\"https:\/\/www.esin.av.tr\/tr\/2026\/09\/01\/rekabet-kurumu-eski-baskan-yardimcisi-esin-aygun-esin-avukatlik-ortakliginda-danisman-olarak-goreve-basladi\/\",\"name\":\"Rekabet Kurumu Eski Ba\u015fkan Yard\u0131mc\u0131s\u0131 Esin Ayg\u00fcn, Esin Avukatl\u0131k Ortakl\u0131\u011f\u0131'nda Dan\u0131\u015fman Olarak G\u00f6reve Ba\u015flad\u0131\",\"isPartOf\":{\"@id\":\"https:\/\/www.esin.av.tr\/tr\/#website\"},\"datePublished\":\"2026-09-01T07:17:18+00:00\",\"dateModified\":\"2026-09-01T07:17:18+00:00\",\"description\":\"Esin Avukatl\u0131k Ortakl\u0131\u011f\u0131 olarak, Esin Ayg\u00fcn'\u00fcn rekabet hukuku ekibimize Dan\u0131\u015fman olarak kat\u0131ld\u0131\u011f\u0131n\u0131 duyurmaktan b\u00fcy\u00fck mutluluk duyuyoruz. Esin, Rekabet\",\"breadcrumb\":{\"@id\":\"https:\/\/www.esin.av.tr\/tr\/2026\/09\/01\/rekabet-kurumu-eski-baskan-yardimcisi-esin-aygun-esin-avukatlik-ortakliginda-danisman-olarak-goreve-basladi\/#breadcrumb\"},\"inLanguage\":\"tr\",\"potentialAction\":[{\"@type\":\"ReadAction\",\"target\":[\"https:\/\/www.esin.av.tr\/tr\/2026\/09\/01\/rekabet-kurumu-eski-baskan-yardimcisi-esin-aygun-esin-avukatlik-ortakliginda-danisman-olarak-goreve-basladi\/\"]}]},{\"@type\":\"BreadcrumbList\",\"@id\":\"https:\/\/www.esin.av.tr\/tr\/2026\/09\/01\/rekabet-kurumu-eski-baskan-yardimcisi-esin-aygun-esin-avukatlik-ortakliginda-danisman-olarak-goreve-basladi\/#breadcrumb\",\"itemListElement\":[{\"@type\":\"ListItem\",\"position\":1,\"name\":\"Home\",\"item\":\"https:\/\/www.esin.av.tr\/tr\/\"},{\"@type\":\"ListItem\",\"position\":2,\"name\":\"Rekabet Kurumu Eski Ba\u015fkan Yard\u0131mc\u0131s\u0131 Esin Ayg\u00fcn, Esin Avukatl\u0131k Ortakl\u0131\u011f\u0131&#8217;nda Dan\u0131\u015fman Olarak G\u00f6reve Ba\u015flad\u0131\"}]},{\"@type\":\"WebSite\",\"@id\":\"https:\/\/www.esin.av.tr\/tr\/#website\",\"url\":\"https:\/\/www.esin.av.tr\/tr\/\",\"name\":\"Esin Avukatl\u0131k Ortakl\u0131\u011f\u0131\",\"description\":\"\",\"publisher\":{\"@id\":\"https:\/\/www.esin.av.tr\/tr\/#organization\"},\"potentialAction\":[{\"@type\":\"SearchAction\",\"target\":{\"@type\":\"EntryPoint\",\"urlTemplate\":\"https:\/\/www.esin.av.tr\/tr\/?s={search_term_string}\"},\"query-input\":{\"@type\":\"PropertyValueSpecification\",\"valueRequired\":true,\"valueName\":\"search_term_string\"}}],\"inLanguage\":\"tr\"},{\"@type\":\"Organization\",\"@id\":\"https:\/\/www.esin.av.tr\/tr\/#organization\",\"name\":\"Esin Avukatl\u0131k Ortakl\u0131\u011f\u0131\",\"url\":\"https:\/\/www.esin.av.tr\/tr\/\",\"logo\":{\"@type\":\"ImageObject\",\"inLanguage\":\"tr\",\"@id\":\"https:\/\/www.esin.av.tr\/tr\/#\/schema\/logo\/image\/\",\"url\":\"https:\/\/www.esin.av.tr\/wp-content\/uploads\/2021\/09\/esin-2.jpg\",\"contentUrl\":\"https:\/\/www.esin.av.tr\/wp-content\/uploads\/2021\/09\/esin-2.jpg\",\"width\":800,\"height\":460,\"caption\":\"Esin Avukatl\u0131k Ortakl\u0131\u011f\u0131\"},\"image\":{\"@id\":\"https:\/\/www.esin.av.tr\/tr\/#\/schema\/logo\/image\/\"}},{\"@type\":\"Person\",\"@id\":\"https:\/\/www.esin.av.tr\/tr\/#\/schema\/person\/42c8e616aab56b8622fa365ad63282ae\",\"name\":\"R\u0131dvan Konrat\",\"image\":{\"@type\":\"ImageObject\",\"inLanguage\":\"tr\",\"@id\":\"https:\/\/www.esin.av.tr\/tr\/#\/schema\/person\/image\/\",\"url\":\"https:\/\/secure.gravatar.com\/avatar\/b20c6c583be38ed4e76e32f69fccc676?s=96&d=mm&r=g\",\"contentUrl\":\"https:\/\/secure.gravatar.com\/avatar\/b20c6c583be38ed4e76e32f69fccc676?s=96&d=mm&r=g\",\"caption\":\"R\u0131dvan Konrat\"},\"sameAs\":[\"http:\/\/www.esin.av.tr\"],\"url\":\"https:\/\/www.esin.av.tr\/tr\/author\/rkonrat\/\"}]}<\/script>\n<!-- \/ Yoast SEO plugin. -->","yoast_head_json":{"title":"Rekabet Kurumu Eski Ba\u015fkan Yard\u0131mc\u0131s\u0131 Esin Ayg\u00fcn, Esin Avukatl\u0131k Ortakl\u0131\u011f\u0131'nda Dan\u0131\u015fman Olarak G\u00f6reve Ba\u015flad\u0131","description":"Esin Avukatl\u0131k Ortakl\u0131\u011f\u0131 olarak, Esin Ayg\u00fcn'\u00fcn rekabet hukuku ekibimize Dan\u0131\u015fman olarak kat\u0131ld\u0131\u011f\u0131n\u0131 duyurmaktan b\u00fcy\u00fck mutluluk duyuyoruz. Esin, Rekabet","robots":{"index":"index","follow":"follow","max-snippet":"max-snippet:-1","max-image-preview":"max-image-preview:large","max-video-preview":"max-video-preview:-1"},"canonical":"https:\/\/www.esin.av.tr\/tr\/2026\/09\/01\/rekabet-kurumu-eski-baskan-yardimcisi-esin-aygun-esin-avukatlik-ortakliginda-danisman-olarak-goreve-basladi\/","og_locale":"tr_TR","og_type":"article","og_title":"Rekabet Kurumu Eski Ba\u015fkan Yard\u0131mc\u0131s\u0131 Esin Ayg\u00fcn, Esin Avukatl\u0131k Ortakl\u0131\u011f\u0131'nda Dan\u0131\u015fman Olarak G\u00f6reve Ba\u015flad\u0131","og_description":"Esin Avukatl\u0131k Ortakl\u0131\u011f\u0131 olarak, Esin Ayg\u00fcn'\u00fcn rekabet hukuku ekibimize Dan\u0131\u015fman olarak kat\u0131ld\u0131\u011f\u0131n\u0131 duyurmaktan b\u00fcy\u00fck mutluluk duyuyoruz. Esin, Rekabet","og_url":"https:\/\/www.esin.av.tr\/tr\/2026\/09\/01\/rekabet-kurumu-eski-baskan-yardimcisi-esin-aygun-esin-avukatlik-ortakliginda-danisman-olarak-goreve-basladi\/","og_site_name":"Esin Avukatl\u0131k Ortakl\u0131\u011f\u0131","article_published_time":"2026-09-01T07:17:18+00:00","author":"R\u0131dvan Konrat","twitter_card":"summary_large_image","twitter_misc":{"Written by":"R\u0131dvan Konrat","Est. reading time":"3 minutes"},"schema":{"@context":"https:\/\/schema.org","@graph":[{"@type":"Article","@id":"https:\/\/www.esin.av.tr\/tr\/2026\/09\/01\/rekabet-kurumu-eski-baskan-yardimcisi-esin-aygun-esin-avukatlik-ortakliginda-danisman-olarak-goreve-basladi\/#article","isPartOf":{"@id":"https:\/\/www.esin.av.tr\/tr\/2026\/09\/01\/rekabet-kurumu-eski-baskan-yardimcisi-esin-aygun-esin-avukatlik-ortakliginda-danisman-olarak-goreve-basladi\/"},"author":{"name":"R\u0131dvan Konrat","@id":"https:\/\/www.esin.av.tr\/tr\/#\/schema\/person\/42c8e616aab56b8622fa365ad63282ae"},"headline":"Rekabet Kurumu Eski Ba\u015fkan Yard\u0131mc\u0131s\u0131 Esin Ayg\u00fcn, Esin Avukatl\u0131k Ortakl\u0131\u011f\u0131&#8217;nda Dan\u0131\u015fman Olarak G\u00f6reve Ba\u015flad\u0131","datePublished":"2026-09-01T07:17:18+00:00","dateModified":"2026-09-01T07:17:18+00:00","mainEntityOfPage":{"@id":"https:\/\/www.esin.av.tr\/tr\/2026\/09\/01\/rekabet-kurumu-eski-baskan-yardimcisi-esin-aygun-esin-avukatlik-ortakliginda-danisman-olarak-goreve-basladi\/"},"wordCount":599,"publisher":{"@id":"https:\/\/www.esin.av.tr\/tr\/#organization"},"articleSection":["Di\u011fer"],"inLanguage":"tr"},{"@type":"WebPage","@id":"https:\/\/www.esin.av.tr\/tr\/2026\/09\/01\/rekabet-kurumu-eski-baskan-yardimcisi-esin-aygun-esin-avukatlik-ortakliginda-danisman-olarak-goreve-basladi\/","url":"https:\/\/www.esin.av.tr\/tr\/2026\/09\/01\/rekabet-kurumu-eski-baskan-yardimcisi-esin-aygun-esin-avukatlik-ortakliginda-danisman-olarak-goreve-basladi\/","name":"Rekabet Kurumu Eski Ba\u015fkan Yard\u0131mc\u0131s\u0131 Esin Ayg\u00fcn, Esin Avukatl\u0131k Ortakl\u0131\u011f\u0131'nda Dan\u0131\u015fman Olarak G\u00f6reve Ba\u015flad\u0131","isPartOf":{"@id":"https:\/\/www.esin.av.tr\/tr\/#website"},"datePublished":"2026-09-01T07:17:18+00:00","dateModified":"2026-09-01T07:17:18+00:00","description":"Esin Avukatl\u0131k Ortakl\u0131\u011f\u0131 olarak, Esin Ayg\u00fcn'\u00fcn rekabet hukuku ekibimize Dan\u0131\u015fman olarak kat\u0131ld\u0131\u011f\u0131n\u0131 duyurmaktan b\u00fcy\u00fck mutluluk duyuyoruz. Esin, Rekabet","breadcrumb":{"@id":"https:\/\/www.esin.av.tr\/tr\/2026\/09\/01\/rekabet-kurumu-eski-baskan-yardimcisi-esin-aygun-esin-avukatlik-ortakliginda-danisman-olarak-goreve-basladi\/#breadcrumb"},"inLanguage":"tr","potentialAction":[{"@type":"ReadAction","target":["https:\/\/www.esin.av.tr\/tr\/2026\/09\/01\/rekabet-kurumu-eski-baskan-yardimcisi-esin-aygun-esin-avukatlik-ortakliginda-danisman-olarak-goreve-basladi\/"]}]},{"@type":"BreadcrumbList","@id":"https:\/\/www.esin.av.tr\/tr\/2026\/09\/01\/rekabet-kurumu-eski-baskan-yardimcisi-esin-aygun-esin-avukatlik-ortakliginda-danisman-olarak-goreve-basladi\/#breadcrumb","itemListElement":[{"@type":"ListItem","position":1,"name":"Home","item":"https:\/\/www.esin.av.tr\/tr\/"},{"@type":"ListItem","position":2,"name":"Rekabet Kurumu Eski Ba\u015fkan Yard\u0131mc\u0131s\u0131 Esin Ayg\u00fcn, Esin Avukatl\u0131k Ortakl\u0131\u011f\u0131&#8217;nda Dan\u0131\u015fman Olarak G\u00f6reve Ba\u015flad\u0131"}]},{"@type":"WebSite","@id":"https:\/\/www.esin.av.tr\/tr\/#website","url":"https:\/\/www.esin.av.tr\/tr\/","name":"Esin Avukatl\u0131k Ortakl\u0131\u011f\u0131","description":"","publisher":{"@id":"https:\/\/www.esin.av.tr\/tr\/#organization"},"potentialAction":[{"@type":"SearchAction","target":{"@type":"EntryPoint","urlTemplate":"https:\/\/www.esin.av.tr\/tr\/?s={search_term_string}"},"query-input":{"@type":"PropertyValueSpecification","valueRequired":true,"valueName":"search_term_string"}}],"inLanguage":"tr"},{"@type":"Organization","@id":"https:\/\/www.esin.av.tr\/tr\/#organization","name":"Esin Avukatl\u0131k Ortakl\u0131\u011f\u0131","url":"https:\/\/www.esin.av.tr\/tr\/","logo":{"@type":"ImageObject","inLanguage":"tr","@id":"https:\/\/www.esin.av.tr\/tr\/#\/schema\/logo\/image\/","url":"https:\/\/www.esin.av.tr\/wp-content\/uploads\/2021\/09\/esin-2.jpg","contentUrl":"https:\/\/www.esin.av.tr\/wp-content\/uploads\/2021\/09\/esin-2.jpg","width":800,"height":460,"caption":"Esin Avukatl\u0131k Ortakl\u0131\u011f\u0131"},"image":{"@id":"https:\/\/www.esin.av.tr\/tr\/#\/schema\/logo\/image\/"}},{"@type":"Person","@id":"https:\/\/www.esin.av.tr\/tr\/#\/schema\/person\/42c8e616aab56b8622fa365ad63282ae","name":"R\u0131dvan Konrat","image":{"@type":"ImageObject","inLanguage":"tr","@id":"https:\/\/www.esin.av.tr\/tr\/#\/schema\/person\/image\/","url":"https:\/\/secure.gravatar.com\/avatar\/b20c6c583be38ed4e76e32f69fccc676?s=96&d=mm&r=g","contentUrl":"https:\/\/secure.gravatar.com\/avatar\/b20c6c583be38ed4e76e32f69fccc676?s=96&d=mm&r=g","caption":"R\u0131dvan Konrat"},"sameAs":["http:\/\/www.esin.av.tr"],"url":"https:\/\/www.esin.av.tr\/tr\/author\/rkonrat\/"}]}},"_links":{"self":[{"href":"https:\/\/www.esin.av.tr\/tr\/wp-json\/wp\/v2\/posts\/35542","targetHints":{"allow":["GET"]}}],"collection":[{"href":"https:\/\/www.esin.av.tr\/tr\/wp-json\/wp\/v2\/posts"}],"about":[{"href":"https:\/\/www.esin.av.tr\/tr\/wp-json\/wp\/v2\/types\/post"}],"author":[{"embeddable":true,"href":"https:\/\/www.esin.av.tr\/tr\/wp-json\/wp\/v2\/users\/4"}],"replies":[{"embeddable":true,"href":"https:\/\/www.esin.av.tr\/tr\/wp-json\/wp\/v2\/comments?post=35542"}],"version-history":[{"count":1,"href":"https:\/\/www.esin.av.tr\/tr\/wp-json\/wp\/v2\/posts\/35542\/revisions"}],"predecessor-version":[{"id":35543,"href":"https:\/\/www.esin.av.tr\/tr\/wp-json\/wp\/v2\/posts\/35542\/revisions\/35543"}],"wp:attachment":[{"href":"https:\/\/www.esin.av.tr\/tr\/wp-json\/wp\/v2\/media?parent=35542"}],"wp:term":[{"taxonomy":"category","embeddable":true,"href":"https:\/\/www.esin.av.tr\/tr\/wp-json\/wp\/v2\/categories?post=35542"},{"taxonomy":"post_tag","embeddable":true,"href":"https:\/\/www.esin.av.tr\/tr\/wp-json\/wp\/v2\/tags?post=35542"}],"curies":[{"name":"wp","href":"https:\/\/api.w.org\/{rel}","templated":true}]}}