{"id":35531,"date":"2026-08-30T08:57:58","date_gmt":"2026-08-30T08:57:58","guid":{"rendered":"https:\/\/www.esin.av.tr\/?p=35531"},"modified":"2026-08-30T08:57:58","modified_gmt":"2026-08-30T08:57:58","slug":"spkdan-halka-acik-sirket-pay-satislarina-onay-sarti","status":"publish","type":"post","link":"https:\/\/www.esin.av.tr\/tr\/2026\/08\/30\/spkdan-halka-acik-sirket-pay-satislarina-onay-sarti\/","title":{"rendered":"SPK\u2019dan Halka A\u00e7\u0131k \u015eirket Pay Sat\u0131\u015flar\u0131na Onay \u015eart\u0131"},"content":{"rendered":"<p><strong>Yeni Geli\u015fme<\/strong><\/p>\n<p>Sermaye Piyasas\u0131 Kurulu (&#8220;<strong>SPK<\/strong>&#8220;), 28 A\u011fustos 2026 tarih ve 52\/1589 say\u0131l\u0131 ilke karar\u0131 (&#8220;<strong>\u0130lke Karar\u0131<\/strong>&#8220;) ile, belirli pay sahipleri taraf\u0131ndan yap\u0131lacak halka a\u00e7\u0131k \u015firket pay devirlerine onay y\u00fck\u00fcml\u00fcl\u00fc\u011f\u00fc getirdi.<br \/>\n<strong>\u0130lke Karar\u0131 Neler Getiriyor?<\/strong><\/p>\n<p>\u0130lke Karar\u0131 uyar\u0131nca, paylar\u0131 borsada i\u015flem g\u00f6ren bir halka a\u00e7\u0131k \u015firketin (a) sermayesinin %20&#8217;sine tek ba\u015f\u0131na veya birlikte hareket ettikleri ki\u015filerle beraber do\u011frudan sahip olan veya (b) y\u00f6netim kurulu \u00fcyelerinden en az birini se\u00e7me veya genel kurulda aday g\u00f6sterme hakk\u0131n\u0131 veren imtiyazl\u0131 paylara sahip olan pay sahipleri taraf\u0131ndan herhangi bir 12 ayl\u0131k d\u00f6nemde;<\/p>\n<p>&#8211; Fiili dola\u015f\u0131mdaki pay oran\u0131 %50\u2019nin \u00fczerindeki halka a\u00e7\u0131k \u015firketler i\u00e7in \u015firket sermayesini temsil eden paylar\u0131n veya oy haklar\u0131n\u0131n %2\u2019sinden fazlas\u0131,<\/p>\n<p>&#8211; Fiili dola\u015f\u0131mdaki pay oran\u0131 %50 ve bunun alt\u0131ndaki halka a\u00e7\u0131k \u015firketler i\u00e7in halka a\u00e7\u0131k \u015firket sermayesini temsil eden paylar\u0131n veya oy haklar\u0131n\u0131n %4\u2019\u00fcnden fazlas\u0131<br \/>\n\u00f6zel i\u015flem bildirimi, Borsa \u0130stanbul A.\u015e. Toptan Al\u0131\u015f Sat\u0131\u015f \u0130\u015flemlerine \u0130li\u015fkin Prosed\u00fcr kapsam\u0131nda ger\u00e7ekle\u015ftirilen toptan sat\u0131\u015flar ve virman\/devir y\u00f6ntemleri ile yap\u0131lan sat\u0131\u015flar dahil, borsa d\u0131\u015f\u0131nda sat\u0131lamayacak. Fiili dola\u015f\u0131mdaki pay oran\u0131 olarak, sat\u0131\u015f\u0131n yap\u0131ld\u0131\u011f\u0131 tarihte ge\u00e7erli olan fiili dola\u015f\u0131m oran\u0131 dikkate al\u0131nacak.<\/p>\n<p>S\u00f6z konusu oranlar\u0131 a\u015fan tutarda paylar\u0131n an\u0131lan y\u00f6ntemlerle devredilmek istenmesi halinde SPK&#8217;n\u0131n VII-128.1 say\u0131l\u0131 Pay Tebli\u011fi\u2019nin 27. maddesinin be\u015finci f\u0131kras\u0131 (SPK&#8217;ya yap\u0131lacak ba\u015fvuru ve sonucunun KAP&#8217;ta duyurulmas\u0131na ili\u015fkin) ile 15. maddesindeki (paylar\u0131n borsada i\u015flem g\u00f6rebilen niteli\u011fe d\u00f6n\u00fc\u015ft\u00fcr\u00fclmesine ili\u015fkin) \u015fartlar uygulanmaks\u0131z\u0131n devir \u00f6ncesi pay sat\u0131\u015f bilgi formu d\u00fczenlenecek ve bu form SPK&#8217;n\u0131n onay\u0131na sunulacak. SPK taraf\u0131ndan onayl\u0131 pay sat\u0131\u015f bilgi formu d\u00fczenlenmeden an\u0131lan devirler borsada \u00f6zel i\u015flem bildirimi veya toptan sat\u0131\u015f i\u015flemlerine konu edilemeyecek, devredilemeyecek\/virman yap\u0131lamayacak. Bu konudaki sorumluluk, pay\u0131n\u0131 devreden pay sahibi ile devre arac\u0131l\u0131k eden yat\u0131r\u0131m kurulu\u015flar\u0131nda olacak. 29 A\u011fustos 2026 tarihinden \u00f6nce borsa d\u0131\u015f\u0131nda yap\u0131lan sat\u0131\u015flar ise herhangi bir 12 ayl\u0131k d\u00f6nem i\u00e7erisinde yap\u0131labilecek sat\u0131\u015f oran\u0131 hesaplamalar\u0131na dahil edilmeyecek.<\/p>\n<p><strong>Sonu\u00e7\u00a0<\/strong><\/p>\n<p>\u0130lke Karar\u0131, belirli e\u015fikleri a\u015fan borsa d\u0131\u015f\u0131 veya borsada \u00f6zel i\u015flem bildirimi ya da toptan sat\u0131\u015f i\u015flemi suretiyle ger\u00e7ekle\u015ftirilen pay sat\u0131\u015flar\u0131nda SPK onay\u0131 al\u0131nmas\u0131n\u0131 zorunlu k\u0131larak halka a\u00e7\u0131k \u015firket paylar\u0131n\u0131n sat\u0131\u015f\u0131nda yeni bir kamu kontrolu mekanizmas\u0131 tesis ediyor.<\/p>\n<p>Yeni rejimin halka a\u00e7\u0131k \u015firketlerin hedef \u015firket oldu\u011fu birle\u015fme ve devralma i\u015flemleri genelde yabanc\u0131 yat\u0131r\u0131mc\u0131lar ile kurumsal yat\u0131r\u0131mc\u0131lara h\u0131zland\u0131r\u0131lm\u0131\u015f talep toplama y\u00f6ntemiyle yap\u0131lan blok sat\u0131\u015flar\u0131 olumsuz etkileyece\u011fi tahmin ediliyor.<\/p>\n<p>Bu d\u00fczenleme ile s\u00f6z konusu birle\u015fme ve devralma i\u015flemlerinin pek \u00e7o\u011funda SPK onay\u0131 gerekecek; blok sat\u0131\u015flar\u0131, sat\u0131\u015f konusu paylar\u0131 toptan sat\u0131\u015f y\u00f6ntemiyle i\u015flem g\u00f6rebilir nitelikte paya d\u00f6n\u00fc\u015ft\u00fcrerek SPK onay\u0131 almadan h\u0131zl\u0131ca tamamlamak m\u00fcmk\u00fcn olmayacak.<\/p>\n","protected":false},"excerpt":{"rendered":"<p>Yeni Geli\u015fme Sermaye Piyasas\u0131 Kurulu (&#8220;SPK&#8220;), 28 A\u011fustos 2026 tarih ve 52\/1589 say\u0131l\u0131 ilke karar\u0131 (&#8220;\u0130lke Karar\u0131&#8220;) ile, belirli pay [&hellip;]<\/p>\n","protected":false},"author":4,"featured_media":0,"comment_status":"closed","ping_status":"closed","sticky":false,"template":"","format":"standard","meta":{"_acf_changed":false,"_stopmodifiedupdate":false,"_modified_date":"","footnotes":""},"categories":[120],"tags":[97],"class_list":["post-35531","post","type-post","status-publish","format-standard","hentry","category-legal-alerts","tag-capital-markets-tr"],"acf":[],"yoast_head":"<!-- This site is optimized with the Yoast SEO plugin v24.0 - https:\/\/yoast.com\/wordpress\/plugins\/seo\/ -->\n<title>SPK\u2019dan Halka A\u00e7\u0131k \u015eirket Pay Sat\u0131\u015flar\u0131na Onay \u015eart\u0131<\/title>\n<meta name=\"description\" content=\"Yeni Geli\u015fme Sermaye Piyasas\u0131 Kurulu (&quot;SPK&quot;), 28 A\u011fustos 2026 tarih ve 52\/1589 say\u0131l\u0131 ilke karar\u0131 (&quot;\u0130lke Karar\u0131&quot;) ile, belirli pay sahipleri taraf\u0131ndan\" \/>\n<meta name=\"robots\" content=\"index, follow, max-snippet:-1, max-image-preview:large, max-video-preview:-1\" \/>\n<link rel=\"canonical\" href=\"https:\/\/www.esin.av.tr\/tr\/2026\/08\/30\/spkdan-halka-acik-sirket-pay-satislarina-onay-sarti\/\" \/>\n<meta property=\"og:locale\" content=\"tr_TR\" \/>\n<meta property=\"og:type\" content=\"article\" \/>\n<meta property=\"og:title\" content=\"SPK\u2019dan Halka A\u00e7\u0131k \u015eirket Pay Sat\u0131\u015flar\u0131na Onay \u015eart\u0131\" \/>\n<meta property=\"og:description\" content=\"Yeni Geli\u015fme Sermaye Piyasas\u0131 Kurulu (&quot;SPK&quot;), 28 A\u011fustos 2026 tarih ve 52\/1589 say\u0131l\u0131 ilke karar\u0131 (&quot;\u0130lke Karar\u0131&quot;) ile, belirli pay sahipleri taraf\u0131ndan\" \/>\n<meta property=\"og:url\" content=\"https:\/\/www.esin.av.tr\/tr\/2026\/08\/30\/spkdan-halka-acik-sirket-pay-satislarina-onay-sarti\/\" \/>\n<meta property=\"og:site_name\" content=\"Esin Avukatl\u0131k Ortakl\u0131\u011f\u0131\" \/>\n<meta property=\"article:published_time\" content=\"2026-08-30T08:57:58+00:00\" \/>\n<meta name=\"author\" content=\"R\u0131dvan Konrat\" \/>\n<meta name=\"twitter:card\" content=\"summary_large_image\" \/>\n<meta name=\"twitter:label1\" content=\"Written by\" \/>\n\t<meta name=\"twitter:data1\" content=\"R\u0131dvan Konrat\" \/>\n\t<meta name=\"twitter:label2\" content=\"Est. reading time\" \/>\n\t<meta name=\"twitter:data2\" content=\"3 minutes\" \/>\n<script type=\"application\/ld+json\" class=\"yoast-schema-graph\">{\"@context\":\"https:\/\/schema.org\",\"@graph\":[{\"@type\":\"Article\",\"@id\":\"https:\/\/www.esin.av.tr\/tr\/2026\/08\/30\/spkdan-halka-acik-sirket-pay-satislarina-onay-sarti\/#article\",\"isPartOf\":{\"@id\":\"https:\/\/www.esin.av.tr\/tr\/2026\/08\/30\/spkdan-halka-acik-sirket-pay-satislarina-onay-sarti\/\"},\"author\":{\"name\":\"R\u0131dvan Konrat\",\"@id\":\"https:\/\/www.esin.av.tr\/tr\/#\/schema\/person\/42c8e616aab56b8622fa365ad63282ae\"},\"headline\":\"SPK\u2019dan Halka A\u00e7\u0131k \u015eirket Pay Sat\u0131\u015flar\u0131na Onay \u015eart\u0131\",\"datePublished\":\"2026-08-30T08:57:58+00:00\",\"dateModified\":\"2026-08-30T08:57:58+00:00\",\"mainEntityOfPage\":{\"@id\":\"https:\/\/www.esin.av.tr\/tr\/2026\/08\/30\/spkdan-halka-acik-sirket-pay-satislarina-onay-sarti\/\"},\"wordCount\":550,\"publisher\":{\"@id\":\"https:\/\/www.esin.av.tr\/tr\/#organization\"},\"keywords\":[\"Sermaye Piyasas\u0131 Hukuku\"],\"articleSection\":[\"Hukuk B\u00fcltenleri\"],\"inLanguage\":\"tr\"},{\"@type\":\"WebPage\",\"@id\":\"https:\/\/www.esin.av.tr\/tr\/2026\/08\/30\/spkdan-halka-acik-sirket-pay-satislarina-onay-sarti\/\",\"url\":\"https:\/\/www.esin.av.tr\/tr\/2026\/08\/30\/spkdan-halka-acik-sirket-pay-satislarina-onay-sarti\/\",\"name\":\"SPK\u2019dan Halka A\u00e7\u0131k \u015eirket Pay Sat\u0131\u015flar\u0131na Onay \u015eart\u0131\",\"isPartOf\":{\"@id\":\"https:\/\/www.esin.av.tr\/tr\/#website\"},\"datePublished\":\"2026-08-30T08:57:58+00:00\",\"dateModified\":\"2026-08-30T08:57:58+00:00\",\"description\":\"Yeni Geli\u015fme Sermaye Piyasas\u0131 Kurulu (\\\"SPK\\\"), 28 A\u011fustos 2026 tarih ve 52\/1589 say\u0131l\u0131 ilke karar\u0131 (\\\"\u0130lke Karar\u0131\\\") ile, belirli pay sahipleri taraf\u0131ndan\",\"breadcrumb\":{\"@id\":\"https:\/\/www.esin.av.tr\/tr\/2026\/08\/30\/spkdan-halka-acik-sirket-pay-satislarina-onay-sarti\/#breadcrumb\"},\"inLanguage\":\"tr\",\"potentialAction\":[{\"@type\":\"ReadAction\",\"target\":[\"https:\/\/www.esin.av.tr\/tr\/2026\/08\/30\/spkdan-halka-acik-sirket-pay-satislarina-onay-sarti\/\"]}]},{\"@type\":\"BreadcrumbList\",\"@id\":\"https:\/\/www.esin.av.tr\/tr\/2026\/08\/30\/spkdan-halka-acik-sirket-pay-satislarina-onay-sarti\/#breadcrumb\",\"itemListElement\":[{\"@type\":\"ListItem\",\"position\":1,\"name\":\"Home\",\"item\":\"https:\/\/www.esin.av.tr\/tr\/\"},{\"@type\":\"ListItem\",\"position\":2,\"name\":\"SPK\u2019dan Halka A\u00e7\u0131k \u015eirket Pay Sat\u0131\u015flar\u0131na Onay \u015eart\u0131\"}]},{\"@type\":\"WebSite\",\"@id\":\"https:\/\/www.esin.av.tr\/tr\/#website\",\"url\":\"https:\/\/www.esin.av.tr\/tr\/\",\"name\":\"Esin Avukatl\u0131k Ortakl\u0131\u011f\u0131\",\"description\":\"\",\"publisher\":{\"@id\":\"https:\/\/www.esin.av.tr\/tr\/#organization\"},\"potentialAction\":[{\"@type\":\"SearchAction\",\"target\":{\"@type\":\"EntryPoint\",\"urlTemplate\":\"https:\/\/www.esin.av.tr\/tr\/?s={search_term_string}\"},\"query-input\":{\"@type\":\"PropertyValueSpecification\",\"valueRequired\":true,\"valueName\":\"search_term_string\"}}],\"inLanguage\":\"tr\"},{\"@type\":\"Organization\",\"@id\":\"https:\/\/www.esin.av.tr\/tr\/#organization\",\"name\":\"Esin Avukatl\u0131k Ortakl\u0131\u011f\u0131\",\"url\":\"https:\/\/www.esin.av.tr\/tr\/\",\"logo\":{\"@type\":\"ImageObject\",\"inLanguage\":\"tr\",\"@id\":\"https:\/\/www.esin.av.tr\/tr\/#\/schema\/logo\/image\/\",\"url\":\"https:\/\/www.esin.av.tr\/wp-content\/uploads\/2021\/09\/esin-2.jpg\",\"contentUrl\":\"https:\/\/www.esin.av.tr\/wp-content\/uploads\/2021\/09\/esin-2.jpg\",\"width\":800,\"height\":460,\"caption\":\"Esin Avukatl\u0131k Ortakl\u0131\u011f\u0131\"},\"image\":{\"@id\":\"https:\/\/www.esin.av.tr\/tr\/#\/schema\/logo\/image\/\"}},{\"@type\":\"Person\",\"@id\":\"https:\/\/www.esin.av.tr\/tr\/#\/schema\/person\/42c8e616aab56b8622fa365ad63282ae\",\"name\":\"R\u0131dvan Konrat\",\"image\":{\"@type\":\"ImageObject\",\"inLanguage\":\"tr\",\"@id\":\"https:\/\/www.esin.av.tr\/tr\/#\/schema\/person\/image\/\",\"url\":\"https:\/\/secure.gravatar.com\/avatar\/b20c6c583be38ed4e76e32f69fccc676?s=96&d=mm&r=g\",\"contentUrl\":\"https:\/\/secure.gravatar.com\/avatar\/b20c6c583be38ed4e76e32f69fccc676?s=96&d=mm&r=g\",\"caption\":\"R\u0131dvan Konrat\"},\"sameAs\":[\"http:\/\/www.esin.av.tr\"],\"url\":\"https:\/\/www.esin.av.tr\/tr\/author\/rkonrat\/\"}]}<\/script>\n<!-- \/ Yoast SEO plugin. -->","yoast_head_json":{"title":"SPK\u2019dan Halka A\u00e7\u0131k \u015eirket Pay Sat\u0131\u015flar\u0131na Onay \u015eart\u0131","description":"Yeni Geli\u015fme Sermaye Piyasas\u0131 Kurulu (\"SPK\"), 28 A\u011fustos 2026 tarih ve 52\/1589 say\u0131l\u0131 ilke karar\u0131 (\"\u0130lke Karar\u0131\") ile, belirli pay sahipleri taraf\u0131ndan","robots":{"index":"index","follow":"follow","max-snippet":"max-snippet:-1","max-image-preview":"max-image-preview:large","max-video-preview":"max-video-preview:-1"},"canonical":"https:\/\/www.esin.av.tr\/tr\/2026\/08\/30\/spkdan-halka-acik-sirket-pay-satislarina-onay-sarti\/","og_locale":"tr_TR","og_type":"article","og_title":"SPK\u2019dan Halka A\u00e7\u0131k \u015eirket Pay Sat\u0131\u015flar\u0131na Onay \u015eart\u0131","og_description":"Yeni Geli\u015fme Sermaye Piyasas\u0131 Kurulu (\"SPK\"), 28 A\u011fustos 2026 tarih ve 52\/1589 say\u0131l\u0131 ilke karar\u0131 (\"\u0130lke Karar\u0131\") ile, belirli pay sahipleri taraf\u0131ndan","og_url":"https:\/\/www.esin.av.tr\/tr\/2026\/08\/30\/spkdan-halka-acik-sirket-pay-satislarina-onay-sarti\/","og_site_name":"Esin Avukatl\u0131k Ortakl\u0131\u011f\u0131","article_published_time":"2026-08-30T08:57:58+00:00","author":"R\u0131dvan Konrat","twitter_card":"summary_large_image","twitter_misc":{"Written by":"R\u0131dvan Konrat","Est. reading time":"3 minutes"},"schema":{"@context":"https:\/\/schema.org","@graph":[{"@type":"Article","@id":"https:\/\/www.esin.av.tr\/tr\/2026\/08\/30\/spkdan-halka-acik-sirket-pay-satislarina-onay-sarti\/#article","isPartOf":{"@id":"https:\/\/www.esin.av.tr\/tr\/2026\/08\/30\/spkdan-halka-acik-sirket-pay-satislarina-onay-sarti\/"},"author":{"name":"R\u0131dvan Konrat","@id":"https:\/\/www.esin.av.tr\/tr\/#\/schema\/person\/42c8e616aab56b8622fa365ad63282ae"},"headline":"SPK\u2019dan Halka A\u00e7\u0131k \u015eirket Pay Sat\u0131\u015flar\u0131na Onay \u015eart\u0131","datePublished":"2026-08-30T08:57:58+00:00","dateModified":"2026-08-30T08:57:58+00:00","mainEntityOfPage":{"@id":"https:\/\/www.esin.av.tr\/tr\/2026\/08\/30\/spkdan-halka-acik-sirket-pay-satislarina-onay-sarti\/"},"wordCount":550,"publisher":{"@id":"https:\/\/www.esin.av.tr\/tr\/#organization"},"keywords":["Sermaye Piyasas\u0131 Hukuku"],"articleSection":["Hukuk B\u00fcltenleri"],"inLanguage":"tr"},{"@type":"WebPage","@id":"https:\/\/www.esin.av.tr\/tr\/2026\/08\/30\/spkdan-halka-acik-sirket-pay-satislarina-onay-sarti\/","url":"https:\/\/www.esin.av.tr\/tr\/2026\/08\/30\/spkdan-halka-acik-sirket-pay-satislarina-onay-sarti\/","name":"SPK\u2019dan Halka A\u00e7\u0131k \u015eirket Pay Sat\u0131\u015flar\u0131na Onay \u015eart\u0131","isPartOf":{"@id":"https:\/\/www.esin.av.tr\/tr\/#website"},"datePublished":"2026-08-30T08:57:58+00:00","dateModified":"2026-08-30T08:57:58+00:00","description":"Yeni Geli\u015fme Sermaye Piyasas\u0131 Kurulu (\"SPK\"), 28 A\u011fustos 2026 tarih ve 52\/1589 say\u0131l\u0131 ilke karar\u0131 (\"\u0130lke Karar\u0131\") ile, belirli pay sahipleri taraf\u0131ndan","breadcrumb":{"@id":"https:\/\/www.esin.av.tr\/tr\/2026\/08\/30\/spkdan-halka-acik-sirket-pay-satislarina-onay-sarti\/#breadcrumb"},"inLanguage":"tr","potentialAction":[{"@type":"ReadAction","target":["https:\/\/www.esin.av.tr\/tr\/2026\/08\/30\/spkdan-halka-acik-sirket-pay-satislarina-onay-sarti\/"]}]},{"@type":"BreadcrumbList","@id":"https:\/\/www.esin.av.tr\/tr\/2026\/08\/30\/spkdan-halka-acik-sirket-pay-satislarina-onay-sarti\/#breadcrumb","itemListElement":[{"@type":"ListItem","position":1,"name":"Home","item":"https:\/\/www.esin.av.tr\/tr\/"},{"@type":"ListItem","position":2,"name":"SPK\u2019dan Halka A\u00e7\u0131k \u015eirket Pay Sat\u0131\u015flar\u0131na Onay \u015eart\u0131"}]},{"@type":"WebSite","@id":"https:\/\/www.esin.av.tr\/tr\/#website","url":"https:\/\/www.esin.av.tr\/tr\/","name":"Esin Avukatl\u0131k Ortakl\u0131\u011f\u0131","description":"","publisher":{"@id":"https:\/\/www.esin.av.tr\/tr\/#organization"},"potentialAction":[{"@type":"SearchAction","target":{"@type":"EntryPoint","urlTemplate":"https:\/\/www.esin.av.tr\/tr\/?s={search_term_string}"},"query-input":{"@type":"PropertyValueSpecification","valueRequired":true,"valueName":"search_term_string"}}],"inLanguage":"tr"},{"@type":"Organization","@id":"https:\/\/www.esin.av.tr\/tr\/#organization","name":"Esin Avukatl\u0131k Ortakl\u0131\u011f\u0131","url":"https:\/\/www.esin.av.tr\/tr\/","logo":{"@type":"ImageObject","inLanguage":"tr","@id":"https:\/\/www.esin.av.tr\/tr\/#\/schema\/logo\/image\/","url":"https:\/\/www.esin.av.tr\/wp-content\/uploads\/2021\/09\/esin-2.jpg","contentUrl":"https:\/\/www.esin.av.tr\/wp-content\/uploads\/2021\/09\/esin-2.jpg","width":800,"height":460,"caption":"Esin Avukatl\u0131k Ortakl\u0131\u011f\u0131"},"image":{"@id":"https:\/\/www.esin.av.tr\/tr\/#\/schema\/logo\/image\/"}},{"@type":"Person","@id":"https:\/\/www.esin.av.tr\/tr\/#\/schema\/person\/42c8e616aab56b8622fa365ad63282ae","name":"R\u0131dvan Konrat","image":{"@type":"ImageObject","inLanguage":"tr","@id":"https:\/\/www.esin.av.tr\/tr\/#\/schema\/person\/image\/","url":"https:\/\/secure.gravatar.com\/avatar\/b20c6c583be38ed4e76e32f69fccc676?s=96&d=mm&r=g","contentUrl":"https:\/\/secure.gravatar.com\/avatar\/b20c6c583be38ed4e76e32f69fccc676?s=96&d=mm&r=g","caption":"R\u0131dvan Konrat"},"sameAs":["http:\/\/www.esin.av.tr"],"url":"https:\/\/www.esin.av.tr\/tr\/author\/rkonrat\/"}]}},"_links":{"self":[{"href":"https:\/\/www.esin.av.tr\/tr\/wp-json\/wp\/v2\/posts\/35531","targetHints":{"allow":["GET"]}}],"collection":[{"href":"https:\/\/www.esin.av.tr\/tr\/wp-json\/wp\/v2\/posts"}],"about":[{"href":"https:\/\/www.esin.av.tr\/tr\/wp-json\/wp\/v2\/types\/post"}],"author":[{"embeddable":true,"href":"https:\/\/www.esin.av.tr\/tr\/wp-json\/wp\/v2\/users\/4"}],"replies":[{"embeddable":true,"href":"https:\/\/www.esin.av.tr\/tr\/wp-json\/wp\/v2\/comments?post=35531"}],"version-history":[{"count":1,"href":"https:\/\/www.esin.av.tr\/tr\/wp-json\/wp\/v2\/posts\/35531\/revisions"}],"predecessor-version":[{"id":35532,"href":"https:\/\/www.esin.av.tr\/tr\/wp-json\/wp\/v2\/posts\/35531\/revisions\/35532"}],"wp:attachment":[{"href":"https:\/\/www.esin.av.tr\/tr\/wp-json\/wp\/v2\/media?parent=35531"}],"wp:term":[{"taxonomy":"category","embeddable":true,"href":"https:\/\/www.esin.av.tr\/tr\/wp-json\/wp\/v2\/categories?post=35531"},{"taxonomy":"post_tag","embeddable":true,"href":"https:\/\/www.esin.av.tr\/tr\/wp-json\/wp\/v2\/tags?post=35531"}],"curies":[{"name":"wp","href":"https:\/\/api.w.org\/{rel}","templated":true}]}}