{"id":35524,"date":"2026-08-28T13:57:21","date_gmt":"2026-08-28T13:57:21","guid":{"rendered":"https:\/\/www.esin.av.tr\/?p=35524"},"modified":"2026-08-28T13:57:21","modified_gmt":"2026-08-28T13:57:21","slug":"ab-sinirda-karbon-duzenleme-mekanizmasi-kesin-donemine-iliskin-rehber-belgeler-yayimlandi","status":"publish","type":"post","link":"https:\/\/www.esin.av.tr\/tr\/2026\/08\/28\/ab-sinirda-karbon-duzenleme-mekanizmasi-kesin-donemine-iliskin-rehber-belgeler-yayimlandi\/","title":{"rendered":"AB S\u0131n\u0131rda Karbon D\u00fczenleme Mekanizmas\u0131 Kesin D\u00f6nemine \u0130li\u015fkin Rehber Belgeler Yay\u0131mland\u0131"},"content":{"rendered":"<p>Yeni Geli\u015fmeler<\/p>\n<p><strong>S\u0131n\u0131rda\u00a0Karbon D\u00fczenleme Mekanizmas\u0131 Kesin D\u00f6nemine \u0130li\u015fkin Rehber Belgeler Yay\u0131mland\u0131.<\/strong><br \/>\nAvrupa Komisyonu, 14 A\u011fustos 2026 tarihinde, S\u0131n\u0131rda Karbon D\u00fczenleme Mekanizmas\u0131&#8217;n\u0131n (&#8220;<strong>SKDM<\/strong>&#8220;) kesin d\u00f6neme ili\u015fkin izleme, raporlama, do\u011frulama ve \u00fccretsiz tahsis kurallar\u0131n\u0131n uygulanma esaslar\u0131n\u0131 d\u00fczenleyen kapsaml\u0131 rehberler (&#8220;<strong>Rehberler<\/strong>&#8220;) yay\u0131mlad\u0131. Rehberler; SKDM&#8217;nin temel kavramlar\u0131, Avrupa Birli\u011fi (AB) d\u0131\u015f\u0131ndaki tesis i\u015fletmecilerinin y\u00fck\u00fcml\u00fcl\u00fckleri, g\u00f6m\u00fcl\u00fc emisyonlar\u0131n hesaplanmas\u0131na ili\u015fkin metodolojiler ve sekt\u00f6re \u00f6zg\u00fc uygulama esaslar\u0131 hakk\u0131nda ayr\u0131nt\u0131l\u0131 a\u00e7\u0131klamalar i\u00e7ermektedir.<\/p>\n<p>Rehberler\u2019e <a href=\"https:\/\/urldefense.com\/v3\/__https:\/esinxchange.com\/collect\/click.aspx?u=cnhnVGg2SnRXZnJJMFQ4c2w4NzQ0NGJ0NUwrd2lSTGFJOGpRRUdzaEUwRE9kYUxtWXpYNk9TRnppeUF2aEIxQ3pVdFlQYnhIdjRWSkRjbGRvVnZmcHBseUZSdXhYTkdiNnVHa0c0SUxKdlozU2huVG5Ld2hwYk5qV0NYMUZtbi94T2lWQVpUTU9ndjZBbVdtdDZsUWFZZVpFRTMzSmRkY21PTmo5dHVUWkhpK3VGSlA4TVE3WEE9PQ==&amp;rh=ff0112294a920cd5ad6febe5a4479dada4c6085a__;!!Hj9Y_P0nvg!T6_ER6Dh1jXiGjpAcHk96eOK0Oqt9YvljU57ZQto9fcScAeW1ERkTRlo9fmPB8xaHmxT1GDqmaHen3mGYUiYyot56Q$\">buradan<\/a> (\u0130ngilizce), Ticaret Bakanl\u0131\u011f\u0131&#8217;n\u0131n ilgili duyurusuna ise <a href=\"https:\/\/urldefense.com\/v3\/__https:\/esinxchange.com\/collect\/click.aspx?u=cnhnVGg2SnRXZnJJMFQ4c2w4NzQ0NGJ0NUwrd2lSTGFJOGpRRUdzaEUwRHF1UmxiUkwrZ2FhWjRGQXZBODFZUHVBdEtuZk5Hc3pHclA0QW5ISXp1OXovWmdJTkgxcFBjdzFvZm5PbmYzZ3FDWkQvTE1SNHlMNTVySjNHQTE3YkFRSTlDcDY5dGxTSEJLaTA4TUFYZ24xR2JCR0c5Q3Z5VHpMZEYzeFBSRkJqVjlwZW90bUpnbnFaanpHZ3QxR0l4RXR0a29GYm5IWkZhRVY0QUI4MS9HVXJFS1RyTTRrQ0pJZU8yRGU1SmsxWlUwQyt5Z2VLTGpZRSttR1QzVmJzaGR5WXRDN29COEtXZlV1RjJIenhTNmhyYUVCaXgycjJjc0dIYjhnRXFUR3c9&amp;rh=ff0112294a920cd5ad6febe5a4479dada4c6085a__;!!Hj9Y_P0nvg!T6_ER6Dh1jXiGjpAcHk96eOK0Oqt9YvljU57ZQto9fcScAeW1ERkTRlo9fmPB8xaHmxT1GDqmaHen3mGYUirViyojQ$\">buradan<\/a> ula\u015fabilirsiniz.<\/p>\n<p><strong><u>Arka Plan<\/u><\/strong><\/p>\n<p>SKDM, 1 Ekim 2023 \u2013 31 Aral\u0131k 2025 tarihleri aras\u0131nda uygulanan raporlama odakl\u0131 ge\u00e7i\u015f d\u00f6neminin ard\u0131ndan, 1 Ocak 2026 itibar\u0131yla mali y\u00fck\u00fcml\u00fcl\u00fcklerin uygulanmaya ba\u015fland\u0131\u011f\u0131 kesin d\u00f6neme ge\u00e7mi\u015ftir.<\/p>\n<p>SKDM, \u00e7imento, demir-\u00e7elik, al\u00fcminyum, g\u00fcbre, hidrojen ve elektrik sekt\u00f6rlerinde yer alan belirli mallar\u0131n Avrupa Birli\u011fi&#8217;ne ithalat\u0131nda, s\u00f6z konusu mallar\u0131n \u00fcretimi s\u0131ras\u0131nda ortaya \u00e7\u0131kan g\u00f6m\u00fcl\u00fc emisyonlar i\u00e7in AB Emisyon Ticaret Sistemi (&#8220;<strong>AB ETS<\/strong>&#8220;) kapsam\u0131nda AB \u00fcreticilerinin katland\u0131\u011f\u0131 karbon maliyetine e\u015fde\u011fer bir mali y\u00fck\u00fcml\u00fcl\u00fck \u00f6ng\u00f6rmektedir.<\/p>\n<p>Kesin d\u00f6nemde AB ithalat\u00e7\u0131lar\u0131, ithal ettikleri mallar\u0131n g\u00f6m\u00fcl\u00fc emisyonlar\u0131na kar\u015f\u0131l\u0131k gelen SKDM sertifikalar\u0131n\u0131 sat\u0131n almak ve teslim etmekle y\u00fck\u00fcml\u00fc hale gelmi\u015ftir. B\u00f6ylece SKDM, yaln\u0131zca bir raporlama ve veri toplama mekanizmas\u0131 olmaktan \u00e7\u0131karak do\u011frudan mali sonu\u00e7 do\u011furan bir uyum y\u00fck\u00fcml\u00fcl\u00fc\u011f\u00fcne d\u00f6n\u00fc\u015fm\u00fc\u015ft\u00fcr.<\/p>\n<p>Bu do\u011frultuda, 2026 y\u0131l\u0131na ili\u015fkin ilk y\u0131ll\u0131k SKDM beyanlar\u0131n\u0131n en ge\u00e7 30 Eyl\u00fcl 2027 tarihine kadar sunulmas\u0131 gerekecektir. Ayr\u0131ca y\u0131ll\u0131k net 50 tonun alt\u0131nda kalan ithalatlar bak\u0131m\u0131ndan belirli muafiyetler \u00f6ng\u00f6r\u00fclm\u00fc\u015f olup AB ithalat\u00e7\u0131lar\u0131, y\u0131l i\u00e7erisinde belirli miktarda SKDM sertifikas\u0131n\u0131 hesaplar\u0131nda bulunduracakt\u0131r.<\/p>\n<p>Ek olarak, Avrupa Komisyonu taraf\u0131ndan 17 Aral\u0131k 2025 tarihinde sunulan ve hen\u00fcz yasala\u015fmam\u0131\u015f olan 2023\/956 say\u0131l\u0131 SKDM T\u00fcz\u00fc\u011f\u00fc&#8217;n\u00fcn kapsam\u0131n\u0131n ilave alt \u00fcr\u00fcnleri de i\u00e7erecek \u015fekilde geni\u015fletilmesi ve y\u00fck\u00fcml\u00fcl\u00fcklerden ka\u00e7\u0131nmay\u0131 \u00f6nlemeye y\u00f6nelik yeni tedbirlerin getirilmesini ama\u00e7layan COM(2025) 989 final say\u0131l\u0131 Teklif uyar\u0131nca, SKDM kapsam\u0131, ilave alt \u00fcr\u00fcnleri de kapsayacak \u015fekilde geni\u015fletilecek ve ka\u00e7\u0131nmaya kar\u015f\u0131 ek \u00f6nlemler d\u00fczenlenecektir.<\/p>\n<p>Mali a\u00e7\u0131dan, rehberler ayr\u0131ca \u00fcretim \u00fclkesinde fiilen \u00f6denen bir karbon fiyat\u0131n\u0131n SKDM y\u00fck\u00fcml\u00fcl\u00fc\u011f\u00fcn\u00fcn azalt\u0131lmas\u0131nda dikkate al\u0131nabilece\u011fini teyit etmekte olup, bu husus 7552 say\u0131l\u0131 \u0130klim Kanunu ile kurulan T\u00fcrkiye Emisyon Ticaret Sistemi bak\u0131m\u0131ndan T\u00fcrk ihracat\u00e7\u0131lar\u0131 a\u00e7\u0131s\u0131ndan \u00f6zel \u00f6nem ta\u015f\u0131maktad\u0131r.<\/p>\n<p>SKDM kesin rejiminin mali boyutu ve T\u00fcrkiye Emisyon Ticaret Sistemi ile etkile\u015fimi, ESG B\u00fclteni\u2019mizin Temmuz 2026 say\u0131s\u0131nda ayr\u0131nt\u0131l\u0131 olarak ele al\u0131nm\u0131\u015ft\u0131r. \u0130lgili b\u00fcltenimize <a href=\"https:\/\/urldefense.com\/v3\/__https:\/esinxchange.com\/collect\/click.aspx?u=cnhnVGg2SnRXZnJJMFQ4c2w4NzQ0NGJ0NUwrd2lSTGFJOGpRRUdzaEUwQndGbzRQdk5weTM4WTJxYXkxSysvZDZ6c2RiK0ZqbE1QQmdwQmptemg1RXJUTFM2YUM0KzJ5Qk84YmE2K21SM2c9&amp;rh=ff0112294a920cd5ad6febe5a4479dada4c6085a__;!!Hj9Y_P0nvg!T6_ER6Dh1jXiGjpAcHk96eOK0Oqt9YvljU57ZQto9fcScAeW1ERkTRlo9fmPB8xaHmxT1GDqmaHen3mGYUjZ7kO-cQ$\">buradan<\/a> ula\u015fabilirsiniz.<\/p>\n<p>Rehberler Ne Getiriyor?<strong>\u200b<\/strong><br \/>\n<strong>\u00a0<\/strong><br \/>\nAvrupa Komisyonu taraf\u0131ndan AB SKDM&#8217;nin kesin d\u00f6nemine ili\u015fkin uygulama kurallar\u0131n\u0131 a\u00e7\u0131klamak amac\u0131yla, d\u00f6rd\u00fc genel ve alt\u0131s\u0131 sekt\u00f6rel nitelikte olmak \u00fczere toplam on rehber belge yay\u0131mlad\u0131.<\/p>\n<p>Rehberler; g\u00f6m\u00fcl\u00fc emisyonlar\u0131n hesaplanmas\u0131, \u00fccretsiz tahsis d\u00fczeltmesinin belirlenmesi, \u00f6nc\u00fcl girdilere ili\u015fkin veri y\u00f6netimi, do\u011frulama s\u00fcre\u00e7leri ve sekt\u00f6r baz\u0131nda uygulanacak hesaplama y\u00f6ntemleri gibi konularda detayl\u0131 uygulama a\u00e7\u0131klamalar\u0131 ve \u00f6rnek senaryolar i\u00e7ermektedir.<\/p>\n<p><strong>A. Genel Nitelikte Rehberler<\/strong><\/p>\n<p><strong><u>Rehber Belge No. 1: SKDM Temel Kavramlar\u0131<\/u><\/strong><\/p>\n<p>Rehber, SKDM&#8217;nin kesin d\u00f6neminde uygulanacak temel kavramlar\u0131 ve mekanizman\u0131n i\u015fleyi\u015fini a\u00e7\u0131klamaktad\u0131r. Rehber, SKDM kapsam\u0131ndaki mallar, ilgili akt\u00f6rler, g\u00f6m\u00fcl\u00fc emisyonlar, SKDM sertifikalar\u0131 ve mali y\u00fck\u00fcml\u00fcl\u00fcklerin hesaplanmas\u0131nda kullan\u0131lan temel unsurlar bak\u0131m\u0131ndan ortak bir terminoloji ve \u00e7er\u00e7eve ortaya koymaktad\u0131r.<\/p>\n<p>Rehber kapsam\u0131nda \u00f6ne \u00e7\u0131kan hususlar a\u015fa\u011f\u0131daki gibidir:<\/p>\n<ul>\n<li>SKDM y\u00fck\u00fcml\u00fcl\u00fc\u011f\u00fcn\u00fcn yaln\u0131zca ithal edilen mal\u0131n g\u00f6m\u00fcl\u00fc emisyonlar\u0131na g\u00f6re belirlenmedi\u011fi; y\u00fck\u00fcml\u00fcl\u00fck hesaplan\u0131rken AB ETS kapsam\u0131nda uygulanan \u00fccretsiz tahsislerin etkisinin ve \u00fcretim \u00fclkesinde fiilen \u00f6denmi\u015f karbon fiyatlar\u0131n\u0131n da dikkate al\u0131naca\u011f\u0131 a\u00e7\u0131klanmaktad\u0131r. B\u00f6ylece ayn\u0131 emisyon miktar\u0131na sahip \u00fcr\u00fcnler bak\u0131m\u0131ndan teslim edilmesi gereken SKDM sertifikas\u0131 say\u0131s\u0131 farkl\u0131la\u015fabilecektir.<\/li>\n<li>AB d\u0131\u015f\u0131ndaki \u00fcreticilerin sisteme kat\u0131l\u0131m\u0131 hukuken zorunlu olmamakla birlikte, \u00fcreticiler taraf\u0131ndan gerekli emisyon ve karbon fiyat\u0131 verilerinin sa\u011flanmamas\u0131 halinde AB ithalat\u00e7\u0131lar\u0131n\u0131n varsay\u0131lan de\u011ferleri kullanmak zorunda kalabilece\u011fi belirtilmektedir.<\/li>\n<li>Rehber&#8217;de, SKDM y\u00fck\u00fcml\u00fcl\u00fc\u011f\u00fcn\u00fcn AB ETS kapsam\u0131ndaki \u00fccretsiz tahsislerin kald\u0131r\u0131lmas\u0131yla paralel \u015fekilde a\u015famal\u0131 olarak uygulanaca\u011f\u0131 ve 2034 y\u0131l\u0131 itibar\u0131yla g\u00f6m\u00fcl\u00fc emisyonlar\u0131n tamam\u0131n\u0131n SKDM sertifikalar\u0131 kapsam\u0131nda de\u011ferlendirilece\u011fi hat\u0131rlat\u0131lmaktad\u0131r.<\/li>\n<li>Rehber, elektrik ve hidrojen hari\u00e7 olmak \u00fczere y\u0131ll\u0131k net 50 tonun alt\u0131nda kalan ithalatlar bak\u0131m\u0131ndan uygulanan de minimis muafiyeti ile belirli askeri ama\u00e7l\u0131 ithalatlar ve \u0130zlanda, Lihten\u015ftayn, Norve\u00e7 ve \u0130svi\u00e7re kaynakl\u0131 belirli mallara ili\u015fkin istisnalar\u0131n kapsam\u0131n\u0131 a\u00e7\u0131kl\u0131\u011fa kavu\u015fturmaktad\u0131r.<\/li>\n<li>\u00dc\u00e7\u00fcnc\u00fc \u00fclkelerde uygulanan karbon fiyatland\u0131rma mekanizmalar\u0131n\u0131n SKDM mali y\u00fck\u00fcml\u00fcl\u00fc\u011f\u00fcn\u00fc azaltabilmesi i\u00e7in, s\u00f6z konusu karbon fiyat\u0131n\u0131n ilgili mal veya \u00f6nc\u00fcl girdiler bak\u0131m\u0131ndan fiilen \u00f6denmi\u015f oldu\u011funun ve bunun uygun belgelerle do\u011frulanabildi\u011finin g\u00f6sterilmesi gerekti\u011fi belirtilmektedir.<\/li>\n<\/ul>\n<p>Rehber\u2019e <a href=\"https:\/\/urldefense.com\/v3\/__https:\/esinxchange.com\/collect\/click.aspx?u=cnhnVGg2SnRXZnJJMFQ4c2w4NzQ0NGJ0NUwrd2lSTGFJOGpRRUdzaEUwRE9kYUxtWXpYNk9TRnppeUF2aEIxQ3pVdFlQYnhIdjRWSkRjbGRvVnZmcG53clNnOHI5M1g2dUlxaEtDVWk2QTh6cUtvckFjSktxRVlJZ1dvSWtLT21YRDRVMlBRNG5TNG1zOE5NRkVsMzVJSWt3aUJERWdYbHVydFFqSGhXODVqUXAvQWxOdGlDUW1Ea0FCNXV1MmUvQW8yWnhyOHFrRXVEb3RzdHRIek43QytvUXRhTXZwKzRSOU5oMHJMdElGenJqNnJwQkZ1YzZ5RkZCWks5NnhLUTlla1NFbkJiaTBZPQ==&amp;rh=ff0112294a920cd5ad6febe5a4479dada4c6085a__;!!Hj9Y_P0nvg!T6_ER6Dh1jXiGjpAcHk96eOK0Oqt9YvljU57ZQto9fcScAeW1ERkTRlo9fmPB8xaHmxT1GDqmaHen3mGYUiyNwPP8Q$\">buradan<\/a> (\u0130ngilizce) ula\u015fabilirsiniz.<\/p>\n<p><strong><u>Rehber Belge No. 2: AB D\u0131\u015f\u0131 Tesis \u0130\u015fletmecileri i\u00e7in SKDM Uygulamas\u0131na \u0130li\u015fkin K\u0131sa Rehber<\/u><\/strong><\/p>\n<p>Rehber, AB d\u0131\u015f\u0131ndaki tesis i\u015fletmecilerinin kesin d\u00f6nemde SKDM y\u00fck\u00fcml\u00fcl\u00fcklerine esas te\u015fkil edecek emisyon verilerini haz\u0131rlayabilmeleri amac\u0131yla uygulanmas\u0131 gereken izleme, raporlama ve do\u011frulama y\u00fck\u00fcml\u00fcl\u00fcklerinin yerine getirilmesine ili\u015fkin uygulama esaslar\u0131n\u0131 ortaya koymaktad\u0131r. Bu kapsamda \u00f6ne \u00e7\u0131kan hususlar a\u015fa\u011f\u0131daki gibidir:<\/p>\n<ul>\n<li>AB d\u0131\u015f\u0131ndaki tesis i\u015fletmecilerinin, SKDM kapsam\u0131ndaki mallar bak\u0131m\u0131ndan emisyonlar\u0131n izlenmesi, hesaplanmas\u0131 ve raporlanmas\u0131na y\u00f6nelik olu\u015fturaca\u011f\u0131 \u201cizleme plan\u0131\u201d bak\u0131m\u0131ndan yedi a\u015famal\u0131 bir metodoloji sunulmu\u015ftur.\n<ul>\n<li><em><u>1. Ad\u0131m:<\/u><\/em> Tesisin s\u0131n\u0131rlar\u0131, \u00fcretim s\u00fcre\u00e7leri ve \u00fcretim yollar\u0131 belirlenmektedir. Ayn\u0131 fonksiyonel birime sahip SKDM kapsam\u0131ndaki mallar ayn\u0131 \u00fcretim s\u00fcreci alt\u0131nda grupland\u0131r\u0131lmakta; izleme y\u00fck\u00fcn\u00fcn azalt\u0131lmas\u0131 amac\u0131yla ise belirli CN kodlar\u0131n\u0131n daha geni\u015f \u00fcretim s\u00fcre\u00e7leri alt\u0131nda birle\u015ftirilmesine izin verilmektedir.<\/li>\n<li><em><u>2. Ad\u0131m:<\/u><\/em> Raporlama d\u00f6nemi belirlenmektedir. Kesin d\u00f6nemde emisyonlar\u0131n izlenmesine esas d\u00f6nem kural olarak takvim y\u0131l\u0131d\u0131r. \u00dcretim tarihinin g\u00fcvenilir \u015fekilde belirlenebildi\u011fi durumlarda fiili \u00fcretim d\u00f6nemi esas al\u0131nabilmekte, aksi halde emisyonlar kural olarak ithalat\u0131n ger\u00e7ekle\u015fti\u011fi takvim y\u0131l\u0131na atfedilmektedir. Elektrik ithalat\u0131nda ise ithalat y\u0131l\u0131 raporlama d\u00f6nemi olarak kabul edilmektedir.<\/li>\n<li><em><u>3. Ad\u0131m:<\/u><\/em> \u0130zlenmesi gereken veriler belirlenmektedir. Bu kapsamda do\u011frudan emisyonlar, \u0131s\u0131 ve elektrik t\u00fcketimi, dolayl\u0131 emisyonlar, \u00f6nc\u00fcl girdiler ve ilgili \u00fcr\u00fcnlere \u00f6zg\u00fc ilave parametrelerin takip edilmesi \u00f6ng\u00f6r\u00fclmektedir.<\/li>\n<li><em><u>4. Ad\u0131m:<\/u><\/em> Her veri kategorisi i\u00e7in uygun izleme y\u00f6ntemi se\u00e7ilmektedir. Veriler; \u00f6l\u00e7\u00fcm, mevcut kay\u0131tlar, laboratuvar analizleri veya mevzuatta izin verilen durumlarda varsay\u0131lan de\u011ferler kullan\u0131larak izlenebilmektedir.<\/li>\n<li><em><u>5. Ad\u0131m:<\/u><\/em> Kesin d\u00f6nemle birlikte, tesisin AB&#8217;de bulunmas\u0131 halinde yararlanabilece\u011fi \u00fccretsiz tahsis miktar\u0131n\u0131n hesaplanmas\u0131 gerekmekte olup, bu veri SKDM y\u00fck\u00fcml\u00fcl\u00fc\u011f\u00fcn\u00fcn hesaplanmas\u0131nda dikkate al\u0131nan unsurlardan biri haline gelmi\u015ftir.<\/li>\n<li><em><u>6. Ad\u0131m:<\/u><\/em> \u00dc\u00e7\u00fcnc\u00fc \u00fclkede \u00f6denen karbon fiyat\u0131n\u0131n SKDM y\u00fck\u00fcml\u00fcl\u00fc\u011f\u00fcn\u00fcn azalt\u0131lmas\u0131nda dikkate al\u0131nabilmesi i\u00e7in gerekli verilerin toplanmas\u0131 ve raporlanmas\u0131 gerekmektedir. Bu kapsamda i\u015fletmecilerin ilgili karbon fiyat\u0131na ili\u015fkin bilgi ve belgeleri de izleme sistemine dahil etmesi \u00f6ng\u00f6r\u00fclmektedir.<\/li>\n<li><em><u>7. Ad\u0131m:<\/u><\/em> Verilerin do\u011frulu\u011funu ve b\u00fct\u00fcnl\u00fc\u011f\u00fcn\u00fc sa\u011flamak amac\u0131yla veri ak\u0131\u015flar\u0131n\u0131n, risk de\u011ferlendirmelerinin ve i\u00e7 kontrol mekanizmalar\u0131n\u0131n olu\u015fturulmas\u0131 ve d\u00fczenli olarak g\u00fcncellenmesi gerekmektedir.<\/li>\n<\/ul>\n<\/li>\n<li>Ger\u00e7ek emisyon ve \u00fccretsiz tahsis verilerinin kullan\u0131labilmesi i\u00e7in bu verilerin akredite bir do\u011frulay\u0131c\u0131 taraf\u0131ndan do\u011frulanmas\u0131 gerekmektedir. Bu kapsamda tesis i\u015fletmecilerinin do\u011frulama s\u00fcrecine esas te\u015fkil edecek veri toplama ve i\u00e7 kontrol mekanizmalar\u0131n\u0131 olu\u015fturmas\u0131 beklenmektedir.<\/li>\n<li>AB d\u0131\u015f\u0131ndaki tesis i\u015fletmecileri, verilerini birden fazla AB ithalat\u00e7\u0131s\u0131yla payla\u015fabilmek amac\u0131yla SKDM Sicili&#8217;nde (<em>eng.<\/em> CBAM Registry) yer alan \u00fc\u00e7\u00fcnc\u00fc \u00fclke tesis i\u015fletmecileri mod\u00fcl\u00fc (<em>eng.<\/em> Operators of Third Country Installations, O3CI) kaydolabilecektir.<\/li>\n<li>Rehber\u2019de, AB ithalat\u00e7\u0131lar\u0131n\u0131n y\u0131ll\u0131k SKDM beyanlar\u0131n\u0131 haz\u0131rlayabilmesi i\u00e7in ihtiya\u00e7 duyaca\u011f\u0131 bilgilerin \u00f6nemli \u00f6l\u00e7\u00fcde AB d\u0131\u015f\u0131ndaki \u00fcreticiler taraf\u0131ndan sa\u011flanaca\u011f\u0131 vurgulanmakta; bu nedenle \u00fcreticiler ile AB&#8217;deki ithalat\u00e7\u0131lar aras\u0131nda erken a\u015famada veri payla\u015f\u0131m mekanizmalar\u0131n\u0131n olu\u015fturulmas\u0131 tavsiye edilmektedir.<\/li>\n<\/ul>\n<p>Rehber\u2019e<a href=\"https:\/\/urldefense.com\/v3\/__https:\/esinxchange.com\/collect\/click.aspx?u=cnhnVGg2SnRXZnJJMFQ4c2w4NzQ0NGJ0NUwrd2lSTGFJOGpRRUdzaEUwRE9kYUxtWXpYNk9TRnppeUF2aEIxQ3pVdFlQYnhIdjRWSkRjbGRvVnZmcG53clNnOHI5M1g2dUlxaEtDVWk2QTg5ei8rQW5VTkx4clR0cVkwa3RzUmZoa0dLWTdLUThaTFJCdm5EWFpXQTJ6UlpYeEEzWi9meUNuWE1HQUROWlNGRXJjM3M4Ky9zREpTNUJKRXFQV1RZbitoZFZFR21GUUxaY2FHWVpGcTVkYVE4YlJjVldCZzEySlBxdVp0bG5JUW9hR1NLdURGSVdwZ1FpVG9KelV3ZE00Qnp0bU9TY0FtNGRaQnZmQ3RqdWw5d1VYeFNsbHdEUS8rSFhySzNlUlF2WC9lNkJ4Q3dJUT09&amp;rh=ff0112294a920cd5ad6febe5a4479dada4c6085a__;!!Hj9Y_P0nvg!T6_ER6Dh1jXiGjpAcHk96eOK0Oqt9YvljU57ZQto9fcScAeW1ERkTRlo9fmPB8xaHmxT1GDqmaHen3mGYUgHWUvpGw$\"> buradan<\/a> (\u0130ngilizce) ula\u015fabilirsiniz.<\/p>\n<p><strong><u>Rehber Belge No. 3: Mallar\u0131n G\u00f6m\u00fcl\u00fc Emisyonlar\u0131n\u0131n Hesaplanmas\u0131na \u0130li\u015fkin SKDM Metodolojileri<\/u><\/strong><\/p>\n<p>Rehber, SKDM kapsam\u0131ndaki mallar\u0131n g\u00f6m\u00fcl\u00fc emisyonlar\u0131n\u0131n hesaplanmas\u0131na ili\u015fkin metodolojiyi ayr\u0131nt\u0131l\u0131 \u015fekilde a\u00e7\u0131klamakta ve kesin d\u00f6nemde uygulanacak izleme, raporlama ve veri y\u00f6netimi s\u00fcre\u00e7lerine ili\u015fkin uygulama rehberi sunmaktad\u0131r. Bu do\u011frultuda \u00f6ne \u00e7\u0131kan hususlar a\u015fa\u011f\u0131daki gibidir:<\/p>\n<ul>\n<li>Rehber&#8217;de, bir tesiste birden fazla \u00fcretim s\u00fcreci veya \u00fcr\u00fcn bulunmas\u0131 halinde emisyonlar\u0131n ilgili \u00fcr\u00fcnler aras\u0131nda nas\u0131l da\u011f\u0131t\u0131laca\u011f\u0131 a\u00e7\u0131klanmaktad\u0131r. Bu kapsamda; \u00fcretim s\u00fcre\u00e7leri aras\u0131nda kullan\u0131lan \u0131s\u0131 ak\u0131\u015flar\u0131, elektrik t\u00fcketimi, at\u0131k gazlar ve \u00f6nc\u00fcl girdilerden kaynaklanan emisyonlar\u0131n hangi \u00fcr\u00fcnlere ve hangi y\u00f6ntemle tahsis edilece\u011fine ili\u015fkin \u00f6rneklere yer verilmektedir.<\/li>\n<li>Birden fazla tesisten temin edilen ayn\u0131 CN koduna sahip \u00f6nc\u00fcl girdiler bak\u0131m\u0131ndan, kural olarak ilgili \u00f6nc\u00fcl girdilerin g\u00f6m\u00fcl\u00fc emisyonlar\u0131n\u0131n a\u011f\u0131rl\u0131kl\u0131 ortalamas\u0131n\u0131n kullan\u0131lmas\u0131 gerekmektedir. \u0130\u015fletmecinin belirli bir \u00fcretim s\u00fcrecinde yaln\u0131zca belirli bir kaynaktan veya belirli kaynaklardan gelen \u00f6nc\u00fcl girdileri kulland\u0131\u011f\u0131n\u0131 kan\u0131tlayabilmesi halinde ise ilgili \u00fcretim s\u00fcreci bak\u0131m\u0131ndan ayr\u0131 hesaplama yap\u0131labilecektir. Ayr\u0131ca, \u00f6nc\u00fcl girdilere ili\u015fkin ger\u00e7ek emisyon verilerinin kullan\u0131labilmesi i\u00e7in, bu verilere ilgili \u00f6nc\u00fcl girdiyi \u00fcreten tesise ili\u015fkin akredite do\u011frulay\u0131c\u0131 taraf\u0131ndan haz\u0131rlanm\u0131\u015f bir do\u011frulama raporunun e\u015flik etmesi gerekmektedir.<\/li>\n<li>\u0130zleme Plan\u0131&#8217;n\u0131n asgari i\u00e7eri\u011fi bak\u0131m\u0131ndan; tesis ve \u00fcretim s\u00fcre\u00e7lerinin tan\u0131m\u0131, CN kodu ve fonksiyonel birim baz\u0131nda \u00fcretilen mallar, kullan\u0131lan izleme y\u00f6ntemleri, emisyon kaynaklar\u0131, \u00f6nc\u00fcl girdiler ve tedarik\u00e7ileri, \u0131s\u0131 ve elektrik ak\u0131\u015flar\u0131 ile veri kalitesini sa\u011flamaya y\u00f6nelik kontrol mekanizmalar\u0131na yer verilmesi \u00f6ng\u00f6r\u00fclmektedir.<\/li>\n<li>Veri kalitesinin sa\u011flanmas\u0131 amac\u0131yla olu\u015fturulacak kontrol sistemi bak\u0131m\u0131ndan, veri kaynaklar\u0131na ili\u015fkin risk de\u011ferlendirmesi yap\u0131lmas\u0131, ba\u011f\u0131ms\u0131z kontrol mekanizmalar\u0131n\u0131n uygulanmas\u0131, \u00f6l\u00e7\u00fcm ekipmanlar\u0131n\u0131n d\u00fczenli kalibrasyonu, veri tutars\u0131zl\u0131klar\u0131n\u0131n kay\u0131t alt\u0131na al\u0131nmas\u0131 ve d\u00fczeltici faaliyetlerin izlenmesine ili\u015fkin uygulama \u00f6rneklerine yer verilmektedir.<\/li>\n<li>Dolayl\u0131 emisyonlar\u0131n hesaplanmas\u0131 bak\u0131m\u0131ndan, bir \u00fcretim tesisinin birden fazla kaynaktan elektrik temin etti\u011fi durumlarda kural olarak ilgili kaynaklar\u0131n emisyon fakt\u00f6rlerinin t\u00fcketim miktarlar\u0131yla a\u011f\u0131rl\u0131kland\u0131r\u0131larak ortalama bir emisyon fakt\u00f6r\u00fc hesaplanaca\u011f\u0131 a\u00e7\u0131klanmaktad\u0131r. Bununla birlikte, belirli bir \u00fcretim s\u00fcrecinde yaln\u0131zca belirli bir elektrik kayna\u011f\u0131n\u0131n kullan\u0131ld\u0131\u011f\u0131n\u0131n kan\u0131tlanabilmesi halinde, ilgili \u00fcretim s\u00fcreci bak\u0131m\u0131ndan ayr\u0131 bir emisyon fakt\u00f6r\u00fc kullan\u0131labilecektir.<\/li>\n<li>Ger\u00e7ek emisyon verilerinin kullan\u0131lamad\u0131\u011f\u0131 durumlarda varsay\u0131lan de\u011ferlerden yararlan\u0131labilecek, ayr\u0131ca kompleks mallar bak\u0131m\u0131ndan baz\u0131 \u00f6nc\u00fcl girdiler i\u00e7in ger\u00e7ek verilerin, di\u011fer \u00f6nc\u00fcl girdiler i\u00e7in ise varsay\u0131lan de\u011ferlerin ayn\u0131 hesaplama i\u00e7erisinde birlikte kullan\u0131labilmesine imk\u00e2n tan\u0131nmaktad\u0131r.<\/li>\n<\/ul>\n<p>Rehber\u2019e <a href=\"https:\/\/urldefense.com\/v3\/__https:\/esinxchange.com\/collect\/click.aspx?u=cnhnVGg2SnRXZnJJMFQ4c2w4NzQ0NGJ0NUwrd2lSTGFJOGpRRUdzaEUwRE9kYUxtWXpYNk9TRnppeUF2aEIxQ3pVdFlQYnhIdjRWSkRjbGRvVnZmcG53clNnOHI5M1g2dUlxaEtDVWk2QTh5YWU3OWlGb3NFdXNUQm14aXpadGEzbWtpeEZxRFJodVZPZ2hjY3JWRGpPY28wUFJtejdMQnhCdm5iMGZCTGZGNWFRTUp5K01wNWtpS1FXQ1FKNzAyZ3ltM3dMQXVmekpzYURWNkhxNUZUT2FrVmNic0tpZW0rd0NMRVVaUUNVMCtPaTlKVG1aLzVTUHkrNE1zNTNHNnF0cmtRQkU3K2VsaWs4VGNkdjlUU3BXaVUydFpvTFBQMld3aUVZOG9ncnVweVhNcTJHQSsyVW4wY3A5M2ZuRHZlbFRtdlhYbVRLQT0=&amp;rh=ff0112294a920cd5ad6febe5a4479dada4c6085a__;!!Hj9Y_P0nvg!T6_ER6Dh1jXiGjpAcHk96eOK0Oqt9YvljU57ZQto9fcScAeW1ERkTRlo9fmPB8xaHmxT1GDqmaHen3mGYUjai89o6w$\">buradan<\/a> (\u0130ngilizce) ula\u015fabilirsiniz.<\/p>\n<p><strong><u>Rehber Belge No. 4: Teslim Edilecek SKDM Sertifikas\u0131 Say\u0131s\u0131na \u0130li\u015fkin \u00dccretsiz Tahsis D\u00fczeltmesinin Hesaplanmas\u0131<\/u><\/strong><\/p>\n<p>Rehber, SKDM y\u00fck\u00fcml\u00fcl\u00fc\u011f\u00fcn\u00fcn hesaplanmas\u0131nda dikkate al\u0131nacak \u00fccretsiz tahsis d\u00fczeltmesinin nas\u0131l belirlenece\u011fini a\u00e7\u0131klamaktad\u0131r. Bu kapsamda \u00f6ne \u00e7\u0131kan hususlar a\u015fa\u011f\u0131daki gibidir:<\/p>\n<ul>\n<li>Rehber&#8217;de, SKDM y\u00fck\u00fcml\u00fcl\u00fc\u011f\u00fcn\u00fcn belirlenmesinde yaln\u0131zca g\u00f6m\u00fcl\u00fc emisyonlar\u0131n de\u011fil, ilgili mal\u0131n AB&#8217;de \u00fcretilmesi halinde yararlanabilece\u011fi \u00fccretsiz tahsis miktar\u0131n\u0131n da dikkate al\u0131nd\u0131\u011f\u0131 a\u00e7\u0131klanmaktad\u0131r. Bu yakla\u015f\u0131m ile AB ETS kapsam\u0131nda \u00fccretsiz tahsislerden yararlanan AB \u00fcreticileri ile SKDM kapsam\u0131ndaki ithal \u00fcr\u00fcnler aras\u0131nda e\u015fde\u011fer bir karbon maliyeti olu\u015fturulmas\u0131n\u0131n ama\u00e7land\u0131\u011f\u0131 belirtilmektedir.<\/li>\n<li>Basit mallar ve karma\u015f\u0131k mallar bak\u0131m\u0131ndan \u00fccretsiz tahsis d\u00fczeltmesinin farkl\u0131 \u015fekilde hesapland\u0131\u011f\u0131; basit mallarda ilgili SKDM referans de\u011ferleri esas al\u0131n\u0131rken karma\u015f\u0131k mallarda kullan\u0131lan \u00f6nc\u00fcl girdilerin \u00fccretsiz tahsis paylar\u0131n\u0131n da hesaplamaya dahil edilmesi gerekti\u011fi belirtilmektedir.<\/li>\n<li>Ger\u00e7ek tesis verilerinin bulunmad\u0131\u011f\u0131 durumlarda kullan\u0131labilecek varsay\u0131lan referans de\u011ferlerinin hangi kriterlere g\u00f6re belirlenece\u011fi a\u00e7\u0131klanmakta; ilgili referans de\u011ferlerinin mal\u0131n CN koduna, \u00fcretim yoluna ve men\u015fe bilgilerine g\u00f6re tespit edilece\u011fi belirtilmektedir.<\/li>\n<li>Rehber&#8217;de, AB g\u00fcmr\u00fck b\u00f6lgesinde veya SKDM mevzuat\u0131 kapsam\u0131nda muaf tutulan \u00fclke ve b\u00f6lgelerde \u00fcretilen \u00f6nc\u00fcl girdiler bak\u0131m\u0131ndan \u00fccretsiz tahsis pay\u0131n\u0131n s\u0131f\u0131r kabul edildi\u011fi; buna kar\u015f\u0131l\u0131k ilgili \u00f6nc\u00fcl girdilere ili\u015fkin miktar bilgilerinin yine de raporlanmas\u0131 gerekti\u011fi a\u00e7\u0131klanmaktad\u0131r.<\/li>\n<li>Rehber&#8217;de ayr\u0131ca \u00e7imento, g\u00fcbre, demir-\u00e7elik, al\u00fcminyum, hidrojen ve elektrik sekt\u00f6rlerine ili\u015fkin uygulama \u00f6rneklerine yer verilmekte; \u00fccretsiz tahsis d\u00fczeltmesinin farkl\u0131 sekt\u00f6rlerde nas\u0131l hesaplanaca\u011f\u0131 ve hesaplamada kullan\u0131lan verilerin \u0130\u015fletmeci Emisyon Raporu (<em>eng. <\/em>Operator&#8217;s Emissions Report) i\u00e7erisinde nas\u0131l raporlanaca\u011f\u0131 g\u00f6sterilmektedir.<\/li>\n<li>Ayr\u0131ca, sekt\u00f6rler aras\u0131 d\u00fczeltme katsay\u0131s\u0131na (CSCF) ili\u015fkin olarak rehberde yer verilen baz\u0131 de\u011ferlerin \u00f6n veri niteli\u011finde oldu\u011fu ve \u00f6zellikle 2031 sonras\u0131 d\u00f6neme ili\u015fkin nihai katsay\u0131lar\u0131n Avrupa Komisyonu taraf\u0131ndan ayr\u0131ca yay\u0131mlanaca\u011f\u0131 belirtilmektedir.<\/li>\n<\/ul>\n<p>Rehber\u2019e <a href=\"https:\/\/urldefense.com\/v3\/__https:\/esinxchange.com\/collect\/click.aspx?u=cnhnVGg2SnRXZnJJMFQ4c2w4NzQ0NGJ0NUwrd2lSTGFJOGpRRUdzaEUwRE9kYUxtWXpYNk9TRnppeUF2aEIxQ3pVdFlQYnhIdjRWSkRjbGRvVnZmcG53clNnOHI5M1g2dUlxaEtDVWk2QTk1VHdMM2NXdlJSL3h3dHllQis2ZldoRkF2NG1hYmdYcHB4bHltN3lVOWxocVV6ZlRJMWp2TVlHMzFQdEtrM2t1d1ZwSzIvazJsNm54OEU4b1hwOExHSFUzQnNBYVhSQXFqMm1aUVJqVmhYcWt2dXlqaGdpQUdnbFdmU2VmMnAzUFIrZmE1K1F6V1draXBSUmYrN285ZVBjTDZWcXpDR0VlaDRFUnFxUzh1OTZrOG1oR3NDSmR6RHpRU2M1MnZyUXRKWWgrcFJnREVSQ1I3TjhOR2hVT1Yzb2JqWnV4djhIdGVNT0M1KzRXdnkrc1V0aEdpZFZPNCtkVnQ0UnNjcW8wc1FXUElpNXhweSttbS9aNkR2bE5uYjR4UllGQWh1ZEE9&amp;rh=ff0112294a920cd5ad6febe5a4479dada4c6085a__;!!Hj9Y_P0nvg!T6_ER6Dh1jXiGjpAcHk96eOK0Oqt9YvljU57ZQto9fcScAeW1ERkTRlo9fmPB8xaHmxT1GDqmaHen3mGYUiudIwcVg$\">buradan<\/a> (\u0130ngilizce) ula\u015fabilirsiniz.<\/p>\n<p><strong>A. Sekt\u00f6rel Rehberler<\/strong><\/p>\n<p>Avrupa Komisyonu taraf\u0131ndan yay\u0131mlanan sekt\u00f6rel rehberler, SKDM kapsam\u0131ndaki alt\u0131 sekt\u00f6r olan \u00e7imento, hidrojen, g\u00fcbre, demir-\u00e7elik, al\u00fcminyum ve elektrik bak\u0131m\u0131ndan \u00fcretim s\u00fcre\u00e7lerinin, de\u011fer zincirlerinin ve g\u00f6m\u00fcl\u00fc emisyon hesaplama kurallar\u0131n\u0131n nas\u0131l uygulanaca\u011f\u0131n\u0131 a\u00e7\u0131klamaktad\u0131r. Ayr\u0131ca her sekt\u00f6r i\u00e7in uygulama \u00f6rnekleri i\u00e7ermektedir. Rehberlerde \u00f6ne \u00e7\u0131kan hususlar a\u015fa\u011f\u0131daki gibidir:<\/p>\n<p><strong><u>\u00c7imento<\/u><\/strong><\/p>\n<p>G\u00f6m\u00fcl\u00fc emisyon hesaplamalar\u0131nda klinker \u00fcretiminden kaynaklanan emisyonlar\u0131n belirleyici unsur oldu\u011fu ifade edilmektedir. Bu kapsamda yak\u0131t yak\u0131lmas\u0131ndan kaynaklanan emisyonlar\u0131n yan\u0131 s\u0131ra karbonat i\u00e7eren hammaddelerin ayr\u0131\u015fmas\u0131, alternatif hammaddeler ve katk\u0131 maddeleri ile \u00e7imento f\u0131r\u0131n\u0131 tozlar\u0131ndan (CKD) kaynaklanan emisyonlar\u0131n da hesaplamaya dahil edilmesi gerekmektedir. Rehber\u2019de ayr\u0131ca, \u00fcretim s\u00fcre\u00e7leri aras\u0131nda kullan\u0131lan \u00f6l\u00e7\u00fclebilir \u0131s\u0131n\u0131n ve belirli emisyon kontrol s\u00fcre\u00e7lerinden kaynaklanan emisyonlar\u0131n g\u00f6m\u00fcl\u00fc emisyon hesaplamalar\u0131na nas\u0131l yans\u0131t\u0131laca\u011f\u0131 \u00f6rneklerle a\u00e7\u0131klanmaktad\u0131r.<\/p>\n<p>Rehber\u2019e <a href=\"https:\/\/urldefense.com\/v3\/__https:\/esinxchange.com\/collect\/click.aspx?u=cnhnVGg2SnRXZnJJMFQ4c2w4NzQ0NGJ0NUwrd2lSTGFJOGpRRUdzaEUwRE9kYUxtWXpYNk9TRnppeUF2aEIxQ3pVdFlQYnhIdjRWSkRjbGRvVnZmcG53clNnOHI5M1g2dUlxaEtDVWk2QSt4YS9GbStHTENrbHJTeUsyRFFQWWlwWnF1aXFCMU9EU3h2dk9vemUrcjYvM2d3eFNveVVzcXRsL1RWQ09MWHRaYU8rWkk3MXZpZW1ETWtRazlFWlRoeFp1WnN0UlNDR2lVTmE3Zm13Rm85Z2V1elRmNU1QbU9qTFJTV1g4enpreGlmUTRQRGFsdDZGSWRsTVo1WmRhZVJ3N0lGWEx0N1dRaUFCN2FLSjJtcnJMamxKU2NlRDAr&amp;rh=ff0112294a920cd5ad6febe5a4479dada4c6085a__;!!Hj9Y_P0nvg!T6_ER6Dh1jXiGjpAcHk96eOK0Oqt9YvljU57ZQto9fcScAeW1ERkTRlo9fmPB8xaHmxT1GDqmaHen3mGYUiRtEME3A$\">buradan<\/a> (\u0130ngilizce) ula\u015fabilirsiniz.<\/p>\n<p><strong><u>Hidrojen<\/u><\/strong><\/p>\n<p>Hidrojenin \u00fcretim s\u00fcrecinde kullan\u0131lan do\u011fal gaz bazl\u0131 \u00fcretim, k\u00f6m\u00fcr gazla\u015ft\u0131rmas\u0131 veya elektroliz gibi teknolojiler, g\u00f6m\u00fcl\u00fc emisyon hesaplamalar\u0131 \u00fczerinde belirleyici etkiye sahiptir. Bununla birlikte hidrojen, 2023\/956 say\u0131l\u0131 T\u00fcz\u00fck&#8217;\u00fcn Ek II&#8217;sinde yaln\u0131zca do\u011frudan emisyonlar\u0131n dikkate al\u0131nd\u0131\u011f\u0131 bir \u00fcr\u00fcn olarak s\u0131n\u0131fland\u0131r\u0131ld\u0131\u011f\u0131ndan, kesin d\u00f6nemde dolayl\u0131 emisyonlar hidrojenin g\u00f6m\u00fcl\u00fc emisyon hesaplamas\u0131na dahil edilmemektedir. Bu \u00e7er\u00e7evede Rehber, hidrojen \u00fcretiminde kullan\u0131lan elektri\u011fin kayna\u011f\u0131n\u0131n emisyon hesab\u0131na etkisini ortaya koymakta ve hidrojenin di\u011fer SKDM kapsam\u0131ndaki \u00fcr\u00fcnlerin \u00fcretiminde \u00f6nc\u00fcl girdi olarak kullan\u0131lmas\u0131n\u0131n sonu\u00e7lar\u0131n\u0131 a\u00e7\u0131klamaktad\u0131r.<\/p>\n<p>Rehber\u2019e <a href=\"https:\/\/urldefense.com\/v3\/__https:\/esinxchange.com\/collect\/click.aspx?u=cnhnVGg2SnRXZnJJMFQ4c2w4NzQ0NGJ0NUwrd2lSTGFJOGpRRUdzaEUwRE9kYUxtWXpYNk9TRnppeUF2aEIxQ3pVdFlQYnhIdjRWSkRjbGRvVnZmcG53clNnOHI5M1g2dUlxaEtDVWk2QTk5NjhyTkdtdDBvYUhGZjlBSDFpaXlDUC96bWlFTjBRZjdKUy92akgzRWY2UHdualFHUDFJUldYNXVTMXVFOUhNT1NxNTBNNGhDWHhNajFQZ00vSzlHbWpQaDkxa0w3TDBlUUUrck4xR2FKeEFzbFE4UXZSQ1l4VlJ3cG16V2VxRGJqeitnTXd1MUh6SDRncXZFNm43QysyV254elcra2Y3V0s1KzYyVVV5Mlo1Y0VTK3VVZ2cv&amp;rh=ff0112294a920cd5ad6febe5a4479dada4c6085a__;!!Hj9Y_P0nvg!T6_ER6Dh1jXiGjpAcHk96eOK0Oqt9YvljU57ZQto9fcScAeW1ERkTRlo9fmPB8xaHmxT1GDqmaHen3mGYUjCKNEaGg$\">buradan<\/a> (\u0130ngilizce) ula\u015fabilirsiniz.<\/p>\n<p><strong><u>G\u00fcbre<\/u><\/strong><\/p>\n<p>\u00dcr\u00fcnlerin azot i\u00e7eri\u011finin emisyon hesaplamalar\u0131nda temel belirleyicilerden biri oldu\u011fu belirtilmektedir. Rehber\u2019de amonyak, nitrik asit, \u00fcre ve kar\u0131\u015f\u0131k g\u00fcbreler bak\u0131m\u0131ndan uygulanacak farkl\u0131 hesaplama y\u00f6ntemleri a\u00e7\u0131klanmakta; nitrik asit \u00fcretiminden kaynaklanan N\u2082O emisyonlar\u0131n\u0131n dikkate al\u0131nmas\u0131 nedeniyle ayn\u0131 miktarda \u00fcr\u00fcn \u00fcreten tesisler aras\u0131nda farkl\u0131 emisyon sonu\u00e7lar\u0131 ortaya \u00e7\u0131kabilece\u011fi g\u00f6sterilmektedir.<\/p>\n<p>Rehber\u2019e <a href=\"https:\/\/urldefense.com\/v3\/__https:\/esinxchange.com\/collect\/click.aspx?u=cnhnVGg2SnRXZnJJMFQ4c2w4NzQ0NGJ0NUwrd2lSTGFJOGpRRUdzaEUwRE9kYUxtWXpYNk9TRnppeUF2aEIxQ3pVdFlQYnhIdjRWSkRjbGRvVnZmcG53clNnOHI5M1g2dUlxaEtDVWk2QS9XSVhhK0k3Mk9VdWtYNWFTSzAxcXR4LzhZa2RQVEVJTHF3WUN0OVgvRmJUaFlBSUVaYmw2L3lPU0doaTg3Q3F4LzNFai9SZlNQV2RhdFZyV3JpK05oUitnTzlYWEo3YjNDUGtiYVhZa0tSMStCcGtZYjRGU3dJNDA3WHJscDllT0tjd01HMjBSREJxNjh4MERpVDV6K0tRVFBiNDFWUFcxT2V4VDMyc1VUZXBDYUswZm9pUDZzMmpRREVlMnVzTEE9&amp;rh=ff0112294a920cd5ad6febe5a4479dada4c6085a__;!!Hj9Y_P0nvg!T6_ER6Dh1jXiGjpAcHk96eOK0Oqt9YvljU57ZQto9fcScAeW1ERkTRlo9fmPB8xaHmxT1GDqmaHen3mGYUjN1aZFcQ$\">buradan<\/a> (\u0130ngilizce) ula\u015fabilirsiniz.<\/p>\n<p><strong><u>Demir ve \u00c7elik<\/u><\/strong><\/p>\n<p>\u00d6zellikle y\u00fcksek f\u0131r\u0131n-temel oksijen f\u0131r\u0131n\u0131 (BF-BOF) ve elektrik ark oca\u011f\u0131 (EAF) gibi farkl\u0131 \u00fcretim yollar\u0131n\u0131n \u00f6nemli \u00f6l\u00e7\u00fcde farkl\u0131 emisyon sonu\u00e7lar\u0131 do\u011furabilece\u011fi g\u00f6sterilmektedir. Ayr\u0131ca hurda kullan\u0131m oran\u0131n\u0131n, at\u0131k gazlar\u0131n \u00fcretim s\u00fcre\u00e7leri aras\u0131nda tahsisinin ve \u00f6nc\u00fcl girdilerden kaynaklanan emisyonlar\u0131n nihai \u00fcr\u00fcn hesaplamalar\u0131na etkisine ili\u015fkin sekt\u00f6re \u00f6zg\u00fc \u00f6rneklere yer verilmektedir.<\/p>\n<p>Rehber\u2019e <a href=\"https:\/\/urldefense.com\/v3\/__https:\/esinxchange.com\/collect\/click.aspx?u=cnhnVGg2SnRXZnJJMFQ4c2w4NzQ0NGJ0NUwrd2lSTGFJOGpRRUdzaEUwRE9kYUxtWXpYNk9TRnppeUF2aEIxQ3pVdFlQYnhIdjRWSkRjbGRvVnZmcG53clNnOHI5M1g2dUlxaEtDVWk2QS9OYmp1blE4VVRiQlcyTklyT25UZHhJNEFqdVBObUxYUndlSWEzbzF0cmRVeFk0MmVDTkpqQldYdzMwY0pIUDhSbjU3ZGhEUzU0K3ZLSGZBMDZQSEMvU1NCcU4wZW05dkkvL0RiZVRCOG9wWm8zWUJoOTQyVXpDUlBXZlEraW9aeHYxTUNHYzU0Wit4SUFCVk40UGtVNTNlVjRCV2d4ankyU3NYVk5xRjRoekZUYkdCZ1hyT3lTL3FvajdCdzFuT0R4b2I0bmhkdTVGQT09&amp;rh=ff0112294a920cd5ad6febe5a4479dada4c6085a__;!!Hj9Y_P0nvg!T6_ER6Dh1jXiGjpAcHk96eOK0Oqt9YvljU57ZQto9fcScAeW1ERkTRlo9fmPB8xaHmxT1GDqmaHen3mGYUgsqa8vPg$\">buradan<\/a> (\u0130ngilizce) ula\u015fabilirsiniz.<\/p>\n<p><strong><u>Al\u00fcminyum<\/u><\/strong><\/p>\n<p>Rehber ile birincil ve ikincil (geri d\u00f6n\u00fc\u015ft\u00fcr\u00fclm\u00fc\u015f) al\u00fcminyum \u00fcretimi aras\u0131ndaki emisyon farkl\u0131l\u0131klar\u0131 ele al\u0131nmaktad\u0131r. Elektrik t\u00fcketimi ve perflorokarbon (PFC) emisyonlar\u0131n\u0131n g\u00f6m\u00fcl\u00fc emisyon hesaplamalar\u0131nda belirleyici rol oynad\u0131\u011f\u0131 belirtilmekte; hurda kullan\u0131m\u0131n\u0131n emisyon sonu\u00e7lar\u0131na etkisi uygulama \u00f6rnekleriyle a\u00e7\u0131klanmaktad\u0131r.<\/p>\n<p>Rehber\u2019e <a href=\"https:\/\/urldefense.com\/v3\/__https:\/esinxchange.com\/collect\/click.aspx?u=cnhnVGg2SnRXZnJJMFQ4c2w4NzQ0NGJ0NUwrd2lSTGFJOGpRRUdzaEUwRE9kYUxtWXpYNk9TRnppeUF2aEIxQ3pVdFlQYnhIdjRWSkRjbGRvVnZmcG53clNnOHI5M1g2dUlxaEtDVWk2QS9ZaU9ROUpvb2NQZDhWZjlhYlE5VndEaktzbEh5VEJ6dUZtMU9ReFNkRE9ya0NoUHhxem5ra2NGa1dIY3hZbXRtZWk2T3Q1dkFaVWxMWmJWYURQdHptV0VIQXBZM2gyUCtMSXdFeUdZRC92dlZqV0thN3djTldnNjVnUHhwMlE0SFlxOXc3a2thY3RNWnNEaWVtM3R2MWxXU05FRmVEYmEyWlN5SnpQdjh2YmhodzFXUUFTV0Rs&amp;rh=ff0112294a920cd5ad6febe5a4479dada4c6085a__;!!Hj9Y_P0nvg!T6_ER6Dh1jXiGjpAcHk96eOK0Oqt9YvljU57ZQto9fcScAeW1ERkTRlo9fmPB8xaHmxT1GDqmaHen3mGYUi2vFgwRw$\">buradan<\/a> (\u0130ngilizce) ula\u015fabilirsiniz.<\/p>\n<p><strong><u>Elektrik<\/u><\/strong><\/p>\n<p>Kural olarak ithal edilen elektrik i\u00e7in Avrupa Komisyonu taraf\u0131ndan belirlenen varsay\u0131lan emisyon fakt\u00f6r\u00fc esas al\u0131nmaktad\u0131r. Ger\u00e7ek emisyon verilerinin kullan\u0131lmas\u0131, yaln\u0131zca SKDM T\u00fcz\u00fc\u011f\u00fc&#8217;n\u00fcn Ek IV&#8217;\u00fcnde \u00f6ng\u00f6r\u00fclen ko\u015fullar\u0131n sa\u011fland\u0131\u011f\u0131 s\u0131n\u0131rl\u0131 hallerde m\u00fcmk\u00fcnd\u00fcr. Rehber&#8217;de, ger\u00e7ek emisyon verilerinin kullan\u0131labilmesi i\u00e7in aranacak ilave ko\u015fullar, elektrik kaynaklar\u0131na ili\u015fkin emisyon fakt\u00f6rlerinin belirlenmesi ve elektrik ithalat\u0131na \u00f6zg\u00fc hesaplama y\u00f6ntemleri a\u00e7\u0131klanmaktad\u0131r. \u00d6zellikle do\u011frudan ba\u011flant\u0131, elektrik sat\u0131n alma anla\u015fmalar\u0131 (PPA) ve saya\u00e7 verilerine ili\u015fkin ispat y\u00fck\u00fcml\u00fcl\u00fcklerinin uygulanmas\u0131na y\u00f6nelik \u00f6rneklere yer verilmektedir.<\/p>\n<p>Rehber\u2019e<a href=\"https:\/\/urldefense.com\/v3\/__https:\/esinxchange.com\/collect\/click.aspx?u=cnhnVGg2SnRXZnJJMFQ4c2w4NzQ0NGJ0NUwrd2lSTGFJOGpRRUdzaEUwRE9kYUxtWXpYNk9TRnppeUF2aEIxQ3pVdFlQYnhIdjRWSkRjbGRvVnZmcG53clNnOHI5M1g2dUlxaEtDVWk2QTlNRVNFME1zWCt6QkZySVVOMXRNN2VsN0FxdTREMHNhbVc2RGxncE5sZ01HTGF5SURqNzBldmRtNmZVM1A3RzZNNktKWjBxWUpIbENsWER2NE1JWDlaZjVxeHExemE0dVgwWnVrcFMyYUV0eXhTS09rU2diN3dqRmpjY1JkVFVIL1lFbjNvTURjeDJVMG5VRGYrYW0rVGRlYWs4M095dWlCODJjeFFyMlAzdnRvSVF3NVAwRWdhTHlwTGEwSEllVzQ9&amp;rh=ff0112294a920cd5ad6febe5a4479dada4c6085a__;!!Hj9Y_P0nvg!T6_ER6Dh1jXiGjpAcHk96eOK0Oqt9YvljU57ZQto9fcScAeW1ERkTRlo9fmPB8xaHmxT1GDqmaHen3mGYUhXhTJLrA$\"> buradan<\/a> (\u0130ngilizce) ula\u015fabilirsiniz.<\/p>\n<p><strong>\u00a0\u00a0<\/strong><\/p>\n<p>Sonu\u00e7<br \/>\nAvrupa Komisyonu taraf\u0131ndan yay\u0131mlanan rehber belgeler, SKDM&#8217;nin kesin d\u00f6nemine ili\u015fkin temel y\u00fck\u00fcml\u00fcl\u00fckleri yeniden tan\u0131mlamaktan ziyade, mevcut mevzuat\u0131n uygulamada nas\u0131l hayata ge\u00e7irilece\u011fine ili\u015fkin a\u00e7\u0131klama ve \u00f6rnekler sunmaktad\u0131r. Rehberler \u00f6zellikle g\u00f6m\u00fcl\u00fc emisyonlar\u0131n hesaplanmas\u0131, \u00f6nc\u00fcl girdilere ili\u015fkin veri y\u00f6netimi, do\u011frulama s\u00fcre\u00e7leri, \u00fccretsiz tahsis d\u00fczeltmesinin belirlenmesi ve sekt\u00f6re \u00f6zg\u00fc metodolojilerin uygulanmas\u0131 bak\u0131m\u0131ndan yol g\u00f6stericidir.<\/p>\n<p>Bu kapsamda, SKDM kapsam\u0131ndaki \u00fcr\u00fcnleri AB pazar\u0131na ihra\u00e7 eden \u00fcreticilerin ve bu \u00fcr\u00fcnleri tedarik zincirlerinde kullanan \u015firketlerin; emisyon verilerinin toplanmas\u0131, do\u011frulanmas\u0131 ve raporlanmas\u0131na ili\u015fkin s\u00fcre\u00e7lerini g\u00f6zden ge\u00e7irmesi, tedarik\u00e7ilerden temin edilmesi gereken verileri belirlemesi ve \u00f6zellikle 30 Eyl\u00fcl 2027 tarihinde sunulacak ilk y\u0131ll\u0131k SKDM beyanlar\u0131na haz\u0131rl\u0131k amac\u0131yla gerekli i\u00e7 kontrol ve veri y\u00f6netim mekanizmalar\u0131n\u0131 olu\u015fturmas\u0131 \u00f6nem arz etmektedir. Ayr\u0131ca, SKDM kapsam\u0131n\u0131n geni\u015fletilmesine ili\u015fkin Avrupa Komisyonu teklifi gibi ilgili geli\u015fmeler yak\u0131ndan takip edilmelidir.<\/p>\n","protected":false},"excerpt":{"rendered":"<p>Yeni Geli\u015fmeler S\u0131n\u0131rda\u00a0Karbon D\u00fczenleme Mekanizmas\u0131 Kesin D\u00f6nemine \u0130li\u015fkin Rehber Belgeler Yay\u0131mland\u0131. Avrupa Komisyonu, 14 A\u011fustos 2026 tarihinde, S\u0131n\u0131rda Karbon D\u00fczenleme [&hellip;]<\/p>\n","protected":false},"author":4,"featured_media":0,"comment_status":"closed","ping_status":"closed","sticky":false,"template":"","format":"standard","meta":{"_acf_changed":false,"_stopmodifiedupdate":false,"_modified_date":"","footnotes":""},"categories":[120],"tags":[94,95],"class_list":["post-35524","post","type-post","status-publish","format-standard","hentry","category-legal-alerts","tag-international-commercial-and-trade-tr","tag-tax-tr"],"acf":[],"yoast_head":"<!-- This site is optimized with the Yoast SEO plugin v24.0 - https:\/\/yoast.com\/wordpress\/plugins\/seo\/ -->\n<title>AB S\u0131n\u0131rda Karbon D\u00fczenleme Mekanizmas\u0131 Kesin D\u00f6nemine \u0130li\u015fkin Rehber Belgeler Yay\u0131mland\u0131<\/title>\n<meta name=\"description\" content=\"Yeni Geli\u015fmeler S\u0131n\u0131rda\u00a0Karbon D\u00fczenleme Mekanizmas\u0131 Kesin D\u00f6nemine \u0130li\u015fkin Rehber Belgeler Yay\u0131mland\u0131. Avrupa Komisyonu, 14 A\u011fustos 2026 tarihinde,\" \/>\n<meta name=\"robots\" content=\"index, follow, max-snippet:-1, max-image-preview:large, max-video-preview:-1\" \/>\n<link rel=\"canonical\" href=\"https:\/\/www.esin.av.tr\/tr\/2026\/08\/28\/ab-sinirda-karbon-duzenleme-mekanizmasi-kesin-donemine-iliskin-rehber-belgeler-yayimlandi\/\" \/>\n<meta property=\"og:locale\" content=\"tr_TR\" \/>\n<meta property=\"og:type\" content=\"article\" \/>\n<meta property=\"og:title\" content=\"AB S\u0131n\u0131rda Karbon D\u00fczenleme Mekanizmas\u0131 Kesin D\u00f6nemine \u0130li\u015fkin Rehber Belgeler Yay\u0131mland\u0131\" \/>\n<meta property=\"og:description\" content=\"Yeni Geli\u015fmeler S\u0131n\u0131rda\u00a0Karbon D\u00fczenleme Mekanizmas\u0131 Kesin D\u00f6nemine \u0130li\u015fkin Rehber Belgeler Yay\u0131mland\u0131. Avrupa Komisyonu, 14 A\u011fustos 2026 tarihinde,\" \/>\n<meta property=\"og:url\" content=\"https:\/\/www.esin.av.tr\/tr\/2026\/08\/28\/ab-sinirda-karbon-duzenleme-mekanizmasi-kesin-donemine-iliskin-rehber-belgeler-yayimlandi\/\" \/>\n<meta property=\"og:site_name\" content=\"Esin Avukatl\u0131k Ortakl\u0131\u011f\u0131\" \/>\n<meta property=\"article:published_time\" content=\"2026-08-28T13:57:21+00:00\" \/>\n<meta name=\"author\" content=\"R\u0131dvan Konrat\" \/>\n<meta name=\"twitter:card\" content=\"summary_large_image\" \/>\n<meta name=\"twitter:label1\" content=\"Written by\" \/>\n\t<meta name=\"twitter:data1\" content=\"R\u0131dvan Konrat\" \/>\n\t<meta name=\"twitter:label2\" content=\"Est. reading time\" \/>\n\t<meta name=\"twitter:data2\" content=\"16 minutes\" \/>\n<script type=\"application\/ld+json\" class=\"yoast-schema-graph\">{\"@context\":\"https:\/\/schema.org\",\"@graph\":[{\"@type\":\"Article\",\"@id\":\"https:\/\/www.esin.av.tr\/tr\/2026\/08\/28\/ab-sinirda-karbon-duzenleme-mekanizmasi-kesin-donemine-iliskin-rehber-belgeler-yayimlandi\/#article\",\"isPartOf\":{\"@id\":\"https:\/\/www.esin.av.tr\/tr\/2026\/08\/28\/ab-sinirda-karbon-duzenleme-mekanizmasi-kesin-donemine-iliskin-rehber-belgeler-yayimlandi\/\"},\"author\":{\"name\":\"R\u0131dvan Konrat\",\"@id\":\"https:\/\/www.esin.av.tr\/tr\/#\/schema\/person\/42c8e616aab56b8622fa365ad63282ae\"},\"headline\":\"AB S\u0131n\u0131rda Karbon D\u00fczenleme Mekanizmas\u0131 Kesin D\u00f6nemine \u0130li\u015fkin Rehber Belgeler Yay\u0131mland\u0131\",\"datePublished\":\"2026-08-28T13:57:21+00:00\",\"dateModified\":\"2026-08-28T13:57:21+00:00\",\"mainEntityOfPage\":{\"@id\":\"https:\/\/www.esin.av.tr\/tr\/2026\/08\/28\/ab-sinirda-karbon-duzenleme-mekanizmasi-kesin-donemine-iliskin-rehber-belgeler-yayimlandi\/\"},\"wordCount\":3266,\"publisher\":{\"@id\":\"https:\/\/www.esin.av.tr\/tr\/#organization\"},\"keywords\":[\"Uluslararas\u0131 Ticaret Hukuku\",\"Vergi\"],\"articleSection\":[\"Hukuk B\u00fcltenleri\"],\"inLanguage\":\"tr\"},{\"@type\":\"WebPage\",\"@id\":\"https:\/\/www.esin.av.tr\/tr\/2026\/08\/28\/ab-sinirda-karbon-duzenleme-mekanizmasi-kesin-donemine-iliskin-rehber-belgeler-yayimlandi\/\",\"url\":\"https:\/\/www.esin.av.tr\/tr\/2026\/08\/28\/ab-sinirda-karbon-duzenleme-mekanizmasi-kesin-donemine-iliskin-rehber-belgeler-yayimlandi\/\",\"name\":\"AB S\u0131n\u0131rda Karbon D\u00fczenleme Mekanizmas\u0131 Kesin D\u00f6nemine \u0130li\u015fkin Rehber Belgeler Yay\u0131mland\u0131\",\"isPartOf\":{\"@id\":\"https:\/\/www.esin.av.tr\/tr\/#website\"},\"datePublished\":\"2026-08-28T13:57:21+00:00\",\"dateModified\":\"2026-08-28T13:57:21+00:00\",\"description\":\"Yeni Geli\u015fmeler S\u0131n\u0131rda\u00a0Karbon D\u00fczenleme Mekanizmas\u0131 Kesin D\u00f6nemine \u0130li\u015fkin Rehber Belgeler Yay\u0131mland\u0131. Avrupa Komisyonu, 14 A\u011fustos 2026 tarihinde,\",\"breadcrumb\":{\"@id\":\"https:\/\/www.esin.av.tr\/tr\/2026\/08\/28\/ab-sinirda-karbon-duzenleme-mekanizmasi-kesin-donemine-iliskin-rehber-belgeler-yayimlandi\/#breadcrumb\"},\"inLanguage\":\"tr\",\"potentialAction\":[{\"@type\":\"ReadAction\",\"target\":[\"https:\/\/www.esin.av.tr\/tr\/2026\/08\/28\/ab-sinirda-karbon-duzenleme-mekanizmasi-kesin-donemine-iliskin-rehber-belgeler-yayimlandi\/\"]}]},{\"@type\":\"BreadcrumbList\",\"@id\":\"https:\/\/www.esin.av.tr\/tr\/2026\/08\/28\/ab-sinirda-karbon-duzenleme-mekanizmasi-kesin-donemine-iliskin-rehber-belgeler-yayimlandi\/#breadcrumb\",\"itemListElement\":[{\"@type\":\"ListItem\",\"position\":1,\"name\":\"Home\",\"item\":\"https:\/\/www.esin.av.tr\/tr\/\"},{\"@type\":\"ListItem\",\"position\":2,\"name\":\"AB S\u0131n\u0131rda Karbon D\u00fczenleme Mekanizmas\u0131 Kesin D\u00f6nemine \u0130li\u015fkin Rehber Belgeler Yay\u0131mland\u0131\"}]},{\"@type\":\"WebSite\",\"@id\":\"https:\/\/www.esin.av.tr\/tr\/#website\",\"url\":\"https:\/\/www.esin.av.tr\/tr\/\",\"name\":\"Esin Avukatl\u0131k Ortakl\u0131\u011f\u0131\",\"description\":\"\",\"publisher\":{\"@id\":\"https:\/\/www.esin.av.tr\/tr\/#organization\"},\"potentialAction\":[{\"@type\":\"SearchAction\",\"target\":{\"@type\":\"EntryPoint\",\"urlTemplate\":\"https:\/\/www.esin.av.tr\/tr\/?s={search_term_string}\"},\"query-input\":{\"@type\":\"PropertyValueSpecification\",\"valueRequired\":true,\"valueName\":\"search_term_string\"}}],\"inLanguage\":\"tr\"},{\"@type\":\"Organization\",\"@id\":\"https:\/\/www.esin.av.tr\/tr\/#organization\",\"name\":\"Esin Avukatl\u0131k Ortakl\u0131\u011f\u0131\",\"url\":\"https:\/\/www.esin.av.tr\/tr\/\",\"logo\":{\"@type\":\"ImageObject\",\"inLanguage\":\"tr\",\"@id\":\"https:\/\/www.esin.av.tr\/tr\/#\/schema\/logo\/image\/\",\"url\":\"https:\/\/www.esin.av.tr\/wp-content\/uploads\/2021\/09\/esin-2.jpg\",\"contentUrl\":\"https:\/\/www.esin.av.tr\/wp-content\/uploads\/2021\/09\/esin-2.jpg\",\"width\":800,\"height\":460,\"caption\":\"Esin Avukatl\u0131k Ortakl\u0131\u011f\u0131\"},\"image\":{\"@id\":\"https:\/\/www.esin.av.tr\/tr\/#\/schema\/logo\/image\/\"}},{\"@type\":\"Person\",\"@id\":\"https:\/\/www.esin.av.tr\/tr\/#\/schema\/person\/42c8e616aab56b8622fa365ad63282ae\",\"name\":\"R\u0131dvan Konrat\",\"image\":{\"@type\":\"ImageObject\",\"inLanguage\":\"tr\",\"@id\":\"https:\/\/www.esin.av.tr\/tr\/#\/schema\/person\/image\/\",\"url\":\"https:\/\/secure.gravatar.com\/avatar\/b20c6c583be38ed4e76e32f69fccc676?s=96&d=mm&r=g\",\"contentUrl\":\"https:\/\/secure.gravatar.com\/avatar\/b20c6c583be38ed4e76e32f69fccc676?s=96&d=mm&r=g\",\"caption\":\"R\u0131dvan Konrat\"},\"sameAs\":[\"http:\/\/www.esin.av.tr\"],\"url\":\"https:\/\/www.esin.av.tr\/tr\/author\/rkonrat\/\"}]}<\/script>\n<!-- \/ Yoast SEO plugin. -->","yoast_head_json":{"title":"AB S\u0131n\u0131rda Karbon D\u00fczenleme Mekanizmas\u0131 Kesin D\u00f6nemine \u0130li\u015fkin Rehber Belgeler Yay\u0131mland\u0131","description":"Yeni Geli\u015fmeler S\u0131n\u0131rda\u00a0Karbon D\u00fczenleme Mekanizmas\u0131 Kesin D\u00f6nemine \u0130li\u015fkin Rehber Belgeler Yay\u0131mland\u0131. Avrupa Komisyonu, 14 A\u011fustos 2026 tarihinde,","robots":{"index":"index","follow":"follow","max-snippet":"max-snippet:-1","max-image-preview":"max-image-preview:large","max-video-preview":"max-video-preview:-1"},"canonical":"https:\/\/www.esin.av.tr\/tr\/2026\/08\/28\/ab-sinirda-karbon-duzenleme-mekanizmasi-kesin-donemine-iliskin-rehber-belgeler-yayimlandi\/","og_locale":"tr_TR","og_type":"article","og_title":"AB S\u0131n\u0131rda Karbon D\u00fczenleme Mekanizmas\u0131 Kesin D\u00f6nemine \u0130li\u015fkin Rehber Belgeler Yay\u0131mland\u0131","og_description":"Yeni Geli\u015fmeler S\u0131n\u0131rda\u00a0Karbon D\u00fczenleme Mekanizmas\u0131 Kesin D\u00f6nemine \u0130li\u015fkin Rehber Belgeler Yay\u0131mland\u0131. Avrupa Komisyonu, 14 A\u011fustos 2026 tarihinde,","og_url":"https:\/\/www.esin.av.tr\/tr\/2026\/08\/28\/ab-sinirda-karbon-duzenleme-mekanizmasi-kesin-donemine-iliskin-rehber-belgeler-yayimlandi\/","og_site_name":"Esin Avukatl\u0131k Ortakl\u0131\u011f\u0131","article_published_time":"2026-08-28T13:57:21+00:00","author":"R\u0131dvan Konrat","twitter_card":"summary_large_image","twitter_misc":{"Written by":"R\u0131dvan Konrat","Est. reading time":"16 minutes"},"schema":{"@context":"https:\/\/schema.org","@graph":[{"@type":"Article","@id":"https:\/\/www.esin.av.tr\/tr\/2026\/08\/28\/ab-sinirda-karbon-duzenleme-mekanizmasi-kesin-donemine-iliskin-rehber-belgeler-yayimlandi\/#article","isPartOf":{"@id":"https:\/\/www.esin.av.tr\/tr\/2026\/08\/28\/ab-sinirda-karbon-duzenleme-mekanizmasi-kesin-donemine-iliskin-rehber-belgeler-yayimlandi\/"},"author":{"name":"R\u0131dvan Konrat","@id":"https:\/\/www.esin.av.tr\/tr\/#\/schema\/person\/42c8e616aab56b8622fa365ad63282ae"},"headline":"AB S\u0131n\u0131rda Karbon D\u00fczenleme Mekanizmas\u0131 Kesin D\u00f6nemine \u0130li\u015fkin Rehber Belgeler Yay\u0131mland\u0131","datePublished":"2026-08-28T13:57:21+00:00","dateModified":"2026-08-28T13:57:21+00:00","mainEntityOfPage":{"@id":"https:\/\/www.esin.av.tr\/tr\/2026\/08\/28\/ab-sinirda-karbon-duzenleme-mekanizmasi-kesin-donemine-iliskin-rehber-belgeler-yayimlandi\/"},"wordCount":3266,"publisher":{"@id":"https:\/\/www.esin.av.tr\/tr\/#organization"},"keywords":["Uluslararas\u0131 Ticaret Hukuku","Vergi"],"articleSection":["Hukuk B\u00fcltenleri"],"inLanguage":"tr"},{"@type":"WebPage","@id":"https:\/\/www.esin.av.tr\/tr\/2026\/08\/28\/ab-sinirda-karbon-duzenleme-mekanizmasi-kesin-donemine-iliskin-rehber-belgeler-yayimlandi\/","url":"https:\/\/www.esin.av.tr\/tr\/2026\/08\/28\/ab-sinirda-karbon-duzenleme-mekanizmasi-kesin-donemine-iliskin-rehber-belgeler-yayimlandi\/","name":"AB S\u0131n\u0131rda Karbon D\u00fczenleme Mekanizmas\u0131 Kesin D\u00f6nemine \u0130li\u015fkin Rehber Belgeler Yay\u0131mland\u0131","isPartOf":{"@id":"https:\/\/www.esin.av.tr\/tr\/#website"},"datePublished":"2026-08-28T13:57:21+00:00","dateModified":"2026-08-28T13:57:21+00:00","description":"Yeni Geli\u015fmeler S\u0131n\u0131rda\u00a0Karbon D\u00fczenleme Mekanizmas\u0131 Kesin D\u00f6nemine \u0130li\u015fkin Rehber Belgeler Yay\u0131mland\u0131. Avrupa Komisyonu, 14 A\u011fustos 2026 tarihinde,","breadcrumb":{"@id":"https:\/\/www.esin.av.tr\/tr\/2026\/08\/28\/ab-sinirda-karbon-duzenleme-mekanizmasi-kesin-donemine-iliskin-rehber-belgeler-yayimlandi\/#breadcrumb"},"inLanguage":"tr","potentialAction":[{"@type":"ReadAction","target":["https:\/\/www.esin.av.tr\/tr\/2026\/08\/28\/ab-sinirda-karbon-duzenleme-mekanizmasi-kesin-donemine-iliskin-rehber-belgeler-yayimlandi\/"]}]},{"@type":"BreadcrumbList","@id":"https:\/\/www.esin.av.tr\/tr\/2026\/08\/28\/ab-sinirda-karbon-duzenleme-mekanizmasi-kesin-donemine-iliskin-rehber-belgeler-yayimlandi\/#breadcrumb","itemListElement":[{"@type":"ListItem","position":1,"name":"Home","item":"https:\/\/www.esin.av.tr\/tr\/"},{"@type":"ListItem","position":2,"name":"AB S\u0131n\u0131rda Karbon D\u00fczenleme Mekanizmas\u0131 Kesin D\u00f6nemine \u0130li\u015fkin Rehber Belgeler Yay\u0131mland\u0131"}]},{"@type":"WebSite","@id":"https:\/\/www.esin.av.tr\/tr\/#website","url":"https:\/\/www.esin.av.tr\/tr\/","name":"Esin Avukatl\u0131k Ortakl\u0131\u011f\u0131","description":"","publisher":{"@id":"https:\/\/www.esin.av.tr\/tr\/#organization"},"potentialAction":[{"@type":"SearchAction","target":{"@type":"EntryPoint","urlTemplate":"https:\/\/www.esin.av.tr\/tr\/?s={search_term_string}"},"query-input":{"@type":"PropertyValueSpecification","valueRequired":true,"valueName":"search_term_string"}}],"inLanguage":"tr"},{"@type":"Organization","@id":"https:\/\/www.esin.av.tr\/tr\/#organization","name":"Esin Avukatl\u0131k Ortakl\u0131\u011f\u0131","url":"https:\/\/www.esin.av.tr\/tr\/","logo":{"@type":"ImageObject","inLanguage":"tr","@id":"https:\/\/www.esin.av.tr\/tr\/#\/schema\/logo\/image\/","url":"https:\/\/www.esin.av.tr\/wp-content\/uploads\/2021\/09\/esin-2.jpg","contentUrl":"https:\/\/www.esin.av.tr\/wp-content\/uploads\/2021\/09\/esin-2.jpg","width":800,"height":460,"caption":"Esin Avukatl\u0131k Ortakl\u0131\u011f\u0131"},"image":{"@id":"https:\/\/www.esin.av.tr\/tr\/#\/schema\/logo\/image\/"}},{"@type":"Person","@id":"https:\/\/www.esin.av.tr\/tr\/#\/schema\/person\/42c8e616aab56b8622fa365ad63282ae","name":"R\u0131dvan Konrat","image":{"@type":"ImageObject","inLanguage":"tr","@id":"https:\/\/www.esin.av.tr\/tr\/#\/schema\/person\/image\/","url":"https:\/\/secure.gravatar.com\/avatar\/b20c6c583be38ed4e76e32f69fccc676?s=96&d=mm&r=g","contentUrl":"https:\/\/secure.gravatar.com\/avatar\/b20c6c583be38ed4e76e32f69fccc676?s=96&d=mm&r=g","caption":"R\u0131dvan Konrat"},"sameAs":["http:\/\/www.esin.av.tr"],"url":"https:\/\/www.esin.av.tr\/tr\/author\/rkonrat\/"}]}},"_links":{"self":[{"href":"https:\/\/www.esin.av.tr\/tr\/wp-json\/wp\/v2\/posts\/35524","targetHints":{"allow":["GET"]}}],"collection":[{"href":"https:\/\/www.esin.av.tr\/tr\/wp-json\/wp\/v2\/posts"}],"about":[{"href":"https:\/\/www.esin.av.tr\/tr\/wp-json\/wp\/v2\/types\/post"}],"author":[{"embeddable":true,"href":"https:\/\/www.esin.av.tr\/tr\/wp-json\/wp\/v2\/users\/4"}],"replies":[{"embeddable":true,"href":"https:\/\/www.esin.av.tr\/tr\/wp-json\/wp\/v2\/comments?post=35524"}],"version-history":[{"count":1,"href":"https:\/\/www.esin.av.tr\/tr\/wp-json\/wp\/v2\/posts\/35524\/revisions"}],"predecessor-version":[{"id":35525,"href":"https:\/\/www.esin.av.tr\/tr\/wp-json\/wp\/v2\/posts\/35524\/revisions\/35525"}],"wp:attachment":[{"href":"https:\/\/www.esin.av.tr\/tr\/wp-json\/wp\/v2\/media?parent=35524"}],"wp:term":[{"taxonomy":"category","embeddable":true,"href":"https:\/\/www.esin.av.tr\/tr\/wp-json\/wp\/v2\/categories?post=35524"},{"taxonomy":"post_tag","embeddable":true,"href":"https:\/\/www.esin.av.tr\/tr\/wp-json\/wp\/v2\/tags?post=35524"}],"curies":[{"name":"wp","href":"https:\/\/api.w.org\/{rel}","templated":true}]}}