{"id":35519,"date":"2026-08-28T06:48:49","date_gmt":"2026-08-28T06:48:49","guid":{"rendered":"https:\/\/www.esin.av.tr\/?p=35519"},"modified":"2026-08-28T06:48:49","modified_gmt":"2026-08-28T06:48:49","slug":"spkdan-uluslararasi-halka-arzlara-oncelik","status":"publish","type":"post","link":"https:\/\/www.esin.av.tr\/tr\/2026\/08\/28\/spkdan-uluslararasi-halka-arzlara-oncelik\/","title":{"rendered":"SPK&#8217;dan Uluslararas\u0131 Halka Arzlara \u00d6ncelik"},"content":{"rendered":"<p><strong>Yeni Geli\u015fme<\/strong><\/p>\n<p>Sermaye Piyasas\u0131 Kurulu (&#8220;<strong>SPK<\/strong>&#8220;), 27 A\u011fustos 2026 tarih ve 51\/1568 say\u0131l\u0131 ilke karar\u0131 (&#8220;<strong>\u0130lke Karar\u0131<\/strong>&#8220;) ile paylar\u0131n ilk halka arz\u0131na ili\u015fkin SPK&#8217;ya yap\u0131lacak ba\u015fvurularda belirli kriterleri sa\u011flayan \u015firketlere \u00f6ncelik tan\u0131nabilece\u011fini d\u00fczenledi.<br \/>\n<strong>\u0130lke Karar\u0131 Neler Getiriyor?<\/strong><\/p>\n<p>\u0130lke Karar\u0131 uyar\u0131nca, SPK&#8217;ya yap\u0131lan ilk halka arz ba\u015fvurular\u0131, a\u015fa\u011f\u0131daki kriterlerden en az birinin sa\u011flanmas\u0131 ve halka a\u00e7\u0131lacak \u015firket taraf\u0131ndan talep edilmesi halinde, SPK&#8217;n\u0131n internet sitesinde (<a href=\"https:\/\/urldefense.com\/v3\/__https:\/spk.gov.tr\/istatistikler\/basvurular\/ilk-halka-arz-basvurusu__;!!Hj9Y_P0nvg!X-1U1iXYj5jIPetdVAVgcceKAKFfID31bJFTC_cHSpHt8ak8a6a8cQf6Kx4jW4ZX_JAJMxfu2lfSu8Yp2m87uxcKWg$\">https:\/\/spk.gov.tr\/istatistikler\/basvurular\/ilk-halka-arz-basvurusu<\/a>) ilan edilen s\u0131ralamaya tabi olmaks\u0131z\u0131n \u00f6ncelik verilerek sonu\u00e7land\u0131r\u0131labilecek:<\/p>\n<ol>\n<li>Halka a\u00e7\u0131lacak \u015firketin son be\u015f y\u0131l i\u00e7inde de\u011fi\u015fiklik olmamas\u0131 kayd\u0131yla \u015firket merkezi ve has\u0131lat\u0131n\u0131n %50\u2019sinden fazlas\u0131n\u0131 elde etti\u011fi fabrika\/\u00fcretim tesisi veya hizmet ofislerinin bulundu\u011fu \u015fehirde halka a\u00e7\u0131larak borsada i\u015flem g\u00f6recek ilk \u015firket olmas\u0131.<\/li>\n<li>Halka a\u00e7\u0131lacak \u015firketin y\u00f6netim hakimiyetine T.C. Hazine ve Maliye Bakanl\u0131\u011f\u0131, T\u00fcrkiye Varl\u0131k Fonu Y\u00f6netimi A.\u015e. ve kamu kurumlar\u0131n\u0131n do\u011frudan veya dolayl\u0131 olarak sahip olmas\u0131.<\/li>\n<li>Halka arz edilecek paylar\u0131n piyasa de\u011ferinin 15.000.000.000 TL\u2019den fazla olmas\u0131 ve yurt d\u0131\u015f\u0131 yat\u0131r\u0131mc\u0131 grubuna asgari %50 oran\u0131nda tahsisat \u00f6ng\u00f6r\u00fclmesi \u015fart\u0131yla halka arz\u0131n 6362 say\u0131l\u0131 Sermaye Piyasas\u0131 Kanunu ve ilgili alt d\u00fczenlemelerin yan\u0131 s\u0131ra genel kabul g\u00f6rm\u00fc\u015f uluslararas\u0131 mevzuata uygun \u015fekilde yap\u0131lmas\u0131 amac\u0131yla yabanc\u0131 dilde haz\u0131rlanm\u0131\u015f taslak belge setinin SPK&#8217;ya ibraz edilmesi.<\/li>\n<\/ol>\n<p><strong>Sonu\u00e7\u00a0<\/strong><\/p>\n<p>\u0130lke Karar\u0131 ile SPK, belirli kriterleri kar\u015f\u0131layan \u015firketlerin ilk halka arz ba\u015fvurular\u0131n\u0131n \u00f6ncelikli olarak incelenmesine imk\u00e2n tan\u0131yarak \u00f6zellikle y\u00fcksek tutarl\u0131 ve uluslararas\u0131 nitelikte ilk halka arzlar\u0131 \u00f6nceliklendirmeyi hedefliyor.<\/p>\n","protected":false},"excerpt":{"rendered":"<p>Yeni Geli\u015fme Sermaye Piyasas\u0131 Kurulu (&#8220;SPK&#8220;), 27 A\u011fustos 2026 tarih ve 51\/1568 say\u0131l\u0131 ilke karar\u0131 (&#8220;\u0130lke Karar\u0131&#8220;) ile paylar\u0131n ilk [&hellip;]<\/p>\n","protected":false},"author":4,"featured_media":0,"comment_status":"closed","ping_status":"closed","sticky":false,"template":"","format":"standard","meta":{"_acf_changed":false,"_stopmodifiedupdate":false,"_modified_date":"","footnotes":""},"categories":[120],"tags":[97],"class_list":["post-35519","post","type-post","status-publish","format-standard","hentry","category-legal-alerts","tag-capital-markets-tr"],"acf":[],"yoast_head":"<!-- This site is optimized with the Yoast SEO plugin v24.0 - https:\/\/yoast.com\/wordpress\/plugins\/seo\/ -->\n<title>SPK&#039;dan Uluslararas\u0131 Halka Arzlara \u00d6ncelik<\/title>\n<meta name=\"description\" content=\"Yeni Geli\u015fme Sermaye Piyasas\u0131 Kurulu (&quot;SPK&quot;), 27 A\u011fustos 2026 tarih ve 51\/1568 say\u0131l\u0131 ilke karar\u0131 (&quot;\u0130lke Karar\u0131&quot;) ile paylar\u0131n ilk halka arz\u0131na ili\u015fkin\" \/>\n<meta name=\"robots\" content=\"index, follow, max-snippet:-1, max-image-preview:large, max-video-preview:-1\" \/>\n<link rel=\"canonical\" href=\"https:\/\/www.esin.av.tr\/tr\/2026\/08\/28\/spkdan-uluslararasi-halka-arzlara-oncelik\/\" \/>\n<meta property=\"og:locale\" content=\"tr_TR\" \/>\n<meta property=\"og:type\" content=\"article\" \/>\n<meta property=\"og:title\" content=\"SPK&#039;dan Uluslararas\u0131 Halka Arzlara \u00d6ncelik\" \/>\n<meta property=\"og:description\" content=\"Yeni Geli\u015fme Sermaye Piyasas\u0131 Kurulu (&quot;SPK&quot;), 27 A\u011fustos 2026 tarih ve 51\/1568 say\u0131l\u0131 ilke karar\u0131 (&quot;\u0130lke Karar\u0131&quot;) ile paylar\u0131n ilk halka arz\u0131na ili\u015fkin\" \/>\n<meta property=\"og:url\" content=\"https:\/\/www.esin.av.tr\/tr\/2026\/08\/28\/spkdan-uluslararasi-halka-arzlara-oncelik\/\" \/>\n<meta property=\"og:site_name\" content=\"Esin Avukatl\u0131k Ortakl\u0131\u011f\u0131\" \/>\n<meta property=\"article:published_time\" content=\"2026-08-28T06:48:49+00:00\" \/>\n<meta name=\"author\" content=\"R\u0131dvan Konrat\" \/>\n<meta name=\"twitter:card\" content=\"summary_large_image\" \/>\n<meta name=\"twitter:label1\" content=\"Written by\" \/>\n\t<meta name=\"twitter:data1\" content=\"R\u0131dvan Konrat\" \/>\n\t<meta name=\"twitter:label2\" content=\"Est. reading time\" \/>\n\t<meta name=\"twitter:data2\" content=\"1 minute\" \/>\n<script type=\"application\/ld+json\" class=\"yoast-schema-graph\">{\"@context\":\"https:\/\/schema.org\",\"@graph\":[{\"@type\":\"Article\",\"@id\":\"https:\/\/www.esin.av.tr\/tr\/2026\/08\/28\/spkdan-uluslararasi-halka-arzlara-oncelik\/#article\",\"isPartOf\":{\"@id\":\"https:\/\/www.esin.av.tr\/tr\/2026\/08\/28\/spkdan-uluslararasi-halka-arzlara-oncelik\/\"},\"author\":{\"name\":\"R\u0131dvan Konrat\",\"@id\":\"https:\/\/www.esin.av.tr\/tr\/#\/schema\/person\/42c8e616aab56b8622fa365ad63282ae\"},\"headline\":\"SPK&#8217;dan Uluslararas\u0131 Halka Arzlara \u00d6ncelik\",\"datePublished\":\"2026-08-28T06:48:49+00:00\",\"dateModified\":\"2026-08-28T06:48:49+00:00\",\"mainEntityOfPage\":{\"@id\":\"https:\/\/www.esin.av.tr\/tr\/2026\/08\/28\/spkdan-uluslararasi-halka-arzlara-oncelik\/\"},\"wordCount\":296,\"publisher\":{\"@id\":\"https:\/\/www.esin.av.tr\/tr\/#organization\"},\"keywords\":[\"Sermaye Piyasas\u0131 Hukuku\"],\"articleSection\":[\"Hukuk B\u00fcltenleri\"],\"inLanguage\":\"tr\"},{\"@type\":\"WebPage\",\"@id\":\"https:\/\/www.esin.av.tr\/tr\/2026\/08\/28\/spkdan-uluslararasi-halka-arzlara-oncelik\/\",\"url\":\"https:\/\/www.esin.av.tr\/tr\/2026\/08\/28\/spkdan-uluslararasi-halka-arzlara-oncelik\/\",\"name\":\"SPK'dan Uluslararas\u0131 Halka Arzlara \u00d6ncelik\",\"isPartOf\":{\"@id\":\"https:\/\/www.esin.av.tr\/tr\/#website\"},\"datePublished\":\"2026-08-28T06:48:49+00:00\",\"dateModified\":\"2026-08-28T06:48:49+00:00\",\"description\":\"Yeni Geli\u015fme Sermaye Piyasas\u0131 Kurulu (\\\"SPK\\\"), 27 A\u011fustos 2026 tarih ve 51\/1568 say\u0131l\u0131 ilke karar\u0131 (\\\"\u0130lke Karar\u0131\\\") ile paylar\u0131n ilk halka arz\u0131na ili\u015fkin\",\"breadcrumb\":{\"@id\":\"https:\/\/www.esin.av.tr\/tr\/2026\/08\/28\/spkdan-uluslararasi-halka-arzlara-oncelik\/#breadcrumb\"},\"inLanguage\":\"tr\",\"potentialAction\":[{\"@type\":\"ReadAction\",\"target\":[\"https:\/\/www.esin.av.tr\/tr\/2026\/08\/28\/spkdan-uluslararasi-halka-arzlara-oncelik\/\"]}]},{\"@type\":\"BreadcrumbList\",\"@id\":\"https:\/\/www.esin.av.tr\/tr\/2026\/08\/28\/spkdan-uluslararasi-halka-arzlara-oncelik\/#breadcrumb\",\"itemListElement\":[{\"@type\":\"ListItem\",\"position\":1,\"name\":\"Home\",\"item\":\"https:\/\/www.esin.av.tr\/tr\/\"},{\"@type\":\"ListItem\",\"position\":2,\"name\":\"SPK&#8217;dan Uluslararas\u0131 Halka Arzlara \u00d6ncelik\"}]},{\"@type\":\"WebSite\",\"@id\":\"https:\/\/www.esin.av.tr\/tr\/#website\",\"url\":\"https:\/\/www.esin.av.tr\/tr\/\",\"name\":\"Esin Avukatl\u0131k Ortakl\u0131\u011f\u0131\",\"description\":\"\",\"publisher\":{\"@id\":\"https:\/\/www.esin.av.tr\/tr\/#organization\"},\"potentialAction\":[{\"@type\":\"SearchAction\",\"target\":{\"@type\":\"EntryPoint\",\"urlTemplate\":\"https:\/\/www.esin.av.tr\/tr\/?s={search_term_string}\"},\"query-input\":{\"@type\":\"PropertyValueSpecification\",\"valueRequired\":true,\"valueName\":\"search_term_string\"}}],\"inLanguage\":\"tr\"},{\"@type\":\"Organization\",\"@id\":\"https:\/\/www.esin.av.tr\/tr\/#organization\",\"name\":\"Esin Avukatl\u0131k Ortakl\u0131\u011f\u0131\",\"url\":\"https:\/\/www.esin.av.tr\/tr\/\",\"logo\":{\"@type\":\"ImageObject\",\"inLanguage\":\"tr\",\"@id\":\"https:\/\/www.esin.av.tr\/tr\/#\/schema\/logo\/image\/\",\"url\":\"https:\/\/www.esin.av.tr\/wp-content\/uploads\/2021\/09\/esin-2.jpg\",\"contentUrl\":\"https:\/\/www.esin.av.tr\/wp-content\/uploads\/2021\/09\/esin-2.jpg\",\"width\":800,\"height\":460,\"caption\":\"Esin Avukatl\u0131k Ortakl\u0131\u011f\u0131\"},\"image\":{\"@id\":\"https:\/\/www.esin.av.tr\/tr\/#\/schema\/logo\/image\/\"}},{\"@type\":\"Person\",\"@id\":\"https:\/\/www.esin.av.tr\/tr\/#\/schema\/person\/42c8e616aab56b8622fa365ad63282ae\",\"name\":\"R\u0131dvan Konrat\",\"image\":{\"@type\":\"ImageObject\",\"inLanguage\":\"tr\",\"@id\":\"https:\/\/www.esin.av.tr\/tr\/#\/schema\/person\/image\/\",\"url\":\"https:\/\/secure.gravatar.com\/avatar\/b20c6c583be38ed4e76e32f69fccc676?s=96&d=mm&r=g\",\"contentUrl\":\"https:\/\/secure.gravatar.com\/avatar\/b20c6c583be38ed4e76e32f69fccc676?s=96&d=mm&r=g\",\"caption\":\"R\u0131dvan Konrat\"},\"sameAs\":[\"http:\/\/www.esin.av.tr\"],\"url\":\"https:\/\/www.esin.av.tr\/tr\/author\/rkonrat\/\"}]}<\/script>\n<!-- \/ Yoast SEO plugin. -->","yoast_head_json":{"title":"SPK'dan Uluslararas\u0131 Halka Arzlara \u00d6ncelik","description":"Yeni Geli\u015fme Sermaye Piyasas\u0131 Kurulu (\"SPK\"), 27 A\u011fustos 2026 tarih ve 51\/1568 say\u0131l\u0131 ilke karar\u0131 (\"\u0130lke Karar\u0131\") ile paylar\u0131n ilk halka arz\u0131na ili\u015fkin","robots":{"index":"index","follow":"follow","max-snippet":"max-snippet:-1","max-image-preview":"max-image-preview:large","max-video-preview":"max-video-preview:-1"},"canonical":"https:\/\/www.esin.av.tr\/tr\/2026\/08\/28\/spkdan-uluslararasi-halka-arzlara-oncelik\/","og_locale":"tr_TR","og_type":"article","og_title":"SPK'dan Uluslararas\u0131 Halka Arzlara \u00d6ncelik","og_description":"Yeni Geli\u015fme Sermaye Piyasas\u0131 Kurulu (\"SPK\"), 27 A\u011fustos 2026 tarih ve 51\/1568 say\u0131l\u0131 ilke karar\u0131 (\"\u0130lke Karar\u0131\") ile paylar\u0131n ilk halka arz\u0131na ili\u015fkin","og_url":"https:\/\/www.esin.av.tr\/tr\/2026\/08\/28\/spkdan-uluslararasi-halka-arzlara-oncelik\/","og_site_name":"Esin Avukatl\u0131k Ortakl\u0131\u011f\u0131","article_published_time":"2026-08-28T06:48:49+00:00","author":"R\u0131dvan Konrat","twitter_card":"summary_large_image","twitter_misc":{"Written by":"R\u0131dvan Konrat","Est. reading time":"1 minute"},"schema":{"@context":"https:\/\/schema.org","@graph":[{"@type":"Article","@id":"https:\/\/www.esin.av.tr\/tr\/2026\/08\/28\/spkdan-uluslararasi-halka-arzlara-oncelik\/#article","isPartOf":{"@id":"https:\/\/www.esin.av.tr\/tr\/2026\/08\/28\/spkdan-uluslararasi-halka-arzlara-oncelik\/"},"author":{"name":"R\u0131dvan Konrat","@id":"https:\/\/www.esin.av.tr\/tr\/#\/schema\/person\/42c8e616aab56b8622fa365ad63282ae"},"headline":"SPK&#8217;dan Uluslararas\u0131 Halka Arzlara \u00d6ncelik","datePublished":"2026-08-28T06:48:49+00:00","dateModified":"2026-08-28T06:48:49+00:00","mainEntityOfPage":{"@id":"https:\/\/www.esin.av.tr\/tr\/2026\/08\/28\/spkdan-uluslararasi-halka-arzlara-oncelik\/"},"wordCount":296,"publisher":{"@id":"https:\/\/www.esin.av.tr\/tr\/#organization"},"keywords":["Sermaye Piyasas\u0131 Hukuku"],"articleSection":["Hukuk B\u00fcltenleri"],"inLanguage":"tr"},{"@type":"WebPage","@id":"https:\/\/www.esin.av.tr\/tr\/2026\/08\/28\/spkdan-uluslararasi-halka-arzlara-oncelik\/","url":"https:\/\/www.esin.av.tr\/tr\/2026\/08\/28\/spkdan-uluslararasi-halka-arzlara-oncelik\/","name":"SPK'dan Uluslararas\u0131 Halka Arzlara \u00d6ncelik","isPartOf":{"@id":"https:\/\/www.esin.av.tr\/tr\/#website"},"datePublished":"2026-08-28T06:48:49+00:00","dateModified":"2026-08-28T06:48:49+00:00","description":"Yeni Geli\u015fme Sermaye Piyasas\u0131 Kurulu (\"SPK\"), 27 A\u011fustos 2026 tarih ve 51\/1568 say\u0131l\u0131 ilke karar\u0131 (\"\u0130lke Karar\u0131\") ile paylar\u0131n ilk halka arz\u0131na ili\u015fkin","breadcrumb":{"@id":"https:\/\/www.esin.av.tr\/tr\/2026\/08\/28\/spkdan-uluslararasi-halka-arzlara-oncelik\/#breadcrumb"},"inLanguage":"tr","potentialAction":[{"@type":"ReadAction","target":["https:\/\/www.esin.av.tr\/tr\/2026\/08\/28\/spkdan-uluslararasi-halka-arzlara-oncelik\/"]}]},{"@type":"BreadcrumbList","@id":"https:\/\/www.esin.av.tr\/tr\/2026\/08\/28\/spkdan-uluslararasi-halka-arzlara-oncelik\/#breadcrumb","itemListElement":[{"@type":"ListItem","position":1,"name":"Home","item":"https:\/\/www.esin.av.tr\/tr\/"},{"@type":"ListItem","position":2,"name":"SPK&#8217;dan Uluslararas\u0131 Halka Arzlara \u00d6ncelik"}]},{"@type":"WebSite","@id":"https:\/\/www.esin.av.tr\/tr\/#website","url":"https:\/\/www.esin.av.tr\/tr\/","name":"Esin Avukatl\u0131k Ortakl\u0131\u011f\u0131","description":"","publisher":{"@id":"https:\/\/www.esin.av.tr\/tr\/#organization"},"potentialAction":[{"@type":"SearchAction","target":{"@type":"EntryPoint","urlTemplate":"https:\/\/www.esin.av.tr\/tr\/?s={search_term_string}"},"query-input":{"@type":"PropertyValueSpecification","valueRequired":true,"valueName":"search_term_string"}}],"inLanguage":"tr"},{"@type":"Organization","@id":"https:\/\/www.esin.av.tr\/tr\/#organization","name":"Esin Avukatl\u0131k Ortakl\u0131\u011f\u0131","url":"https:\/\/www.esin.av.tr\/tr\/","logo":{"@type":"ImageObject","inLanguage":"tr","@id":"https:\/\/www.esin.av.tr\/tr\/#\/schema\/logo\/image\/","url":"https:\/\/www.esin.av.tr\/wp-content\/uploads\/2021\/09\/esin-2.jpg","contentUrl":"https:\/\/www.esin.av.tr\/wp-content\/uploads\/2021\/09\/esin-2.jpg","width":800,"height":460,"caption":"Esin Avukatl\u0131k Ortakl\u0131\u011f\u0131"},"image":{"@id":"https:\/\/www.esin.av.tr\/tr\/#\/schema\/logo\/image\/"}},{"@type":"Person","@id":"https:\/\/www.esin.av.tr\/tr\/#\/schema\/person\/42c8e616aab56b8622fa365ad63282ae","name":"R\u0131dvan Konrat","image":{"@type":"ImageObject","inLanguage":"tr","@id":"https:\/\/www.esin.av.tr\/tr\/#\/schema\/person\/image\/","url":"https:\/\/secure.gravatar.com\/avatar\/b20c6c583be38ed4e76e32f69fccc676?s=96&d=mm&r=g","contentUrl":"https:\/\/secure.gravatar.com\/avatar\/b20c6c583be38ed4e76e32f69fccc676?s=96&d=mm&r=g","caption":"R\u0131dvan Konrat"},"sameAs":["http:\/\/www.esin.av.tr"],"url":"https:\/\/www.esin.av.tr\/tr\/author\/rkonrat\/"}]}},"_links":{"self":[{"href":"https:\/\/www.esin.av.tr\/tr\/wp-json\/wp\/v2\/posts\/35519","targetHints":{"allow":["GET"]}}],"collection":[{"href":"https:\/\/www.esin.av.tr\/tr\/wp-json\/wp\/v2\/posts"}],"about":[{"href":"https:\/\/www.esin.av.tr\/tr\/wp-json\/wp\/v2\/types\/post"}],"author":[{"embeddable":true,"href":"https:\/\/www.esin.av.tr\/tr\/wp-json\/wp\/v2\/users\/4"}],"replies":[{"embeddable":true,"href":"https:\/\/www.esin.av.tr\/tr\/wp-json\/wp\/v2\/comments?post=35519"}],"version-history":[{"count":1,"href":"https:\/\/www.esin.av.tr\/tr\/wp-json\/wp\/v2\/posts\/35519\/revisions"}],"predecessor-version":[{"id":35520,"href":"https:\/\/www.esin.av.tr\/tr\/wp-json\/wp\/v2\/posts\/35519\/revisions\/35520"}],"wp:attachment":[{"href":"https:\/\/www.esin.av.tr\/tr\/wp-json\/wp\/v2\/media?parent=35519"}],"wp:term":[{"taxonomy":"category","embeddable":true,"href":"https:\/\/www.esin.av.tr\/tr\/wp-json\/wp\/v2\/categories?post=35519"},{"taxonomy":"post_tag","embeddable":true,"href":"https:\/\/www.esin.av.tr\/tr\/wp-json\/wp\/v2\/tags?post=35519"}],"curies":[{"name":"wp","href":"https:\/\/api.w.org\/{rel}","templated":true}]}}