{"id":30934,"date":"2025-11-11T08:11:12","date_gmt":"2025-11-11T08:11:12","guid":{"rendered":"https:\/\/www.esin.av.tr\/?p=30934"},"modified":"2025-11-11T08:11:12","modified_gmt":"2025-11-11T08:11:12","slug":"turkiye-2025-2028-ulusal-dongusel-ekonomi-stratejisi-ve-eylem-planini-duyurdu","status":"publish","type":"post","link":"https:\/\/www.esin.av.tr\/tr\/2025\/11\/11\/turkiye-2025-2028-ulusal-dongusel-ekonomi-stratejisi-ve-eylem-planini-duyurdu\/","title":{"rendered":"T\u00fcrkiye 2025 \u2013 2028 Ulusal D\u00f6ng\u00fcsel Ekonomi Stratejisi ve Eylem Plan\u0131&#8217;n\u0131 Duyurdu"},"content":{"rendered":"<p>Hukuk B\u00fcltenimizi okumak i\u00e7in<a href=\"https:\/\/urldefense.com\/v3\/__https:\/esinxchange.com\/collect\/click.aspx?u=K2hiQ0lDTkd2NTZFTE5oR0ltQjRxVkpUbHFsZThPbThzcGg2K0FrdWMwUjl4cUlYRm5hUUQyNmRjOHBwSTFJTUE4dktHaUdyMnJnZ1M4dkxGR1c3d3d3cFV6ejlqai8zdUNhSVprN0xKOG4vTFNJdlFqVDArcWZYS3dGUkZjbU9VdUpzM1ltMkhCck9KUE1pZGxUK1RtR0lIRlZueDliSA==&amp;rh=ff00f94b4cf4f3c21e8ef8ef5f468b66accf0a9d__;!!Hj9Y_P0nvg!RJ4PVxva56_oYWSpU-2UKNvuxzUf9_QNoSk3rY0XFzcIehH0uRgwGUt-GYJLDACeLSUO2wN5pgxQJ3n6QacbTRUzHg$\">\u00a0<\/a><a href=\"https:\/\/urldefense.com\/v3\/__https:\/esinxchange.com\/collect\/click.aspx?u=K2hiQ0lDTkd2NTZFTE5oR0ltQjRxVkpUbHFsZThPbThzcGg2K0FrdWMwUjl4cUlYRm5hUUQyNmRjOHBwSTFJTTdZb0JWeUpOOXFKM04wQkN5VHUwLytlNXFTWSttaDFsZXZUZkZaUVg2dGNLSWgyUndjZXljQWpHWTRaSW5ISE1kcUhiSE9nMGhFMTBBZmJyaXNpT2tJcDZUSytUMjFFdGxXLzA2MlYxck1EVGRENjQra2ZPRGtGRnRqWVJoTGIwcEJDbWllSndxOENxOFhBZ0VtUnB4L050TndmVk5mTjBuT3FJV3ZjU3ZrQT0=&amp;rh=ff00f94b4cf4f3c21e8ef8ef5f468b66accf0a9d__;!!Hj9Y_P0nvg!RJ4PVxva56_oYWSpU-2UKNvuxzUf9_QNoSk3rY0XFzcIehH0uRgwGUt-GYJLDACeLSUO2wN5pgxQJ3n6QaeRbGZV9g$\">g\u00f6rsele t\u0131klayabilirsiniz.<\/a><\/p>\n<p><a href=\"https:\/\/f.datasrvr.com\/fr1\/025\/81236\/Legal_Alert_-_T%C3%BCrkiye_Announces_the_2025_%E2%80%93_2028_National_Circular_Economy_Strategy_and_Action_Plan.pdf\" target=\"_blank\" rel=\"noopener\"><img fetchpriority=\"high\" decoding=\"async\" class=\"alignnone  wp-image-30932\" src=\"https:\/\/www.esin.av.tr\/wp-content\/uploads\/2025\/11\/Ekran-goruntusu-2025-11-11-110637-300x213.jpg\" alt=\"\" width=\"485\" height=\"344\" srcset=\"https:\/\/www.esin.av.tr\/wp-content\/uploads\/2025\/11\/Ekran-goruntusu-2025-11-11-110637-300x213.jpg 300w, https:\/\/www.esin.av.tr\/wp-content\/uploads\/2025\/11\/Ekran-goruntusu-2025-11-11-110637.jpg 671w\" sizes=\"(max-width: 485px) 100vw, 485px\" \/><\/a><\/p>\n","protected":false},"excerpt":{"rendered":"<p>Hukuk B\u00fcltenimizi okumak i\u00e7in\u00a0g\u00f6rsele t\u0131klayabilirsiniz.<\/p>\n","protected":false},"author":4,"featured_media":0,"comment_status":"closed","ping_status":"closed","sticky":false,"template":"","format":"standard","meta":{"_acf_changed":false,"_stopmodifiedupdate":false,"_modified_date":"","footnotes":""},"categories":[118],"tags":[94],"class_list":["post-30934","post","type-post","status-publish","format-standard","hentry","category-publications","tag-international-commercial-and-trade-tr"],"acf":[],"yoast_head":"<!-- This site is optimized with the Yoast SEO plugin v24.0 - https:\/\/yoast.com\/wordpress\/plugins\/seo\/ -->\n<title>T\u00fcrkiye 2025 \u2013 2028 Ulusal D\u00f6ng\u00fcsel Ekonomi Stratejisi ve Eylem Plan\u0131&#039;n\u0131 Duyurdu<\/title>\n<meta name=\"description\" content=\"Hukuk B\u00fcltenimizi okumak i\u00e7in\u00a0g\u00f6rsele t\u0131klayabilirsiniz.\" \/>\n<meta name=\"robots\" content=\"index, follow, max-snippet:-1, max-image-preview:large, max-video-preview:-1\" \/>\n<link rel=\"canonical\" href=\"https:\/\/www.esin.av.tr\/tr\/2025\/11\/11\/turkiye-2025-2028-ulusal-dongusel-ekonomi-stratejisi-ve-eylem-planini-duyurdu\/\" \/>\n<meta property=\"og:locale\" content=\"tr_TR\" \/>\n<meta property=\"og:type\" content=\"article\" \/>\n<meta property=\"og:title\" content=\"T\u00fcrkiye 2025 \u2013 2028 Ulusal D\u00f6ng\u00fcsel Ekonomi Stratejisi ve Eylem Plan\u0131&#039;n\u0131 Duyurdu\" \/>\n<meta property=\"og:description\" content=\"Hukuk B\u00fcltenimizi okumak i\u00e7in\u00a0g\u00f6rsele t\u0131klayabilirsiniz.\" \/>\n<meta property=\"og:url\" content=\"https:\/\/www.esin.av.tr\/tr\/2025\/11\/11\/turkiye-2025-2028-ulusal-dongusel-ekonomi-stratejisi-ve-eylem-planini-duyurdu\/\" \/>\n<meta property=\"og:site_name\" content=\"Esin Avukatl\u0131k Ortakl\u0131\u011f\u0131\" \/>\n<meta property=\"article:published_time\" content=\"2025-11-11T08:11:12+00:00\" \/>\n<meta property=\"og:image\" content=\"https:\/\/www.esin.av.tr\/wp-content\/uploads\/2025\/11\/Ekran-goruntusu-2025-11-11-110637.jpg\" \/>\n\t<meta property=\"og:image:width\" content=\"671\" \/>\n\t<meta property=\"og:image:height\" content=\"476\" \/>\n\t<meta property=\"og:image:type\" content=\"image\/jpeg\" \/>\n<meta name=\"author\" content=\"R\u0131dvan Konrat\" \/>\n<meta name=\"twitter:card\" content=\"summary_large_image\" \/>\n<meta name=\"twitter:label1\" content=\"Written by\" \/>\n\t<meta name=\"twitter:data1\" content=\"R\u0131dvan Konrat\" \/>\n<script type=\"application\/ld+json\" class=\"yoast-schema-graph\">{\"@context\":\"https:\/\/schema.org\",\"@graph\":[{\"@type\":\"Article\",\"@id\":\"https:\/\/www.esin.av.tr\/tr\/2025\/11\/11\/turkiye-2025-2028-ulusal-dongusel-ekonomi-stratejisi-ve-eylem-planini-duyurdu\/#article\",\"isPartOf\":{\"@id\":\"https:\/\/www.esin.av.tr\/tr\/2025\/11\/11\/turkiye-2025-2028-ulusal-dongusel-ekonomi-stratejisi-ve-eylem-planini-duyurdu\/\"},\"author\":{\"name\":\"R\u0131dvan Konrat\",\"@id\":\"https:\/\/www.esin.av.tr\/tr\/#\/schema\/person\/42c8e616aab56b8622fa365ad63282ae\"},\"headline\":\"T\u00fcrkiye 2025 \u2013 2028 Ulusal D\u00f6ng\u00fcsel Ekonomi Stratejisi ve Eylem Plan\u0131&#8217;n\u0131 Duyurdu\",\"datePublished\":\"2025-11-11T08:11:12+00:00\",\"dateModified\":\"2025-11-11T08:11:12+00:00\",\"mainEntityOfPage\":{\"@id\":\"https:\/\/www.esin.av.tr\/tr\/2025\/11\/11\/turkiye-2025-2028-ulusal-dongusel-ekonomi-stratejisi-ve-eylem-planini-duyurdu\/\"},\"wordCount\":23,\"publisher\":{\"@id\":\"https:\/\/www.esin.av.tr\/tr\/#organization\"},\"image\":{\"@id\":\"https:\/\/www.esin.av.tr\/tr\/2025\/11\/11\/turkiye-2025-2028-ulusal-dongusel-ekonomi-stratejisi-ve-eylem-planini-duyurdu\/#primaryimage\"},\"thumbnailUrl\":\"https:\/\/www.esin.av.tr\/wp-content\/uploads\/2025\/11\/Ekran-goruntusu-2025-11-11-110637-300x213.jpg\",\"keywords\":[\"Uluslararas\u0131 Ticaret Hukuku\"],\"articleSection\":[\"Yay\u0131nlar\"],\"inLanguage\":\"tr\"},{\"@type\":\"WebPage\",\"@id\":\"https:\/\/www.esin.av.tr\/tr\/2025\/11\/11\/turkiye-2025-2028-ulusal-dongusel-ekonomi-stratejisi-ve-eylem-planini-duyurdu\/\",\"url\":\"https:\/\/www.esin.av.tr\/tr\/2025\/11\/11\/turkiye-2025-2028-ulusal-dongusel-ekonomi-stratejisi-ve-eylem-planini-duyurdu\/\",\"name\":\"T\u00fcrkiye 2025 \u2013 2028 Ulusal D\u00f6ng\u00fcsel Ekonomi Stratejisi ve Eylem Plan\u0131'n\u0131 Duyurdu\",\"isPartOf\":{\"@id\":\"https:\/\/www.esin.av.tr\/tr\/#website\"},\"primaryImageOfPage\":{\"@id\":\"https:\/\/www.esin.av.tr\/tr\/2025\/11\/11\/turkiye-2025-2028-ulusal-dongusel-ekonomi-stratejisi-ve-eylem-planini-duyurdu\/#primaryimage\"},\"image\":{\"@id\":\"https:\/\/www.esin.av.tr\/tr\/2025\/11\/11\/turkiye-2025-2028-ulusal-dongusel-ekonomi-stratejisi-ve-eylem-planini-duyurdu\/#primaryimage\"},\"thumbnailUrl\":\"https:\/\/www.esin.av.tr\/wp-content\/uploads\/2025\/11\/Ekran-goruntusu-2025-11-11-110637-300x213.jpg\",\"datePublished\":\"2025-11-11T08:11:12+00:00\",\"dateModified\":\"2025-11-11T08:11:12+00:00\",\"description\":\"Hukuk B\u00fcltenimizi okumak i\u00e7in\u00a0g\u00f6rsele t\u0131klayabilirsiniz.\",\"breadcrumb\":{\"@id\":\"https:\/\/www.esin.av.tr\/tr\/2025\/11\/11\/turkiye-2025-2028-ulusal-dongusel-ekonomi-stratejisi-ve-eylem-planini-duyurdu\/#breadcrumb\"},\"inLanguage\":\"tr\",\"potentialAction\":[{\"@type\":\"ReadAction\",\"target\":[\"https:\/\/www.esin.av.tr\/tr\/2025\/11\/11\/turkiye-2025-2028-ulusal-dongusel-ekonomi-stratejisi-ve-eylem-planini-duyurdu\/\"]}]},{\"@type\":\"ImageObject\",\"inLanguage\":\"tr\",\"@id\":\"https:\/\/www.esin.av.tr\/tr\/2025\/11\/11\/turkiye-2025-2028-ulusal-dongusel-ekonomi-stratejisi-ve-eylem-planini-duyurdu\/#primaryimage\",\"url\":\"https:\/\/www.esin.av.tr\/wp-content\/uploads\/2025\/11\/Ekran-goruntusu-2025-11-11-110637-300x213.jpg\",\"contentUrl\":\"https:\/\/www.esin.av.tr\/wp-content\/uploads\/2025\/11\/Ekran-goruntusu-2025-11-11-110637-300x213.jpg\"},{\"@type\":\"BreadcrumbList\",\"@id\":\"https:\/\/www.esin.av.tr\/tr\/2025\/11\/11\/turkiye-2025-2028-ulusal-dongusel-ekonomi-stratejisi-ve-eylem-planini-duyurdu\/#breadcrumb\",\"itemListElement\":[{\"@type\":\"ListItem\",\"position\":1,\"name\":\"Home\",\"item\":\"https:\/\/www.esin.av.tr\/tr\/\"},{\"@type\":\"ListItem\",\"position\":2,\"name\":\"T\u00fcrkiye 2025 \u2013 2028 Ulusal D\u00f6ng\u00fcsel Ekonomi Stratejisi ve Eylem Plan\u0131&#8217;n\u0131 Duyurdu\"}]},{\"@type\":\"WebSite\",\"@id\":\"https:\/\/www.esin.av.tr\/tr\/#website\",\"url\":\"https:\/\/www.esin.av.tr\/tr\/\",\"name\":\"Esin Avukatl\u0131k Ortakl\u0131\u011f\u0131\",\"description\":\"\",\"publisher\":{\"@id\":\"https:\/\/www.esin.av.tr\/tr\/#organization\"},\"potentialAction\":[{\"@type\":\"SearchAction\",\"target\":{\"@type\":\"EntryPoint\",\"urlTemplate\":\"https:\/\/www.esin.av.tr\/tr\/?s={search_term_string}\"},\"query-input\":{\"@type\":\"PropertyValueSpecification\",\"valueRequired\":true,\"valueName\":\"search_term_string\"}}],\"inLanguage\":\"tr\"},{\"@type\":\"Organization\",\"@id\":\"https:\/\/www.esin.av.tr\/tr\/#organization\",\"name\":\"Esin Avukatl\u0131k Ortakl\u0131\u011f\u0131\",\"url\":\"https:\/\/www.esin.av.tr\/tr\/\",\"logo\":{\"@type\":\"ImageObject\",\"inLanguage\":\"tr\",\"@id\":\"https:\/\/www.esin.av.tr\/tr\/#\/schema\/logo\/image\/\",\"url\":\"https:\/\/www.esin.av.tr\/wp-content\/uploads\/2021\/09\/esin-2.jpg\",\"contentUrl\":\"https:\/\/www.esin.av.tr\/wp-content\/uploads\/2021\/09\/esin-2.jpg\",\"width\":800,\"height\":460,\"caption\":\"Esin Avukatl\u0131k Ortakl\u0131\u011f\u0131\"},\"image\":{\"@id\":\"https:\/\/www.esin.av.tr\/tr\/#\/schema\/logo\/image\/\"}},{\"@type\":\"Person\",\"@id\":\"https:\/\/www.esin.av.tr\/tr\/#\/schema\/person\/42c8e616aab56b8622fa365ad63282ae\",\"name\":\"R\u0131dvan Konrat\",\"image\":{\"@type\":\"ImageObject\",\"inLanguage\":\"tr\",\"@id\":\"https:\/\/www.esin.av.tr\/tr\/#\/schema\/person\/image\/\",\"url\":\"https:\/\/secure.gravatar.com\/avatar\/b20c6c583be38ed4e76e32f69fccc676?s=96&d=mm&r=g\",\"contentUrl\":\"https:\/\/secure.gravatar.com\/avatar\/b20c6c583be38ed4e76e32f69fccc676?s=96&d=mm&r=g\",\"caption\":\"R\u0131dvan Konrat\"},\"sameAs\":[\"http:\/\/www.esin.av.tr\"],\"url\":\"https:\/\/www.esin.av.tr\/tr\/author\/rkonrat\/\"}]}<\/script>\n<!-- \/ Yoast SEO plugin. -->","yoast_head_json":{"title":"T\u00fcrkiye 2025 \u2013 2028 Ulusal D\u00f6ng\u00fcsel Ekonomi Stratejisi ve Eylem Plan\u0131'n\u0131 Duyurdu","description":"Hukuk B\u00fcltenimizi okumak i\u00e7in\u00a0g\u00f6rsele t\u0131klayabilirsiniz.","robots":{"index":"index","follow":"follow","max-snippet":"max-snippet:-1","max-image-preview":"max-image-preview:large","max-video-preview":"max-video-preview:-1"},"canonical":"https:\/\/www.esin.av.tr\/tr\/2025\/11\/11\/turkiye-2025-2028-ulusal-dongusel-ekonomi-stratejisi-ve-eylem-planini-duyurdu\/","og_locale":"tr_TR","og_type":"article","og_title":"T\u00fcrkiye 2025 \u2013 2028 Ulusal D\u00f6ng\u00fcsel Ekonomi Stratejisi ve Eylem Plan\u0131'n\u0131 Duyurdu","og_description":"Hukuk B\u00fcltenimizi okumak i\u00e7in\u00a0g\u00f6rsele t\u0131klayabilirsiniz.","og_url":"https:\/\/www.esin.av.tr\/tr\/2025\/11\/11\/turkiye-2025-2028-ulusal-dongusel-ekonomi-stratejisi-ve-eylem-planini-duyurdu\/","og_site_name":"Esin Avukatl\u0131k Ortakl\u0131\u011f\u0131","article_published_time":"2025-11-11T08:11:12+00:00","og_image":[{"width":671,"height":476,"url":"https:\/\/www.esin.av.tr\/wp-content\/uploads\/2025\/11\/Ekran-goruntusu-2025-11-11-110637.jpg","type":"image\/jpeg"}],"author":"R\u0131dvan Konrat","twitter_card":"summary_large_image","twitter_misc":{"Written by":"R\u0131dvan Konrat"},"schema":{"@context":"https:\/\/schema.org","@graph":[{"@type":"Article","@id":"https:\/\/www.esin.av.tr\/tr\/2025\/11\/11\/turkiye-2025-2028-ulusal-dongusel-ekonomi-stratejisi-ve-eylem-planini-duyurdu\/#article","isPartOf":{"@id":"https:\/\/www.esin.av.tr\/tr\/2025\/11\/11\/turkiye-2025-2028-ulusal-dongusel-ekonomi-stratejisi-ve-eylem-planini-duyurdu\/"},"author":{"name":"R\u0131dvan Konrat","@id":"https:\/\/www.esin.av.tr\/tr\/#\/schema\/person\/42c8e616aab56b8622fa365ad63282ae"},"headline":"T\u00fcrkiye 2025 \u2013 2028 Ulusal D\u00f6ng\u00fcsel Ekonomi Stratejisi ve Eylem Plan\u0131&#8217;n\u0131 Duyurdu","datePublished":"2025-11-11T08:11:12+00:00","dateModified":"2025-11-11T08:11:12+00:00","mainEntityOfPage":{"@id":"https:\/\/www.esin.av.tr\/tr\/2025\/11\/11\/turkiye-2025-2028-ulusal-dongusel-ekonomi-stratejisi-ve-eylem-planini-duyurdu\/"},"wordCount":23,"publisher":{"@id":"https:\/\/www.esin.av.tr\/tr\/#organization"},"image":{"@id":"https:\/\/www.esin.av.tr\/tr\/2025\/11\/11\/turkiye-2025-2028-ulusal-dongusel-ekonomi-stratejisi-ve-eylem-planini-duyurdu\/#primaryimage"},"thumbnailUrl":"https:\/\/www.esin.av.tr\/wp-content\/uploads\/2025\/11\/Ekran-goruntusu-2025-11-11-110637-300x213.jpg","keywords":["Uluslararas\u0131 Ticaret Hukuku"],"articleSection":["Yay\u0131nlar"],"inLanguage":"tr"},{"@type":"WebPage","@id":"https:\/\/www.esin.av.tr\/tr\/2025\/11\/11\/turkiye-2025-2028-ulusal-dongusel-ekonomi-stratejisi-ve-eylem-planini-duyurdu\/","url":"https:\/\/www.esin.av.tr\/tr\/2025\/11\/11\/turkiye-2025-2028-ulusal-dongusel-ekonomi-stratejisi-ve-eylem-planini-duyurdu\/","name":"T\u00fcrkiye 2025 \u2013 2028 Ulusal D\u00f6ng\u00fcsel Ekonomi Stratejisi ve Eylem Plan\u0131'n\u0131 Duyurdu","isPartOf":{"@id":"https:\/\/www.esin.av.tr\/tr\/#website"},"primaryImageOfPage":{"@id":"https:\/\/www.esin.av.tr\/tr\/2025\/11\/11\/turkiye-2025-2028-ulusal-dongusel-ekonomi-stratejisi-ve-eylem-planini-duyurdu\/#primaryimage"},"image":{"@id":"https:\/\/www.esin.av.tr\/tr\/2025\/11\/11\/turkiye-2025-2028-ulusal-dongusel-ekonomi-stratejisi-ve-eylem-planini-duyurdu\/#primaryimage"},"thumbnailUrl":"https:\/\/www.esin.av.tr\/wp-content\/uploads\/2025\/11\/Ekran-goruntusu-2025-11-11-110637-300x213.jpg","datePublished":"2025-11-11T08:11:12+00:00","dateModified":"2025-11-11T08:11:12+00:00","description":"Hukuk B\u00fcltenimizi okumak i\u00e7in\u00a0g\u00f6rsele t\u0131klayabilirsiniz.","breadcrumb":{"@id":"https:\/\/www.esin.av.tr\/tr\/2025\/11\/11\/turkiye-2025-2028-ulusal-dongusel-ekonomi-stratejisi-ve-eylem-planini-duyurdu\/#breadcrumb"},"inLanguage":"tr","potentialAction":[{"@type":"ReadAction","target":["https:\/\/www.esin.av.tr\/tr\/2025\/11\/11\/turkiye-2025-2028-ulusal-dongusel-ekonomi-stratejisi-ve-eylem-planini-duyurdu\/"]}]},{"@type":"ImageObject","inLanguage":"tr","@id":"https:\/\/www.esin.av.tr\/tr\/2025\/11\/11\/turkiye-2025-2028-ulusal-dongusel-ekonomi-stratejisi-ve-eylem-planini-duyurdu\/#primaryimage","url":"https:\/\/www.esin.av.tr\/wp-content\/uploads\/2025\/11\/Ekran-goruntusu-2025-11-11-110637-300x213.jpg","contentUrl":"https:\/\/www.esin.av.tr\/wp-content\/uploads\/2025\/11\/Ekran-goruntusu-2025-11-11-110637-300x213.jpg"},{"@type":"BreadcrumbList","@id":"https:\/\/www.esin.av.tr\/tr\/2025\/11\/11\/turkiye-2025-2028-ulusal-dongusel-ekonomi-stratejisi-ve-eylem-planini-duyurdu\/#breadcrumb","itemListElement":[{"@type":"ListItem","position":1,"name":"Home","item":"https:\/\/www.esin.av.tr\/tr\/"},{"@type":"ListItem","position":2,"name":"T\u00fcrkiye 2025 \u2013 2028 Ulusal D\u00f6ng\u00fcsel Ekonomi Stratejisi ve Eylem Plan\u0131&#8217;n\u0131 Duyurdu"}]},{"@type":"WebSite","@id":"https:\/\/www.esin.av.tr\/tr\/#website","url":"https:\/\/www.esin.av.tr\/tr\/","name":"Esin Avukatl\u0131k Ortakl\u0131\u011f\u0131","description":"","publisher":{"@id":"https:\/\/www.esin.av.tr\/tr\/#organization"},"potentialAction":[{"@type":"SearchAction","target":{"@type":"EntryPoint","urlTemplate":"https:\/\/www.esin.av.tr\/tr\/?s={search_term_string}"},"query-input":{"@type":"PropertyValueSpecification","valueRequired":true,"valueName":"search_term_string"}}],"inLanguage":"tr"},{"@type":"Organization","@id":"https:\/\/www.esin.av.tr\/tr\/#organization","name":"Esin Avukatl\u0131k Ortakl\u0131\u011f\u0131","url":"https:\/\/www.esin.av.tr\/tr\/","logo":{"@type":"ImageObject","inLanguage":"tr","@id":"https:\/\/www.esin.av.tr\/tr\/#\/schema\/logo\/image\/","url":"https:\/\/www.esin.av.tr\/wp-content\/uploads\/2021\/09\/esin-2.jpg","contentUrl":"https:\/\/www.esin.av.tr\/wp-content\/uploads\/2021\/09\/esin-2.jpg","width":800,"height":460,"caption":"Esin Avukatl\u0131k Ortakl\u0131\u011f\u0131"},"image":{"@id":"https:\/\/www.esin.av.tr\/tr\/#\/schema\/logo\/image\/"}},{"@type":"Person","@id":"https:\/\/www.esin.av.tr\/tr\/#\/schema\/person\/42c8e616aab56b8622fa365ad63282ae","name":"R\u0131dvan Konrat","image":{"@type":"ImageObject","inLanguage":"tr","@id":"https:\/\/www.esin.av.tr\/tr\/#\/schema\/person\/image\/","url":"https:\/\/secure.gravatar.com\/avatar\/b20c6c583be38ed4e76e32f69fccc676?s=96&d=mm&r=g","contentUrl":"https:\/\/secure.gravatar.com\/avatar\/b20c6c583be38ed4e76e32f69fccc676?s=96&d=mm&r=g","caption":"R\u0131dvan Konrat"},"sameAs":["http:\/\/www.esin.av.tr"],"url":"https:\/\/www.esin.av.tr\/tr\/author\/rkonrat\/"}]}},"_links":{"self":[{"href":"https:\/\/www.esin.av.tr\/tr\/wp-json\/wp\/v2\/posts\/30934","targetHints":{"allow":["GET"]}}],"collection":[{"href":"https:\/\/www.esin.av.tr\/tr\/wp-json\/wp\/v2\/posts"}],"about":[{"href":"https:\/\/www.esin.av.tr\/tr\/wp-json\/wp\/v2\/types\/post"}],"author":[{"embeddable":true,"href":"https:\/\/www.esin.av.tr\/tr\/wp-json\/wp\/v2\/users\/4"}],"replies":[{"embeddable":true,"href":"https:\/\/www.esin.av.tr\/tr\/wp-json\/wp\/v2\/comments?post=30934"}],"version-history":[{"count":1,"href":"https:\/\/www.esin.av.tr\/tr\/wp-json\/wp\/v2\/posts\/30934\/revisions"}],"predecessor-version":[{"id":30935,"href":"https:\/\/www.esin.av.tr\/tr\/wp-json\/wp\/v2\/posts\/30934\/revisions\/30935"}],"wp:attachment":[{"href":"https:\/\/www.esin.av.tr\/tr\/wp-json\/wp\/v2\/media?parent=30934"}],"wp:term":[{"taxonomy":"category","embeddable":true,"href":"https:\/\/www.esin.av.tr\/tr\/wp-json\/wp\/v2\/categories?post=30934"},{"taxonomy":"post_tag","embeddable":true,"href":"https:\/\/www.esin.av.tr\/tr\/wp-json\/wp\/v2\/tags?post=30934"}],"curies":[{"name":"wp","href":"https:\/\/api.w.org\/{rel}","templated":true}]}}