{"id":29602,"date":"2025-08-29T11:53:02","date_gmt":"2025-08-29T11:53:02","guid":{"rendered":"https:\/\/www.esin.av.tr\/?p=29602"},"modified":"2025-08-29T11:53:02","modified_gmt":"2025-08-29T11:53:02","slug":"finansal-kiralama-faktoring-finansman-ve-varlik-yonetim-sirketleri-icin-yeni-duzenlemeler","status":"publish","type":"post","link":"https:\/\/www.esin.av.tr\/tr\/2025\/08\/29\/finansal-kiralama-faktoring-finansman-ve-varlik-yonetim-sirketleri-icin-yeni-duzenlemeler\/","title":{"rendered":"Finansal Kiralama, Faktoring, Finansman ve Varl\u0131k Y\u00f6netim \u015eirketleri \u0130\u00e7in Yeni D\u00fczenlemeler"},"content":{"rendered":"<p><strong>Yeni Geli\u015fmeler<\/strong><br \/>\nFinansal Kiralama, Faktoring ve Finansman \u015eirketlerinin (\u201c<strong>FKFF \u015eirketleri<\/strong>\u201d) Kurulu\u015f ve Faaliyet Esaslar\u0131 Hakk\u0131nda Y\u00f6netmelikte (\u201c<strong>FKFF \u015eirketleri Kurulu\u015f ve Faaliyet Esaslar\u0131 Y\u00f6netmeli\u011fi<\/strong>\u201d) De\u011fi\u015fiklik Yap\u0131lmas\u0131na Dair Y\u00f6netmelik (\u201c<strong>FKFF De\u011fi\u015fiklik Y\u00f6netmeli\u011fi<\/strong>\u201d) ile Varl\u0131k Y\u00f6netim \u015eirketlerinin (\u201c<strong>Varl\u0131k Y\u00f6netim \u015eirketleri<\/strong>\u201d; FKFF \u015eirketleri ile birlikte, \u201c<strong>\u015eirketler<\/strong>\u201d) Kurulu\u015f ve Faaliyet Esaslar\u0131 ile Devral\u0131nacak Alacaklara \u0130li\u015fkin \u0130\u015flemler Hakk\u0131nda Y\u00f6netmelikte (\u201c<strong>Varl\u0131k Y\u00f6netim \u015eirketlerinin Kurulu\u015f ve Faaliyet Esaslar\u0131 Y\u00f6netmeli\u011fi<\/strong>\u201d) De\u011fi\u015fiklik Yap\u0131lmas\u0131na Dair Y\u00f6netmelik (\u201c<strong>Varl\u0131k Y\u00f6netim \u015eirketleri De\u011fi\u015fiklik Y\u00f6netmeli\u011fi<\/strong>\u201d; FKFF De\u011fi\u015fiklik Y\u00f6netmeli\u011fi ile birlikte, \u201c<strong>De\u011fi\u015fiklik Y\u00f6netmelikleri<\/strong>\u201d), 27 A\u011fustos 2025 tarih ve 32999 say\u0131l\u0131 Resmi Gazete&#8217;de yay\u0131mland\u0131.<\/p>\n<p><strong>Geli\u015fme neler getiyor?<\/strong><\/p>\n<ol>\n<li><strong> Ortak Nokta: Kat\u0131l\u0131m Esas\u0131na Uygun Faaliyetlerin D\u00fczenlenmesi<\/strong><\/li>\n<\/ol>\n<p>De\u011fi\u015fiklik Y\u00f6netmelikleri, \u015eirketler\u2019in kat\u0131l\u0131m esas\u0131na uygun olarak faaliyet g\u00f6stermesine ili\u015fkin d\u00fczenlemeleri netle\u015ftirdi. Buna g\u00f6re, \u015eirketler sadece kat\u0131l\u0131m esas\u0131na uygun olarak sa\u011flam\u0131\u015f olduklar\u0131 kaynaklarla s\u0131n\u0131rl\u0131 olmak \u00fczere kat\u0131l\u0131m esas\u0131na dayal\u0131 olarak faaliyette bulunabilecek. Ayr\u0131ca, m\u00fcnhas\u0131ran kat\u0131l\u0131m esas\u0131na g\u00f6re faaliyette bulunacak \u015firketlerin ticaret \u00fcnvanlar\u0131nda \u201ckat\u0131l\u0131m\u201d ibaresinin bulunmas\u0131 ve esas s\u00f6zle\u015fmelerinde faaliyetlerinin kat\u0131l\u0131m esas\u0131na dayal\u0131 oldu\u011funu belirtilmesi gerekecek. Kat\u0131l\u0131m esas\u0131na g\u00f6re faaliyet g\u00f6sterilmesine ili\u015fkin usul ve esaslar Bankac\u0131l\u0131k D\u00fczenleme ve Denetleme Kurulunca (\u201c<strong>BDDK<\/strong>\u201d) \u00e7\u0131kar\u0131lacak ikincil d\u00fczenlemeler ile belirlenecek.<\/p>\n<p>&nbsp;<\/p>\n<ol start=\"2\">\n<li><strong> FKFF\u00a0\u015eirketleri\u2019ni Etkileyen De\u011fi\u015fiklikler<\/strong><\/li>\n<\/ol>\n<p>FKFF De\u011fi\u015fiklik Y\u00f6netmeli\u011fi ile yap\u0131lan esasl\u0131 de\u011fi\u015fiklikler a\u015fa\u011f\u0131daki \u015fekilde \u00f6zetlenebilir:<\/p>\n<p>a. FKFF De\u011fi\u015fiklik Y\u00f6netmeli\u011fi ile birlikte, FKFF \u015eirketleri, yurt i\u00e7i ve yurt d\u0131\u015f\u0131nda yaln\u0131zca kredi kurulu\u015fu veya finansal kurulu\u015f niteli\u011finde ortakl\u0131k kurabilecek ve yaln\u0131zca bu nitelikteki mevcut ortakl\u0131klara kat\u0131labilecek. Bu nitelikte ortakl\u0131k kurulmas\u0131 veya bu nitelikteki mevcut ortakl\u0131klara kat\u0131l\u0131nmas\u0131, BDDK\u2019n\u0131n iznine tabi olacak. Bu d\u00fczenlemeye ayk\u0131r\u0131 \u015fekilde ortakl\u0131\u011f\u0131 bulunan FKFF \u015eirketleri\u2019nin bu ayk\u0131r\u0131l\u0131klar\u0131 FKFF De\u011fi\u015fiklik Y\u00f6netmeli\u011fi\u2019nin y\u00fcr\u00fcrl\u00fc\u011fe girdi\u011fi tarihten itibaren bir y\u0131l i\u00e7inde gidermesi gerekecek. BDDK, bu s\u00fcreyi iki kat\u0131na kadar art\u0131rabilecek.<\/p>\n<p>b. Al\u0131m sat\u0131m ama\u00e7l\u0131 yap\u0131lan hisse senedi yat\u0131r\u0131mlar\u0131 ve alacaklar\u0131n tahsili ama\u00e7l\u0131 pay edinimleri v izne tabi olmayacak.<\/p>\n<p>c. Ayr\u0131ca, FKFF \u015eirketleri\u2019nin kendilerinde do\u011frudan veya dolayl\u0131 olarak pay sahibi olan ortakl\u0131k ve kurulu\u015flarda do\u011frudan veya dolayl\u0131 olarak pay sahibi olmas\u0131, bunlar\u0131n paylar\u0131n\u0131 rehin olarak kabul etmesi ve kar\u015f\u0131l\u0131\u011f\u0131nda avans vermesi yasakland\u0131.<\/p>\n<ol start=\"3\">\n<li><strong> Varl\u0131k Y\u00f6netim \u015eirketleri\u2019ni Etkileyen De\u011fi\u015fiklikler<\/strong><\/li>\n<\/ol>\n<p>Varl\u0131k Y\u00f6netim \u015eirketleri De\u011fi\u015fiklik Y\u00f6netmeli\u011fi ile yap\u0131lan esasl\u0131 de\u011fi\u015fiklikler a\u015fa\u011f\u0131daki \u015fekilde \u00f6zetlenebilir:<\/p>\n<p>a. Varl\u0131k Y\u00f6netim \u015eirketleri\u2019nin bilgi sistemlerinin ba\u011f\u0131ms\u0131z denetimi \u00fc\u00e7 y\u0131lda bir yap\u0131lacak.<\/p>\n<p>b. Varl\u0131k Y\u00f6netim \u015eirketleri, ana faaliyetlerini ger\u00e7ekle\u015ftirmek \u00fczere pay sahiplerinden fon sa\u011flayabilecek.<\/p>\n<p>c. Varl\u0131k Y\u00f6netim \u015eirketleri, devrald\u0131klar\u0131 alacaklardan dolay\u0131 edinmek zorunda kald\u0131klar\u0131 i\u015ftirakleri \u00fc\u00e7 y\u0131l i\u00e7inde elden \u00e7\u0131karmakla y\u00fck\u00fcml\u00fc olacak.<\/p>\n<p>d. BDDK\u2019n\u0131n denetim ve g\u00f6zetimine tabi kaynak kurulu\u015flar, kendilerini kontrol eden veya kontrol ettikleri Varl\u0131k Y\u00f6netim \u015eirketleri\u2019ne alacaklar\u0131n\u0131 yaln\u0131zca ihale usul\u00fc ile devredebilecek. Ancak Tasarruf Mevduat\u0131 Sigorta Fonu\u2019nun en az y\u00fczde yirmi hissedar oldu\u011fu Varl\u0131k Y\u00f6netim \u015eirketleri bak\u0131m\u0131ndan bu h\u00fck\u00fcm uygulanmayacak.<\/p>\n<p>e. BDDK\u2019n\u0131n denetim ve g\u00f6zetimine tabi kaynak kurulu\u015flar\u0131n donuk ve canl\u0131 alacaklar\u0131n\u0131 Varl\u0131k Y\u00f6netim \u015eirketleri\u2019ne devretmesine m\u00fcsaade ediliyordu. Yap\u0131lan de\u011fi\u015fiklik ile Varl\u0131k Y\u00f6netim \u015eirketleri\u2019ne devredilebilecek alacaklar; donuk alacaklar ile anapara ve\/veya faiz \u00f6demelerinin tahsili, vadelerinden veya \u00f6denmesi gereken tarihlerden itibaren 60 g\u00fcnden fazla geciken alacaklar ile s\u0131n\u0131rland\u0131r\u0131ld\u0131.<\/p>\n<p><strong>Sonu\u00e7<\/strong><br \/>\nDe\u011fi\u015fiklik Y\u00f6netmelikleri, \u015eirketler\u2019in \u015feffafl\u0131k, denetlenebilirlik ve uyum standartlar\u0131n\u0131 y\u00fckseltmeyi hedefliyor.<\/p>\n","protected":false},"excerpt":{"rendered":"<p>Yeni Geli\u015fmeler Finansal Kiralama, Faktoring ve Finansman \u015eirketlerinin (\u201cFKFF \u015eirketleri\u201d) Kurulu\u015f ve Faaliyet Esaslar\u0131 Hakk\u0131nda Y\u00f6netmelikte (\u201cFKFF \u015eirketleri Kurulu\u015f ve [&hellip;]<\/p>\n","protected":false},"author":4,"featured_media":0,"comment_status":"closed","ping_status":"closed","sticky":false,"template":"","format":"standard","meta":{"_acf_changed":false,"_stopmodifiedupdate":false,"_modified_date":"","footnotes":""},"categories":[120],"tags":[90],"class_list":["post-29602","post","type-post","status-publish","format-standard","hentry","category-legal-alerts","tag-banking-finance-tr"],"acf":[],"yoast_head":"<!-- This site is optimized with the Yoast SEO plugin v24.0 - https:\/\/yoast.com\/wordpress\/plugins\/seo\/ -->\n<title>Finansal Kiralama, Faktoring, Finansman ve Varl\u0131k Y\u00f6netim \u015eirketleri \u0130\u00e7in Yeni D\u00fczenlemeler<\/title>\n<meta name=\"description\" content=\"Yeni Geli\u015fmeler Finansal Kiralama, Faktoring ve Finansman \u015eirketlerinin (\u201cFKFF \u015eirketleri\u201d) Kurulu\u015f ve Faaliyet Esaslar\u0131 Hakk\u0131nda Y\u00f6netmelikte (\u201cFKFF\" \/>\n<meta name=\"robots\" content=\"index, follow, max-snippet:-1, max-image-preview:large, max-video-preview:-1\" \/>\n<link rel=\"canonical\" href=\"https:\/\/www.esin.av.tr\/tr\/2025\/08\/29\/finansal-kiralama-faktoring-finansman-ve-varlik-yonetim-sirketleri-icin-yeni-duzenlemeler\/\" \/>\n<meta property=\"og:locale\" content=\"tr_TR\" \/>\n<meta property=\"og:type\" content=\"article\" \/>\n<meta property=\"og:title\" content=\"Finansal Kiralama, Faktoring, Finansman ve Varl\u0131k Y\u00f6netim \u015eirketleri \u0130\u00e7in Yeni D\u00fczenlemeler\" \/>\n<meta property=\"og:description\" content=\"Yeni Geli\u015fmeler Finansal Kiralama, Faktoring ve Finansman \u015eirketlerinin (\u201cFKFF \u015eirketleri\u201d) Kurulu\u015f ve Faaliyet Esaslar\u0131 Hakk\u0131nda Y\u00f6netmelikte (\u201cFKFF\" \/>\n<meta property=\"og:url\" content=\"https:\/\/www.esin.av.tr\/tr\/2025\/08\/29\/finansal-kiralama-faktoring-finansman-ve-varlik-yonetim-sirketleri-icin-yeni-duzenlemeler\/\" \/>\n<meta property=\"og:site_name\" content=\"Esin Avukatl\u0131k Ortakl\u0131\u011f\u0131\" \/>\n<meta property=\"article:published_time\" content=\"2025-08-29T11:53:02+00:00\" \/>\n<meta name=\"author\" content=\"R\u0131dvan Konrat\" \/>\n<meta name=\"twitter:card\" content=\"summary_large_image\" \/>\n<meta name=\"twitter:label1\" content=\"Written by\" \/>\n\t<meta name=\"twitter:data1\" content=\"R\u0131dvan Konrat\" \/>\n\t<meta name=\"twitter:label2\" content=\"Est. reading time\" \/>\n\t<meta name=\"twitter:data2\" content=\"4 minutes\" \/>\n<script type=\"application\/ld+json\" class=\"yoast-schema-graph\">{\"@context\":\"https:\/\/schema.org\",\"@graph\":[{\"@type\":\"Article\",\"@id\":\"https:\/\/www.esin.av.tr\/tr\/2025\/08\/29\/finansal-kiralama-faktoring-finansman-ve-varlik-yonetim-sirketleri-icin-yeni-duzenlemeler\/#article\",\"isPartOf\":{\"@id\":\"https:\/\/www.esin.av.tr\/tr\/2025\/08\/29\/finansal-kiralama-faktoring-finansman-ve-varlik-yonetim-sirketleri-icin-yeni-duzenlemeler\/\"},\"author\":{\"name\":\"R\u0131dvan Konrat\",\"@id\":\"https:\/\/www.esin.av.tr\/tr\/#\/schema\/person\/42c8e616aab56b8622fa365ad63282ae\"},\"headline\":\"Finansal Kiralama, Faktoring, Finansman ve Varl\u0131k Y\u00f6netim \u015eirketleri \u0130\u00e7in Yeni D\u00fczenlemeler\",\"datePublished\":\"2025-08-29T11:53:02+00:00\",\"dateModified\":\"2025-08-29T11:53:02+00:00\",\"mainEntityOfPage\":{\"@id\":\"https:\/\/www.esin.av.tr\/tr\/2025\/08\/29\/finansal-kiralama-faktoring-finansman-ve-varlik-yonetim-sirketleri-icin-yeni-duzenlemeler\/\"},\"wordCount\":730,\"publisher\":{\"@id\":\"https:\/\/www.esin.av.tr\/tr\/#organization\"},\"keywords\":[\"Bankac\u0131l\u0131k ve Finans\"],\"articleSection\":[\"Hukuk B\u00fcltenleri\"],\"inLanguage\":\"tr\"},{\"@type\":\"WebPage\",\"@id\":\"https:\/\/www.esin.av.tr\/tr\/2025\/08\/29\/finansal-kiralama-faktoring-finansman-ve-varlik-yonetim-sirketleri-icin-yeni-duzenlemeler\/\",\"url\":\"https:\/\/www.esin.av.tr\/tr\/2025\/08\/29\/finansal-kiralama-faktoring-finansman-ve-varlik-yonetim-sirketleri-icin-yeni-duzenlemeler\/\",\"name\":\"Finansal Kiralama, Faktoring, Finansman ve Varl\u0131k Y\u00f6netim \u015eirketleri \u0130\u00e7in Yeni D\u00fczenlemeler\",\"isPartOf\":{\"@id\":\"https:\/\/www.esin.av.tr\/tr\/#website\"},\"datePublished\":\"2025-08-29T11:53:02+00:00\",\"dateModified\":\"2025-08-29T11:53:02+00:00\",\"description\":\"Yeni Geli\u015fmeler Finansal Kiralama, Faktoring ve Finansman \u015eirketlerinin (\u201cFKFF \u015eirketleri\u201d) Kurulu\u015f ve Faaliyet Esaslar\u0131 Hakk\u0131nda Y\u00f6netmelikte (\u201cFKFF\",\"breadcrumb\":{\"@id\":\"https:\/\/www.esin.av.tr\/tr\/2025\/08\/29\/finansal-kiralama-faktoring-finansman-ve-varlik-yonetim-sirketleri-icin-yeni-duzenlemeler\/#breadcrumb\"},\"inLanguage\":\"tr\",\"potentialAction\":[{\"@type\":\"ReadAction\",\"target\":[\"https:\/\/www.esin.av.tr\/tr\/2025\/08\/29\/finansal-kiralama-faktoring-finansman-ve-varlik-yonetim-sirketleri-icin-yeni-duzenlemeler\/\"]}]},{\"@type\":\"BreadcrumbList\",\"@id\":\"https:\/\/www.esin.av.tr\/tr\/2025\/08\/29\/finansal-kiralama-faktoring-finansman-ve-varlik-yonetim-sirketleri-icin-yeni-duzenlemeler\/#breadcrumb\",\"itemListElement\":[{\"@type\":\"ListItem\",\"position\":1,\"name\":\"Home\",\"item\":\"https:\/\/www.esin.av.tr\/tr\/\"},{\"@type\":\"ListItem\",\"position\":2,\"name\":\"Finansal Kiralama, Faktoring, Finansman ve Varl\u0131k Y\u00f6netim \u015eirketleri \u0130\u00e7in Yeni D\u00fczenlemeler\"}]},{\"@type\":\"WebSite\",\"@id\":\"https:\/\/www.esin.av.tr\/tr\/#website\",\"url\":\"https:\/\/www.esin.av.tr\/tr\/\",\"name\":\"Esin Avukatl\u0131k Ortakl\u0131\u011f\u0131\",\"description\":\"\",\"publisher\":{\"@id\":\"https:\/\/www.esin.av.tr\/tr\/#organization\"},\"potentialAction\":[{\"@type\":\"SearchAction\",\"target\":{\"@type\":\"EntryPoint\",\"urlTemplate\":\"https:\/\/www.esin.av.tr\/tr\/?s={search_term_string}\"},\"query-input\":{\"@type\":\"PropertyValueSpecification\",\"valueRequired\":true,\"valueName\":\"search_term_string\"}}],\"inLanguage\":\"tr\"},{\"@type\":\"Organization\",\"@id\":\"https:\/\/www.esin.av.tr\/tr\/#organization\",\"name\":\"Esin Avukatl\u0131k Ortakl\u0131\u011f\u0131\",\"url\":\"https:\/\/www.esin.av.tr\/tr\/\",\"logo\":{\"@type\":\"ImageObject\",\"inLanguage\":\"tr\",\"@id\":\"https:\/\/www.esin.av.tr\/tr\/#\/schema\/logo\/image\/\",\"url\":\"https:\/\/www.esin.av.tr\/wp-content\/uploads\/2021\/09\/esin-2.jpg\",\"contentUrl\":\"https:\/\/www.esin.av.tr\/wp-content\/uploads\/2021\/09\/esin-2.jpg\",\"width\":800,\"height\":460,\"caption\":\"Esin Avukatl\u0131k Ortakl\u0131\u011f\u0131\"},\"image\":{\"@id\":\"https:\/\/www.esin.av.tr\/tr\/#\/schema\/logo\/image\/\"}},{\"@type\":\"Person\",\"@id\":\"https:\/\/www.esin.av.tr\/tr\/#\/schema\/person\/42c8e616aab56b8622fa365ad63282ae\",\"name\":\"R\u0131dvan Konrat\",\"image\":{\"@type\":\"ImageObject\",\"inLanguage\":\"tr\",\"@id\":\"https:\/\/www.esin.av.tr\/tr\/#\/schema\/person\/image\/\",\"url\":\"https:\/\/secure.gravatar.com\/avatar\/b20c6c583be38ed4e76e32f69fccc676?s=96&d=mm&r=g\",\"contentUrl\":\"https:\/\/secure.gravatar.com\/avatar\/b20c6c583be38ed4e76e32f69fccc676?s=96&d=mm&r=g\",\"caption\":\"R\u0131dvan Konrat\"},\"sameAs\":[\"http:\/\/www.esin.av.tr\"],\"url\":\"https:\/\/www.esin.av.tr\/tr\/author\/rkonrat\/\"}]}<\/script>\n<!-- \/ Yoast SEO plugin. -->","yoast_head_json":{"title":"Finansal Kiralama, Faktoring, Finansman ve Varl\u0131k Y\u00f6netim \u015eirketleri \u0130\u00e7in Yeni D\u00fczenlemeler","description":"Yeni Geli\u015fmeler Finansal Kiralama, Faktoring ve Finansman \u015eirketlerinin (\u201cFKFF \u015eirketleri\u201d) Kurulu\u015f ve Faaliyet Esaslar\u0131 Hakk\u0131nda Y\u00f6netmelikte (\u201cFKFF","robots":{"index":"index","follow":"follow","max-snippet":"max-snippet:-1","max-image-preview":"max-image-preview:large","max-video-preview":"max-video-preview:-1"},"canonical":"https:\/\/www.esin.av.tr\/tr\/2025\/08\/29\/finansal-kiralama-faktoring-finansman-ve-varlik-yonetim-sirketleri-icin-yeni-duzenlemeler\/","og_locale":"tr_TR","og_type":"article","og_title":"Finansal Kiralama, Faktoring, Finansman ve Varl\u0131k Y\u00f6netim \u015eirketleri \u0130\u00e7in Yeni D\u00fczenlemeler","og_description":"Yeni Geli\u015fmeler Finansal Kiralama, Faktoring ve Finansman \u015eirketlerinin (\u201cFKFF \u015eirketleri\u201d) Kurulu\u015f ve Faaliyet Esaslar\u0131 Hakk\u0131nda Y\u00f6netmelikte (\u201cFKFF","og_url":"https:\/\/www.esin.av.tr\/tr\/2025\/08\/29\/finansal-kiralama-faktoring-finansman-ve-varlik-yonetim-sirketleri-icin-yeni-duzenlemeler\/","og_site_name":"Esin Avukatl\u0131k Ortakl\u0131\u011f\u0131","article_published_time":"2025-08-29T11:53:02+00:00","author":"R\u0131dvan Konrat","twitter_card":"summary_large_image","twitter_misc":{"Written by":"R\u0131dvan Konrat","Est. reading time":"4 minutes"},"schema":{"@context":"https:\/\/schema.org","@graph":[{"@type":"Article","@id":"https:\/\/www.esin.av.tr\/tr\/2025\/08\/29\/finansal-kiralama-faktoring-finansman-ve-varlik-yonetim-sirketleri-icin-yeni-duzenlemeler\/#article","isPartOf":{"@id":"https:\/\/www.esin.av.tr\/tr\/2025\/08\/29\/finansal-kiralama-faktoring-finansman-ve-varlik-yonetim-sirketleri-icin-yeni-duzenlemeler\/"},"author":{"name":"R\u0131dvan Konrat","@id":"https:\/\/www.esin.av.tr\/tr\/#\/schema\/person\/42c8e616aab56b8622fa365ad63282ae"},"headline":"Finansal Kiralama, Faktoring, Finansman ve Varl\u0131k Y\u00f6netim \u015eirketleri \u0130\u00e7in Yeni D\u00fczenlemeler","datePublished":"2025-08-29T11:53:02+00:00","dateModified":"2025-08-29T11:53:02+00:00","mainEntityOfPage":{"@id":"https:\/\/www.esin.av.tr\/tr\/2025\/08\/29\/finansal-kiralama-faktoring-finansman-ve-varlik-yonetim-sirketleri-icin-yeni-duzenlemeler\/"},"wordCount":730,"publisher":{"@id":"https:\/\/www.esin.av.tr\/tr\/#organization"},"keywords":["Bankac\u0131l\u0131k ve Finans"],"articleSection":["Hukuk B\u00fcltenleri"],"inLanguage":"tr"},{"@type":"WebPage","@id":"https:\/\/www.esin.av.tr\/tr\/2025\/08\/29\/finansal-kiralama-faktoring-finansman-ve-varlik-yonetim-sirketleri-icin-yeni-duzenlemeler\/","url":"https:\/\/www.esin.av.tr\/tr\/2025\/08\/29\/finansal-kiralama-faktoring-finansman-ve-varlik-yonetim-sirketleri-icin-yeni-duzenlemeler\/","name":"Finansal Kiralama, Faktoring, Finansman ve Varl\u0131k Y\u00f6netim \u015eirketleri \u0130\u00e7in Yeni D\u00fczenlemeler","isPartOf":{"@id":"https:\/\/www.esin.av.tr\/tr\/#website"},"datePublished":"2025-08-29T11:53:02+00:00","dateModified":"2025-08-29T11:53:02+00:00","description":"Yeni Geli\u015fmeler Finansal Kiralama, Faktoring ve Finansman \u015eirketlerinin (\u201cFKFF \u015eirketleri\u201d) Kurulu\u015f ve Faaliyet Esaslar\u0131 Hakk\u0131nda Y\u00f6netmelikte (\u201cFKFF","breadcrumb":{"@id":"https:\/\/www.esin.av.tr\/tr\/2025\/08\/29\/finansal-kiralama-faktoring-finansman-ve-varlik-yonetim-sirketleri-icin-yeni-duzenlemeler\/#breadcrumb"},"inLanguage":"tr","potentialAction":[{"@type":"ReadAction","target":["https:\/\/www.esin.av.tr\/tr\/2025\/08\/29\/finansal-kiralama-faktoring-finansman-ve-varlik-yonetim-sirketleri-icin-yeni-duzenlemeler\/"]}]},{"@type":"BreadcrumbList","@id":"https:\/\/www.esin.av.tr\/tr\/2025\/08\/29\/finansal-kiralama-faktoring-finansman-ve-varlik-yonetim-sirketleri-icin-yeni-duzenlemeler\/#breadcrumb","itemListElement":[{"@type":"ListItem","position":1,"name":"Home","item":"https:\/\/www.esin.av.tr\/tr\/"},{"@type":"ListItem","position":2,"name":"Finansal Kiralama, Faktoring, Finansman ve Varl\u0131k Y\u00f6netim \u015eirketleri \u0130\u00e7in Yeni D\u00fczenlemeler"}]},{"@type":"WebSite","@id":"https:\/\/www.esin.av.tr\/tr\/#website","url":"https:\/\/www.esin.av.tr\/tr\/","name":"Esin Avukatl\u0131k Ortakl\u0131\u011f\u0131","description":"","publisher":{"@id":"https:\/\/www.esin.av.tr\/tr\/#organization"},"potentialAction":[{"@type":"SearchAction","target":{"@type":"EntryPoint","urlTemplate":"https:\/\/www.esin.av.tr\/tr\/?s={search_term_string}"},"query-input":{"@type":"PropertyValueSpecification","valueRequired":true,"valueName":"search_term_string"}}],"inLanguage":"tr"},{"@type":"Organization","@id":"https:\/\/www.esin.av.tr\/tr\/#organization","name":"Esin Avukatl\u0131k Ortakl\u0131\u011f\u0131","url":"https:\/\/www.esin.av.tr\/tr\/","logo":{"@type":"ImageObject","inLanguage":"tr","@id":"https:\/\/www.esin.av.tr\/tr\/#\/schema\/logo\/image\/","url":"https:\/\/www.esin.av.tr\/wp-content\/uploads\/2021\/09\/esin-2.jpg","contentUrl":"https:\/\/www.esin.av.tr\/wp-content\/uploads\/2021\/09\/esin-2.jpg","width":800,"height":460,"caption":"Esin Avukatl\u0131k Ortakl\u0131\u011f\u0131"},"image":{"@id":"https:\/\/www.esin.av.tr\/tr\/#\/schema\/logo\/image\/"}},{"@type":"Person","@id":"https:\/\/www.esin.av.tr\/tr\/#\/schema\/person\/42c8e616aab56b8622fa365ad63282ae","name":"R\u0131dvan Konrat","image":{"@type":"ImageObject","inLanguage":"tr","@id":"https:\/\/www.esin.av.tr\/tr\/#\/schema\/person\/image\/","url":"https:\/\/secure.gravatar.com\/avatar\/b20c6c583be38ed4e76e32f69fccc676?s=96&d=mm&r=g","contentUrl":"https:\/\/secure.gravatar.com\/avatar\/b20c6c583be38ed4e76e32f69fccc676?s=96&d=mm&r=g","caption":"R\u0131dvan Konrat"},"sameAs":["http:\/\/www.esin.av.tr"],"url":"https:\/\/www.esin.av.tr\/tr\/author\/rkonrat\/"}]}},"_links":{"self":[{"href":"https:\/\/www.esin.av.tr\/tr\/wp-json\/wp\/v2\/posts\/29602","targetHints":{"allow":["GET"]}}],"collection":[{"href":"https:\/\/www.esin.av.tr\/tr\/wp-json\/wp\/v2\/posts"}],"about":[{"href":"https:\/\/www.esin.av.tr\/tr\/wp-json\/wp\/v2\/types\/post"}],"author":[{"embeddable":true,"href":"https:\/\/www.esin.av.tr\/tr\/wp-json\/wp\/v2\/users\/4"}],"replies":[{"embeddable":true,"href":"https:\/\/www.esin.av.tr\/tr\/wp-json\/wp\/v2\/comments?post=29602"}],"version-history":[{"count":1,"href":"https:\/\/www.esin.av.tr\/tr\/wp-json\/wp\/v2\/posts\/29602\/revisions"}],"predecessor-version":[{"id":29603,"href":"https:\/\/www.esin.av.tr\/tr\/wp-json\/wp\/v2\/posts\/29602\/revisions\/29603"}],"wp:attachment":[{"href":"https:\/\/www.esin.av.tr\/tr\/wp-json\/wp\/v2\/media?parent=29602"}],"wp:term":[{"taxonomy":"category","embeddable":true,"href":"https:\/\/www.esin.av.tr\/tr\/wp-json\/wp\/v2\/categories?post=29602"},{"taxonomy":"post_tag","embeddable":true,"href":"https:\/\/www.esin.av.tr\/tr\/wp-json\/wp\/v2\/tags?post=29602"}],"curies":[{"name":"wp","href":"https:\/\/api.w.org\/{rel}","templated":true}]}}