{"id":29348,"date":"2025-07-18T13:45:57","date_gmt":"2025-07-18T13:45:57","guid":{"rendered":"https:\/\/www.esin.av.tr\/?p=29348"},"modified":"2025-07-18T13:45:57","modified_gmt":"2025-07-18T13:45:57","slug":"turkiye-2025-yilinin-yatirim-onceliklerini-duyurdu","status":"publish","type":"post","link":"https:\/\/www.esin.av.tr\/tr\/2025\/07\/18\/turkiye-2025-yilinin-yatirim-onceliklerini-duyurdu\/","title":{"rendered":"T\u00fcrkiye 2025 Y\u0131l\u0131n\u0131n Yat\u0131r\u0131m \u00d6nceliklerini Duyurdu"},"content":{"rendered":"<p>Hukuk B\u00fcltenimizi okumak i\u00e7in<a href=\"https:\/\/urldefense.com\/v3\/__https:\/esinxchange.com\/collect\/click.aspx?u=Qlo1UDJTSkxwYThwMDBETnpqRndpZGlVZUZkaU5xL2duZ2Q5a3RuNU1USE5Ca01ubFVpaWFQV3h4MzVQN1pQS2hiTXBFTXAyemFnUnVBc0NhcDg0Z2NITStDQlAxUlRHaGdXYTNQV0NaU3RQSXFCL2Jlc0xGOFl3QzBNcFE2ZTFnQW9Tbk42cnV2WnlYK2p4ZTRPZXVvV2FwQUNXZEJBQQ==&amp;rh=ff00ef54ea212595bc5191d91e4b820efcd1ab50__;!!Hj9Y_P0nvg!SnWKteMqxwijU3UUAnKSDa3_pZzeMfJYeQHNaa8fGKzLXqC0PlzdUixG5QmO7vOx4OzVv3EjEhFa4IKMAdGfND37rA$\">\u00a0<\/a><a href=\"https:\/\/urldefense.com\/v3\/__https:\/esinxchange.com\/collect\/click.aspx?u=Qlo1UDJTSkxwYThwMDBETnpqRndpZGlVZUZkaU5xL2duZ2Q5a3RuNU1USE5Ca01ubFVpaWFQV3h4MzVQN1pQS0tIVmFGcnVScm1ucUI5ZHNXeTdVU29Gbi9Lbk14V1QzeTVqWko4V3FOM2ZYV1ZYaUJTd1MwN0cvWHJVajdwVE9vVmRwbFFzWGluZmxjVXRtNkZmTWVhZkE1T1dmQUNLSFdyMzJrcG9BQlhvPQ==&amp;rh=ff00ef54ea212595bc5191d91e4b820efcd1ab50__;!!Hj9Y_P0nvg!SnWKteMqxwijU3UUAnKSDa3_pZzeMfJYeQHNaa8fGKzLXqC0PlzdUixG5QmO7vOx4OzVv3EjEhFa4IKMAdFukntiKA$\">g\u00f6rsele t\u0131klayabilirsiniz.<\/a><\/p>\n<p><a href=\"https:\/\/f.datasrvr.com\/fr1\/225\/90142\/Legal_Alert_-_T%C3%BCrkiye_Announces_2025_Investment_Priorities.pdf\" target=\"_blank\" rel=\"noopener\"><img fetchpriority=\"high\" decoding=\"async\" class=\"alignnone  wp-image-29346\" src=\"https:\/\/www.esin.av.tr\/wp-content\/uploads\/2025\/07\/Ekran-goruntusu-2025-07-18-164335-300x212.jpg\" alt=\"\" width=\"478\" height=\"338\" srcset=\"https:\/\/www.esin.av.tr\/wp-content\/uploads\/2025\/07\/Ekran-goruntusu-2025-07-18-164335-300x212.jpg 300w, https:\/\/www.esin.av.tr\/wp-content\/uploads\/2025\/07\/Ekran-goruntusu-2025-07-18-164335.jpg 667w\" sizes=\"(max-width: 478px) 100vw, 478px\" \/><\/a><\/p>\n","protected":false},"excerpt":{"rendered":"<p>Hukuk B\u00fcltenimizi okumak i\u00e7in\u00a0g\u00f6rsele t\u0131klayabilirsiniz.<\/p>\n","protected":false},"author":4,"featured_media":0,"comment_status":"closed","ping_status":"closed","sticky":false,"template":"","format":"standard","meta":{"_acf_changed":false,"_stopmodifiedupdate":false,"_modified_date":"","footnotes":""},"categories":[118],"tags":[180],"class_list":["post-29348","post","type-post","status-publish","format-standard","hentry","category-publications","tag-fikri-mulkiyet-ve-teknoloji"],"acf":[],"yoast_head":"<!-- This site is optimized with the Yoast SEO plugin v24.0 - https:\/\/yoast.com\/wordpress\/plugins\/seo\/ -->\n<title>T\u00fcrkiye 2025 Y\u0131l\u0131n\u0131n Yat\u0131r\u0131m \u00d6nceliklerini Duyurdu<\/title>\n<meta name=\"description\" content=\"Hukuk B\u00fcltenimizi okumak i\u00e7in\u00a0g\u00f6rsele t\u0131klayabilirsiniz.\" \/>\n<meta name=\"robots\" content=\"index, follow, max-snippet:-1, max-image-preview:large, max-video-preview:-1\" \/>\n<link rel=\"canonical\" href=\"https:\/\/www.esin.av.tr\/tr\/2025\/07\/18\/turkiye-2025-yilinin-yatirim-onceliklerini-duyurdu\/\" \/>\n<meta property=\"og:locale\" content=\"tr_TR\" \/>\n<meta property=\"og:type\" content=\"article\" \/>\n<meta property=\"og:title\" content=\"T\u00fcrkiye 2025 Y\u0131l\u0131n\u0131n Yat\u0131r\u0131m \u00d6nceliklerini Duyurdu\" \/>\n<meta property=\"og:description\" content=\"Hukuk B\u00fcltenimizi okumak i\u00e7in\u00a0g\u00f6rsele t\u0131klayabilirsiniz.\" \/>\n<meta property=\"og:url\" content=\"https:\/\/www.esin.av.tr\/tr\/2025\/07\/18\/turkiye-2025-yilinin-yatirim-onceliklerini-duyurdu\/\" \/>\n<meta property=\"og:site_name\" content=\"Esin Avukatl\u0131k Ortakl\u0131\u011f\u0131\" \/>\n<meta property=\"article:published_time\" content=\"2025-07-18T13:45:57+00:00\" \/>\n<meta property=\"og:image\" content=\"https:\/\/www.esin.av.tr\/wp-content\/uploads\/2025\/07\/Ekran-goruntusu-2025-07-18-164335.jpg\" \/>\n\t<meta property=\"og:image:width\" content=\"667\" \/>\n\t<meta property=\"og:image:height\" content=\"472\" \/>\n\t<meta property=\"og:image:type\" content=\"image\/jpeg\" \/>\n<meta name=\"author\" content=\"R\u0131dvan Konrat\" \/>\n<meta name=\"twitter:card\" content=\"summary_large_image\" \/>\n<meta name=\"twitter:label1\" content=\"Written by\" \/>\n\t<meta name=\"twitter:data1\" content=\"R\u0131dvan Konrat\" \/>\n<script type=\"application\/ld+json\" class=\"yoast-schema-graph\">{\"@context\":\"https:\/\/schema.org\",\"@graph\":[{\"@type\":\"Article\",\"@id\":\"https:\/\/www.esin.av.tr\/tr\/2025\/07\/18\/turkiye-2025-yilinin-yatirim-onceliklerini-duyurdu\/#article\",\"isPartOf\":{\"@id\":\"https:\/\/www.esin.av.tr\/tr\/2025\/07\/18\/turkiye-2025-yilinin-yatirim-onceliklerini-duyurdu\/\"},\"author\":{\"name\":\"R\u0131dvan Konrat\",\"@id\":\"https:\/\/www.esin.av.tr\/tr\/#\/schema\/person\/42c8e616aab56b8622fa365ad63282ae\"},\"headline\":\"T\u00fcrkiye 2025 Y\u0131l\u0131n\u0131n Yat\u0131r\u0131m \u00d6nceliklerini Duyurdu\",\"datePublished\":\"2025-07-18T13:45:57+00:00\",\"dateModified\":\"2025-07-18T13:45:57+00:00\",\"mainEntityOfPage\":{\"@id\":\"https:\/\/www.esin.av.tr\/tr\/2025\/07\/18\/turkiye-2025-yilinin-yatirim-onceliklerini-duyurdu\/\"},\"wordCount\":21,\"publisher\":{\"@id\":\"https:\/\/www.esin.av.tr\/tr\/#organization\"},\"image\":{\"@id\":\"https:\/\/www.esin.av.tr\/tr\/2025\/07\/18\/turkiye-2025-yilinin-yatirim-onceliklerini-duyurdu\/#primaryimage\"},\"thumbnailUrl\":\"https:\/\/www.esin.av.tr\/wp-content\/uploads\/2025\/07\/Ekran-goruntusu-2025-07-18-164335-300x212.jpg\",\"keywords\":[\"Fikri M\u00fclkiyet ve Teknoloji\"],\"articleSection\":[\"Yay\u0131nlar\"],\"inLanguage\":\"tr\"},{\"@type\":\"WebPage\",\"@id\":\"https:\/\/www.esin.av.tr\/tr\/2025\/07\/18\/turkiye-2025-yilinin-yatirim-onceliklerini-duyurdu\/\",\"url\":\"https:\/\/www.esin.av.tr\/tr\/2025\/07\/18\/turkiye-2025-yilinin-yatirim-onceliklerini-duyurdu\/\",\"name\":\"T\u00fcrkiye 2025 Y\u0131l\u0131n\u0131n Yat\u0131r\u0131m \u00d6nceliklerini Duyurdu\",\"isPartOf\":{\"@id\":\"https:\/\/www.esin.av.tr\/tr\/#website\"},\"primaryImageOfPage\":{\"@id\":\"https:\/\/www.esin.av.tr\/tr\/2025\/07\/18\/turkiye-2025-yilinin-yatirim-onceliklerini-duyurdu\/#primaryimage\"},\"image\":{\"@id\":\"https:\/\/www.esin.av.tr\/tr\/2025\/07\/18\/turkiye-2025-yilinin-yatirim-onceliklerini-duyurdu\/#primaryimage\"},\"thumbnailUrl\":\"https:\/\/www.esin.av.tr\/wp-content\/uploads\/2025\/07\/Ekran-goruntusu-2025-07-18-164335-300x212.jpg\",\"datePublished\":\"2025-07-18T13:45:57+00:00\",\"dateModified\":\"2025-07-18T13:45:57+00:00\",\"description\":\"Hukuk B\u00fcltenimizi okumak i\u00e7in\u00a0g\u00f6rsele t\u0131klayabilirsiniz.\",\"breadcrumb\":{\"@id\":\"https:\/\/www.esin.av.tr\/tr\/2025\/07\/18\/turkiye-2025-yilinin-yatirim-onceliklerini-duyurdu\/#breadcrumb\"},\"inLanguage\":\"tr\",\"potentialAction\":[{\"@type\":\"ReadAction\",\"target\":[\"https:\/\/www.esin.av.tr\/tr\/2025\/07\/18\/turkiye-2025-yilinin-yatirim-onceliklerini-duyurdu\/\"]}]},{\"@type\":\"ImageObject\",\"inLanguage\":\"tr\",\"@id\":\"https:\/\/www.esin.av.tr\/tr\/2025\/07\/18\/turkiye-2025-yilinin-yatirim-onceliklerini-duyurdu\/#primaryimage\",\"url\":\"https:\/\/www.esin.av.tr\/wp-content\/uploads\/2025\/07\/Ekran-goruntusu-2025-07-18-164335-300x212.jpg\",\"contentUrl\":\"https:\/\/www.esin.av.tr\/wp-content\/uploads\/2025\/07\/Ekran-goruntusu-2025-07-18-164335-300x212.jpg\"},{\"@type\":\"BreadcrumbList\",\"@id\":\"https:\/\/www.esin.av.tr\/tr\/2025\/07\/18\/turkiye-2025-yilinin-yatirim-onceliklerini-duyurdu\/#breadcrumb\",\"itemListElement\":[{\"@type\":\"ListItem\",\"position\":1,\"name\":\"Home\",\"item\":\"https:\/\/www.esin.av.tr\/tr\/\"},{\"@type\":\"ListItem\",\"position\":2,\"name\":\"T\u00fcrkiye 2025 Y\u0131l\u0131n\u0131n Yat\u0131r\u0131m \u00d6nceliklerini Duyurdu\"}]},{\"@type\":\"WebSite\",\"@id\":\"https:\/\/www.esin.av.tr\/tr\/#website\",\"url\":\"https:\/\/www.esin.av.tr\/tr\/\",\"name\":\"Esin Avukatl\u0131k Ortakl\u0131\u011f\u0131\",\"description\":\"\",\"publisher\":{\"@id\":\"https:\/\/www.esin.av.tr\/tr\/#organization\"},\"potentialAction\":[{\"@type\":\"SearchAction\",\"target\":{\"@type\":\"EntryPoint\",\"urlTemplate\":\"https:\/\/www.esin.av.tr\/tr\/?s={search_term_string}\"},\"query-input\":{\"@type\":\"PropertyValueSpecification\",\"valueRequired\":true,\"valueName\":\"search_term_string\"}}],\"inLanguage\":\"tr\"},{\"@type\":\"Organization\",\"@id\":\"https:\/\/www.esin.av.tr\/tr\/#organization\",\"name\":\"Esin Avukatl\u0131k Ortakl\u0131\u011f\u0131\",\"url\":\"https:\/\/www.esin.av.tr\/tr\/\",\"logo\":{\"@type\":\"ImageObject\",\"inLanguage\":\"tr\",\"@id\":\"https:\/\/www.esin.av.tr\/tr\/#\/schema\/logo\/image\/\",\"url\":\"https:\/\/www.esin.av.tr\/wp-content\/uploads\/2021\/09\/esin-2.jpg\",\"contentUrl\":\"https:\/\/www.esin.av.tr\/wp-content\/uploads\/2021\/09\/esin-2.jpg\",\"width\":800,\"height\":460,\"caption\":\"Esin Avukatl\u0131k Ortakl\u0131\u011f\u0131\"},\"image\":{\"@id\":\"https:\/\/www.esin.av.tr\/tr\/#\/schema\/logo\/image\/\"}},{\"@type\":\"Person\",\"@id\":\"https:\/\/www.esin.av.tr\/tr\/#\/schema\/person\/42c8e616aab56b8622fa365ad63282ae\",\"name\":\"R\u0131dvan Konrat\",\"image\":{\"@type\":\"ImageObject\",\"inLanguage\":\"tr\",\"@id\":\"https:\/\/www.esin.av.tr\/tr\/#\/schema\/person\/image\/\",\"url\":\"https:\/\/secure.gravatar.com\/avatar\/b20c6c583be38ed4e76e32f69fccc676?s=96&d=mm&r=g\",\"contentUrl\":\"https:\/\/secure.gravatar.com\/avatar\/b20c6c583be38ed4e76e32f69fccc676?s=96&d=mm&r=g\",\"caption\":\"R\u0131dvan Konrat\"},\"sameAs\":[\"http:\/\/www.esin.av.tr\"],\"url\":\"https:\/\/www.esin.av.tr\/tr\/author\/rkonrat\/\"}]}<\/script>\n<!-- \/ Yoast SEO plugin. -->","yoast_head_json":{"title":"T\u00fcrkiye 2025 Y\u0131l\u0131n\u0131n Yat\u0131r\u0131m \u00d6nceliklerini Duyurdu","description":"Hukuk B\u00fcltenimizi okumak i\u00e7in\u00a0g\u00f6rsele t\u0131klayabilirsiniz.","robots":{"index":"index","follow":"follow","max-snippet":"max-snippet:-1","max-image-preview":"max-image-preview:large","max-video-preview":"max-video-preview:-1"},"canonical":"https:\/\/www.esin.av.tr\/tr\/2025\/07\/18\/turkiye-2025-yilinin-yatirim-onceliklerini-duyurdu\/","og_locale":"tr_TR","og_type":"article","og_title":"T\u00fcrkiye 2025 Y\u0131l\u0131n\u0131n Yat\u0131r\u0131m \u00d6nceliklerini Duyurdu","og_description":"Hukuk B\u00fcltenimizi okumak i\u00e7in\u00a0g\u00f6rsele t\u0131klayabilirsiniz.","og_url":"https:\/\/www.esin.av.tr\/tr\/2025\/07\/18\/turkiye-2025-yilinin-yatirim-onceliklerini-duyurdu\/","og_site_name":"Esin Avukatl\u0131k Ortakl\u0131\u011f\u0131","article_published_time":"2025-07-18T13:45:57+00:00","og_image":[{"width":667,"height":472,"url":"https:\/\/www.esin.av.tr\/wp-content\/uploads\/2025\/07\/Ekran-goruntusu-2025-07-18-164335.jpg","type":"image\/jpeg"}],"author":"R\u0131dvan Konrat","twitter_card":"summary_large_image","twitter_misc":{"Written by":"R\u0131dvan Konrat"},"schema":{"@context":"https:\/\/schema.org","@graph":[{"@type":"Article","@id":"https:\/\/www.esin.av.tr\/tr\/2025\/07\/18\/turkiye-2025-yilinin-yatirim-onceliklerini-duyurdu\/#article","isPartOf":{"@id":"https:\/\/www.esin.av.tr\/tr\/2025\/07\/18\/turkiye-2025-yilinin-yatirim-onceliklerini-duyurdu\/"},"author":{"name":"R\u0131dvan Konrat","@id":"https:\/\/www.esin.av.tr\/tr\/#\/schema\/person\/42c8e616aab56b8622fa365ad63282ae"},"headline":"T\u00fcrkiye 2025 Y\u0131l\u0131n\u0131n Yat\u0131r\u0131m \u00d6nceliklerini Duyurdu","datePublished":"2025-07-18T13:45:57+00:00","dateModified":"2025-07-18T13:45:57+00:00","mainEntityOfPage":{"@id":"https:\/\/www.esin.av.tr\/tr\/2025\/07\/18\/turkiye-2025-yilinin-yatirim-onceliklerini-duyurdu\/"},"wordCount":21,"publisher":{"@id":"https:\/\/www.esin.av.tr\/tr\/#organization"},"image":{"@id":"https:\/\/www.esin.av.tr\/tr\/2025\/07\/18\/turkiye-2025-yilinin-yatirim-onceliklerini-duyurdu\/#primaryimage"},"thumbnailUrl":"https:\/\/www.esin.av.tr\/wp-content\/uploads\/2025\/07\/Ekran-goruntusu-2025-07-18-164335-300x212.jpg","keywords":["Fikri M\u00fclkiyet ve Teknoloji"],"articleSection":["Yay\u0131nlar"],"inLanguage":"tr"},{"@type":"WebPage","@id":"https:\/\/www.esin.av.tr\/tr\/2025\/07\/18\/turkiye-2025-yilinin-yatirim-onceliklerini-duyurdu\/","url":"https:\/\/www.esin.av.tr\/tr\/2025\/07\/18\/turkiye-2025-yilinin-yatirim-onceliklerini-duyurdu\/","name":"T\u00fcrkiye 2025 Y\u0131l\u0131n\u0131n Yat\u0131r\u0131m \u00d6nceliklerini Duyurdu","isPartOf":{"@id":"https:\/\/www.esin.av.tr\/tr\/#website"},"primaryImageOfPage":{"@id":"https:\/\/www.esin.av.tr\/tr\/2025\/07\/18\/turkiye-2025-yilinin-yatirim-onceliklerini-duyurdu\/#primaryimage"},"image":{"@id":"https:\/\/www.esin.av.tr\/tr\/2025\/07\/18\/turkiye-2025-yilinin-yatirim-onceliklerini-duyurdu\/#primaryimage"},"thumbnailUrl":"https:\/\/www.esin.av.tr\/wp-content\/uploads\/2025\/07\/Ekran-goruntusu-2025-07-18-164335-300x212.jpg","datePublished":"2025-07-18T13:45:57+00:00","dateModified":"2025-07-18T13:45:57+00:00","description":"Hukuk B\u00fcltenimizi okumak i\u00e7in\u00a0g\u00f6rsele t\u0131klayabilirsiniz.","breadcrumb":{"@id":"https:\/\/www.esin.av.tr\/tr\/2025\/07\/18\/turkiye-2025-yilinin-yatirim-onceliklerini-duyurdu\/#breadcrumb"},"inLanguage":"tr","potentialAction":[{"@type":"ReadAction","target":["https:\/\/www.esin.av.tr\/tr\/2025\/07\/18\/turkiye-2025-yilinin-yatirim-onceliklerini-duyurdu\/"]}]},{"@type":"ImageObject","inLanguage":"tr","@id":"https:\/\/www.esin.av.tr\/tr\/2025\/07\/18\/turkiye-2025-yilinin-yatirim-onceliklerini-duyurdu\/#primaryimage","url":"https:\/\/www.esin.av.tr\/wp-content\/uploads\/2025\/07\/Ekran-goruntusu-2025-07-18-164335-300x212.jpg","contentUrl":"https:\/\/www.esin.av.tr\/wp-content\/uploads\/2025\/07\/Ekran-goruntusu-2025-07-18-164335-300x212.jpg"},{"@type":"BreadcrumbList","@id":"https:\/\/www.esin.av.tr\/tr\/2025\/07\/18\/turkiye-2025-yilinin-yatirim-onceliklerini-duyurdu\/#breadcrumb","itemListElement":[{"@type":"ListItem","position":1,"name":"Home","item":"https:\/\/www.esin.av.tr\/tr\/"},{"@type":"ListItem","position":2,"name":"T\u00fcrkiye 2025 Y\u0131l\u0131n\u0131n Yat\u0131r\u0131m \u00d6nceliklerini Duyurdu"}]},{"@type":"WebSite","@id":"https:\/\/www.esin.av.tr\/tr\/#website","url":"https:\/\/www.esin.av.tr\/tr\/","name":"Esin Avukatl\u0131k Ortakl\u0131\u011f\u0131","description":"","publisher":{"@id":"https:\/\/www.esin.av.tr\/tr\/#organization"},"potentialAction":[{"@type":"SearchAction","target":{"@type":"EntryPoint","urlTemplate":"https:\/\/www.esin.av.tr\/tr\/?s={search_term_string}"},"query-input":{"@type":"PropertyValueSpecification","valueRequired":true,"valueName":"search_term_string"}}],"inLanguage":"tr"},{"@type":"Organization","@id":"https:\/\/www.esin.av.tr\/tr\/#organization","name":"Esin Avukatl\u0131k Ortakl\u0131\u011f\u0131","url":"https:\/\/www.esin.av.tr\/tr\/","logo":{"@type":"ImageObject","inLanguage":"tr","@id":"https:\/\/www.esin.av.tr\/tr\/#\/schema\/logo\/image\/","url":"https:\/\/www.esin.av.tr\/wp-content\/uploads\/2021\/09\/esin-2.jpg","contentUrl":"https:\/\/www.esin.av.tr\/wp-content\/uploads\/2021\/09\/esin-2.jpg","width":800,"height":460,"caption":"Esin Avukatl\u0131k Ortakl\u0131\u011f\u0131"},"image":{"@id":"https:\/\/www.esin.av.tr\/tr\/#\/schema\/logo\/image\/"}},{"@type":"Person","@id":"https:\/\/www.esin.av.tr\/tr\/#\/schema\/person\/42c8e616aab56b8622fa365ad63282ae","name":"R\u0131dvan Konrat","image":{"@type":"ImageObject","inLanguage":"tr","@id":"https:\/\/www.esin.av.tr\/tr\/#\/schema\/person\/image\/","url":"https:\/\/secure.gravatar.com\/avatar\/b20c6c583be38ed4e76e32f69fccc676?s=96&d=mm&r=g","contentUrl":"https:\/\/secure.gravatar.com\/avatar\/b20c6c583be38ed4e76e32f69fccc676?s=96&d=mm&r=g","caption":"R\u0131dvan Konrat"},"sameAs":["http:\/\/www.esin.av.tr"],"url":"https:\/\/www.esin.av.tr\/tr\/author\/rkonrat\/"}]}},"_links":{"self":[{"href":"https:\/\/www.esin.av.tr\/tr\/wp-json\/wp\/v2\/posts\/29348","targetHints":{"allow":["GET"]}}],"collection":[{"href":"https:\/\/www.esin.av.tr\/tr\/wp-json\/wp\/v2\/posts"}],"about":[{"href":"https:\/\/www.esin.av.tr\/tr\/wp-json\/wp\/v2\/types\/post"}],"author":[{"embeddable":true,"href":"https:\/\/www.esin.av.tr\/tr\/wp-json\/wp\/v2\/users\/4"}],"replies":[{"embeddable":true,"href":"https:\/\/www.esin.av.tr\/tr\/wp-json\/wp\/v2\/comments?post=29348"}],"version-history":[{"count":1,"href":"https:\/\/www.esin.av.tr\/tr\/wp-json\/wp\/v2\/posts\/29348\/revisions"}],"predecessor-version":[{"id":29349,"href":"https:\/\/www.esin.av.tr\/tr\/wp-json\/wp\/v2\/posts\/29348\/revisions\/29349"}],"wp:attachment":[{"href":"https:\/\/www.esin.av.tr\/tr\/wp-json\/wp\/v2\/media?parent=29348"}],"wp:term":[{"taxonomy":"category","embeddable":true,"href":"https:\/\/www.esin.av.tr\/tr\/wp-json\/wp\/v2\/categories?post=29348"},{"taxonomy":"post_tag","embeddable":true,"href":"https:\/\/www.esin.av.tr\/tr\/wp-json\/wp\/v2\/tags?post=29348"}],"curies":[{"name":"wp","href":"https:\/\/api.w.org\/{rel}","templated":true}]}}