{"id":28801,"date":"2025-04-17T16:11:48","date_gmt":"2025-04-17T16:11:48","guid":{"rendered":"https:\/\/www.esin.av.tr\/?p=28801"},"modified":"2025-04-17T16:11:48","modified_gmt":"2025-04-17T16:11:48","slug":"reklam-kurulu-kararlari-isiginda-dijital-mecralarda-tuketici-hukuku","status":"publish","type":"post","link":"https:\/\/www.esin.av.tr\/tr\/2025\/04\/17\/reklam-kurulu-kararlari-isiginda-dijital-mecralarda-tuketici-hukuku\/","title":{"rendered":"Reklam Kurulu Kararlar\u0131 I\u015f\u0131\u011f\u0131nda Dijital Mecralarda T\u00fcketici Hukuku"},"content":{"rendered":"<p>Sizleri &#8220;<strong>Reklam Kurulu Kararlar\u0131 I\u015f\u0131\u011f\u0131nda Dijital Mecralarda T\u00fcketici Hukuku&#8221;<\/strong><em><strong>\u00a0<\/strong><\/em>konulu\u00a0webinar\u0131m\u0131za davet ediyoruz!<\/p>\n<p>Bu webinarda:<\/p>\n<ul>\n<li>Reklam Kurulu\u2019nun kararlar\u0131 \u00f6zelinde dijital mecralarda kar\u015f\u0131m\u0131za \u00e7\u0131kan haks\u0131z ticari uygulamalar<\/li>\n<li>Karanl\u0131k tasar\u0131mlar<\/li>\n<li>Reklam Kurulu\u2019nun son y\u0131llardaki sekt\u00f6rel yakla\u015f\u0131m\u0131<\/li>\n<\/ul>\n<p>ba\u015fta olmak \u00fczere t\u00fcketici hukukuna ili\u015fkin pek \u00e7ok konuya de\u011finece\u011fiz.<\/p>\n<p><a href=\"https:\/\/urldefense.com\/v3\/__https:\/bakermckenzie.zoom.us\/rec\/share\/IRKJVVt8xc2wXzephxmIJ9gUT857JtXc0yi9EEjSamANinhoOoBl-cjdhyoSJ_EZ.-zt8NY5C70_YxrgS__;!!Hj9Y_P0nvg!VogRTw37AFsizYiVVJoXykGb1ZW-0JsXmDvqc3vHSHMUxMhBmDvkY2SfxzYorSVN_AVrLlpptTXxRFs83QHbJzldLs8c$\" target=\"_blank\" rel=\"noopener\">Webinar Kayd\u0131<\/a><\/p>\n<p>pw: 3*PnpPX*<\/p>\n<p>&nbsp;<\/p>\n<p>&nbsp;<\/p>\n","protected":false},"excerpt":{"rendered":"<p>Sizleri &#8220;Reklam Kurulu Kararlar\u0131 I\u015f\u0131\u011f\u0131nda Dijital Mecralarda T\u00fcketici Hukuku&#8221;\u00a0konulu\u00a0webinar\u0131m\u0131za davet ediyoruz! Bu webinarda: Reklam Kurulu\u2019nun kararlar\u0131 \u00f6zelinde dijital mecralarda kar\u015f\u0131m\u0131za [&hellip;]<\/p>\n","protected":false},"author":4,"featured_media":0,"comment_status":"closed","ping_status":"closed","sticky":false,"template":"","format":"standard","meta":{"_acf_changed":false,"_stopmodifiedupdate":false,"_modified_date":"","footnotes":""},"categories":[117],"tags":[],"class_list":["post-28801","post","type-post","status-publish","format-standard","hentry","category-webinar"],"acf":[],"yoast_head":"<!-- This site is optimized with the Yoast SEO plugin v24.0 - https:\/\/yoast.com\/wordpress\/plugins\/seo\/ -->\n<title>Reklam Kurulu Kararlar\u0131 I\u015f\u0131\u011f\u0131nda Dijital Mecralarda T\u00fcketici Hukuku<\/title>\n<meta name=\"description\" content=\"Sizleri &quot;Reklam Kurulu Kararlar\u0131 I\u015f\u0131\u011f\u0131nda Dijital Mecralarda T\u00fcketici Hukuku&quot;\u00a0konulu\u00a0webinar\u0131m\u0131za davet ediyoruz! Bu webinarda: Reklam Kurulu\u2019nun\" \/>\n<meta name=\"robots\" content=\"index, follow, max-snippet:-1, max-image-preview:large, max-video-preview:-1\" \/>\n<link rel=\"canonical\" href=\"https:\/\/www.esin.av.tr\/tr\/2025\/04\/17\/reklam-kurulu-kararlari-isiginda-dijital-mecralarda-tuketici-hukuku\/\" \/>\n<meta property=\"og:locale\" content=\"tr_TR\" \/>\n<meta property=\"og:type\" content=\"article\" \/>\n<meta property=\"og:title\" content=\"Reklam Kurulu Kararlar\u0131 I\u015f\u0131\u011f\u0131nda Dijital Mecralarda T\u00fcketici Hukuku\" \/>\n<meta property=\"og:description\" content=\"Sizleri &quot;Reklam Kurulu Kararlar\u0131 I\u015f\u0131\u011f\u0131nda Dijital Mecralarda T\u00fcketici Hukuku&quot;\u00a0konulu\u00a0webinar\u0131m\u0131za davet ediyoruz! Bu webinarda: Reklam Kurulu\u2019nun\" \/>\n<meta property=\"og:url\" content=\"https:\/\/www.esin.av.tr\/tr\/2025\/04\/17\/reklam-kurulu-kararlari-isiginda-dijital-mecralarda-tuketici-hukuku\/\" \/>\n<meta property=\"og:site_name\" content=\"Esin Avukatl\u0131k Ortakl\u0131\u011f\u0131\" \/>\n<meta property=\"article:published_time\" content=\"2025-04-17T16:11:48+00:00\" \/>\n<meta name=\"author\" content=\"R\u0131dvan Konrat\" \/>\n<meta name=\"twitter:card\" content=\"summary_large_image\" \/>\n<meta name=\"twitter:label1\" content=\"Written by\" \/>\n\t<meta name=\"twitter:data1\" content=\"R\u0131dvan Konrat\" \/>\n<script type=\"application\/ld+json\" class=\"yoast-schema-graph\">{\"@context\":\"https:\/\/schema.org\",\"@graph\":[{\"@type\":\"Article\",\"@id\":\"https:\/\/www.esin.av.tr\/tr\/2025\/04\/17\/reklam-kurulu-kararlari-isiginda-dijital-mecralarda-tuketici-hukuku\/#article\",\"isPartOf\":{\"@id\":\"https:\/\/www.esin.av.tr\/tr\/2025\/04\/17\/reklam-kurulu-kararlari-isiginda-dijital-mecralarda-tuketici-hukuku\/\"},\"author\":{\"name\":\"R\u0131dvan Konrat\",\"@id\":\"https:\/\/www.esin.av.tr\/tr\/#\/schema\/person\/42c8e616aab56b8622fa365ad63282ae\"},\"headline\":\"Reklam Kurulu Kararlar\u0131 I\u015f\u0131\u011f\u0131nda Dijital Mecralarda T\u00fcketici Hukuku\",\"datePublished\":\"2025-04-17T16:11:48+00:00\",\"dateModified\":\"2025-04-17T16:11:48+00:00\",\"mainEntityOfPage\":{\"@id\":\"https:\/\/www.esin.av.tr\/tr\/2025\/04\/17\/reklam-kurulu-kararlari-isiginda-dijital-mecralarda-tuketici-hukuku\/\"},\"wordCount\":79,\"publisher\":{\"@id\":\"https:\/\/www.esin.av.tr\/tr\/#organization\"},\"articleSection\":[\"Webinarlar\"],\"inLanguage\":\"tr\"},{\"@type\":\"WebPage\",\"@id\":\"https:\/\/www.esin.av.tr\/tr\/2025\/04\/17\/reklam-kurulu-kararlari-isiginda-dijital-mecralarda-tuketici-hukuku\/\",\"url\":\"https:\/\/www.esin.av.tr\/tr\/2025\/04\/17\/reklam-kurulu-kararlari-isiginda-dijital-mecralarda-tuketici-hukuku\/\",\"name\":\"Reklam Kurulu Kararlar\u0131 I\u015f\u0131\u011f\u0131nda Dijital Mecralarda T\u00fcketici Hukuku\",\"isPartOf\":{\"@id\":\"https:\/\/www.esin.av.tr\/tr\/#website\"},\"datePublished\":\"2025-04-17T16:11:48+00:00\",\"dateModified\":\"2025-04-17T16:11:48+00:00\",\"description\":\"Sizleri \\\"Reklam Kurulu Kararlar\u0131 I\u015f\u0131\u011f\u0131nda Dijital Mecralarda T\u00fcketici Hukuku\\\"\u00a0konulu\u00a0webinar\u0131m\u0131za davet ediyoruz! Bu webinarda: Reklam Kurulu\u2019nun\",\"breadcrumb\":{\"@id\":\"https:\/\/www.esin.av.tr\/tr\/2025\/04\/17\/reklam-kurulu-kararlari-isiginda-dijital-mecralarda-tuketici-hukuku\/#breadcrumb\"},\"inLanguage\":\"tr\",\"potentialAction\":[{\"@type\":\"ReadAction\",\"target\":[\"https:\/\/www.esin.av.tr\/tr\/2025\/04\/17\/reklam-kurulu-kararlari-isiginda-dijital-mecralarda-tuketici-hukuku\/\"]}]},{\"@type\":\"BreadcrumbList\",\"@id\":\"https:\/\/www.esin.av.tr\/tr\/2025\/04\/17\/reklam-kurulu-kararlari-isiginda-dijital-mecralarda-tuketici-hukuku\/#breadcrumb\",\"itemListElement\":[{\"@type\":\"ListItem\",\"position\":1,\"name\":\"Home\",\"item\":\"https:\/\/www.esin.av.tr\/tr\/\"},{\"@type\":\"ListItem\",\"position\":2,\"name\":\"Reklam Kurulu Kararlar\u0131 I\u015f\u0131\u011f\u0131nda Dijital Mecralarda T\u00fcketici Hukuku\"}]},{\"@type\":\"WebSite\",\"@id\":\"https:\/\/www.esin.av.tr\/tr\/#website\",\"url\":\"https:\/\/www.esin.av.tr\/tr\/\",\"name\":\"Esin Avukatl\u0131k Ortakl\u0131\u011f\u0131\",\"description\":\"\",\"publisher\":{\"@id\":\"https:\/\/www.esin.av.tr\/tr\/#organization\"},\"potentialAction\":[{\"@type\":\"SearchAction\",\"target\":{\"@type\":\"EntryPoint\",\"urlTemplate\":\"https:\/\/www.esin.av.tr\/tr\/?s={search_term_string}\"},\"query-input\":{\"@type\":\"PropertyValueSpecification\",\"valueRequired\":true,\"valueName\":\"search_term_string\"}}],\"inLanguage\":\"tr\"},{\"@type\":\"Organization\",\"@id\":\"https:\/\/www.esin.av.tr\/tr\/#organization\",\"name\":\"Esin Avukatl\u0131k Ortakl\u0131\u011f\u0131\",\"url\":\"https:\/\/www.esin.av.tr\/tr\/\",\"logo\":{\"@type\":\"ImageObject\",\"inLanguage\":\"tr\",\"@id\":\"https:\/\/www.esin.av.tr\/tr\/#\/schema\/logo\/image\/\",\"url\":\"https:\/\/www.esin.av.tr\/wp-content\/uploads\/2021\/09\/esin-2.jpg\",\"contentUrl\":\"https:\/\/www.esin.av.tr\/wp-content\/uploads\/2021\/09\/esin-2.jpg\",\"width\":800,\"height\":460,\"caption\":\"Esin Avukatl\u0131k Ortakl\u0131\u011f\u0131\"},\"image\":{\"@id\":\"https:\/\/www.esin.av.tr\/tr\/#\/schema\/logo\/image\/\"}},{\"@type\":\"Person\",\"@id\":\"https:\/\/www.esin.av.tr\/tr\/#\/schema\/person\/42c8e616aab56b8622fa365ad63282ae\",\"name\":\"R\u0131dvan Konrat\",\"image\":{\"@type\":\"ImageObject\",\"inLanguage\":\"tr\",\"@id\":\"https:\/\/www.esin.av.tr\/tr\/#\/schema\/person\/image\/\",\"url\":\"https:\/\/secure.gravatar.com\/avatar\/b20c6c583be38ed4e76e32f69fccc676?s=96&d=mm&r=g\",\"contentUrl\":\"https:\/\/secure.gravatar.com\/avatar\/b20c6c583be38ed4e76e32f69fccc676?s=96&d=mm&r=g\",\"caption\":\"R\u0131dvan Konrat\"},\"sameAs\":[\"http:\/\/www.esin.av.tr\"],\"url\":\"https:\/\/www.esin.av.tr\/tr\/author\/rkonrat\/\"}]}<\/script>\n<!-- \/ Yoast SEO plugin. -->","yoast_head_json":{"title":"Reklam Kurulu Kararlar\u0131 I\u015f\u0131\u011f\u0131nda Dijital Mecralarda T\u00fcketici Hukuku","description":"Sizleri \"Reklam Kurulu Kararlar\u0131 I\u015f\u0131\u011f\u0131nda Dijital Mecralarda T\u00fcketici Hukuku\"\u00a0konulu\u00a0webinar\u0131m\u0131za davet ediyoruz! Bu webinarda: Reklam Kurulu\u2019nun","robots":{"index":"index","follow":"follow","max-snippet":"max-snippet:-1","max-image-preview":"max-image-preview:large","max-video-preview":"max-video-preview:-1"},"canonical":"https:\/\/www.esin.av.tr\/tr\/2025\/04\/17\/reklam-kurulu-kararlari-isiginda-dijital-mecralarda-tuketici-hukuku\/","og_locale":"tr_TR","og_type":"article","og_title":"Reklam Kurulu Kararlar\u0131 I\u015f\u0131\u011f\u0131nda Dijital Mecralarda T\u00fcketici Hukuku","og_description":"Sizleri \"Reklam Kurulu Kararlar\u0131 I\u015f\u0131\u011f\u0131nda Dijital Mecralarda T\u00fcketici Hukuku\"\u00a0konulu\u00a0webinar\u0131m\u0131za davet ediyoruz! Bu webinarda: Reklam Kurulu\u2019nun","og_url":"https:\/\/www.esin.av.tr\/tr\/2025\/04\/17\/reklam-kurulu-kararlari-isiginda-dijital-mecralarda-tuketici-hukuku\/","og_site_name":"Esin Avukatl\u0131k Ortakl\u0131\u011f\u0131","article_published_time":"2025-04-17T16:11:48+00:00","author":"R\u0131dvan Konrat","twitter_card":"summary_large_image","twitter_misc":{"Written by":"R\u0131dvan Konrat"},"schema":{"@context":"https:\/\/schema.org","@graph":[{"@type":"Article","@id":"https:\/\/www.esin.av.tr\/tr\/2025\/04\/17\/reklam-kurulu-kararlari-isiginda-dijital-mecralarda-tuketici-hukuku\/#article","isPartOf":{"@id":"https:\/\/www.esin.av.tr\/tr\/2025\/04\/17\/reklam-kurulu-kararlari-isiginda-dijital-mecralarda-tuketici-hukuku\/"},"author":{"name":"R\u0131dvan Konrat","@id":"https:\/\/www.esin.av.tr\/tr\/#\/schema\/person\/42c8e616aab56b8622fa365ad63282ae"},"headline":"Reklam Kurulu Kararlar\u0131 I\u015f\u0131\u011f\u0131nda Dijital Mecralarda T\u00fcketici Hukuku","datePublished":"2025-04-17T16:11:48+00:00","dateModified":"2025-04-17T16:11:48+00:00","mainEntityOfPage":{"@id":"https:\/\/www.esin.av.tr\/tr\/2025\/04\/17\/reklam-kurulu-kararlari-isiginda-dijital-mecralarda-tuketici-hukuku\/"},"wordCount":79,"publisher":{"@id":"https:\/\/www.esin.av.tr\/tr\/#organization"},"articleSection":["Webinarlar"],"inLanguage":"tr"},{"@type":"WebPage","@id":"https:\/\/www.esin.av.tr\/tr\/2025\/04\/17\/reklam-kurulu-kararlari-isiginda-dijital-mecralarda-tuketici-hukuku\/","url":"https:\/\/www.esin.av.tr\/tr\/2025\/04\/17\/reklam-kurulu-kararlari-isiginda-dijital-mecralarda-tuketici-hukuku\/","name":"Reklam Kurulu Kararlar\u0131 I\u015f\u0131\u011f\u0131nda Dijital Mecralarda T\u00fcketici Hukuku","isPartOf":{"@id":"https:\/\/www.esin.av.tr\/tr\/#website"},"datePublished":"2025-04-17T16:11:48+00:00","dateModified":"2025-04-17T16:11:48+00:00","description":"Sizleri \"Reklam Kurulu Kararlar\u0131 I\u015f\u0131\u011f\u0131nda Dijital Mecralarda T\u00fcketici Hukuku\"\u00a0konulu\u00a0webinar\u0131m\u0131za davet ediyoruz! Bu webinarda: Reklam Kurulu\u2019nun","breadcrumb":{"@id":"https:\/\/www.esin.av.tr\/tr\/2025\/04\/17\/reklam-kurulu-kararlari-isiginda-dijital-mecralarda-tuketici-hukuku\/#breadcrumb"},"inLanguage":"tr","potentialAction":[{"@type":"ReadAction","target":["https:\/\/www.esin.av.tr\/tr\/2025\/04\/17\/reklam-kurulu-kararlari-isiginda-dijital-mecralarda-tuketici-hukuku\/"]}]},{"@type":"BreadcrumbList","@id":"https:\/\/www.esin.av.tr\/tr\/2025\/04\/17\/reklam-kurulu-kararlari-isiginda-dijital-mecralarda-tuketici-hukuku\/#breadcrumb","itemListElement":[{"@type":"ListItem","position":1,"name":"Home","item":"https:\/\/www.esin.av.tr\/tr\/"},{"@type":"ListItem","position":2,"name":"Reklam Kurulu Kararlar\u0131 I\u015f\u0131\u011f\u0131nda Dijital Mecralarda T\u00fcketici Hukuku"}]},{"@type":"WebSite","@id":"https:\/\/www.esin.av.tr\/tr\/#website","url":"https:\/\/www.esin.av.tr\/tr\/","name":"Esin Avukatl\u0131k Ortakl\u0131\u011f\u0131","description":"","publisher":{"@id":"https:\/\/www.esin.av.tr\/tr\/#organization"},"potentialAction":[{"@type":"SearchAction","target":{"@type":"EntryPoint","urlTemplate":"https:\/\/www.esin.av.tr\/tr\/?s={search_term_string}"},"query-input":{"@type":"PropertyValueSpecification","valueRequired":true,"valueName":"search_term_string"}}],"inLanguage":"tr"},{"@type":"Organization","@id":"https:\/\/www.esin.av.tr\/tr\/#organization","name":"Esin Avukatl\u0131k Ortakl\u0131\u011f\u0131","url":"https:\/\/www.esin.av.tr\/tr\/","logo":{"@type":"ImageObject","inLanguage":"tr","@id":"https:\/\/www.esin.av.tr\/tr\/#\/schema\/logo\/image\/","url":"https:\/\/www.esin.av.tr\/wp-content\/uploads\/2021\/09\/esin-2.jpg","contentUrl":"https:\/\/www.esin.av.tr\/wp-content\/uploads\/2021\/09\/esin-2.jpg","width":800,"height":460,"caption":"Esin Avukatl\u0131k Ortakl\u0131\u011f\u0131"},"image":{"@id":"https:\/\/www.esin.av.tr\/tr\/#\/schema\/logo\/image\/"}},{"@type":"Person","@id":"https:\/\/www.esin.av.tr\/tr\/#\/schema\/person\/42c8e616aab56b8622fa365ad63282ae","name":"R\u0131dvan Konrat","image":{"@type":"ImageObject","inLanguage":"tr","@id":"https:\/\/www.esin.av.tr\/tr\/#\/schema\/person\/image\/","url":"https:\/\/secure.gravatar.com\/avatar\/b20c6c583be38ed4e76e32f69fccc676?s=96&d=mm&r=g","contentUrl":"https:\/\/secure.gravatar.com\/avatar\/b20c6c583be38ed4e76e32f69fccc676?s=96&d=mm&r=g","caption":"R\u0131dvan Konrat"},"sameAs":["http:\/\/www.esin.av.tr"],"url":"https:\/\/www.esin.av.tr\/tr\/author\/rkonrat\/"}]}},"_links":{"self":[{"href":"https:\/\/www.esin.av.tr\/tr\/wp-json\/wp\/v2\/posts\/28801","targetHints":{"allow":["GET"]}}],"collection":[{"href":"https:\/\/www.esin.av.tr\/tr\/wp-json\/wp\/v2\/posts"}],"about":[{"href":"https:\/\/www.esin.av.tr\/tr\/wp-json\/wp\/v2\/types\/post"}],"author":[{"embeddable":true,"href":"https:\/\/www.esin.av.tr\/tr\/wp-json\/wp\/v2\/users\/4"}],"replies":[{"embeddable":true,"href":"https:\/\/www.esin.av.tr\/tr\/wp-json\/wp\/v2\/comments?post=28801"}],"version-history":[{"count":1,"href":"https:\/\/www.esin.av.tr\/tr\/wp-json\/wp\/v2\/posts\/28801\/revisions"}],"predecessor-version":[{"id":28802,"href":"https:\/\/www.esin.av.tr\/tr\/wp-json\/wp\/v2\/posts\/28801\/revisions\/28802"}],"wp:attachment":[{"href":"https:\/\/www.esin.av.tr\/tr\/wp-json\/wp\/v2\/media?parent=28801"}],"wp:term":[{"taxonomy":"category","embeddable":true,"href":"https:\/\/www.esin.av.tr\/tr\/wp-json\/wp\/v2\/categories?post=28801"},{"taxonomy":"post_tag","embeddable":true,"href":"https:\/\/www.esin.av.tr\/tr\/wp-json\/wp\/v2\/tags?post=28801"}],"curies":[{"name":"wp","href":"https:\/\/api.w.org\/{rel}","templated":true}]}}