{"id":28732,"date":"2025-03-25T13:37:34","date_gmt":"2025-03-25T13:37:34","guid":{"rendered":"https:\/\/www.esin.av.tr\/?p=28732"},"modified":"2025-03-25T13:39:30","modified_gmt":"2025-03-25T13:39:30","slug":"webinar-saglik-hukuku-webinar-serisi-x-2025te-saglik-sektorundeki-gelismeler-ve-saglik-sektorundeki-is-hukuku-trendleri","status":"publish","type":"post","link":"https:\/\/www.esin.av.tr\/tr\/2025\/03\/25\/webinar-saglik-hukuku-webinar-serisi-x-2025te-saglik-sektorundeki-gelismeler-ve-saglik-sektorundeki-is-hukuku-trendleri\/","title":{"rendered":"Webinar: Sa\u011fl\u0131k Hukuku Webinar Serisi &#8211; X &#8220;2025&#8217;te Sa\u011fl\u0131k Sekt\u00f6r\u00fcndeki Geli\u015fmeler ve Sa\u011fl\u0131k Sekt\u00f6r\u00fcndeki \u0130\u015f Hukuku Trendleri&#8221;"},"content":{"rendered":"<p>Sizleri <strong>Sa\u011fl\u0131k Hukuku Webinar Serisi &#8211; X &#8220;2025\u2019te Sa\u011fl\u0131k Sekt\u00f6r\u00fcndeki Geli\u015fmeler ve Sa\u011fl\u0131k Sekt\u00f6r\u00fcndeki \u0130\u015f Hukuku Trendleri&#8221;<\/strong><em><strong>\u00a0<\/strong><\/em>konulu\u00a0webinar\u0131m\u0131za davet ediyoruz!<\/p>\n<p>Bu webinarda:<\/p>\n<ul>\n<li>G\u00fcncel sa\u011fl\u0131k hukuku geli\u015fmeleri nelerdir ve \u00f6n\u00fcm\u00fczdeki d\u00f6nemde beklentilerimiz nelerdir?<\/li>\n<li>Sa\u011fl\u0131k sekt\u00f6r\u00fcnde i\u015f hukuku trendleri nelerdir?<\/li>\n<\/ul>\n<p>ba\u015fta olmak \u00fczere sa\u011fl\u0131k sekt\u00f6r\u00fcne ili\u015fkin pek \u00e7ok konuya de\u011finece\u011fiz.<\/p>\n<p>&nbsp;<\/p>\n<p><a href=\"https:\/\/urldefense.com\/v3\/__https:\/\/bakermckenzie.zoom.us\/rec\/share\/Wy3CtvjLFh5Rz3uGqcNKUliqZyEc-DYtBdHUwr1OP5lhOdZW_50d8GLOSGMRxxef.A2RXp30uhD9Wu7Dt__;!!Hj9Y_P0nvg!R5PmpBsyCbgl2q5BvpE6W9FqssDMrlRAdDJM3etKnvOZRW_KUQ0BLgjEjY9CBMcYb2MLmR1kHGdMGZWKNn4q_CQ$\" target=\"_blank\" rel=\"noopener\">Webinar Video Linki<\/a><\/p>\n<p>Passcode: FIe@1V@9<\/p>\n<p>&nbsp;<\/p>\n","protected":false},"excerpt":{"rendered":"<p>Sizleri Sa\u011fl\u0131k Hukuku Webinar Serisi &#8211; X &#8220;2025\u2019te Sa\u011fl\u0131k Sekt\u00f6r\u00fcndeki Geli\u015fmeler ve Sa\u011fl\u0131k Sekt\u00f6r\u00fcndeki \u0130\u015f Hukuku Trendleri&#8221;\u00a0konulu\u00a0webinar\u0131m\u0131za davet ediyoruz! Bu [&hellip;]<\/p>\n","protected":false},"author":4,"featured_media":0,"comment_status":"closed","ping_status":"closed","sticky":false,"template":"","format":"standard","meta":{"_acf_changed":false,"_stopmodifiedupdate":false,"_modified_date":"","footnotes":""},"categories":[117],"tags":[],"class_list":["post-28732","post","type-post","status-publish","format-standard","hentry","category-webinar"],"acf":[],"yoast_head":"<!-- This site is optimized with the Yoast SEO plugin v24.0 - https:\/\/yoast.com\/wordpress\/plugins\/seo\/ -->\n<title>Webinar: Sa\u011fl\u0131k Hukuku Webinar Serisi - X &quot;2025&#039;te Sa\u011fl\u0131k Sekt\u00f6r\u00fcndeki Geli\u015fmeler ve Sa\u011fl\u0131k Sekt\u00f6r\u00fcndeki \u0130\u015f Hukuku Trendleri&quot;<\/title>\n<meta name=\"description\" content=\"Sizleri Sa\u011fl\u0131k Hukuku Webinar Serisi - X &quot;2025\u2019te Sa\u011fl\u0131k Sekt\u00f6r\u00fcndeki Geli\u015fmeler ve Sa\u011fl\u0131k Sekt\u00f6r\u00fcndeki \u0130\u015f Hukuku Trendleri&quot;\u00a0konulu\u00a0webinar\u0131m\u0131za davet\" \/>\n<meta name=\"robots\" content=\"index, follow, max-snippet:-1, max-image-preview:large, max-video-preview:-1\" \/>\n<link rel=\"canonical\" href=\"https:\/\/www.esin.av.tr\/tr\/2025\/03\/25\/webinar-saglik-hukuku-webinar-serisi-x-2025te-saglik-sektorundeki-gelismeler-ve-saglik-sektorundeki-is-hukuku-trendleri\/\" \/>\n<meta property=\"og:locale\" content=\"tr_TR\" \/>\n<meta property=\"og:type\" content=\"article\" \/>\n<meta property=\"og:title\" content=\"Webinar: Sa\u011fl\u0131k Hukuku Webinar Serisi - X &quot;2025&#039;te Sa\u011fl\u0131k Sekt\u00f6r\u00fcndeki Geli\u015fmeler ve Sa\u011fl\u0131k Sekt\u00f6r\u00fcndeki \u0130\u015f Hukuku Trendleri&quot;\" \/>\n<meta property=\"og:description\" content=\"Sizleri Sa\u011fl\u0131k Hukuku Webinar Serisi - X &quot;2025\u2019te Sa\u011fl\u0131k Sekt\u00f6r\u00fcndeki Geli\u015fmeler ve Sa\u011fl\u0131k Sekt\u00f6r\u00fcndeki \u0130\u015f Hukuku Trendleri&quot;\u00a0konulu\u00a0webinar\u0131m\u0131za davet\" \/>\n<meta property=\"og:url\" content=\"https:\/\/www.esin.av.tr\/tr\/2025\/03\/25\/webinar-saglik-hukuku-webinar-serisi-x-2025te-saglik-sektorundeki-gelismeler-ve-saglik-sektorundeki-is-hukuku-trendleri\/\" \/>\n<meta property=\"og:site_name\" content=\"Esin Avukatl\u0131k Ortakl\u0131\u011f\u0131\" \/>\n<meta property=\"article:published_time\" content=\"2025-03-25T13:37:34+00:00\" \/>\n<meta property=\"article:modified_time\" content=\"2025-03-25T13:39:30+00:00\" \/>\n<meta name=\"author\" content=\"R\u0131dvan Konrat\" \/>\n<meta name=\"twitter:card\" content=\"summary_large_image\" \/>\n<meta name=\"twitter:label1\" content=\"Written by\" \/>\n\t<meta name=\"twitter:data1\" content=\"R\u0131dvan Konrat\" \/>\n<script type=\"application\/ld+json\" class=\"yoast-schema-graph\">{\"@context\":\"https:\/\/schema.org\",\"@graph\":[{\"@type\":\"Article\",\"@id\":\"https:\/\/www.esin.av.tr\/tr\/2025\/03\/25\/webinar-saglik-hukuku-webinar-serisi-x-2025te-saglik-sektorundeki-gelismeler-ve-saglik-sektorundeki-is-hukuku-trendleri\/#article\",\"isPartOf\":{\"@id\":\"https:\/\/www.esin.av.tr\/tr\/2025\/03\/25\/webinar-saglik-hukuku-webinar-serisi-x-2025te-saglik-sektorundeki-gelismeler-ve-saglik-sektorundeki-is-hukuku-trendleri\/\"},\"author\":{\"name\":\"R\u0131dvan Konrat\",\"@id\":\"https:\/\/www.esin.av.tr\/tr\/#\/schema\/person\/42c8e616aab56b8622fa365ad63282ae\"},\"headline\":\"Webinar: Sa\u011fl\u0131k Hukuku Webinar Serisi &#8211; X &#8220;2025&#8217;te Sa\u011fl\u0131k Sekt\u00f6r\u00fcndeki Geli\u015fmeler ve Sa\u011fl\u0131k Sekt\u00f6r\u00fcndeki \u0130\u015f Hukuku Trendleri&#8221;\",\"datePublished\":\"2025-03-25T13:37:34+00:00\",\"dateModified\":\"2025-03-25T13:39:30+00:00\",\"mainEntityOfPage\":{\"@id\":\"https:\/\/www.esin.av.tr\/tr\/2025\/03\/25\/webinar-saglik-hukuku-webinar-serisi-x-2025te-saglik-sektorundeki-gelismeler-ve-saglik-sektorundeki-is-hukuku-trendleri\/\"},\"wordCount\":115,\"publisher\":{\"@id\":\"https:\/\/www.esin.av.tr\/tr\/#organization\"},\"articleSection\":[\"Webinarlar\"],\"inLanguage\":\"tr\"},{\"@type\":\"WebPage\",\"@id\":\"https:\/\/www.esin.av.tr\/tr\/2025\/03\/25\/webinar-saglik-hukuku-webinar-serisi-x-2025te-saglik-sektorundeki-gelismeler-ve-saglik-sektorundeki-is-hukuku-trendleri\/\",\"url\":\"https:\/\/www.esin.av.tr\/tr\/2025\/03\/25\/webinar-saglik-hukuku-webinar-serisi-x-2025te-saglik-sektorundeki-gelismeler-ve-saglik-sektorundeki-is-hukuku-trendleri\/\",\"name\":\"Webinar: Sa\u011fl\u0131k Hukuku Webinar Serisi - X \\\"2025'te Sa\u011fl\u0131k Sekt\u00f6r\u00fcndeki Geli\u015fmeler ve Sa\u011fl\u0131k Sekt\u00f6r\u00fcndeki \u0130\u015f Hukuku Trendleri\\\"\",\"isPartOf\":{\"@id\":\"https:\/\/www.esin.av.tr\/tr\/#website\"},\"datePublished\":\"2025-03-25T13:37:34+00:00\",\"dateModified\":\"2025-03-25T13:39:30+00:00\",\"description\":\"Sizleri Sa\u011fl\u0131k Hukuku Webinar Serisi - X \\\"2025\u2019te Sa\u011fl\u0131k Sekt\u00f6r\u00fcndeki Geli\u015fmeler ve Sa\u011fl\u0131k Sekt\u00f6r\u00fcndeki \u0130\u015f Hukuku Trendleri\\\"\u00a0konulu\u00a0webinar\u0131m\u0131za davet\",\"breadcrumb\":{\"@id\":\"https:\/\/www.esin.av.tr\/tr\/2025\/03\/25\/webinar-saglik-hukuku-webinar-serisi-x-2025te-saglik-sektorundeki-gelismeler-ve-saglik-sektorundeki-is-hukuku-trendleri\/#breadcrumb\"},\"inLanguage\":\"tr\",\"potentialAction\":[{\"@type\":\"ReadAction\",\"target\":[\"https:\/\/www.esin.av.tr\/tr\/2025\/03\/25\/webinar-saglik-hukuku-webinar-serisi-x-2025te-saglik-sektorundeki-gelismeler-ve-saglik-sektorundeki-is-hukuku-trendleri\/\"]}]},{\"@type\":\"BreadcrumbList\",\"@id\":\"https:\/\/www.esin.av.tr\/tr\/2025\/03\/25\/webinar-saglik-hukuku-webinar-serisi-x-2025te-saglik-sektorundeki-gelismeler-ve-saglik-sektorundeki-is-hukuku-trendleri\/#breadcrumb\",\"itemListElement\":[{\"@type\":\"ListItem\",\"position\":1,\"name\":\"Home\",\"item\":\"https:\/\/www.esin.av.tr\/tr\/\"},{\"@type\":\"ListItem\",\"position\":2,\"name\":\"Webinar: Sa\u011fl\u0131k Hukuku Webinar Serisi &#8211; X &#8220;2025&#8217;te Sa\u011fl\u0131k Sekt\u00f6r\u00fcndeki Geli\u015fmeler ve Sa\u011fl\u0131k Sekt\u00f6r\u00fcndeki \u0130\u015f Hukuku Trendleri&#8221;\"}]},{\"@type\":\"WebSite\",\"@id\":\"https:\/\/www.esin.av.tr\/tr\/#website\",\"url\":\"https:\/\/www.esin.av.tr\/tr\/\",\"name\":\"Esin Avukatl\u0131k Ortakl\u0131\u011f\u0131\",\"description\":\"\",\"publisher\":{\"@id\":\"https:\/\/www.esin.av.tr\/tr\/#organization\"},\"potentialAction\":[{\"@type\":\"SearchAction\",\"target\":{\"@type\":\"EntryPoint\",\"urlTemplate\":\"https:\/\/www.esin.av.tr\/tr\/?s={search_term_string}\"},\"query-input\":{\"@type\":\"PropertyValueSpecification\",\"valueRequired\":true,\"valueName\":\"search_term_string\"}}],\"inLanguage\":\"tr\"},{\"@type\":\"Organization\",\"@id\":\"https:\/\/www.esin.av.tr\/tr\/#organization\",\"name\":\"Esin Avukatl\u0131k Ortakl\u0131\u011f\u0131\",\"url\":\"https:\/\/www.esin.av.tr\/tr\/\",\"logo\":{\"@type\":\"ImageObject\",\"inLanguage\":\"tr\",\"@id\":\"https:\/\/www.esin.av.tr\/tr\/#\/schema\/logo\/image\/\",\"url\":\"https:\/\/www.esin.av.tr\/wp-content\/uploads\/2021\/09\/esin-2.jpg\",\"contentUrl\":\"https:\/\/www.esin.av.tr\/wp-content\/uploads\/2021\/09\/esin-2.jpg\",\"width\":800,\"height\":460,\"caption\":\"Esin Avukatl\u0131k Ortakl\u0131\u011f\u0131\"},\"image\":{\"@id\":\"https:\/\/www.esin.av.tr\/tr\/#\/schema\/logo\/image\/\"}},{\"@type\":\"Person\",\"@id\":\"https:\/\/www.esin.av.tr\/tr\/#\/schema\/person\/42c8e616aab56b8622fa365ad63282ae\",\"name\":\"R\u0131dvan Konrat\",\"image\":{\"@type\":\"ImageObject\",\"inLanguage\":\"tr\",\"@id\":\"https:\/\/www.esin.av.tr\/tr\/#\/schema\/person\/image\/\",\"url\":\"https:\/\/secure.gravatar.com\/avatar\/b20c6c583be38ed4e76e32f69fccc676?s=96&d=mm&r=g\",\"contentUrl\":\"https:\/\/secure.gravatar.com\/avatar\/b20c6c583be38ed4e76e32f69fccc676?s=96&d=mm&r=g\",\"caption\":\"R\u0131dvan Konrat\"},\"sameAs\":[\"http:\/\/www.esin.av.tr\"],\"url\":\"https:\/\/www.esin.av.tr\/tr\/author\/rkonrat\/\"}]}<\/script>\n<!-- \/ Yoast SEO plugin. -->","yoast_head_json":{"title":"Webinar: Sa\u011fl\u0131k Hukuku Webinar Serisi - X \"2025'te Sa\u011fl\u0131k Sekt\u00f6r\u00fcndeki Geli\u015fmeler ve Sa\u011fl\u0131k Sekt\u00f6r\u00fcndeki \u0130\u015f Hukuku Trendleri\"","description":"Sizleri Sa\u011fl\u0131k Hukuku Webinar Serisi - X \"2025\u2019te Sa\u011fl\u0131k Sekt\u00f6r\u00fcndeki Geli\u015fmeler ve Sa\u011fl\u0131k Sekt\u00f6r\u00fcndeki \u0130\u015f Hukuku Trendleri\"\u00a0konulu\u00a0webinar\u0131m\u0131za davet","robots":{"index":"index","follow":"follow","max-snippet":"max-snippet:-1","max-image-preview":"max-image-preview:large","max-video-preview":"max-video-preview:-1"},"canonical":"https:\/\/www.esin.av.tr\/tr\/2025\/03\/25\/webinar-saglik-hukuku-webinar-serisi-x-2025te-saglik-sektorundeki-gelismeler-ve-saglik-sektorundeki-is-hukuku-trendleri\/","og_locale":"tr_TR","og_type":"article","og_title":"Webinar: Sa\u011fl\u0131k Hukuku Webinar Serisi - X \"2025'te Sa\u011fl\u0131k Sekt\u00f6r\u00fcndeki Geli\u015fmeler ve Sa\u011fl\u0131k Sekt\u00f6r\u00fcndeki \u0130\u015f Hukuku Trendleri\"","og_description":"Sizleri Sa\u011fl\u0131k Hukuku Webinar Serisi - X \"2025\u2019te Sa\u011fl\u0131k Sekt\u00f6r\u00fcndeki Geli\u015fmeler ve Sa\u011fl\u0131k Sekt\u00f6r\u00fcndeki \u0130\u015f Hukuku Trendleri\"\u00a0konulu\u00a0webinar\u0131m\u0131za davet","og_url":"https:\/\/www.esin.av.tr\/tr\/2025\/03\/25\/webinar-saglik-hukuku-webinar-serisi-x-2025te-saglik-sektorundeki-gelismeler-ve-saglik-sektorundeki-is-hukuku-trendleri\/","og_site_name":"Esin Avukatl\u0131k Ortakl\u0131\u011f\u0131","article_published_time":"2025-03-25T13:37:34+00:00","article_modified_time":"2025-03-25T13:39:30+00:00","author":"R\u0131dvan Konrat","twitter_card":"summary_large_image","twitter_misc":{"Written by":"R\u0131dvan Konrat"},"schema":{"@context":"https:\/\/schema.org","@graph":[{"@type":"Article","@id":"https:\/\/www.esin.av.tr\/tr\/2025\/03\/25\/webinar-saglik-hukuku-webinar-serisi-x-2025te-saglik-sektorundeki-gelismeler-ve-saglik-sektorundeki-is-hukuku-trendleri\/#article","isPartOf":{"@id":"https:\/\/www.esin.av.tr\/tr\/2025\/03\/25\/webinar-saglik-hukuku-webinar-serisi-x-2025te-saglik-sektorundeki-gelismeler-ve-saglik-sektorundeki-is-hukuku-trendleri\/"},"author":{"name":"R\u0131dvan Konrat","@id":"https:\/\/www.esin.av.tr\/tr\/#\/schema\/person\/42c8e616aab56b8622fa365ad63282ae"},"headline":"Webinar: Sa\u011fl\u0131k Hukuku Webinar Serisi &#8211; X &#8220;2025&#8217;te Sa\u011fl\u0131k Sekt\u00f6r\u00fcndeki Geli\u015fmeler ve Sa\u011fl\u0131k Sekt\u00f6r\u00fcndeki \u0130\u015f Hukuku Trendleri&#8221;","datePublished":"2025-03-25T13:37:34+00:00","dateModified":"2025-03-25T13:39:30+00:00","mainEntityOfPage":{"@id":"https:\/\/www.esin.av.tr\/tr\/2025\/03\/25\/webinar-saglik-hukuku-webinar-serisi-x-2025te-saglik-sektorundeki-gelismeler-ve-saglik-sektorundeki-is-hukuku-trendleri\/"},"wordCount":115,"publisher":{"@id":"https:\/\/www.esin.av.tr\/tr\/#organization"},"articleSection":["Webinarlar"],"inLanguage":"tr"},{"@type":"WebPage","@id":"https:\/\/www.esin.av.tr\/tr\/2025\/03\/25\/webinar-saglik-hukuku-webinar-serisi-x-2025te-saglik-sektorundeki-gelismeler-ve-saglik-sektorundeki-is-hukuku-trendleri\/","url":"https:\/\/www.esin.av.tr\/tr\/2025\/03\/25\/webinar-saglik-hukuku-webinar-serisi-x-2025te-saglik-sektorundeki-gelismeler-ve-saglik-sektorundeki-is-hukuku-trendleri\/","name":"Webinar: Sa\u011fl\u0131k Hukuku Webinar Serisi - X \"2025'te Sa\u011fl\u0131k Sekt\u00f6r\u00fcndeki Geli\u015fmeler ve Sa\u011fl\u0131k Sekt\u00f6r\u00fcndeki \u0130\u015f Hukuku Trendleri\"","isPartOf":{"@id":"https:\/\/www.esin.av.tr\/tr\/#website"},"datePublished":"2025-03-25T13:37:34+00:00","dateModified":"2025-03-25T13:39:30+00:00","description":"Sizleri Sa\u011fl\u0131k Hukuku Webinar Serisi - X \"2025\u2019te Sa\u011fl\u0131k Sekt\u00f6r\u00fcndeki Geli\u015fmeler ve Sa\u011fl\u0131k Sekt\u00f6r\u00fcndeki \u0130\u015f Hukuku Trendleri\"\u00a0konulu\u00a0webinar\u0131m\u0131za davet","breadcrumb":{"@id":"https:\/\/www.esin.av.tr\/tr\/2025\/03\/25\/webinar-saglik-hukuku-webinar-serisi-x-2025te-saglik-sektorundeki-gelismeler-ve-saglik-sektorundeki-is-hukuku-trendleri\/#breadcrumb"},"inLanguage":"tr","potentialAction":[{"@type":"ReadAction","target":["https:\/\/www.esin.av.tr\/tr\/2025\/03\/25\/webinar-saglik-hukuku-webinar-serisi-x-2025te-saglik-sektorundeki-gelismeler-ve-saglik-sektorundeki-is-hukuku-trendleri\/"]}]},{"@type":"BreadcrumbList","@id":"https:\/\/www.esin.av.tr\/tr\/2025\/03\/25\/webinar-saglik-hukuku-webinar-serisi-x-2025te-saglik-sektorundeki-gelismeler-ve-saglik-sektorundeki-is-hukuku-trendleri\/#breadcrumb","itemListElement":[{"@type":"ListItem","position":1,"name":"Home","item":"https:\/\/www.esin.av.tr\/tr\/"},{"@type":"ListItem","position":2,"name":"Webinar: Sa\u011fl\u0131k Hukuku Webinar Serisi &#8211; X &#8220;2025&#8217;te Sa\u011fl\u0131k Sekt\u00f6r\u00fcndeki Geli\u015fmeler ve Sa\u011fl\u0131k Sekt\u00f6r\u00fcndeki \u0130\u015f Hukuku Trendleri&#8221;"}]},{"@type":"WebSite","@id":"https:\/\/www.esin.av.tr\/tr\/#website","url":"https:\/\/www.esin.av.tr\/tr\/","name":"Esin Avukatl\u0131k Ortakl\u0131\u011f\u0131","description":"","publisher":{"@id":"https:\/\/www.esin.av.tr\/tr\/#organization"},"potentialAction":[{"@type":"SearchAction","target":{"@type":"EntryPoint","urlTemplate":"https:\/\/www.esin.av.tr\/tr\/?s={search_term_string}"},"query-input":{"@type":"PropertyValueSpecification","valueRequired":true,"valueName":"search_term_string"}}],"inLanguage":"tr"},{"@type":"Organization","@id":"https:\/\/www.esin.av.tr\/tr\/#organization","name":"Esin Avukatl\u0131k Ortakl\u0131\u011f\u0131","url":"https:\/\/www.esin.av.tr\/tr\/","logo":{"@type":"ImageObject","inLanguage":"tr","@id":"https:\/\/www.esin.av.tr\/tr\/#\/schema\/logo\/image\/","url":"https:\/\/www.esin.av.tr\/wp-content\/uploads\/2021\/09\/esin-2.jpg","contentUrl":"https:\/\/www.esin.av.tr\/wp-content\/uploads\/2021\/09\/esin-2.jpg","width":800,"height":460,"caption":"Esin Avukatl\u0131k Ortakl\u0131\u011f\u0131"},"image":{"@id":"https:\/\/www.esin.av.tr\/tr\/#\/schema\/logo\/image\/"}},{"@type":"Person","@id":"https:\/\/www.esin.av.tr\/tr\/#\/schema\/person\/42c8e616aab56b8622fa365ad63282ae","name":"R\u0131dvan Konrat","image":{"@type":"ImageObject","inLanguage":"tr","@id":"https:\/\/www.esin.av.tr\/tr\/#\/schema\/person\/image\/","url":"https:\/\/secure.gravatar.com\/avatar\/b20c6c583be38ed4e76e32f69fccc676?s=96&d=mm&r=g","contentUrl":"https:\/\/secure.gravatar.com\/avatar\/b20c6c583be38ed4e76e32f69fccc676?s=96&d=mm&r=g","caption":"R\u0131dvan Konrat"},"sameAs":["http:\/\/www.esin.av.tr"],"url":"https:\/\/www.esin.av.tr\/tr\/author\/rkonrat\/"}]}},"_links":{"self":[{"href":"https:\/\/www.esin.av.tr\/tr\/wp-json\/wp\/v2\/posts\/28732","targetHints":{"allow":["GET"]}}],"collection":[{"href":"https:\/\/www.esin.av.tr\/tr\/wp-json\/wp\/v2\/posts"}],"about":[{"href":"https:\/\/www.esin.av.tr\/tr\/wp-json\/wp\/v2\/types\/post"}],"author":[{"embeddable":true,"href":"https:\/\/www.esin.av.tr\/tr\/wp-json\/wp\/v2\/users\/4"}],"replies":[{"embeddable":true,"href":"https:\/\/www.esin.av.tr\/tr\/wp-json\/wp\/v2\/comments?post=28732"}],"version-history":[{"count":1,"href":"https:\/\/www.esin.av.tr\/tr\/wp-json\/wp\/v2\/posts\/28732\/revisions"}],"predecessor-version":[{"id":28733,"href":"https:\/\/www.esin.av.tr\/tr\/wp-json\/wp\/v2\/posts\/28732\/revisions\/28733"}],"wp:attachment":[{"href":"https:\/\/www.esin.av.tr\/tr\/wp-json\/wp\/v2\/media?parent=28732"}],"wp:term":[{"taxonomy":"category","embeddable":true,"href":"https:\/\/www.esin.av.tr\/tr\/wp-json\/wp\/v2\/categories?post=28732"},{"taxonomy":"post_tag","embeddable":true,"href":"https:\/\/www.esin.av.tr\/tr\/wp-json\/wp\/v2\/tags?post=28732"}],"curies":[{"name":"wp","href":"https:\/\/api.w.org\/{rel}","templated":true}]}}