{"id":28729,"date":"2025-03-25T12:24:52","date_gmt":"2025-03-25T12:24:52","guid":{"rendered":"https:\/\/www.esin.av.tr\/?p=28729"},"modified":"2025-03-25T12:24:52","modified_gmt":"2025-03-25T12:24:52","slug":"sinai-mulkiyet-kanununun-uygulanmasina-dair-yonetmelikte-degisiklik-yapilmasina-iliskin-yonetmelik-yayimlandi","status":"publish","type":"post","link":"https:\/\/www.esin.av.tr\/tr\/2025\/03\/25\/sinai-mulkiyet-kanununun-uygulanmasina-dair-yonetmelikte-degisiklik-yapilmasina-iliskin-yonetmelik-yayimlandi\/","title":{"rendered":"S\u0131nai M\u00fclkiyet Kanununun Uygulanmas\u0131na Dair Y\u00f6netmelikte De\u011fi\u015fiklik Yap\u0131lmas\u0131na \u0130li\u015fkin Y\u00f6netmelik Yay\u0131mland\u0131"},"content":{"rendered":"<p><strong>Yeni geli\u015fmeler<\/strong><\/p>\n<p>S\u0131nai M\u00fclkiyet Kanununun Uygulanmas\u0131na Dair Y\u00f6netmelikte De\u011fi\u015fiklik Yap\u0131lmas\u0131na \u0130li\u015fkin Y\u00f6netmelik (&#8220;<strong>De\u011fi\u015fiklik Y\u00f6netmeli\u011fi<\/strong>&#8220;) 15 Mart 2025 tarih ve 32842 say\u0131l\u0131 Resm\u00ee Gazete\u2019de yay\u0131mlanarak y\u00fcr\u00fcrl\u00fc\u011fe girmi\u015ftir. De\u011fi\u015fiklik Y\u00f6netmeli\u011fi\u2019ne <a href=\"https:\/\/urldefense.com\/v3\/__https:\/esinxchange.com\/collect\/click.aspx?u=R3JOREtNLzhXMXYxMy9NNjVSenE2ZDFTTW9wM2hlaGJHNU91WUMwYnYxZXJMWnVZdUMzcFd1SDNxUFFkeUJuWFR5Wld4cFptU0JGYkc2L1d5V2ovWnhuQlZpVEFDcTB3Mm41YTJJZ0FkdS9WdmkvNFFYVitmT1FpQXRFelBiVzc=&amp;rh=ff00e4aec9f72fafdb54df2eac419c1b9c3ea64e__;!!Hj9Y_P0nvg!Uh41migSCgs2_HfEnflGtaFLvv2Dfy5zAGc36LEYYfCPz6B8Hzk-eJn_oMRU42axDnqwHq-vfT1YFuyVVRx4w1uVuA$\">buradan <\/a>ula\u015fabilirsiniz.<\/p>\n<p><strong>Markan\u0131n idari iptali s\u00fcrecinin arka plan\u0131<\/strong><\/p>\n<p>10 Ocak 2017 tarihinde y\u00fcr\u00fcrl\u00fc\u011fe giren S\u0131nai M\u00fclkiyet Kanunu\u2019nun (&#8220;<strong>SMK<\/strong>&#8220;) 26. maddesi uyar\u0131nca markan\u0131n idari iptaline talep \u00fczerine T\u00fcrk Patent ve Marka Kurumu (&#8220;<strong>T\u00dcRKPATENT<\/strong>&#8220;) taraf\u0131ndan karar verilece\u011fi h\u00fck\u00fcm alt\u0131na al\u0131nm\u0131\u015ft\u0131r. Bununla birlikte, SMK madde 192 uyar\u0131nca markan\u0131n idari iptali yetkisinin T\u00dcRKPATENT\u2019e ait oldu\u011funu belirten SMK madde 26 h\u00fckm\u00fcn\u00fcn 10 Ocak 2024\u2019te y\u00fcr\u00fcrl\u00fc\u011fe girece\u011fi d\u00fczenlenmi\u015f ve SMK Ge\u00e7ici madde 4 uyar\u0131nca belirtilen tarihe karar markalar\u0131n iptaline karar verme yetkisinin mahkemeler taraf\u0131ndan kullan\u0131lmaya devam edece\u011fi belirtilmi\u015ftir. SMK madde 26\u2019n\u0131n y\u00fcr\u00fcrl\u00fck tarihi ertelenmemi\u015f, 10 Ocak 2024 tarihinde y\u00fcr\u00fcrl\u00fc\u011fe girmi\u015ftir. Ancak maddenin uygulanmas\u0131na dair y\u00fcr\u00fcrl\u00fc\u011fe girmesi beklenen y\u00f6netmelik uzun bir s\u00fcre taslak halde kalm\u0131\u015ft\u0131r. Bu s\u00fcre zarf\u0131nda T\u00dcRKPATENT marka iptal taleplerini \u00f6n ba\u015fvuru olarak kabul etmi\u015ftir, ancak esasa ili\u015fkin herhangi bir inceleme ger\u00e7ekle\u015ftirmemi\u015ftir. Uzun zamand\u0131r beklenen De\u011fi\u015fiklik Y\u00f6netmeli\u011fi\u2019nin beraberinde getirdi\u011fi ba\u015fl\u0131ca de\u011fi\u015fiklik a\u015fa\u011f\u0131da a\u00e7\u0131klanm\u0131\u015ft\u0131r.<\/p>\n<p><strong>De\u011fi\u015fiklik Y\u00f6netmeli\u011fi\u2019nin \u00f6ng\u00f6rd\u00fc\u011f\u00fc ba\u015fl\u0131ca de\u011fi\u015fiklikler<\/strong><\/p>\n<p><strong>i. \u0130ptal talep edilen her marka i\u00e7in ayr\u0131 iptal talebi dosyalanmas\u0131<\/strong><\/p>\n<p>De\u011fi\u015fiklik Y\u00f6netmeli\u011fi\u2019nde tek bir iptal talebi ile birden fazla markan\u0131n iptalinin talep edilemeyece\u011fi belirtilmi\u015f olup her bir tescilli marka i\u00e7in iptal taleplerinin ayr\u0131ca yap\u0131lmas\u0131 gerekti\u011fi d\u00fczenlenmi\u015ftir. Ayn\u0131 markalar\u0131n mal ve hizmet kapsamlar\u0131nda ortakl\u0131k ve farkl\u0131l\u0131k olabilece\u011fi gibi, iptal talebi incelemesini etkileyebilecek tescil tarihi gibi bilgilerde de farkl\u0131l\u0131k olabilece\u011fi ger\u00e7e\u011fi kar\u015f\u0131s\u0131nda, iptali talep edilen her marka i\u00e7in ayr\u0131 bir inceleme y\u00fcr\u00fct\u00fclmesi gerekti\u011fi a\u00e7\u0131kt\u0131r. Ancak T\u00dcRKPATENT nezdinde, ba\u011flant\u0131l\u0131 da olsa her bir dosya farkl\u0131 uzmana atanabilmektedir ve zaman zaman uzmanlar aras\u0131nda yorum farklar\u0131 g\u00f6r\u00fclebilmektedir. Bu durumun uygulamada \u00e7eli\u015fkili kararlar d\u00fczenlenmesine sebep olmamas\u0131 i\u00e7in gerekli \u00f6nlemlerin al\u0131nmas\u0131 \u00f6nem arz edecektir. Ba\u011flant\u0131l\u0131 dosyalar hakk\u0131nda T\u00dcRKPATENT\u2019e bildirim yap\u0131labilmesi ve ba\u011flant\u0131l\u0131 dosyalar\u0131n en az\u0131ndan ayn\u0131 uzmanlar taraf\u0131ndan incelenmesinin sa\u011flanmas\u0131 bu riski d\u00fc\u015f\u00fcrebilecektir.<\/p>\n<p><strong>ii. T\u00dcRKPATENT taraf\u0131ndan eksiklik bildirimi yap\u0131lmas\u0131 ve \u00fccret iadesi<\/strong><\/p>\n<p>\u0130ptal talepleri, talep tarihinde T\u00dcRKPATENT sicilinde marka sahibi olarak kay\u0131tl\u0131 ki\u015filere veya hukuki haleflerine kar\u015f\u0131 yap\u0131lacakt\u0131r. \u0130ptal talebinin incelenmesi s\u0131ras\u0131nda hak sahibinin de\u011fi\u015fmesi halinde, talep sahibi taraf\u0131ndan ba\u015fkaca i\u015flem yap\u0131lmas\u0131na gerek kalmaks\u0131z\u0131n sicilde hak sahibi olarak g\u00f6r\u00fcnen ki\u015fiye kar\u015f\u0131 i\u015flemlere devam edilecektir.<\/p>\n<p>T\u00dcRKPATENT, iptal talebinin gerekli hususlar\u0131 i\u00e7erip i\u00e7ermedi\u011fine ili\u015fkin \u015fekli bir inceleme ger\u00e7ekle\u015ftirecek ve herhangi bir eksikli\u011fin tespit edilmesi halinde giderilmesi i\u00e7in talep sahibine bir ayl\u0131k s\u00fcre verecektir. Tespit edilen eksikliklerin belirtilen s\u00fcre i\u00e7inde talep sahibi taraf\u0131ndan giderilmemesi halinde iptal talebi, esasa ili\u015fkin herhangi bir inceleme yap\u0131lmaks\u0131z\u0131n reddedilecektir. Ba\u015fvuru \u00fccreti (Kurum \u00fccreti) talep sahibine iade edilmeyecektir. Di\u011fer yandan, talep sahibinin iste\u011fi \u00fczerine emanet hesab\u0131nda tutulan \u00fccret talep sahibine iade edilecektir.<br \/>\n<strong>iii. \u0130ptal talebine cevap s\u00fcreleri<\/strong><\/p>\n<p>\u015eekli incelemede herhangi bir eksiklik ile kar\u015f\u0131la\u015f\u0131lmaz veya mevcut eksiklikler talep sahibi taraf\u0131ndan verilen s\u00fcre i\u00e7erisinde giderilirse iptal talebi marka sahibine bildirilecek ve iptal talebine kar\u015f\u0131 cevap ve delil sunmas\u0131 i\u00e7in bir ayl\u0131k s\u00fcre verilecektir. Cevap ve delillerin sunulmas\u0131na ili\u015fkin bir ayl\u0131k s\u00fcre i\u00e7inde talep edilmesi h\u00e2linde T\u00dcRKPATENT taraf\u0131ndan marka sahibine bir aya kadar ek s\u00fcre verilecektir. De\u011fi\u015fiklik Y\u00f6netmeli\u011fi\u2019nin lafz\u0131ndan T\u00dcRKPATENT\u2019in ek s\u00fcre verme konusunda takdir yetkisi olmad\u0131\u011f\u0131, bir ba\u015fka ifadeyle talep halinde mutlaka ek s\u00fcre verilece\u011fi, ancak ek s\u00fcrenin uzunlu\u011fu konusunda bir takdir yetkisi oldu\u011fu, bir ba\u015fka ifadeyle bir aydan daha k\u0131sa bir ek s\u00fcre de verilebilece\u011fi anla\u015f\u0131lmaktad\u0131r.<\/p>\n<p>Ayr\u0131ca T\u00dcRKPATENT ihtiya\u00e7 g\u00f6rmesi halinde, ek bilgi ve belge sunulmas\u0131 veya bunlarla ve gerek\u00e7elerle ilgili a\u00e7\u0131klamada bulunulmas\u0131 i\u00e7in taraflara bir ayl\u0131k s\u00fcre verebilir. Belirtilen s\u00fcrelerin sona ermesinin ard\u0131ndan taraflarca sunulacak cevap ve deliller T\u00dcRKPATENT taraf\u0131ndan dikkate al\u0131nmayacakt\u0131r.<\/p>\n<p><strong>iv. \u0130ptal karar\u0131n\u0131n etki do\u011furma s\u00fcresi<\/strong><\/p>\n<p>Kural olarak, marka iptal taleplerine ili\u015fkin verilen kararlar ileri etkilidir. Ancak ge\u00e7mi\u015fte oldu\u011fu gibi, markan\u0131n iptali talep edildi\u011finde, iptal karar\u0131n\u0131n iptal talebinin sunuldu\u011fu tarihten \u00f6nce etki do\u011furmas\u0131 i\u00e7in, bu talebin \u00f6zel olarak iptal talebinde belirtilmesi, a\u00e7\u0131k\u00e7a etki do\u011furmas\u0131 istenen tarihin yaz\u0131lmas\u0131 gerekmektedir. Bu durumda e\u011fer ko\u015fullar sa\u011flan\u0131yorsa marka, iptal talebinin T\u00dcRKPATENT\u2019e sunuldu\u011fu tarihten de\u011fil, iptal ko\u015fullar\u0131n\u0131n olu\u015ftu\u011fu tarihten itibaren iptal edilmi\u015f say\u0131labilecektir.<\/p>\n<p><strong>v. \u0130ptal talebinin, re\u2019sen reddedilen marka ba\u015fvurular\u0131na yap\u0131lan karara itiraz dosyalar\u0131nda bekletici mesele yap\u0131lmas\u0131<\/strong><\/p>\n<p>Mevzuatta bu konuda a\u00e7\u0131k bir d\u00fczenleme bulunmamaktad\u0131r. Marka ba\u015fvurusunun SMK&#8217;n\u0131n 5\/1(\u00e7) maddesi uyar\u0131nca T\u00dcRKPATENT taraf\u0131ndan re&#8217;sen reddedildi\u011fi hallerde, marka sahibi taraf\u0131ndan be\u015f y\u0131ldan uzun s\u00fcredir tescilli redde mesnet markaya kar\u015f\u0131 geriye etkili olarak kullanmama sebebiyle iptal talebinin dosyalanmas\u0131 ve ko\u015fullar\u0131 var ise iptali talep edilen markan\u0131n geriye etkili olarak iptal edilmesi durumunda karara itiraz\u0131n ak\u0131betinin ne olaca\u011f\u0131 belirsizli\u011fini korumaktad\u0131r. Redde mesnet marka, reddedilen markan\u0131n ba\u015fvuru tarihinden \u00f6nce kullanmama nedeniyle iptal edilecek olursa, ortada ret gerek\u00e7esi kalmayacakt\u0131r ve kullan\u0131lmayan ve sicili i\u015fgal eden bir marka sebebiyle ba\u015fka bir markan\u0131n yay\u0131mlanmamas\u0131n\u0131n \u00f6n\u00fcne ge\u00e7ilebilecektir. Bu senaryoda T\u00dcRKPATENT, re\u2019sen redde ili\u015fkin karara itirazda, iptale ili\u015fkin talebi bekleme y\u00f6n\u00fcnde karar verecek olursa daha hakkaniyetli sonu\u00e7lar do\u011facakt\u0131r.<\/p>\n<p>Kanaatimizce T\u00dcRKPATENT taraf\u0131ndan ulusal marka ba\u015fvurular\u0131 ile Madrid Protokol\u00fc \u00e7er\u00e7evesinde T\u00fcrkiye\u2019nin akit taraf olarak belirlendi\u011fi uluslararas\u0131 ba\u015fvurular y\u00f6n\u00fcnden bir ayr\u0131ma gidilecektir. Yak\u0131n zamanda verilen bir kararda, Yeniden \u0130nceleme ve De\u011ferlendirme Kurulu (\u201c<strong>Y\u0130DK<\/strong>\u201d), uluslararas\u0131 bir marka ba\u015fvurusu y\u00f6n\u00fcnden iptal talebinin bekletici mesele yap\u0131lmas\u0131 talebini reddetmi\u015ftir. Y\u0130DK\u2019n\u0131n en \u00f6nemli gerek\u00e7esi, Madrid Protokol h\u00fck\u00fcmleri uyar\u0131nca uluslararas\u0131 ba\u015fvurular\u0131n akit taraf Ofisleri taraf\u0131ndan belirli s\u00fcreler i\u00e7erisinde neticelendirilmesi gerekmesi (T\u00fcrkiye bak\u0131m\u0131ndan ret kararlar\u0131n\u0131n bildirim s\u00fcresi 18 ayd\u0131r), bu s\u00fcreye uyulmamas\u0131 halinde Madrid Protokol\u00fc madde 4\/1-(a) uyar\u0131nca z\u0131mni kabul (T\u00fcrkiye\u2019de tescil) sonucunun ortaya \u00e7\u0131kaca\u011f\u0131, iptal talebinin kabul\u00fc halinde ba\u015fvurunun yay\u0131nlanmas\u0131 ve bu yay\u0131na \u00fc\u00e7\u00fcnc\u00fc ki\u015filerce itiraz edilmesi durumunda, ilgili s\u00fcrelerin a\u015f\u0131lm\u0131\u015f olmas\u0131ndan \u00f6t\u00fcr\u00fc T\u00dcRKPATENT\u2019in yay\u0131ma itiraz \u00fczerine SMK madde 6 kapsam\u0131nda bir ret karar\u0131 vermesinin m\u00fcmk\u00fcn olmayaca\u011f\u0131, bu \u015fekilde yeni ve farkl\u0131 bir madde h\u00fckm\u00fcne dayanan olas\u0131 bir ret karar\u0131n\u0131n ilgili Madrid Protokol\u00fc h\u00fckm\u00fc uyar\u0131nca hukuki bir sonu\u00e7 do\u011furmayaca\u011f\u0131 ve WIPO taraf\u0131ndan ge\u00e7erli kabul edilmeyecek olmas\u0131d\u0131r. Her ne kadar uluslararas\u0131 marka ba\u015fvurular\u0131 a\u00e7\u0131s\u0131ndan Madrid Protokol\u00fc\u2019nden kaynakl\u0131 bir zaman bask\u0131s\u0131 mevcut olsa da ulusal marka ba\u015fvurular\u0131 y\u00f6n\u00fcnden bu t\u00fcr bir k\u0131s\u0131tlama bulunmamaktad\u0131r.<\/p>\n<p><strong>vi. \u0130ptal karar\u0131n\u0131n benzer mal ve hizmetler y\u00f6n\u00fcnden verilememesi<\/strong><\/p>\n<p>De\u011fi\u015fiklik Y\u00f6netmeli\u011fi\u2019ne g\u00f6re T\u00dcRKPATENT kullan\u0131m ispat\u0131 delillerini inceledikten sonra, markan\u0131n iptali istenen mal veya hizmetlerde ciddi bi\u00e7imde kullan\u0131ld\u0131\u011f\u0131n\u0131 g\u00f6sterir nitelikte bulmamas\u0131 veya marka sahibi taraf\u0131ndan kullanmamaya dair hakl\u0131 sebepleri oldu\u011funa ili\u015fkin delil sunulmamas\u0131 halinde iptale ili\u015fkin karar verecektir. Ayr\u0131ca iptal talebinde bulunulaca\u011f\u0131 d\u00fc\u015f\u00fcn\u00fclerek kullan\u0131m ger\u00e7ekle\u015fmi\u015fse talebin sunulmas\u0131ndan \u00f6nceki \u00fc\u00e7 ay i\u00e7erisinde ger\u00e7ekle\u015fen kullan\u0131m dikkate al\u0131nmayacakt\u0131r.<\/p>\n<p>De\u011fi\u015fiklik Y\u00f6netmeli\u011fi\u2019ne eklenen yeni h\u00fck\u00fcm uyar\u0131nca \u201cbenzer mal ve hizmetler y\u00f6n\u00fcnden iptal karar\u0131 verilemez\u201d. Bu h\u00fckm\u00fcn kar\u015f\u0131l\u0131\u011f\u0131 net de\u011fildir. H\u00fck\u00fcmle kastedilenin markan\u0131n bir s\u0131n\u0131f veya alt s\u0131n\u0131fa ait mal ve hizmetler y\u00f6n\u00fcnden kullan\u0131m\u0131 kan\u0131tland\u0131\u011f\u0131 takdirde ayn\u0131 s\u0131n\u0131f veya alt s\u0131n\u0131fta yer alan di\u011fer benzer mal ve hizmetler y\u00f6n\u00fcnden -bu mal ve hizmetler bak\u0131m\u0131ndan kullan\u0131m g\u00f6sterilemese dahi- iptal karar\u0131 verilmeyece\u011fi oldu\u011funu anl\u0131yoruz. Bu konuda T\u00dcRKPATENT\u2019in verece\u011fi kararlar yol g\u00f6sterici olacakt\u0131r.<\/p>\n<p>De\u011fi\u015fiklik Y\u00f6netmeli\u011fi ile ayr\u0131ca, yay\u0131ma itirazlarda SMK madde 19\/2 uyar\u0131nca ileri s\u00fcr\u00fclebilen kullan\u0131m def\u2019ine ili\u015fkin h\u00fck\u00fcmlerin, niteli\u011fine uygun d\u00fc\u015ft\u00fc\u011f\u00fc \u00f6l\u00e7\u00fcde iptal talepleri hakk\u0131nda da uygulanaca\u011f\u0131 belirtilmi\u015ftir.<br \/>\n<strong>vii. \u0130ptal talebine ili\u015fkin \u00fccretler<\/strong><\/p>\n<p>Markan\u0131n idari iptaline ili\u015fkin SMK madde 26\u2019da yer alan d\u00fczenlemelere ek olarak, De\u011fi\u015fiklik Y\u00f6netmeli\u011fi ile iptal \u00fccretinin &#8220;kurum \u00fccreti&#8221; ve &#8220;emanet hesab\u0131nda tutulacak \u00fccret&#8221; olmak \u00fczere iki kalem olarak \u00f6denece\u011fi d\u00fczenlenmi\u015ftir. Bu do\u011frultuda, kurum \u00fccreti do\u011frudan T\u00dcRKPATENT\u2019e gelir olarak kaydedilirken emanet hesab\u0131nda tutulacak \u00fccret iptal prosed\u00fcr\u00fc kapsam\u0131nda T\u00dcRKPATENT\u2019in verece\u011fi nihai karara g\u00f6re taraflara \u00f6denebilece\u011fi gibi T\u00dcRKPATENT\u2019e gelir olarak da kaydedilebilecektir. Bu do\u011frultuda, De\u011fi\u015fiklik Y\u00f6netmeli\u011fi ile emanet hesab\u0131nda tutulacak \u00fccretin, idari iptal talebinin T\u00dcRKPATENT taraf\u0131ndan t\u00fcmden reddedilmesi halinde talebi \u00fczerine marka sahibine, t\u00fcmden kabul\u00fc halinde ise talebi \u00fczerine itiraz sahibine \u00f6denece\u011fi h\u00fck\u00fcm alt\u0131na al\u0131nm\u0131\u015ft\u0131r. Taraflar\u0131n emanet hesab\u0131ndaki \u00fccretin kendilerine \u00f6denmesine ili\u015fkin taleplerini T\u00dcRKPATENT\u2019in nihai karar\u0131ndan itibaren on y\u0131l i\u00e7erinde ileri s\u00fcrmesi gerekmekte olup belirtilen s\u00fcre i\u00e7erisinde talep edilmez veya idari iptal talebinin k\u0131smen kabul\u00fcne karar verilirse emanet hesab\u0131nda bekleyen \u00fccretin T\u00dcRKPATENT\u2019e gelir olarak kaydedilece\u011fi belirtilmi\u015ftir. Ek olarak, De\u011fi\u015fiklik Y\u00f6netmeli\u011fi y\u00fcr\u00fcrl\u00fc\u011fe girene kadar \u00f6n ba\u015fvuru olarak al\u0131nan idari iptal talepleri bak\u0131m\u0131ndan taleplerin ileri s\u00fcr\u00fcld\u00fc\u011f\u00fc s\u0131rada hen\u00fcz d\u00fczenlenmemi\u015f olan emanet hesab\u0131na yat\u0131r\u0131lan \u00fccretin iptal talebi sahiplerinden talep edilmeyece\u011fi belirtilmektedir.<br \/>\n<strong>viii. \u0130ptal talebinin geri \u00e7ekilmesi ve \u00fccret iadesi<\/strong><\/p>\n<p>Yay\u0131ma ve karara itirazlar\u0131n geri \u00e7ekilmesi prosed\u00fcr\u00fcne paralel olarak, De\u011fi\u015fiklik Y\u00f6netmeli\u011fi uyar\u0131nca marka iptal talebi \u00fczerine T\u00dcRKPATENT taraf\u0131ndan nihai karar verilene kadar iptal talebinin talep sahibi taraf\u0131ndan geri \u00e7ekilebilece\u011fi d\u00fczenlenmi\u015ftir. Talep vekil taraf\u0131ndan yap\u0131lm\u0131\u015f ise geri \u00e7ekme yetkisini a\u00e7\u0131k\u00e7a i\u00e7eren vek\u00e2letname sunulmal\u0131d\u0131r. \u0130ptal talebinin geri \u00e7ekilmesi halinde emanet hesapta tutulan \u00fccret talep \u00fczerine talep sahibine iade edilecektir.<\/p>\n<p><strong>Sonu\u00e7<\/strong><\/p>\n<p>15 Mart 2025\u2019te SMK\u2019da ger\u00e7ekle\u015fen de\u011fi\u015fiklikleri takiben uzun zamand\u0131r beklenen y\u00f6netmelik de\u011fi\u015fikli\u011fi ger\u00e7ekle\u015fmi\u015f ve De\u011fi\u015fiklik Y\u00f6netmeli\u011fi ile markalar\u0131n idari iptali yetkisinin T\u00dcRKPATENT taraf\u0131ndan kullan\u0131lmas\u0131na ili\u015fkin bir yol haritas\u0131 geli\u015ftirilmi\u015ftir. Bu vesileyle, bir s\u00fcredir soru i\u015fareti yaratan baz\u0131 hususlar a\u00e7\u0131kl\u0131\u011fa kavu\u015fmu\u015f olsa da di\u011fer bir k\u0131s\u0131m hususlar halen belirsizli\u011fini korumaktad\u0131r ve uygulamayla \u015fekillenecektir.<\/p>\n","protected":false},"excerpt":{"rendered":"<p>Yeni geli\u015fmeler S\u0131nai M\u00fclkiyet Kanununun Uygulanmas\u0131na Dair Y\u00f6netmelikte De\u011fi\u015fiklik Yap\u0131lmas\u0131na \u0130li\u015fkin Y\u00f6netmelik (&#8220;De\u011fi\u015fiklik Y\u00f6netmeli\u011fi&#8220;) 15 Mart 2025 tarih ve 32842 [&hellip;]<\/p>\n","protected":false},"author":4,"featured_media":0,"comment_status":"closed","ping_status":"closed","sticky":false,"template":"","format":"standard","meta":{"_acf_changed":false,"_stopmodifiedupdate":false,"_modified_date":"","footnotes":""},"categories":[120],"tags":[180],"class_list":["post-28729","post","type-post","status-publish","format-standard","hentry","category-legal-alerts","tag-fikri-mulkiyet-ve-teknoloji"],"acf":[],"yoast_head":"<!-- This site is optimized with the Yoast SEO plugin v24.0 - https:\/\/yoast.com\/wordpress\/plugins\/seo\/ -->\n<title>S\u0131nai M\u00fclkiyet Kanununun Uygulanmas\u0131na Dair Y\u00f6netmelikte De\u011fi\u015fiklik Yap\u0131lmas\u0131na \u0130li\u015fkin Y\u00f6netmelik Yay\u0131mland\u0131<\/title>\n<meta name=\"description\" content=\"Yeni geli\u015fmeler S\u0131nai M\u00fclkiyet Kanununun Uygulanmas\u0131na Dair Y\u00f6netmelikte De\u011fi\u015fiklik Yap\u0131lmas\u0131na \u0130li\u015fkin Y\u00f6netmelik (&quot;De\u011fi\u015fiklik Y\u00f6netmeli\u011fi&quot;) 15 Mart 2025\" \/>\n<meta name=\"robots\" content=\"index, follow, max-snippet:-1, max-image-preview:large, max-video-preview:-1\" \/>\n<link rel=\"canonical\" href=\"https:\/\/www.esin.av.tr\/tr\/2025\/03\/25\/sinai-mulkiyet-kanununun-uygulanmasina-dair-yonetmelikte-degisiklik-yapilmasina-iliskin-yonetmelik-yayimlandi\/\" \/>\n<meta property=\"og:locale\" content=\"tr_TR\" \/>\n<meta property=\"og:type\" content=\"article\" \/>\n<meta property=\"og:title\" content=\"S\u0131nai M\u00fclkiyet Kanununun Uygulanmas\u0131na Dair Y\u00f6netmelikte De\u011fi\u015fiklik Yap\u0131lmas\u0131na \u0130li\u015fkin Y\u00f6netmelik Yay\u0131mland\u0131\" \/>\n<meta property=\"og:description\" content=\"Yeni geli\u015fmeler S\u0131nai M\u00fclkiyet Kanununun Uygulanmas\u0131na Dair Y\u00f6netmelikte De\u011fi\u015fiklik Yap\u0131lmas\u0131na \u0130li\u015fkin Y\u00f6netmelik (&quot;De\u011fi\u015fiklik Y\u00f6netmeli\u011fi&quot;) 15 Mart 2025\" \/>\n<meta property=\"og:url\" content=\"https:\/\/www.esin.av.tr\/tr\/2025\/03\/25\/sinai-mulkiyet-kanununun-uygulanmasina-dair-yonetmelikte-degisiklik-yapilmasina-iliskin-yonetmelik-yayimlandi\/\" \/>\n<meta property=\"og:site_name\" content=\"Esin Avukatl\u0131k Ortakl\u0131\u011f\u0131\" \/>\n<meta property=\"article:published_time\" content=\"2025-03-25T12:24:52+00:00\" \/>\n<meta name=\"author\" content=\"R\u0131dvan Konrat\" \/>\n<meta name=\"twitter:card\" content=\"summary_large_image\" \/>\n<meta name=\"twitter:label1\" content=\"Written by\" \/>\n\t<meta name=\"twitter:data1\" content=\"R\u0131dvan Konrat\" \/>\n\t<meta name=\"twitter:label2\" content=\"Est. reading time\" \/>\n\t<meta name=\"twitter:data2\" content=\"10 minutes\" \/>\n<script type=\"application\/ld+json\" class=\"yoast-schema-graph\">{\"@context\":\"https:\/\/schema.org\",\"@graph\":[{\"@type\":\"Article\",\"@id\":\"https:\/\/www.esin.av.tr\/tr\/2025\/03\/25\/sinai-mulkiyet-kanununun-uygulanmasina-dair-yonetmelikte-degisiklik-yapilmasina-iliskin-yonetmelik-yayimlandi\/#article\",\"isPartOf\":{\"@id\":\"https:\/\/www.esin.av.tr\/tr\/2025\/03\/25\/sinai-mulkiyet-kanununun-uygulanmasina-dair-yonetmelikte-degisiklik-yapilmasina-iliskin-yonetmelik-yayimlandi\/\"},\"author\":{\"name\":\"R\u0131dvan Konrat\",\"@id\":\"https:\/\/www.esin.av.tr\/tr\/#\/schema\/person\/42c8e616aab56b8622fa365ad63282ae\"},\"headline\":\"S\u0131nai M\u00fclkiyet Kanununun Uygulanmas\u0131na Dair Y\u00f6netmelikte De\u011fi\u015fiklik Yap\u0131lmas\u0131na \u0130li\u015fkin Y\u00f6netmelik Yay\u0131mland\u0131\",\"datePublished\":\"2025-03-25T12:24:52+00:00\",\"dateModified\":\"2025-03-25T12:24:52+00:00\",\"mainEntityOfPage\":{\"@id\":\"https:\/\/www.esin.av.tr\/tr\/2025\/03\/25\/sinai-mulkiyet-kanununun-uygulanmasina-dair-yonetmelikte-degisiklik-yapilmasina-iliskin-yonetmelik-yayimlandi\/\"},\"wordCount\":2050,\"publisher\":{\"@id\":\"https:\/\/www.esin.av.tr\/tr\/#organization\"},\"keywords\":[\"Fikri M\u00fclkiyet ve Teknoloji\"],\"articleSection\":[\"Hukuk B\u00fcltenleri\"],\"inLanguage\":\"tr\"},{\"@type\":\"WebPage\",\"@id\":\"https:\/\/www.esin.av.tr\/tr\/2025\/03\/25\/sinai-mulkiyet-kanununun-uygulanmasina-dair-yonetmelikte-degisiklik-yapilmasina-iliskin-yonetmelik-yayimlandi\/\",\"url\":\"https:\/\/www.esin.av.tr\/tr\/2025\/03\/25\/sinai-mulkiyet-kanununun-uygulanmasina-dair-yonetmelikte-degisiklik-yapilmasina-iliskin-yonetmelik-yayimlandi\/\",\"name\":\"S\u0131nai M\u00fclkiyet Kanununun Uygulanmas\u0131na Dair Y\u00f6netmelikte De\u011fi\u015fiklik Yap\u0131lmas\u0131na \u0130li\u015fkin Y\u00f6netmelik Yay\u0131mland\u0131\",\"isPartOf\":{\"@id\":\"https:\/\/www.esin.av.tr\/tr\/#website\"},\"datePublished\":\"2025-03-25T12:24:52+00:00\",\"dateModified\":\"2025-03-25T12:24:52+00:00\",\"description\":\"Yeni geli\u015fmeler S\u0131nai M\u00fclkiyet Kanununun Uygulanmas\u0131na Dair Y\u00f6netmelikte De\u011fi\u015fiklik Yap\u0131lmas\u0131na \u0130li\u015fkin Y\u00f6netmelik (\\\"De\u011fi\u015fiklik Y\u00f6netmeli\u011fi\\\") 15 Mart 2025\",\"breadcrumb\":{\"@id\":\"https:\/\/www.esin.av.tr\/tr\/2025\/03\/25\/sinai-mulkiyet-kanununun-uygulanmasina-dair-yonetmelikte-degisiklik-yapilmasina-iliskin-yonetmelik-yayimlandi\/#breadcrumb\"},\"inLanguage\":\"tr\",\"potentialAction\":[{\"@type\":\"ReadAction\",\"target\":[\"https:\/\/www.esin.av.tr\/tr\/2025\/03\/25\/sinai-mulkiyet-kanununun-uygulanmasina-dair-yonetmelikte-degisiklik-yapilmasina-iliskin-yonetmelik-yayimlandi\/\"]}]},{\"@type\":\"BreadcrumbList\",\"@id\":\"https:\/\/www.esin.av.tr\/tr\/2025\/03\/25\/sinai-mulkiyet-kanununun-uygulanmasina-dair-yonetmelikte-degisiklik-yapilmasina-iliskin-yonetmelik-yayimlandi\/#breadcrumb\",\"itemListElement\":[{\"@type\":\"ListItem\",\"position\":1,\"name\":\"Home\",\"item\":\"https:\/\/www.esin.av.tr\/tr\/\"},{\"@type\":\"ListItem\",\"position\":2,\"name\":\"S\u0131nai M\u00fclkiyet Kanununun Uygulanmas\u0131na Dair Y\u00f6netmelikte De\u011fi\u015fiklik Yap\u0131lmas\u0131na \u0130li\u015fkin Y\u00f6netmelik Yay\u0131mland\u0131\"}]},{\"@type\":\"WebSite\",\"@id\":\"https:\/\/www.esin.av.tr\/tr\/#website\",\"url\":\"https:\/\/www.esin.av.tr\/tr\/\",\"name\":\"Esin Avukatl\u0131k Ortakl\u0131\u011f\u0131\",\"description\":\"\",\"publisher\":{\"@id\":\"https:\/\/www.esin.av.tr\/tr\/#organization\"},\"potentialAction\":[{\"@type\":\"SearchAction\",\"target\":{\"@type\":\"EntryPoint\",\"urlTemplate\":\"https:\/\/www.esin.av.tr\/tr\/?s={search_term_string}\"},\"query-input\":{\"@type\":\"PropertyValueSpecification\",\"valueRequired\":true,\"valueName\":\"search_term_string\"}}],\"inLanguage\":\"tr\"},{\"@type\":\"Organization\",\"@id\":\"https:\/\/www.esin.av.tr\/tr\/#organization\",\"name\":\"Esin Avukatl\u0131k Ortakl\u0131\u011f\u0131\",\"url\":\"https:\/\/www.esin.av.tr\/tr\/\",\"logo\":{\"@type\":\"ImageObject\",\"inLanguage\":\"tr\",\"@id\":\"https:\/\/www.esin.av.tr\/tr\/#\/schema\/logo\/image\/\",\"url\":\"https:\/\/www.esin.av.tr\/wp-content\/uploads\/2021\/09\/esin-2.jpg\",\"contentUrl\":\"https:\/\/www.esin.av.tr\/wp-content\/uploads\/2021\/09\/esin-2.jpg\",\"width\":800,\"height\":460,\"caption\":\"Esin Avukatl\u0131k Ortakl\u0131\u011f\u0131\"},\"image\":{\"@id\":\"https:\/\/www.esin.av.tr\/tr\/#\/schema\/logo\/image\/\"}},{\"@type\":\"Person\",\"@id\":\"https:\/\/www.esin.av.tr\/tr\/#\/schema\/person\/42c8e616aab56b8622fa365ad63282ae\",\"name\":\"R\u0131dvan Konrat\",\"image\":{\"@type\":\"ImageObject\",\"inLanguage\":\"tr\",\"@id\":\"https:\/\/www.esin.av.tr\/tr\/#\/schema\/person\/image\/\",\"url\":\"https:\/\/secure.gravatar.com\/avatar\/b20c6c583be38ed4e76e32f69fccc676?s=96&d=mm&r=g\",\"contentUrl\":\"https:\/\/secure.gravatar.com\/avatar\/b20c6c583be38ed4e76e32f69fccc676?s=96&d=mm&r=g\",\"caption\":\"R\u0131dvan Konrat\"},\"sameAs\":[\"http:\/\/www.esin.av.tr\"],\"url\":\"https:\/\/www.esin.av.tr\/tr\/author\/rkonrat\/\"}]}<\/script>\n<!-- \/ Yoast SEO plugin. -->","yoast_head_json":{"title":"S\u0131nai M\u00fclkiyet Kanununun Uygulanmas\u0131na Dair Y\u00f6netmelikte De\u011fi\u015fiklik Yap\u0131lmas\u0131na \u0130li\u015fkin Y\u00f6netmelik Yay\u0131mland\u0131","description":"Yeni geli\u015fmeler S\u0131nai M\u00fclkiyet Kanununun Uygulanmas\u0131na Dair Y\u00f6netmelikte De\u011fi\u015fiklik Yap\u0131lmas\u0131na \u0130li\u015fkin Y\u00f6netmelik (\"De\u011fi\u015fiklik Y\u00f6netmeli\u011fi\") 15 Mart 2025","robots":{"index":"index","follow":"follow","max-snippet":"max-snippet:-1","max-image-preview":"max-image-preview:large","max-video-preview":"max-video-preview:-1"},"canonical":"https:\/\/www.esin.av.tr\/tr\/2025\/03\/25\/sinai-mulkiyet-kanununun-uygulanmasina-dair-yonetmelikte-degisiklik-yapilmasina-iliskin-yonetmelik-yayimlandi\/","og_locale":"tr_TR","og_type":"article","og_title":"S\u0131nai M\u00fclkiyet Kanununun Uygulanmas\u0131na Dair Y\u00f6netmelikte De\u011fi\u015fiklik Yap\u0131lmas\u0131na \u0130li\u015fkin Y\u00f6netmelik Yay\u0131mland\u0131","og_description":"Yeni geli\u015fmeler S\u0131nai M\u00fclkiyet Kanununun Uygulanmas\u0131na Dair Y\u00f6netmelikte De\u011fi\u015fiklik Yap\u0131lmas\u0131na \u0130li\u015fkin Y\u00f6netmelik (\"De\u011fi\u015fiklik Y\u00f6netmeli\u011fi\") 15 Mart 2025","og_url":"https:\/\/www.esin.av.tr\/tr\/2025\/03\/25\/sinai-mulkiyet-kanununun-uygulanmasina-dair-yonetmelikte-degisiklik-yapilmasina-iliskin-yonetmelik-yayimlandi\/","og_site_name":"Esin Avukatl\u0131k Ortakl\u0131\u011f\u0131","article_published_time":"2025-03-25T12:24:52+00:00","author":"R\u0131dvan Konrat","twitter_card":"summary_large_image","twitter_misc":{"Written by":"R\u0131dvan Konrat","Est. reading time":"10 minutes"},"schema":{"@context":"https:\/\/schema.org","@graph":[{"@type":"Article","@id":"https:\/\/www.esin.av.tr\/tr\/2025\/03\/25\/sinai-mulkiyet-kanununun-uygulanmasina-dair-yonetmelikte-degisiklik-yapilmasina-iliskin-yonetmelik-yayimlandi\/#article","isPartOf":{"@id":"https:\/\/www.esin.av.tr\/tr\/2025\/03\/25\/sinai-mulkiyet-kanununun-uygulanmasina-dair-yonetmelikte-degisiklik-yapilmasina-iliskin-yonetmelik-yayimlandi\/"},"author":{"name":"R\u0131dvan Konrat","@id":"https:\/\/www.esin.av.tr\/tr\/#\/schema\/person\/42c8e616aab56b8622fa365ad63282ae"},"headline":"S\u0131nai M\u00fclkiyet Kanununun Uygulanmas\u0131na Dair Y\u00f6netmelikte De\u011fi\u015fiklik Yap\u0131lmas\u0131na \u0130li\u015fkin Y\u00f6netmelik Yay\u0131mland\u0131","datePublished":"2025-03-25T12:24:52+00:00","dateModified":"2025-03-25T12:24:52+00:00","mainEntityOfPage":{"@id":"https:\/\/www.esin.av.tr\/tr\/2025\/03\/25\/sinai-mulkiyet-kanununun-uygulanmasina-dair-yonetmelikte-degisiklik-yapilmasina-iliskin-yonetmelik-yayimlandi\/"},"wordCount":2050,"publisher":{"@id":"https:\/\/www.esin.av.tr\/tr\/#organization"},"keywords":["Fikri M\u00fclkiyet ve Teknoloji"],"articleSection":["Hukuk B\u00fcltenleri"],"inLanguage":"tr"},{"@type":"WebPage","@id":"https:\/\/www.esin.av.tr\/tr\/2025\/03\/25\/sinai-mulkiyet-kanununun-uygulanmasina-dair-yonetmelikte-degisiklik-yapilmasina-iliskin-yonetmelik-yayimlandi\/","url":"https:\/\/www.esin.av.tr\/tr\/2025\/03\/25\/sinai-mulkiyet-kanununun-uygulanmasina-dair-yonetmelikte-degisiklik-yapilmasina-iliskin-yonetmelik-yayimlandi\/","name":"S\u0131nai M\u00fclkiyet Kanununun Uygulanmas\u0131na Dair Y\u00f6netmelikte De\u011fi\u015fiklik Yap\u0131lmas\u0131na \u0130li\u015fkin Y\u00f6netmelik Yay\u0131mland\u0131","isPartOf":{"@id":"https:\/\/www.esin.av.tr\/tr\/#website"},"datePublished":"2025-03-25T12:24:52+00:00","dateModified":"2025-03-25T12:24:52+00:00","description":"Yeni geli\u015fmeler S\u0131nai M\u00fclkiyet Kanununun Uygulanmas\u0131na Dair Y\u00f6netmelikte De\u011fi\u015fiklik Yap\u0131lmas\u0131na \u0130li\u015fkin Y\u00f6netmelik (\"De\u011fi\u015fiklik Y\u00f6netmeli\u011fi\") 15 Mart 2025","breadcrumb":{"@id":"https:\/\/www.esin.av.tr\/tr\/2025\/03\/25\/sinai-mulkiyet-kanununun-uygulanmasina-dair-yonetmelikte-degisiklik-yapilmasina-iliskin-yonetmelik-yayimlandi\/#breadcrumb"},"inLanguage":"tr","potentialAction":[{"@type":"ReadAction","target":["https:\/\/www.esin.av.tr\/tr\/2025\/03\/25\/sinai-mulkiyet-kanununun-uygulanmasina-dair-yonetmelikte-degisiklik-yapilmasina-iliskin-yonetmelik-yayimlandi\/"]}]},{"@type":"BreadcrumbList","@id":"https:\/\/www.esin.av.tr\/tr\/2025\/03\/25\/sinai-mulkiyet-kanununun-uygulanmasina-dair-yonetmelikte-degisiklik-yapilmasina-iliskin-yonetmelik-yayimlandi\/#breadcrumb","itemListElement":[{"@type":"ListItem","position":1,"name":"Home","item":"https:\/\/www.esin.av.tr\/tr\/"},{"@type":"ListItem","position":2,"name":"S\u0131nai M\u00fclkiyet Kanununun Uygulanmas\u0131na Dair Y\u00f6netmelikte De\u011fi\u015fiklik Yap\u0131lmas\u0131na \u0130li\u015fkin Y\u00f6netmelik Yay\u0131mland\u0131"}]},{"@type":"WebSite","@id":"https:\/\/www.esin.av.tr\/tr\/#website","url":"https:\/\/www.esin.av.tr\/tr\/","name":"Esin Avukatl\u0131k Ortakl\u0131\u011f\u0131","description":"","publisher":{"@id":"https:\/\/www.esin.av.tr\/tr\/#organization"},"potentialAction":[{"@type":"SearchAction","target":{"@type":"EntryPoint","urlTemplate":"https:\/\/www.esin.av.tr\/tr\/?s={search_term_string}"},"query-input":{"@type":"PropertyValueSpecification","valueRequired":true,"valueName":"search_term_string"}}],"inLanguage":"tr"},{"@type":"Organization","@id":"https:\/\/www.esin.av.tr\/tr\/#organization","name":"Esin Avukatl\u0131k Ortakl\u0131\u011f\u0131","url":"https:\/\/www.esin.av.tr\/tr\/","logo":{"@type":"ImageObject","inLanguage":"tr","@id":"https:\/\/www.esin.av.tr\/tr\/#\/schema\/logo\/image\/","url":"https:\/\/www.esin.av.tr\/wp-content\/uploads\/2021\/09\/esin-2.jpg","contentUrl":"https:\/\/www.esin.av.tr\/wp-content\/uploads\/2021\/09\/esin-2.jpg","width":800,"height":460,"caption":"Esin Avukatl\u0131k Ortakl\u0131\u011f\u0131"},"image":{"@id":"https:\/\/www.esin.av.tr\/tr\/#\/schema\/logo\/image\/"}},{"@type":"Person","@id":"https:\/\/www.esin.av.tr\/tr\/#\/schema\/person\/42c8e616aab56b8622fa365ad63282ae","name":"R\u0131dvan Konrat","image":{"@type":"ImageObject","inLanguage":"tr","@id":"https:\/\/www.esin.av.tr\/tr\/#\/schema\/person\/image\/","url":"https:\/\/secure.gravatar.com\/avatar\/b20c6c583be38ed4e76e32f69fccc676?s=96&d=mm&r=g","contentUrl":"https:\/\/secure.gravatar.com\/avatar\/b20c6c583be38ed4e76e32f69fccc676?s=96&d=mm&r=g","caption":"R\u0131dvan Konrat"},"sameAs":["http:\/\/www.esin.av.tr"],"url":"https:\/\/www.esin.av.tr\/tr\/author\/rkonrat\/"}]}},"_links":{"self":[{"href":"https:\/\/www.esin.av.tr\/tr\/wp-json\/wp\/v2\/posts\/28729","targetHints":{"allow":["GET"]}}],"collection":[{"href":"https:\/\/www.esin.av.tr\/tr\/wp-json\/wp\/v2\/posts"}],"about":[{"href":"https:\/\/www.esin.av.tr\/tr\/wp-json\/wp\/v2\/types\/post"}],"author":[{"embeddable":true,"href":"https:\/\/www.esin.av.tr\/tr\/wp-json\/wp\/v2\/users\/4"}],"replies":[{"embeddable":true,"href":"https:\/\/www.esin.av.tr\/tr\/wp-json\/wp\/v2\/comments?post=28729"}],"version-history":[{"count":1,"href":"https:\/\/www.esin.av.tr\/tr\/wp-json\/wp\/v2\/posts\/28729\/revisions"}],"predecessor-version":[{"id":28730,"href":"https:\/\/www.esin.av.tr\/tr\/wp-json\/wp\/v2\/posts\/28729\/revisions\/28730"}],"wp:attachment":[{"href":"https:\/\/www.esin.av.tr\/tr\/wp-json\/wp\/v2\/media?parent=28729"}],"wp:term":[{"taxonomy":"category","embeddable":true,"href":"https:\/\/www.esin.av.tr\/tr\/wp-json\/wp\/v2\/categories?post=28729"},{"taxonomy":"post_tag","embeddable":true,"href":"https:\/\/www.esin.av.tr\/tr\/wp-json\/wp\/v2\/tags?post=28729"}],"curies":[{"name":"wp","href":"https:\/\/api.w.org\/{rel}","templated":true}]}}