{"id":28725,"date":"2025-03-25T07:58:34","date_gmt":"2025-03-25T07:58:34","guid":{"rendered":"https:\/\/www.esin.av.tr\/?p=28725"},"modified":"2025-03-25T07:58:34","modified_gmt":"2025-03-25T07:58:34","slug":"spk-aciga-satisi-yasaklarken-geri-alimlari-kolaylastirdi","status":"publish","type":"post","link":"https:\/\/www.esin.av.tr\/tr\/2025\/03\/25\/spk-aciga-satisi-yasaklarken-geri-alimlari-kolaylastirdi\/","title":{"rendered":"SPK A\u00e7\u0131\u011fa Sat\u0131\u015f\u0131 Yasaklarken, Geri Al\u0131mlar\u0131 Kolayla\u015ft\u0131rd\u0131"},"content":{"rendered":"<p><strong>Yeni Geli\u015fmeler<\/strong><\/p>\n<p>Sermaye Piyasas\u0131 Kurulu (&#8220;<strong>SPK<\/strong>&#8220;) 23 Mart 2025 tarih ve 18\/574 say\u0131l\u0131 karar\u0131 uyar\u0131nca yap\u0131lan duyuru (&#8220;<strong>Duyuru<\/strong>&#8220;) ile, Borsa \u0130stanbul A.\u015e. (&#8220;<strong>B\u0130ST<\/strong>&#8220;) pay piyasalar\u0131nda a\u00e7\u0131\u011fa sat\u0131\u015f i\u015flemlerini 25 Nisan 2025 tarihi seans sonuna kadar yasaklad\u0131. Duyuru ile ayr\u0131ca, SPK\u2019n\u0131n i-SPK.22.9 (19 Mart 2025 tarih ve 16\/531 s.k.) say\u0131l\u0131 ilke karar\u0131 ile paralel olarak, borsada i\u015flem g\u00f6ren \u015firketlerin kendi paylar\u0131n\u0131 geri almalar\u0131na ili\u015fkin hukuki rejim daha da esnetildi.<\/p>\n<p><strong>A\u00e7\u0131\u011fa Sat\u0131\u015f Yasa\u011f\u0131<\/strong><\/p>\n<p>SPK\u2019n\u0131n 5 Aral\u0131k 2024 tarih ve 62\/1863 say\u0131l\u0131 karar\u0131 uyar\u0131nca yapt\u0131\u011f\u0131 duyuru kapsam\u0131nda, B\u0130ST pay piyasalar\u0131nda 6 \u015eubat 2023 tarihli karar\u0131 uyar\u0131nca getirilen a\u00e7\u0131\u011fa sat\u0131\u015f yasa\u011f\u0131, 2 Ocak 2025 tarihinden itibaren BIST 50 endeksinde yer alan pay piyasalar\u0131 ile s\u0131n\u0131rl\u0131 olarak kald\u0131r\u0131lm\u0131\u015ft\u0131.<\/p>\n<p>Duyuru ile birlikte SPK, 25 Nisan 2025 tarihi seans sonuna kadar a\u00e7\u0131\u011fa sat\u0131\u015f\u0131 yasaklad\u0131\u011f\u0131n\u0131 duyurdu. G\u00fcn i\u00e7inde a\u00e7\u0131\u011fa sat\u0131\u015f tu\u015funa bas\u0131lmadan yap\u0131lan ve ayn\u0131 g\u00fcn i\u00e7inde kapat\u0131lan pozisyonlar da a\u00e7\u0131\u011fa sat\u0131\u015f yasa\u011f\u0131 kapsam\u0131na dahil olacak.<\/p>\n<p><strong>Geri Al\u0131ma \u0130li\u015fkin Kolayl\u0131klar<\/strong><\/p>\n<p>Duyuru ile birlikte SPK, geri al\u0131m i\u015flemleri i\u00e7in mevzuatta \u00f6ng\u00f6r\u00fclen birtak\u0131m s\u0131n\u0131rlamalar\u0131 hafifletti. Bu kapsamda;<\/p>\n<ul>\n<li>Geri al\u0131m i\u00e7in verilen fiyat emrinin \u00fcst s\u0131n\u0131r\u0131na ili\u015fkin d\u00fczenlemeler,<\/li>\n<li>G\u00fcn i\u00e7erisinde belirli zaman dilimlerinde geri al\u0131m emri verilemeyece\u011fine ve geri al\u0131m program\u0131 dahilinde \u00f6zel i\u015flem bildirimi yap\u0131lamayaca\u011f\u0131na ili\u015fkin d\u00fczenlemeler,<\/li>\n<li>Geri al\u0131nan paylar\u0131n toplam bedelinin SPK d\u00fczenlemeleri \u00e7er\u00e7evesinde k\u00e2r da\u011f\u0131t\u0131m\u0131na konu edilebilecek kaynaklar\u0131n toplam tutar\u0131n\u0131 a\u015famayaca\u011f\u0131na ili\u015fkin d\u00fczenleme,<\/li>\n<\/ul>\n<p>25 Nisan 2025 tarihi seans sonuna kadar ger\u00e7ekle\u015ftirilecek pay geri al\u0131mlar\u0131nda uygulanmayacak.<\/p>\n<p><strong>Kredili \u0130\u015flemlere \u0130li\u015fkin \u00d6zkaynak Koruma D\u00fczenlemesi<\/strong><\/p>\n<p>Arac\u0131 kurumlar, kredili i\u015flemlerin devam\u0131 s\u00fcresince, mevzuatta %35 olarak \u00f6ng\u00f6r\u00fclen asgari \u00f6zkaynak koruma oran\u0131n\u0131, kendi risk politikalar\u0131na uygun d\u00fc\u015ft\u00fc\u011f\u00fc \u00f6l\u00e7\u00fcde ve m\u00fc\u015fteri taleplerini de olabildi\u011fince g\u00f6zeterek, 25 Nisan 2025 tarihi seans sonuna kadar asgari %20 olarak uygulayabilecek.<\/p>\n","protected":false},"excerpt":{"rendered":"<p>Yeni Geli\u015fmeler Sermaye Piyasas\u0131 Kurulu (&#8220;SPK&#8220;) 23 Mart 2025 tarih ve 18\/574 say\u0131l\u0131 karar\u0131 uyar\u0131nca yap\u0131lan duyuru (&#8220;Duyuru&#8220;) ile, Borsa [&hellip;]<\/p>\n","protected":false},"author":4,"featured_media":0,"comment_status":"closed","ping_status":"closed","sticky":false,"template":"","format":"standard","meta":{"_acf_changed":false,"_stopmodifiedupdate":false,"_modified_date":"","footnotes":""},"categories":[120],"tags":[97],"class_list":["post-28725","post","type-post","status-publish","format-standard","hentry","category-legal-alerts","tag-capital-markets-tr"],"acf":[],"yoast_head":"<!-- This site is optimized with the Yoast SEO plugin v24.0 - https:\/\/yoast.com\/wordpress\/plugins\/seo\/ -->\n<title>SPK A\u00e7\u0131\u011fa Sat\u0131\u015f\u0131 Yasaklarken, Geri Al\u0131mlar\u0131 Kolayla\u015ft\u0131rd\u0131<\/title>\n<meta name=\"description\" content=\"Yeni Geli\u015fmeler Sermaye Piyasas\u0131 Kurulu (&quot;SPK&quot;) 23 Mart 2025 tarih ve 18\/574 say\u0131l\u0131 karar\u0131 uyar\u0131nca yap\u0131lan duyuru (&quot;Duyuru&quot;) ile, Borsa \u0130stanbul A.\u015e.\" \/>\n<meta name=\"robots\" content=\"index, follow, max-snippet:-1, max-image-preview:large, max-video-preview:-1\" \/>\n<link rel=\"canonical\" href=\"https:\/\/www.esin.av.tr\/tr\/2025\/03\/25\/spk-aciga-satisi-yasaklarken-geri-alimlari-kolaylastirdi\/\" \/>\n<meta property=\"og:locale\" content=\"tr_TR\" \/>\n<meta property=\"og:type\" content=\"article\" \/>\n<meta property=\"og:title\" content=\"SPK A\u00e7\u0131\u011fa Sat\u0131\u015f\u0131 Yasaklarken, Geri Al\u0131mlar\u0131 Kolayla\u015ft\u0131rd\u0131\" \/>\n<meta property=\"og:description\" content=\"Yeni Geli\u015fmeler Sermaye Piyasas\u0131 Kurulu (&quot;SPK&quot;) 23 Mart 2025 tarih ve 18\/574 say\u0131l\u0131 karar\u0131 uyar\u0131nca yap\u0131lan duyuru (&quot;Duyuru&quot;) ile, Borsa \u0130stanbul A.\u015e.\" \/>\n<meta property=\"og:url\" content=\"https:\/\/www.esin.av.tr\/tr\/2025\/03\/25\/spk-aciga-satisi-yasaklarken-geri-alimlari-kolaylastirdi\/\" \/>\n<meta property=\"og:site_name\" content=\"Esin Avukatl\u0131k Ortakl\u0131\u011f\u0131\" \/>\n<meta property=\"article:published_time\" content=\"2025-03-25T07:58:34+00:00\" \/>\n<meta name=\"author\" content=\"R\u0131dvan Konrat\" \/>\n<meta name=\"twitter:card\" content=\"summary_large_image\" \/>\n<meta name=\"twitter:label1\" content=\"Written by\" \/>\n\t<meta name=\"twitter:data1\" content=\"R\u0131dvan Konrat\" \/>\n\t<meta name=\"twitter:label2\" content=\"Est. reading time\" \/>\n\t<meta name=\"twitter:data2\" content=\"2 minutes\" \/>\n<script type=\"application\/ld+json\" class=\"yoast-schema-graph\">{\"@context\":\"https:\/\/schema.org\",\"@graph\":[{\"@type\":\"Article\",\"@id\":\"https:\/\/www.esin.av.tr\/tr\/2025\/03\/25\/spk-aciga-satisi-yasaklarken-geri-alimlari-kolaylastirdi\/#article\",\"isPartOf\":{\"@id\":\"https:\/\/www.esin.av.tr\/tr\/2025\/03\/25\/spk-aciga-satisi-yasaklarken-geri-alimlari-kolaylastirdi\/\"},\"author\":{\"name\":\"R\u0131dvan Konrat\",\"@id\":\"https:\/\/www.esin.av.tr\/tr\/#\/schema\/person\/42c8e616aab56b8622fa365ad63282ae\"},\"headline\":\"SPK A\u00e7\u0131\u011fa Sat\u0131\u015f\u0131 Yasaklarken, Geri Al\u0131mlar\u0131 Kolayla\u015ft\u0131rd\u0131\",\"datePublished\":\"2025-03-25T07:58:34+00:00\",\"dateModified\":\"2025-03-25T07:58:34+00:00\",\"mainEntityOfPage\":{\"@id\":\"https:\/\/www.esin.av.tr\/tr\/2025\/03\/25\/spk-aciga-satisi-yasaklarken-geri-alimlari-kolaylastirdi\/\"},\"wordCount\":363,\"publisher\":{\"@id\":\"https:\/\/www.esin.av.tr\/tr\/#organization\"},\"keywords\":[\"Sermaye Piyasas\u0131 Hukuku\"],\"articleSection\":[\"Hukuk B\u00fcltenleri\"],\"inLanguage\":\"tr\"},{\"@type\":\"WebPage\",\"@id\":\"https:\/\/www.esin.av.tr\/tr\/2025\/03\/25\/spk-aciga-satisi-yasaklarken-geri-alimlari-kolaylastirdi\/\",\"url\":\"https:\/\/www.esin.av.tr\/tr\/2025\/03\/25\/spk-aciga-satisi-yasaklarken-geri-alimlari-kolaylastirdi\/\",\"name\":\"SPK A\u00e7\u0131\u011fa Sat\u0131\u015f\u0131 Yasaklarken, Geri Al\u0131mlar\u0131 Kolayla\u015ft\u0131rd\u0131\",\"isPartOf\":{\"@id\":\"https:\/\/www.esin.av.tr\/tr\/#website\"},\"datePublished\":\"2025-03-25T07:58:34+00:00\",\"dateModified\":\"2025-03-25T07:58:34+00:00\",\"description\":\"Yeni Geli\u015fmeler Sermaye Piyasas\u0131 Kurulu (\\\"SPK\\\") 23 Mart 2025 tarih ve 18\/574 say\u0131l\u0131 karar\u0131 uyar\u0131nca yap\u0131lan duyuru (\\\"Duyuru\\\") ile, Borsa \u0130stanbul A.\u015e.\",\"breadcrumb\":{\"@id\":\"https:\/\/www.esin.av.tr\/tr\/2025\/03\/25\/spk-aciga-satisi-yasaklarken-geri-alimlari-kolaylastirdi\/#breadcrumb\"},\"inLanguage\":\"tr\",\"potentialAction\":[{\"@type\":\"ReadAction\",\"target\":[\"https:\/\/www.esin.av.tr\/tr\/2025\/03\/25\/spk-aciga-satisi-yasaklarken-geri-alimlari-kolaylastirdi\/\"]}]},{\"@type\":\"BreadcrumbList\",\"@id\":\"https:\/\/www.esin.av.tr\/tr\/2025\/03\/25\/spk-aciga-satisi-yasaklarken-geri-alimlari-kolaylastirdi\/#breadcrumb\",\"itemListElement\":[{\"@type\":\"ListItem\",\"position\":1,\"name\":\"Home\",\"item\":\"https:\/\/www.esin.av.tr\/tr\/\"},{\"@type\":\"ListItem\",\"position\":2,\"name\":\"SPK A\u00e7\u0131\u011fa Sat\u0131\u015f\u0131 Yasaklarken, Geri Al\u0131mlar\u0131 Kolayla\u015ft\u0131rd\u0131\"}]},{\"@type\":\"WebSite\",\"@id\":\"https:\/\/www.esin.av.tr\/tr\/#website\",\"url\":\"https:\/\/www.esin.av.tr\/tr\/\",\"name\":\"Esin Avukatl\u0131k Ortakl\u0131\u011f\u0131\",\"description\":\"\",\"publisher\":{\"@id\":\"https:\/\/www.esin.av.tr\/tr\/#organization\"},\"potentialAction\":[{\"@type\":\"SearchAction\",\"target\":{\"@type\":\"EntryPoint\",\"urlTemplate\":\"https:\/\/www.esin.av.tr\/tr\/?s={search_term_string}\"},\"query-input\":{\"@type\":\"PropertyValueSpecification\",\"valueRequired\":true,\"valueName\":\"search_term_string\"}}],\"inLanguage\":\"tr\"},{\"@type\":\"Organization\",\"@id\":\"https:\/\/www.esin.av.tr\/tr\/#organization\",\"name\":\"Esin Avukatl\u0131k Ortakl\u0131\u011f\u0131\",\"url\":\"https:\/\/www.esin.av.tr\/tr\/\",\"logo\":{\"@type\":\"ImageObject\",\"inLanguage\":\"tr\",\"@id\":\"https:\/\/www.esin.av.tr\/tr\/#\/schema\/logo\/image\/\",\"url\":\"https:\/\/www.esin.av.tr\/wp-content\/uploads\/2021\/09\/esin-2.jpg\",\"contentUrl\":\"https:\/\/www.esin.av.tr\/wp-content\/uploads\/2021\/09\/esin-2.jpg\",\"width\":800,\"height\":460,\"caption\":\"Esin Avukatl\u0131k Ortakl\u0131\u011f\u0131\"},\"image\":{\"@id\":\"https:\/\/www.esin.av.tr\/tr\/#\/schema\/logo\/image\/\"}},{\"@type\":\"Person\",\"@id\":\"https:\/\/www.esin.av.tr\/tr\/#\/schema\/person\/42c8e616aab56b8622fa365ad63282ae\",\"name\":\"R\u0131dvan Konrat\",\"image\":{\"@type\":\"ImageObject\",\"inLanguage\":\"tr\",\"@id\":\"https:\/\/www.esin.av.tr\/tr\/#\/schema\/person\/image\/\",\"url\":\"https:\/\/secure.gravatar.com\/avatar\/b20c6c583be38ed4e76e32f69fccc676?s=96&d=mm&r=g\",\"contentUrl\":\"https:\/\/secure.gravatar.com\/avatar\/b20c6c583be38ed4e76e32f69fccc676?s=96&d=mm&r=g\",\"caption\":\"R\u0131dvan Konrat\"},\"sameAs\":[\"http:\/\/www.esin.av.tr\"],\"url\":\"https:\/\/www.esin.av.tr\/tr\/author\/rkonrat\/\"}]}<\/script>\n<!-- \/ Yoast SEO plugin. -->","yoast_head_json":{"title":"SPK A\u00e7\u0131\u011fa Sat\u0131\u015f\u0131 Yasaklarken, Geri Al\u0131mlar\u0131 Kolayla\u015ft\u0131rd\u0131","description":"Yeni Geli\u015fmeler Sermaye Piyasas\u0131 Kurulu (\"SPK\") 23 Mart 2025 tarih ve 18\/574 say\u0131l\u0131 karar\u0131 uyar\u0131nca yap\u0131lan duyuru (\"Duyuru\") ile, Borsa \u0130stanbul A.\u015e.","robots":{"index":"index","follow":"follow","max-snippet":"max-snippet:-1","max-image-preview":"max-image-preview:large","max-video-preview":"max-video-preview:-1"},"canonical":"https:\/\/www.esin.av.tr\/tr\/2025\/03\/25\/spk-aciga-satisi-yasaklarken-geri-alimlari-kolaylastirdi\/","og_locale":"tr_TR","og_type":"article","og_title":"SPK A\u00e7\u0131\u011fa Sat\u0131\u015f\u0131 Yasaklarken, Geri Al\u0131mlar\u0131 Kolayla\u015ft\u0131rd\u0131","og_description":"Yeni Geli\u015fmeler Sermaye Piyasas\u0131 Kurulu (\"SPK\") 23 Mart 2025 tarih ve 18\/574 say\u0131l\u0131 karar\u0131 uyar\u0131nca yap\u0131lan duyuru (\"Duyuru\") ile, Borsa \u0130stanbul A.\u015e.","og_url":"https:\/\/www.esin.av.tr\/tr\/2025\/03\/25\/spk-aciga-satisi-yasaklarken-geri-alimlari-kolaylastirdi\/","og_site_name":"Esin Avukatl\u0131k Ortakl\u0131\u011f\u0131","article_published_time":"2025-03-25T07:58:34+00:00","author":"R\u0131dvan Konrat","twitter_card":"summary_large_image","twitter_misc":{"Written by":"R\u0131dvan Konrat","Est. reading time":"2 minutes"},"schema":{"@context":"https:\/\/schema.org","@graph":[{"@type":"Article","@id":"https:\/\/www.esin.av.tr\/tr\/2025\/03\/25\/spk-aciga-satisi-yasaklarken-geri-alimlari-kolaylastirdi\/#article","isPartOf":{"@id":"https:\/\/www.esin.av.tr\/tr\/2025\/03\/25\/spk-aciga-satisi-yasaklarken-geri-alimlari-kolaylastirdi\/"},"author":{"name":"R\u0131dvan Konrat","@id":"https:\/\/www.esin.av.tr\/tr\/#\/schema\/person\/42c8e616aab56b8622fa365ad63282ae"},"headline":"SPK A\u00e7\u0131\u011fa Sat\u0131\u015f\u0131 Yasaklarken, Geri Al\u0131mlar\u0131 Kolayla\u015ft\u0131rd\u0131","datePublished":"2025-03-25T07:58:34+00:00","dateModified":"2025-03-25T07:58:34+00:00","mainEntityOfPage":{"@id":"https:\/\/www.esin.av.tr\/tr\/2025\/03\/25\/spk-aciga-satisi-yasaklarken-geri-alimlari-kolaylastirdi\/"},"wordCount":363,"publisher":{"@id":"https:\/\/www.esin.av.tr\/tr\/#organization"},"keywords":["Sermaye Piyasas\u0131 Hukuku"],"articleSection":["Hukuk B\u00fcltenleri"],"inLanguage":"tr"},{"@type":"WebPage","@id":"https:\/\/www.esin.av.tr\/tr\/2025\/03\/25\/spk-aciga-satisi-yasaklarken-geri-alimlari-kolaylastirdi\/","url":"https:\/\/www.esin.av.tr\/tr\/2025\/03\/25\/spk-aciga-satisi-yasaklarken-geri-alimlari-kolaylastirdi\/","name":"SPK A\u00e7\u0131\u011fa Sat\u0131\u015f\u0131 Yasaklarken, Geri Al\u0131mlar\u0131 Kolayla\u015ft\u0131rd\u0131","isPartOf":{"@id":"https:\/\/www.esin.av.tr\/tr\/#website"},"datePublished":"2025-03-25T07:58:34+00:00","dateModified":"2025-03-25T07:58:34+00:00","description":"Yeni Geli\u015fmeler Sermaye Piyasas\u0131 Kurulu (\"SPK\") 23 Mart 2025 tarih ve 18\/574 say\u0131l\u0131 karar\u0131 uyar\u0131nca yap\u0131lan duyuru (\"Duyuru\") ile, Borsa \u0130stanbul A.\u015e.","breadcrumb":{"@id":"https:\/\/www.esin.av.tr\/tr\/2025\/03\/25\/spk-aciga-satisi-yasaklarken-geri-alimlari-kolaylastirdi\/#breadcrumb"},"inLanguage":"tr","potentialAction":[{"@type":"ReadAction","target":["https:\/\/www.esin.av.tr\/tr\/2025\/03\/25\/spk-aciga-satisi-yasaklarken-geri-alimlari-kolaylastirdi\/"]}]},{"@type":"BreadcrumbList","@id":"https:\/\/www.esin.av.tr\/tr\/2025\/03\/25\/spk-aciga-satisi-yasaklarken-geri-alimlari-kolaylastirdi\/#breadcrumb","itemListElement":[{"@type":"ListItem","position":1,"name":"Home","item":"https:\/\/www.esin.av.tr\/tr\/"},{"@type":"ListItem","position":2,"name":"SPK A\u00e7\u0131\u011fa Sat\u0131\u015f\u0131 Yasaklarken, Geri Al\u0131mlar\u0131 Kolayla\u015ft\u0131rd\u0131"}]},{"@type":"WebSite","@id":"https:\/\/www.esin.av.tr\/tr\/#website","url":"https:\/\/www.esin.av.tr\/tr\/","name":"Esin Avukatl\u0131k Ortakl\u0131\u011f\u0131","description":"","publisher":{"@id":"https:\/\/www.esin.av.tr\/tr\/#organization"},"potentialAction":[{"@type":"SearchAction","target":{"@type":"EntryPoint","urlTemplate":"https:\/\/www.esin.av.tr\/tr\/?s={search_term_string}"},"query-input":{"@type":"PropertyValueSpecification","valueRequired":true,"valueName":"search_term_string"}}],"inLanguage":"tr"},{"@type":"Organization","@id":"https:\/\/www.esin.av.tr\/tr\/#organization","name":"Esin Avukatl\u0131k Ortakl\u0131\u011f\u0131","url":"https:\/\/www.esin.av.tr\/tr\/","logo":{"@type":"ImageObject","inLanguage":"tr","@id":"https:\/\/www.esin.av.tr\/tr\/#\/schema\/logo\/image\/","url":"https:\/\/www.esin.av.tr\/wp-content\/uploads\/2021\/09\/esin-2.jpg","contentUrl":"https:\/\/www.esin.av.tr\/wp-content\/uploads\/2021\/09\/esin-2.jpg","width":800,"height":460,"caption":"Esin Avukatl\u0131k Ortakl\u0131\u011f\u0131"},"image":{"@id":"https:\/\/www.esin.av.tr\/tr\/#\/schema\/logo\/image\/"}},{"@type":"Person","@id":"https:\/\/www.esin.av.tr\/tr\/#\/schema\/person\/42c8e616aab56b8622fa365ad63282ae","name":"R\u0131dvan Konrat","image":{"@type":"ImageObject","inLanguage":"tr","@id":"https:\/\/www.esin.av.tr\/tr\/#\/schema\/person\/image\/","url":"https:\/\/secure.gravatar.com\/avatar\/b20c6c583be38ed4e76e32f69fccc676?s=96&d=mm&r=g","contentUrl":"https:\/\/secure.gravatar.com\/avatar\/b20c6c583be38ed4e76e32f69fccc676?s=96&d=mm&r=g","caption":"R\u0131dvan Konrat"},"sameAs":["http:\/\/www.esin.av.tr"],"url":"https:\/\/www.esin.av.tr\/tr\/author\/rkonrat\/"}]}},"_links":{"self":[{"href":"https:\/\/www.esin.av.tr\/tr\/wp-json\/wp\/v2\/posts\/28725","targetHints":{"allow":["GET"]}}],"collection":[{"href":"https:\/\/www.esin.av.tr\/tr\/wp-json\/wp\/v2\/posts"}],"about":[{"href":"https:\/\/www.esin.av.tr\/tr\/wp-json\/wp\/v2\/types\/post"}],"author":[{"embeddable":true,"href":"https:\/\/www.esin.av.tr\/tr\/wp-json\/wp\/v2\/users\/4"}],"replies":[{"embeddable":true,"href":"https:\/\/www.esin.av.tr\/tr\/wp-json\/wp\/v2\/comments?post=28725"}],"version-history":[{"count":1,"href":"https:\/\/www.esin.av.tr\/tr\/wp-json\/wp\/v2\/posts\/28725\/revisions"}],"predecessor-version":[{"id":28726,"href":"https:\/\/www.esin.av.tr\/tr\/wp-json\/wp\/v2\/posts\/28725\/revisions\/28726"}],"wp:attachment":[{"href":"https:\/\/www.esin.av.tr\/tr\/wp-json\/wp\/v2\/media?parent=28725"}],"wp:term":[{"taxonomy":"category","embeddable":true,"href":"https:\/\/www.esin.av.tr\/tr\/wp-json\/wp\/v2\/categories?post=28725"},{"taxonomy":"post_tag","embeddable":true,"href":"https:\/\/www.esin.av.tr\/tr\/wp-json\/wp\/v2\/tags?post=28725"}],"curies":[{"name":"wp","href":"https:\/\/api.w.org\/{rel}","templated":true}]}}