{"id":28690,"date":"2025-03-17T08:04:36","date_gmt":"2025-03-17T08:04:36","guid":{"rendered":"https:\/\/www.esin.av.tr\/?p=28690"},"modified":"2025-03-17T08:04:36","modified_gmt":"2025-03-17T08:04:36","slug":"32-sayili-kararda-devrim-niteliginde-degisiklikler","status":"publish","type":"post","link":"https:\/\/www.esin.av.tr\/tr\/2025\/03\/17\/32-sayili-kararda-devrim-niteliginde-degisiklikler\/","title":{"rendered":"32 Say\u0131l\u0131 Karar\u2019da Devrim Niteli\u011finde De\u011fi\u015fiklikler"},"content":{"rendered":"<p><strong>Yeni Geli\u015fmeler<\/strong><\/p>\n<p>T\u00fcrk Paras\u0131 K\u0131ymetini Koruma Hakk\u0131nda 32 Say\u0131l\u0131 Karar\u2019da (&#8220;<strong>32 Say\u0131l\u0131 Karar<\/strong>&#8220;) De\u011fi\u015fiklik Yap\u0131lmas\u0131na \u0130li\u015fkin Karar (&#8220;<strong>De\u011fi\u015fiklik Karar\u0131<\/strong>&#8220;), 15 Mart 2025 tarih ve 32842 say\u0131l\u0131 Resmi Gazete&#8217;de yay\u0131mland\u0131.<\/p>\n<p><strong>De\u011fi\u015fiklik Karar\u0131 Neler Getiriyor?<\/strong><\/p>\n<p>De\u011fi\u015fiklik Karar\u0131 ile yap\u0131lan esasl\u0131 de\u011fi\u015fikler a\u015fa\u011f\u0131daki \u015fekilde \u00f6zetlenebilir:<\/p>\n<ul>\n<li>De\u011fi\u015fiklik Karar\u0131 \u00f6ncesinde, 25.000 T\u00fcrk liras\u0131n\u0131 a\u015fan tutarda paran\u0131n yurt d\u0131\u015f\u0131na \u00e7\u0131kar\u0131lmas\u0131 ancak nakit beyan formu ile beyanda bulunulmas\u0131 ile m\u00fcmk\u00fcn olabiliyordu. De\u011fi\u015fiklik Karar\u0131, bu tutar\u0131 185.000 T\u00fcrk liras\u0131 olarak g\u00fcncelledi.<\/li>\n<li>De\u011fi\u015fiklik Karar\u0131, yurt d\u0131\u015f\u0131nda yap\u0131lacak t\u00fcrev i\u015flemlere ili\u015fkin olarak T\u00fcrk banka ve arac\u0131 kurumlar\u0131n arac\u0131l\u0131k yapmas\u0131n\u0131n gerekip gerekmedi\u011fi tart\u0131\u015fmas\u0131n\u0131 sona erdirerek rejimi netle\u015ftirdi. Buna g\u00f6re:\n<ul>\n<li>Kural olarak, yurt d\u0131\u015f\u0131nda ger\u00e7ekle\u015ftirilecek t\u00fcrev i\u015flemler Sermaye Piyasas\u0131 Kurulu (\u201c<strong>SPK<\/strong>\u201d) taraf\u0131ndan yetkilendirilmi\u015f banka ve arac\u0131 kurulu\u015flar arac\u0131l\u0131\u011f\u0131yla yap\u0131labilecek.<\/li>\n<li>Bununla birlikte, T\u00fcrkiye\u2019de yerle\u015fik ki\u015filere y\u00f6nelik tan\u0131t\u0131m, reklam ve pazarlama gibi faaliyetlerde bulunulmamas\u0131 \u015fart\u0131yla T\u00fcrkiye\u2019de yerle\u015fik ki\u015filerin kendi inisiyatifleri do\u011frultusunda yurt d\u0131\u015f\u0131nda finansal kurulu\u015flarla ger\u00e7ekle\u015ftirdikleri t\u00fcrev i\u015flemlere banka ve arac\u0131 kurumlar\u0131n arac\u0131l\u0131k etmesi gerekmeyecek. Bu i\u015flemlere ili\u015fkin bedel transferlerinin T\u00fcrk bankalar\u0131 arac\u0131l\u0131\u011f\u0131yla yap\u0131lmas\u0131 zorunlu olmaya devam edecek.<\/li>\n<\/ul>\n<\/li>\n<li>Kald\u0131ra\u00e7l\u0131 i\u015flemler ve bunlarla ayn\u0131 h\u00fck\u00fcmlere tabi olan t\u00fcrev i\u015flemlerin sadece SPK taraf\u0131ndan yetkilendirilmi\u015f kurulu\u015flar arac\u0131l\u0131\u011f\u0131yla yap\u0131lmas\u0131 zorunlulu\u011fu devam edecek. Bu i\u015flemler kapsam\u0131nda yurt d\u0131\u015f\u0131na para transferi yap\u0131lmas\u0131 a\u00e7\u0131k\u00e7a yasakland\u0131.<\/li>\n<li>T\u00fcrkiye\u2019de yerle\u015fik banka ve finansal kurulu\u015flarca d\u00f6viz cinsinden kredi kulland\u0131r\u0131lan T\u00fcrkiye&#8217;de yerle\u015fik ki\u015filerin do\u011frudan pay sahipleri veya grup \u015firketleri, bu krediler i\u00e7in, T\u00fcrkiye&#8217;de yerle\u015fik banka ve finansal kurulu\u015flara d\u00f6viz cinsinden garanti ve kefalet verebilecek. T.C. Hazine ve Maliye Bakanl\u0131\u011f\u0131 (&#8220;<strong>Bakanl\u0131k<\/strong>&#8220;), bu konuya ili\u015fkin olarak, 27 Aral\u0131k 2019 ve 22 \u015eubat 2021 tarihlerinde T\u00fcrkiye Bankalar Birli\u011fi\u2019ne g\u00f6nderdi\u011fi mektuplarda, T\u00fcrkiye\u2019de yerle\u015fik ki\u015filerin, T\u00fcrkiye\u2019de yerle\u015fik ki\u015filer lehine d\u00f6viz cinsinden garanti ve kefalet d\u00fczenleyemeyece\u011fi ve T\u00fcrk bankalar\u0131n bu t\u00fcr garanti ve kefaletleri kabul etmemesi gerekti\u011fine ili\u015fkin g\u00f6r\u00fc\u015f payla\u015fm\u0131\u015ft\u0131. Yap\u0131lan d\u00fczenlemenin mefhumu muhalifinden, T\u00fcrkiye&#8217;de yerle\u015fik ki\u015filerin yukar\u0131da belirtilen durum haricinde, d\u00f6viz cinsinden garanti ve kefalet veremeyece\u011fi anla\u015f\u0131l\u0131yor.<\/li>\n<li>T\u00fcrkiye\u2019de yerle\u015fik banka ve finansal kurulu\u015flarca d\u00f6viz cinsinden kredi kulland\u0131r\u0131lan T\u00fcrkiye&#8217;de yerle\u015fik ki\u015filerin do\u011frudan pay sahipleri veya grup \u015firketlerinin, bu krediler i\u00e7in, s\u00f6z konusu banka ve finansal kurulu\u015flara d\u00f6viz cinsinden sa\u011flad\u0131klar\u0131 garanti ve kefaletlerin tazmin amac\u0131yla nakdi krediye d\u00f6n\u00fc\u015fmesi durumunda, s\u00f6z konusu g\u00fcvenceyi sa\u011flayanlar\u0131n nakdi d\u00f6viz kredisi kullanmaya ehil olup olmad\u0131\u011f\u0131 da ara\u015ft\u0131r\u0131lmas\u0131 gereken hususlardan biri olacak.<\/li>\n<\/ul>\n<p><strong>Sonu\u00e7<\/strong><\/p>\n<p>De\u011fi\u015fiklik Karar\u0131 ile uzun s\u00fcredir uygulamada tart\u0131\u015fmalara sebep olan iki konudan birinde tart\u0131\u015fman\u0131n sona erece\u011fi, di\u011fer konuda ise yeni bir tart\u0131\u015fman\u0131n fitilinin ate\u015flenece\u011fi tahmin ediliyor. De\u011fi\u015fiklik Karar\u0131 ile yurt d\u0131\u015f\u0131nda ger\u00e7ekle\u015ftirilen t\u00fcrev i\u015flemlere ili\u015fkin hukuki rejim netle\u015fmi\u015f oluyor. Di\u011fer yandan De\u011fi\u015fiklik Karar\u0131 ile, Bakanl\u0131k\u2019\u0131n yukar\u0131da belirtti\u011fimiz yaz\u0131lar\u0131nda belirtti\u011fi yorumu mevzuat haline gelmi\u015f oluyor. Bakanl\u0131k\u2019\u0131n garanti ve kefaletlerin yabanc\u0131 para \u00fczerinden sa\u011flanamayaca\u011f\u0131 g\u00f6r\u00fc\u015f\u00fc Sermaye Hareketleri Genelgesi\u2019nin 50. maddesine dayan\u0131yordu. Bu madde, aslen, T\u00fcrkiye\u2019de yerle\u015fik bankalar ve finansal kurulu\u015flar\u0131n sa\u011flad\u0131\u011f\u0131 gayrinakdi kredileri d\u00fczenliyor. Halbuki, bankalar ve finansal kurulu\u015flar d\u0131\u015f\u0131nda kalan ki\u015filer taraf\u0131ndan sa\u011flanan bu tip g\u00fcvenceler gayrinakdi kredi niteli\u011finde de\u011fil, 6098 say\u0131l\u0131 Bor\u00e7lar Kanunu kapsam\u0131nda kefalet ve \u00fc\u00e7\u00fcnc\u00fc ki\u015finin fiilini taahh\u00fct niteli\u011findedir. Dolay\u0131s\u0131yla, bu ki\u015filerce sa\u011flanan bu g\u00fcvenceler Sermaye Hareketleri Genelgesinin kapsam\u0131na girmedi\u011finden bunlar\u0131 32 Say\u0131l\u0131 Karar kapsam\u0131na almak hukuk tekni\u011fi bak\u0131m\u0131ndan epey tart\u0131\u015fma yaratacak.<\/p>\n","protected":false},"excerpt":{"rendered":"<p>Yeni Geli\u015fmeler T\u00fcrk Paras\u0131 K\u0131ymetini Koruma Hakk\u0131nda 32 Say\u0131l\u0131 Karar\u2019da (&#8220;32 Say\u0131l\u0131 Karar&#8220;) De\u011fi\u015fiklik Yap\u0131lmas\u0131na \u0130li\u015fkin Karar (&#8220;De\u011fi\u015fiklik Karar\u0131&#8220;), 15 [&hellip;]<\/p>\n","protected":false},"author":4,"featured_media":0,"comment_status":"closed","ping_status":"closed","sticky":false,"template":"","format":"standard","meta":{"_acf_changed":false,"_stopmodifiedupdate":false,"_modified_date":"","footnotes":""},"categories":[120],"tags":[90],"class_list":["post-28690","post","type-post","status-publish","format-standard","hentry","category-legal-alerts","tag-banking-finance-tr"],"acf":[],"yoast_head":"<!-- This site is optimized with the Yoast SEO plugin v24.0 - https:\/\/yoast.com\/wordpress\/plugins\/seo\/ -->\n<title>32 Say\u0131l\u0131 Karar\u2019da Devrim Niteli\u011finde De\u011fi\u015fiklikler<\/title>\n<meta name=\"description\" content=\"Yeni Geli\u015fmeler T\u00fcrk Paras\u0131 K\u0131ymetini Koruma Hakk\u0131nda 32 Say\u0131l\u0131 Karar\u2019da (&quot;32 Say\u0131l\u0131 Karar&quot;) De\u011fi\u015fiklik Yap\u0131lmas\u0131na \u0130li\u015fkin Karar (&quot;De\u011fi\u015fiklik Karar\u0131&quot;),\" \/>\n<meta name=\"robots\" content=\"index, follow, max-snippet:-1, max-image-preview:large, max-video-preview:-1\" \/>\n<link rel=\"canonical\" href=\"https:\/\/www.esin.av.tr\/tr\/2025\/03\/17\/32-sayili-kararda-devrim-niteliginde-degisiklikler\/\" \/>\n<meta property=\"og:locale\" content=\"tr_TR\" \/>\n<meta property=\"og:type\" content=\"article\" \/>\n<meta property=\"og:title\" content=\"32 Say\u0131l\u0131 Karar\u2019da Devrim Niteli\u011finde De\u011fi\u015fiklikler\" \/>\n<meta property=\"og:description\" content=\"Yeni Geli\u015fmeler T\u00fcrk Paras\u0131 K\u0131ymetini Koruma Hakk\u0131nda 32 Say\u0131l\u0131 Karar\u2019da (&quot;32 Say\u0131l\u0131 Karar&quot;) De\u011fi\u015fiklik Yap\u0131lmas\u0131na \u0130li\u015fkin Karar (&quot;De\u011fi\u015fiklik Karar\u0131&quot;),\" \/>\n<meta property=\"og:url\" content=\"https:\/\/www.esin.av.tr\/tr\/2025\/03\/17\/32-sayili-kararda-devrim-niteliginde-degisiklikler\/\" \/>\n<meta property=\"og:site_name\" content=\"Esin Avukatl\u0131k Ortakl\u0131\u011f\u0131\" \/>\n<meta property=\"article:published_time\" content=\"2025-03-17T08:04:36+00:00\" \/>\n<meta name=\"author\" content=\"R\u0131dvan Konrat\" \/>\n<meta name=\"twitter:card\" content=\"summary_large_image\" \/>\n<meta name=\"twitter:label1\" content=\"Written by\" \/>\n\t<meta name=\"twitter:data1\" content=\"R\u0131dvan Konrat\" \/>\n\t<meta name=\"twitter:label2\" content=\"Est. reading time\" \/>\n\t<meta name=\"twitter:data2\" content=\"4 minutes\" \/>\n<script type=\"application\/ld+json\" class=\"yoast-schema-graph\">{\"@context\":\"https:\/\/schema.org\",\"@graph\":[{\"@type\":\"Article\",\"@id\":\"https:\/\/www.esin.av.tr\/tr\/2025\/03\/17\/32-sayili-kararda-devrim-niteliginde-degisiklikler\/#article\",\"isPartOf\":{\"@id\":\"https:\/\/www.esin.av.tr\/tr\/2025\/03\/17\/32-sayili-kararda-devrim-niteliginde-degisiklikler\/\"},\"author\":{\"name\":\"R\u0131dvan Konrat\",\"@id\":\"https:\/\/www.esin.av.tr\/tr\/#\/schema\/person\/42c8e616aab56b8622fa365ad63282ae\"},\"headline\":\"32 Say\u0131l\u0131 Karar\u2019da Devrim Niteli\u011finde De\u011fi\u015fiklikler\",\"datePublished\":\"2025-03-17T08:04:36+00:00\",\"dateModified\":\"2025-03-17T08:04:36+00:00\",\"mainEntityOfPage\":{\"@id\":\"https:\/\/www.esin.av.tr\/tr\/2025\/03\/17\/32-sayili-kararda-devrim-niteliginde-degisiklikler\/\"},\"wordCount\":755,\"publisher\":{\"@id\":\"https:\/\/www.esin.av.tr\/tr\/#organization\"},\"keywords\":[\"Bankac\u0131l\u0131k ve Finans\"],\"articleSection\":[\"Hukuk B\u00fcltenleri\"],\"inLanguage\":\"tr\"},{\"@type\":\"WebPage\",\"@id\":\"https:\/\/www.esin.av.tr\/tr\/2025\/03\/17\/32-sayili-kararda-devrim-niteliginde-degisiklikler\/\",\"url\":\"https:\/\/www.esin.av.tr\/tr\/2025\/03\/17\/32-sayili-kararda-devrim-niteliginde-degisiklikler\/\",\"name\":\"32 Say\u0131l\u0131 Karar\u2019da Devrim Niteli\u011finde De\u011fi\u015fiklikler\",\"isPartOf\":{\"@id\":\"https:\/\/www.esin.av.tr\/tr\/#website\"},\"datePublished\":\"2025-03-17T08:04:36+00:00\",\"dateModified\":\"2025-03-17T08:04:36+00:00\",\"description\":\"Yeni Geli\u015fmeler T\u00fcrk Paras\u0131 K\u0131ymetini Koruma Hakk\u0131nda 32 Say\u0131l\u0131 Karar\u2019da (\\\"32 Say\u0131l\u0131 Karar\\\") De\u011fi\u015fiklik Yap\u0131lmas\u0131na \u0130li\u015fkin Karar (\\\"De\u011fi\u015fiklik Karar\u0131\\\"),\",\"breadcrumb\":{\"@id\":\"https:\/\/www.esin.av.tr\/tr\/2025\/03\/17\/32-sayili-kararda-devrim-niteliginde-degisiklikler\/#breadcrumb\"},\"inLanguage\":\"tr\",\"potentialAction\":[{\"@type\":\"ReadAction\",\"target\":[\"https:\/\/www.esin.av.tr\/tr\/2025\/03\/17\/32-sayili-kararda-devrim-niteliginde-degisiklikler\/\"]}]},{\"@type\":\"BreadcrumbList\",\"@id\":\"https:\/\/www.esin.av.tr\/tr\/2025\/03\/17\/32-sayili-kararda-devrim-niteliginde-degisiklikler\/#breadcrumb\",\"itemListElement\":[{\"@type\":\"ListItem\",\"position\":1,\"name\":\"Home\",\"item\":\"https:\/\/www.esin.av.tr\/tr\/\"},{\"@type\":\"ListItem\",\"position\":2,\"name\":\"32 Say\u0131l\u0131 Karar\u2019da Devrim Niteli\u011finde De\u011fi\u015fiklikler\"}]},{\"@type\":\"WebSite\",\"@id\":\"https:\/\/www.esin.av.tr\/tr\/#website\",\"url\":\"https:\/\/www.esin.av.tr\/tr\/\",\"name\":\"Esin Avukatl\u0131k Ortakl\u0131\u011f\u0131\",\"description\":\"\",\"publisher\":{\"@id\":\"https:\/\/www.esin.av.tr\/tr\/#organization\"},\"potentialAction\":[{\"@type\":\"SearchAction\",\"target\":{\"@type\":\"EntryPoint\",\"urlTemplate\":\"https:\/\/www.esin.av.tr\/tr\/?s={search_term_string}\"},\"query-input\":{\"@type\":\"PropertyValueSpecification\",\"valueRequired\":true,\"valueName\":\"search_term_string\"}}],\"inLanguage\":\"tr\"},{\"@type\":\"Organization\",\"@id\":\"https:\/\/www.esin.av.tr\/tr\/#organization\",\"name\":\"Esin Avukatl\u0131k Ortakl\u0131\u011f\u0131\",\"url\":\"https:\/\/www.esin.av.tr\/tr\/\",\"logo\":{\"@type\":\"ImageObject\",\"inLanguage\":\"tr\",\"@id\":\"https:\/\/www.esin.av.tr\/tr\/#\/schema\/logo\/image\/\",\"url\":\"https:\/\/www.esin.av.tr\/wp-content\/uploads\/2021\/09\/esin-2.jpg\",\"contentUrl\":\"https:\/\/www.esin.av.tr\/wp-content\/uploads\/2021\/09\/esin-2.jpg\",\"width\":800,\"height\":460,\"caption\":\"Esin Avukatl\u0131k Ortakl\u0131\u011f\u0131\"},\"image\":{\"@id\":\"https:\/\/www.esin.av.tr\/tr\/#\/schema\/logo\/image\/\"}},{\"@type\":\"Person\",\"@id\":\"https:\/\/www.esin.av.tr\/tr\/#\/schema\/person\/42c8e616aab56b8622fa365ad63282ae\",\"name\":\"R\u0131dvan Konrat\",\"image\":{\"@type\":\"ImageObject\",\"inLanguage\":\"tr\",\"@id\":\"https:\/\/www.esin.av.tr\/tr\/#\/schema\/person\/image\/\",\"url\":\"https:\/\/secure.gravatar.com\/avatar\/b20c6c583be38ed4e76e32f69fccc676?s=96&d=mm&r=g\",\"contentUrl\":\"https:\/\/secure.gravatar.com\/avatar\/b20c6c583be38ed4e76e32f69fccc676?s=96&d=mm&r=g\",\"caption\":\"R\u0131dvan Konrat\"},\"sameAs\":[\"http:\/\/www.esin.av.tr\"],\"url\":\"https:\/\/www.esin.av.tr\/tr\/author\/rkonrat\/\"}]}<\/script>\n<!-- \/ Yoast SEO plugin. -->","yoast_head_json":{"title":"32 Say\u0131l\u0131 Karar\u2019da Devrim Niteli\u011finde De\u011fi\u015fiklikler","description":"Yeni Geli\u015fmeler T\u00fcrk Paras\u0131 K\u0131ymetini Koruma Hakk\u0131nda 32 Say\u0131l\u0131 Karar\u2019da (\"32 Say\u0131l\u0131 Karar\") De\u011fi\u015fiklik Yap\u0131lmas\u0131na \u0130li\u015fkin Karar (\"De\u011fi\u015fiklik Karar\u0131\"),","robots":{"index":"index","follow":"follow","max-snippet":"max-snippet:-1","max-image-preview":"max-image-preview:large","max-video-preview":"max-video-preview:-1"},"canonical":"https:\/\/www.esin.av.tr\/tr\/2025\/03\/17\/32-sayili-kararda-devrim-niteliginde-degisiklikler\/","og_locale":"tr_TR","og_type":"article","og_title":"32 Say\u0131l\u0131 Karar\u2019da Devrim Niteli\u011finde De\u011fi\u015fiklikler","og_description":"Yeni Geli\u015fmeler T\u00fcrk Paras\u0131 K\u0131ymetini Koruma Hakk\u0131nda 32 Say\u0131l\u0131 Karar\u2019da (\"32 Say\u0131l\u0131 Karar\") De\u011fi\u015fiklik Yap\u0131lmas\u0131na \u0130li\u015fkin Karar (\"De\u011fi\u015fiklik Karar\u0131\"),","og_url":"https:\/\/www.esin.av.tr\/tr\/2025\/03\/17\/32-sayili-kararda-devrim-niteliginde-degisiklikler\/","og_site_name":"Esin Avukatl\u0131k Ortakl\u0131\u011f\u0131","article_published_time":"2025-03-17T08:04:36+00:00","author":"R\u0131dvan Konrat","twitter_card":"summary_large_image","twitter_misc":{"Written by":"R\u0131dvan Konrat","Est. reading time":"4 minutes"},"schema":{"@context":"https:\/\/schema.org","@graph":[{"@type":"Article","@id":"https:\/\/www.esin.av.tr\/tr\/2025\/03\/17\/32-sayili-kararda-devrim-niteliginde-degisiklikler\/#article","isPartOf":{"@id":"https:\/\/www.esin.av.tr\/tr\/2025\/03\/17\/32-sayili-kararda-devrim-niteliginde-degisiklikler\/"},"author":{"name":"R\u0131dvan Konrat","@id":"https:\/\/www.esin.av.tr\/tr\/#\/schema\/person\/42c8e616aab56b8622fa365ad63282ae"},"headline":"32 Say\u0131l\u0131 Karar\u2019da Devrim Niteli\u011finde De\u011fi\u015fiklikler","datePublished":"2025-03-17T08:04:36+00:00","dateModified":"2025-03-17T08:04:36+00:00","mainEntityOfPage":{"@id":"https:\/\/www.esin.av.tr\/tr\/2025\/03\/17\/32-sayili-kararda-devrim-niteliginde-degisiklikler\/"},"wordCount":755,"publisher":{"@id":"https:\/\/www.esin.av.tr\/tr\/#organization"},"keywords":["Bankac\u0131l\u0131k ve Finans"],"articleSection":["Hukuk B\u00fcltenleri"],"inLanguage":"tr"},{"@type":"WebPage","@id":"https:\/\/www.esin.av.tr\/tr\/2025\/03\/17\/32-sayili-kararda-devrim-niteliginde-degisiklikler\/","url":"https:\/\/www.esin.av.tr\/tr\/2025\/03\/17\/32-sayili-kararda-devrim-niteliginde-degisiklikler\/","name":"32 Say\u0131l\u0131 Karar\u2019da Devrim Niteli\u011finde De\u011fi\u015fiklikler","isPartOf":{"@id":"https:\/\/www.esin.av.tr\/tr\/#website"},"datePublished":"2025-03-17T08:04:36+00:00","dateModified":"2025-03-17T08:04:36+00:00","description":"Yeni Geli\u015fmeler T\u00fcrk Paras\u0131 K\u0131ymetini Koruma Hakk\u0131nda 32 Say\u0131l\u0131 Karar\u2019da (\"32 Say\u0131l\u0131 Karar\") De\u011fi\u015fiklik Yap\u0131lmas\u0131na \u0130li\u015fkin Karar (\"De\u011fi\u015fiklik Karar\u0131\"),","breadcrumb":{"@id":"https:\/\/www.esin.av.tr\/tr\/2025\/03\/17\/32-sayili-kararda-devrim-niteliginde-degisiklikler\/#breadcrumb"},"inLanguage":"tr","potentialAction":[{"@type":"ReadAction","target":["https:\/\/www.esin.av.tr\/tr\/2025\/03\/17\/32-sayili-kararda-devrim-niteliginde-degisiklikler\/"]}]},{"@type":"BreadcrumbList","@id":"https:\/\/www.esin.av.tr\/tr\/2025\/03\/17\/32-sayili-kararda-devrim-niteliginde-degisiklikler\/#breadcrumb","itemListElement":[{"@type":"ListItem","position":1,"name":"Home","item":"https:\/\/www.esin.av.tr\/tr\/"},{"@type":"ListItem","position":2,"name":"32 Say\u0131l\u0131 Karar\u2019da Devrim Niteli\u011finde De\u011fi\u015fiklikler"}]},{"@type":"WebSite","@id":"https:\/\/www.esin.av.tr\/tr\/#website","url":"https:\/\/www.esin.av.tr\/tr\/","name":"Esin Avukatl\u0131k Ortakl\u0131\u011f\u0131","description":"","publisher":{"@id":"https:\/\/www.esin.av.tr\/tr\/#organization"},"potentialAction":[{"@type":"SearchAction","target":{"@type":"EntryPoint","urlTemplate":"https:\/\/www.esin.av.tr\/tr\/?s={search_term_string}"},"query-input":{"@type":"PropertyValueSpecification","valueRequired":true,"valueName":"search_term_string"}}],"inLanguage":"tr"},{"@type":"Organization","@id":"https:\/\/www.esin.av.tr\/tr\/#organization","name":"Esin Avukatl\u0131k Ortakl\u0131\u011f\u0131","url":"https:\/\/www.esin.av.tr\/tr\/","logo":{"@type":"ImageObject","inLanguage":"tr","@id":"https:\/\/www.esin.av.tr\/tr\/#\/schema\/logo\/image\/","url":"https:\/\/www.esin.av.tr\/wp-content\/uploads\/2021\/09\/esin-2.jpg","contentUrl":"https:\/\/www.esin.av.tr\/wp-content\/uploads\/2021\/09\/esin-2.jpg","width":800,"height":460,"caption":"Esin Avukatl\u0131k Ortakl\u0131\u011f\u0131"},"image":{"@id":"https:\/\/www.esin.av.tr\/tr\/#\/schema\/logo\/image\/"}},{"@type":"Person","@id":"https:\/\/www.esin.av.tr\/tr\/#\/schema\/person\/42c8e616aab56b8622fa365ad63282ae","name":"R\u0131dvan Konrat","image":{"@type":"ImageObject","inLanguage":"tr","@id":"https:\/\/www.esin.av.tr\/tr\/#\/schema\/person\/image\/","url":"https:\/\/secure.gravatar.com\/avatar\/b20c6c583be38ed4e76e32f69fccc676?s=96&d=mm&r=g","contentUrl":"https:\/\/secure.gravatar.com\/avatar\/b20c6c583be38ed4e76e32f69fccc676?s=96&d=mm&r=g","caption":"R\u0131dvan Konrat"},"sameAs":["http:\/\/www.esin.av.tr"],"url":"https:\/\/www.esin.av.tr\/tr\/author\/rkonrat\/"}]}},"_links":{"self":[{"href":"https:\/\/www.esin.av.tr\/tr\/wp-json\/wp\/v2\/posts\/28690","targetHints":{"allow":["GET"]}}],"collection":[{"href":"https:\/\/www.esin.av.tr\/tr\/wp-json\/wp\/v2\/posts"}],"about":[{"href":"https:\/\/www.esin.av.tr\/tr\/wp-json\/wp\/v2\/types\/post"}],"author":[{"embeddable":true,"href":"https:\/\/www.esin.av.tr\/tr\/wp-json\/wp\/v2\/users\/4"}],"replies":[{"embeddable":true,"href":"https:\/\/www.esin.av.tr\/tr\/wp-json\/wp\/v2\/comments?post=28690"}],"version-history":[{"count":1,"href":"https:\/\/www.esin.av.tr\/tr\/wp-json\/wp\/v2\/posts\/28690\/revisions"}],"predecessor-version":[{"id":28691,"href":"https:\/\/www.esin.av.tr\/tr\/wp-json\/wp\/v2\/posts\/28690\/revisions\/28691"}],"wp:attachment":[{"href":"https:\/\/www.esin.av.tr\/tr\/wp-json\/wp\/v2\/media?parent=28690"}],"wp:term":[{"taxonomy":"category","embeddable":true,"href":"https:\/\/www.esin.av.tr\/tr\/wp-json\/wp\/v2\/categories?post=28690"},{"taxonomy":"post_tag","embeddable":true,"href":"https:\/\/www.esin.av.tr\/tr\/wp-json\/wp\/v2\/tags?post=28690"}],"curies":[{"name":"wp","href":"https:\/\/api.w.org\/{rel}","templated":true}]}}