{"id":28662,"date":"2025-03-12T12:42:56","date_gmt":"2025-03-12T12:42:56","guid":{"rendered":"https:\/\/www.esin.av.tr\/?p=28662"},"modified":"2026-02-03T07:58:43","modified_gmt":"2026-02-03T07:58:43","slug":"doing-business-in-turkiye-2025","status":"publish","type":"post","link":"https:\/\/www.esin.av.tr\/tr\/2025\/03\/12\/doing-business-in-turkiye-2025\/","title":{"rendered":"Doing Business in T\u00fcrkiye 2025"},"content":{"rendered":"<p>Doing Business in T\u00fcrkiye\u2019nin 2025 y\u0131l\u0131ndaki bu yeni versionu, mevcut yat\u0131r\u0131m ortam\u0131n\u0131 ve T\u00fcrkiye\u2019deki yat\u0131r\u0131mlar\u0131, ticari faaliyetleri d\u00fczenleyen en \u00f6nemli yasalar\u0131 ve temel vergisel hususlar\u0131 anlamak i\u00e7in kullanabilece\u011finiz yal\u0131n ama kapsaml\u0131 bir rehberdir.<\/p>\n<p><a href=\"https:\/\/f.datasrvr.com\/fr1\/725\/10470\/Brochure_Doing_Business_in_T%C3%BCrkiye_2025.pdf?cbcachex=923173\" target=\"_blank\" rel=\"noopener\"><img fetchpriority=\"high\" decoding=\"async\" class=\"alignnone wp-image-28660\" src=\"https:\/\/www.esin.av.tr\/wp-content\/uploads\/2025\/03\/Capture-300x163.png\" alt=\"\" width=\"431\" height=\"234\" srcset=\"https:\/\/www.esin.av.tr\/wp-content\/uploads\/2025\/03\/Capture-300x163.png 300w, https:\/\/www.esin.av.tr\/wp-content\/uploads\/2025\/03\/Capture.png 687w\" sizes=\"(max-width: 431px) 100vw, 431px\" \/><\/a><\/p>\n","protected":false},"excerpt":{"rendered":"<p>Doing Business in T\u00fcrkiye\u2019nin 2025 y\u0131l\u0131ndaki bu yeni versionu, mevcut yat\u0131r\u0131m ortam\u0131n\u0131 ve T\u00fcrkiye\u2019deki yat\u0131r\u0131mlar\u0131, ticari faaliyetleri d\u00fczenleyen en \u00f6nemli [&hellip;]<\/p>\n","protected":false},"author":4,"featured_media":0,"comment_status":"closed","ping_status":"closed","sticky":false,"template":"","format":"standard","meta":{"_acf_changed":false,"_stopmodifiedupdate":false,"_modified_date":"","footnotes":""},"categories":[118],"tags":[],"class_list":["post-28662","post","type-post","status-publish","format-standard","hentry","category-publications"],"acf":[],"yoast_head":"<!-- This site is optimized with the Yoast SEO plugin v24.0 - https:\/\/yoast.com\/wordpress\/plugins\/seo\/ -->\n<title>Doing Business in T\u00fcrkiye 2025<\/title>\n<meta name=\"description\" content=\"Doing Business in T\u00fcrkiye\u2019nin 2025 y\u0131l\u0131ndaki bu yeni versionu, mevcut yat\u0131r\u0131m ortam\u0131n\u0131 ve T\u00fcrkiye\u2019deki yat\u0131r\u0131mlar\u0131, ticari faaliyetleri d\u00fczenleyen en\" \/>\n<meta name=\"robots\" content=\"index, follow, max-snippet:-1, max-image-preview:large, max-video-preview:-1\" \/>\n<link rel=\"canonical\" href=\"https:\/\/www.esin.av.tr\/tr\/2025\/03\/12\/doing-business-in-turkiye-2025\/\" \/>\n<meta property=\"og:locale\" content=\"tr_TR\" \/>\n<meta property=\"og:type\" content=\"article\" \/>\n<meta property=\"og:title\" content=\"Doing Business in T\u00fcrkiye 2025\" \/>\n<meta property=\"og:description\" content=\"Doing Business in T\u00fcrkiye\u2019nin 2025 y\u0131l\u0131ndaki bu yeni versionu, mevcut yat\u0131r\u0131m ortam\u0131n\u0131 ve T\u00fcrkiye\u2019deki yat\u0131r\u0131mlar\u0131, ticari faaliyetleri d\u00fczenleyen en\" \/>\n<meta property=\"og:url\" content=\"https:\/\/www.esin.av.tr\/tr\/2025\/03\/12\/doing-business-in-turkiye-2025\/\" \/>\n<meta property=\"og:site_name\" content=\"Esin Avukatl\u0131k Ortakl\u0131\u011f\u0131\" \/>\n<meta property=\"article:published_time\" content=\"2025-03-12T12:42:56+00:00\" \/>\n<meta property=\"article:modified_time\" content=\"2026-02-03T07:58:43+00:00\" \/>\n<meta property=\"og:image\" content=\"https:\/\/www.esin.av.tr\/wp-content\/uploads\/2025\/03\/Capture.png\" \/>\n\t<meta property=\"og:image:width\" content=\"687\" \/>\n\t<meta property=\"og:image:height\" content=\"374\" \/>\n\t<meta property=\"og:image:type\" content=\"image\/png\" \/>\n<meta name=\"author\" content=\"R\u0131dvan Konrat\" \/>\n<meta name=\"twitter:card\" content=\"summary_large_image\" \/>\n<meta name=\"twitter:label1\" content=\"Written by\" \/>\n\t<meta name=\"twitter:data1\" content=\"R\u0131dvan Konrat\" \/>\n<script type=\"application\/ld+json\" class=\"yoast-schema-graph\">{\"@context\":\"https:\/\/schema.org\",\"@graph\":[{\"@type\":\"Article\",\"@id\":\"https:\/\/www.esin.av.tr\/tr\/2025\/03\/12\/doing-business-in-turkiye-2025\/#article\",\"isPartOf\":{\"@id\":\"https:\/\/www.esin.av.tr\/tr\/2025\/03\/12\/doing-business-in-turkiye-2025\/\"},\"author\":{\"name\":\"R\u0131dvan Konrat\",\"@id\":\"https:\/\/www.esin.av.tr\/tr\/#\/schema\/person\/42c8e616aab56b8622fa365ad63282ae\"},\"headline\":\"Doing Business in T\u00fcrkiye 2025\",\"datePublished\":\"2025-03-12T12:42:56+00:00\",\"dateModified\":\"2026-02-03T07:58:43+00:00\",\"mainEntityOfPage\":{\"@id\":\"https:\/\/www.esin.av.tr\/tr\/2025\/03\/12\/doing-business-in-turkiye-2025\/\"},\"wordCount\":52,\"publisher\":{\"@id\":\"https:\/\/www.esin.av.tr\/tr\/#organization\"},\"image\":{\"@id\":\"https:\/\/www.esin.av.tr\/tr\/2025\/03\/12\/doing-business-in-turkiye-2025\/#primaryimage\"},\"thumbnailUrl\":\"https:\/\/www.esin.av.tr\/wp-content\/uploads\/2025\/03\/Capture-300x163.png\",\"articleSection\":[\"Yay\u0131nlar\"],\"inLanguage\":\"tr\"},{\"@type\":\"WebPage\",\"@id\":\"https:\/\/www.esin.av.tr\/tr\/2025\/03\/12\/doing-business-in-turkiye-2025\/\",\"url\":\"https:\/\/www.esin.av.tr\/tr\/2025\/03\/12\/doing-business-in-turkiye-2025\/\",\"name\":\"Doing Business in T\u00fcrkiye 2025\",\"isPartOf\":{\"@id\":\"https:\/\/www.esin.av.tr\/tr\/#website\"},\"primaryImageOfPage\":{\"@id\":\"https:\/\/www.esin.av.tr\/tr\/2025\/03\/12\/doing-business-in-turkiye-2025\/#primaryimage\"},\"image\":{\"@id\":\"https:\/\/www.esin.av.tr\/tr\/2025\/03\/12\/doing-business-in-turkiye-2025\/#primaryimage\"},\"thumbnailUrl\":\"https:\/\/www.esin.av.tr\/wp-content\/uploads\/2025\/03\/Capture-300x163.png\",\"datePublished\":\"2025-03-12T12:42:56+00:00\",\"dateModified\":\"2026-02-03T07:58:43+00:00\",\"description\":\"Doing Business in T\u00fcrkiye\u2019nin 2025 y\u0131l\u0131ndaki bu yeni versionu, mevcut yat\u0131r\u0131m ortam\u0131n\u0131 ve T\u00fcrkiye\u2019deki yat\u0131r\u0131mlar\u0131, ticari faaliyetleri d\u00fczenleyen en\",\"breadcrumb\":{\"@id\":\"https:\/\/www.esin.av.tr\/tr\/2025\/03\/12\/doing-business-in-turkiye-2025\/#breadcrumb\"},\"inLanguage\":\"tr\",\"potentialAction\":[{\"@type\":\"ReadAction\",\"target\":[\"https:\/\/www.esin.av.tr\/tr\/2025\/03\/12\/doing-business-in-turkiye-2025\/\"]}]},{\"@type\":\"ImageObject\",\"inLanguage\":\"tr\",\"@id\":\"https:\/\/www.esin.av.tr\/tr\/2025\/03\/12\/doing-business-in-turkiye-2025\/#primaryimage\",\"url\":\"https:\/\/www.esin.av.tr\/wp-content\/uploads\/2025\/03\/Capture-300x163.png\",\"contentUrl\":\"https:\/\/www.esin.av.tr\/wp-content\/uploads\/2025\/03\/Capture-300x163.png\"},{\"@type\":\"BreadcrumbList\",\"@id\":\"https:\/\/www.esin.av.tr\/tr\/2025\/03\/12\/doing-business-in-turkiye-2025\/#breadcrumb\",\"itemListElement\":[{\"@type\":\"ListItem\",\"position\":1,\"name\":\"Home\",\"item\":\"https:\/\/www.esin.av.tr\/tr\/\"},{\"@type\":\"ListItem\",\"position\":2,\"name\":\"Doing Business in T\u00fcrkiye 2025\"}]},{\"@type\":\"WebSite\",\"@id\":\"https:\/\/www.esin.av.tr\/tr\/#website\",\"url\":\"https:\/\/www.esin.av.tr\/tr\/\",\"name\":\"Esin Avukatl\u0131k Ortakl\u0131\u011f\u0131\",\"description\":\"\",\"publisher\":{\"@id\":\"https:\/\/www.esin.av.tr\/tr\/#organization\"},\"potentialAction\":[{\"@type\":\"SearchAction\",\"target\":{\"@type\":\"EntryPoint\",\"urlTemplate\":\"https:\/\/www.esin.av.tr\/tr\/?s={search_term_string}\"},\"query-input\":{\"@type\":\"PropertyValueSpecification\",\"valueRequired\":true,\"valueName\":\"search_term_string\"}}],\"inLanguage\":\"tr\"},{\"@type\":\"Organization\",\"@id\":\"https:\/\/www.esin.av.tr\/tr\/#organization\",\"name\":\"Esin Avukatl\u0131k Ortakl\u0131\u011f\u0131\",\"url\":\"https:\/\/www.esin.av.tr\/tr\/\",\"logo\":{\"@type\":\"ImageObject\",\"inLanguage\":\"tr\",\"@id\":\"https:\/\/www.esin.av.tr\/tr\/#\/schema\/logo\/image\/\",\"url\":\"https:\/\/www.esin.av.tr\/wp-content\/uploads\/2021\/09\/esin-2.jpg\",\"contentUrl\":\"https:\/\/www.esin.av.tr\/wp-content\/uploads\/2021\/09\/esin-2.jpg\",\"width\":800,\"height\":460,\"caption\":\"Esin Avukatl\u0131k Ortakl\u0131\u011f\u0131\"},\"image\":{\"@id\":\"https:\/\/www.esin.av.tr\/tr\/#\/schema\/logo\/image\/\"}},{\"@type\":\"Person\",\"@id\":\"https:\/\/www.esin.av.tr\/tr\/#\/schema\/person\/42c8e616aab56b8622fa365ad63282ae\",\"name\":\"R\u0131dvan Konrat\",\"image\":{\"@type\":\"ImageObject\",\"inLanguage\":\"tr\",\"@id\":\"https:\/\/www.esin.av.tr\/tr\/#\/schema\/person\/image\/\",\"url\":\"https:\/\/secure.gravatar.com\/avatar\/b20c6c583be38ed4e76e32f69fccc676?s=96&d=mm&r=g\",\"contentUrl\":\"https:\/\/secure.gravatar.com\/avatar\/b20c6c583be38ed4e76e32f69fccc676?s=96&d=mm&r=g\",\"caption\":\"R\u0131dvan Konrat\"},\"sameAs\":[\"http:\/\/www.esin.av.tr\"],\"url\":\"https:\/\/www.esin.av.tr\/tr\/author\/rkonrat\/\"}]}<\/script>\n<!-- \/ Yoast SEO plugin. -->","yoast_head_json":{"title":"Doing Business in T\u00fcrkiye 2025","description":"Doing Business in T\u00fcrkiye\u2019nin 2025 y\u0131l\u0131ndaki bu yeni versionu, mevcut yat\u0131r\u0131m ortam\u0131n\u0131 ve T\u00fcrkiye\u2019deki yat\u0131r\u0131mlar\u0131, ticari faaliyetleri d\u00fczenleyen en","robots":{"index":"index","follow":"follow","max-snippet":"max-snippet:-1","max-image-preview":"max-image-preview:large","max-video-preview":"max-video-preview:-1"},"canonical":"https:\/\/www.esin.av.tr\/tr\/2025\/03\/12\/doing-business-in-turkiye-2025\/","og_locale":"tr_TR","og_type":"article","og_title":"Doing Business in T\u00fcrkiye 2025","og_description":"Doing Business in T\u00fcrkiye\u2019nin 2025 y\u0131l\u0131ndaki bu yeni versionu, mevcut yat\u0131r\u0131m ortam\u0131n\u0131 ve T\u00fcrkiye\u2019deki yat\u0131r\u0131mlar\u0131, ticari faaliyetleri d\u00fczenleyen en","og_url":"https:\/\/www.esin.av.tr\/tr\/2025\/03\/12\/doing-business-in-turkiye-2025\/","og_site_name":"Esin Avukatl\u0131k Ortakl\u0131\u011f\u0131","article_published_time":"2025-03-12T12:42:56+00:00","article_modified_time":"2026-02-03T07:58:43+00:00","og_image":[{"width":687,"height":374,"url":"https:\/\/www.esin.av.tr\/wp-content\/uploads\/2025\/03\/Capture.png","type":"image\/png"}],"author":"R\u0131dvan Konrat","twitter_card":"summary_large_image","twitter_misc":{"Written by":"R\u0131dvan Konrat"},"schema":{"@context":"https:\/\/schema.org","@graph":[{"@type":"Article","@id":"https:\/\/www.esin.av.tr\/tr\/2025\/03\/12\/doing-business-in-turkiye-2025\/#article","isPartOf":{"@id":"https:\/\/www.esin.av.tr\/tr\/2025\/03\/12\/doing-business-in-turkiye-2025\/"},"author":{"name":"R\u0131dvan Konrat","@id":"https:\/\/www.esin.av.tr\/tr\/#\/schema\/person\/42c8e616aab56b8622fa365ad63282ae"},"headline":"Doing Business in T\u00fcrkiye 2025","datePublished":"2025-03-12T12:42:56+00:00","dateModified":"2026-02-03T07:58:43+00:00","mainEntityOfPage":{"@id":"https:\/\/www.esin.av.tr\/tr\/2025\/03\/12\/doing-business-in-turkiye-2025\/"},"wordCount":52,"publisher":{"@id":"https:\/\/www.esin.av.tr\/tr\/#organization"},"image":{"@id":"https:\/\/www.esin.av.tr\/tr\/2025\/03\/12\/doing-business-in-turkiye-2025\/#primaryimage"},"thumbnailUrl":"https:\/\/www.esin.av.tr\/wp-content\/uploads\/2025\/03\/Capture-300x163.png","articleSection":["Yay\u0131nlar"],"inLanguage":"tr"},{"@type":"WebPage","@id":"https:\/\/www.esin.av.tr\/tr\/2025\/03\/12\/doing-business-in-turkiye-2025\/","url":"https:\/\/www.esin.av.tr\/tr\/2025\/03\/12\/doing-business-in-turkiye-2025\/","name":"Doing Business in T\u00fcrkiye 2025","isPartOf":{"@id":"https:\/\/www.esin.av.tr\/tr\/#website"},"primaryImageOfPage":{"@id":"https:\/\/www.esin.av.tr\/tr\/2025\/03\/12\/doing-business-in-turkiye-2025\/#primaryimage"},"image":{"@id":"https:\/\/www.esin.av.tr\/tr\/2025\/03\/12\/doing-business-in-turkiye-2025\/#primaryimage"},"thumbnailUrl":"https:\/\/www.esin.av.tr\/wp-content\/uploads\/2025\/03\/Capture-300x163.png","datePublished":"2025-03-12T12:42:56+00:00","dateModified":"2026-02-03T07:58:43+00:00","description":"Doing Business in T\u00fcrkiye\u2019nin 2025 y\u0131l\u0131ndaki bu yeni versionu, mevcut yat\u0131r\u0131m ortam\u0131n\u0131 ve T\u00fcrkiye\u2019deki yat\u0131r\u0131mlar\u0131, ticari faaliyetleri d\u00fczenleyen en","breadcrumb":{"@id":"https:\/\/www.esin.av.tr\/tr\/2025\/03\/12\/doing-business-in-turkiye-2025\/#breadcrumb"},"inLanguage":"tr","potentialAction":[{"@type":"ReadAction","target":["https:\/\/www.esin.av.tr\/tr\/2025\/03\/12\/doing-business-in-turkiye-2025\/"]}]},{"@type":"ImageObject","inLanguage":"tr","@id":"https:\/\/www.esin.av.tr\/tr\/2025\/03\/12\/doing-business-in-turkiye-2025\/#primaryimage","url":"https:\/\/www.esin.av.tr\/wp-content\/uploads\/2025\/03\/Capture-300x163.png","contentUrl":"https:\/\/www.esin.av.tr\/wp-content\/uploads\/2025\/03\/Capture-300x163.png"},{"@type":"BreadcrumbList","@id":"https:\/\/www.esin.av.tr\/tr\/2025\/03\/12\/doing-business-in-turkiye-2025\/#breadcrumb","itemListElement":[{"@type":"ListItem","position":1,"name":"Home","item":"https:\/\/www.esin.av.tr\/tr\/"},{"@type":"ListItem","position":2,"name":"Doing Business in T\u00fcrkiye 2025"}]},{"@type":"WebSite","@id":"https:\/\/www.esin.av.tr\/tr\/#website","url":"https:\/\/www.esin.av.tr\/tr\/","name":"Esin Avukatl\u0131k Ortakl\u0131\u011f\u0131","description":"","publisher":{"@id":"https:\/\/www.esin.av.tr\/tr\/#organization"},"potentialAction":[{"@type":"SearchAction","target":{"@type":"EntryPoint","urlTemplate":"https:\/\/www.esin.av.tr\/tr\/?s={search_term_string}"},"query-input":{"@type":"PropertyValueSpecification","valueRequired":true,"valueName":"search_term_string"}}],"inLanguage":"tr"},{"@type":"Organization","@id":"https:\/\/www.esin.av.tr\/tr\/#organization","name":"Esin Avukatl\u0131k Ortakl\u0131\u011f\u0131","url":"https:\/\/www.esin.av.tr\/tr\/","logo":{"@type":"ImageObject","inLanguage":"tr","@id":"https:\/\/www.esin.av.tr\/tr\/#\/schema\/logo\/image\/","url":"https:\/\/www.esin.av.tr\/wp-content\/uploads\/2021\/09\/esin-2.jpg","contentUrl":"https:\/\/www.esin.av.tr\/wp-content\/uploads\/2021\/09\/esin-2.jpg","width":800,"height":460,"caption":"Esin Avukatl\u0131k Ortakl\u0131\u011f\u0131"},"image":{"@id":"https:\/\/www.esin.av.tr\/tr\/#\/schema\/logo\/image\/"}},{"@type":"Person","@id":"https:\/\/www.esin.av.tr\/tr\/#\/schema\/person\/42c8e616aab56b8622fa365ad63282ae","name":"R\u0131dvan Konrat","image":{"@type":"ImageObject","inLanguage":"tr","@id":"https:\/\/www.esin.av.tr\/tr\/#\/schema\/person\/image\/","url":"https:\/\/secure.gravatar.com\/avatar\/b20c6c583be38ed4e76e32f69fccc676?s=96&d=mm&r=g","contentUrl":"https:\/\/secure.gravatar.com\/avatar\/b20c6c583be38ed4e76e32f69fccc676?s=96&d=mm&r=g","caption":"R\u0131dvan Konrat"},"sameAs":["http:\/\/www.esin.av.tr"],"url":"https:\/\/www.esin.av.tr\/tr\/author\/rkonrat\/"}]}},"_links":{"self":[{"href":"https:\/\/www.esin.av.tr\/tr\/wp-json\/wp\/v2\/posts\/28662","targetHints":{"allow":["GET"]}}],"collection":[{"href":"https:\/\/www.esin.av.tr\/tr\/wp-json\/wp\/v2\/posts"}],"about":[{"href":"https:\/\/www.esin.av.tr\/tr\/wp-json\/wp\/v2\/types\/post"}],"author":[{"embeddable":true,"href":"https:\/\/www.esin.av.tr\/tr\/wp-json\/wp\/v2\/users\/4"}],"replies":[{"embeddable":true,"href":"https:\/\/www.esin.av.tr\/tr\/wp-json\/wp\/v2\/comments?post=28662"}],"version-history":[{"count":3,"href":"https:\/\/www.esin.av.tr\/tr\/wp-json\/wp\/v2\/posts\/28662\/revisions"}],"predecessor-version":[{"id":28666,"href":"https:\/\/www.esin.av.tr\/tr\/wp-json\/wp\/v2\/posts\/28662\/revisions\/28666"}],"wp:attachment":[{"href":"https:\/\/www.esin.av.tr\/tr\/wp-json\/wp\/v2\/media?parent=28662"}],"wp:term":[{"taxonomy":"category","embeddable":true,"href":"https:\/\/www.esin.av.tr\/tr\/wp-json\/wp\/v2\/categories?post=28662"},{"taxonomy":"post_tag","embeddable":true,"href":"https:\/\/www.esin.av.tr\/tr\/wp-json\/wp\/v2\/tags?post=28662"}],"curies":[{"name":"wp","href":"https:\/\/api.w.org\/{rel}","templated":true}]}}