{"id":28653,"date":"2025-03-11T08:34:43","date_gmt":"2025-03-11T08:34:43","guid":{"rendered":"https:\/\/www.esin.av.tr\/?p=28653"},"modified":"2025-03-11T08:34:43","modified_gmt":"2025-03-11T08:34:43","slug":"is-yerlerinde-psikolojik-tacizin-mobbing-onlenmesi-ile-ilgili-cumhurbaskanligi-genelgesi-yayimlandi","status":"publish","type":"post","link":"https:\/\/www.esin.av.tr\/tr\/2025\/03\/11\/is-yerlerinde-psikolojik-tacizin-mobbing-onlenmesi-ile-ilgili-cumhurbaskanligi-genelgesi-yayimlandi\/","title":{"rendered":"\u0130\u015f Yerlerinde Psikolojik Tacizin (Mobbing) \u00d6nlenmesi ile \u0130lgili Cumhurba\u015fkanl\u0131\u011f\u0131 Genelgesi Yay\u0131mland\u0131"},"content":{"rendered":"<p>2025\/3 numaral\u0131, \u0130\u015f Yerlerinde Psikolojik Tacizin (Mobbing) \u00d6nlenmesi Genelgesi (&#8220;<strong>Genelge<\/strong>&#8220;) 6 Mart 2025 tarihli ve 32833 say\u0131l\u0131 Resmi Gazete\u2019de yay\u0131mlanarak y\u00fcr\u00fcrl\u00fc\u011fe girmi\u015ftir. Genelge&#8217;de psikolojik tacizin \u00f6nlenmesi amac\u0131yla at\u0131lacak ad\u0131mlar ve yap\u0131lacak d\u00fczenlemeler belirlenmi\u015ftir. Genelge, \u00e7al\u0131\u015fanlar\u0131n motivasyonunu art\u0131rmay\u0131, sa\u011fl\u0131kl\u0131 ve g\u00fcvenli bir \u00e7al\u0131\u015fma ortam\u0131 olu\u015fturmay\u0131 ve toplumsal refah\u0131 art\u0131rmay\u0131 ama\u00e7lamaktad\u0131r.<\/p>\n<p><strong>Genelge\u2019de Neler D\u00fczenleniyor?<\/strong><\/p>\n<p>Genelge ile, \u00fclke genelinde politikalar\u0131n belirlenmesine katk\u0131 sa\u011flamak amac\u0131yla Psikolojik Tacizle M\u00fccadele Kurulu yeniden olu\u015fturulmu\u015ftur. Ayr\u0131ca, i\u015fverenlerin \u00f6nleyici ve koruyucu politikalar geli\u015ftirmeleri ve psikolojik taciz olarak de\u011ferlendirilebilecek her t\u00fcrl\u00fc eylemden ka\u00e7\u0131nmalar\u0131 gerekti\u011fi vurgulanm\u0131\u015ft\u0131r. \u0130\u015f yerlerinde psikolojik tacize y\u00f6nelik fark\u0131ndal\u0131\u011f\u0131 art\u0131rmak amac\u0131yla e\u011fitim ve bilgilendirme faaliyetleri d\u00fczenlenmesi, psikolojik taciz iddialar\u0131n\u0131n soru\u015fturulmas\u0131 s\u00fcrecinde gizlili\u011fin korunmas\u0131 ve toplu i\u015f s\u00f6zle\u015fmelerine psikolojik tacizi \u00f6nleyici ve koruyucu nitelikte h\u00fck\u00fcmler eklenmesi hususlar\u0131na da dikkat \u00e7ekilmi\u015ftir.<\/p>\n<p><strong>Sonu\u00e7<\/strong><\/p>\n<p>\u0130\u015fverenlerin, Genelge do\u011frultusunda, i\u015f yerlerinde psikolojik tacize y\u00f6nelik politikalar olu\u015fturmalar\u0131n\u0131, (varsa) mevcut politikalar\u0131n\u0131 g\u00f6zden ge\u00e7irmelerini, bu kapsamda i\u015f yerlerinde gerekli d\u00fczenlemelerin yap\u0131lmas\u0131n\u0131 \u00f6neririz.<\/p>\n","protected":false},"excerpt":{"rendered":"<p>2025\/3 numaral\u0131, \u0130\u015f Yerlerinde Psikolojik Tacizin (Mobbing) \u00d6nlenmesi Genelgesi (&#8220;Genelge&#8220;) 6 Mart 2025 tarihli ve 32833 say\u0131l\u0131 Resmi Gazete\u2019de yay\u0131mlanarak [&hellip;]<\/p>\n","protected":false},"author":4,"featured_media":0,"comment_status":"closed","ping_status":"closed","sticky":false,"template":"","format":"standard","meta":{"_acf_changed":false,"_stopmodifiedupdate":false,"_modified_date":"","footnotes":""},"categories":[120],"tags":[101],"class_list":["post-28653","post","type-post","status-publish","format-standard","hentry","category-legal-alerts","tag-employment-tr"],"acf":[],"yoast_head":"<!-- This site is optimized with the Yoast SEO plugin v24.0 - https:\/\/yoast.com\/wordpress\/plugins\/seo\/ -->\n<title>\u0130\u015f Yerlerinde Psikolojik Tacizin (Mobbing) \u00d6nlenmesi ile \u0130lgili Cumhurba\u015fkanl\u0131\u011f\u0131 Genelgesi Yay\u0131mland\u0131<\/title>\n<meta name=\"description\" content=\"2025\/3 numaral\u0131, \u0130\u015f Yerlerinde Psikolojik Tacizin (Mobbing) \u00d6nlenmesi Genelgesi (&quot;Genelge&quot;) 6 Mart 2025 tarihli ve 32833 say\u0131l\u0131 Resmi Gazete\u2019de\" \/>\n<meta name=\"robots\" content=\"index, follow, max-snippet:-1, max-image-preview:large, max-video-preview:-1\" \/>\n<link rel=\"canonical\" href=\"https:\/\/www.esin.av.tr\/tr\/2025\/03\/11\/is-yerlerinde-psikolojik-tacizin-mobbing-onlenmesi-ile-ilgili-cumhurbaskanligi-genelgesi-yayimlandi\/\" \/>\n<meta property=\"og:locale\" content=\"tr_TR\" \/>\n<meta property=\"og:type\" content=\"article\" \/>\n<meta property=\"og:title\" content=\"\u0130\u015f Yerlerinde Psikolojik Tacizin (Mobbing) \u00d6nlenmesi ile \u0130lgili Cumhurba\u015fkanl\u0131\u011f\u0131 Genelgesi Yay\u0131mland\u0131\" \/>\n<meta property=\"og:description\" content=\"2025\/3 numaral\u0131, \u0130\u015f Yerlerinde Psikolojik Tacizin (Mobbing) \u00d6nlenmesi Genelgesi (&quot;Genelge&quot;) 6 Mart 2025 tarihli ve 32833 say\u0131l\u0131 Resmi Gazete\u2019de\" \/>\n<meta property=\"og:url\" content=\"https:\/\/www.esin.av.tr\/tr\/2025\/03\/11\/is-yerlerinde-psikolojik-tacizin-mobbing-onlenmesi-ile-ilgili-cumhurbaskanligi-genelgesi-yayimlandi\/\" \/>\n<meta property=\"og:site_name\" content=\"Esin Avukatl\u0131k Ortakl\u0131\u011f\u0131\" \/>\n<meta property=\"article:published_time\" content=\"2025-03-11T08:34:43+00:00\" \/>\n<meta name=\"author\" content=\"R\u0131dvan Konrat\" \/>\n<meta name=\"twitter:card\" content=\"summary_large_image\" \/>\n<meta name=\"twitter:label1\" content=\"Written by\" \/>\n\t<meta name=\"twitter:data1\" content=\"R\u0131dvan Konrat\" \/>\n\t<meta name=\"twitter:label2\" content=\"Est. reading time\" \/>\n\t<meta name=\"twitter:data2\" content=\"1 minute\" \/>\n<script type=\"application\/ld+json\" class=\"yoast-schema-graph\">{\"@context\":\"https:\/\/schema.org\",\"@graph\":[{\"@type\":\"Article\",\"@id\":\"https:\/\/www.esin.av.tr\/tr\/2025\/03\/11\/is-yerlerinde-psikolojik-tacizin-mobbing-onlenmesi-ile-ilgili-cumhurbaskanligi-genelgesi-yayimlandi\/#article\",\"isPartOf\":{\"@id\":\"https:\/\/www.esin.av.tr\/tr\/2025\/03\/11\/is-yerlerinde-psikolojik-tacizin-mobbing-onlenmesi-ile-ilgili-cumhurbaskanligi-genelgesi-yayimlandi\/\"},\"author\":{\"name\":\"R\u0131dvan Konrat\",\"@id\":\"https:\/\/www.esin.av.tr\/tr\/#\/schema\/person\/42c8e616aab56b8622fa365ad63282ae\"},\"headline\":\"\u0130\u015f Yerlerinde Psikolojik Tacizin (Mobbing) \u00d6nlenmesi ile \u0130lgili Cumhurba\u015fkanl\u0131\u011f\u0131 Genelgesi Yay\u0131mland\u0131\",\"datePublished\":\"2025-03-11T08:34:43+00:00\",\"dateModified\":\"2025-03-11T08:34:43+00:00\",\"mainEntityOfPage\":{\"@id\":\"https:\/\/www.esin.av.tr\/tr\/2025\/03\/11\/is-yerlerinde-psikolojik-tacizin-mobbing-onlenmesi-ile-ilgili-cumhurbaskanligi-genelgesi-yayimlandi\/\"},\"wordCount\":220,\"publisher\":{\"@id\":\"https:\/\/www.esin.av.tr\/tr\/#organization\"},\"keywords\":[\"\u0130\u015f Hukuku\"],\"articleSection\":[\"Hukuk B\u00fcltenleri\"],\"inLanguage\":\"tr\"},{\"@type\":\"WebPage\",\"@id\":\"https:\/\/www.esin.av.tr\/tr\/2025\/03\/11\/is-yerlerinde-psikolojik-tacizin-mobbing-onlenmesi-ile-ilgili-cumhurbaskanligi-genelgesi-yayimlandi\/\",\"url\":\"https:\/\/www.esin.av.tr\/tr\/2025\/03\/11\/is-yerlerinde-psikolojik-tacizin-mobbing-onlenmesi-ile-ilgili-cumhurbaskanligi-genelgesi-yayimlandi\/\",\"name\":\"\u0130\u015f Yerlerinde Psikolojik Tacizin (Mobbing) \u00d6nlenmesi ile \u0130lgili Cumhurba\u015fkanl\u0131\u011f\u0131 Genelgesi Yay\u0131mland\u0131\",\"isPartOf\":{\"@id\":\"https:\/\/www.esin.av.tr\/tr\/#website\"},\"datePublished\":\"2025-03-11T08:34:43+00:00\",\"dateModified\":\"2025-03-11T08:34:43+00:00\",\"description\":\"2025\/3 numaral\u0131, \u0130\u015f Yerlerinde Psikolojik Tacizin (Mobbing) \u00d6nlenmesi Genelgesi (\\\"Genelge\\\") 6 Mart 2025 tarihli ve 32833 say\u0131l\u0131 Resmi Gazete\u2019de\",\"breadcrumb\":{\"@id\":\"https:\/\/www.esin.av.tr\/tr\/2025\/03\/11\/is-yerlerinde-psikolojik-tacizin-mobbing-onlenmesi-ile-ilgili-cumhurbaskanligi-genelgesi-yayimlandi\/#breadcrumb\"},\"inLanguage\":\"tr\",\"potentialAction\":[{\"@type\":\"ReadAction\",\"target\":[\"https:\/\/www.esin.av.tr\/tr\/2025\/03\/11\/is-yerlerinde-psikolojik-tacizin-mobbing-onlenmesi-ile-ilgili-cumhurbaskanligi-genelgesi-yayimlandi\/\"]}]},{\"@type\":\"BreadcrumbList\",\"@id\":\"https:\/\/www.esin.av.tr\/tr\/2025\/03\/11\/is-yerlerinde-psikolojik-tacizin-mobbing-onlenmesi-ile-ilgili-cumhurbaskanligi-genelgesi-yayimlandi\/#breadcrumb\",\"itemListElement\":[{\"@type\":\"ListItem\",\"position\":1,\"name\":\"Home\",\"item\":\"https:\/\/www.esin.av.tr\/tr\/\"},{\"@type\":\"ListItem\",\"position\":2,\"name\":\"\u0130\u015f Yerlerinde Psikolojik Tacizin (Mobbing) \u00d6nlenmesi ile \u0130lgili Cumhurba\u015fkanl\u0131\u011f\u0131 Genelgesi Yay\u0131mland\u0131\"}]},{\"@type\":\"WebSite\",\"@id\":\"https:\/\/www.esin.av.tr\/tr\/#website\",\"url\":\"https:\/\/www.esin.av.tr\/tr\/\",\"name\":\"Esin Avukatl\u0131k Ortakl\u0131\u011f\u0131\",\"description\":\"\",\"publisher\":{\"@id\":\"https:\/\/www.esin.av.tr\/tr\/#organization\"},\"potentialAction\":[{\"@type\":\"SearchAction\",\"target\":{\"@type\":\"EntryPoint\",\"urlTemplate\":\"https:\/\/www.esin.av.tr\/tr\/?s={search_term_string}\"},\"query-input\":{\"@type\":\"PropertyValueSpecification\",\"valueRequired\":true,\"valueName\":\"search_term_string\"}}],\"inLanguage\":\"tr\"},{\"@type\":\"Organization\",\"@id\":\"https:\/\/www.esin.av.tr\/tr\/#organization\",\"name\":\"Esin Avukatl\u0131k Ortakl\u0131\u011f\u0131\",\"url\":\"https:\/\/www.esin.av.tr\/tr\/\",\"logo\":{\"@type\":\"ImageObject\",\"inLanguage\":\"tr\",\"@id\":\"https:\/\/www.esin.av.tr\/tr\/#\/schema\/logo\/image\/\",\"url\":\"https:\/\/www.esin.av.tr\/wp-content\/uploads\/2021\/09\/esin-2.jpg\",\"contentUrl\":\"https:\/\/www.esin.av.tr\/wp-content\/uploads\/2021\/09\/esin-2.jpg\",\"width\":800,\"height\":460,\"caption\":\"Esin Avukatl\u0131k Ortakl\u0131\u011f\u0131\"},\"image\":{\"@id\":\"https:\/\/www.esin.av.tr\/tr\/#\/schema\/logo\/image\/\"}},{\"@type\":\"Person\",\"@id\":\"https:\/\/www.esin.av.tr\/tr\/#\/schema\/person\/42c8e616aab56b8622fa365ad63282ae\",\"name\":\"R\u0131dvan Konrat\",\"image\":{\"@type\":\"ImageObject\",\"inLanguage\":\"tr\",\"@id\":\"https:\/\/www.esin.av.tr\/tr\/#\/schema\/person\/image\/\",\"url\":\"https:\/\/secure.gravatar.com\/avatar\/b20c6c583be38ed4e76e32f69fccc676?s=96&d=mm&r=g\",\"contentUrl\":\"https:\/\/secure.gravatar.com\/avatar\/b20c6c583be38ed4e76e32f69fccc676?s=96&d=mm&r=g\",\"caption\":\"R\u0131dvan Konrat\"},\"sameAs\":[\"http:\/\/www.esin.av.tr\"],\"url\":\"https:\/\/www.esin.av.tr\/tr\/author\/rkonrat\/\"}]}<\/script>\n<!-- \/ Yoast SEO plugin. -->","yoast_head_json":{"title":"\u0130\u015f Yerlerinde Psikolojik Tacizin (Mobbing) \u00d6nlenmesi ile \u0130lgili Cumhurba\u015fkanl\u0131\u011f\u0131 Genelgesi Yay\u0131mland\u0131","description":"2025\/3 numaral\u0131, \u0130\u015f Yerlerinde Psikolojik Tacizin (Mobbing) \u00d6nlenmesi Genelgesi (\"Genelge\") 6 Mart 2025 tarihli ve 32833 say\u0131l\u0131 Resmi Gazete\u2019de","robots":{"index":"index","follow":"follow","max-snippet":"max-snippet:-1","max-image-preview":"max-image-preview:large","max-video-preview":"max-video-preview:-1"},"canonical":"https:\/\/www.esin.av.tr\/tr\/2025\/03\/11\/is-yerlerinde-psikolojik-tacizin-mobbing-onlenmesi-ile-ilgili-cumhurbaskanligi-genelgesi-yayimlandi\/","og_locale":"tr_TR","og_type":"article","og_title":"\u0130\u015f Yerlerinde Psikolojik Tacizin (Mobbing) \u00d6nlenmesi ile \u0130lgili Cumhurba\u015fkanl\u0131\u011f\u0131 Genelgesi Yay\u0131mland\u0131","og_description":"2025\/3 numaral\u0131, \u0130\u015f Yerlerinde Psikolojik Tacizin (Mobbing) \u00d6nlenmesi Genelgesi (\"Genelge\") 6 Mart 2025 tarihli ve 32833 say\u0131l\u0131 Resmi Gazete\u2019de","og_url":"https:\/\/www.esin.av.tr\/tr\/2025\/03\/11\/is-yerlerinde-psikolojik-tacizin-mobbing-onlenmesi-ile-ilgili-cumhurbaskanligi-genelgesi-yayimlandi\/","og_site_name":"Esin Avukatl\u0131k Ortakl\u0131\u011f\u0131","article_published_time":"2025-03-11T08:34:43+00:00","author":"R\u0131dvan Konrat","twitter_card":"summary_large_image","twitter_misc":{"Written by":"R\u0131dvan Konrat","Est. reading time":"1 minute"},"schema":{"@context":"https:\/\/schema.org","@graph":[{"@type":"Article","@id":"https:\/\/www.esin.av.tr\/tr\/2025\/03\/11\/is-yerlerinde-psikolojik-tacizin-mobbing-onlenmesi-ile-ilgili-cumhurbaskanligi-genelgesi-yayimlandi\/#article","isPartOf":{"@id":"https:\/\/www.esin.av.tr\/tr\/2025\/03\/11\/is-yerlerinde-psikolojik-tacizin-mobbing-onlenmesi-ile-ilgili-cumhurbaskanligi-genelgesi-yayimlandi\/"},"author":{"name":"R\u0131dvan Konrat","@id":"https:\/\/www.esin.av.tr\/tr\/#\/schema\/person\/42c8e616aab56b8622fa365ad63282ae"},"headline":"\u0130\u015f Yerlerinde Psikolojik Tacizin (Mobbing) \u00d6nlenmesi ile \u0130lgili Cumhurba\u015fkanl\u0131\u011f\u0131 Genelgesi Yay\u0131mland\u0131","datePublished":"2025-03-11T08:34:43+00:00","dateModified":"2025-03-11T08:34:43+00:00","mainEntityOfPage":{"@id":"https:\/\/www.esin.av.tr\/tr\/2025\/03\/11\/is-yerlerinde-psikolojik-tacizin-mobbing-onlenmesi-ile-ilgili-cumhurbaskanligi-genelgesi-yayimlandi\/"},"wordCount":220,"publisher":{"@id":"https:\/\/www.esin.av.tr\/tr\/#organization"},"keywords":["\u0130\u015f Hukuku"],"articleSection":["Hukuk B\u00fcltenleri"],"inLanguage":"tr"},{"@type":"WebPage","@id":"https:\/\/www.esin.av.tr\/tr\/2025\/03\/11\/is-yerlerinde-psikolojik-tacizin-mobbing-onlenmesi-ile-ilgili-cumhurbaskanligi-genelgesi-yayimlandi\/","url":"https:\/\/www.esin.av.tr\/tr\/2025\/03\/11\/is-yerlerinde-psikolojik-tacizin-mobbing-onlenmesi-ile-ilgili-cumhurbaskanligi-genelgesi-yayimlandi\/","name":"\u0130\u015f Yerlerinde Psikolojik Tacizin (Mobbing) \u00d6nlenmesi ile \u0130lgili Cumhurba\u015fkanl\u0131\u011f\u0131 Genelgesi Yay\u0131mland\u0131","isPartOf":{"@id":"https:\/\/www.esin.av.tr\/tr\/#website"},"datePublished":"2025-03-11T08:34:43+00:00","dateModified":"2025-03-11T08:34:43+00:00","description":"2025\/3 numaral\u0131, \u0130\u015f Yerlerinde Psikolojik Tacizin (Mobbing) \u00d6nlenmesi Genelgesi (\"Genelge\") 6 Mart 2025 tarihli ve 32833 say\u0131l\u0131 Resmi Gazete\u2019de","breadcrumb":{"@id":"https:\/\/www.esin.av.tr\/tr\/2025\/03\/11\/is-yerlerinde-psikolojik-tacizin-mobbing-onlenmesi-ile-ilgili-cumhurbaskanligi-genelgesi-yayimlandi\/#breadcrumb"},"inLanguage":"tr","potentialAction":[{"@type":"ReadAction","target":["https:\/\/www.esin.av.tr\/tr\/2025\/03\/11\/is-yerlerinde-psikolojik-tacizin-mobbing-onlenmesi-ile-ilgili-cumhurbaskanligi-genelgesi-yayimlandi\/"]}]},{"@type":"BreadcrumbList","@id":"https:\/\/www.esin.av.tr\/tr\/2025\/03\/11\/is-yerlerinde-psikolojik-tacizin-mobbing-onlenmesi-ile-ilgili-cumhurbaskanligi-genelgesi-yayimlandi\/#breadcrumb","itemListElement":[{"@type":"ListItem","position":1,"name":"Home","item":"https:\/\/www.esin.av.tr\/tr\/"},{"@type":"ListItem","position":2,"name":"\u0130\u015f Yerlerinde Psikolojik Tacizin (Mobbing) \u00d6nlenmesi ile \u0130lgili Cumhurba\u015fkanl\u0131\u011f\u0131 Genelgesi Yay\u0131mland\u0131"}]},{"@type":"WebSite","@id":"https:\/\/www.esin.av.tr\/tr\/#website","url":"https:\/\/www.esin.av.tr\/tr\/","name":"Esin Avukatl\u0131k Ortakl\u0131\u011f\u0131","description":"","publisher":{"@id":"https:\/\/www.esin.av.tr\/tr\/#organization"},"potentialAction":[{"@type":"SearchAction","target":{"@type":"EntryPoint","urlTemplate":"https:\/\/www.esin.av.tr\/tr\/?s={search_term_string}"},"query-input":{"@type":"PropertyValueSpecification","valueRequired":true,"valueName":"search_term_string"}}],"inLanguage":"tr"},{"@type":"Organization","@id":"https:\/\/www.esin.av.tr\/tr\/#organization","name":"Esin Avukatl\u0131k Ortakl\u0131\u011f\u0131","url":"https:\/\/www.esin.av.tr\/tr\/","logo":{"@type":"ImageObject","inLanguage":"tr","@id":"https:\/\/www.esin.av.tr\/tr\/#\/schema\/logo\/image\/","url":"https:\/\/www.esin.av.tr\/wp-content\/uploads\/2021\/09\/esin-2.jpg","contentUrl":"https:\/\/www.esin.av.tr\/wp-content\/uploads\/2021\/09\/esin-2.jpg","width":800,"height":460,"caption":"Esin Avukatl\u0131k Ortakl\u0131\u011f\u0131"},"image":{"@id":"https:\/\/www.esin.av.tr\/tr\/#\/schema\/logo\/image\/"}},{"@type":"Person","@id":"https:\/\/www.esin.av.tr\/tr\/#\/schema\/person\/42c8e616aab56b8622fa365ad63282ae","name":"R\u0131dvan Konrat","image":{"@type":"ImageObject","inLanguage":"tr","@id":"https:\/\/www.esin.av.tr\/tr\/#\/schema\/person\/image\/","url":"https:\/\/secure.gravatar.com\/avatar\/b20c6c583be38ed4e76e32f69fccc676?s=96&d=mm&r=g","contentUrl":"https:\/\/secure.gravatar.com\/avatar\/b20c6c583be38ed4e76e32f69fccc676?s=96&d=mm&r=g","caption":"R\u0131dvan Konrat"},"sameAs":["http:\/\/www.esin.av.tr"],"url":"https:\/\/www.esin.av.tr\/tr\/author\/rkonrat\/"}]}},"_links":{"self":[{"href":"https:\/\/www.esin.av.tr\/tr\/wp-json\/wp\/v2\/posts\/28653","targetHints":{"allow":["GET"]}}],"collection":[{"href":"https:\/\/www.esin.av.tr\/tr\/wp-json\/wp\/v2\/posts"}],"about":[{"href":"https:\/\/www.esin.av.tr\/tr\/wp-json\/wp\/v2\/types\/post"}],"author":[{"embeddable":true,"href":"https:\/\/www.esin.av.tr\/tr\/wp-json\/wp\/v2\/users\/4"}],"replies":[{"embeddable":true,"href":"https:\/\/www.esin.av.tr\/tr\/wp-json\/wp\/v2\/comments?post=28653"}],"version-history":[{"count":1,"href":"https:\/\/www.esin.av.tr\/tr\/wp-json\/wp\/v2\/posts\/28653\/revisions"}],"predecessor-version":[{"id":28654,"href":"https:\/\/www.esin.av.tr\/tr\/wp-json\/wp\/v2\/posts\/28653\/revisions\/28654"}],"wp:attachment":[{"href":"https:\/\/www.esin.av.tr\/tr\/wp-json\/wp\/v2\/media?parent=28653"}],"wp:term":[{"taxonomy":"category","embeddable":true,"href":"https:\/\/www.esin.av.tr\/tr\/wp-json\/wp\/v2\/categories?post=28653"},{"taxonomy":"post_tag","embeddable":true,"href":"https:\/\/www.esin.av.tr\/tr\/wp-json\/wp\/v2\/tags?post=28653"}],"curies":[{"name":"wp","href":"https:\/\/api.w.org\/{rel}","templated":true}]}}