{"id":28642,"date":"2025-03-06T08:08:39","date_gmt":"2025-03-06T08:08:39","guid":{"rendered":"https:\/\/www.esin.av.tr\/?p=28642"},"modified":"2025-03-06T08:08:39","modified_gmt":"2025-03-06T08:08:39","slug":"menkul-satislarinda-dovizle-odeme-mumkun-hale-geldi","status":"publish","type":"post","link":"https:\/\/www.esin.av.tr\/tr\/2025\/03\/06\/menkul-satislarinda-dovizle-odeme-mumkun-hale-geldi\/","title":{"rendered":"Menkul Sat\u0131\u015flar\u0131nda D\u00f6vizle \u00d6deme M\u00fcmk\u00fcn Hale Geldi"},"content":{"rendered":"<p><strong>Yeni Geli\u015fme<\/strong><\/p>\n<p>T\u00fcrk Paras\u0131 K\u0131ymetini Koruma Hakk\u0131nda 32 Say\u0131l\u0131 Karara \u0130li\u015fkin 2008-32\/34 No&#8217;lu Tebli\u011f&#8217;de (&#8220;<strong>Tebli\u011f<\/strong>&#8220;) yap\u0131lan ve 19 Nisan 2022 tarihli Resmi Gazete&#8217;de yay\u0131mlanarak ayn\u0131 tarihte y\u00fcr\u00fcrl\u00fc\u011fe giren de\u011fi\u015fiklikle, T\u00fcrkiye&#8217;de yerle\u015fik ki\u015filerin kendi aralar\u0131nda akdedecekleri menkul sat\u0131\u015f s\u00f6zle\u015fmelerinde, s\u00f6zle\u015fme bedelinin d\u00f6viz \u00fczerinden \u00f6denmesi yasaklanm\u0131\u015ft\u0131. T.C. Hazine ve Maliye Bakanl\u0131\u011f\u0131 (&#8220;<strong>Bakanl\u0131k<\/strong>&#8220;), Tebli\u011f\u2019de yapt\u0131\u011f\u0131 ve 6 Mart 2025 (\u201c<strong>Y\u00fcr\u00fcrl\u00fck Tarihi<\/strong>\u201d) tarihli Resmi Gazete&#8217;de yay\u0131mlanarak ayn\u0131 tarihte y\u00fcr\u00fcrl\u00fc\u011fe giren de\u011fi\u015fiklikle bu yasa\u011f\u0131 kald\u0131rd\u0131.<\/p>\n<p>Bakanl\u0131k\u2019\u0131n Tebli\u011f\u2019de yapt\u0131\u011f\u0131 de\u011fi\u015fiklikle, Y\u00fcr\u00fcrl\u00fck Tarihi\u2019nden itibaren T\u00fcrkiye\u2019de yerle\u015fik ki\u015filer; kendi aralar\u0131nda akdedecekleri, ta\u015f\u0131t sat\u0131\u015f s\u00f6zle\u015fmeleri d\u0131\u015f\u0131nda kalan menkul sat\u0131\u015f s\u00f6zle\u015fmelerinde s\u00f6zle\u015fme bedelini ve bu s\u00f6zle\u015fmelerden kaynaklanan di\u011fer \u00f6deme y\u00fck\u00fcml\u00fcl\u00fcklerini d\u00f6viz cinsinden veya d\u00f6vize endeksli olarak kararla\u015ft\u0131rabilecekler.<\/p>\n","protected":false},"excerpt":{"rendered":"<p>Yeni Geli\u015fme T\u00fcrk Paras\u0131 K\u0131ymetini Koruma Hakk\u0131nda 32 Say\u0131l\u0131 Karara \u0130li\u015fkin 2008-32\/34 No&#8217;lu Tebli\u011f&#8217;de (&#8220;Tebli\u011f&#8220;) yap\u0131lan ve 19 Nisan 2022 [&hellip;]<\/p>\n","protected":false},"author":4,"featured_media":0,"comment_status":"closed","ping_status":"closed","sticky":false,"template":"","format":"standard","meta":{"_acf_changed":false,"_stopmodifiedupdate":false,"_modified_date":"","footnotes":""},"categories":[120],"tags":[90],"class_list":["post-28642","post","type-post","status-publish","format-standard","hentry","category-legal-alerts","tag-banking-finance-tr"],"acf":[],"yoast_head":"<!-- This site is optimized with the Yoast SEO plugin v24.0 - https:\/\/yoast.com\/wordpress\/plugins\/seo\/ -->\n<title>Menkul Sat\u0131\u015flar\u0131nda D\u00f6vizle \u00d6deme M\u00fcmk\u00fcn Hale Geldi<\/title>\n<meta name=\"description\" content=\"Yeni Geli\u015fme T\u00fcrk Paras\u0131 K\u0131ymetini Koruma Hakk\u0131nda 32 Say\u0131l\u0131 Karara \u0130li\u015fkin 2008-32\/34 No&#039;lu Tebli\u011f&#039;de (&quot;Tebli\u011f&quot;) yap\u0131lan ve 19 Nisan 2022 tarihli Resmi\" \/>\n<meta name=\"robots\" content=\"index, follow, max-snippet:-1, max-image-preview:large, max-video-preview:-1\" \/>\n<link rel=\"canonical\" href=\"https:\/\/www.esin.av.tr\/tr\/2025\/03\/06\/menkul-satislarinda-dovizle-odeme-mumkun-hale-geldi\/\" \/>\n<meta property=\"og:locale\" content=\"tr_TR\" \/>\n<meta property=\"og:type\" content=\"article\" \/>\n<meta property=\"og:title\" content=\"Menkul Sat\u0131\u015flar\u0131nda D\u00f6vizle \u00d6deme M\u00fcmk\u00fcn Hale Geldi\" \/>\n<meta property=\"og:description\" content=\"Yeni Geli\u015fme T\u00fcrk Paras\u0131 K\u0131ymetini Koruma Hakk\u0131nda 32 Say\u0131l\u0131 Karara \u0130li\u015fkin 2008-32\/34 No&#039;lu Tebli\u011f&#039;de (&quot;Tebli\u011f&quot;) yap\u0131lan ve 19 Nisan 2022 tarihli Resmi\" \/>\n<meta property=\"og:url\" content=\"https:\/\/www.esin.av.tr\/tr\/2025\/03\/06\/menkul-satislarinda-dovizle-odeme-mumkun-hale-geldi\/\" \/>\n<meta property=\"og:site_name\" content=\"Esin Avukatl\u0131k Ortakl\u0131\u011f\u0131\" \/>\n<meta property=\"article:published_time\" content=\"2025-03-06T08:08:39+00:00\" \/>\n<meta name=\"author\" content=\"R\u0131dvan Konrat\" \/>\n<meta name=\"twitter:card\" content=\"summary_large_image\" \/>\n<meta name=\"twitter:label1\" content=\"Written by\" \/>\n\t<meta name=\"twitter:data1\" content=\"R\u0131dvan Konrat\" \/>\n\t<meta name=\"twitter:label2\" content=\"Est. reading time\" \/>\n\t<meta name=\"twitter:data2\" content=\"1 minute\" \/>\n<script type=\"application\/ld+json\" class=\"yoast-schema-graph\">{\"@context\":\"https:\/\/schema.org\",\"@graph\":[{\"@type\":\"Article\",\"@id\":\"https:\/\/www.esin.av.tr\/tr\/2025\/03\/06\/menkul-satislarinda-dovizle-odeme-mumkun-hale-geldi\/#article\",\"isPartOf\":{\"@id\":\"https:\/\/www.esin.av.tr\/tr\/2025\/03\/06\/menkul-satislarinda-dovizle-odeme-mumkun-hale-geldi\/\"},\"author\":{\"name\":\"R\u0131dvan Konrat\",\"@id\":\"https:\/\/www.esin.av.tr\/tr\/#\/schema\/person\/42c8e616aab56b8622fa365ad63282ae\"},\"headline\":\"Menkul Sat\u0131\u015flar\u0131nda D\u00f6vizle \u00d6deme M\u00fcmk\u00fcn Hale Geldi\",\"datePublished\":\"2025-03-06T08:08:39+00:00\",\"dateModified\":\"2025-03-06T08:08:39+00:00\",\"mainEntityOfPage\":{\"@id\":\"https:\/\/www.esin.av.tr\/tr\/2025\/03\/06\/menkul-satislarinda-dovizle-odeme-mumkun-hale-geldi\/\"},\"wordCount\":188,\"publisher\":{\"@id\":\"https:\/\/www.esin.av.tr\/tr\/#organization\"},\"keywords\":[\"Bankac\u0131l\u0131k ve Finans\"],\"articleSection\":[\"Hukuk B\u00fcltenleri\"],\"inLanguage\":\"tr\"},{\"@type\":\"WebPage\",\"@id\":\"https:\/\/www.esin.av.tr\/tr\/2025\/03\/06\/menkul-satislarinda-dovizle-odeme-mumkun-hale-geldi\/\",\"url\":\"https:\/\/www.esin.av.tr\/tr\/2025\/03\/06\/menkul-satislarinda-dovizle-odeme-mumkun-hale-geldi\/\",\"name\":\"Menkul Sat\u0131\u015flar\u0131nda D\u00f6vizle \u00d6deme M\u00fcmk\u00fcn Hale Geldi\",\"isPartOf\":{\"@id\":\"https:\/\/www.esin.av.tr\/tr\/#website\"},\"datePublished\":\"2025-03-06T08:08:39+00:00\",\"dateModified\":\"2025-03-06T08:08:39+00:00\",\"description\":\"Yeni Geli\u015fme T\u00fcrk Paras\u0131 K\u0131ymetini Koruma Hakk\u0131nda 32 Say\u0131l\u0131 Karara \u0130li\u015fkin 2008-32\/34 No'lu Tebli\u011f'de (\\\"Tebli\u011f\\\") yap\u0131lan ve 19 Nisan 2022 tarihli Resmi\",\"breadcrumb\":{\"@id\":\"https:\/\/www.esin.av.tr\/tr\/2025\/03\/06\/menkul-satislarinda-dovizle-odeme-mumkun-hale-geldi\/#breadcrumb\"},\"inLanguage\":\"tr\",\"potentialAction\":[{\"@type\":\"ReadAction\",\"target\":[\"https:\/\/www.esin.av.tr\/tr\/2025\/03\/06\/menkul-satislarinda-dovizle-odeme-mumkun-hale-geldi\/\"]}]},{\"@type\":\"BreadcrumbList\",\"@id\":\"https:\/\/www.esin.av.tr\/tr\/2025\/03\/06\/menkul-satislarinda-dovizle-odeme-mumkun-hale-geldi\/#breadcrumb\",\"itemListElement\":[{\"@type\":\"ListItem\",\"position\":1,\"name\":\"Home\",\"item\":\"https:\/\/www.esin.av.tr\/tr\/\"},{\"@type\":\"ListItem\",\"position\":2,\"name\":\"Menkul Sat\u0131\u015flar\u0131nda D\u00f6vizle \u00d6deme M\u00fcmk\u00fcn Hale Geldi\"}]},{\"@type\":\"WebSite\",\"@id\":\"https:\/\/www.esin.av.tr\/tr\/#website\",\"url\":\"https:\/\/www.esin.av.tr\/tr\/\",\"name\":\"Esin Avukatl\u0131k Ortakl\u0131\u011f\u0131\",\"description\":\"\",\"publisher\":{\"@id\":\"https:\/\/www.esin.av.tr\/tr\/#organization\"},\"potentialAction\":[{\"@type\":\"SearchAction\",\"target\":{\"@type\":\"EntryPoint\",\"urlTemplate\":\"https:\/\/www.esin.av.tr\/tr\/?s={search_term_string}\"},\"query-input\":{\"@type\":\"PropertyValueSpecification\",\"valueRequired\":true,\"valueName\":\"search_term_string\"}}],\"inLanguage\":\"tr\"},{\"@type\":\"Organization\",\"@id\":\"https:\/\/www.esin.av.tr\/tr\/#organization\",\"name\":\"Esin Avukatl\u0131k Ortakl\u0131\u011f\u0131\",\"url\":\"https:\/\/www.esin.av.tr\/tr\/\",\"logo\":{\"@type\":\"ImageObject\",\"inLanguage\":\"tr\",\"@id\":\"https:\/\/www.esin.av.tr\/tr\/#\/schema\/logo\/image\/\",\"url\":\"https:\/\/www.esin.av.tr\/wp-content\/uploads\/2021\/09\/esin-2.jpg\",\"contentUrl\":\"https:\/\/www.esin.av.tr\/wp-content\/uploads\/2021\/09\/esin-2.jpg\",\"width\":800,\"height\":460,\"caption\":\"Esin Avukatl\u0131k Ortakl\u0131\u011f\u0131\"},\"image\":{\"@id\":\"https:\/\/www.esin.av.tr\/tr\/#\/schema\/logo\/image\/\"}},{\"@type\":\"Person\",\"@id\":\"https:\/\/www.esin.av.tr\/tr\/#\/schema\/person\/42c8e616aab56b8622fa365ad63282ae\",\"name\":\"R\u0131dvan Konrat\",\"image\":{\"@type\":\"ImageObject\",\"inLanguage\":\"tr\",\"@id\":\"https:\/\/www.esin.av.tr\/tr\/#\/schema\/person\/image\/\",\"url\":\"https:\/\/secure.gravatar.com\/avatar\/b20c6c583be38ed4e76e32f69fccc676?s=96&d=mm&r=g\",\"contentUrl\":\"https:\/\/secure.gravatar.com\/avatar\/b20c6c583be38ed4e76e32f69fccc676?s=96&d=mm&r=g\",\"caption\":\"R\u0131dvan Konrat\"},\"sameAs\":[\"http:\/\/www.esin.av.tr\"],\"url\":\"https:\/\/www.esin.av.tr\/tr\/author\/rkonrat\/\"}]}<\/script>\n<!-- \/ Yoast SEO plugin. -->","yoast_head_json":{"title":"Menkul Sat\u0131\u015flar\u0131nda D\u00f6vizle \u00d6deme M\u00fcmk\u00fcn Hale Geldi","description":"Yeni Geli\u015fme T\u00fcrk Paras\u0131 K\u0131ymetini Koruma Hakk\u0131nda 32 Say\u0131l\u0131 Karara \u0130li\u015fkin 2008-32\/34 No'lu Tebli\u011f'de (\"Tebli\u011f\") yap\u0131lan ve 19 Nisan 2022 tarihli Resmi","robots":{"index":"index","follow":"follow","max-snippet":"max-snippet:-1","max-image-preview":"max-image-preview:large","max-video-preview":"max-video-preview:-1"},"canonical":"https:\/\/www.esin.av.tr\/tr\/2025\/03\/06\/menkul-satislarinda-dovizle-odeme-mumkun-hale-geldi\/","og_locale":"tr_TR","og_type":"article","og_title":"Menkul Sat\u0131\u015flar\u0131nda D\u00f6vizle \u00d6deme M\u00fcmk\u00fcn Hale Geldi","og_description":"Yeni Geli\u015fme T\u00fcrk Paras\u0131 K\u0131ymetini Koruma Hakk\u0131nda 32 Say\u0131l\u0131 Karara \u0130li\u015fkin 2008-32\/34 No'lu Tebli\u011f'de (\"Tebli\u011f\") yap\u0131lan ve 19 Nisan 2022 tarihli Resmi","og_url":"https:\/\/www.esin.av.tr\/tr\/2025\/03\/06\/menkul-satislarinda-dovizle-odeme-mumkun-hale-geldi\/","og_site_name":"Esin Avukatl\u0131k Ortakl\u0131\u011f\u0131","article_published_time":"2025-03-06T08:08:39+00:00","author":"R\u0131dvan Konrat","twitter_card":"summary_large_image","twitter_misc":{"Written by":"R\u0131dvan Konrat","Est. reading time":"1 minute"},"schema":{"@context":"https:\/\/schema.org","@graph":[{"@type":"Article","@id":"https:\/\/www.esin.av.tr\/tr\/2025\/03\/06\/menkul-satislarinda-dovizle-odeme-mumkun-hale-geldi\/#article","isPartOf":{"@id":"https:\/\/www.esin.av.tr\/tr\/2025\/03\/06\/menkul-satislarinda-dovizle-odeme-mumkun-hale-geldi\/"},"author":{"name":"R\u0131dvan Konrat","@id":"https:\/\/www.esin.av.tr\/tr\/#\/schema\/person\/42c8e616aab56b8622fa365ad63282ae"},"headline":"Menkul Sat\u0131\u015flar\u0131nda D\u00f6vizle \u00d6deme M\u00fcmk\u00fcn Hale Geldi","datePublished":"2025-03-06T08:08:39+00:00","dateModified":"2025-03-06T08:08:39+00:00","mainEntityOfPage":{"@id":"https:\/\/www.esin.av.tr\/tr\/2025\/03\/06\/menkul-satislarinda-dovizle-odeme-mumkun-hale-geldi\/"},"wordCount":188,"publisher":{"@id":"https:\/\/www.esin.av.tr\/tr\/#organization"},"keywords":["Bankac\u0131l\u0131k ve Finans"],"articleSection":["Hukuk B\u00fcltenleri"],"inLanguage":"tr"},{"@type":"WebPage","@id":"https:\/\/www.esin.av.tr\/tr\/2025\/03\/06\/menkul-satislarinda-dovizle-odeme-mumkun-hale-geldi\/","url":"https:\/\/www.esin.av.tr\/tr\/2025\/03\/06\/menkul-satislarinda-dovizle-odeme-mumkun-hale-geldi\/","name":"Menkul Sat\u0131\u015flar\u0131nda D\u00f6vizle \u00d6deme M\u00fcmk\u00fcn Hale Geldi","isPartOf":{"@id":"https:\/\/www.esin.av.tr\/tr\/#website"},"datePublished":"2025-03-06T08:08:39+00:00","dateModified":"2025-03-06T08:08:39+00:00","description":"Yeni Geli\u015fme T\u00fcrk Paras\u0131 K\u0131ymetini Koruma Hakk\u0131nda 32 Say\u0131l\u0131 Karara \u0130li\u015fkin 2008-32\/34 No'lu Tebli\u011f'de (\"Tebli\u011f\") yap\u0131lan ve 19 Nisan 2022 tarihli Resmi","breadcrumb":{"@id":"https:\/\/www.esin.av.tr\/tr\/2025\/03\/06\/menkul-satislarinda-dovizle-odeme-mumkun-hale-geldi\/#breadcrumb"},"inLanguage":"tr","potentialAction":[{"@type":"ReadAction","target":["https:\/\/www.esin.av.tr\/tr\/2025\/03\/06\/menkul-satislarinda-dovizle-odeme-mumkun-hale-geldi\/"]}]},{"@type":"BreadcrumbList","@id":"https:\/\/www.esin.av.tr\/tr\/2025\/03\/06\/menkul-satislarinda-dovizle-odeme-mumkun-hale-geldi\/#breadcrumb","itemListElement":[{"@type":"ListItem","position":1,"name":"Home","item":"https:\/\/www.esin.av.tr\/tr\/"},{"@type":"ListItem","position":2,"name":"Menkul Sat\u0131\u015flar\u0131nda D\u00f6vizle \u00d6deme M\u00fcmk\u00fcn Hale Geldi"}]},{"@type":"WebSite","@id":"https:\/\/www.esin.av.tr\/tr\/#website","url":"https:\/\/www.esin.av.tr\/tr\/","name":"Esin Avukatl\u0131k Ortakl\u0131\u011f\u0131","description":"","publisher":{"@id":"https:\/\/www.esin.av.tr\/tr\/#organization"},"potentialAction":[{"@type":"SearchAction","target":{"@type":"EntryPoint","urlTemplate":"https:\/\/www.esin.av.tr\/tr\/?s={search_term_string}"},"query-input":{"@type":"PropertyValueSpecification","valueRequired":true,"valueName":"search_term_string"}}],"inLanguage":"tr"},{"@type":"Organization","@id":"https:\/\/www.esin.av.tr\/tr\/#organization","name":"Esin Avukatl\u0131k Ortakl\u0131\u011f\u0131","url":"https:\/\/www.esin.av.tr\/tr\/","logo":{"@type":"ImageObject","inLanguage":"tr","@id":"https:\/\/www.esin.av.tr\/tr\/#\/schema\/logo\/image\/","url":"https:\/\/www.esin.av.tr\/wp-content\/uploads\/2021\/09\/esin-2.jpg","contentUrl":"https:\/\/www.esin.av.tr\/wp-content\/uploads\/2021\/09\/esin-2.jpg","width":800,"height":460,"caption":"Esin Avukatl\u0131k Ortakl\u0131\u011f\u0131"},"image":{"@id":"https:\/\/www.esin.av.tr\/tr\/#\/schema\/logo\/image\/"}},{"@type":"Person","@id":"https:\/\/www.esin.av.tr\/tr\/#\/schema\/person\/42c8e616aab56b8622fa365ad63282ae","name":"R\u0131dvan Konrat","image":{"@type":"ImageObject","inLanguage":"tr","@id":"https:\/\/www.esin.av.tr\/tr\/#\/schema\/person\/image\/","url":"https:\/\/secure.gravatar.com\/avatar\/b20c6c583be38ed4e76e32f69fccc676?s=96&d=mm&r=g","contentUrl":"https:\/\/secure.gravatar.com\/avatar\/b20c6c583be38ed4e76e32f69fccc676?s=96&d=mm&r=g","caption":"R\u0131dvan Konrat"},"sameAs":["http:\/\/www.esin.av.tr"],"url":"https:\/\/www.esin.av.tr\/tr\/author\/rkonrat\/"}]}},"_links":{"self":[{"href":"https:\/\/www.esin.av.tr\/tr\/wp-json\/wp\/v2\/posts\/28642","targetHints":{"allow":["GET"]}}],"collection":[{"href":"https:\/\/www.esin.av.tr\/tr\/wp-json\/wp\/v2\/posts"}],"about":[{"href":"https:\/\/www.esin.av.tr\/tr\/wp-json\/wp\/v2\/types\/post"}],"author":[{"embeddable":true,"href":"https:\/\/www.esin.av.tr\/tr\/wp-json\/wp\/v2\/users\/4"}],"replies":[{"embeddable":true,"href":"https:\/\/www.esin.av.tr\/tr\/wp-json\/wp\/v2\/comments?post=28642"}],"version-history":[{"count":1,"href":"https:\/\/www.esin.av.tr\/tr\/wp-json\/wp\/v2\/posts\/28642\/revisions"}],"predecessor-version":[{"id":28643,"href":"https:\/\/www.esin.av.tr\/tr\/wp-json\/wp\/v2\/posts\/28642\/revisions\/28643"}],"wp:attachment":[{"href":"https:\/\/www.esin.av.tr\/tr\/wp-json\/wp\/v2\/media?parent=28642"}],"wp:term":[{"taxonomy":"category","embeddable":true,"href":"https:\/\/www.esin.av.tr\/tr\/wp-json\/wp\/v2\/categories?post=28642"},{"taxonomy":"post_tag","embeddable":true,"href":"https:\/\/www.esin.av.tr\/tr\/wp-json\/wp\/v2\/tags?post=28642"}],"curies":[{"name":"wp","href":"https:\/\/api.w.org\/{rel}","templated":true}]}}