{"id":28539,"date":"2025-02-17T12:59:27","date_gmt":"2025-02-17T12:59:27","guid":{"rendered":"https:\/\/www.esin.av.tr\/?p=28539"},"modified":"2025-02-17T12:59:27","modified_gmt":"2025-02-17T12:59:27","slug":"isletmenin-muhasebesiyle-ilgili-olmayan-ticari-defterlerin-elektronik-ortamda-tutulmasi-icin-yeni-donem","status":"publish","type":"post","link":"https:\/\/www.esin.av.tr\/tr\/2025\/02\/17\/isletmenin-muhasebesiyle-ilgili-olmayan-ticari-defterlerin-elektronik-ortamda-tutulmasi-icin-yeni-donem\/","title":{"rendered":"\u0130\u015fletmenin Muhasebesiyle \u0130lgili Olmayan Ticari Defterlerin Elektronik Ortamda Tutulmas\u0131 i\u00e7in Yeni D\u00f6nem"},"content":{"rendered":"<p><strong>Yeni geli\u015fmeler<\/strong><\/p>\n<p>14 \u015eubat 2025 tarih ve 32813 say\u0131l\u0131 Resm\u00ee Gazete&#8217;de yay\u0131mlanan \u0130\u015fletmenin Muhasebesiyle \u0130lgili Olmayan Ticari Defterlerin Elektronik Ortamda Tutulmas\u0131 Hakk\u0131nda Tebli\u011f (<strong>&#8220;Tebli\u011f&#8221;<\/strong>) ile ticaret \u015firketlerinin i\u015fletmenin muhasebesiyle ilgili olmayan pay defteri, y\u00f6netim kurulu karar defteri, m\u00fcd\u00fcrler kurulu karar defteri ile genel kurul toplant\u0131 ve m\u00fczakere defterini (<strong>&#8220;Defterler&#8221;<\/strong>) elektronik ortamda tutmalar\u0131 zorunlu tutulmu\u015ftur. Tebli\u011f 1 Temmuz 2025 tarihinde y\u00fcr\u00fcrl\u00fc\u011fe girecektir.<\/p>\n<p><strong>Tebli\u011f uyar\u0131nca kimler hangi Defterleri elektronik ortamda tutmakla y\u00fck\u00fcml\u00fc?<\/strong><\/p>\n<p>Tebli\u011f uyar\u0131nca;<\/p>\n<ul>\n<li>1 Ocak 2026 tarihinden itibaren kurulu\u015fu ticaret siciline tescil edilen \u015firketler ve<\/li>\n<li>Bankalar, finansal kiralama \u015firketleri, faktoring \u015firketleri, t\u00fcketici finansman\u0131 ve kart hizmetleri \u015firketleri, varl\u0131k y\u00f6netim \u015firketleri, sigorta \u015firketleri, anonim \u015firket \u015feklinde kurulan holdingler, d\u00f6viz b\u00fcfesi i\u015fleten \u015firketler, umumi ma\u011fazac\u0131l\u0131kla u\u011fra\u015fan \u015firketler, tar\u0131m \u00fcr\u00fcnleri lisansl\u0131 depoculuk \u015firketleri, \u00fcr\u00fcn ihtisas borsas\u0131 \u015firketleri, ba\u011f\u0131ms\u0131z denetim \u015firketleri, g\u00f6zetim \u015firketleri, teknoloji geli\u015ftirme b\u00f6lgesi y\u00f6netici \u015firketleri, 28 Temmuz 1981 tarihli ve 2499 say\u0131l\u0131 Sermaye Piyasas\u0131 Kanununa tabi \u015firketler ile serbest b\u00f6lge kurucusu ve i\u015fleticisi \u015firketler<\/li>\n<\/ul>\n<p>Defterler&#8217;ini elektronik ortamda tutmakla y\u00fck\u00fcml\u00fc tutulmu\u015ftur.<\/p>\n<p>Yukar\u0131da belirtilenler haricinde di\u011fer \u015firketlerin de ihtiyari olarak Tebli\u011f kapsam\u0131ndaki Defterlerini elektronik ortamda tutmalar\u0131 m\u00fcmk\u00fcnd\u00fcr. Ancak bu durumda, Defterler\u2019in tamam\u0131n\u0131n elektronik ortamda tutulmas\u0131 gereklidir.<\/p>\n<p>Bu kapsamda Defterlerini elektronik ortamda tutmaya ba\u015flayan \u015firketler, s\u00f6z konusu defterlerini yeniden fiziki ortamda tutamayacaklard\u0131r.<\/p>\n<p><strong>Elektronik Defterler nas\u0131l olu\u015fturuluyor?<\/strong><\/p>\n<p>Kurulu\u015fundan itibaren Defterlerini elektronik ortamda tutacak \u015firketlerde Defterler, \u015firketin ticaret siciline tescili ile birlikte e\u015f zamanl\u0131 olarak Ticaret Bakanl\u0131\u011f\u0131 taraf\u0131ndan olu\u015fturulan Elektronik Defter Sistemi&#8217;nde (&#8220;<strong>Sistem<\/strong>&#8220;) olu\u015fturularak aktif hale getirilir.<\/p>\n<p>Fiziki olarak Defter tutmakta iken elektronik ortamda Defter tutma y\u00fck\u00fcml\u00fcl\u00fc\u011f\u00fc kapsam\u0131na giren \u015firketler ise, y\u00fck\u00fcml\u00fcl\u00fc\u011f\u00fcn do\u011fdu\u011fu tarihten (Tebli\u011f&#8217;in y\u00fcr\u00fcrl\u00fc\u011fe girece\u011fi 1 Temmuz 2025 tarihinden) itibaren en ge\u00e7 iki ay i\u00e7inde Tebli\u011f ekinde yer alan \u00f6rne\u011fe uygun d\u00fczenlenen bir kararla birlikte notere ba\u015fvurarak fiziki Defterlerin kapan\u0131\u015f onay\u0131n\u0131 yapt\u0131r\u0131r. Noter, kapan\u0131\u015f\u0131n elektronik deftere ge\u00e7i\u015f amac\u0131yla yap\u0131ld\u0131\u011f\u0131n\u0131 belirterek i\u015flemi fiziki deftere i\u015fler. Kullan\u0131c\u0131 bilgileri ve defter kapan\u0131\u015f bilgileri noter taraf\u0131ndan Sistem&#8217;e tan\u0131mlanarak Defterler aktif hale getirilir.<\/p>\n<p>Benzer \u015fekilde, Defterlerini ihtiyari olarak elektronik ortamda tutmak isteyen \u015firketler de Tebli\u011f ekinde yer alan \u00f6rne\u011fe uygun d\u00fczenlenen bir kararla, karar\u0131n al\u0131nd\u0131\u011f\u0131 hesap d\u00f6nemi i\u00e7inde notere ba\u015fvurarak fiziki Defterlerin kapan\u0131\u015f onay\u0131n\u0131 yapt\u0131r\u0131r. Yukar\u0131daki prosed\u00fcr ile paralel olarak fiziki Defterin kapan\u0131\u015f\u0131 ve elektronik Defter\u2019in Sistem \u00fczerinden aktif hale getirilmesi tamamlan\u0131r.<\/p>\n<p>Sistem kullan\u0131c\u0131lar\u0131n\u0131n yapt\u0131klar\u0131 i\u015flemlerin tespit ve tevsikinde, elektronik ortamda yer alan kay\u0131tlar esas al\u0131nmakla birlikte, bu i\u015flemlere dayanak fiziki karar tutanaklar\u0131 ile ilgili di\u011fer belgelerin muhafaza edilmesi zorunlu k\u0131l\u0131nm\u0131\u015ft\u0131r.<\/p>\n<p>Elektronik Defterler\u2019in Sistem \u00fczerinde aktif hale getirilmesi akabinde, her bir defter \u00f6zelinde ilgili Defter\u2019in elektronik ortamda tutulmas\u0131na ili\u015fkin usul ve esaslar Tebli\u011f&#8217;de d\u00fczenlenmi\u015ftir.<\/p>\n<p><strong>Sistem&#8217;de i\u015flem yapmaya kim yetkili?<\/strong><\/p>\n<p>Elektronik Defterler \u00fczerinde i\u015flem yapma yetkisi, \u015firket y\u00f6netim organ\u0131 veya y\u00f6netici ortaklar taraf\u0131ndan, bir veya daha fazla ki\u015fi olacak \u015fekilde belirlenen Sistem kullan\u0131c\u0131s\u0131na aittir. Sistem kullan\u0131c\u0131s\u0131n\u0131n y\u00f6netim kurulu \u00fcyesi olmayan \u00fc\u00e7\u00fcnc\u00fc ki\u015filer aras\u0131ndan da belirlenmesi m\u00fcmk\u00fcnd\u00fcr. Kullan\u0131c\u0131n\u0131n belirlenmesi, sistem kayd\u0131 ve de\u011fi\u015fikli\u011fine ili\u015fkin usul ve esaslar Tebli\u011f&#8217;de belirlenmi\u015ftir.<\/p>\n<p>Sistemde olu\u015fturulan Defterler\u2019e yap\u0131lan kay\u0131tlar\u0131n do\u011frulu\u011fu ile kay\u0131tlar aras\u0131nda olu\u015fabilecek farkl\u0131l\u0131klar\u0131n meydana getirebilece\u011fi zararlardan \u015firket y\u00f6netim organ\u0131 \u00fcyeleri ve y\u00f6neticileri sorumlu olacakt\u0131r. Bakanl\u0131k taraf\u0131ndan Sistem&#8217;in y\u00fcr\u00fct\u00fclmesi, Defterler&#8217;de yer alan kay\u0131tlar\u0131n i\u00e7erik ve ger\u00e7e\u011fe uygunluk denetimi anlam\u0131na gelmemektedir.<\/p>\n<p>\u015eirketlerin, Sistem kullan\u0131c\u0131s\u0131n\u0131n Sitem \u00fczerindeki i\u015flemlerini d\u00fczenli olarak kontrol etme ve yetkisiz i\u015flemleri \u00f6nlemek i\u00e7in gerekli tedbirleri almakla y\u00fck\u00fcml\u00fcl\u00fc\u011f\u00fc bulunmaktad\u0131r.<\/p>\n<p><strong>Sonu\u00e7<\/strong><\/p>\n<p>Tebli\u011f kapsam\u0131nda \u015firketlerin, \u00f6ncelikle Defterler&#8217;ini elektronik ortamda tutma y\u00fck\u00fcml\u00fcl\u00fc\u011f\u00fcne tabi olup olmad\u0131klar\u0131n\u0131 tespit etmeleri gerekmektedir. Kapsama giren \u015firketlerin, Tebli\u011f&#8217;de belirtilen s\u00fcre ve esaslara uygun olarak gerekli haz\u0131rl\u0131klar\u0131 Tebli\u011f&#8217;in y\u00fcr\u00fcrl\u00fc\u011fe girece\u011fi 1 Temmuz 2025 tarihinden itibaren en ge\u00e7 iki ay i\u00e7inde tamamlamas\u0131 ve gerekli tedbirleri almas\u0131 \u00f6nemlidir.<\/p>\n<p>1 Ocak 2026 tarihinden sonra kurulu\u015f tescil ba\u015fvurusu yap\u0131lacak \u015firketlerde de Tebli\u011f d\u00fczenlemelerine dikkat edilerek planlama yap\u0131lmal\u0131d\u0131r.<\/p>\n<p>Defterler&#8217;in tutulmas\u0131 ile ilgili s\u00fcre\u00e7lerin ve entegrasyon i\u015flemlerinin \u00f6n\u00fcm\u00fczdeki d\u00f6nemde netlik kazanmas\u0131 beklenmektedir. \u00d6te yandan farkl\u0131 pay gruplar\u0131ndan olu\u015fan \u00e7ok ortakl\u0131 \u015firketlerde, y\u00f6netim kurulunun Defterler&#8217;in elektronik ortamda tutulmas\u0131na y\u00f6nelik olarak Sistem kullan\u0131c\u0131s\u0131n\u0131 nas\u0131l belirleyece\u011fi ve buna y\u00f6nelik \u015firket i\u00e7i politikalar\u0131n\u0131n hangi esaslar dahilinde olu\u015fturulaca\u011f\u0131 gibi hassas konular\u0131n nas\u0131l \u015fekillenece\u011fi devam eden s\u00fcre\u00e7te dikkatlice de\u011ferlendirilmelidir.<\/p>\n","protected":false},"excerpt":{"rendered":"<p>Yeni geli\u015fmeler 14 \u015eubat 2025 tarih ve 32813 say\u0131l\u0131 Resm\u00ee Gazete&#8217;de yay\u0131mlanan \u0130\u015fletmenin Muhasebesiyle \u0130lgili Olmayan Ticari Defterlerin Elektronik Ortamda [&hellip;]<\/p>\n","protected":false},"author":4,"featured_media":0,"comment_status":"closed","ping_status":"closed","sticky":false,"template":"","format":"standard","meta":{"_acf_changed":false,"_stopmodifiedupdate":false,"_modified_date":"","footnotes":""},"categories":[120],"tags":[103],"class_list":["post-28539","post","type-post","status-publish","format-standard","hentry","category-legal-alerts","tag-corporate-tr"],"acf":[],"yoast_head":"<!-- This site is optimized with the Yoast SEO plugin v24.0 - https:\/\/yoast.com\/wordpress\/plugins\/seo\/ -->\n<title>\u0130\u015fletmenin Muhasebesiyle \u0130lgili Olmayan Ticari Defterlerin Elektronik Ortamda Tutulmas\u0131 i\u00e7in Yeni D\u00f6nem<\/title>\n<meta name=\"description\" content=\"Yeni geli\u015fmeler 14 \u015eubat 2025 tarih ve 32813 say\u0131l\u0131 Resm\u00ee Gazete&#039;de yay\u0131mlanan \u0130\u015fletmenin Muhasebesiyle \u0130lgili Olmayan Ticari Defterlerin Elektronik\" \/>\n<meta name=\"robots\" content=\"index, follow, max-snippet:-1, max-image-preview:large, max-video-preview:-1\" \/>\n<link rel=\"canonical\" href=\"https:\/\/www.esin.av.tr\/tr\/2025\/02\/17\/isletmenin-muhasebesiyle-ilgili-olmayan-ticari-defterlerin-elektronik-ortamda-tutulmasi-icin-yeni-donem\/\" \/>\n<meta property=\"og:locale\" content=\"tr_TR\" \/>\n<meta property=\"og:type\" content=\"article\" \/>\n<meta property=\"og:title\" content=\"\u0130\u015fletmenin Muhasebesiyle \u0130lgili Olmayan Ticari Defterlerin Elektronik Ortamda Tutulmas\u0131 i\u00e7in Yeni D\u00f6nem\" \/>\n<meta property=\"og:description\" content=\"Yeni geli\u015fmeler 14 \u015eubat 2025 tarih ve 32813 say\u0131l\u0131 Resm\u00ee Gazete&#039;de yay\u0131mlanan \u0130\u015fletmenin Muhasebesiyle \u0130lgili Olmayan Ticari Defterlerin Elektronik\" \/>\n<meta property=\"og:url\" content=\"https:\/\/www.esin.av.tr\/tr\/2025\/02\/17\/isletmenin-muhasebesiyle-ilgili-olmayan-ticari-defterlerin-elektronik-ortamda-tutulmasi-icin-yeni-donem\/\" \/>\n<meta property=\"og:site_name\" content=\"Esin Avukatl\u0131k Ortakl\u0131\u011f\u0131\" \/>\n<meta property=\"article:published_time\" content=\"2025-02-17T12:59:27+00:00\" \/>\n<meta name=\"author\" content=\"R\u0131dvan Konrat\" \/>\n<meta name=\"twitter:card\" content=\"summary_large_image\" \/>\n<meta name=\"twitter:label1\" content=\"Written by\" \/>\n\t<meta name=\"twitter:data1\" content=\"R\u0131dvan Konrat\" \/>\n\t<meta name=\"twitter:label2\" content=\"Est. reading time\" \/>\n\t<meta name=\"twitter:data2\" content=\"4 minutes\" \/>\n<script type=\"application\/ld+json\" class=\"yoast-schema-graph\">{\"@context\":\"https:\/\/schema.org\",\"@graph\":[{\"@type\":\"Article\",\"@id\":\"https:\/\/www.esin.av.tr\/tr\/2025\/02\/17\/isletmenin-muhasebesiyle-ilgili-olmayan-ticari-defterlerin-elektronik-ortamda-tutulmasi-icin-yeni-donem\/#article\",\"isPartOf\":{\"@id\":\"https:\/\/www.esin.av.tr\/tr\/2025\/02\/17\/isletmenin-muhasebesiyle-ilgili-olmayan-ticari-defterlerin-elektronik-ortamda-tutulmasi-icin-yeni-donem\/\"},\"author\":{\"name\":\"R\u0131dvan Konrat\",\"@id\":\"https:\/\/www.esin.av.tr\/tr\/#\/schema\/person\/42c8e616aab56b8622fa365ad63282ae\"},\"headline\":\"\u0130\u015fletmenin Muhasebesiyle \u0130lgili Olmayan Ticari Defterlerin Elektronik Ortamda Tutulmas\u0131 i\u00e7in Yeni D\u00f6nem\",\"datePublished\":\"2025-02-17T12:59:27+00:00\",\"dateModified\":\"2025-02-17T12:59:27+00:00\",\"mainEntityOfPage\":{\"@id\":\"https:\/\/www.esin.av.tr\/tr\/2025\/02\/17\/isletmenin-muhasebesiyle-ilgili-olmayan-ticari-defterlerin-elektronik-ortamda-tutulmasi-icin-yeni-donem\/\"},\"wordCount\":887,\"publisher\":{\"@id\":\"https:\/\/www.esin.av.tr\/tr\/#organization\"},\"keywords\":[\"\u015eirketler Hukuku ve Kurumsal Y\u00f6netim\"],\"articleSection\":[\"Hukuk B\u00fcltenleri\"],\"inLanguage\":\"tr\"},{\"@type\":\"WebPage\",\"@id\":\"https:\/\/www.esin.av.tr\/tr\/2025\/02\/17\/isletmenin-muhasebesiyle-ilgili-olmayan-ticari-defterlerin-elektronik-ortamda-tutulmasi-icin-yeni-donem\/\",\"url\":\"https:\/\/www.esin.av.tr\/tr\/2025\/02\/17\/isletmenin-muhasebesiyle-ilgili-olmayan-ticari-defterlerin-elektronik-ortamda-tutulmasi-icin-yeni-donem\/\",\"name\":\"\u0130\u015fletmenin Muhasebesiyle \u0130lgili Olmayan Ticari Defterlerin Elektronik Ortamda Tutulmas\u0131 i\u00e7in Yeni D\u00f6nem\",\"isPartOf\":{\"@id\":\"https:\/\/www.esin.av.tr\/tr\/#website\"},\"datePublished\":\"2025-02-17T12:59:27+00:00\",\"dateModified\":\"2025-02-17T12:59:27+00:00\",\"description\":\"Yeni geli\u015fmeler 14 \u015eubat 2025 tarih ve 32813 say\u0131l\u0131 Resm\u00ee Gazete'de yay\u0131mlanan \u0130\u015fletmenin Muhasebesiyle \u0130lgili Olmayan Ticari Defterlerin Elektronik\",\"breadcrumb\":{\"@id\":\"https:\/\/www.esin.av.tr\/tr\/2025\/02\/17\/isletmenin-muhasebesiyle-ilgili-olmayan-ticari-defterlerin-elektronik-ortamda-tutulmasi-icin-yeni-donem\/#breadcrumb\"},\"inLanguage\":\"tr\",\"potentialAction\":[{\"@type\":\"ReadAction\",\"target\":[\"https:\/\/www.esin.av.tr\/tr\/2025\/02\/17\/isletmenin-muhasebesiyle-ilgili-olmayan-ticari-defterlerin-elektronik-ortamda-tutulmasi-icin-yeni-donem\/\"]}]},{\"@type\":\"BreadcrumbList\",\"@id\":\"https:\/\/www.esin.av.tr\/tr\/2025\/02\/17\/isletmenin-muhasebesiyle-ilgili-olmayan-ticari-defterlerin-elektronik-ortamda-tutulmasi-icin-yeni-donem\/#breadcrumb\",\"itemListElement\":[{\"@type\":\"ListItem\",\"position\":1,\"name\":\"Home\",\"item\":\"https:\/\/www.esin.av.tr\/tr\/\"},{\"@type\":\"ListItem\",\"position\":2,\"name\":\"\u0130\u015fletmenin Muhasebesiyle \u0130lgili Olmayan Ticari Defterlerin Elektronik Ortamda Tutulmas\u0131 i\u00e7in Yeni D\u00f6nem\"}]},{\"@type\":\"WebSite\",\"@id\":\"https:\/\/www.esin.av.tr\/tr\/#website\",\"url\":\"https:\/\/www.esin.av.tr\/tr\/\",\"name\":\"Esin Avukatl\u0131k Ortakl\u0131\u011f\u0131\",\"description\":\"\",\"publisher\":{\"@id\":\"https:\/\/www.esin.av.tr\/tr\/#organization\"},\"potentialAction\":[{\"@type\":\"SearchAction\",\"target\":{\"@type\":\"EntryPoint\",\"urlTemplate\":\"https:\/\/www.esin.av.tr\/tr\/?s={search_term_string}\"},\"query-input\":{\"@type\":\"PropertyValueSpecification\",\"valueRequired\":true,\"valueName\":\"search_term_string\"}}],\"inLanguage\":\"tr\"},{\"@type\":\"Organization\",\"@id\":\"https:\/\/www.esin.av.tr\/tr\/#organization\",\"name\":\"Esin Avukatl\u0131k Ortakl\u0131\u011f\u0131\",\"url\":\"https:\/\/www.esin.av.tr\/tr\/\",\"logo\":{\"@type\":\"ImageObject\",\"inLanguage\":\"tr\",\"@id\":\"https:\/\/www.esin.av.tr\/tr\/#\/schema\/logo\/image\/\",\"url\":\"https:\/\/www.esin.av.tr\/wp-content\/uploads\/2021\/09\/esin-2.jpg\",\"contentUrl\":\"https:\/\/www.esin.av.tr\/wp-content\/uploads\/2021\/09\/esin-2.jpg\",\"width\":800,\"height\":460,\"caption\":\"Esin Avukatl\u0131k Ortakl\u0131\u011f\u0131\"},\"image\":{\"@id\":\"https:\/\/www.esin.av.tr\/tr\/#\/schema\/logo\/image\/\"}},{\"@type\":\"Person\",\"@id\":\"https:\/\/www.esin.av.tr\/tr\/#\/schema\/person\/42c8e616aab56b8622fa365ad63282ae\",\"name\":\"R\u0131dvan Konrat\",\"image\":{\"@type\":\"ImageObject\",\"inLanguage\":\"tr\",\"@id\":\"https:\/\/www.esin.av.tr\/tr\/#\/schema\/person\/image\/\",\"url\":\"https:\/\/secure.gravatar.com\/avatar\/b20c6c583be38ed4e76e32f69fccc676?s=96&d=mm&r=g\",\"contentUrl\":\"https:\/\/secure.gravatar.com\/avatar\/b20c6c583be38ed4e76e32f69fccc676?s=96&d=mm&r=g\",\"caption\":\"R\u0131dvan Konrat\"},\"sameAs\":[\"http:\/\/www.esin.av.tr\"],\"url\":\"https:\/\/www.esin.av.tr\/tr\/author\/rkonrat\/\"}]}<\/script>\n<!-- \/ Yoast SEO plugin. -->","yoast_head_json":{"title":"\u0130\u015fletmenin Muhasebesiyle \u0130lgili Olmayan Ticari Defterlerin Elektronik Ortamda Tutulmas\u0131 i\u00e7in Yeni D\u00f6nem","description":"Yeni geli\u015fmeler 14 \u015eubat 2025 tarih ve 32813 say\u0131l\u0131 Resm\u00ee Gazete'de yay\u0131mlanan \u0130\u015fletmenin Muhasebesiyle \u0130lgili Olmayan Ticari Defterlerin Elektronik","robots":{"index":"index","follow":"follow","max-snippet":"max-snippet:-1","max-image-preview":"max-image-preview:large","max-video-preview":"max-video-preview:-1"},"canonical":"https:\/\/www.esin.av.tr\/tr\/2025\/02\/17\/isletmenin-muhasebesiyle-ilgili-olmayan-ticari-defterlerin-elektronik-ortamda-tutulmasi-icin-yeni-donem\/","og_locale":"tr_TR","og_type":"article","og_title":"\u0130\u015fletmenin Muhasebesiyle \u0130lgili Olmayan Ticari Defterlerin Elektronik Ortamda Tutulmas\u0131 i\u00e7in Yeni D\u00f6nem","og_description":"Yeni geli\u015fmeler 14 \u015eubat 2025 tarih ve 32813 say\u0131l\u0131 Resm\u00ee Gazete'de yay\u0131mlanan \u0130\u015fletmenin Muhasebesiyle \u0130lgili Olmayan Ticari Defterlerin Elektronik","og_url":"https:\/\/www.esin.av.tr\/tr\/2025\/02\/17\/isletmenin-muhasebesiyle-ilgili-olmayan-ticari-defterlerin-elektronik-ortamda-tutulmasi-icin-yeni-donem\/","og_site_name":"Esin Avukatl\u0131k Ortakl\u0131\u011f\u0131","article_published_time":"2025-02-17T12:59:27+00:00","author":"R\u0131dvan Konrat","twitter_card":"summary_large_image","twitter_misc":{"Written by":"R\u0131dvan Konrat","Est. reading time":"4 minutes"},"schema":{"@context":"https:\/\/schema.org","@graph":[{"@type":"Article","@id":"https:\/\/www.esin.av.tr\/tr\/2025\/02\/17\/isletmenin-muhasebesiyle-ilgili-olmayan-ticari-defterlerin-elektronik-ortamda-tutulmasi-icin-yeni-donem\/#article","isPartOf":{"@id":"https:\/\/www.esin.av.tr\/tr\/2025\/02\/17\/isletmenin-muhasebesiyle-ilgili-olmayan-ticari-defterlerin-elektronik-ortamda-tutulmasi-icin-yeni-donem\/"},"author":{"name":"R\u0131dvan Konrat","@id":"https:\/\/www.esin.av.tr\/tr\/#\/schema\/person\/42c8e616aab56b8622fa365ad63282ae"},"headline":"\u0130\u015fletmenin Muhasebesiyle \u0130lgili Olmayan Ticari Defterlerin Elektronik Ortamda Tutulmas\u0131 i\u00e7in Yeni D\u00f6nem","datePublished":"2025-02-17T12:59:27+00:00","dateModified":"2025-02-17T12:59:27+00:00","mainEntityOfPage":{"@id":"https:\/\/www.esin.av.tr\/tr\/2025\/02\/17\/isletmenin-muhasebesiyle-ilgili-olmayan-ticari-defterlerin-elektronik-ortamda-tutulmasi-icin-yeni-donem\/"},"wordCount":887,"publisher":{"@id":"https:\/\/www.esin.av.tr\/tr\/#organization"},"keywords":["\u015eirketler Hukuku ve Kurumsal Y\u00f6netim"],"articleSection":["Hukuk B\u00fcltenleri"],"inLanguage":"tr"},{"@type":"WebPage","@id":"https:\/\/www.esin.av.tr\/tr\/2025\/02\/17\/isletmenin-muhasebesiyle-ilgili-olmayan-ticari-defterlerin-elektronik-ortamda-tutulmasi-icin-yeni-donem\/","url":"https:\/\/www.esin.av.tr\/tr\/2025\/02\/17\/isletmenin-muhasebesiyle-ilgili-olmayan-ticari-defterlerin-elektronik-ortamda-tutulmasi-icin-yeni-donem\/","name":"\u0130\u015fletmenin Muhasebesiyle \u0130lgili Olmayan Ticari Defterlerin Elektronik Ortamda Tutulmas\u0131 i\u00e7in Yeni D\u00f6nem","isPartOf":{"@id":"https:\/\/www.esin.av.tr\/tr\/#website"},"datePublished":"2025-02-17T12:59:27+00:00","dateModified":"2025-02-17T12:59:27+00:00","description":"Yeni geli\u015fmeler 14 \u015eubat 2025 tarih ve 32813 say\u0131l\u0131 Resm\u00ee Gazete'de yay\u0131mlanan \u0130\u015fletmenin Muhasebesiyle \u0130lgili Olmayan Ticari Defterlerin Elektronik","breadcrumb":{"@id":"https:\/\/www.esin.av.tr\/tr\/2025\/02\/17\/isletmenin-muhasebesiyle-ilgili-olmayan-ticari-defterlerin-elektronik-ortamda-tutulmasi-icin-yeni-donem\/#breadcrumb"},"inLanguage":"tr","potentialAction":[{"@type":"ReadAction","target":["https:\/\/www.esin.av.tr\/tr\/2025\/02\/17\/isletmenin-muhasebesiyle-ilgili-olmayan-ticari-defterlerin-elektronik-ortamda-tutulmasi-icin-yeni-donem\/"]}]},{"@type":"BreadcrumbList","@id":"https:\/\/www.esin.av.tr\/tr\/2025\/02\/17\/isletmenin-muhasebesiyle-ilgili-olmayan-ticari-defterlerin-elektronik-ortamda-tutulmasi-icin-yeni-donem\/#breadcrumb","itemListElement":[{"@type":"ListItem","position":1,"name":"Home","item":"https:\/\/www.esin.av.tr\/tr\/"},{"@type":"ListItem","position":2,"name":"\u0130\u015fletmenin Muhasebesiyle \u0130lgili Olmayan Ticari Defterlerin Elektronik Ortamda Tutulmas\u0131 i\u00e7in Yeni D\u00f6nem"}]},{"@type":"WebSite","@id":"https:\/\/www.esin.av.tr\/tr\/#website","url":"https:\/\/www.esin.av.tr\/tr\/","name":"Esin Avukatl\u0131k Ortakl\u0131\u011f\u0131","description":"","publisher":{"@id":"https:\/\/www.esin.av.tr\/tr\/#organization"},"potentialAction":[{"@type":"SearchAction","target":{"@type":"EntryPoint","urlTemplate":"https:\/\/www.esin.av.tr\/tr\/?s={search_term_string}"},"query-input":{"@type":"PropertyValueSpecification","valueRequired":true,"valueName":"search_term_string"}}],"inLanguage":"tr"},{"@type":"Organization","@id":"https:\/\/www.esin.av.tr\/tr\/#organization","name":"Esin Avukatl\u0131k Ortakl\u0131\u011f\u0131","url":"https:\/\/www.esin.av.tr\/tr\/","logo":{"@type":"ImageObject","inLanguage":"tr","@id":"https:\/\/www.esin.av.tr\/tr\/#\/schema\/logo\/image\/","url":"https:\/\/www.esin.av.tr\/wp-content\/uploads\/2021\/09\/esin-2.jpg","contentUrl":"https:\/\/www.esin.av.tr\/wp-content\/uploads\/2021\/09\/esin-2.jpg","width":800,"height":460,"caption":"Esin Avukatl\u0131k Ortakl\u0131\u011f\u0131"},"image":{"@id":"https:\/\/www.esin.av.tr\/tr\/#\/schema\/logo\/image\/"}},{"@type":"Person","@id":"https:\/\/www.esin.av.tr\/tr\/#\/schema\/person\/42c8e616aab56b8622fa365ad63282ae","name":"R\u0131dvan Konrat","image":{"@type":"ImageObject","inLanguage":"tr","@id":"https:\/\/www.esin.av.tr\/tr\/#\/schema\/person\/image\/","url":"https:\/\/secure.gravatar.com\/avatar\/b20c6c583be38ed4e76e32f69fccc676?s=96&d=mm&r=g","contentUrl":"https:\/\/secure.gravatar.com\/avatar\/b20c6c583be38ed4e76e32f69fccc676?s=96&d=mm&r=g","caption":"R\u0131dvan Konrat"},"sameAs":["http:\/\/www.esin.av.tr"],"url":"https:\/\/www.esin.av.tr\/tr\/author\/rkonrat\/"}]}},"_links":{"self":[{"href":"https:\/\/www.esin.av.tr\/tr\/wp-json\/wp\/v2\/posts\/28539","targetHints":{"allow":["GET"]}}],"collection":[{"href":"https:\/\/www.esin.av.tr\/tr\/wp-json\/wp\/v2\/posts"}],"about":[{"href":"https:\/\/www.esin.av.tr\/tr\/wp-json\/wp\/v2\/types\/post"}],"author":[{"embeddable":true,"href":"https:\/\/www.esin.av.tr\/tr\/wp-json\/wp\/v2\/users\/4"}],"replies":[{"embeddable":true,"href":"https:\/\/www.esin.av.tr\/tr\/wp-json\/wp\/v2\/comments?post=28539"}],"version-history":[{"count":1,"href":"https:\/\/www.esin.av.tr\/tr\/wp-json\/wp\/v2\/posts\/28539\/revisions"}],"predecessor-version":[{"id":28540,"href":"https:\/\/www.esin.av.tr\/tr\/wp-json\/wp\/v2\/posts\/28539\/revisions\/28540"}],"wp:attachment":[{"href":"https:\/\/www.esin.av.tr\/tr\/wp-json\/wp\/v2\/media?parent=28539"}],"wp:term":[{"taxonomy":"category","embeddable":true,"href":"https:\/\/www.esin.av.tr\/tr\/wp-json\/wp\/v2\/categories?post=28539"},{"taxonomy":"post_tag","embeddable":true,"href":"https:\/\/www.esin.av.tr\/tr\/wp-json\/wp\/v2\/tags?post=28539"}],"curies":[{"name":"wp","href":"https:\/\/api.w.org\/{rel}","templated":true}]}}