{"id":28499,"date":"2025-02-06T13:10:49","date_gmt":"2025-02-06T13:10:49","guid":{"rendered":"https:\/\/www.esin.av.tr\/?p=28499"},"modified":"2025-02-06T13:12:42","modified_gmt":"2025-02-06T13:12:42","slug":"anayasa-mahkemesi-istinaf-ve-temyize-iliskin-parasal-sinirlarin-uygulanmasinda-hukmun-verildigi-tarihteki-tutarin-esas-alinmasini-ongoren-kuralin-anayasaya-aykiri-olduguna-karar-verdi","status":"publish","type":"post","link":"https:\/\/www.esin.av.tr\/tr\/2025\/02\/06\/anayasa-mahkemesi-istinaf-ve-temyize-iliskin-parasal-sinirlarin-uygulanmasinda-hukmun-verildigi-tarihteki-tutarin-esas-alinmasini-ongoren-kuralin-anayasaya-aykiri-olduguna-karar-verdi\/","title":{"rendered":"Anayasa Mahkemesi \u0130stinaf ve Temyize \u0130li\u015fkin Parasal S\u0131n\u0131rlar\u0131n Uygulanmas\u0131nda H\u00fckm\u00fcn Verildi\u011fi Tarihteki Tutar\u0131n Esas Al\u0131nmas\u0131n\u0131 \u00d6ng\u00f6ren Kural\u0131n Anayasa&#8217;ya Ayk\u0131r\u0131 Oldu\u011funa Karar Verdi."},"content":{"rendered":"<p><strong>Yeni Geli\u015fme<\/strong><\/p>\n<p>Anayasa Mahkemesi, 2023\/182 E., 2024\/203K. say\u0131l\u0131 dosya kapsam\u0131nda verdi\u011fi 4 Aral\u0131k 2024 tarihli karar\u0131nda (&#8220;<strong>Karar<\/strong>&#8220;), h\u00fckm\u00fcn denetlenmesini talep etme hakk\u0131na getirilen s\u0131n\u0131rlaman\u0131n orant\u0131s\u0131z ve \u00f6l\u00e7\u00fcs\u00fcz oldu\u011fu gerek\u00e7esiyle, istinaf ve temyize ili\u015fkin parasal s\u0131n\u0131rlar\u0131n uygulanmas\u0131nda h\u00fckm\u00fcn verildi\u011fi tarihteki tutar\u0131n esas al\u0131nmas\u0131n\u0131 \u00f6ng\u00f6ren kural\u0131n Anayasa&#8217;ya ayk\u0131r\u0131 oldu\u011fu sonucuna varm\u0131\u015ft\u0131r. \u0130lgili d\u00fczenlemenin iptaline ili\u015fkin Karar, 30 Ocak 2025 tarihli Resmi Gazete&#8217;de yay\u0131mlanm\u0131\u015ft\u0131r.<\/p>\n<p><strong>\u0130ptal Konusu Ba\u015fvuru<\/strong><\/p>\n<p>6100 say\u0131l\u0131 Hukuk Muhakemeleri Kanunu&#8217;nun (&#8220;<strong>HMK<\/strong>&#8220;) Ek 1. Maddesi&#8217;nin (2) numaral\u0131 f\u0131kras\u0131nda yer alan d\u00fczenlemenin, hak arama h\u00fcrriyeti ve e\u015fitlik prensiplerine ayk\u0131r\u0131 oldu\u011fu gerek\u00e7esiyle Anayasa&#8217;ya ayk\u0131r\u0131l\u0131k iddias\u0131nda bulunulmu\u015ftur.<\/p>\n<p>\u0130ptali talep edilen d\u00fczenleme, hukuk mahkemelerinin kararlar\u0131na kar\u015f\u0131 istinaf ve temyiz kanun yoluna ba\u015fvurulabilmesi i\u00e7in getirilen parasal s\u0131n\u0131rlar\u0131 d\u00fczenlemektedir. Bu h\u00fck\u00fcmler uyar\u0131nca; istinaf ve temyiz s\u0131n\u0131r\u0131na ili\u015fkin parasal s\u0131n\u0131rlar\u0131n uygulanmas\u0131nda h\u00fckm\u00fcn verildi\u011fi tarihteki tutar esas al\u0131nacakt\u0131r.<\/p>\n<p>Anayasa Mahkemesi&#8217;ne yap\u0131lan ba\u015fvuruda; davan\u0131n a\u00e7\u0131ld\u0131\u011f\u0131 ve uyu\u015fmazl\u0131\u011f\u0131n karara ba\u011fland\u0131\u011f\u0131 tarihler aras\u0131nda her y\u0131l yeniden de\u011ferleme oran\u0131na g\u00f6re art\u0131r\u0131lan kanun yoluna ili\u015fkin parasal s\u0131n\u0131r\u0131n de\u011fi\u015febildi\u011fi, bu nedenle dava a\u00e7\u0131ld\u0131\u011f\u0131 tarihte temyiz yoluna ba\u015fvurulabilen bir uyu\u015fmazl\u0131kta, h\u00fckm\u00fcn verildi\u011fi tarih itibariyle parasal s\u0131n\u0131r\u0131n alt\u0131nda kal\u0131nmas\u0131 nedeniyle temyiz hakk\u0131n\u0131n ortadan kalkabildi\u011fi ve bu durumun mahkemeye eri\u015fim hakk\u0131, h\u00fckm\u00fcn denetlenmesini isteme hakk\u0131 ve hukuk devleti ilkeleriyle ba\u011fda\u015fmad\u0131\u011f\u0131 ileri s\u00fcr\u00fclm\u00fc\u015ft\u00fcr.<\/p>\n<p><strong>Karar Ne Diyor?<\/strong><\/p>\n<p>Anayasa Mahkemesi, Karar&#8217;da kanun yoluna ba\u015fvuru a\u00e7\u0131s\u0131ndan kural gere\u011fince kesinlik s\u0131n\u0131r\u0131 g\u00fcncellenirken dava konusu mal ya da alaca\u011f\u0131n de\u011ferinin g\u00fcncellenmemesi nedeniyle enflasyondan dolay\u0131 olu\u015fan k\u00fclfetin tamam\u0131n\u0131n davan\u0131n taraflar\u0131na y\u00fckletildi\u011fini tespit etmi\u015ftir. Karar&#8217;da h\u00fckm\u00fcn denetlenmesini talep etme hakk\u0131na getirilen s\u0131n\u0131rlaman\u0131n orant\u0131s\u0131z ve \u00f6l\u00e7\u00fcs\u00fcz oldu\u011fu sonucuna ula\u015f\u0131lm\u0131\u015ft\u0131r. Sonu\u00e7 olarak, Anayasa Mahkemesi, HMK&#8217;n\u0131n Ek 1. Maddesi&#8217;nin 2. f\u0131kras\u0131n\u0131n hukuk mahkemelerinin kararlar\u0131na kar\u015f\u0131 istinaf ve temyiz yoluna ba\u015fvuru a\u00e7\u0131s\u0131ndan parasal s\u0131n\u0131rlar\u0131n uygulanmas\u0131nda h\u00fckm\u00fcn verildi\u011fi tarihteki miktar\u0131n esas al\u0131naca\u011f\u0131n\u0131 d\u00fczenleyen ibarelerini iptal etmi\u015ftir.<\/p>\n<p>Karar&#8217;a <a href=\"https:\/\/bakerxchange.com\/collect\/click.aspx?u=TEtzMGEwYWJoUjNmYWNBbG1WL1NiNHVQTnIycGZ2Rk9zcU5lbTNGalVlWkdVd2NrUkVEbFJheG43YjJrMjdVODRFcUVIdVZRNjk3K3hLWld0RUc2Um56RDQ3NzY0S1hJb3A3SFIvR0hMcy9Va2lrQzNtL0dEUT09&amp;rh=ff00e085e4955372daa1bc13f547adbf44591273\">buradan<\/a> ula\u015fabilirsiniz.<\/p>\n<p><strong>Sonu\u00e7<\/strong><\/p>\n<p>Anayasa Mahkemesi; bu Karar ile Hukuk Muhakemeleri Kanunu&#8217;nun Ek 1. Maddesi&#8217;nin 2. f\u0131kras\u0131 kapsam\u0131nda ilgili ibarelerin iptaline karar vermi\u015ftir. B\u00f6ylece, hukuk mahkemeleri kararlar\u0131na kar\u015f\u0131 istinaf ve temyiz yoluna ba\u015fvuru a\u00e7\u0131s\u0131ndan parasal s\u0131n\u0131rlar\u0131n uygulanmas\u0131nda h\u00fckm\u00fcn verildi\u011fi tarihteki tutar\u0131n esas al\u0131naca\u011f\u0131na ili\u015fkin d\u00fczenleme iptal edilmi\u015ftir. \u0130ptal karar\u0131, Karar\u2019\u0131n Resmi Gazete\u2019de yay\u0131nland\u0131\u011f\u0131 tarihten (30 Ocak 2025) dokuz ay sonra, di\u011fer bir deyi\u015fle\u00a030 Ekim 2025\u00a0tarihinde y\u00fcr\u00fcrl\u00fc\u011fe girecektir.<\/p>\n","protected":false},"excerpt":{"rendered":"<p>&#8230;<\/p>\n","protected":false},"author":4,"featured_media":0,"comment_status":"closed","ping_status":"closed","sticky":false,"template":"","format":"standard","meta":{"_acf_changed":false,"_stopmodifiedupdate":false,"_modified_date":"","footnotes":""},"categories":[120],"tags":[96],"class_list":["post-28499","post","type-post","status-publish","format-standard","hentry","category-legal-alerts","tag-dispute-resolution-tr"],"acf":[],"yoast_head":"<!-- This site is optimized with the Yoast SEO plugin v24.0 - https:\/\/yoast.com\/wordpress\/plugins\/seo\/ -->\n<title>Anayasa Mahkemesi \u0130stinaf ve Temyize \u0130li\u015fkin Parasal S\u0131n\u0131rlar\u0131n Uygulanmas\u0131nda H\u00fckm\u00fcn Verildi\u011fi Tarihteki Tutar\u0131n Esas Al\u0131nmas\u0131n\u0131 \u00d6ng\u00f6ren Kural\u0131n Anayasa&#039;ya Ayk\u0131r\u0131 Oldu\u011funa Karar Verdi.<\/title>\n<meta name=\"description\" content=\"...\" \/>\n<meta name=\"robots\" content=\"index, follow, max-snippet:-1, max-image-preview:large, max-video-preview:-1\" \/>\n<link rel=\"canonical\" href=\"https:\/\/www.esin.av.tr\/tr\/2025\/02\/06\/anayasa-mahkemesi-istinaf-ve-temyize-iliskin-parasal-sinirlarin-uygulanmasinda-hukmun-verildigi-tarihteki-tutarin-esas-alinmasini-ongoren-kuralin-anayasaya-aykiri-olduguna-karar-verdi\/\" \/>\n<meta property=\"og:locale\" content=\"tr_TR\" \/>\n<meta property=\"og:type\" content=\"article\" \/>\n<meta property=\"og:title\" content=\"Anayasa Mahkemesi \u0130stinaf ve Temyize \u0130li\u015fkin Parasal S\u0131n\u0131rlar\u0131n Uygulanmas\u0131nda H\u00fckm\u00fcn Verildi\u011fi Tarihteki Tutar\u0131n Esas Al\u0131nmas\u0131n\u0131 \u00d6ng\u00f6ren Kural\u0131n Anayasa&#039;ya Ayk\u0131r\u0131 Oldu\u011funa Karar Verdi.\" \/>\n<meta property=\"og:description\" content=\"...\" \/>\n<meta property=\"og:url\" content=\"https:\/\/www.esin.av.tr\/tr\/2025\/02\/06\/anayasa-mahkemesi-istinaf-ve-temyize-iliskin-parasal-sinirlarin-uygulanmasinda-hukmun-verildigi-tarihteki-tutarin-esas-alinmasini-ongoren-kuralin-anayasaya-aykiri-olduguna-karar-verdi\/\" \/>\n<meta property=\"og:site_name\" content=\"Esin Avukatl\u0131k Ortakl\u0131\u011f\u0131\" \/>\n<meta property=\"article:published_time\" content=\"2025-02-06T13:10:49+00:00\" \/>\n<meta property=\"article:modified_time\" content=\"2025-02-06T13:12:42+00:00\" \/>\n<meta name=\"author\" content=\"R\u0131dvan Konrat\" \/>\n<meta name=\"twitter:card\" content=\"summary_large_image\" \/>\n<meta name=\"twitter:label1\" content=\"Written by\" \/>\n\t<meta name=\"twitter:data1\" content=\"R\u0131dvan Konrat\" \/>\n\t<meta name=\"twitter:label2\" content=\"Est. reading time\" \/>\n\t<meta name=\"twitter:data2\" content=\"3 minutes\" \/>\n<script type=\"application\/ld+json\" class=\"yoast-schema-graph\">{\"@context\":\"https:\/\/schema.org\",\"@graph\":[{\"@type\":\"Article\",\"@id\":\"https:\/\/www.esin.av.tr\/tr\/2025\/02\/06\/anayasa-mahkemesi-istinaf-ve-temyize-iliskin-parasal-sinirlarin-uygulanmasinda-hukmun-verildigi-tarihteki-tutarin-esas-alinmasini-ongoren-kuralin-anayasaya-aykiri-olduguna-karar-verdi\/#article\",\"isPartOf\":{\"@id\":\"https:\/\/www.esin.av.tr\/tr\/2025\/02\/06\/anayasa-mahkemesi-istinaf-ve-temyize-iliskin-parasal-sinirlarin-uygulanmasinda-hukmun-verildigi-tarihteki-tutarin-esas-alinmasini-ongoren-kuralin-anayasaya-aykiri-olduguna-karar-verdi\/\"},\"author\":{\"name\":\"R\u0131dvan Konrat\",\"@id\":\"https:\/\/www.esin.av.tr\/tr\/#\/schema\/person\/42c8e616aab56b8622fa365ad63282ae\"},\"headline\":\"Anayasa Mahkemesi \u0130stinaf ve Temyize \u0130li\u015fkin Parasal S\u0131n\u0131rlar\u0131n Uygulanmas\u0131nda H\u00fckm\u00fcn Verildi\u011fi Tarihteki Tutar\u0131n Esas Al\u0131nmas\u0131n\u0131 \u00d6ng\u00f6ren Kural\u0131n Anayasa&#8217;ya Ayk\u0131r\u0131 Oldu\u011funa Karar Verdi.\",\"datePublished\":\"2025-02-06T13:10:49+00:00\",\"dateModified\":\"2025-02-06T13:12:42+00:00\",\"mainEntityOfPage\":{\"@id\":\"https:\/\/www.esin.av.tr\/tr\/2025\/02\/06\/anayasa-mahkemesi-istinaf-ve-temyize-iliskin-parasal-sinirlarin-uygulanmasinda-hukmun-verildigi-tarihteki-tutarin-esas-alinmasini-ongoren-kuralin-anayasaya-aykiri-olduguna-karar-verdi\/\"},\"wordCount\":584,\"publisher\":{\"@id\":\"https:\/\/www.esin.av.tr\/tr\/#organization\"},\"keywords\":[\"Uyu\u015fmazl\u0131k \u00c7\u00f6z\u00fcm\u00fc\"],\"articleSection\":[\"Hukuk B\u00fcltenleri\"],\"inLanguage\":\"tr\"},{\"@type\":\"WebPage\",\"@id\":\"https:\/\/www.esin.av.tr\/tr\/2025\/02\/06\/anayasa-mahkemesi-istinaf-ve-temyize-iliskin-parasal-sinirlarin-uygulanmasinda-hukmun-verildigi-tarihteki-tutarin-esas-alinmasini-ongoren-kuralin-anayasaya-aykiri-olduguna-karar-verdi\/\",\"url\":\"https:\/\/www.esin.av.tr\/tr\/2025\/02\/06\/anayasa-mahkemesi-istinaf-ve-temyize-iliskin-parasal-sinirlarin-uygulanmasinda-hukmun-verildigi-tarihteki-tutarin-esas-alinmasini-ongoren-kuralin-anayasaya-aykiri-olduguna-karar-verdi\/\",\"name\":\"Anayasa Mahkemesi \u0130stinaf ve Temyize \u0130li\u015fkin Parasal S\u0131n\u0131rlar\u0131n Uygulanmas\u0131nda H\u00fckm\u00fcn Verildi\u011fi Tarihteki Tutar\u0131n Esas Al\u0131nmas\u0131n\u0131 \u00d6ng\u00f6ren Kural\u0131n Anayasa'ya Ayk\u0131r\u0131 Oldu\u011funa Karar Verdi.\",\"isPartOf\":{\"@id\":\"https:\/\/www.esin.av.tr\/tr\/#website\"},\"datePublished\":\"2025-02-06T13:10:49+00:00\",\"dateModified\":\"2025-02-06T13:12:42+00:00\",\"description\":\"...\",\"breadcrumb\":{\"@id\":\"https:\/\/www.esin.av.tr\/tr\/2025\/02\/06\/anayasa-mahkemesi-istinaf-ve-temyize-iliskin-parasal-sinirlarin-uygulanmasinda-hukmun-verildigi-tarihteki-tutarin-esas-alinmasini-ongoren-kuralin-anayasaya-aykiri-olduguna-karar-verdi\/#breadcrumb\"},\"inLanguage\":\"tr\",\"potentialAction\":[{\"@type\":\"ReadAction\",\"target\":[\"https:\/\/www.esin.av.tr\/tr\/2025\/02\/06\/anayasa-mahkemesi-istinaf-ve-temyize-iliskin-parasal-sinirlarin-uygulanmasinda-hukmun-verildigi-tarihteki-tutarin-esas-alinmasini-ongoren-kuralin-anayasaya-aykiri-olduguna-karar-verdi\/\"]}]},{\"@type\":\"BreadcrumbList\",\"@id\":\"https:\/\/www.esin.av.tr\/tr\/2025\/02\/06\/anayasa-mahkemesi-istinaf-ve-temyize-iliskin-parasal-sinirlarin-uygulanmasinda-hukmun-verildigi-tarihteki-tutarin-esas-alinmasini-ongoren-kuralin-anayasaya-aykiri-olduguna-karar-verdi\/#breadcrumb\",\"itemListElement\":[{\"@type\":\"ListItem\",\"position\":1,\"name\":\"Home\",\"item\":\"https:\/\/www.esin.av.tr\/tr\/\"},{\"@type\":\"ListItem\",\"position\":2,\"name\":\"Anayasa Mahkemesi \u0130stinaf ve Temyize \u0130li\u015fkin Parasal S\u0131n\u0131rlar\u0131n Uygulanmas\u0131nda H\u00fckm\u00fcn Verildi\u011fi Tarihteki Tutar\u0131n Esas Al\u0131nmas\u0131n\u0131 \u00d6ng\u00f6ren Kural\u0131n Anayasa&#8217;ya Ayk\u0131r\u0131 Oldu\u011funa Karar Verdi.\"}]},{\"@type\":\"WebSite\",\"@id\":\"https:\/\/www.esin.av.tr\/tr\/#website\",\"url\":\"https:\/\/www.esin.av.tr\/tr\/\",\"name\":\"Esin Avukatl\u0131k Ortakl\u0131\u011f\u0131\",\"description\":\"\",\"publisher\":{\"@id\":\"https:\/\/www.esin.av.tr\/tr\/#organization\"},\"potentialAction\":[{\"@type\":\"SearchAction\",\"target\":{\"@type\":\"EntryPoint\",\"urlTemplate\":\"https:\/\/www.esin.av.tr\/tr\/?s={search_term_string}\"},\"query-input\":{\"@type\":\"PropertyValueSpecification\",\"valueRequired\":true,\"valueName\":\"search_term_string\"}}],\"inLanguage\":\"tr\"},{\"@type\":\"Organization\",\"@id\":\"https:\/\/www.esin.av.tr\/tr\/#organization\",\"name\":\"Esin Avukatl\u0131k Ortakl\u0131\u011f\u0131\",\"url\":\"https:\/\/www.esin.av.tr\/tr\/\",\"logo\":{\"@type\":\"ImageObject\",\"inLanguage\":\"tr\",\"@id\":\"https:\/\/www.esin.av.tr\/tr\/#\/schema\/logo\/image\/\",\"url\":\"https:\/\/www.esin.av.tr\/wp-content\/uploads\/2021\/09\/esin-2.jpg\",\"contentUrl\":\"https:\/\/www.esin.av.tr\/wp-content\/uploads\/2021\/09\/esin-2.jpg\",\"width\":800,\"height\":460,\"caption\":\"Esin Avukatl\u0131k Ortakl\u0131\u011f\u0131\"},\"image\":{\"@id\":\"https:\/\/www.esin.av.tr\/tr\/#\/schema\/logo\/image\/\"}},{\"@type\":\"Person\",\"@id\":\"https:\/\/www.esin.av.tr\/tr\/#\/schema\/person\/42c8e616aab56b8622fa365ad63282ae\",\"name\":\"R\u0131dvan Konrat\",\"image\":{\"@type\":\"ImageObject\",\"inLanguage\":\"tr\",\"@id\":\"https:\/\/www.esin.av.tr\/tr\/#\/schema\/person\/image\/\",\"url\":\"https:\/\/secure.gravatar.com\/avatar\/b20c6c583be38ed4e76e32f69fccc676?s=96&d=mm&r=g\",\"contentUrl\":\"https:\/\/secure.gravatar.com\/avatar\/b20c6c583be38ed4e76e32f69fccc676?s=96&d=mm&r=g\",\"caption\":\"R\u0131dvan Konrat\"},\"sameAs\":[\"http:\/\/www.esin.av.tr\"],\"url\":\"https:\/\/www.esin.av.tr\/tr\/author\/rkonrat\/\"}]}<\/script>\n<!-- \/ Yoast SEO plugin. -->","yoast_head_json":{"title":"Anayasa Mahkemesi \u0130stinaf ve Temyize \u0130li\u015fkin Parasal S\u0131n\u0131rlar\u0131n Uygulanmas\u0131nda H\u00fckm\u00fcn Verildi\u011fi Tarihteki Tutar\u0131n Esas Al\u0131nmas\u0131n\u0131 \u00d6ng\u00f6ren Kural\u0131n Anayasa'ya Ayk\u0131r\u0131 Oldu\u011funa Karar Verdi.","description":"...","robots":{"index":"index","follow":"follow","max-snippet":"max-snippet:-1","max-image-preview":"max-image-preview:large","max-video-preview":"max-video-preview:-1"},"canonical":"https:\/\/www.esin.av.tr\/tr\/2025\/02\/06\/anayasa-mahkemesi-istinaf-ve-temyize-iliskin-parasal-sinirlarin-uygulanmasinda-hukmun-verildigi-tarihteki-tutarin-esas-alinmasini-ongoren-kuralin-anayasaya-aykiri-olduguna-karar-verdi\/","og_locale":"tr_TR","og_type":"article","og_title":"Anayasa Mahkemesi \u0130stinaf ve Temyize \u0130li\u015fkin Parasal S\u0131n\u0131rlar\u0131n Uygulanmas\u0131nda H\u00fckm\u00fcn Verildi\u011fi Tarihteki Tutar\u0131n Esas Al\u0131nmas\u0131n\u0131 \u00d6ng\u00f6ren Kural\u0131n Anayasa'ya Ayk\u0131r\u0131 Oldu\u011funa Karar Verdi.","og_description":"...","og_url":"https:\/\/www.esin.av.tr\/tr\/2025\/02\/06\/anayasa-mahkemesi-istinaf-ve-temyize-iliskin-parasal-sinirlarin-uygulanmasinda-hukmun-verildigi-tarihteki-tutarin-esas-alinmasini-ongoren-kuralin-anayasaya-aykiri-olduguna-karar-verdi\/","og_site_name":"Esin Avukatl\u0131k Ortakl\u0131\u011f\u0131","article_published_time":"2025-02-06T13:10:49+00:00","article_modified_time":"2025-02-06T13:12:42+00:00","author":"R\u0131dvan Konrat","twitter_card":"summary_large_image","twitter_misc":{"Written by":"R\u0131dvan Konrat","Est. reading time":"3 minutes"},"schema":{"@context":"https:\/\/schema.org","@graph":[{"@type":"Article","@id":"https:\/\/www.esin.av.tr\/tr\/2025\/02\/06\/anayasa-mahkemesi-istinaf-ve-temyize-iliskin-parasal-sinirlarin-uygulanmasinda-hukmun-verildigi-tarihteki-tutarin-esas-alinmasini-ongoren-kuralin-anayasaya-aykiri-olduguna-karar-verdi\/#article","isPartOf":{"@id":"https:\/\/www.esin.av.tr\/tr\/2025\/02\/06\/anayasa-mahkemesi-istinaf-ve-temyize-iliskin-parasal-sinirlarin-uygulanmasinda-hukmun-verildigi-tarihteki-tutarin-esas-alinmasini-ongoren-kuralin-anayasaya-aykiri-olduguna-karar-verdi\/"},"author":{"name":"R\u0131dvan Konrat","@id":"https:\/\/www.esin.av.tr\/tr\/#\/schema\/person\/42c8e616aab56b8622fa365ad63282ae"},"headline":"Anayasa Mahkemesi \u0130stinaf ve Temyize \u0130li\u015fkin Parasal S\u0131n\u0131rlar\u0131n Uygulanmas\u0131nda H\u00fckm\u00fcn Verildi\u011fi Tarihteki Tutar\u0131n Esas Al\u0131nmas\u0131n\u0131 \u00d6ng\u00f6ren Kural\u0131n Anayasa&#8217;ya Ayk\u0131r\u0131 Oldu\u011funa Karar Verdi.","datePublished":"2025-02-06T13:10:49+00:00","dateModified":"2025-02-06T13:12:42+00:00","mainEntityOfPage":{"@id":"https:\/\/www.esin.av.tr\/tr\/2025\/02\/06\/anayasa-mahkemesi-istinaf-ve-temyize-iliskin-parasal-sinirlarin-uygulanmasinda-hukmun-verildigi-tarihteki-tutarin-esas-alinmasini-ongoren-kuralin-anayasaya-aykiri-olduguna-karar-verdi\/"},"wordCount":584,"publisher":{"@id":"https:\/\/www.esin.av.tr\/tr\/#organization"},"keywords":["Uyu\u015fmazl\u0131k \u00c7\u00f6z\u00fcm\u00fc"],"articleSection":["Hukuk B\u00fcltenleri"],"inLanguage":"tr"},{"@type":"WebPage","@id":"https:\/\/www.esin.av.tr\/tr\/2025\/02\/06\/anayasa-mahkemesi-istinaf-ve-temyize-iliskin-parasal-sinirlarin-uygulanmasinda-hukmun-verildigi-tarihteki-tutarin-esas-alinmasini-ongoren-kuralin-anayasaya-aykiri-olduguna-karar-verdi\/","url":"https:\/\/www.esin.av.tr\/tr\/2025\/02\/06\/anayasa-mahkemesi-istinaf-ve-temyize-iliskin-parasal-sinirlarin-uygulanmasinda-hukmun-verildigi-tarihteki-tutarin-esas-alinmasini-ongoren-kuralin-anayasaya-aykiri-olduguna-karar-verdi\/","name":"Anayasa Mahkemesi \u0130stinaf ve Temyize \u0130li\u015fkin Parasal S\u0131n\u0131rlar\u0131n Uygulanmas\u0131nda H\u00fckm\u00fcn Verildi\u011fi Tarihteki Tutar\u0131n Esas Al\u0131nmas\u0131n\u0131 \u00d6ng\u00f6ren Kural\u0131n Anayasa'ya Ayk\u0131r\u0131 Oldu\u011funa Karar Verdi.","isPartOf":{"@id":"https:\/\/www.esin.av.tr\/tr\/#website"},"datePublished":"2025-02-06T13:10:49+00:00","dateModified":"2025-02-06T13:12:42+00:00","description":"...","breadcrumb":{"@id":"https:\/\/www.esin.av.tr\/tr\/2025\/02\/06\/anayasa-mahkemesi-istinaf-ve-temyize-iliskin-parasal-sinirlarin-uygulanmasinda-hukmun-verildigi-tarihteki-tutarin-esas-alinmasini-ongoren-kuralin-anayasaya-aykiri-olduguna-karar-verdi\/#breadcrumb"},"inLanguage":"tr","potentialAction":[{"@type":"ReadAction","target":["https:\/\/www.esin.av.tr\/tr\/2025\/02\/06\/anayasa-mahkemesi-istinaf-ve-temyize-iliskin-parasal-sinirlarin-uygulanmasinda-hukmun-verildigi-tarihteki-tutarin-esas-alinmasini-ongoren-kuralin-anayasaya-aykiri-olduguna-karar-verdi\/"]}]},{"@type":"BreadcrumbList","@id":"https:\/\/www.esin.av.tr\/tr\/2025\/02\/06\/anayasa-mahkemesi-istinaf-ve-temyize-iliskin-parasal-sinirlarin-uygulanmasinda-hukmun-verildigi-tarihteki-tutarin-esas-alinmasini-ongoren-kuralin-anayasaya-aykiri-olduguna-karar-verdi\/#breadcrumb","itemListElement":[{"@type":"ListItem","position":1,"name":"Home","item":"https:\/\/www.esin.av.tr\/tr\/"},{"@type":"ListItem","position":2,"name":"Anayasa Mahkemesi \u0130stinaf ve Temyize \u0130li\u015fkin Parasal S\u0131n\u0131rlar\u0131n Uygulanmas\u0131nda H\u00fckm\u00fcn Verildi\u011fi Tarihteki Tutar\u0131n Esas Al\u0131nmas\u0131n\u0131 \u00d6ng\u00f6ren Kural\u0131n Anayasa&#8217;ya Ayk\u0131r\u0131 Oldu\u011funa Karar Verdi."}]},{"@type":"WebSite","@id":"https:\/\/www.esin.av.tr\/tr\/#website","url":"https:\/\/www.esin.av.tr\/tr\/","name":"Esin Avukatl\u0131k Ortakl\u0131\u011f\u0131","description":"","publisher":{"@id":"https:\/\/www.esin.av.tr\/tr\/#organization"},"potentialAction":[{"@type":"SearchAction","target":{"@type":"EntryPoint","urlTemplate":"https:\/\/www.esin.av.tr\/tr\/?s={search_term_string}"},"query-input":{"@type":"PropertyValueSpecification","valueRequired":true,"valueName":"search_term_string"}}],"inLanguage":"tr"},{"@type":"Organization","@id":"https:\/\/www.esin.av.tr\/tr\/#organization","name":"Esin Avukatl\u0131k Ortakl\u0131\u011f\u0131","url":"https:\/\/www.esin.av.tr\/tr\/","logo":{"@type":"ImageObject","inLanguage":"tr","@id":"https:\/\/www.esin.av.tr\/tr\/#\/schema\/logo\/image\/","url":"https:\/\/www.esin.av.tr\/wp-content\/uploads\/2021\/09\/esin-2.jpg","contentUrl":"https:\/\/www.esin.av.tr\/wp-content\/uploads\/2021\/09\/esin-2.jpg","width":800,"height":460,"caption":"Esin Avukatl\u0131k Ortakl\u0131\u011f\u0131"},"image":{"@id":"https:\/\/www.esin.av.tr\/tr\/#\/schema\/logo\/image\/"}},{"@type":"Person","@id":"https:\/\/www.esin.av.tr\/tr\/#\/schema\/person\/42c8e616aab56b8622fa365ad63282ae","name":"R\u0131dvan Konrat","image":{"@type":"ImageObject","inLanguage":"tr","@id":"https:\/\/www.esin.av.tr\/tr\/#\/schema\/person\/image\/","url":"https:\/\/secure.gravatar.com\/avatar\/b20c6c583be38ed4e76e32f69fccc676?s=96&d=mm&r=g","contentUrl":"https:\/\/secure.gravatar.com\/avatar\/b20c6c583be38ed4e76e32f69fccc676?s=96&d=mm&r=g","caption":"R\u0131dvan Konrat"},"sameAs":["http:\/\/www.esin.av.tr"],"url":"https:\/\/www.esin.av.tr\/tr\/author\/rkonrat\/"}]}},"_links":{"self":[{"href":"https:\/\/www.esin.av.tr\/tr\/wp-json\/wp\/v2\/posts\/28499","targetHints":{"allow":["GET"]}}],"collection":[{"href":"https:\/\/www.esin.av.tr\/tr\/wp-json\/wp\/v2\/posts"}],"about":[{"href":"https:\/\/www.esin.av.tr\/tr\/wp-json\/wp\/v2\/types\/post"}],"author":[{"embeddable":true,"href":"https:\/\/www.esin.av.tr\/tr\/wp-json\/wp\/v2\/users\/4"}],"replies":[{"embeddable":true,"href":"https:\/\/www.esin.av.tr\/tr\/wp-json\/wp\/v2\/comments?post=28499"}],"version-history":[{"count":2,"href":"https:\/\/www.esin.av.tr\/tr\/wp-json\/wp\/v2\/posts\/28499\/revisions"}],"predecessor-version":[{"id":28501,"href":"https:\/\/www.esin.av.tr\/tr\/wp-json\/wp\/v2\/posts\/28499\/revisions\/28501"}],"wp:attachment":[{"href":"https:\/\/www.esin.av.tr\/tr\/wp-json\/wp\/v2\/media?parent=28499"}],"wp:term":[{"taxonomy":"category","embeddable":true,"href":"https:\/\/www.esin.av.tr\/tr\/wp-json\/wp\/v2\/categories?post=28499"},{"taxonomy":"post_tag","embeddable":true,"href":"https:\/\/www.esin.av.tr\/tr\/wp-json\/wp\/v2\/tags?post=28499"}],"curies":[{"name":"wp","href":"https:\/\/api.w.org\/{rel}","templated":true}]}}