{"id":28469,"date":"2025-01-22T07:20:17","date_gmt":"2025-01-22T07:20:17","guid":{"rendered":"https:\/\/www.esin.av.tr\/?p=28469"},"modified":"2025-01-22T07:20:17","modified_gmt":"2025-01-22T07:20:17","slug":"veri-ihlali-hukuki-ve-teknik-cerceveden-veri-ihlallerinin-degerlendirilmesi","status":"publish","type":"post","link":"https:\/\/www.esin.av.tr\/tr\/2025\/01\/22\/veri-ihlali-hukuki-ve-teknik-cerceveden-veri-ihlallerinin-degerlendirilmesi\/","title":{"rendered":"Veri \u0130hlali: Hukuki ve Teknik \u00c7er\u00e7eveden Veri \u0130hlallerinin De\u011ferlendirilmesi"},"content":{"rendered":"<p>Sizleri <strong>\u201cVeri \u0130hlali: Hukuki ve Teknik \u00c7er\u00e7eveden Veri \u0130hlallerinin De\u011ferlendirilmesi\u201d<\/strong><em><strong>\u00a0<\/strong><\/em>konulu\u00a0webinar\u0131m\u0131za davet ediyoruz!<\/p>\n<p>Bu webinarda:<\/p>\n<ul>\n<li>KVKK kapsam\u0131nda veri ihlali nedir, ihlal \u00f6ncesinde ve sonras\u0131nda dikkat edilmesi gereken hususlar nelerdir ve ihlal sonras\u0131 s\u00fcre\u00e7te bizleri neler beklemektedir?<\/li>\n<li>\u0130hlal \u00f6ncesinde ve sonras\u0131nda teknik \u00e7er\u00e7eveden dikkat edilmesi gereken hususlar ve al\u0131nmas\u0131 gereken aksiyonlar nelerdir?<\/li>\n<\/ul>\n<p>Ba\u015fta olmak \u00fczere veri ihlallerine ili\u015fkin pek \u00e7ok konuya de\u011finece\u011fiz.<\/p>\n<p>Webinar konumuz kapsam\u0131nda yukar\u0131daki ba\u015fl\u0131klar d\u0131\u015f\u0131nda ele almam\u0131z\u0131 istedi\u011finiz konular\u0131 ve\/veya konuyla ilgili merak ettiklerinizi <strong>&#8220;Kay\u0131t&#8221;<\/strong> a\u015famas\u0131nda link \u00fczerinden bizlere iletebilirsiniz.<\/p>\n<p><a href=\"https:\/\/bakermckenzie.zoom.us\/rec\/share\/vy5PsOeurgISoNNOKF3sWpC0_NiCcQC7Z-XGwkB1CgvNbFOKxp3njtQqfOrALPTZ.eIRf86dyOa_yRGMo\" target=\"_blank\" rel=\"noopener\">Webinar Recording Video<\/a><\/p>\n<p>passcode: Tp7%1!+7<\/p>\n","protected":false},"excerpt":{"rendered":"<p>Sizleri \u201cVeri \u0130hlali: Hukuki ve Teknik \u00c7er\u00e7eveden Veri \u0130hlallerinin De\u011ferlendirilmesi\u201d\u00a0konulu\u00a0webinar\u0131m\u0131za davet ediyoruz! Bu webinarda: KVKK kapsam\u0131nda veri ihlali nedir, ihlal [&hellip;]<\/p>\n","protected":false},"author":4,"featured_media":0,"comment_status":"closed","ping_status":"closed","sticky":false,"template":"","format":"standard","meta":{"_acf_changed":false,"_stopmodifiedupdate":false,"_modified_date":"","footnotes":""},"categories":[117],"tags":[],"class_list":["post-28469","post","type-post","status-publish","format-standard","hentry","category-webinar"],"acf":[],"yoast_head":"<!-- This site is optimized with the Yoast SEO plugin v24.0 - https:\/\/yoast.com\/wordpress\/plugins\/seo\/ -->\n<title>Veri \u0130hlali: Hukuki ve Teknik \u00c7er\u00e7eveden Veri \u0130hlallerinin De\u011ferlendirilmesi<\/title>\n<meta name=\"description\" content=\"Sizleri \u201cVeri \u0130hlali: Hukuki ve Teknik \u00c7er\u00e7eveden Veri \u0130hlallerinin De\u011ferlendirilmesi\u201d\u00a0konulu\u00a0webinar\u0131m\u0131za davet ediyoruz! Bu webinarda: KVKK kapsam\u0131nda\" \/>\n<meta name=\"robots\" content=\"index, follow, max-snippet:-1, max-image-preview:large, max-video-preview:-1\" \/>\n<link rel=\"canonical\" href=\"https:\/\/www.esin.av.tr\/tr\/2025\/01\/22\/veri-ihlali-hukuki-ve-teknik-cerceveden-veri-ihlallerinin-degerlendirilmesi\/\" \/>\n<meta property=\"og:locale\" content=\"tr_TR\" \/>\n<meta property=\"og:type\" content=\"article\" \/>\n<meta property=\"og:title\" content=\"Veri \u0130hlali: Hukuki ve Teknik \u00c7er\u00e7eveden Veri \u0130hlallerinin De\u011ferlendirilmesi\" \/>\n<meta property=\"og:description\" content=\"Sizleri \u201cVeri \u0130hlali: Hukuki ve Teknik \u00c7er\u00e7eveden Veri \u0130hlallerinin De\u011ferlendirilmesi\u201d\u00a0konulu\u00a0webinar\u0131m\u0131za davet ediyoruz! Bu webinarda: KVKK kapsam\u0131nda\" \/>\n<meta property=\"og:url\" content=\"https:\/\/www.esin.av.tr\/tr\/2025\/01\/22\/veri-ihlali-hukuki-ve-teknik-cerceveden-veri-ihlallerinin-degerlendirilmesi\/\" \/>\n<meta property=\"og:site_name\" content=\"Esin Avukatl\u0131k Ortakl\u0131\u011f\u0131\" \/>\n<meta property=\"article:published_time\" content=\"2025-01-22T07:20:17+00:00\" \/>\n<meta name=\"author\" content=\"R\u0131dvan Konrat\" \/>\n<meta name=\"twitter:card\" content=\"summary_large_image\" \/>\n<meta name=\"twitter:label1\" content=\"Written by\" \/>\n\t<meta name=\"twitter:data1\" content=\"R\u0131dvan Konrat\" \/>\n\t<meta name=\"twitter:label2\" content=\"Est. reading time\" \/>\n\t<meta name=\"twitter:data2\" content=\"1 minute\" \/>\n<script type=\"application\/ld+json\" class=\"yoast-schema-graph\">{\"@context\":\"https:\/\/schema.org\",\"@graph\":[{\"@type\":\"Article\",\"@id\":\"https:\/\/www.esin.av.tr\/tr\/2025\/01\/22\/veri-ihlali-hukuki-ve-teknik-cerceveden-veri-ihlallerinin-degerlendirilmesi\/#article\",\"isPartOf\":{\"@id\":\"https:\/\/www.esin.av.tr\/tr\/2025\/01\/22\/veri-ihlali-hukuki-ve-teknik-cerceveden-veri-ihlallerinin-degerlendirilmesi\/\"},\"author\":{\"name\":\"R\u0131dvan Konrat\",\"@id\":\"https:\/\/www.esin.av.tr\/tr\/#\/schema\/person\/42c8e616aab56b8622fa365ad63282ae\"},\"headline\":\"Veri \u0130hlali: Hukuki ve Teknik \u00c7er\u00e7eveden Veri \u0130hlallerinin De\u011ferlendirilmesi\",\"datePublished\":\"2025-01-22T07:20:17+00:00\",\"dateModified\":\"2025-01-22T07:20:17+00:00\",\"mainEntityOfPage\":{\"@id\":\"https:\/\/www.esin.av.tr\/tr\/2025\/01\/22\/veri-ihlali-hukuki-ve-teknik-cerceveden-veri-ihlallerinin-degerlendirilmesi\/\"},\"wordCount\":125,\"publisher\":{\"@id\":\"https:\/\/www.esin.av.tr\/tr\/#organization\"},\"articleSection\":[\"Webinarlar\"],\"inLanguage\":\"tr\"},{\"@type\":\"WebPage\",\"@id\":\"https:\/\/www.esin.av.tr\/tr\/2025\/01\/22\/veri-ihlali-hukuki-ve-teknik-cerceveden-veri-ihlallerinin-degerlendirilmesi\/\",\"url\":\"https:\/\/www.esin.av.tr\/tr\/2025\/01\/22\/veri-ihlali-hukuki-ve-teknik-cerceveden-veri-ihlallerinin-degerlendirilmesi\/\",\"name\":\"Veri \u0130hlali: Hukuki ve Teknik \u00c7er\u00e7eveden Veri \u0130hlallerinin De\u011ferlendirilmesi\",\"isPartOf\":{\"@id\":\"https:\/\/www.esin.av.tr\/tr\/#website\"},\"datePublished\":\"2025-01-22T07:20:17+00:00\",\"dateModified\":\"2025-01-22T07:20:17+00:00\",\"description\":\"Sizleri \u201cVeri \u0130hlali: Hukuki ve Teknik \u00c7er\u00e7eveden Veri \u0130hlallerinin De\u011ferlendirilmesi\u201d\u00a0konulu\u00a0webinar\u0131m\u0131za davet ediyoruz! Bu webinarda: KVKK kapsam\u0131nda\",\"breadcrumb\":{\"@id\":\"https:\/\/www.esin.av.tr\/tr\/2025\/01\/22\/veri-ihlali-hukuki-ve-teknik-cerceveden-veri-ihlallerinin-degerlendirilmesi\/#breadcrumb\"},\"inLanguage\":\"tr\",\"potentialAction\":[{\"@type\":\"ReadAction\",\"target\":[\"https:\/\/www.esin.av.tr\/tr\/2025\/01\/22\/veri-ihlali-hukuki-ve-teknik-cerceveden-veri-ihlallerinin-degerlendirilmesi\/\"]}]},{\"@type\":\"BreadcrumbList\",\"@id\":\"https:\/\/www.esin.av.tr\/tr\/2025\/01\/22\/veri-ihlali-hukuki-ve-teknik-cerceveden-veri-ihlallerinin-degerlendirilmesi\/#breadcrumb\",\"itemListElement\":[{\"@type\":\"ListItem\",\"position\":1,\"name\":\"Home\",\"item\":\"https:\/\/www.esin.av.tr\/tr\/\"},{\"@type\":\"ListItem\",\"position\":2,\"name\":\"Veri \u0130hlali: Hukuki ve Teknik \u00c7er\u00e7eveden Veri \u0130hlallerinin De\u011ferlendirilmesi\"}]},{\"@type\":\"WebSite\",\"@id\":\"https:\/\/www.esin.av.tr\/tr\/#website\",\"url\":\"https:\/\/www.esin.av.tr\/tr\/\",\"name\":\"Esin Avukatl\u0131k Ortakl\u0131\u011f\u0131\",\"description\":\"\",\"publisher\":{\"@id\":\"https:\/\/www.esin.av.tr\/tr\/#organization\"},\"potentialAction\":[{\"@type\":\"SearchAction\",\"target\":{\"@type\":\"EntryPoint\",\"urlTemplate\":\"https:\/\/www.esin.av.tr\/tr\/?s={search_term_string}\"},\"query-input\":{\"@type\":\"PropertyValueSpecification\",\"valueRequired\":true,\"valueName\":\"search_term_string\"}}],\"inLanguage\":\"tr\"},{\"@type\":\"Organization\",\"@id\":\"https:\/\/www.esin.av.tr\/tr\/#organization\",\"name\":\"Esin Avukatl\u0131k Ortakl\u0131\u011f\u0131\",\"url\":\"https:\/\/www.esin.av.tr\/tr\/\",\"logo\":{\"@type\":\"ImageObject\",\"inLanguage\":\"tr\",\"@id\":\"https:\/\/www.esin.av.tr\/tr\/#\/schema\/logo\/image\/\",\"url\":\"https:\/\/www.esin.av.tr\/wp-content\/uploads\/2021\/09\/esin-2.jpg\",\"contentUrl\":\"https:\/\/www.esin.av.tr\/wp-content\/uploads\/2021\/09\/esin-2.jpg\",\"width\":800,\"height\":460,\"caption\":\"Esin Avukatl\u0131k Ortakl\u0131\u011f\u0131\"},\"image\":{\"@id\":\"https:\/\/www.esin.av.tr\/tr\/#\/schema\/logo\/image\/\"}},{\"@type\":\"Person\",\"@id\":\"https:\/\/www.esin.av.tr\/tr\/#\/schema\/person\/42c8e616aab56b8622fa365ad63282ae\",\"name\":\"R\u0131dvan Konrat\",\"image\":{\"@type\":\"ImageObject\",\"inLanguage\":\"tr\",\"@id\":\"https:\/\/www.esin.av.tr\/tr\/#\/schema\/person\/image\/\",\"url\":\"https:\/\/secure.gravatar.com\/avatar\/b20c6c583be38ed4e76e32f69fccc676?s=96&d=mm&r=g\",\"contentUrl\":\"https:\/\/secure.gravatar.com\/avatar\/b20c6c583be38ed4e76e32f69fccc676?s=96&d=mm&r=g\",\"caption\":\"R\u0131dvan Konrat\"},\"sameAs\":[\"http:\/\/www.esin.av.tr\"],\"url\":\"https:\/\/www.esin.av.tr\/tr\/author\/rkonrat\/\"}]}<\/script>\n<!-- \/ Yoast SEO plugin. -->","yoast_head_json":{"title":"Veri \u0130hlali: Hukuki ve Teknik \u00c7er\u00e7eveden Veri \u0130hlallerinin De\u011ferlendirilmesi","description":"Sizleri \u201cVeri \u0130hlali: Hukuki ve Teknik \u00c7er\u00e7eveden Veri \u0130hlallerinin De\u011ferlendirilmesi\u201d\u00a0konulu\u00a0webinar\u0131m\u0131za davet ediyoruz! Bu webinarda: KVKK kapsam\u0131nda","robots":{"index":"index","follow":"follow","max-snippet":"max-snippet:-1","max-image-preview":"max-image-preview:large","max-video-preview":"max-video-preview:-1"},"canonical":"https:\/\/www.esin.av.tr\/tr\/2025\/01\/22\/veri-ihlali-hukuki-ve-teknik-cerceveden-veri-ihlallerinin-degerlendirilmesi\/","og_locale":"tr_TR","og_type":"article","og_title":"Veri \u0130hlali: Hukuki ve Teknik \u00c7er\u00e7eveden Veri \u0130hlallerinin De\u011ferlendirilmesi","og_description":"Sizleri \u201cVeri \u0130hlali: Hukuki ve Teknik \u00c7er\u00e7eveden Veri \u0130hlallerinin De\u011ferlendirilmesi\u201d\u00a0konulu\u00a0webinar\u0131m\u0131za davet ediyoruz! Bu webinarda: KVKK kapsam\u0131nda","og_url":"https:\/\/www.esin.av.tr\/tr\/2025\/01\/22\/veri-ihlali-hukuki-ve-teknik-cerceveden-veri-ihlallerinin-degerlendirilmesi\/","og_site_name":"Esin Avukatl\u0131k Ortakl\u0131\u011f\u0131","article_published_time":"2025-01-22T07:20:17+00:00","author":"R\u0131dvan Konrat","twitter_card":"summary_large_image","twitter_misc":{"Written by":"R\u0131dvan Konrat","Est. reading time":"1 minute"},"schema":{"@context":"https:\/\/schema.org","@graph":[{"@type":"Article","@id":"https:\/\/www.esin.av.tr\/tr\/2025\/01\/22\/veri-ihlali-hukuki-ve-teknik-cerceveden-veri-ihlallerinin-degerlendirilmesi\/#article","isPartOf":{"@id":"https:\/\/www.esin.av.tr\/tr\/2025\/01\/22\/veri-ihlali-hukuki-ve-teknik-cerceveden-veri-ihlallerinin-degerlendirilmesi\/"},"author":{"name":"R\u0131dvan Konrat","@id":"https:\/\/www.esin.av.tr\/tr\/#\/schema\/person\/42c8e616aab56b8622fa365ad63282ae"},"headline":"Veri \u0130hlali: Hukuki ve Teknik \u00c7er\u00e7eveden Veri \u0130hlallerinin De\u011ferlendirilmesi","datePublished":"2025-01-22T07:20:17+00:00","dateModified":"2025-01-22T07:20:17+00:00","mainEntityOfPage":{"@id":"https:\/\/www.esin.av.tr\/tr\/2025\/01\/22\/veri-ihlali-hukuki-ve-teknik-cerceveden-veri-ihlallerinin-degerlendirilmesi\/"},"wordCount":125,"publisher":{"@id":"https:\/\/www.esin.av.tr\/tr\/#organization"},"articleSection":["Webinarlar"],"inLanguage":"tr"},{"@type":"WebPage","@id":"https:\/\/www.esin.av.tr\/tr\/2025\/01\/22\/veri-ihlali-hukuki-ve-teknik-cerceveden-veri-ihlallerinin-degerlendirilmesi\/","url":"https:\/\/www.esin.av.tr\/tr\/2025\/01\/22\/veri-ihlali-hukuki-ve-teknik-cerceveden-veri-ihlallerinin-degerlendirilmesi\/","name":"Veri \u0130hlali: Hukuki ve Teknik \u00c7er\u00e7eveden Veri \u0130hlallerinin De\u011ferlendirilmesi","isPartOf":{"@id":"https:\/\/www.esin.av.tr\/tr\/#website"},"datePublished":"2025-01-22T07:20:17+00:00","dateModified":"2025-01-22T07:20:17+00:00","description":"Sizleri \u201cVeri \u0130hlali: Hukuki ve Teknik \u00c7er\u00e7eveden Veri \u0130hlallerinin De\u011ferlendirilmesi\u201d\u00a0konulu\u00a0webinar\u0131m\u0131za davet ediyoruz! Bu webinarda: KVKK kapsam\u0131nda","breadcrumb":{"@id":"https:\/\/www.esin.av.tr\/tr\/2025\/01\/22\/veri-ihlali-hukuki-ve-teknik-cerceveden-veri-ihlallerinin-degerlendirilmesi\/#breadcrumb"},"inLanguage":"tr","potentialAction":[{"@type":"ReadAction","target":["https:\/\/www.esin.av.tr\/tr\/2025\/01\/22\/veri-ihlali-hukuki-ve-teknik-cerceveden-veri-ihlallerinin-degerlendirilmesi\/"]}]},{"@type":"BreadcrumbList","@id":"https:\/\/www.esin.av.tr\/tr\/2025\/01\/22\/veri-ihlali-hukuki-ve-teknik-cerceveden-veri-ihlallerinin-degerlendirilmesi\/#breadcrumb","itemListElement":[{"@type":"ListItem","position":1,"name":"Home","item":"https:\/\/www.esin.av.tr\/tr\/"},{"@type":"ListItem","position":2,"name":"Veri \u0130hlali: Hukuki ve Teknik \u00c7er\u00e7eveden Veri \u0130hlallerinin De\u011ferlendirilmesi"}]},{"@type":"WebSite","@id":"https:\/\/www.esin.av.tr\/tr\/#website","url":"https:\/\/www.esin.av.tr\/tr\/","name":"Esin Avukatl\u0131k Ortakl\u0131\u011f\u0131","description":"","publisher":{"@id":"https:\/\/www.esin.av.tr\/tr\/#organization"},"potentialAction":[{"@type":"SearchAction","target":{"@type":"EntryPoint","urlTemplate":"https:\/\/www.esin.av.tr\/tr\/?s={search_term_string}"},"query-input":{"@type":"PropertyValueSpecification","valueRequired":true,"valueName":"search_term_string"}}],"inLanguage":"tr"},{"@type":"Organization","@id":"https:\/\/www.esin.av.tr\/tr\/#organization","name":"Esin Avukatl\u0131k Ortakl\u0131\u011f\u0131","url":"https:\/\/www.esin.av.tr\/tr\/","logo":{"@type":"ImageObject","inLanguage":"tr","@id":"https:\/\/www.esin.av.tr\/tr\/#\/schema\/logo\/image\/","url":"https:\/\/www.esin.av.tr\/wp-content\/uploads\/2021\/09\/esin-2.jpg","contentUrl":"https:\/\/www.esin.av.tr\/wp-content\/uploads\/2021\/09\/esin-2.jpg","width":800,"height":460,"caption":"Esin Avukatl\u0131k Ortakl\u0131\u011f\u0131"},"image":{"@id":"https:\/\/www.esin.av.tr\/tr\/#\/schema\/logo\/image\/"}},{"@type":"Person","@id":"https:\/\/www.esin.av.tr\/tr\/#\/schema\/person\/42c8e616aab56b8622fa365ad63282ae","name":"R\u0131dvan Konrat","image":{"@type":"ImageObject","inLanguage":"tr","@id":"https:\/\/www.esin.av.tr\/tr\/#\/schema\/person\/image\/","url":"https:\/\/secure.gravatar.com\/avatar\/b20c6c583be38ed4e76e32f69fccc676?s=96&d=mm&r=g","contentUrl":"https:\/\/secure.gravatar.com\/avatar\/b20c6c583be38ed4e76e32f69fccc676?s=96&d=mm&r=g","caption":"R\u0131dvan Konrat"},"sameAs":["http:\/\/www.esin.av.tr"],"url":"https:\/\/www.esin.av.tr\/tr\/author\/rkonrat\/"}]}},"_links":{"self":[{"href":"https:\/\/www.esin.av.tr\/tr\/wp-json\/wp\/v2\/posts\/28469","targetHints":{"allow":["GET"]}}],"collection":[{"href":"https:\/\/www.esin.av.tr\/tr\/wp-json\/wp\/v2\/posts"}],"about":[{"href":"https:\/\/www.esin.av.tr\/tr\/wp-json\/wp\/v2\/types\/post"}],"author":[{"embeddable":true,"href":"https:\/\/www.esin.av.tr\/tr\/wp-json\/wp\/v2\/users\/4"}],"replies":[{"embeddable":true,"href":"https:\/\/www.esin.av.tr\/tr\/wp-json\/wp\/v2\/comments?post=28469"}],"version-history":[{"count":1,"href":"https:\/\/www.esin.av.tr\/tr\/wp-json\/wp\/v2\/posts\/28469\/revisions"}],"predecessor-version":[{"id":28470,"href":"https:\/\/www.esin.av.tr\/tr\/wp-json\/wp\/v2\/posts\/28469\/revisions\/28470"}],"wp:attachment":[{"href":"https:\/\/www.esin.av.tr\/tr\/wp-json\/wp\/v2\/media?parent=28469"}],"wp:term":[{"taxonomy":"category","embeddable":true,"href":"https:\/\/www.esin.av.tr\/tr\/wp-json\/wp\/v2\/categories?post=28469"},{"taxonomy":"post_tag","embeddable":true,"href":"https:\/\/www.esin.av.tr\/tr\/wp-json\/wp\/v2\/tags?post=28469"}],"curies":[{"name":"wp","href":"https:\/\/api.w.org\/{rel}","templated":true}]}}