{"id":28464,"date":"2025-01-20T10:04:58","date_gmt":"2025-01-20T10:04:58","guid":{"rendered":"https:\/\/www.esin.av.tr\/?p=28464"},"modified":"2025-01-20T10:04:58","modified_gmt":"2025-01-20T10:04:58","slug":"rekabet-hukukunda-yeni-donem-yeni-ceza-yonetmeligi","status":"publish","type":"post","link":"https:\/\/www.esin.av.tr\/tr\/2025\/01\/20\/rekabet-hukukunda-yeni-donem-yeni-ceza-yonetmeligi\/","title":{"rendered":"Rekabet Hukukunda Yeni D\u00f6nem: Yeni Ceza Y\u00f6netmeli\u011fi"},"content":{"rendered":"<p><strong>Sizleri \u201cRekabet Hukukunda Yeni D\u00f6nem: Yeni Ceza Y\u00f6netmeli\u011fi\u201d konulu webinar\u0131m\u0131za davet etmekten memnuniyet duyar\u0131z.<\/strong><\/p>\n<p>Yakla\u015f\u0131k 15 y\u0131l \u00f6nce y\u00fcr\u00fcrl\u00fc\u011fe giren Rekabeti S\u0131n\u0131rlay\u0131c\u0131 Anla\u015fma, Uyumlu Eylem ve Kararlar ile Hakim Durumun K\u00f6t\u00fcye Kullan\u0131lmas\u0131 Halinde Verilecek Para Cezalar\u0131na \u0130li\u015fkin Y\u00f6netmelik (\u201c<strong>Ceza Y\u00f6netmeli\u011fi<\/strong>\u201d) g\u00fcncellenmi\u015ftir. B\u00f6ylelikle, 27 Aral\u0131k 2024 tarihi itibariyle rekabet hukuku ihlallerine y\u00f6nelik ceza rejimi de\u011fi\u015fmi\u015ftir.<\/p>\n<p>Piyasalar\u0131n niteli\u011finde, te\u015febb\u00fcslerin i\u015f modellerinde ve t\u00fcketici tercihlerinde ya\u015fanan de\u011fi\u015fikliklerin bir sonucu olarak farkl\u0131 ihlal t\u00fcrlerinin ve rekabet hukukunun muhataplar\u0131n\u0131n niteli\u011findeki de\u011fi\u015fimlerin bu y\u00f6nde bir d\u00fczenlemeyi gerekli k\u0131ld\u0131\u011f\u0131 belirtilmektedir.<\/p>\n<p>Bu \u00e7er\u00e7evede, Yeni Ceza Y\u00f6netmeli\u011fi ile rekabet hukuku ceza rejimindeki de\u011fi\u015fiklikleri tart\u0131\u015faca\u011f\u0131m\u0131z webinar\u0131m\u0131zda sizleri de aram\u0131zda g\u00f6rmekten memnuniyet duyar\u0131z.<\/p>\n<p><a href=\"https:\/\/bakermckenzie.zoom.us\/rec\/component-page?action=viewdetailpage&amp;sharelevel=meeting&amp;useWhichPasswd=meeting&amp;clusterId=aw1&amp;componentName=need-password&amp;meetingId=U_cAXqkmfYet5PMlDnn8Q-h_QN70KcardGgScJK4swxKhpkBVaf3kIhWHoalQ_p6.4fs3L8t0AtPfFHlr&amp;originRequestUrl=https%3A%2F%2Fbakermckenzie.zoom.us%2Frec%2Fshare%2F6DivDQJVC6JmLoyPHodD-p-9wJ-O8wgLNxHT9Bu4MIz9jyGjRRNQoNw4ny3HvpgY.B5AzhW_UXJJ-Vqck\">Webinar Video<\/a><\/p>\n<p>Passcode: MF9r^.+?<\/p>\n","protected":false},"excerpt":{"rendered":"<p>Sizleri \u201cRekabet Hukukunda Yeni D\u00f6nem: Yeni Ceza Y\u00f6netmeli\u011fi\u201d konulu webinar\u0131m\u0131za davet etmekten memnuniyet duyar\u0131z. Yakla\u015f\u0131k 15 y\u0131l \u00f6nce y\u00fcr\u00fcrl\u00fc\u011fe giren [&hellip;]<\/p>\n","protected":false},"author":4,"featured_media":0,"comment_status":"closed","ping_status":"closed","sticky":false,"template":"","format":"standard","meta":{"_acf_changed":false,"_stopmodifiedupdate":false,"_modified_date":"","footnotes":""},"categories":[117],"tags":[],"class_list":["post-28464","post","type-post","status-publish","format-standard","hentry","category-webinar"],"acf":[],"yoast_head":"<!-- This site is optimized with the Yoast SEO plugin v24.0 - https:\/\/yoast.com\/wordpress\/plugins\/seo\/ -->\n<title>Rekabet Hukukunda Yeni D\u00f6nem: Yeni Ceza Y\u00f6netmeli\u011fi<\/title>\n<meta name=\"description\" content=\"Sizleri \u201cRekabet Hukukunda Yeni D\u00f6nem: Yeni Ceza Y\u00f6netmeli\u011fi\u201d konulu webinar\u0131m\u0131za davet etmekten memnuniyet duyar\u0131z. Yakla\u015f\u0131k 15 y\u0131l \u00f6nce y\u00fcr\u00fcrl\u00fc\u011fe giren\" \/>\n<meta name=\"robots\" content=\"index, follow, max-snippet:-1, max-image-preview:large, max-video-preview:-1\" \/>\n<link rel=\"canonical\" href=\"https:\/\/www.esin.av.tr\/tr\/2025\/01\/20\/rekabet-hukukunda-yeni-donem-yeni-ceza-yonetmeligi\/\" \/>\n<meta property=\"og:locale\" content=\"tr_TR\" \/>\n<meta property=\"og:type\" content=\"article\" \/>\n<meta property=\"og:title\" content=\"Rekabet Hukukunda Yeni D\u00f6nem: Yeni Ceza Y\u00f6netmeli\u011fi\" \/>\n<meta property=\"og:description\" content=\"Sizleri \u201cRekabet Hukukunda Yeni D\u00f6nem: Yeni Ceza Y\u00f6netmeli\u011fi\u201d konulu webinar\u0131m\u0131za davet etmekten memnuniyet duyar\u0131z. Yakla\u015f\u0131k 15 y\u0131l \u00f6nce y\u00fcr\u00fcrl\u00fc\u011fe giren\" \/>\n<meta property=\"og:url\" content=\"https:\/\/www.esin.av.tr\/tr\/2025\/01\/20\/rekabet-hukukunda-yeni-donem-yeni-ceza-yonetmeligi\/\" \/>\n<meta property=\"og:site_name\" content=\"Esin Avukatl\u0131k Ortakl\u0131\u011f\u0131\" \/>\n<meta property=\"article:published_time\" content=\"2025-01-20T10:04:58+00:00\" \/>\n<meta name=\"author\" content=\"R\u0131dvan Konrat\" \/>\n<meta name=\"twitter:card\" content=\"summary_large_image\" \/>\n<meta name=\"twitter:label1\" content=\"Written by\" \/>\n\t<meta name=\"twitter:data1\" content=\"R\u0131dvan Konrat\" \/>\n\t<meta name=\"twitter:label2\" content=\"Est. reading time\" \/>\n\t<meta name=\"twitter:data2\" content=\"1 minute\" \/>\n<script type=\"application\/ld+json\" class=\"yoast-schema-graph\">{\"@context\":\"https:\/\/schema.org\",\"@graph\":[{\"@type\":\"Article\",\"@id\":\"https:\/\/www.esin.av.tr\/tr\/2025\/01\/20\/rekabet-hukukunda-yeni-donem-yeni-ceza-yonetmeligi\/#article\",\"isPartOf\":{\"@id\":\"https:\/\/www.esin.av.tr\/tr\/2025\/01\/20\/rekabet-hukukunda-yeni-donem-yeni-ceza-yonetmeligi\/\"},\"author\":{\"name\":\"R\u0131dvan Konrat\",\"@id\":\"https:\/\/www.esin.av.tr\/tr\/#\/schema\/person\/42c8e616aab56b8622fa365ad63282ae\"},\"headline\":\"Rekabet Hukukunda Yeni D\u00f6nem: Yeni Ceza Y\u00f6netmeli\u011fi\",\"datePublished\":\"2025-01-20T10:04:58+00:00\",\"dateModified\":\"2025-01-20T10:04:58+00:00\",\"mainEntityOfPage\":{\"@id\":\"https:\/\/www.esin.av.tr\/tr\/2025\/01\/20\/rekabet-hukukunda-yeni-donem-yeni-ceza-yonetmeligi\/\"},\"wordCount\":175,\"publisher\":{\"@id\":\"https:\/\/www.esin.av.tr\/tr\/#organization\"},\"articleSection\":[\"Webinarlar\"],\"inLanguage\":\"tr\"},{\"@type\":\"WebPage\",\"@id\":\"https:\/\/www.esin.av.tr\/tr\/2025\/01\/20\/rekabet-hukukunda-yeni-donem-yeni-ceza-yonetmeligi\/\",\"url\":\"https:\/\/www.esin.av.tr\/tr\/2025\/01\/20\/rekabet-hukukunda-yeni-donem-yeni-ceza-yonetmeligi\/\",\"name\":\"Rekabet Hukukunda Yeni D\u00f6nem: Yeni Ceza Y\u00f6netmeli\u011fi\",\"isPartOf\":{\"@id\":\"https:\/\/www.esin.av.tr\/tr\/#website\"},\"datePublished\":\"2025-01-20T10:04:58+00:00\",\"dateModified\":\"2025-01-20T10:04:58+00:00\",\"description\":\"Sizleri \u201cRekabet Hukukunda Yeni D\u00f6nem: Yeni Ceza Y\u00f6netmeli\u011fi\u201d konulu webinar\u0131m\u0131za davet etmekten memnuniyet duyar\u0131z. Yakla\u015f\u0131k 15 y\u0131l \u00f6nce y\u00fcr\u00fcrl\u00fc\u011fe giren\",\"breadcrumb\":{\"@id\":\"https:\/\/www.esin.av.tr\/tr\/2025\/01\/20\/rekabet-hukukunda-yeni-donem-yeni-ceza-yonetmeligi\/#breadcrumb\"},\"inLanguage\":\"tr\",\"potentialAction\":[{\"@type\":\"ReadAction\",\"target\":[\"https:\/\/www.esin.av.tr\/tr\/2025\/01\/20\/rekabet-hukukunda-yeni-donem-yeni-ceza-yonetmeligi\/\"]}]},{\"@type\":\"BreadcrumbList\",\"@id\":\"https:\/\/www.esin.av.tr\/tr\/2025\/01\/20\/rekabet-hukukunda-yeni-donem-yeni-ceza-yonetmeligi\/#breadcrumb\",\"itemListElement\":[{\"@type\":\"ListItem\",\"position\":1,\"name\":\"Home\",\"item\":\"https:\/\/www.esin.av.tr\/tr\/\"},{\"@type\":\"ListItem\",\"position\":2,\"name\":\"Rekabet Hukukunda Yeni D\u00f6nem: Yeni Ceza Y\u00f6netmeli\u011fi\"}]},{\"@type\":\"WebSite\",\"@id\":\"https:\/\/www.esin.av.tr\/tr\/#website\",\"url\":\"https:\/\/www.esin.av.tr\/tr\/\",\"name\":\"Esin Avukatl\u0131k Ortakl\u0131\u011f\u0131\",\"description\":\"\",\"publisher\":{\"@id\":\"https:\/\/www.esin.av.tr\/tr\/#organization\"},\"potentialAction\":[{\"@type\":\"SearchAction\",\"target\":{\"@type\":\"EntryPoint\",\"urlTemplate\":\"https:\/\/www.esin.av.tr\/tr\/?s={search_term_string}\"},\"query-input\":{\"@type\":\"PropertyValueSpecification\",\"valueRequired\":true,\"valueName\":\"search_term_string\"}}],\"inLanguage\":\"tr\"},{\"@type\":\"Organization\",\"@id\":\"https:\/\/www.esin.av.tr\/tr\/#organization\",\"name\":\"Esin Avukatl\u0131k Ortakl\u0131\u011f\u0131\",\"url\":\"https:\/\/www.esin.av.tr\/tr\/\",\"logo\":{\"@type\":\"ImageObject\",\"inLanguage\":\"tr\",\"@id\":\"https:\/\/www.esin.av.tr\/tr\/#\/schema\/logo\/image\/\",\"url\":\"https:\/\/www.esin.av.tr\/wp-content\/uploads\/2021\/09\/esin-2.jpg\",\"contentUrl\":\"https:\/\/www.esin.av.tr\/wp-content\/uploads\/2021\/09\/esin-2.jpg\",\"width\":800,\"height\":460,\"caption\":\"Esin Avukatl\u0131k Ortakl\u0131\u011f\u0131\"},\"image\":{\"@id\":\"https:\/\/www.esin.av.tr\/tr\/#\/schema\/logo\/image\/\"}},{\"@type\":\"Person\",\"@id\":\"https:\/\/www.esin.av.tr\/tr\/#\/schema\/person\/42c8e616aab56b8622fa365ad63282ae\",\"name\":\"R\u0131dvan Konrat\",\"image\":{\"@type\":\"ImageObject\",\"inLanguage\":\"tr\",\"@id\":\"https:\/\/www.esin.av.tr\/tr\/#\/schema\/person\/image\/\",\"url\":\"https:\/\/secure.gravatar.com\/avatar\/b20c6c583be38ed4e76e32f69fccc676?s=96&d=mm&r=g\",\"contentUrl\":\"https:\/\/secure.gravatar.com\/avatar\/b20c6c583be38ed4e76e32f69fccc676?s=96&d=mm&r=g\",\"caption\":\"R\u0131dvan Konrat\"},\"sameAs\":[\"http:\/\/www.esin.av.tr\"],\"url\":\"https:\/\/www.esin.av.tr\/tr\/author\/rkonrat\/\"}]}<\/script>\n<!-- \/ Yoast SEO plugin. -->","yoast_head_json":{"title":"Rekabet Hukukunda Yeni D\u00f6nem: Yeni Ceza Y\u00f6netmeli\u011fi","description":"Sizleri \u201cRekabet Hukukunda Yeni D\u00f6nem: Yeni Ceza Y\u00f6netmeli\u011fi\u201d konulu webinar\u0131m\u0131za davet etmekten memnuniyet duyar\u0131z. Yakla\u015f\u0131k 15 y\u0131l \u00f6nce y\u00fcr\u00fcrl\u00fc\u011fe giren","robots":{"index":"index","follow":"follow","max-snippet":"max-snippet:-1","max-image-preview":"max-image-preview:large","max-video-preview":"max-video-preview:-1"},"canonical":"https:\/\/www.esin.av.tr\/tr\/2025\/01\/20\/rekabet-hukukunda-yeni-donem-yeni-ceza-yonetmeligi\/","og_locale":"tr_TR","og_type":"article","og_title":"Rekabet Hukukunda Yeni D\u00f6nem: Yeni Ceza Y\u00f6netmeli\u011fi","og_description":"Sizleri \u201cRekabet Hukukunda Yeni D\u00f6nem: Yeni Ceza Y\u00f6netmeli\u011fi\u201d konulu webinar\u0131m\u0131za davet etmekten memnuniyet duyar\u0131z. Yakla\u015f\u0131k 15 y\u0131l \u00f6nce y\u00fcr\u00fcrl\u00fc\u011fe giren","og_url":"https:\/\/www.esin.av.tr\/tr\/2025\/01\/20\/rekabet-hukukunda-yeni-donem-yeni-ceza-yonetmeligi\/","og_site_name":"Esin Avukatl\u0131k Ortakl\u0131\u011f\u0131","article_published_time":"2025-01-20T10:04:58+00:00","author":"R\u0131dvan Konrat","twitter_card":"summary_large_image","twitter_misc":{"Written by":"R\u0131dvan Konrat","Est. reading time":"1 minute"},"schema":{"@context":"https:\/\/schema.org","@graph":[{"@type":"Article","@id":"https:\/\/www.esin.av.tr\/tr\/2025\/01\/20\/rekabet-hukukunda-yeni-donem-yeni-ceza-yonetmeligi\/#article","isPartOf":{"@id":"https:\/\/www.esin.av.tr\/tr\/2025\/01\/20\/rekabet-hukukunda-yeni-donem-yeni-ceza-yonetmeligi\/"},"author":{"name":"R\u0131dvan Konrat","@id":"https:\/\/www.esin.av.tr\/tr\/#\/schema\/person\/42c8e616aab56b8622fa365ad63282ae"},"headline":"Rekabet Hukukunda Yeni D\u00f6nem: Yeni Ceza Y\u00f6netmeli\u011fi","datePublished":"2025-01-20T10:04:58+00:00","dateModified":"2025-01-20T10:04:58+00:00","mainEntityOfPage":{"@id":"https:\/\/www.esin.av.tr\/tr\/2025\/01\/20\/rekabet-hukukunda-yeni-donem-yeni-ceza-yonetmeligi\/"},"wordCount":175,"publisher":{"@id":"https:\/\/www.esin.av.tr\/tr\/#organization"},"articleSection":["Webinarlar"],"inLanguage":"tr"},{"@type":"WebPage","@id":"https:\/\/www.esin.av.tr\/tr\/2025\/01\/20\/rekabet-hukukunda-yeni-donem-yeni-ceza-yonetmeligi\/","url":"https:\/\/www.esin.av.tr\/tr\/2025\/01\/20\/rekabet-hukukunda-yeni-donem-yeni-ceza-yonetmeligi\/","name":"Rekabet Hukukunda Yeni D\u00f6nem: Yeni Ceza Y\u00f6netmeli\u011fi","isPartOf":{"@id":"https:\/\/www.esin.av.tr\/tr\/#website"},"datePublished":"2025-01-20T10:04:58+00:00","dateModified":"2025-01-20T10:04:58+00:00","description":"Sizleri \u201cRekabet Hukukunda Yeni D\u00f6nem: Yeni Ceza Y\u00f6netmeli\u011fi\u201d konulu webinar\u0131m\u0131za davet etmekten memnuniyet duyar\u0131z. Yakla\u015f\u0131k 15 y\u0131l \u00f6nce y\u00fcr\u00fcrl\u00fc\u011fe giren","breadcrumb":{"@id":"https:\/\/www.esin.av.tr\/tr\/2025\/01\/20\/rekabet-hukukunda-yeni-donem-yeni-ceza-yonetmeligi\/#breadcrumb"},"inLanguage":"tr","potentialAction":[{"@type":"ReadAction","target":["https:\/\/www.esin.av.tr\/tr\/2025\/01\/20\/rekabet-hukukunda-yeni-donem-yeni-ceza-yonetmeligi\/"]}]},{"@type":"BreadcrumbList","@id":"https:\/\/www.esin.av.tr\/tr\/2025\/01\/20\/rekabet-hukukunda-yeni-donem-yeni-ceza-yonetmeligi\/#breadcrumb","itemListElement":[{"@type":"ListItem","position":1,"name":"Home","item":"https:\/\/www.esin.av.tr\/tr\/"},{"@type":"ListItem","position":2,"name":"Rekabet Hukukunda Yeni D\u00f6nem: Yeni Ceza Y\u00f6netmeli\u011fi"}]},{"@type":"WebSite","@id":"https:\/\/www.esin.av.tr\/tr\/#website","url":"https:\/\/www.esin.av.tr\/tr\/","name":"Esin Avukatl\u0131k Ortakl\u0131\u011f\u0131","description":"","publisher":{"@id":"https:\/\/www.esin.av.tr\/tr\/#organization"},"potentialAction":[{"@type":"SearchAction","target":{"@type":"EntryPoint","urlTemplate":"https:\/\/www.esin.av.tr\/tr\/?s={search_term_string}"},"query-input":{"@type":"PropertyValueSpecification","valueRequired":true,"valueName":"search_term_string"}}],"inLanguage":"tr"},{"@type":"Organization","@id":"https:\/\/www.esin.av.tr\/tr\/#organization","name":"Esin Avukatl\u0131k Ortakl\u0131\u011f\u0131","url":"https:\/\/www.esin.av.tr\/tr\/","logo":{"@type":"ImageObject","inLanguage":"tr","@id":"https:\/\/www.esin.av.tr\/tr\/#\/schema\/logo\/image\/","url":"https:\/\/www.esin.av.tr\/wp-content\/uploads\/2021\/09\/esin-2.jpg","contentUrl":"https:\/\/www.esin.av.tr\/wp-content\/uploads\/2021\/09\/esin-2.jpg","width":800,"height":460,"caption":"Esin Avukatl\u0131k Ortakl\u0131\u011f\u0131"},"image":{"@id":"https:\/\/www.esin.av.tr\/tr\/#\/schema\/logo\/image\/"}},{"@type":"Person","@id":"https:\/\/www.esin.av.tr\/tr\/#\/schema\/person\/42c8e616aab56b8622fa365ad63282ae","name":"R\u0131dvan Konrat","image":{"@type":"ImageObject","inLanguage":"tr","@id":"https:\/\/www.esin.av.tr\/tr\/#\/schema\/person\/image\/","url":"https:\/\/secure.gravatar.com\/avatar\/b20c6c583be38ed4e76e32f69fccc676?s=96&d=mm&r=g","contentUrl":"https:\/\/secure.gravatar.com\/avatar\/b20c6c583be38ed4e76e32f69fccc676?s=96&d=mm&r=g","caption":"R\u0131dvan Konrat"},"sameAs":["http:\/\/www.esin.av.tr"],"url":"https:\/\/www.esin.av.tr\/tr\/author\/rkonrat\/"}]}},"_links":{"self":[{"href":"https:\/\/www.esin.av.tr\/tr\/wp-json\/wp\/v2\/posts\/28464","targetHints":{"allow":["GET"]}}],"collection":[{"href":"https:\/\/www.esin.av.tr\/tr\/wp-json\/wp\/v2\/posts"}],"about":[{"href":"https:\/\/www.esin.av.tr\/tr\/wp-json\/wp\/v2\/types\/post"}],"author":[{"embeddable":true,"href":"https:\/\/www.esin.av.tr\/tr\/wp-json\/wp\/v2\/users\/4"}],"replies":[{"embeddable":true,"href":"https:\/\/www.esin.av.tr\/tr\/wp-json\/wp\/v2\/comments?post=28464"}],"version-history":[{"count":1,"href":"https:\/\/www.esin.av.tr\/tr\/wp-json\/wp\/v2\/posts\/28464\/revisions"}],"predecessor-version":[{"id":28465,"href":"https:\/\/www.esin.av.tr\/tr\/wp-json\/wp\/v2\/posts\/28464\/revisions\/28465"}],"wp:attachment":[{"href":"https:\/\/www.esin.av.tr\/tr\/wp-json\/wp\/v2\/media?parent=28464"}],"wp:term":[{"taxonomy":"category","embeddable":true,"href":"https:\/\/www.esin.av.tr\/tr\/wp-json\/wp\/v2\/categories?post=28464"},{"taxonomy":"post_tag","embeddable":true,"href":"https:\/\/www.esin.av.tr\/tr\/wp-json\/wp\/v2\/tags?post=28464"}],"curies":[{"name":"wp","href":"https:\/\/api.w.org\/{rel}","templated":true}]}}