{"id":28461,"date":"2025-01-20T09:15:40","date_gmt":"2025-01-20T09:15:40","guid":{"rendered":"https:\/\/www.esin.av.tr\/?p=28461"},"modified":"2025-01-20T09:30:43","modified_gmt":"2025-01-20T09:30:43","slug":"dijital-cuzdan-duzenlemelerine-uyum-suresi-uzatildi-2","status":"publish","type":"post","link":"https:\/\/www.esin.av.tr\/tr\/2025\/01\/20\/dijital-cuzdan-duzenlemelerine-uyum-suresi-uzatildi-2\/","title":{"rendered":"Yerli Kart \u015eemalar\u0131n\u0131n Kullan\u0131m\u0131 Te\u015fvik Ediliyor"},"content":{"rendered":"<p><strong>Yeni Geli\u015fmeler<\/strong><\/p>\n<p>Cumhurba\u015fkan\u0131 taraf\u0131ndan T\u00fcrkiye\u2019de Yerle\u015fik ve Faaliyet \u0130znini Haiz Kartl\u0131 Sistem Kurulu\u015flar\u0131nca \u00c7\u0131kar\u0131lan Kartlar\u0131n Kullan\u0131m\u0131 ile \u0130lgili 2025\/1 say\u0131l\u0131 Cumhurba\u015fkanl\u0131\u011f\u0131 Genelgesi (&#8220;<strong>Genelge<\/strong>&#8220;) 16 Ocak<br \/>\n2025 tarihinde Resmi Gazete\u2019de yay\u0131mlanarak y\u00fcr\u00fcrl\u00fc\u011fe girdi.<\/p>\n<p>Genelge\u2019ye <a href=\"https:\/\/urldefense.com\/v3\/__https:\/esinxchange.com\/collect\/click.aspx?u=bFhMb0lhTzg5RnVCQi8yRGFiSlV2eGEwVEF5VFBnL0dRTWE5V2dyaHFCczgwclRGL0x4RUJuSHpLelpqd0lPaWZSUWMvUEtQMHBCSEkzcTF0MFBLR2xZTzJCNmhVOG1xZHI3S0VzUng1MWNYQmd2aHhud3JteXhsZFNYOG5Nejk=&amp;rh=ff00deecb5faf3f941df5ed8eb4b83fbe5358812__;!!Hj9Y_P0nvg!Vsb-nBU2u4BIqc9hA_SiIgQdms-AWqQsSLoK3szJcOEnJx5d4es8uCtFoaVmus3BGCrQaIcIR1fxTTbYDlRD4PtaHA$\">buradan<\/a> eri\u015febilirsiniz.<\/p>\n<p><strong>Genelge Neler Getiriyor?<\/strong><\/p>\n<p>Genelge uyar\u0131nca, a\u015fa\u011f\u0131da yer alan kamu kurumlar\u0131n\u0131n a\u015fa\u011f\u0131da yer alan kamu \u00f6demelerinde T\u00fcrkiye\u2019de yerle\u015fik ve faaliyet iznini haiz kartl\u0131 sistem kurulu\u015flar\u0131nca \u00e7\u0131kar\u0131lan kartlar\u0131n kullan\u0131m\u0131n\u0131n esas almalar\u0131 gerekecek:<\/p>\n<p><strong>Kamu Kurulu\u015flar<\/strong>: Kamu idareleri ve bu idarelere ba\u011fl\u0131, ilgili ve ili\u015fkili kamu kurum ve kurulu\u015flar\u0131 ile il \u00f6zel idareleri, belediyeler ve bunlar\u0131n ba\u011fl\u0131 kurulu\u015flar\u0131 ile kurduklar\u0131 birlik, m\u00fcessese ve i\u015fletmeler, 8\/6\/1984 tarihli ve 233 say\u0131l\u0131 Kamu \u0130ktisadi Te\u015febb\u00fcsleri Hakk\u0131nda Kanun H\u00fckm\u00fcnde Kararnameye tabi kamu iktisadi te\u015febb\u00fcsleri ile bunlar\u0131n do\u011frudan veya dolayl\u0131 olarak tek ba\u015f\u0131na veya birlikte ya da ayr\u0131 ayr\u0131 sermayesinin yar\u0131s\u0131ndan fazlas\u0131na sahip olduklar\u0131 her \u00e7e\u015fit kurulu\u015f, m\u00fcessese, birlik, i\u015fletme ve \u015firketler, \u00f6zelle\u015ftirme kapsam ve program\u0131na al\u0131nm\u0131\u015f hisselerinin yar\u0131s\u0131ndan fazlas\u0131 kamuya ait olan \u00f6zel hukuk h\u00fck\u00fcmlerine tabi kurulu\u015flar, fonlar, d\u00f6ner sermayeler ve di\u011fer t\u00fcm kamu kurum ve kurulu\u015flar\u0131.<\/p>\n<p><strong>\u00d6demeler<\/strong>: Personele yap\u0131lacak \u00f6zl\u00fck \u00f6demeleri, emekli ayl\u0131klar\u0131, avans suretiyle kartlara yap\u0131lan \u00f6n \u00f6demeler, sosyal yard\u0131m \u00f6demeleri, \u00f6\u011frencilere yap\u0131lacak burs ve kredi \u00f6demeleri, \u00e7ift\u00e7i, esnaf, vb. meslek gruplar\u0131na yap\u0131lacak destek ve te\u015fvik \u00f6demeleri, toplu ta\u015f\u0131ma, yemek, kimlik ve \u00f6\u011frenci kartlar\u0131 gibi kartlara yap\u0131lan \u00f6demeler, yukar\u0131da say\u0131lmamakla beraber banka protokollerine konu olan ve hak sahiplerine yap\u0131lan di\u011fer \u00f6demeler.<\/p>\n<p>Genelge uyar\u0131nca, yukar\u0131da say\u0131lan \u00f6demeler i\u00e7in Banka protokollerinin ilk kez yap\u0131lmas\u0131 veya yenilenmesi durumunda, \u00f6demenin yap\u0131laca\u011f\u0131 ger\u00e7ek veya t\u00fczel ki\u015fiye verilecek ya da yenilenecek banka kart\u0131 ve buna ba\u011fl\u0131 olarak verilebilecek ya da yenilenecek kredi kart\u0131 ile \u00f6n \u00f6demeli kartlarda, kullan\u0131c\u0131 taraf\u0131ndan aksi talep edilmedik\u00e7e, 5464 say\u0131l\u0131 Banka Kartlar\u0131 ve Kredi Kartlar\u0131 Kanunu uyar\u0131nca T\u00fcrkiye\u2019de yerle\u015fik ve faaliyet iznini haiz kartl\u0131 sistem kurulu\u015flar\u0131nca \u00e7\u0131kar\u0131lan kartlar\u0131n kullan\u0131lmas\u0131 esas olacak.<\/p>\n<p>Ek olarak, Genelge\u2019ye tabi kurumlar\u0131n, kart \u00e7\u0131karmaya yetkili kurulu\u015flar ile yapacaklar\u0131 kartl\u0131 sistem projelerinde de T\u00fcrkiye\u2019de yerle\u015fik ve faaliyet iznini haiz kartl\u0131 sistem kurulu\u015flar\u0131n\u0131n tercih edilmesi esas olacak.<\/p>\n<p>Son olarak, kamu sermayeli bankalarca verilecek ya da yenilenecek banka kart\u0131, \u00f6n \u00f6demeli kart ve kredi kartlar\u0131 bak\u0131m\u0131ndan (kamu \u00f6demelerine ili\u015fkin olmasa dahi), ki\u015filer taraf\u0131ndan aksi talep edilmedik\u00e7e T\u00fcrkiye&#8217;de yerle\u015fik ve faaliyet iznini haiz kartl\u0131 sistem kurulu\u015flar\u0131n\u0131n altyap\u0131lar\u0131n\u0131n kullan\u0131lmas\u0131na \u00f6ncelik tan\u0131nacak.<\/p>\n<p><strong>Sonu\u00e7<\/strong><\/p>\n<p>Genelge, T\u00fcrkiye&#8217;de kurulu kart \u015femalar\u0131n\u0131n kartlar\u0131n\u0131n kullan\u0131m\u0131n\u0131 yayg\u0131nla\u015ft\u0131racakt\u0131r. \u00d6zellikle bu geli\u015fmeyi, Bankac\u0131l\u0131k D\u00fczenleme ve Denetleme Kurumu&#8217;nun 2022 y\u0131l\u0131 sonundaki mevzuat hamlesiyle (ilgili mevzuat b\u00fcltenimize <a href=\"https:\/\/urldefense.com\/v3\/__https:\/esinxchange.com\/collect\/click.aspx?u=bFhMb0lhTzg5RnVCQi8yRGFiSlV2eGEwVEF5VFBnL0dRTWE5V2dyaHFCc3ZIeGh2bDVaUCt0QlFGUnBVOGJRVVV1WWlDd0RrdmI4bDcvNFZVSXFZWEs3RWxsaHAybzVTYUI1SmJMdWhvTWUyNGgvWUI0alBBRmR0ZmJ0OEovSitqZFFsTUpIenBLY0l1aEloR0ZMOFRMenZVKzFXc0tMV1lzT0Nqb0hFejkrNHZBMnUvZWNzYkE9PQ==&amp;rh=ff00deecb5faf3f941df5ed8eb4b83fbe5358812__;!!Hj9Y_P0nvg!Vsb-nBU2u4BIqc9hA_SiIgQdms-AWqQsSLoK3szJcOEnJx5d4es8uCtFoaVmus3BGCrQaIcIR1fxTTbYDlRAyYAlEw$\">buradan<\/a> ula\u015fabilirsiniz) birlikte de\u011ferlendirdi\u011fimizde, kamu otoritesinin T\u00fcrkiye&#8217;de faaliyet izni alm\u0131\u015f kart \u015femalar\u0131n\u0131n \u00e7\u0131kard\u0131\u011f\u0131 kartlar\u0131n kullan\u0131m\u0131n\u0131 \u00f6nceliklendirece\u011fi sonucuna ula\u015fabiliyoruz. Halihaz\u0131rda, T\u00fcrkiye&#8217;de faaliyet iznine sahip tek kart \u015femas\u0131 olarak Bankalararas\u0131 Kart Merkezi A.\u015e.&#8217;nin TROY&#8217;u bulunuyor.<\/p>\n","protected":false},"excerpt":{"rendered":"<p>Yeni Geli\u015fmeler Cumhurba\u015fkan\u0131 taraf\u0131ndan T\u00fcrkiye\u2019de Yerle\u015fik ve Faaliyet \u0130znini Haiz Kartl\u0131 Sistem Kurulu\u015flar\u0131nca \u00c7\u0131kar\u0131lan Kartlar\u0131n Kullan\u0131m\u0131 ile \u0130lgili 2025\/1 say\u0131l\u0131 [&hellip;]<\/p>\n","protected":false},"author":4,"featured_media":0,"comment_status":"closed","ping_status":"closed","sticky":false,"template":"","format":"standard","meta":{"_acf_changed":false,"_stopmodifiedupdate":false,"_modified_date":"","footnotes":""},"categories":[120],"tags":[90],"class_list":["post-28461","post","type-post","status-publish","format-standard","hentry","category-legal-alerts","tag-banking-finance-tr"],"acf":[],"yoast_head":"<!-- This site is optimized with the Yoast SEO plugin v24.0 - https:\/\/yoast.com\/wordpress\/plugins\/seo\/ -->\n<title>Yerli Kart \u015eemalar\u0131n\u0131n Kullan\u0131m\u0131 Te\u015fvik Ediliyor<\/title>\n<meta name=\"description\" content=\"Yeni Geli\u015fmeler Cumhurba\u015fkan\u0131 taraf\u0131ndan T\u00fcrkiye\u2019de Yerle\u015fik ve Faaliyet \u0130znini Haiz Kartl\u0131 Sistem Kurulu\u015flar\u0131nca \u00c7\u0131kar\u0131lan Kartlar\u0131n Kullan\u0131m\u0131 ile \u0130lgili\" \/>\n<meta name=\"robots\" content=\"index, follow, max-snippet:-1, max-image-preview:large, max-video-preview:-1\" \/>\n<link rel=\"canonical\" href=\"https:\/\/www.esin.av.tr\/tr\/2025\/01\/20\/dijital-cuzdan-duzenlemelerine-uyum-suresi-uzatildi-2\/\" \/>\n<meta property=\"og:locale\" content=\"tr_TR\" \/>\n<meta property=\"og:type\" content=\"article\" \/>\n<meta property=\"og:title\" content=\"Yerli Kart \u015eemalar\u0131n\u0131n Kullan\u0131m\u0131 Te\u015fvik Ediliyor\" \/>\n<meta property=\"og:description\" content=\"Yeni Geli\u015fmeler Cumhurba\u015fkan\u0131 taraf\u0131ndan T\u00fcrkiye\u2019de Yerle\u015fik ve Faaliyet \u0130znini Haiz Kartl\u0131 Sistem Kurulu\u015flar\u0131nca \u00c7\u0131kar\u0131lan Kartlar\u0131n Kullan\u0131m\u0131 ile \u0130lgili\" \/>\n<meta property=\"og:url\" content=\"https:\/\/www.esin.av.tr\/tr\/2025\/01\/20\/dijital-cuzdan-duzenlemelerine-uyum-suresi-uzatildi-2\/\" \/>\n<meta property=\"og:site_name\" content=\"Esin Avukatl\u0131k Ortakl\u0131\u011f\u0131\" \/>\n<meta property=\"article:published_time\" content=\"2025-01-20T09:15:40+00:00\" \/>\n<meta property=\"article:modified_time\" content=\"2025-01-20T09:30:43+00:00\" \/>\n<meta name=\"author\" content=\"R\u0131dvan Konrat\" \/>\n<meta name=\"twitter:card\" content=\"summary_large_image\" \/>\n<meta name=\"twitter:label1\" content=\"Written by\" \/>\n\t<meta name=\"twitter:data1\" content=\"R\u0131dvan Konrat\" \/>\n\t<meta name=\"twitter:label2\" content=\"Est. reading time\" \/>\n\t<meta name=\"twitter:data2\" content=\"3 minutes\" \/>\n<script type=\"application\/ld+json\" class=\"yoast-schema-graph\">{\"@context\":\"https:\/\/schema.org\",\"@graph\":[{\"@type\":\"Article\",\"@id\":\"https:\/\/www.esin.av.tr\/tr\/2025\/01\/20\/dijital-cuzdan-duzenlemelerine-uyum-suresi-uzatildi-2\/#article\",\"isPartOf\":{\"@id\":\"https:\/\/www.esin.av.tr\/tr\/2025\/01\/20\/dijital-cuzdan-duzenlemelerine-uyum-suresi-uzatildi-2\/\"},\"author\":{\"name\":\"R\u0131dvan Konrat\",\"@id\":\"https:\/\/www.esin.av.tr\/tr\/#\/schema\/person\/42c8e616aab56b8622fa365ad63282ae\"},\"headline\":\"Yerli Kart \u015eemalar\u0131n\u0131n Kullan\u0131m\u0131 Te\u015fvik Ediliyor\",\"datePublished\":\"2025-01-20T09:15:40+00:00\",\"dateModified\":\"2025-01-20T09:30:43+00:00\",\"mainEntityOfPage\":{\"@id\":\"https:\/\/www.esin.av.tr\/tr\/2025\/01\/20\/dijital-cuzdan-duzenlemelerine-uyum-suresi-uzatildi-2\/\"},\"wordCount\":595,\"publisher\":{\"@id\":\"https:\/\/www.esin.av.tr\/tr\/#organization\"},\"keywords\":[\"Bankac\u0131l\u0131k ve Finans\"],\"articleSection\":[\"Hukuk B\u00fcltenleri\"],\"inLanguage\":\"tr\"},{\"@type\":\"WebPage\",\"@id\":\"https:\/\/www.esin.av.tr\/tr\/2025\/01\/20\/dijital-cuzdan-duzenlemelerine-uyum-suresi-uzatildi-2\/\",\"url\":\"https:\/\/www.esin.av.tr\/tr\/2025\/01\/20\/dijital-cuzdan-duzenlemelerine-uyum-suresi-uzatildi-2\/\",\"name\":\"Yerli Kart \u015eemalar\u0131n\u0131n Kullan\u0131m\u0131 Te\u015fvik Ediliyor\",\"isPartOf\":{\"@id\":\"https:\/\/www.esin.av.tr\/tr\/#website\"},\"datePublished\":\"2025-01-20T09:15:40+00:00\",\"dateModified\":\"2025-01-20T09:30:43+00:00\",\"description\":\"Yeni Geli\u015fmeler Cumhurba\u015fkan\u0131 taraf\u0131ndan T\u00fcrkiye\u2019de Yerle\u015fik ve Faaliyet \u0130znini Haiz Kartl\u0131 Sistem Kurulu\u015flar\u0131nca \u00c7\u0131kar\u0131lan Kartlar\u0131n Kullan\u0131m\u0131 ile \u0130lgili\",\"breadcrumb\":{\"@id\":\"https:\/\/www.esin.av.tr\/tr\/2025\/01\/20\/dijital-cuzdan-duzenlemelerine-uyum-suresi-uzatildi-2\/#breadcrumb\"},\"inLanguage\":\"tr\",\"potentialAction\":[{\"@type\":\"ReadAction\",\"target\":[\"https:\/\/www.esin.av.tr\/tr\/2025\/01\/20\/dijital-cuzdan-duzenlemelerine-uyum-suresi-uzatildi-2\/\"]}]},{\"@type\":\"BreadcrumbList\",\"@id\":\"https:\/\/www.esin.av.tr\/tr\/2025\/01\/20\/dijital-cuzdan-duzenlemelerine-uyum-suresi-uzatildi-2\/#breadcrumb\",\"itemListElement\":[{\"@type\":\"ListItem\",\"position\":1,\"name\":\"Home\",\"item\":\"https:\/\/www.esin.av.tr\/tr\/\"},{\"@type\":\"ListItem\",\"position\":2,\"name\":\"Yerli Kart \u015eemalar\u0131n\u0131n Kullan\u0131m\u0131 Te\u015fvik Ediliyor\"}]},{\"@type\":\"WebSite\",\"@id\":\"https:\/\/www.esin.av.tr\/tr\/#website\",\"url\":\"https:\/\/www.esin.av.tr\/tr\/\",\"name\":\"Esin Avukatl\u0131k Ortakl\u0131\u011f\u0131\",\"description\":\"\",\"publisher\":{\"@id\":\"https:\/\/www.esin.av.tr\/tr\/#organization\"},\"potentialAction\":[{\"@type\":\"SearchAction\",\"target\":{\"@type\":\"EntryPoint\",\"urlTemplate\":\"https:\/\/www.esin.av.tr\/tr\/?s={search_term_string}\"},\"query-input\":{\"@type\":\"PropertyValueSpecification\",\"valueRequired\":true,\"valueName\":\"search_term_string\"}}],\"inLanguage\":\"tr\"},{\"@type\":\"Organization\",\"@id\":\"https:\/\/www.esin.av.tr\/tr\/#organization\",\"name\":\"Esin Avukatl\u0131k Ortakl\u0131\u011f\u0131\",\"url\":\"https:\/\/www.esin.av.tr\/tr\/\",\"logo\":{\"@type\":\"ImageObject\",\"inLanguage\":\"tr\",\"@id\":\"https:\/\/www.esin.av.tr\/tr\/#\/schema\/logo\/image\/\",\"url\":\"https:\/\/www.esin.av.tr\/wp-content\/uploads\/2021\/09\/esin-2.jpg\",\"contentUrl\":\"https:\/\/www.esin.av.tr\/wp-content\/uploads\/2021\/09\/esin-2.jpg\",\"width\":800,\"height\":460,\"caption\":\"Esin Avukatl\u0131k Ortakl\u0131\u011f\u0131\"},\"image\":{\"@id\":\"https:\/\/www.esin.av.tr\/tr\/#\/schema\/logo\/image\/\"}},{\"@type\":\"Person\",\"@id\":\"https:\/\/www.esin.av.tr\/tr\/#\/schema\/person\/42c8e616aab56b8622fa365ad63282ae\",\"name\":\"R\u0131dvan Konrat\",\"image\":{\"@type\":\"ImageObject\",\"inLanguage\":\"tr\",\"@id\":\"https:\/\/www.esin.av.tr\/tr\/#\/schema\/person\/image\/\",\"url\":\"https:\/\/secure.gravatar.com\/avatar\/b20c6c583be38ed4e76e32f69fccc676?s=96&d=mm&r=g\",\"contentUrl\":\"https:\/\/secure.gravatar.com\/avatar\/b20c6c583be38ed4e76e32f69fccc676?s=96&d=mm&r=g\",\"caption\":\"R\u0131dvan Konrat\"},\"sameAs\":[\"http:\/\/www.esin.av.tr\"],\"url\":\"https:\/\/www.esin.av.tr\/tr\/author\/rkonrat\/\"}]}<\/script>\n<!-- \/ Yoast SEO plugin. -->","yoast_head_json":{"title":"Yerli Kart \u015eemalar\u0131n\u0131n Kullan\u0131m\u0131 Te\u015fvik Ediliyor","description":"Yeni Geli\u015fmeler Cumhurba\u015fkan\u0131 taraf\u0131ndan T\u00fcrkiye\u2019de Yerle\u015fik ve Faaliyet \u0130znini Haiz Kartl\u0131 Sistem Kurulu\u015flar\u0131nca \u00c7\u0131kar\u0131lan Kartlar\u0131n Kullan\u0131m\u0131 ile \u0130lgili","robots":{"index":"index","follow":"follow","max-snippet":"max-snippet:-1","max-image-preview":"max-image-preview:large","max-video-preview":"max-video-preview:-1"},"canonical":"https:\/\/www.esin.av.tr\/tr\/2025\/01\/20\/dijital-cuzdan-duzenlemelerine-uyum-suresi-uzatildi-2\/","og_locale":"tr_TR","og_type":"article","og_title":"Yerli Kart \u015eemalar\u0131n\u0131n Kullan\u0131m\u0131 Te\u015fvik Ediliyor","og_description":"Yeni Geli\u015fmeler Cumhurba\u015fkan\u0131 taraf\u0131ndan T\u00fcrkiye\u2019de Yerle\u015fik ve Faaliyet \u0130znini Haiz Kartl\u0131 Sistem Kurulu\u015flar\u0131nca \u00c7\u0131kar\u0131lan Kartlar\u0131n Kullan\u0131m\u0131 ile \u0130lgili","og_url":"https:\/\/www.esin.av.tr\/tr\/2025\/01\/20\/dijital-cuzdan-duzenlemelerine-uyum-suresi-uzatildi-2\/","og_site_name":"Esin Avukatl\u0131k Ortakl\u0131\u011f\u0131","article_published_time":"2025-01-20T09:15:40+00:00","article_modified_time":"2025-01-20T09:30:43+00:00","author":"R\u0131dvan Konrat","twitter_card":"summary_large_image","twitter_misc":{"Written by":"R\u0131dvan Konrat","Est. reading time":"3 minutes"},"schema":{"@context":"https:\/\/schema.org","@graph":[{"@type":"Article","@id":"https:\/\/www.esin.av.tr\/tr\/2025\/01\/20\/dijital-cuzdan-duzenlemelerine-uyum-suresi-uzatildi-2\/#article","isPartOf":{"@id":"https:\/\/www.esin.av.tr\/tr\/2025\/01\/20\/dijital-cuzdan-duzenlemelerine-uyum-suresi-uzatildi-2\/"},"author":{"name":"R\u0131dvan Konrat","@id":"https:\/\/www.esin.av.tr\/tr\/#\/schema\/person\/42c8e616aab56b8622fa365ad63282ae"},"headline":"Yerli Kart \u015eemalar\u0131n\u0131n Kullan\u0131m\u0131 Te\u015fvik Ediliyor","datePublished":"2025-01-20T09:15:40+00:00","dateModified":"2025-01-20T09:30:43+00:00","mainEntityOfPage":{"@id":"https:\/\/www.esin.av.tr\/tr\/2025\/01\/20\/dijital-cuzdan-duzenlemelerine-uyum-suresi-uzatildi-2\/"},"wordCount":595,"publisher":{"@id":"https:\/\/www.esin.av.tr\/tr\/#organization"},"keywords":["Bankac\u0131l\u0131k ve Finans"],"articleSection":["Hukuk B\u00fcltenleri"],"inLanguage":"tr"},{"@type":"WebPage","@id":"https:\/\/www.esin.av.tr\/tr\/2025\/01\/20\/dijital-cuzdan-duzenlemelerine-uyum-suresi-uzatildi-2\/","url":"https:\/\/www.esin.av.tr\/tr\/2025\/01\/20\/dijital-cuzdan-duzenlemelerine-uyum-suresi-uzatildi-2\/","name":"Yerli Kart \u015eemalar\u0131n\u0131n Kullan\u0131m\u0131 Te\u015fvik Ediliyor","isPartOf":{"@id":"https:\/\/www.esin.av.tr\/tr\/#website"},"datePublished":"2025-01-20T09:15:40+00:00","dateModified":"2025-01-20T09:30:43+00:00","description":"Yeni Geli\u015fmeler Cumhurba\u015fkan\u0131 taraf\u0131ndan T\u00fcrkiye\u2019de Yerle\u015fik ve Faaliyet \u0130znini Haiz Kartl\u0131 Sistem Kurulu\u015flar\u0131nca \u00c7\u0131kar\u0131lan Kartlar\u0131n Kullan\u0131m\u0131 ile \u0130lgili","breadcrumb":{"@id":"https:\/\/www.esin.av.tr\/tr\/2025\/01\/20\/dijital-cuzdan-duzenlemelerine-uyum-suresi-uzatildi-2\/#breadcrumb"},"inLanguage":"tr","potentialAction":[{"@type":"ReadAction","target":["https:\/\/www.esin.av.tr\/tr\/2025\/01\/20\/dijital-cuzdan-duzenlemelerine-uyum-suresi-uzatildi-2\/"]}]},{"@type":"BreadcrumbList","@id":"https:\/\/www.esin.av.tr\/tr\/2025\/01\/20\/dijital-cuzdan-duzenlemelerine-uyum-suresi-uzatildi-2\/#breadcrumb","itemListElement":[{"@type":"ListItem","position":1,"name":"Home","item":"https:\/\/www.esin.av.tr\/tr\/"},{"@type":"ListItem","position":2,"name":"Yerli Kart \u015eemalar\u0131n\u0131n Kullan\u0131m\u0131 Te\u015fvik Ediliyor"}]},{"@type":"WebSite","@id":"https:\/\/www.esin.av.tr\/tr\/#website","url":"https:\/\/www.esin.av.tr\/tr\/","name":"Esin Avukatl\u0131k Ortakl\u0131\u011f\u0131","description":"","publisher":{"@id":"https:\/\/www.esin.av.tr\/tr\/#organization"},"potentialAction":[{"@type":"SearchAction","target":{"@type":"EntryPoint","urlTemplate":"https:\/\/www.esin.av.tr\/tr\/?s={search_term_string}"},"query-input":{"@type":"PropertyValueSpecification","valueRequired":true,"valueName":"search_term_string"}}],"inLanguage":"tr"},{"@type":"Organization","@id":"https:\/\/www.esin.av.tr\/tr\/#organization","name":"Esin Avukatl\u0131k Ortakl\u0131\u011f\u0131","url":"https:\/\/www.esin.av.tr\/tr\/","logo":{"@type":"ImageObject","inLanguage":"tr","@id":"https:\/\/www.esin.av.tr\/tr\/#\/schema\/logo\/image\/","url":"https:\/\/www.esin.av.tr\/wp-content\/uploads\/2021\/09\/esin-2.jpg","contentUrl":"https:\/\/www.esin.av.tr\/wp-content\/uploads\/2021\/09\/esin-2.jpg","width":800,"height":460,"caption":"Esin Avukatl\u0131k Ortakl\u0131\u011f\u0131"},"image":{"@id":"https:\/\/www.esin.av.tr\/tr\/#\/schema\/logo\/image\/"}},{"@type":"Person","@id":"https:\/\/www.esin.av.tr\/tr\/#\/schema\/person\/42c8e616aab56b8622fa365ad63282ae","name":"R\u0131dvan Konrat","image":{"@type":"ImageObject","inLanguage":"tr","@id":"https:\/\/www.esin.av.tr\/tr\/#\/schema\/person\/image\/","url":"https:\/\/secure.gravatar.com\/avatar\/b20c6c583be38ed4e76e32f69fccc676?s=96&d=mm&r=g","contentUrl":"https:\/\/secure.gravatar.com\/avatar\/b20c6c583be38ed4e76e32f69fccc676?s=96&d=mm&r=g","caption":"R\u0131dvan Konrat"},"sameAs":["http:\/\/www.esin.av.tr"],"url":"https:\/\/www.esin.av.tr\/tr\/author\/rkonrat\/"}]}},"_links":{"self":[{"href":"https:\/\/www.esin.av.tr\/tr\/wp-json\/wp\/v2\/posts\/28461","targetHints":{"allow":["GET"]}}],"collection":[{"href":"https:\/\/www.esin.av.tr\/tr\/wp-json\/wp\/v2\/posts"}],"about":[{"href":"https:\/\/www.esin.av.tr\/tr\/wp-json\/wp\/v2\/types\/post"}],"author":[{"embeddable":true,"href":"https:\/\/www.esin.av.tr\/tr\/wp-json\/wp\/v2\/users\/4"}],"replies":[{"embeddable":true,"href":"https:\/\/www.esin.av.tr\/tr\/wp-json\/wp\/v2\/comments?post=28461"}],"version-history":[{"count":2,"href":"https:\/\/www.esin.av.tr\/tr\/wp-json\/wp\/v2\/posts\/28461\/revisions"}],"predecessor-version":[{"id":28463,"href":"https:\/\/www.esin.av.tr\/tr\/wp-json\/wp\/v2\/posts\/28461\/revisions\/28463"}],"wp:attachment":[{"href":"https:\/\/www.esin.av.tr\/tr\/wp-json\/wp\/v2\/media?parent=28461"}],"wp:term":[{"taxonomy":"category","embeddable":true,"href":"https:\/\/www.esin.av.tr\/tr\/wp-json\/wp\/v2\/categories?post=28461"},{"taxonomy":"post_tag","embeddable":true,"href":"https:\/\/www.esin.av.tr\/tr\/wp-json\/wp\/v2\/tags?post=28461"}],"curies":[{"name":"wp","href":"https:\/\/api.w.org\/{rel}","templated":true}]}}