{"id":28415,"date":"2025-01-09T08:17:03","date_gmt":"2025-01-09T08:17:03","guid":{"rendered":"https:\/\/www.esin.av.tr\/?p=28415"},"modified":"2025-01-09T08:17:15","modified_gmt":"2025-01-09T08:17:15","slug":"kisisel-verilerin-yurt-disina-aktarilmasi-rehberi-yayimlandi","status":"publish","type":"post","link":"https:\/\/www.esin.av.tr\/tr\/2025\/01\/09\/kisisel-verilerin-yurt-disina-aktarilmasi-rehberi-yayimlandi\/","title":{"rendered":"Ki\u015fisel Verilerin Yurt D\u0131\u015f\u0131na Aktar\u0131lmas\u0131 Rehberi Yay\u0131mland\u0131"},"content":{"rendered":"<p>Ki\u015fisel Verilerin Korunmas\u0131 Hakk\u0131nda Kanun\u2019da (\u201c<strong>Kanun<\/strong>\u201d) Mart 2024\u2019te kabul edilen de\u011fi\u015fiklikler (\u201c<strong>De\u011fi\u015fiklikler<\/strong>\u201d) ve Ki\u015fisel Verileri Koruma Kurumu (\u201c<strong>Kurum<\/strong>\u201d) taraf\u0131ndan yay\u0131mlanan Ki\u015fisel Verilerin Yurt D\u0131\u015f\u0131na Aktar\u0131lmas\u0131na \u0130li\u015fkin Usul ve Esaslar Hakk\u0131nda Y\u00f6netmelik\u2019in (\u201c<strong>Y\u00f6netmelik<\/strong>\u201d) ard\u0131ndan, Kanun madde 9 kapsam\u0131nda ger\u00e7ekle\u015ftirilen yurt d\u0131\u015f\u0131na aktar\u0131mlara ili\u015fkin Kurum\u2019un a\u00e7\u0131klama ve y\u00f6nlendirmelerini i\u00e7eren Ki\u015fisel Verilerin Yurt D\u0131\u015f\u0131na Aktar\u0131lmas\u0131 Rehber\u2019i (\u201c<strong>Rehber<\/strong>) 2 Ocak 2025 tarihinde Kurum\u2019un internet sitesinde yay\u0131mland\u0131.<\/p>\n<p>B\u00fcltenimizi okumak i\u00e7in<a href=\"https:\/\/urldefense.com\/v3\/__https:\/esinxchange.com\/collect\/click.aspx?u=c2JwaFF5K0JIK2NJWFcvUUZFWk8yTGYrKzE5NmkvU0tjTjQ1QkhjS3h3OHhlWG9EV0hyUVRWT2R5dzRjeThxSm9raW1FL2ordStaYTk2N3htalVMOXp0eXNKUVY2aitDRVo4WU5JUGlCd2dpeW9UZjZpMmFYdVo4Z0Vuc3VKWFc4b2tMdDlXSXVsNDArVU4wMEU4dVdiQUEyTlZKOVVuRA==&amp;rh=ff00dded33351c8dac93a3e5674b8bfeb75be814__;!!Hj9Y_P0nvg!RTkz41hgBVxnvnn9ZcPoS-_EtO491SK9ucYIwQjzIP96NzaPhPCkhDzxjiAX6Nip7WH2Wj5xoyohQDMVtpzpRzi5eA$\">\u00a0<\/a><a href=\"https:\/\/urldefense.com\/v3\/__https:\/esinxchange.com\/collect\/click.aspx?u=c2JwaFF5K0JIK2NJWFcvUUZFWk8yTGYrKzE5NmkvU0tjTjQ1QkhjS3h3OHhlWG9EV0hyUVRWT2R5dzRjeThxSktoU2RFanVieWY3cmc1UWVmUUVxZ1VrTnZtRFhaVUF5TnVyeU1EcWFSSzJtSm4zODRIYnJkamRFU0thZXQvalhMVTBBRGJZT2ZydENtbERjVFZReEgyR2FYMm1vZVlQSzR5UTY0K3lxMjZxOFpaUDAxVmwzSnVFNzIzZmNPeVJTeEZ5OHp2dmtNTjA9&amp;rh=ff00dded33351c8dac93a3e5674b8bfeb75be814__;!!Hj9Y_P0nvg!RTkz41hgBVxnvnn9ZcPoS-_EtO491SK9ucYIwQjzIP96NzaPhPCkhDzxjiAX6Nip7WH2Wj5xoyohQDMVtpxa54hsYw$\">g\u00f6rsele t\u0131klayabilirsiniz.<\/a><\/p>\n<p><a href=\"https:\/\/f.datasrvr.com\/fr1\/625\/24691\/Legal_Alert_-Guidelines_on_the_Cross-Border_Transfer_of_Personal_Data_Published.pdf\" target=\"_blank\" rel=\"noopener\"><img fetchpriority=\"high\" decoding=\"async\" class=\"alignnone  wp-image-28413\" src=\"https:\/\/www.esin.av.tr\/wp-content\/uploads\/2025\/01\/1-1-300x210.jpg\" alt=\"\" width=\"356\" height=\"249\" srcset=\"https:\/\/www.esin.av.tr\/wp-content\/uploads\/2025\/01\/1-1-300x210.jpg 300w, https:\/\/www.esin.av.tr\/wp-content\/uploads\/2025\/01\/1-1.jpg 673w\" sizes=\"(max-width: 356px) 100vw, 356px\" \/><\/a><\/p>\n","protected":false},"excerpt":{"rendered":"<p>Ki\u015fisel Verilerin Korunmas\u0131 Hakk\u0131nda Kanun\u2019da (\u201cKanun\u201d) Mart 2024\u2019te kabul edilen de\u011fi\u015fiklikler (\u201cDe\u011fi\u015fiklikler\u201d) ve Ki\u015fisel Verileri Koruma Kurumu (\u201cKurum\u201d) taraf\u0131ndan yay\u0131mlanan [&hellip;]<\/p>\n","protected":false},"author":4,"featured_media":0,"comment_status":"closed","ping_status":"closed","sticky":false,"template":"","format":"standard","meta":{"_acf_changed":false,"_stopmodifiedupdate":false,"_modified_date":"","footnotes":""},"categories":[120],"tags":[180],"class_list":["post-28415","post","type-post","status-publish","format-standard","hentry","category-legal-alerts","tag-fikri-mulkiyet-ve-teknoloji"],"acf":[],"yoast_head":"<!-- This site is optimized with the Yoast SEO plugin v24.0 - https:\/\/yoast.com\/wordpress\/plugins\/seo\/ -->\n<title>Ki\u015fisel Verilerin Yurt D\u0131\u015f\u0131na Aktar\u0131lmas\u0131 Rehberi Yay\u0131mland\u0131<\/title>\n<meta name=\"description\" content=\"Ki\u015fisel Verilerin Korunmas\u0131 Hakk\u0131nda Kanun\u2019da (\u201cKanun\u201d) Mart 2024\u2019te kabul edilen de\u011fi\u015fiklikler (\u201cDe\u011fi\u015fiklikler\u201d) ve Ki\u015fisel Verileri Koruma Kurumu\" \/>\n<meta name=\"robots\" content=\"index, follow, max-snippet:-1, max-image-preview:large, max-video-preview:-1\" \/>\n<link rel=\"canonical\" href=\"https:\/\/www.esin.av.tr\/tr\/2025\/01\/09\/kisisel-verilerin-yurt-disina-aktarilmasi-rehberi-yayimlandi\/\" \/>\n<meta property=\"og:locale\" content=\"tr_TR\" \/>\n<meta property=\"og:type\" content=\"article\" \/>\n<meta property=\"og:title\" content=\"Ki\u015fisel Verilerin Yurt D\u0131\u015f\u0131na Aktar\u0131lmas\u0131 Rehberi Yay\u0131mland\u0131\" \/>\n<meta property=\"og:description\" content=\"Ki\u015fisel Verilerin Korunmas\u0131 Hakk\u0131nda Kanun\u2019da (\u201cKanun\u201d) Mart 2024\u2019te kabul edilen de\u011fi\u015fiklikler (\u201cDe\u011fi\u015fiklikler\u201d) ve Ki\u015fisel Verileri Koruma Kurumu\" \/>\n<meta property=\"og:url\" content=\"https:\/\/www.esin.av.tr\/tr\/2025\/01\/09\/kisisel-verilerin-yurt-disina-aktarilmasi-rehberi-yayimlandi\/\" \/>\n<meta property=\"og:site_name\" content=\"Esin Avukatl\u0131k Ortakl\u0131\u011f\u0131\" \/>\n<meta property=\"article:published_time\" content=\"2025-01-09T08:17:03+00:00\" \/>\n<meta property=\"article:modified_time\" content=\"2025-01-09T08:17:15+00:00\" \/>\n<meta property=\"og:image\" content=\"https:\/\/www.esin.av.tr\/wp-content\/uploads\/2025\/01\/1-1.jpg\" \/>\n\t<meta property=\"og:image:width\" content=\"673\" \/>\n\t<meta property=\"og:image:height\" content=\"471\" \/>\n\t<meta property=\"og:image:type\" content=\"image\/jpeg\" \/>\n<meta name=\"author\" content=\"R\u0131dvan Konrat\" \/>\n<meta name=\"twitter:card\" content=\"summary_large_image\" \/>\n<meta name=\"twitter:label1\" content=\"Written by\" \/>\n\t<meta name=\"twitter:data1\" content=\"R\u0131dvan Konrat\" \/>\n\t<meta name=\"twitter:label2\" content=\"Est. reading time\" \/>\n\t<meta name=\"twitter:data2\" content=\"1 minute\" \/>\n<script type=\"application\/ld+json\" class=\"yoast-schema-graph\">{\"@context\":\"https:\/\/schema.org\",\"@graph\":[{\"@type\":\"Article\",\"@id\":\"https:\/\/www.esin.av.tr\/tr\/2025\/01\/09\/kisisel-verilerin-yurt-disina-aktarilmasi-rehberi-yayimlandi\/#article\",\"isPartOf\":{\"@id\":\"https:\/\/www.esin.av.tr\/tr\/2025\/01\/09\/kisisel-verilerin-yurt-disina-aktarilmasi-rehberi-yayimlandi\/\"},\"author\":{\"name\":\"R\u0131dvan Konrat\",\"@id\":\"https:\/\/www.esin.av.tr\/tr\/#\/schema\/person\/42c8e616aab56b8622fa365ad63282ae\"},\"headline\":\"Ki\u015fisel Verilerin Yurt D\u0131\u015f\u0131na Aktar\u0131lmas\u0131 Rehberi Yay\u0131mland\u0131\",\"datePublished\":\"2025-01-09T08:17:03+00:00\",\"dateModified\":\"2025-01-09T08:17:15+00:00\",\"mainEntityOfPage\":{\"@id\":\"https:\/\/www.esin.av.tr\/tr\/2025\/01\/09\/kisisel-verilerin-yurt-disina-aktarilmasi-rehberi-yayimlandi\/\"},\"wordCount\":115,\"publisher\":{\"@id\":\"https:\/\/www.esin.av.tr\/tr\/#organization\"},\"image\":{\"@id\":\"https:\/\/www.esin.av.tr\/tr\/2025\/01\/09\/kisisel-verilerin-yurt-disina-aktarilmasi-rehberi-yayimlandi\/#primaryimage\"},\"thumbnailUrl\":\"https:\/\/www.esin.av.tr\/wp-content\/uploads\/2025\/01\/1-1-300x210.jpg\",\"keywords\":[\"Fikri M\u00fclkiyet ve Teknoloji\"],\"articleSection\":[\"Hukuk B\u00fcltenleri\"],\"inLanguage\":\"tr\"},{\"@type\":\"WebPage\",\"@id\":\"https:\/\/www.esin.av.tr\/tr\/2025\/01\/09\/kisisel-verilerin-yurt-disina-aktarilmasi-rehberi-yayimlandi\/\",\"url\":\"https:\/\/www.esin.av.tr\/tr\/2025\/01\/09\/kisisel-verilerin-yurt-disina-aktarilmasi-rehberi-yayimlandi\/\",\"name\":\"Ki\u015fisel Verilerin Yurt D\u0131\u015f\u0131na Aktar\u0131lmas\u0131 Rehberi Yay\u0131mland\u0131\",\"isPartOf\":{\"@id\":\"https:\/\/www.esin.av.tr\/tr\/#website\"},\"primaryImageOfPage\":{\"@id\":\"https:\/\/www.esin.av.tr\/tr\/2025\/01\/09\/kisisel-verilerin-yurt-disina-aktarilmasi-rehberi-yayimlandi\/#primaryimage\"},\"image\":{\"@id\":\"https:\/\/www.esin.av.tr\/tr\/2025\/01\/09\/kisisel-verilerin-yurt-disina-aktarilmasi-rehberi-yayimlandi\/#primaryimage\"},\"thumbnailUrl\":\"https:\/\/www.esin.av.tr\/wp-content\/uploads\/2025\/01\/1-1-300x210.jpg\",\"datePublished\":\"2025-01-09T08:17:03+00:00\",\"dateModified\":\"2025-01-09T08:17:15+00:00\",\"description\":\"Ki\u015fisel Verilerin Korunmas\u0131 Hakk\u0131nda Kanun\u2019da (\u201cKanun\u201d) Mart 2024\u2019te kabul edilen de\u011fi\u015fiklikler (\u201cDe\u011fi\u015fiklikler\u201d) ve Ki\u015fisel Verileri Koruma Kurumu\",\"breadcrumb\":{\"@id\":\"https:\/\/www.esin.av.tr\/tr\/2025\/01\/09\/kisisel-verilerin-yurt-disina-aktarilmasi-rehberi-yayimlandi\/#breadcrumb\"},\"inLanguage\":\"tr\",\"potentialAction\":[{\"@type\":\"ReadAction\",\"target\":[\"https:\/\/www.esin.av.tr\/tr\/2025\/01\/09\/kisisel-verilerin-yurt-disina-aktarilmasi-rehberi-yayimlandi\/\"]}]},{\"@type\":\"ImageObject\",\"inLanguage\":\"tr\",\"@id\":\"https:\/\/www.esin.av.tr\/tr\/2025\/01\/09\/kisisel-verilerin-yurt-disina-aktarilmasi-rehberi-yayimlandi\/#primaryimage\",\"url\":\"https:\/\/www.esin.av.tr\/wp-content\/uploads\/2025\/01\/1-1-300x210.jpg\",\"contentUrl\":\"https:\/\/www.esin.av.tr\/wp-content\/uploads\/2025\/01\/1-1-300x210.jpg\"},{\"@type\":\"BreadcrumbList\",\"@id\":\"https:\/\/www.esin.av.tr\/tr\/2025\/01\/09\/kisisel-verilerin-yurt-disina-aktarilmasi-rehberi-yayimlandi\/#breadcrumb\",\"itemListElement\":[{\"@type\":\"ListItem\",\"position\":1,\"name\":\"Home\",\"item\":\"https:\/\/www.esin.av.tr\/tr\/\"},{\"@type\":\"ListItem\",\"position\":2,\"name\":\"Ki\u015fisel Verilerin Yurt D\u0131\u015f\u0131na Aktar\u0131lmas\u0131 Rehberi Yay\u0131mland\u0131\"}]},{\"@type\":\"WebSite\",\"@id\":\"https:\/\/www.esin.av.tr\/tr\/#website\",\"url\":\"https:\/\/www.esin.av.tr\/tr\/\",\"name\":\"Esin Avukatl\u0131k Ortakl\u0131\u011f\u0131\",\"description\":\"\",\"publisher\":{\"@id\":\"https:\/\/www.esin.av.tr\/tr\/#organization\"},\"potentialAction\":[{\"@type\":\"SearchAction\",\"target\":{\"@type\":\"EntryPoint\",\"urlTemplate\":\"https:\/\/www.esin.av.tr\/tr\/?s={search_term_string}\"},\"query-input\":{\"@type\":\"PropertyValueSpecification\",\"valueRequired\":true,\"valueName\":\"search_term_string\"}}],\"inLanguage\":\"tr\"},{\"@type\":\"Organization\",\"@id\":\"https:\/\/www.esin.av.tr\/tr\/#organization\",\"name\":\"Esin Avukatl\u0131k Ortakl\u0131\u011f\u0131\",\"url\":\"https:\/\/www.esin.av.tr\/tr\/\",\"logo\":{\"@type\":\"ImageObject\",\"inLanguage\":\"tr\",\"@id\":\"https:\/\/www.esin.av.tr\/tr\/#\/schema\/logo\/image\/\",\"url\":\"https:\/\/www.esin.av.tr\/wp-content\/uploads\/2021\/09\/esin-2.jpg\",\"contentUrl\":\"https:\/\/www.esin.av.tr\/wp-content\/uploads\/2021\/09\/esin-2.jpg\",\"width\":800,\"height\":460,\"caption\":\"Esin Avukatl\u0131k Ortakl\u0131\u011f\u0131\"},\"image\":{\"@id\":\"https:\/\/www.esin.av.tr\/tr\/#\/schema\/logo\/image\/\"}},{\"@type\":\"Person\",\"@id\":\"https:\/\/www.esin.av.tr\/tr\/#\/schema\/person\/42c8e616aab56b8622fa365ad63282ae\",\"name\":\"R\u0131dvan Konrat\",\"image\":{\"@type\":\"ImageObject\",\"inLanguage\":\"tr\",\"@id\":\"https:\/\/www.esin.av.tr\/tr\/#\/schema\/person\/image\/\",\"url\":\"https:\/\/secure.gravatar.com\/avatar\/b20c6c583be38ed4e76e32f69fccc676?s=96&d=mm&r=g\",\"contentUrl\":\"https:\/\/secure.gravatar.com\/avatar\/b20c6c583be38ed4e76e32f69fccc676?s=96&d=mm&r=g\",\"caption\":\"R\u0131dvan Konrat\"},\"sameAs\":[\"http:\/\/www.esin.av.tr\"],\"url\":\"https:\/\/www.esin.av.tr\/tr\/author\/rkonrat\/\"}]}<\/script>\n<!-- \/ Yoast SEO plugin. -->","yoast_head_json":{"title":"Ki\u015fisel Verilerin Yurt D\u0131\u015f\u0131na Aktar\u0131lmas\u0131 Rehberi Yay\u0131mland\u0131","description":"Ki\u015fisel Verilerin Korunmas\u0131 Hakk\u0131nda Kanun\u2019da (\u201cKanun\u201d) Mart 2024\u2019te kabul edilen de\u011fi\u015fiklikler (\u201cDe\u011fi\u015fiklikler\u201d) ve Ki\u015fisel Verileri Koruma Kurumu","robots":{"index":"index","follow":"follow","max-snippet":"max-snippet:-1","max-image-preview":"max-image-preview:large","max-video-preview":"max-video-preview:-1"},"canonical":"https:\/\/www.esin.av.tr\/tr\/2025\/01\/09\/kisisel-verilerin-yurt-disina-aktarilmasi-rehberi-yayimlandi\/","og_locale":"tr_TR","og_type":"article","og_title":"Ki\u015fisel Verilerin Yurt D\u0131\u015f\u0131na Aktar\u0131lmas\u0131 Rehberi Yay\u0131mland\u0131","og_description":"Ki\u015fisel Verilerin Korunmas\u0131 Hakk\u0131nda Kanun\u2019da (\u201cKanun\u201d) Mart 2024\u2019te kabul edilen de\u011fi\u015fiklikler (\u201cDe\u011fi\u015fiklikler\u201d) ve Ki\u015fisel Verileri Koruma Kurumu","og_url":"https:\/\/www.esin.av.tr\/tr\/2025\/01\/09\/kisisel-verilerin-yurt-disina-aktarilmasi-rehberi-yayimlandi\/","og_site_name":"Esin Avukatl\u0131k Ortakl\u0131\u011f\u0131","article_published_time":"2025-01-09T08:17:03+00:00","article_modified_time":"2025-01-09T08:17:15+00:00","og_image":[{"width":673,"height":471,"url":"https:\/\/www.esin.av.tr\/wp-content\/uploads\/2025\/01\/1-1.jpg","type":"image\/jpeg"}],"author":"R\u0131dvan Konrat","twitter_card":"summary_large_image","twitter_misc":{"Written by":"R\u0131dvan Konrat","Est. reading time":"1 minute"},"schema":{"@context":"https:\/\/schema.org","@graph":[{"@type":"Article","@id":"https:\/\/www.esin.av.tr\/tr\/2025\/01\/09\/kisisel-verilerin-yurt-disina-aktarilmasi-rehberi-yayimlandi\/#article","isPartOf":{"@id":"https:\/\/www.esin.av.tr\/tr\/2025\/01\/09\/kisisel-verilerin-yurt-disina-aktarilmasi-rehberi-yayimlandi\/"},"author":{"name":"R\u0131dvan Konrat","@id":"https:\/\/www.esin.av.tr\/tr\/#\/schema\/person\/42c8e616aab56b8622fa365ad63282ae"},"headline":"Ki\u015fisel Verilerin Yurt D\u0131\u015f\u0131na Aktar\u0131lmas\u0131 Rehberi Yay\u0131mland\u0131","datePublished":"2025-01-09T08:17:03+00:00","dateModified":"2025-01-09T08:17:15+00:00","mainEntityOfPage":{"@id":"https:\/\/www.esin.av.tr\/tr\/2025\/01\/09\/kisisel-verilerin-yurt-disina-aktarilmasi-rehberi-yayimlandi\/"},"wordCount":115,"publisher":{"@id":"https:\/\/www.esin.av.tr\/tr\/#organization"},"image":{"@id":"https:\/\/www.esin.av.tr\/tr\/2025\/01\/09\/kisisel-verilerin-yurt-disina-aktarilmasi-rehberi-yayimlandi\/#primaryimage"},"thumbnailUrl":"https:\/\/www.esin.av.tr\/wp-content\/uploads\/2025\/01\/1-1-300x210.jpg","keywords":["Fikri M\u00fclkiyet ve Teknoloji"],"articleSection":["Hukuk B\u00fcltenleri"],"inLanguage":"tr"},{"@type":"WebPage","@id":"https:\/\/www.esin.av.tr\/tr\/2025\/01\/09\/kisisel-verilerin-yurt-disina-aktarilmasi-rehberi-yayimlandi\/","url":"https:\/\/www.esin.av.tr\/tr\/2025\/01\/09\/kisisel-verilerin-yurt-disina-aktarilmasi-rehberi-yayimlandi\/","name":"Ki\u015fisel Verilerin Yurt D\u0131\u015f\u0131na Aktar\u0131lmas\u0131 Rehberi Yay\u0131mland\u0131","isPartOf":{"@id":"https:\/\/www.esin.av.tr\/tr\/#website"},"primaryImageOfPage":{"@id":"https:\/\/www.esin.av.tr\/tr\/2025\/01\/09\/kisisel-verilerin-yurt-disina-aktarilmasi-rehberi-yayimlandi\/#primaryimage"},"image":{"@id":"https:\/\/www.esin.av.tr\/tr\/2025\/01\/09\/kisisel-verilerin-yurt-disina-aktarilmasi-rehberi-yayimlandi\/#primaryimage"},"thumbnailUrl":"https:\/\/www.esin.av.tr\/wp-content\/uploads\/2025\/01\/1-1-300x210.jpg","datePublished":"2025-01-09T08:17:03+00:00","dateModified":"2025-01-09T08:17:15+00:00","description":"Ki\u015fisel Verilerin Korunmas\u0131 Hakk\u0131nda Kanun\u2019da (\u201cKanun\u201d) Mart 2024\u2019te kabul edilen de\u011fi\u015fiklikler (\u201cDe\u011fi\u015fiklikler\u201d) ve Ki\u015fisel Verileri Koruma Kurumu","breadcrumb":{"@id":"https:\/\/www.esin.av.tr\/tr\/2025\/01\/09\/kisisel-verilerin-yurt-disina-aktarilmasi-rehberi-yayimlandi\/#breadcrumb"},"inLanguage":"tr","potentialAction":[{"@type":"ReadAction","target":["https:\/\/www.esin.av.tr\/tr\/2025\/01\/09\/kisisel-verilerin-yurt-disina-aktarilmasi-rehberi-yayimlandi\/"]}]},{"@type":"ImageObject","inLanguage":"tr","@id":"https:\/\/www.esin.av.tr\/tr\/2025\/01\/09\/kisisel-verilerin-yurt-disina-aktarilmasi-rehberi-yayimlandi\/#primaryimage","url":"https:\/\/www.esin.av.tr\/wp-content\/uploads\/2025\/01\/1-1-300x210.jpg","contentUrl":"https:\/\/www.esin.av.tr\/wp-content\/uploads\/2025\/01\/1-1-300x210.jpg"},{"@type":"BreadcrumbList","@id":"https:\/\/www.esin.av.tr\/tr\/2025\/01\/09\/kisisel-verilerin-yurt-disina-aktarilmasi-rehberi-yayimlandi\/#breadcrumb","itemListElement":[{"@type":"ListItem","position":1,"name":"Home","item":"https:\/\/www.esin.av.tr\/tr\/"},{"@type":"ListItem","position":2,"name":"Ki\u015fisel Verilerin Yurt D\u0131\u015f\u0131na Aktar\u0131lmas\u0131 Rehberi Yay\u0131mland\u0131"}]},{"@type":"WebSite","@id":"https:\/\/www.esin.av.tr\/tr\/#website","url":"https:\/\/www.esin.av.tr\/tr\/","name":"Esin Avukatl\u0131k Ortakl\u0131\u011f\u0131","description":"","publisher":{"@id":"https:\/\/www.esin.av.tr\/tr\/#organization"},"potentialAction":[{"@type":"SearchAction","target":{"@type":"EntryPoint","urlTemplate":"https:\/\/www.esin.av.tr\/tr\/?s={search_term_string}"},"query-input":{"@type":"PropertyValueSpecification","valueRequired":true,"valueName":"search_term_string"}}],"inLanguage":"tr"},{"@type":"Organization","@id":"https:\/\/www.esin.av.tr\/tr\/#organization","name":"Esin Avukatl\u0131k Ortakl\u0131\u011f\u0131","url":"https:\/\/www.esin.av.tr\/tr\/","logo":{"@type":"ImageObject","inLanguage":"tr","@id":"https:\/\/www.esin.av.tr\/tr\/#\/schema\/logo\/image\/","url":"https:\/\/www.esin.av.tr\/wp-content\/uploads\/2021\/09\/esin-2.jpg","contentUrl":"https:\/\/www.esin.av.tr\/wp-content\/uploads\/2021\/09\/esin-2.jpg","width":800,"height":460,"caption":"Esin Avukatl\u0131k Ortakl\u0131\u011f\u0131"},"image":{"@id":"https:\/\/www.esin.av.tr\/tr\/#\/schema\/logo\/image\/"}},{"@type":"Person","@id":"https:\/\/www.esin.av.tr\/tr\/#\/schema\/person\/42c8e616aab56b8622fa365ad63282ae","name":"R\u0131dvan Konrat","image":{"@type":"ImageObject","inLanguage":"tr","@id":"https:\/\/www.esin.av.tr\/tr\/#\/schema\/person\/image\/","url":"https:\/\/secure.gravatar.com\/avatar\/b20c6c583be38ed4e76e32f69fccc676?s=96&d=mm&r=g","contentUrl":"https:\/\/secure.gravatar.com\/avatar\/b20c6c583be38ed4e76e32f69fccc676?s=96&d=mm&r=g","caption":"R\u0131dvan Konrat"},"sameAs":["http:\/\/www.esin.av.tr"],"url":"https:\/\/www.esin.av.tr\/tr\/author\/rkonrat\/"}]}},"_links":{"self":[{"href":"https:\/\/www.esin.av.tr\/tr\/wp-json\/wp\/v2\/posts\/28415","targetHints":{"allow":["GET"]}}],"collection":[{"href":"https:\/\/www.esin.av.tr\/tr\/wp-json\/wp\/v2\/posts"}],"about":[{"href":"https:\/\/www.esin.av.tr\/tr\/wp-json\/wp\/v2\/types\/post"}],"author":[{"embeddable":true,"href":"https:\/\/www.esin.av.tr\/tr\/wp-json\/wp\/v2\/users\/4"}],"replies":[{"embeddable":true,"href":"https:\/\/www.esin.av.tr\/tr\/wp-json\/wp\/v2\/comments?post=28415"}],"version-history":[{"count":2,"href":"https:\/\/www.esin.av.tr\/tr\/wp-json\/wp\/v2\/posts\/28415\/revisions"}],"predecessor-version":[{"id":28417,"href":"https:\/\/www.esin.av.tr\/tr\/wp-json\/wp\/v2\/posts\/28415\/revisions\/28417"}],"wp:attachment":[{"href":"https:\/\/www.esin.av.tr\/tr\/wp-json\/wp\/v2\/media?parent=28415"}],"wp:term":[{"taxonomy":"category","embeddable":true,"href":"https:\/\/www.esin.av.tr\/tr\/wp-json\/wp\/v2\/categories?post=28415"},{"taxonomy":"post_tag","embeddable":true,"href":"https:\/\/www.esin.av.tr\/tr\/wp-json\/wp\/v2\/tags?post=28415"}],"curies":[{"name":"wp","href":"https:\/\/api.w.org\/{rel}","templated":true}]}}