{"id":28392,"date":"2024-12-30T11:45:36","date_gmt":"2024-12-30T11:45:36","guid":{"rendered":"https:\/\/www.esin.av.tr\/?p=28392"},"modified":"2025-01-07T13:42:15","modified_gmt":"2025-01-07T13:42:15","slug":"rekabet-kurumunun-ceza-yonetmeligi-guncellenerek-yururluge-girdi","status":"publish","type":"post","link":"https:\/\/www.esin.av.tr\/tr\/2024\/12\/30\/rekabet-kurumunun-ceza-yonetmeligi-guncellenerek-yururluge-girdi\/","title":{"rendered":"Rekabet Kurumu\u2019nun Ceza Y\u00f6netmeli\u011fi G\u00fcncellenerek Y\u00fcr\u00fcrl\u00fc\u011fe Girdi"},"content":{"rendered":"<p><strong>Yeni geli\u015fme<\/strong><\/p>\n<p>27 Aral\u0131k 2024 tarih ve 32765 say\u0131l\u0131 Resmi Gazete ile Rekabeti S\u0131n\u0131rlay\u0131c\u0131 Anla\u015fma, Uyumlu Eylem ve Kararlar ile Hakim Durumun K\u00f6t\u00fcye Kullan\u0131lmas\u0131 Halinde Verilecek Para Cezalar\u0131na \u0130li\u015fkin Y\u00f6netmelik (\u201c<strong>Yeni Ceza Y\u00f6netmeli\u011fi<\/strong>\u201d) g\u00fcncellenmi\u015f ve ayn\u0131 tarihte y\u00fcr\u00fcrl\u00fc\u011fe girmi\u015ftir.<sup>[7]<\/sup>\u00a0B\u00f6ylelikle, 15 \u015eubat 2009 tarih ve 27142 say\u0131 ile Resmi Gazete\u2019de yay\u0131mlanan ayn\u0131 isimli y\u00f6netmelik (\u201c<strong>Eski<\/strong> <strong>Ceza<\/strong> <strong>Y\u00f6netmeli\u011fi<\/strong>\u201d) y\u00fcr\u00fcrl\u00fckten kald\u0131r\u0131lm\u0131\u015ft\u0131r.<sup>[8]<\/sup><\/p>\n<p>Rekabet Kurumu\u2019nun internet sitesinde yay\u0131mlanan duyuruya g\u00f6re,<sup>[9]<\/sup>\u00a0ceza rejiminde yap\u0131lan bu de\u011fi\u015fikli\u011fin arkas\u0131nda Eski Ceza Y\u00f6netmeli\u011fi\u2019nin y\u00fcr\u00fcrl\u00fc\u011fe girmesinden sonra ge\u00e7en yakla\u015f\u0131k 15 y\u0131ll\u0131k s\u00fcre\u00e7te rekabet hukukunun uyguland\u0131\u011f\u0131 piyasalar\u0131n niteli\u011finde, te\u015febb\u00fcslerin i\u015f modellerinde ve t\u00fcketici tercihlerinde ya\u015fanan de\u011fi\u015fikliklerle paralel bir \u015fekilde farkl\u0131 ihlal t\u00fcrlerinin ortaya \u00e7\u0131kmas\u0131 ve rekabet hukukunun muhataplar\u0131n\u0131n niteli\u011findeki de\u011fi\u015fimler yatmaktad\u0131r. Bu ba\u011flamda; \u00f6zellikle b\u00fcy\u00fck k\u00fcresel teknoloji te\u015febb\u00fcslerinin pazar g\u00fcc\u00fcn\u00fcn artmas\u0131 sebebiyle rekabet ihlallerinin geni\u015f bir ekonomik alana yay\u0131lmas\u0131 ve algoritmalar ile veri tekelle\u015fmesine ba\u011fl\u0131 ihlallerin olumsuz etkilerine vurgu yap\u0131lm\u0131\u015ft\u0131r.<\/p>\n<p>Yeni Ceza Y\u00f6netmeli\u011fi ile birlikte rekabet hukuku ihlallerinin ceza rejiminde esasl\u0131 de\u011fi\u015fiklikler yap\u0131lm\u0131\u015f olup, bunlar a\u015fa\u011f\u0131da detayl\u0131ca a\u00e7\u0131klanmaktad\u0131r.<br \/>\n<strong>a. Temel Ceza Oran\u0131<\/strong><\/p>\n<p>Yeni Ceza Y\u00f6netmeli\u011fi ile birlikte, Eski Ceza Y\u00f6netmeli\u011fi\u2019ndeki temel para cezas\u0131n\u0131n belirlenmesinde \u201ckarteller\u201d ve \u201cdi\u011fer ihlaller\u201d i\u00e7in \u00f6ng\u00f6r\u00fclen ayr\u0131m kald\u0131r\u0131lm\u0131\u015ft\u0131r. Buna paralel olarak, farkl\u0131 ihlal t\u00fcrleri bak\u0131m\u0131ndan \u00f6ng\u00f6r\u00fclen temel para cezas\u0131ndaki alt ve \u00fcst s\u0131n\u0131rlar (yani, karteller i\u00e7in %2 ila %4, di\u011fer ihlaller i\u00e7in %0,5 ila %3) da ortadan kalkm\u0131\u015ft\u0131r. B\u00f6ylelikle ceza hesaplamas\u0131nda ihlal t\u00fcr\u00fcne g\u00f6re bir ayr\u0131m yap\u0131lmayacak olup, ayn\u0131 zamanda temel para cezas\u0131 oran\u0131 a\u00e7\u0131s\u0131ndan bir s\u0131n\u0131rlama da s\u00f6z konusu olmayacakt\u0131r.<\/p>\n<p>Ge\u00e7mi\u015fte temel para cezas\u0131 oran\u0131 aral\u0131\u011f\u0131n\u0131n belirlenmesi bak\u0131m\u0131ndan te\u015febb\u00fcslerin piyasadaki g\u00fcc\u00fc, ihlal dolay\u0131s\u0131yla ger\u00e7ekle\u015fen ve ger\u00e7ekle\u015fmesi muhtemel zarar\u0131n a\u011f\u0131rl\u0131\u011f\u0131 gibi \u00e7e\u015fitli fakt\u00f6rlerin dikkate al\u0131naca\u011f\u0131 d\u00fczenlenmekteyken, Yeni Ceza Y\u00f6netmeli\u011fi ile ba\u015flang\u0131\u00e7 ceza oran\u0131 bak\u0131m\u0131ndan s\u00f6z konusu fakt\u00f6rler tahdidi olmayacak \u015fekilde say\u0131lm\u0131\u015f ve te\u015febb\u00fcslerin piyasadaki g\u00fcc\u00fc bu fakt\u00f6rler aras\u0131ndan \u00e7\u0131kart\u0131lm\u0131\u015ft\u0131r. Buna kar\u015f\u0131n, ba\u015flang\u0131\u00e7 ceza oran\u0131n\u0131n fiili veya potansiyel zarar\u0131n yan\u0131 s\u0131ra ihlalin niteli\u011finin a\u00e7\u0131k ve\/veya a\u011f\u0131r olup olmad\u0131\u011f\u0131n\u0131n g\u00f6zetilmesiyle belirlenece\u011fi d\u00fczenlenmi\u015ftir. Bu \u00e7er\u00e7evede, yeni ceza rejiminde ihlalin niteli\u011fi ve rekabet \u00fczerindeki olumsuz etkisi dikkate al\u0131nacakt\u0131r.<br \/>\nBununla birlikte, y\u00f6netmelikte a\u00e7\u0131k ve\/veya a\u011f\u0131r ihlal tan\u0131m\u0131na yer verilmemi\u015ftir. Bu itibarla, bunun ikincil mevzuattaki \u201ca\u00e7\u0131k ve a\u011f\u0131r ihlal\u201d tan\u0131m\u0131na<sup>[10]\u00a0<\/sup>giren ve rekabeti s\u0131n\u0131rlay\u0131c\u0131 anla\u015fmalardan ibaret ihlal t\u00fcrleri ile mi s\u0131n\u0131rl\u0131 olaca\u011f\u0131 yoksa ba\u015fka t\u00fcr ihlallerin de mi bu tan\u0131m kapsam\u0131nda de\u011ferlendirilece\u011fi \u015fu a\u015famada belirsizdir.<\/p>\n<p>Ge\u00e7mi\u015fte temel para cezas\u0131nda ihlalin 1 ila 5 y\u0131l ve 5 y\u0131ldan uzun s\u00fcrmesi halinde s\u0131ras\u0131yla %50 ve %100 art\u0131r\u0131ma gidilirken, Yeni Ceza Y\u00f6netmeli\u011fi\u2019nde ihlalin s\u00fcresi bak\u0131m\u0131ndan dikkate al\u0131nacak zaman aral\u0131klar\u0131 k\u0131salt\u0131larak, 1 y\u0131ldan uzun s\u00fcren ihlaller bak\u0131m\u0131ndan 5 y\u0131la kadar her bir y\u0131l i\u00e7in farkl\u0131 art\u0131r\u0131m oranlar\u0131 benimsenmi\u015f, 5 y\u0131ldan uzun s\u00fcren ihlaller bak\u0131m\u0131ndan ise ceza oran\u0131n\u0131n bir kat art\u0131r\u0131lmas\u0131 h\u00fckm\u00fc korunmu\u015ftur. Somutla\u015ft\u0131rmak ad\u0131na, ihlalin s\u00fcresine g\u00f6re art\u0131r\u0131m oranlar\u0131 \u015fu \u015fekildedir:<\/p>\n<ul>\n<li>1-2 y\u0131l s\u00fcrd\u00fcyse %20,<\/li>\n<li>2-3 y\u0131l s\u00fcrd\u00fcyse %40,<\/li>\n<li>3-4 y\u0131l s\u00fcrd\u00fcyse %60,<\/li>\n<li>4-5 y\u0131l s\u00fcrd\u00fcyse %80,<\/li>\n<li>5 y\u0131ldan uzun s\u00fcrd\u00fcyse %100.<\/li>\n<\/ul>\n<p>\u200b<strong>b.\u00a0A\u011f\u0131rla\u015ft\u0131r\u0131c\u0131 Unsurlar<\/strong><\/p>\n<p>Yeni Ceza Y\u00f6netmeli\u011fi\u2019nde, Eski Ceza Y\u00f6netmeli\u011fi\u2019nde a\u011f\u0131rla\u015ft\u0131r\u0131c\u0131 sebeplerin varl\u0131\u011f\u0131 halinde cezada art\u0131r\u0131m i\u00e7in \u00f6ng\u00f6r\u00fclen alt s\u0131n\u0131r kald\u0131r\u0131l\u0131rken, \u00fcst s\u0131n\u0131r korunmu\u015ftur. \u0130laveten, tekerr\u00fcr kavram\u0131 muhafaza edilmi\u015f; yeni d\u00fczenlemede 4054 say\u0131l\u0131 Rekabetin Korunmas\u0131 Hakk\u0131nda Kanun\u2019un 4. ve\/veya 6. maddesinin ihlal edilmesinin tespitinin ard\u0131ndan ayn\u0131 te\u015febb\u00fcs veya te\u015febb\u00fcs taraf\u0131ndan s\u00f6z konusu maddeleri tekrar ihlal etmesi halinde temel ceza oran\u0131n\u0131n bir kat\u0131na kadar art\u0131r\u0131laca\u011f\u0131 \u00f6ng\u00f6r\u00fclm\u00fc\u015ft\u00fcr. Buna g\u00f6re, yeni d\u00fczenlemeyle tekerr\u00fcr\u00fcn kanunun farkl\u0131 h\u00fck\u00fcmlerinin ihlali halinde de i\u015fletilebilece\u011fi anla\u015f\u0131lmaktad\u0131r. \u0130laveten, eski d\u00fczenlemede her bir tekrar i\u00e7in s\u00f6z konusu art\u0131r\u0131m\u0131n yap\u0131laca\u011f\u0131 d\u00fczenlenirken, tekrar say\u0131s\u0131na dair olan d\u00fczenleme uygulamayla paralel bir \u015fekilde Yeni Ceza Y\u00f6netmeli\u011fi\u2019nden kald\u0131r\u0131lm\u0131\u015ft\u0131r.<\/p>\n<p>Yine Eski Ceza Y\u00f6netmeli\u011fi\u2019nde bu ba\u015fl\u0131k alt\u0131nda yer verilen soru\u015fturma karar\u0131ndan sonra \u2018kartele\u2019 devam edilmesi ifadesinin \u2018ihlale\u2019 devam edilmesi \u015feklinde de\u011fi\u015ftirilerek, kartel harici ihlal t\u00fcrlerinde de ihlale devam edilmesi halinde cezada art\u0131r\u0131ma gidilmesinin \u00f6n\u00fc a\u00e7\u0131lm\u0131\u015ft\u0131r.<\/p>\n<p>Bunun yan\u0131 s\u0131ra, Yeni Ceza Y\u00f6netmeli\u011fi\u2019nde ihlalin olu\u015fmas\u0131nda ve\/veya s\u00fcrd\u00fcr\u00fclmesinde vazge\u00e7ilmez i\u015flevi olma hali olarak tan\u0131mlanan ihlalde belirleyici etkinin bulunmas\u0131 hali bir a\u011f\u0131rla\u015ft\u0131r\u0131c\u0131 unsur haline gelmi\u015ftir. Belirleyici etki kavram\u0131 ge\u00e7mi\u015fte kartellerde bu etkiyi haiz oldu\u011fu saptanan te\u015febb\u00fcs y\u00f6neticileri veya \u00e7al\u0131\u015fanlar\u0131na verilecek cezalarda dikkate al\u0131n\u0131rken, bu etkinin art\u0131k herhangi bir ihlal t\u00fcr\u00fcnde ve te\u015febb\u00fcsler bak\u0131m\u0131ndan da ele al\u0131nabilece\u011fi anla\u015f\u0131lmaktad\u0131r.<\/p>\n<p>\u0130laveten, 2021 y\u0131l\u0131nda y\u00fcr\u00fcrl\u00fc\u011fe giren Rekabeti S\u0131n\u0131rlay\u0131c\u0131 Anla\u015fma, Uyumlu Eylem Ve Kararlar \u0130le H\u00e2kim Durumun K\u00f6t\u00fcye Kullan\u0131lmas\u0131na Y\u00f6nelik Soru\u015fturmalarda Uygulanabilecek Uzla\u015fma Usul\u00fcne \u0130li\u015fkin Y\u00f6netmelik\u2019in 12. maddesinin \u00fc\u00e7\u00fcnc\u00fc f\u0131kras\u0131nda d\u00fczenlendi\u011fi \u00fczere, ayn\u0131 maddenin birinci f\u0131kras\u0131nda yer alan gizlilik y\u00fck\u00fcml\u00fcl\u00fc\u011f\u00fcn\u00fcn ihlal edilmesi halinde temel ceza oran\u0131n\u0131n bir kat\u0131na kadar artt\u0131r\u0131labilece\u011fi h\u00fckm\u00fc Yeni Ceza Y\u00f6netmeli\u011fi\u2019nde de yerini bulmu\u015ftur.<\/p>\n<p>Eski Ceza Y\u00f6netmeli\u011fi\u2019nde taahh\u00fctlere uyulmamas\u0131, incelemeye yard\u0131mc\u0131 olunmamas\u0131 ve di\u011fer te\u015febb\u00fcslerin ihlale zorlanmas\u0131 halleri takdiri a\u011f\u0131rla\u015ft\u0131r\u0131c\u0131 sebep olarak d\u00fczenleniyorken, Yeni Ceza Y\u00f6netmeli\u011fi\u2019nde bunlara yer verilmemi\u015ftir.<\/p>\n<p>Son olarak, birden fazla farkl\u0131 a\u011f\u0131rla\u015ft\u0131r\u0131c\u0131 unsurun varl\u0131\u011f\u0131 halinde art\u0131r\u0131m oran\u0131n\u0131n nas\u0131l hesaplanaca\u011f\u0131 konusu a\u00e7\u0131kl\u0131\u011fa kavu\u015fturularak, art\u0131r\u0131m oran\u0131n\u0131n toplanarak temel ceza oran\u0131na uygulanaca\u011f\u0131 d\u00fczenlenmi\u015ftir.<\/p>\n<p>T\u00fcm bu d\u00fczenlemelerin amac\u0131n\u0131n ise, t\u00fcketici refah\u0131na zarar veren rekabet ihlallerinin daha etkin bir \u015fekilde cezaland\u0131r\u0131labilmesi ve gelecekte ger\u00e7ekle\u015ftirilebilecek rekabet ihlallerinin cayd\u0131r\u0131labilmesi oldu\u011fu anla\u015f\u0131lmaktad\u0131r.<br \/>\n<strong>c. Hafifletici Unsurlar<\/strong><\/p>\n<p>Yeni Ceza Y\u00f6netmeli\u011fi ile hafifletici unsurlar\u0131n varl\u0131\u011f\u0131 halinde uygulanacak indirim oran\u0131n\u0131n alt ve \u00fcst s\u0131n\u0131r\u0131 kald\u0131r\u0131lm\u0131\u015f ve indirim oran\u0131 tamamen Kurul\u2019un takdirine b\u0131rak\u0131lm\u0131\u015ft\u0131r.<\/p>\n<p>Ge\u00e7mi\u015fte tahdidi olmayacak \u015fekilde say\u0131lan hafifletici unsurlar\u0131n s\u0131n\u0131rlar\u0131 net bir \u015fekilde \u00e7izilmi\u015ftir. Bu \u00e7er\u00e7evede, Eski Ceza Y\u00f6netmeli\u011fi\u2019nde hafifletici sebeplerden biri olan &#8220;yasal y\u00fck\u00fcml\u00fcl\u00fc\u011f\u00fcn \u00f6tesinde incelemeye yard\u0131mc\u0131 olunmas\u0131\u201d hali, Yeni Ceza Y\u00f6netmeli\u011fi\u2019nde detayland\u0131r\u0131larak muhafaza edilmi\u015ftir. Buna g\u00f6re, yerinde incelemenin daha k\u0131sa s\u00fcrede tamamlanmas\u0131n\u0131 veya daha etkin \u015fekilde ger\u00e7ekle\u015ftirilmesini sa\u011flayan fiziksel ve\/veya teknik imk\u00e2nlar\u0131n sunulmas\u0131 suretiyle ya da yerinde inceleme esnas\u0131nda inceleme konusuyla ba\u011flant\u0131l\u0131 olan ilave bilgi veya belgelerin incelenen taraf\u00e7a kendili\u011finden sunulmas\u0131 suretiyle yerinde incelemeye yard\u0131mc\u0131 olunmas\u0131 hallerinde te\u015febb\u00fcslere uygulanacak cezada indirime gidilebilecektir.<\/p>\n<p>Bununla beraber, Yeni Ceza Y\u00f6netmeli\u011fi\u2019nde eski d\u00fczenlemeden farkl\u0131 olarak kamu kurumlar\u0131n\u0131n te\u015fviki, g\u00f6n\u00fcll\u00fc tazminat \u00f6denmesi, di\u011fer ihlallere son verilmesi gibi haller hafifletici sebep olarak say\u0131lmam\u0131\u015ft\u0131r. Bunlar yerine, ihlale kat\u0131l\u0131m\u0131n s\u0131n\u0131rl\u0131 olmas\u0131 ve idari para cezas\u0131na esas al\u0131nan y\u0131ll\u0131k gayri safi gelirler i\u00e7inde yurt d\u0131\u015f\u0131 sat\u0131\u015f gelirlerinin bulunmas\u0131 hafifletici sebep olarak say\u0131lm\u0131\u015ft\u0131r. Bu de\u011fi\u015fiklik yak\u0131n tarihli Kurul kararlar\u0131nda da tart\u0131\u015f\u0131ld\u0131\u011f\u0131 \u00fczere,<sup>[11]<\/sup>\u00a0ceza hesaplamas\u0131nda te\u015febb\u00fcslerin yurti\u00e7i gelirleri yerine toplam gelirlerinin dikkate al\u0131naca\u011f\u0131na ve yurt d\u0131\u015f\u0131 gelirlerinin bulunmas\u0131n\u0131n art\u0131k yaln\u0131zca bir indirim sebebi olabilece\u011fine i\u015faret etmektedir.<\/p>\n<p><strong>d. Y\u00f6neticilere ve \u00c7al\u0131\u015fanlara Verilecek \u0130dari Para Cezas\u0131<\/strong><\/p>\n<p>Yeni d\u00fczenlemeyle birlikte kartel ve di\u011fer ihlal ayr\u0131m\u0131 ortadan kalkarak, di\u011fer ihlaller bak\u0131m\u0131ndan da ihlalde belirleyici etkisi oldu\u011fu saptanan te\u015febb\u00fcs veya te\u015febb\u00fcs birli\u011fi y\u00f6neticilerine veya \u00e7al\u0131\u015fanlar\u0131na, te\u015febb\u00fcs veya te\u015febb\u00fcs birli\u011fine verilen cezan\u0131n y\u00fczde be\u015fine kadar idari para cezas\u0131 verilecektir.<br \/>\n<strong>e. Birden Fazla \u0130hlal Halinde Verilecek \u0130dari Para Cezas\u0131<\/strong><\/p>\n<p>Eski Ceza Y\u00f6netmeli\u011fi\u2019nde, rekabet hukuku ihlaline sebebiyet veren birden fazla davran\u0131\u015f\u0131n varl\u0131\u011f\u0131 halinde bu davran\u0131\u015flardan dolay\u0131 ayr\u0131 cezalar\u0131n uygulanmas\u0131 i\u00e7in bu davran\u0131\u015flar\u0131n piyasa, nitelik ve kronolojik s\u00fcre\u00e7 olarak birbirinden ba\u011f\u0131ms\u0131z olmas\u0131 ko\u015fulu aran\u0131rken, Yeni Ceza Y\u00f6netmeli\u011fi ile bu ko\u015fullar\u0131n varl\u0131\u011f\u0131 aranmaks\u0131z\u0131n do\u011frudan her bir ihlal i\u00e7in ayr\u0131 cezalar\u0131n uygulanaca\u011f\u0131 h\u00fck\u00fcm alt\u0131na al\u0131nm\u0131\u015ft\u0131r.<\/p>\n<p><strong>Sonu\u00e7<\/strong><\/p>\n<p>Yeni Ceza Y\u00f6netmeli\u011fi ile temel ceza oran\u0131n\u0131n farkl\u0131 ihlal t\u00fcrlerine ba\u011fl\u0131 olarak belirlenmesi yakla\u015f\u0131m\u0131 terk edilerek, karteller haricindeki ihlallerin de rekabet \u00fczerindeki olumsuz etkisine ba\u011fl\u0131 olarak daha a\u011f\u0131r bir \u015fekilde cezaland\u0131r\u0131labilece\u011fine i\u015faret etmektedir.<\/p>\n<p>Yeni Ceza Y\u00f6netmeli\u011fi ile adil bir \u015fekilde ihlalin s\u00fcresine ba\u011fl\u0131 art\u0131r\u0131mda zaman aral\u0131klar\u0131n\u0131n k\u0131salt\u0131lmas\u0131 ve kademeli bir sistemi benimsenmi\u015ftir. Bununla birlikte, Eski Ceza Y\u00f6netmeli\u011fi ile aras\u0131ndaki en keskin fark, Kurul&#8217;un idari para cezas\u0131n\u0131n takdirinde g\u00f6z \u00f6n\u00fcne alaca\u011f\u0131 ihlalin s\u00fcbjektif ko\u015fullar\u0131, bir ba\u015fka deyi\u015fle, temel para cezas\u0131n\u0131n ba\u015flang\u0131\u00e7 oran\u0131 ile a\u011f\u0131rla\u015ft\u0131r\u0131c\u0131 ve hafifle\u015ftirici unsurlar bak\u0131m\u0131ndan uygulanacak art\u0131r\u0131m ve indirim oranlar\u0131 bak\u0131m\u0131ndan Kurul&#8217;a son derece geni\u015f takdir yetkisi bah\u015fetmi\u015f olmas\u0131d\u0131r. Bu durum uygulamada, Yeni Ceza Y\u00f6netmeli\u011fi&#8217;ne ili\u015fkin Kurul i\u00e7tihatlar\u0131 olu\u015fana dek olas\u0131 idari para cezas\u0131n\u0131n \u00f6ng\u00f6r\u00fclebilirli\u011fi a\u00e7\u0131s\u0131ndan belirsizlik yaratabilecektir.<\/p>\n<p>Son olarak, Yeni Ceza Y\u00f6netmeli\u011fi 27.12.2024 tarihinde Resmi Gazete\u2019de yay\u0131mlanarak ayn\u0131 tarihte y\u00fcr\u00fcrl\u00fc\u011fe girmi\u015f olup, bir ge\u00e7i\u015f d\u00f6nemi \u00f6ng\u00f6r\u00fclmemi\u015ftir. Dolay\u0131s\u0131yla, Yeni Ceza Y\u00f6netmeli\u011fi\u2019nin devam eden soru\u015fturmalar kapsam\u0131nda da uygulanabilece\u011fi anla\u015f\u0131lmaktad\u0131r.<\/p>\n<p>&nbsp;<\/p>\n<p><sup>[7]<\/sup>\u00a0Yeni Ceza Y\u00f6netmeli\u011fi\u2019ne <a href=\"https:\/\/urldefense.com\/v3\/__https:\/esinxchange.com\/collect\/click.aspx?u=aEdkZWduL050b1FBem0zOU9YMWgzYkwzZElHM0ZsY1lGTys3T1l1NTJ5Y0RDOWYvZ3BWZFgyK2NpOFp5OWZHSzBzRGxIbkoyMjVudnlxY0czZkliVi9ZWGhjVEJFTUdQK0hjL3U5RnROd2NtbVFnU3I1bXhjYnE4YmFrMjlwZ1A=&amp;rh=ff00dd5d647402ace9df2443054f858bb6ba6ab9__;!!Hj9Y_P0nvg!Rx7YkuKjeESreAapbeEtui2kL38UcZQ0r0s0dU3YThc1wbjwqzvprpzm1OPIpjVfaov5FbRSljzG0pNJXHoVtZhovw$\">buradan <\/a>ula\u015f\u0131labilir.<\/p>\n<p><sup>[8]<\/sup>\u00a0Eski Ceza Y\u00f6netmeli\u011fi\u2019ne <a href=\"https:\/\/urldefense.com\/v3\/__https:\/esinxchange.com\/collect\/click.aspx?u=aEdkZWduL050b1FBem0zOU9YMWgzYkwzZElHM0ZsY1lGTys3T1l1NTJ5Y0RDOWYvZ3BWZFgwdXdHRDlsSWdlTmU1bVpWQUVYaWpWRHp4ZkNDTUZ2MlcyWnowQ2VZeHRHWm55dnVCR2RHWlI0YUNMeFVUZ2JMcUlFUVpML2hxdVpvSWJaa3Y3TEJaeTV5bWZsNEd4eWYyRUZSQlBhYXJYR0hwODNuV1hXT0xFL005aThkdng0RWIreUZIZHB3K0xWb08ySTZCclMvSEhKZ1RFUk9zQW5qVTlHaW9xRGdnZGJRMUovanlieXhYb2pNOEJXUTBkVlU1dlc4d3R5ODZsSWh4Zm4zcHV2bm5ITkw2ZjMyaDd6Zy9kV3ZsQjV6eU5kS1BZY2RmTkh1VkV5UVhlbHFoMUR1Zz09&amp;rh=ff00dd5d647402ace9df2443054f858bb6ba6ab9__;!!Hj9Y_P0nvg!Rx7YkuKjeESreAapbeEtui2kL38UcZQ0r0s0dU3YThc1wbjwqzvprpzm1OPIpjVfaov5FbRSljzG0pNJXHoH4Brpyw$\">buradan <\/a>ula\u015f\u0131labilir.<\/p>\n<p><sup>[9]<\/sup>\u00a0Duyuruya <a href=\"https:\/\/urldefense.com\/v3\/__https:\/esinxchange.com\/collect\/click.aspx?u=aEdkZWduL050b1FBem0zOU9YMWgzYkwzZElHM0ZsY1lGTys3T1l1NTJ5Y0RDOWYvZ3BWZFgwdXdHRDlsSWdlTks3Z2cvOFZsdFlpVWFBRFZIQzV6K0FtVW1jRGhhTjBoUXNEYm5weG9nR0lNZ3luRzZRTlBEbVhRbVE2dzF1dDEybzl5ejJ6Q0lMdUVROHk5RnNMbVZLdmJWcVlySld2WnZrOGdRNkwwQkZ3ZnlEZGIvV2FROTdrMGx6Zm5NQkNk&amp;rh=ff00dd5d647402ace9df2443054f858bb6ba6ab9__;!!Hj9Y_P0nvg!Rx7YkuKjeESreAapbeEtui2kL38UcZQ0r0s0dU3YThc1wbjwqzvprpzm1OPIpjVfaov5FbRSljzG0pNJXHqvMbXCbg$\">buradan<\/a> ula\u015f\u0131labilir.<\/p>\n<p><sup>[10]<\/sup>\u00a0A\u00e7\u0131k ve a\u011f\u0131r ihlaller \u201c<em>bir mal veya hizmet piyasas\u0131ndaki rekabeti do\u011frudan ya da dolayl\u0131 olarak engelleme, bozma ya da k\u0131s\u0131tlama amac\u0131n\u0131 ta\u015f\u0131yan veya bu etkiyi do\u011furan yahut do\u011furabilecek nitelikte olan, (1) rakip te\u015febb\u00fcsler aras\u0131nda fiyat tespiti, m\u00fc\u015fterilerin, sa\u011flay\u0131c\u0131lar\u0131n, b\u00f6lgelerin ya da ticaret kanallar\u0131n\u0131n payla\u015f\u0131lmas\u0131, arz miktar\u0131n\u0131n k\u0131s\u0131tlanmas\u0131 veya kotalar konmas\u0131, ihalelerde dan\u0131\u015f\u0131kl\u0131 hareket, gelecekte uygulanmas\u0131 planlanan fiyat, \u00fcretim ya da sat\u0131\u015f miktar\u0131 gibi rekabete duyarl\u0131 bilgilerin payla\u015f\u0131lmas\u0131, (2) \u00fcretim veya da\u011f\u0131t\u0131m zincirinin farkl\u0131 seviyelerinde faaliyet g\u00f6steren te\u015febb\u00fcsler aras\u0131 ili\u015fkide al\u0131c\u0131n\u0131n sabit veya asgari sat\u0131\u015f fiyat\u0131n\u0131n belirlenmesi<\/em>\u201d olarak tan\u0131mlanm\u0131\u015ft\u0131r.<\/p>\n<p><sup>[11] <\/sup>\u00d6rne\u011fin; <em>Numil G\u0131da (Uzla\u015fma)<\/em>, 30.06.2022, 22-29\/483-192; <em>Erbak Uluda\u011f (Uzla\u015fma)<\/em>, 05.10.2023, 23-47\/897-317.<\/p>\n","protected":false},"excerpt":{"rendered":"<p>Yeni geli\u015fme 27 Aral\u0131k 2024 tarih ve 32765 say\u0131l\u0131 Resmi Gazete ile Rekabeti S\u0131n\u0131rlay\u0131c\u0131 Anla\u015fma, Uyumlu Eylem ve Kararlar ile [&hellip;]<\/p>\n","protected":false},"author":4,"featured_media":0,"comment_status":"closed","ping_status":"closed","sticky":false,"template":"","format":"standard","meta":{"_acf_changed":false,"_stopmodifiedupdate":false,"_modified_date":"","footnotes":""},"categories":[120],"tags":[108],"class_list":["post-28392","post","type-post","status-publish","format-standard","hentry","category-legal-alerts","tag-competition-tr"],"acf":[],"yoast_head":"<!-- This site is optimized with the Yoast SEO plugin v24.0 - https:\/\/yoast.com\/wordpress\/plugins\/seo\/ -->\n<title>Rekabet Kurumu\u2019nun Ceza Y\u00f6netmeli\u011fi G\u00fcncellenerek Y\u00fcr\u00fcrl\u00fc\u011fe Girdi<\/title>\n<meta name=\"description\" content=\"Yeni geli\u015fme 27 Aral\u0131k 2024 tarih ve 32765 say\u0131l\u0131 Resmi Gazete ile Rekabeti S\u0131n\u0131rlay\u0131c\u0131 Anla\u015fma, Uyumlu Eylem ve Kararlar ile Hakim Durumun K\u00f6t\u00fcye\" \/>\n<meta name=\"robots\" content=\"index, follow, max-snippet:-1, max-image-preview:large, max-video-preview:-1\" \/>\n<link rel=\"canonical\" href=\"https:\/\/www.esin.av.tr\/tr\/2024\/12\/30\/rekabet-kurumunun-ceza-yonetmeligi-guncellenerek-yururluge-girdi\/\" \/>\n<meta property=\"og:locale\" content=\"tr_TR\" \/>\n<meta property=\"og:type\" content=\"article\" \/>\n<meta property=\"og:title\" content=\"Rekabet Kurumu\u2019nun Ceza Y\u00f6netmeli\u011fi G\u00fcncellenerek Y\u00fcr\u00fcrl\u00fc\u011fe Girdi\" \/>\n<meta property=\"og:description\" content=\"Yeni geli\u015fme 27 Aral\u0131k 2024 tarih ve 32765 say\u0131l\u0131 Resmi Gazete ile Rekabeti S\u0131n\u0131rlay\u0131c\u0131 Anla\u015fma, Uyumlu Eylem ve Kararlar ile Hakim Durumun K\u00f6t\u00fcye\" \/>\n<meta property=\"og:url\" content=\"https:\/\/www.esin.av.tr\/tr\/2024\/12\/30\/rekabet-kurumunun-ceza-yonetmeligi-guncellenerek-yururluge-girdi\/\" \/>\n<meta property=\"og:site_name\" content=\"Esin Avukatl\u0131k Ortakl\u0131\u011f\u0131\" \/>\n<meta property=\"article:published_time\" content=\"2024-12-30T11:45:36+00:00\" \/>\n<meta property=\"article:modified_time\" content=\"2025-01-07T13:42:15+00:00\" \/>\n<meta name=\"author\" content=\"R\u0131dvan Konrat\" \/>\n<meta name=\"twitter:card\" content=\"summary_large_image\" \/>\n<meta name=\"twitter:label1\" content=\"Written by\" \/>\n\t<meta name=\"twitter:data1\" content=\"R\u0131dvan Konrat\" \/>\n\t<meta name=\"twitter:label2\" content=\"Est. reading time\" \/>\n\t<meta name=\"twitter:data2\" content=\"11 minutes\" \/>\n<script type=\"application\/ld+json\" class=\"yoast-schema-graph\">{\"@context\":\"https:\/\/schema.org\",\"@graph\":[{\"@type\":\"Article\",\"@id\":\"https:\/\/www.esin.av.tr\/tr\/2024\/12\/30\/rekabet-kurumunun-ceza-yonetmeligi-guncellenerek-yururluge-girdi\/#article\",\"isPartOf\":{\"@id\":\"https:\/\/www.esin.av.tr\/tr\/2024\/12\/30\/rekabet-kurumunun-ceza-yonetmeligi-guncellenerek-yururluge-girdi\/\"},\"author\":{\"name\":\"R\u0131dvan Konrat\",\"@id\":\"https:\/\/www.esin.av.tr\/tr\/#\/schema\/person\/42c8e616aab56b8622fa365ad63282ae\"},\"headline\":\"Rekabet Kurumu\u2019nun Ceza Y\u00f6netmeli\u011fi G\u00fcncellenerek Y\u00fcr\u00fcrl\u00fc\u011fe Girdi\",\"datePublished\":\"2024-12-30T11:45:36+00:00\",\"dateModified\":\"2025-01-07T13:42:15+00:00\",\"mainEntityOfPage\":{\"@id\":\"https:\/\/www.esin.av.tr\/tr\/2024\/12\/30\/rekabet-kurumunun-ceza-yonetmeligi-guncellenerek-yururluge-girdi\/\"},\"wordCount\":2123,\"publisher\":{\"@id\":\"https:\/\/www.esin.av.tr\/tr\/#organization\"},\"keywords\":[\"Rekabet Hukuku\"],\"articleSection\":[\"Hukuk B\u00fcltenleri\"],\"inLanguage\":\"tr\"},{\"@type\":\"WebPage\",\"@id\":\"https:\/\/www.esin.av.tr\/tr\/2024\/12\/30\/rekabet-kurumunun-ceza-yonetmeligi-guncellenerek-yururluge-girdi\/\",\"url\":\"https:\/\/www.esin.av.tr\/tr\/2024\/12\/30\/rekabet-kurumunun-ceza-yonetmeligi-guncellenerek-yururluge-girdi\/\",\"name\":\"Rekabet Kurumu\u2019nun Ceza Y\u00f6netmeli\u011fi G\u00fcncellenerek Y\u00fcr\u00fcrl\u00fc\u011fe Girdi\",\"isPartOf\":{\"@id\":\"https:\/\/www.esin.av.tr\/tr\/#website\"},\"datePublished\":\"2024-12-30T11:45:36+00:00\",\"dateModified\":\"2025-01-07T13:42:15+00:00\",\"description\":\"Yeni geli\u015fme 27 Aral\u0131k 2024 tarih ve 32765 say\u0131l\u0131 Resmi Gazete ile Rekabeti S\u0131n\u0131rlay\u0131c\u0131 Anla\u015fma, Uyumlu Eylem ve Kararlar ile Hakim Durumun K\u00f6t\u00fcye\",\"breadcrumb\":{\"@id\":\"https:\/\/www.esin.av.tr\/tr\/2024\/12\/30\/rekabet-kurumunun-ceza-yonetmeligi-guncellenerek-yururluge-girdi\/#breadcrumb\"},\"inLanguage\":\"tr\",\"potentialAction\":[{\"@type\":\"ReadAction\",\"target\":[\"https:\/\/www.esin.av.tr\/tr\/2024\/12\/30\/rekabet-kurumunun-ceza-yonetmeligi-guncellenerek-yururluge-girdi\/\"]}]},{\"@type\":\"BreadcrumbList\",\"@id\":\"https:\/\/www.esin.av.tr\/tr\/2024\/12\/30\/rekabet-kurumunun-ceza-yonetmeligi-guncellenerek-yururluge-girdi\/#breadcrumb\",\"itemListElement\":[{\"@type\":\"ListItem\",\"position\":1,\"name\":\"Home\",\"item\":\"https:\/\/www.esin.av.tr\/tr\/\"},{\"@type\":\"ListItem\",\"position\":2,\"name\":\"Rekabet Kurumu\u2019nun Ceza Y\u00f6netmeli\u011fi G\u00fcncellenerek Y\u00fcr\u00fcrl\u00fc\u011fe Girdi\"}]},{\"@type\":\"WebSite\",\"@id\":\"https:\/\/www.esin.av.tr\/tr\/#website\",\"url\":\"https:\/\/www.esin.av.tr\/tr\/\",\"name\":\"Esin Avukatl\u0131k Ortakl\u0131\u011f\u0131\",\"description\":\"\",\"publisher\":{\"@id\":\"https:\/\/www.esin.av.tr\/tr\/#organization\"},\"potentialAction\":[{\"@type\":\"SearchAction\",\"target\":{\"@type\":\"EntryPoint\",\"urlTemplate\":\"https:\/\/www.esin.av.tr\/tr\/?s={search_term_string}\"},\"query-input\":{\"@type\":\"PropertyValueSpecification\",\"valueRequired\":true,\"valueName\":\"search_term_string\"}}],\"inLanguage\":\"tr\"},{\"@type\":\"Organization\",\"@id\":\"https:\/\/www.esin.av.tr\/tr\/#organization\",\"name\":\"Esin Avukatl\u0131k Ortakl\u0131\u011f\u0131\",\"url\":\"https:\/\/www.esin.av.tr\/tr\/\",\"logo\":{\"@type\":\"ImageObject\",\"inLanguage\":\"tr\",\"@id\":\"https:\/\/www.esin.av.tr\/tr\/#\/schema\/logo\/image\/\",\"url\":\"https:\/\/www.esin.av.tr\/wp-content\/uploads\/2021\/09\/esin-2.jpg\",\"contentUrl\":\"https:\/\/www.esin.av.tr\/wp-content\/uploads\/2021\/09\/esin-2.jpg\",\"width\":800,\"height\":460,\"caption\":\"Esin Avukatl\u0131k Ortakl\u0131\u011f\u0131\"},\"image\":{\"@id\":\"https:\/\/www.esin.av.tr\/tr\/#\/schema\/logo\/image\/\"}},{\"@type\":\"Person\",\"@id\":\"https:\/\/www.esin.av.tr\/tr\/#\/schema\/person\/42c8e616aab56b8622fa365ad63282ae\",\"name\":\"R\u0131dvan Konrat\",\"image\":{\"@type\":\"ImageObject\",\"inLanguage\":\"tr\",\"@id\":\"https:\/\/www.esin.av.tr\/tr\/#\/schema\/person\/image\/\",\"url\":\"https:\/\/secure.gravatar.com\/avatar\/b20c6c583be38ed4e76e32f69fccc676?s=96&d=mm&r=g\",\"contentUrl\":\"https:\/\/secure.gravatar.com\/avatar\/b20c6c583be38ed4e76e32f69fccc676?s=96&d=mm&r=g\",\"caption\":\"R\u0131dvan Konrat\"},\"sameAs\":[\"http:\/\/www.esin.av.tr\"],\"url\":\"https:\/\/www.esin.av.tr\/tr\/author\/rkonrat\/\"}]}<\/script>\n<!-- \/ Yoast SEO plugin. -->","yoast_head_json":{"title":"Rekabet Kurumu\u2019nun Ceza Y\u00f6netmeli\u011fi G\u00fcncellenerek Y\u00fcr\u00fcrl\u00fc\u011fe Girdi","description":"Yeni geli\u015fme 27 Aral\u0131k 2024 tarih ve 32765 say\u0131l\u0131 Resmi Gazete ile Rekabeti S\u0131n\u0131rlay\u0131c\u0131 Anla\u015fma, Uyumlu Eylem ve Kararlar ile Hakim Durumun K\u00f6t\u00fcye","robots":{"index":"index","follow":"follow","max-snippet":"max-snippet:-1","max-image-preview":"max-image-preview:large","max-video-preview":"max-video-preview:-1"},"canonical":"https:\/\/www.esin.av.tr\/tr\/2024\/12\/30\/rekabet-kurumunun-ceza-yonetmeligi-guncellenerek-yururluge-girdi\/","og_locale":"tr_TR","og_type":"article","og_title":"Rekabet Kurumu\u2019nun Ceza Y\u00f6netmeli\u011fi G\u00fcncellenerek Y\u00fcr\u00fcrl\u00fc\u011fe Girdi","og_description":"Yeni geli\u015fme 27 Aral\u0131k 2024 tarih ve 32765 say\u0131l\u0131 Resmi Gazete ile Rekabeti S\u0131n\u0131rlay\u0131c\u0131 Anla\u015fma, Uyumlu Eylem ve Kararlar ile Hakim Durumun K\u00f6t\u00fcye","og_url":"https:\/\/www.esin.av.tr\/tr\/2024\/12\/30\/rekabet-kurumunun-ceza-yonetmeligi-guncellenerek-yururluge-girdi\/","og_site_name":"Esin Avukatl\u0131k Ortakl\u0131\u011f\u0131","article_published_time":"2024-12-30T11:45:36+00:00","article_modified_time":"2025-01-07T13:42:15+00:00","author":"R\u0131dvan Konrat","twitter_card":"summary_large_image","twitter_misc":{"Written by":"R\u0131dvan Konrat","Est. reading time":"11 minutes"},"schema":{"@context":"https:\/\/schema.org","@graph":[{"@type":"Article","@id":"https:\/\/www.esin.av.tr\/tr\/2024\/12\/30\/rekabet-kurumunun-ceza-yonetmeligi-guncellenerek-yururluge-girdi\/#article","isPartOf":{"@id":"https:\/\/www.esin.av.tr\/tr\/2024\/12\/30\/rekabet-kurumunun-ceza-yonetmeligi-guncellenerek-yururluge-girdi\/"},"author":{"name":"R\u0131dvan Konrat","@id":"https:\/\/www.esin.av.tr\/tr\/#\/schema\/person\/42c8e616aab56b8622fa365ad63282ae"},"headline":"Rekabet Kurumu\u2019nun Ceza Y\u00f6netmeli\u011fi G\u00fcncellenerek Y\u00fcr\u00fcrl\u00fc\u011fe Girdi","datePublished":"2024-12-30T11:45:36+00:00","dateModified":"2025-01-07T13:42:15+00:00","mainEntityOfPage":{"@id":"https:\/\/www.esin.av.tr\/tr\/2024\/12\/30\/rekabet-kurumunun-ceza-yonetmeligi-guncellenerek-yururluge-girdi\/"},"wordCount":2123,"publisher":{"@id":"https:\/\/www.esin.av.tr\/tr\/#organization"},"keywords":["Rekabet Hukuku"],"articleSection":["Hukuk B\u00fcltenleri"],"inLanguage":"tr"},{"@type":"WebPage","@id":"https:\/\/www.esin.av.tr\/tr\/2024\/12\/30\/rekabet-kurumunun-ceza-yonetmeligi-guncellenerek-yururluge-girdi\/","url":"https:\/\/www.esin.av.tr\/tr\/2024\/12\/30\/rekabet-kurumunun-ceza-yonetmeligi-guncellenerek-yururluge-girdi\/","name":"Rekabet Kurumu\u2019nun Ceza Y\u00f6netmeli\u011fi G\u00fcncellenerek Y\u00fcr\u00fcrl\u00fc\u011fe Girdi","isPartOf":{"@id":"https:\/\/www.esin.av.tr\/tr\/#website"},"datePublished":"2024-12-30T11:45:36+00:00","dateModified":"2025-01-07T13:42:15+00:00","description":"Yeni geli\u015fme 27 Aral\u0131k 2024 tarih ve 32765 say\u0131l\u0131 Resmi Gazete ile Rekabeti S\u0131n\u0131rlay\u0131c\u0131 Anla\u015fma, Uyumlu Eylem ve Kararlar ile Hakim Durumun K\u00f6t\u00fcye","breadcrumb":{"@id":"https:\/\/www.esin.av.tr\/tr\/2024\/12\/30\/rekabet-kurumunun-ceza-yonetmeligi-guncellenerek-yururluge-girdi\/#breadcrumb"},"inLanguage":"tr","potentialAction":[{"@type":"ReadAction","target":["https:\/\/www.esin.av.tr\/tr\/2024\/12\/30\/rekabet-kurumunun-ceza-yonetmeligi-guncellenerek-yururluge-girdi\/"]}]},{"@type":"BreadcrumbList","@id":"https:\/\/www.esin.av.tr\/tr\/2024\/12\/30\/rekabet-kurumunun-ceza-yonetmeligi-guncellenerek-yururluge-girdi\/#breadcrumb","itemListElement":[{"@type":"ListItem","position":1,"name":"Home","item":"https:\/\/www.esin.av.tr\/tr\/"},{"@type":"ListItem","position":2,"name":"Rekabet Kurumu\u2019nun Ceza Y\u00f6netmeli\u011fi G\u00fcncellenerek Y\u00fcr\u00fcrl\u00fc\u011fe Girdi"}]},{"@type":"WebSite","@id":"https:\/\/www.esin.av.tr\/tr\/#website","url":"https:\/\/www.esin.av.tr\/tr\/","name":"Esin Avukatl\u0131k Ortakl\u0131\u011f\u0131","description":"","publisher":{"@id":"https:\/\/www.esin.av.tr\/tr\/#organization"},"potentialAction":[{"@type":"SearchAction","target":{"@type":"EntryPoint","urlTemplate":"https:\/\/www.esin.av.tr\/tr\/?s={search_term_string}"},"query-input":{"@type":"PropertyValueSpecification","valueRequired":true,"valueName":"search_term_string"}}],"inLanguage":"tr"},{"@type":"Organization","@id":"https:\/\/www.esin.av.tr\/tr\/#organization","name":"Esin Avukatl\u0131k Ortakl\u0131\u011f\u0131","url":"https:\/\/www.esin.av.tr\/tr\/","logo":{"@type":"ImageObject","inLanguage":"tr","@id":"https:\/\/www.esin.av.tr\/tr\/#\/schema\/logo\/image\/","url":"https:\/\/www.esin.av.tr\/wp-content\/uploads\/2021\/09\/esin-2.jpg","contentUrl":"https:\/\/www.esin.av.tr\/wp-content\/uploads\/2021\/09\/esin-2.jpg","width":800,"height":460,"caption":"Esin Avukatl\u0131k Ortakl\u0131\u011f\u0131"},"image":{"@id":"https:\/\/www.esin.av.tr\/tr\/#\/schema\/logo\/image\/"}},{"@type":"Person","@id":"https:\/\/www.esin.av.tr\/tr\/#\/schema\/person\/42c8e616aab56b8622fa365ad63282ae","name":"R\u0131dvan Konrat","image":{"@type":"ImageObject","inLanguage":"tr","@id":"https:\/\/www.esin.av.tr\/tr\/#\/schema\/person\/image\/","url":"https:\/\/secure.gravatar.com\/avatar\/b20c6c583be38ed4e76e32f69fccc676?s=96&d=mm&r=g","contentUrl":"https:\/\/secure.gravatar.com\/avatar\/b20c6c583be38ed4e76e32f69fccc676?s=96&d=mm&r=g","caption":"R\u0131dvan Konrat"},"sameAs":["http:\/\/www.esin.av.tr"],"url":"https:\/\/www.esin.av.tr\/tr\/author\/rkonrat\/"}]}},"_links":{"self":[{"href":"https:\/\/www.esin.av.tr\/tr\/wp-json\/wp\/v2\/posts\/28392","targetHints":{"allow":["GET"]}}],"collection":[{"href":"https:\/\/www.esin.av.tr\/tr\/wp-json\/wp\/v2\/posts"}],"about":[{"href":"https:\/\/www.esin.av.tr\/tr\/wp-json\/wp\/v2\/types\/post"}],"author":[{"embeddable":true,"href":"https:\/\/www.esin.av.tr\/tr\/wp-json\/wp\/v2\/users\/4"}],"replies":[{"embeddable":true,"href":"https:\/\/www.esin.av.tr\/tr\/wp-json\/wp\/v2\/comments?post=28392"}],"version-history":[{"count":3,"href":"https:\/\/www.esin.av.tr\/tr\/wp-json\/wp\/v2\/posts\/28392\/revisions"}],"predecessor-version":[{"id":28402,"href":"https:\/\/www.esin.av.tr\/tr\/wp-json\/wp\/v2\/posts\/28392\/revisions\/28402"}],"wp:attachment":[{"href":"https:\/\/www.esin.av.tr\/tr\/wp-json\/wp\/v2\/media?parent=28392"}],"wp:term":[{"taxonomy":"category","embeddable":true,"href":"https:\/\/www.esin.av.tr\/tr\/wp-json\/wp\/v2\/categories?post=28392"},{"taxonomy":"post_tag","embeddable":true,"href":"https:\/\/www.esin.av.tr\/tr\/wp-json\/wp\/v2\/tags?post=28392"}],"curies":[{"name":"wp","href":"https:\/\/api.w.org\/{rel}","templated":true}]}}