{"id":28322,"date":"2024-12-18T14:10:14","date_gmt":"2024-12-18T14:10:14","guid":{"rendered":"https:\/\/www.esin.av.tr\/?p=28322"},"modified":"2024-12-18T14:10:14","modified_gmt":"2024-12-18T14:10:14","slug":"avrupa-birligi-cevre-mevzuatinda-onemli-gelismeler","status":"publish","type":"post","link":"https:\/\/www.esin.av.tr\/tr\/2024\/12\/18\/avrupa-birligi-cevre-mevzuatinda-onemli-gelismeler\/","title":{"rendered":"Avrupa Birli\u011fi \u00c7evre Mevzuat\u0131nda \u00d6nemli Geli\u015fmeler"},"content":{"rendered":"<p><strong>Yeni Geli\u015fme<\/strong><\/p>\n<p>\u0130klim de\u011fi\u015fikli\u011fi, d\u00fcnya genelinde \u00fcretim ve ticareti yeniden \u015fekillendirmekte olup, bir yandan iklim de\u011fi\u015fiminin etkileri, di\u011fer yandan k\u00fcresel ticaret sistemindeki yeni e\u011filimler, d\u00fcnya ekonomisindeki geli\u015fmelere y\u00f6n veren ana unsurlar haline gelmi\u015ftir. K\u00fcresel \u0131s\u0131nmaya yol a\u00e7an en \u00f6nemli fakt\u00f6r\u00fcn ekonomik faaliyetler olmas\u0131 nedeniyle ba\u015fta karbon sal\u0131n\u0131m\u0131 olmak \u00fczere k\u00fcresel \u0131s\u0131nmaya yol a\u00e7an t\u00fcm s\u00fcre\u00e7lerde belirli k\u0131s\u0131tlamalar \u00f6ng\u00f6r\u00fclmektedir ve iyile\u015ftirmeler hedeflenmektedir. Avrupa Birli\u011fi (AB) taraf\u0131ndan, Avrupa Ye\u015fil Mutabakat\u0131 (&#8220;<strong>AYM<\/strong>&#8220;) kapsam\u0131nda iklim de\u011fi\u015fikli\u011fi ile b\u00fct\u00fcnc\u00fcl bir yakla\u015f\u0131mla m\u00fccadele edilebilmesi ad\u0131na bir\u00e7ok alanda mevzuat d\u00fczenlemeleri yap\u0131lmaktad\u0131r.<\/p>\n<p><strong>Bu do\u011frultuda, ge\u00e7ti\u011fimiz haftalarda AB \u00e7evre mevzuat\u0131nda \u00f6nemli geli\u015fmeler ya\u015fanm\u0131\u015ft\u0131r. Avrupa Komisyonu, <\/strong>S\u0131n\u0131rda Karbon D\u00fczenleme Mekanizmas\u0131 (&#8220;<strong>SKDM<\/strong>&#8220;) \u00d6z De\u011ferlendirme Arac\u0131&#8217;n\u0131 yay\u0131mlam\u0131\u015f ve (AB) 2023\/1115 Ormans\u0131zla\u015fman\u0131n \u00d6nlenmesi T\u00fcz\u00fc\u011f\u00fc&#8217;n\u00fcn (&#8220;<strong>Ormans\u0131zla\u015fman\u0131n \u00d6nlenmesi T\u00fcz\u00fc\u011f\u00fc<\/strong>&#8220;) y\u00fcr\u00fcrl\u00fck tarihlerini ertelemi\u015ftir.<\/p>\n<p><strong>I.\u00a0\u00a0\u00a0\u00a0SKDM \u00d6z De\u011ferlendirme Arac\u0131<\/strong><\/p>\n<p>AB&#8217;nin iklim, enerji, arazi kullan\u0131m\u0131, ula\u015f\u0131m ve vergilendirme politikalar\u0131n\u0131n 2030 y\u0131l\u0131na kadar 1990 y\u0131l\u0131ndaki seviyesine k\u0131yasla %55 emisyon azalt\u0131m\u0131n\u0131 sa\u011flayacak \u015fekilde g\u00f6zden ge\u00e7irilmesini sa\u011flamak i\u00e7in Avrupa Komisyonu, 14 Temmuz 2021 tarihinde &#8220;Fit for 55&#8221; (55&#8217;e uygun) isimli paketin yasala\u015fma s\u00fcrecini tamamlam\u0131\u015ft\u0131r. \u0130lgili paket, yenilenebilir enerji, enerji verimlili\u011fi, hafif ara\u00e7lara y\u00f6nelik yeni emisyon performans standartlar\u0131, arazi kullan\u0131m\u0131 kaynakl\u0131 sera gaz\u0131 emisyonlar\u0131, alternatif enerji altyap\u0131lar\u0131, emisyon azalt\u0131m\u0131nda \u00e7aba payla\u015f\u0131m\u0131, Emisyon Ticaret Sistemi (&#8220;<strong>ETS<\/strong>&#8220;) gibi \u00e7e\u015fitli alanlardaki d\u00fczenlemelerinin yan\u0131 s\u0131ra uluslararas\u0131 ticareti de etkileyecek en \u00f6nemli unsurlar\u0131ndan olan SKDM&#8217;ye ili\u015fkin \u00e7er\u00e7eve mevzuat\u0131 i\u00e7ermektedir.<\/p>\n<p>SKDM&#8217;nin\u00a0temel yasal \u00e7er\u00e7evesi olan (AB) 2023\/956 say\u0131l\u0131 T\u00fcz\u00fck (&#8220;<strong>SKDM T\u00fcz\u00fc\u011f\u00fc<\/strong>&#8220;) ise, AB Resmi Gazetesi&#8217;nde 16 May\u0131s 2023 tarihinde yay\u0131mlanm\u0131\u015ft\u0131r. SKDM arac\u0131l\u0131\u011f\u0131yla AB, ilk a\u015famada, \u00e7imento, demir-\u00e7elik, al\u00fcminyum, g\u00fcbre, hidrojen ve elektrik sekt\u00f6rlerine ili\u015fkin yerli ve ithal \u00fcr\u00fcnlerin tabi oldu\u011fu karbon bedelini e\u015fitlemeyi ama\u00e7lamaktad\u0131r. Bir ba\u015fka deyi\u015fle, SKDM ile AB i\u00e7inde 2005 y\u0131l\u0131ndan bu yana uygulanan ETS e\u015fde\u011fer bir karbon fiyatland\u0131rmas\u0131n\u0131n, SKDM kapsam\u0131na giren \u00fcr\u00fcnlerin ithalat\u0131 a\u015famas\u0131nda da uygulanmas\u0131 \u00f6ng\u00f6r\u00fclmektedir.<\/p>\n<p>SKDM T\u00fcz\u00fc\u011f\u00fc\u00a01 Ekim 2023\u00a0tarihinde raporlama y\u00fck\u00fcml\u00fcl\u00fc\u011f\u00fc ile s\u0131n\u0131rl\u0131 olarak uygulamaya girmi\u015f ancak 1 Ekim 2023 ile 31 Aral\u0131k 2025\u00a0tarihleri aras\u0131ndaki d\u00f6nem, mali y\u00fck\u00fcml\u00fcl\u00fck do\u011fmayacak bir\u00a0ge\u00e7i\u015f d\u00f6nemi\u00a0olarak belirlenmi\u015ftir. Ge\u00e7i\u015f d\u00f6nemi, uygulama esaslar\u0131n\u0131n oturtulmas\u0131, veri toplanmas\u0131 ve uygulaman\u0131n iyile\u015ftirilmesine y\u00f6nelik aksayan noktalar\u0131n tespit edilmesi gibi ama\u00e7lara hizmet edecek, bu d\u00f6nemdeki deneyim \u00e7er\u00e7evesinde gerekli iyile\u015ftirmeler ve ikincil mevzuat d\u00fczenlemeleri ger\u00e7ekle\u015ftirilecektir. 2025 sonuna kadar olan ge\u00e7i\u015f d\u00f6neminde, ithal edilen \u00fcr\u00fcnlere g\u00f6m\u00fcl\u00fc emisyonlar i\u00e7in herhangi bir \u00fccretlendirme yap\u0131lmayacak; mali y\u00fck\u00fcml\u00fcl\u00fcklerin devreye girdi\u011fi as\u0131l uygulama d\u00f6nemi\u00a0ise 1 Ocak 2026\u00a0itibariyle ba\u015flayacakt\u0131r.<\/p>\n<p>G\u00fcn\u00fcm\u00fcze geldi\u011fimizde ise Avrupa Komisyonu, 23 Eyl\u00fcl 2024 tarihinde AB&#8217;ye ithalat yapan firmalar bak\u0131m\u0131ndan SKDM \u00d6z De\u011ferlendirme Arac\u0131&#8217;n\u0131n geli\u015ftirildi\u011fini duyurmu\u015ftur. SKDM \u00d6z De\u011ferlendirme Arac\u0131, ge\u00e7i\u015f d\u00f6neminde AB&#8217;ye ithalat yapan akt\u00f6rlerin, \u00fcr\u00fcn\u00fcn 8 haneli Kombine Nomanklat\u00fcr (<em>Combined Nomenclature-CN<\/em>) kodu, men\u015fe \u00fclke, \u00fcr\u00fcn\u00fcn de\u011feri ve miktar\u0131 ile ithal edilme ama\u00e7lar\u0131 gibi bilgileri belirterek s\u00f6z konusu \u00fcr\u00fcnler bak\u0131m\u0131ndan SKDM&#8217;ye tabi olup olmad\u0131klar\u0131n\u0131 \u00f6\u011frenme, tabi olduklar\u0131 takdirde ise yap\u0131lmas\u0131 gereken raporlama gerekliliklerine dair genel bir bak\u0131\u015f elde etme imkan\u0131 sa\u011flayabilmeleri amac\u0131yla geli\u015ftirilmi\u015ftir.<\/p>\n<p>Bununla birlikte Avrupa Komisyonu, SKDM \u00d6z De\u011ferlendirme Arac\u0131&#8217;n\u0131n ge\u00e7i\u015f d\u00f6nemi boyunca g\u00fcncel tutulaca\u011f\u0131 ancak resmi mevzuat\u0131 tam olarak yans\u0131tt\u0131\u011f\u0131n\u0131n garanti edilemedi\u011fi bilgisini vermi\u015ftir.<\/p>\n<p>SKDM \u00d6z De\u011ferlendirme Arac\u0131&#8217;n\u0131n Avrupa Komisyonu taraf\u0131ndan yay\u0131mlanan \u0130ngilizce metnine <a href=\"https:\/\/urldefense.com\/v3\/__https:\/esinxchange.com\/collect\/click.aspx?u=RFFaUERmc1hTQVJPYlBRY0JmZk9iNmxpYkI2eEJHWXpTRnFnaFdQUDRWb1FUSUdZUllJVmxnUk4vSEphckI5RG1VcTZ3cXVUS0JzZUdLSVpPY29qL3RkeHVrODNJK3FDNU93eG4rVGVnSEpldm9EWTFDNENTRzQ2UE1FUmhoTjQ1MndTUVhBK1JnZjkwZmVhMytRbU9yeVRYQnZoamgyRA==&amp;rh=ff00dccd8b2491ca5e322db60b43ab11fd7849e0__;!!Hj9Y_P0nvg!Q9wzHzvCy6BblNouCRWjUtWjvoEZiMgNKktr8KCSU0HYRrZrQLraCF2TacX8NIaBgRCj0n0t6L698i-r1IqDvSho1Qvzww$\">buradan<\/a> ula\u015fabilirsiniz.<\/p>\n<p><strong>II.\u00a0\u00a0\u00a0\u00a0Ormans\u0131zla\u015fman\u0131n \u00d6nlenmesi T\u00fcz\u00fc\u011f\u00fc&#8217;nde Erteleme<\/strong><\/p>\n<p>AYM kapsam\u0131nda ormans\u0131zla\u015fma ve orman bozulumundan en \u00e7ok sorumlu olan sekt\u00f6rler bak\u0131m\u0131ndan AB pazar\u0131na giri\u015f ko\u015fullar\u0131n\u0131 belirleyen Ormans\u0131zla\u015fman\u0131n \u00d6nlenmesi T\u00fcz\u00fc\u011f\u00fc 9 Haziran 2023 tarihli AB Resm\u00ee Gazetesinde yay\u0131mlanarak kademeli olarak y\u00fcr\u00fcrl\u00fc\u011fe girmi\u015ftir.<\/p>\n<p>Ormans\u0131zla\u015fman\u0131n \u00d6nlenmesi T\u00fcz\u00fc\u011f\u00fc ile ormans\u0131zla\u015fmaya sebep olarak g\u00f6sterilen soya, s\u0131\u011f\u0131r eti, palm ya\u011f\u0131, ah\u015fap\/a\u011fa\u00e7 \u00fcr\u00fcnleri, kakao, kahve ve bunlardan elde edilen belirli \u00fcr\u00fcnleri \u00fcretimde girdi olarak kullanan \u00e7ikolata, mobilya, lastik ve deri gibi \u00fcr\u00fcnlerin AB pazar\u0131na giri\u015fi i\u00e7in ormans\u0131zla\u015fmaya sebep olmad\u0131klar\u0131n\u0131n, ah\u015fap ve ah\u015fap \u00fcr\u00fcnleri i\u00e7in ise ormans\u0131zla\u015fman\u0131n yan\u0131nda orman bozulumuna yol a\u00e7mad\u0131\u011f\u0131n\u0131n ve ilgili \u00fclke mevzuat\u0131na uygun \u00fcretildiklerinin g\u00f6sterilmesi aranmaktad\u0131r. Ayr\u0131ca, ilgili \u00fcr\u00fcnlerin AB&#8217;ye ithalat prosed\u00fcrleri kapsam\u0131nda ekonomik operat\u00f6rlerin bilgilendirme gereklilikleri, risk analizi ve risk \u00f6nlemesini i\u00e7eren \u00fc\u00e7 a\u015famal\u0131 \u00f6zen y\u00fck\u00fcml\u00fcl\u00fc\u011f\u00fc s\u00fcre\u00e7lerini tamamlamalar\u0131, bu kapsamda, \u00fcr\u00fcn\u00fcn tedarik\u00e7ilerini, \u00fcretim yeri koordinatlar\u0131n\u0131 ve ormans\u0131zla\u015fmaya neden olmad\u0131klar\u0131na ili\u015fkin bilgileri sa\u011flamalar\u0131, sa\u011flanan bilgilere g\u00f6re risk analizi yap\u0131lmalar\u0131 ve olas\u0131 risklerin asgariye indirilmesi s\u00fcrecini tamamlamalar\u0131 gerekmektedir. Bahsedilen \u00f6zen y\u00fck\u00fcml\u00fcl\u00fc\u011f\u00fc kapsam\u0131ndaki beyan s\u00fcreci tamamlanmad\u0131\u011f\u0131 s\u00fcrece ilgili \u00fcr\u00fcnlerin AB&#8217;ye ithalat\u0131 m\u00fcmk\u00fcn olmayacakt\u0131r.<\/p>\n<p>\u0130lk a\u015famada, Ormans\u0131zla\u015fman\u0131n \u00d6nlenmesi T\u00fcz\u00fc\u011f\u00fc&#8217;n\u00fcn uygulama tarihi b\u00fcy\u00fck \u00f6l\u00e7ekli i\u015fletmeler i\u00e7in 30 Aral\u0131k 2024, KOB\u0130&#8217;ler i\u00e7in ise 30 Haziran 2025 olarak belirlenmi\u015fti. Ancak Avrupa Komisyonu taraf\u0131ndan Ormans\u0131zla\u015fman\u0131n \u00d6nlenmesi T\u00fcz\u00fc\u011f\u00fc&#8217;n\u00fcn uygulanmas\u0131 i\u00e7in 12 ayl\u0131k ilave s\u00fcre tan\u0131yan bir teklifin 2 Ekim 2024 tarihinde AB Konseyi ve Avrupa Parlamentosu&#8217;na sunuldu\u011fu a\u00e7\u0131klanm\u0131\u015f ve AB Konseyi ile Avrupa Parlamentosu aras\u0131nda y\u00fcr\u00fct\u00fclen m\u00fczakereler sonucunda 3 Aral\u0131k 2024 tarihinde uzla\u015f\u0131ya var\u0131lm\u0131\u015ft\u0131r.<\/p>\n<p>Bu kapsamda, Ormans\u0131zla\u015fman\u0131n \u00d6nlenmesi T\u00fcz\u00fc\u011f\u00fc&#8217;n\u00fcn uygulama tarihi b\u00fcy\u00fck \u00f6l\u00e7ekli i\u015fletmeler i\u00e7in 30 Aral\u0131k 2025, KOB\u0130&#8217;ler i\u00e7in ise 30 Haziran 2026 olarak g\u00fcncellenmi\u015ftir.<\/p>\n<p>Ormans\u0131zla\u015fman\u0131n \u00d6nlenmesi T\u00fcz\u00fc\u011f\u00fc&#8217;n\u00fcn \u0130ngilizce metnine <a href=\"https:\/\/urldefense.com\/v3\/__https:\/esinxchange.com\/collect\/click.aspx?u=RFFaUERmc1hTQVJPYlBRY0JmZk9iNmxpYkI2eEJHWXpTRnFnaFdQUDRWcGtObzBwd3JySG5DYmxsYzNsYm9KUlJjMUxlRjFYZXJvK3NrUlBjRk5QZnMxWExMVHlVRndEQU5VSXQva2R6NnZtR3d4VFUrbHRZRDNLUVNuOUtsWHpVQjBwbll4WTg0S1NjTW8yczhRT01tbS9WamYrNmpRZXdvQUxjb0F0QnVZPQ==&amp;rh=ff00dccd8b2491ca5e322db60b43ab11fd7849e0__;!!Hj9Y_P0nvg!Q9wzHzvCy6BblNouCRWjUtWjvoEZiMgNKktr8KCSU0HYRrZrQLraCF2TacX8NIaBgRCj0n0t6L698i-r1IqDvSjW_TPBxw$\">buradan<\/a>, uygulama tarihinin ertelenmesine ili\u015fkin \u0130ngilizce teklif metnine ise <a href=\"https:\/\/urldefense.com\/v3\/__https:\/esinxchange.com\/collect\/click.aspx?u=RFFaUERmc1hTQVJPYlBRY0JmZk9iNmxpYkI2eEJHWXpTRnFnaFdQUDRWcGtObzBwd3JySG5DYmxsYzNsYm9KUlJjMUxlRjFYZXJvK3NrUlBjRk5QZnMxWExMVHlVRndEYVo5WUxoYko5K3RYWHljQWhpMmM2d3lOMWZhU3h1eFIzVFdXZURFWHVCZVNHL2VPeGFMS3V3PT0=&amp;rh=ff00dccd8b2491ca5e322db60b43ab11fd7849e0__;!!Hj9Y_P0nvg!Q9wzHzvCy6BblNouCRWjUtWjvoEZiMgNKktr8KCSU0HYRrZrQLraCF2TacX8NIaBgRCj0n0t6L698i-r1IqDvShQwFLemg$\">buradan<\/a> ula\u015fabilirsiniz.<\/p>\n<p><strong>Sonu\u00e7 <\/strong><\/p>\n<p>\u0130klim de\u011fi\u015fikli\u011finin etkilerini \u00e7ok\u00e7a hissetti\u011fimiz g\u00fcn\u00fcm\u00fczde d\u0131\u015f ticaretin ciddi bir b\u00f6l\u00fcm\u00fcn\u00fc AB ile ger\u00e7ekle\u015ftiren T\u00fcrk \u015firketleri i\u00e7in AB&#8217;nin SKDM&#8217;sine uyum konusunda haz\u0131rl\u0131klara ba\u015flanmas\u0131 kritik bir \u00f6neme sahiptir. Avrupa Komisyonu taraf\u0131ndan kullan\u0131ma sunulan SKDM \u00d6z De\u011ferlendirme Arac\u0131 ise at\u0131lmas\u0131 gerekli ad\u0131mlar bak\u0131m\u0131ndan ge\u00e7i\u015f d\u00f6nemi boyunca \u015firketlere yol g\u00f6sterici niteliktedir.<\/p>\n<p>Bunun yan\u0131 s\u0131ra, Ormans\u0131zla\u015fman\u0131n \u00d6nlenmesi T\u00fcz\u00fc\u011f\u00fc&#8217;n\u00fcn y\u00fcr\u00fcrl\u00fck tarihinin ertelenmesiyle \u015firketlerin gerekli aksiyonlar\u0131 alabilmesi i\u00e7in b\u00fcy\u00fck \u00f6l\u00e7ekli i\u015fletmeler i\u00e7in yakla\u015f\u0131k bir, KOB\u0130&#8217;ler i\u00e7inse yakla\u015f\u0131k bir bu\u00e7uk y\u0131ll\u0131k ilave s\u00fcre tan\u0131nm\u0131\u015ft\u0131r. Bu s\u00fcre zarf\u0131nda, s\u00f6z konusu \u00fcr\u00fcnlere ili\u015fkin sekt\u00f6rlerde faaliyet g\u00f6steren \u015firketlerin, AB ile ticaretlerini sorunsuz bir \u015fekilde s\u00fcrd\u00fcrebilmeleri ad\u0131na mevzuata uyum kapsam\u0131nda gerekli ad\u0131mlar\u0131 atmalar\u0131 gerekmektedir.<\/p>\n<p>G\u00fcn\u00fcm\u00fczde ekonomik faaliyetlerin ba\u015f sorumlu olarak g\u00f6sterildi\u011fi iklim de\u011fi\u015fikli\u011finin \u00fcretim ve k\u00fcresel ticaret \u00fczerindeki etkisi g\u00f6z \u00f6n\u00fcnde bulunduruldu\u011funda, \u015firketlerin ilgili \u00e7evresel d\u00fczenlemelere uyum konusunda g\u00f6sterecekleri hassasiyet her zamankinden b\u00fcy\u00fck \u00f6nem arz etmektedir.<\/p>\n","protected":false},"excerpt":{"rendered":"<p>Yeni Geli\u015fme \u0130klim de\u011fi\u015fikli\u011fi, d\u00fcnya genelinde \u00fcretim ve ticareti yeniden \u015fekillendirmekte olup, bir yandan iklim de\u011fi\u015fiminin etkileri, di\u011fer yandan k\u00fcresel [&hellip;]<\/p>\n","protected":false},"author":4,"featured_media":0,"comment_status":"closed","ping_status":"closed","sticky":false,"template":"","format":"standard","meta":{"_acf_changed":false,"_stopmodifiedupdate":false,"_modified_date":"","footnotes":""},"categories":[120],"tags":[193],"class_list":["post-28322","post","type-post","status-publish","format-standard","hentry","category-legal-alerts","tag-esg-tr"],"acf":[],"yoast_head":"<!-- This site is optimized with the Yoast SEO plugin v24.0 - https:\/\/yoast.com\/wordpress\/plugins\/seo\/ -->\n<title>Avrupa Birli\u011fi \u00c7evre Mevzuat\u0131nda \u00d6nemli Geli\u015fmeler<\/title>\n<meta name=\"description\" content=\"Yeni Geli\u015fme \u0130klim de\u011fi\u015fikli\u011fi, d\u00fcnya genelinde \u00fcretim ve ticareti yeniden \u015fekillendirmekte olup, bir yandan iklim de\u011fi\u015fiminin etkileri, di\u011fer yandan\" \/>\n<meta name=\"robots\" content=\"index, follow, max-snippet:-1, max-image-preview:large, max-video-preview:-1\" \/>\n<link rel=\"canonical\" href=\"https:\/\/www.esin.av.tr\/tr\/2024\/12\/18\/avrupa-birligi-cevre-mevzuatinda-onemli-gelismeler\/\" \/>\n<meta property=\"og:locale\" content=\"tr_TR\" \/>\n<meta property=\"og:type\" content=\"article\" \/>\n<meta property=\"og:title\" content=\"Avrupa Birli\u011fi \u00c7evre Mevzuat\u0131nda \u00d6nemli Geli\u015fmeler\" \/>\n<meta property=\"og:description\" content=\"Yeni Geli\u015fme \u0130klim de\u011fi\u015fikli\u011fi, d\u00fcnya genelinde \u00fcretim ve ticareti yeniden \u015fekillendirmekte olup, bir yandan iklim de\u011fi\u015fiminin etkileri, di\u011fer yandan\" \/>\n<meta property=\"og:url\" content=\"https:\/\/www.esin.av.tr\/tr\/2024\/12\/18\/avrupa-birligi-cevre-mevzuatinda-onemli-gelismeler\/\" \/>\n<meta property=\"og:site_name\" content=\"Esin Avukatl\u0131k Ortakl\u0131\u011f\u0131\" \/>\n<meta property=\"article:published_time\" content=\"2024-12-18T14:10:14+00:00\" \/>\n<meta name=\"author\" content=\"R\u0131dvan Konrat\" \/>\n<meta name=\"twitter:card\" content=\"summary_large_image\" \/>\n<meta name=\"twitter:label1\" content=\"Written by\" \/>\n\t<meta name=\"twitter:data1\" content=\"R\u0131dvan Konrat\" \/>\n\t<meta name=\"twitter:label2\" content=\"Est. reading time\" \/>\n\t<meta name=\"twitter:data2\" content=\"7 minutes\" \/>\n<script type=\"application\/ld+json\" class=\"yoast-schema-graph\">{\"@context\":\"https:\/\/schema.org\",\"@graph\":[{\"@type\":\"Article\",\"@id\":\"https:\/\/www.esin.av.tr\/tr\/2024\/12\/18\/avrupa-birligi-cevre-mevzuatinda-onemli-gelismeler\/#article\",\"isPartOf\":{\"@id\":\"https:\/\/www.esin.av.tr\/tr\/2024\/12\/18\/avrupa-birligi-cevre-mevzuatinda-onemli-gelismeler\/\"},\"author\":{\"name\":\"R\u0131dvan Konrat\",\"@id\":\"https:\/\/www.esin.av.tr\/tr\/#\/schema\/person\/42c8e616aab56b8622fa365ad63282ae\"},\"headline\":\"Avrupa Birli\u011fi \u00c7evre Mevzuat\u0131nda \u00d6nemli Geli\u015fmeler\",\"datePublished\":\"2024-12-18T14:10:14+00:00\",\"dateModified\":\"2024-12-18T14:10:14+00:00\",\"mainEntityOfPage\":{\"@id\":\"https:\/\/www.esin.av.tr\/tr\/2024\/12\/18\/avrupa-birligi-cevre-mevzuatinda-onemli-gelismeler\/\"},\"wordCount\":1364,\"publisher\":{\"@id\":\"https:\/\/www.esin.av.tr\/tr\/#organization\"},\"keywords\":[\"ESG\"],\"articleSection\":[\"Hukuk B\u00fcltenleri\"],\"inLanguage\":\"tr\"},{\"@type\":\"WebPage\",\"@id\":\"https:\/\/www.esin.av.tr\/tr\/2024\/12\/18\/avrupa-birligi-cevre-mevzuatinda-onemli-gelismeler\/\",\"url\":\"https:\/\/www.esin.av.tr\/tr\/2024\/12\/18\/avrupa-birligi-cevre-mevzuatinda-onemli-gelismeler\/\",\"name\":\"Avrupa Birli\u011fi \u00c7evre Mevzuat\u0131nda \u00d6nemli Geli\u015fmeler\",\"isPartOf\":{\"@id\":\"https:\/\/www.esin.av.tr\/tr\/#website\"},\"datePublished\":\"2024-12-18T14:10:14+00:00\",\"dateModified\":\"2024-12-18T14:10:14+00:00\",\"description\":\"Yeni Geli\u015fme \u0130klim de\u011fi\u015fikli\u011fi, d\u00fcnya genelinde \u00fcretim ve ticareti yeniden \u015fekillendirmekte olup, bir yandan iklim de\u011fi\u015fiminin etkileri, di\u011fer yandan\",\"breadcrumb\":{\"@id\":\"https:\/\/www.esin.av.tr\/tr\/2024\/12\/18\/avrupa-birligi-cevre-mevzuatinda-onemli-gelismeler\/#breadcrumb\"},\"inLanguage\":\"tr\",\"potentialAction\":[{\"@type\":\"ReadAction\",\"target\":[\"https:\/\/www.esin.av.tr\/tr\/2024\/12\/18\/avrupa-birligi-cevre-mevzuatinda-onemli-gelismeler\/\"]}]},{\"@type\":\"BreadcrumbList\",\"@id\":\"https:\/\/www.esin.av.tr\/tr\/2024\/12\/18\/avrupa-birligi-cevre-mevzuatinda-onemli-gelismeler\/#breadcrumb\",\"itemListElement\":[{\"@type\":\"ListItem\",\"position\":1,\"name\":\"Home\",\"item\":\"https:\/\/www.esin.av.tr\/tr\/\"},{\"@type\":\"ListItem\",\"position\":2,\"name\":\"Avrupa Birli\u011fi \u00c7evre Mevzuat\u0131nda \u00d6nemli Geli\u015fmeler\"}]},{\"@type\":\"WebSite\",\"@id\":\"https:\/\/www.esin.av.tr\/tr\/#website\",\"url\":\"https:\/\/www.esin.av.tr\/tr\/\",\"name\":\"Esin Avukatl\u0131k Ortakl\u0131\u011f\u0131\",\"description\":\"\",\"publisher\":{\"@id\":\"https:\/\/www.esin.av.tr\/tr\/#organization\"},\"potentialAction\":[{\"@type\":\"SearchAction\",\"target\":{\"@type\":\"EntryPoint\",\"urlTemplate\":\"https:\/\/www.esin.av.tr\/tr\/?s={search_term_string}\"},\"query-input\":{\"@type\":\"PropertyValueSpecification\",\"valueRequired\":true,\"valueName\":\"search_term_string\"}}],\"inLanguage\":\"tr\"},{\"@type\":\"Organization\",\"@id\":\"https:\/\/www.esin.av.tr\/tr\/#organization\",\"name\":\"Esin Avukatl\u0131k Ortakl\u0131\u011f\u0131\",\"url\":\"https:\/\/www.esin.av.tr\/tr\/\",\"logo\":{\"@type\":\"ImageObject\",\"inLanguage\":\"tr\",\"@id\":\"https:\/\/www.esin.av.tr\/tr\/#\/schema\/logo\/image\/\",\"url\":\"https:\/\/www.esin.av.tr\/wp-content\/uploads\/2021\/09\/esin-2.jpg\",\"contentUrl\":\"https:\/\/www.esin.av.tr\/wp-content\/uploads\/2021\/09\/esin-2.jpg\",\"width\":800,\"height\":460,\"caption\":\"Esin Avukatl\u0131k Ortakl\u0131\u011f\u0131\"},\"image\":{\"@id\":\"https:\/\/www.esin.av.tr\/tr\/#\/schema\/logo\/image\/\"}},{\"@type\":\"Person\",\"@id\":\"https:\/\/www.esin.av.tr\/tr\/#\/schema\/person\/42c8e616aab56b8622fa365ad63282ae\",\"name\":\"R\u0131dvan Konrat\",\"image\":{\"@type\":\"ImageObject\",\"inLanguage\":\"tr\",\"@id\":\"https:\/\/www.esin.av.tr\/tr\/#\/schema\/person\/image\/\",\"url\":\"https:\/\/secure.gravatar.com\/avatar\/b20c6c583be38ed4e76e32f69fccc676?s=96&d=mm&r=g\",\"contentUrl\":\"https:\/\/secure.gravatar.com\/avatar\/b20c6c583be38ed4e76e32f69fccc676?s=96&d=mm&r=g\",\"caption\":\"R\u0131dvan Konrat\"},\"sameAs\":[\"http:\/\/www.esin.av.tr\"],\"url\":\"https:\/\/www.esin.av.tr\/tr\/author\/rkonrat\/\"}]}<\/script>\n<!-- \/ Yoast SEO plugin. -->","yoast_head_json":{"title":"Avrupa Birli\u011fi \u00c7evre Mevzuat\u0131nda \u00d6nemli Geli\u015fmeler","description":"Yeni Geli\u015fme \u0130klim de\u011fi\u015fikli\u011fi, d\u00fcnya genelinde \u00fcretim ve ticareti yeniden \u015fekillendirmekte olup, bir yandan iklim de\u011fi\u015fiminin etkileri, di\u011fer yandan","robots":{"index":"index","follow":"follow","max-snippet":"max-snippet:-1","max-image-preview":"max-image-preview:large","max-video-preview":"max-video-preview:-1"},"canonical":"https:\/\/www.esin.av.tr\/tr\/2024\/12\/18\/avrupa-birligi-cevre-mevzuatinda-onemli-gelismeler\/","og_locale":"tr_TR","og_type":"article","og_title":"Avrupa Birli\u011fi \u00c7evre Mevzuat\u0131nda \u00d6nemli Geli\u015fmeler","og_description":"Yeni Geli\u015fme \u0130klim de\u011fi\u015fikli\u011fi, d\u00fcnya genelinde \u00fcretim ve ticareti yeniden \u015fekillendirmekte olup, bir yandan iklim de\u011fi\u015fiminin etkileri, di\u011fer yandan","og_url":"https:\/\/www.esin.av.tr\/tr\/2024\/12\/18\/avrupa-birligi-cevre-mevzuatinda-onemli-gelismeler\/","og_site_name":"Esin Avukatl\u0131k Ortakl\u0131\u011f\u0131","article_published_time":"2024-12-18T14:10:14+00:00","author":"R\u0131dvan Konrat","twitter_card":"summary_large_image","twitter_misc":{"Written by":"R\u0131dvan Konrat","Est. reading time":"7 minutes"},"schema":{"@context":"https:\/\/schema.org","@graph":[{"@type":"Article","@id":"https:\/\/www.esin.av.tr\/tr\/2024\/12\/18\/avrupa-birligi-cevre-mevzuatinda-onemli-gelismeler\/#article","isPartOf":{"@id":"https:\/\/www.esin.av.tr\/tr\/2024\/12\/18\/avrupa-birligi-cevre-mevzuatinda-onemli-gelismeler\/"},"author":{"name":"R\u0131dvan Konrat","@id":"https:\/\/www.esin.av.tr\/tr\/#\/schema\/person\/42c8e616aab56b8622fa365ad63282ae"},"headline":"Avrupa Birli\u011fi \u00c7evre Mevzuat\u0131nda \u00d6nemli Geli\u015fmeler","datePublished":"2024-12-18T14:10:14+00:00","dateModified":"2024-12-18T14:10:14+00:00","mainEntityOfPage":{"@id":"https:\/\/www.esin.av.tr\/tr\/2024\/12\/18\/avrupa-birligi-cevre-mevzuatinda-onemli-gelismeler\/"},"wordCount":1364,"publisher":{"@id":"https:\/\/www.esin.av.tr\/tr\/#organization"},"keywords":["ESG"],"articleSection":["Hukuk B\u00fcltenleri"],"inLanguage":"tr"},{"@type":"WebPage","@id":"https:\/\/www.esin.av.tr\/tr\/2024\/12\/18\/avrupa-birligi-cevre-mevzuatinda-onemli-gelismeler\/","url":"https:\/\/www.esin.av.tr\/tr\/2024\/12\/18\/avrupa-birligi-cevre-mevzuatinda-onemli-gelismeler\/","name":"Avrupa Birli\u011fi \u00c7evre Mevzuat\u0131nda \u00d6nemli Geli\u015fmeler","isPartOf":{"@id":"https:\/\/www.esin.av.tr\/tr\/#website"},"datePublished":"2024-12-18T14:10:14+00:00","dateModified":"2024-12-18T14:10:14+00:00","description":"Yeni Geli\u015fme \u0130klim de\u011fi\u015fikli\u011fi, d\u00fcnya genelinde \u00fcretim ve ticareti yeniden \u015fekillendirmekte olup, bir yandan iklim de\u011fi\u015fiminin etkileri, di\u011fer yandan","breadcrumb":{"@id":"https:\/\/www.esin.av.tr\/tr\/2024\/12\/18\/avrupa-birligi-cevre-mevzuatinda-onemli-gelismeler\/#breadcrumb"},"inLanguage":"tr","potentialAction":[{"@type":"ReadAction","target":["https:\/\/www.esin.av.tr\/tr\/2024\/12\/18\/avrupa-birligi-cevre-mevzuatinda-onemli-gelismeler\/"]}]},{"@type":"BreadcrumbList","@id":"https:\/\/www.esin.av.tr\/tr\/2024\/12\/18\/avrupa-birligi-cevre-mevzuatinda-onemli-gelismeler\/#breadcrumb","itemListElement":[{"@type":"ListItem","position":1,"name":"Home","item":"https:\/\/www.esin.av.tr\/tr\/"},{"@type":"ListItem","position":2,"name":"Avrupa Birli\u011fi \u00c7evre Mevzuat\u0131nda \u00d6nemli Geli\u015fmeler"}]},{"@type":"WebSite","@id":"https:\/\/www.esin.av.tr\/tr\/#website","url":"https:\/\/www.esin.av.tr\/tr\/","name":"Esin Avukatl\u0131k Ortakl\u0131\u011f\u0131","description":"","publisher":{"@id":"https:\/\/www.esin.av.tr\/tr\/#organization"},"potentialAction":[{"@type":"SearchAction","target":{"@type":"EntryPoint","urlTemplate":"https:\/\/www.esin.av.tr\/tr\/?s={search_term_string}"},"query-input":{"@type":"PropertyValueSpecification","valueRequired":true,"valueName":"search_term_string"}}],"inLanguage":"tr"},{"@type":"Organization","@id":"https:\/\/www.esin.av.tr\/tr\/#organization","name":"Esin Avukatl\u0131k Ortakl\u0131\u011f\u0131","url":"https:\/\/www.esin.av.tr\/tr\/","logo":{"@type":"ImageObject","inLanguage":"tr","@id":"https:\/\/www.esin.av.tr\/tr\/#\/schema\/logo\/image\/","url":"https:\/\/www.esin.av.tr\/wp-content\/uploads\/2021\/09\/esin-2.jpg","contentUrl":"https:\/\/www.esin.av.tr\/wp-content\/uploads\/2021\/09\/esin-2.jpg","width":800,"height":460,"caption":"Esin Avukatl\u0131k Ortakl\u0131\u011f\u0131"},"image":{"@id":"https:\/\/www.esin.av.tr\/tr\/#\/schema\/logo\/image\/"}},{"@type":"Person","@id":"https:\/\/www.esin.av.tr\/tr\/#\/schema\/person\/42c8e616aab56b8622fa365ad63282ae","name":"R\u0131dvan Konrat","image":{"@type":"ImageObject","inLanguage":"tr","@id":"https:\/\/www.esin.av.tr\/tr\/#\/schema\/person\/image\/","url":"https:\/\/secure.gravatar.com\/avatar\/b20c6c583be38ed4e76e32f69fccc676?s=96&d=mm&r=g","contentUrl":"https:\/\/secure.gravatar.com\/avatar\/b20c6c583be38ed4e76e32f69fccc676?s=96&d=mm&r=g","caption":"R\u0131dvan Konrat"},"sameAs":["http:\/\/www.esin.av.tr"],"url":"https:\/\/www.esin.av.tr\/tr\/author\/rkonrat\/"}]}},"_links":{"self":[{"href":"https:\/\/www.esin.av.tr\/tr\/wp-json\/wp\/v2\/posts\/28322","targetHints":{"allow":["GET"]}}],"collection":[{"href":"https:\/\/www.esin.av.tr\/tr\/wp-json\/wp\/v2\/posts"}],"about":[{"href":"https:\/\/www.esin.av.tr\/tr\/wp-json\/wp\/v2\/types\/post"}],"author":[{"embeddable":true,"href":"https:\/\/www.esin.av.tr\/tr\/wp-json\/wp\/v2\/users\/4"}],"replies":[{"embeddable":true,"href":"https:\/\/www.esin.av.tr\/tr\/wp-json\/wp\/v2\/comments?post=28322"}],"version-history":[{"count":1,"href":"https:\/\/www.esin.av.tr\/tr\/wp-json\/wp\/v2\/posts\/28322\/revisions"}],"predecessor-version":[{"id":28323,"href":"https:\/\/www.esin.av.tr\/tr\/wp-json\/wp\/v2\/posts\/28322\/revisions\/28323"}],"wp:attachment":[{"href":"https:\/\/www.esin.av.tr\/tr\/wp-json\/wp\/v2\/media?parent=28322"}],"wp:term":[{"taxonomy":"category","embeddable":true,"href":"https:\/\/www.esin.av.tr\/tr\/wp-json\/wp\/v2\/categories?post=28322"},{"taxonomy":"post_tag","embeddable":true,"href":"https:\/\/www.esin.av.tr\/tr\/wp-json\/wp\/v2\/tags?post=28322"}],"curies":[{"name":"wp","href":"https:\/\/api.w.org\/{rel}","templated":true}]}}