{"id":28294,"date":"2024-12-09T08:34:07","date_gmt":"2024-12-09T08:34:07","guid":{"rendered":"https:\/\/www.esin.av.tr\/?p=28294"},"modified":"2024-12-09T08:34:07","modified_gmt":"2024-12-09T08:34:07","slug":"spk-aciga-satis-yasagini-kismen-kaldirdi","status":"publish","type":"post","link":"https:\/\/www.esin.av.tr\/tr\/2024\/12\/09\/spk-aciga-satis-yasagini-kismen-kaldirdi\/","title":{"rendered":"SPK A\u00e7\u0131\u011fa Sat\u0131\u015f Yasa\u011f\u0131n\u0131 K\u0131smen Kald\u0131rd\u0131"},"content":{"rendered":"<p><strong>Yeni geli\u015fmeler<\/strong><\/p>\n<p>Sermaye Piyasas\u0131 Kurulu (&#8220;<strong>SPK<\/strong>&#8220;) 5 Aral\u0131k 2024 tarih ve 2024\/55 say\u0131l\u0131 SPK b\u00fclteninde yay\u0131mlanan duyuru (&#8220;<strong>Duyuru<\/strong>&#8220;) ile BIST-50 endeksinde yer alan pay piyasalar\u0131 i\u00e7in a\u00e7\u0131\u011fa sat\u0131\u015f yasa\u011f\u0131n\u0131 2 Ocak 2025 tarihinden itibaren ge\u00e7erli olmak \u00fczere kald\u0131rd\u0131. Duyuru\u2019nun yay\u0131mland\u0131\u011f\u0131 SPK b\u00fcltenine <a href=\"https:\/\/urldefense.com\/v3\/__https:\/esinxchange.com\/collect\/click.aspx?u=ejVoNk5LT00zZ1crZExWM2NoUUEzcmhsK0lLb0dMSTREcWpDYnBIMlM1bjRBQlI4U3FvUHI2eXIzV2EvejJBWEo4RUtRSmQ3S0V0NmlZdnZxdkFkVUR6RVVBbWFMSDMzYjNCbmo5dTN3aXV4dnFQMzFWWWZDQT09&amp;rh=ff00dbde782bb2d523bdb01f31488f0ac9db2b11__;!!Hj9Y_P0nvg!X_FRutX-gJgrHEdXz7z0yD95CujJSyvGQ3gBnjqs5vgk3H83V3qAsgaVjJcyylFx1ogjVf8Tzc4OHpiAF0wJ3Ypnyw$\">buradan<\/a> eri\u015febilirsiniz.<\/p>\n<p>SPK, 6 \u015eubat 2023 tarihinde merkez \u00fcss\u00fc Kahramanmara\u015f olan ve T\u00fcrkiye\u2019nin 10 ilini etkileyen deprem felaketi akabinde Borsa \u0130stanbul A.\u015e. (&#8220;<strong>B\u0130ST<\/strong>&#8220;) pay piyasalar\u0131nda a\u00e7\u0131\u011fa sat\u0131\u015f i\u015flemlerinin yasaklanmas\u0131na karar vermi\u015fti. Duyuru ile birlikte s\u00f6z konusu a\u00e7\u0131\u011fa sat\u0131\u015f yasa\u011f\u0131 B\u0130ST taraf\u0131ndan ilan edilen BIST-50 endeksinde yer alan paylar i\u00e7in uygulanmayacak. SPK ayr\u0131ca, g\u00fcn i\u00e7inde sahip olunmadan sat\u0131lan ve ayn\u0131 g\u00fcn i\u00e7inde kapat\u0131lan pozisyonlar\u0131n da a\u00e7\u0131\u011fa sat\u0131\u015f kapsam\u0131nda kabul edilece\u011fini hat\u0131rlatt\u0131.<\/p>\n","protected":false},"excerpt":{"rendered":"<p>Yeni geli\u015fmeler Sermaye Piyasas\u0131 Kurulu (&#8220;SPK&#8220;) 5 Aral\u0131k 2024 tarih ve 2024\/55 say\u0131l\u0131 SPK b\u00fclteninde yay\u0131mlanan duyuru (&#8220;Duyuru&#8220;) ile BIST-50 [&hellip;]<\/p>\n","protected":false},"author":4,"featured_media":0,"comment_status":"closed","ping_status":"closed","sticky":false,"template":"","format":"standard","meta":{"_acf_changed":false,"_stopmodifiedupdate":false,"_modified_date":"","footnotes":""},"categories":[120],"tags":[97],"class_list":["post-28294","post","type-post","status-publish","format-standard","hentry","category-legal-alerts","tag-capital-markets-tr"],"acf":[],"yoast_head":"<!-- This site is optimized with the Yoast SEO plugin v24.0 - https:\/\/yoast.com\/wordpress\/plugins\/seo\/ -->\n<title>SPK A\u00e7\u0131\u011fa Sat\u0131\u015f Yasa\u011f\u0131n\u0131 K\u0131smen Kald\u0131rd\u0131<\/title>\n<meta name=\"description\" content=\"Yeni geli\u015fmeler Sermaye Piyasas\u0131 Kurulu (&quot;SPK&quot;) 5 Aral\u0131k 2024 tarih ve 2024\/55 say\u0131l\u0131 SPK b\u00fclteninde yay\u0131mlanan duyuru (&quot;Duyuru&quot;) ile BIST-50 endeksinde\" \/>\n<meta name=\"robots\" content=\"index, follow, max-snippet:-1, max-image-preview:large, max-video-preview:-1\" \/>\n<link rel=\"canonical\" href=\"https:\/\/www.esin.av.tr\/tr\/2024\/12\/09\/spk-aciga-satis-yasagini-kismen-kaldirdi\/\" \/>\n<meta property=\"og:locale\" content=\"tr_TR\" \/>\n<meta property=\"og:type\" content=\"article\" \/>\n<meta property=\"og:title\" content=\"SPK A\u00e7\u0131\u011fa Sat\u0131\u015f Yasa\u011f\u0131n\u0131 K\u0131smen Kald\u0131rd\u0131\" \/>\n<meta property=\"og:description\" content=\"Yeni geli\u015fmeler Sermaye Piyasas\u0131 Kurulu (&quot;SPK&quot;) 5 Aral\u0131k 2024 tarih ve 2024\/55 say\u0131l\u0131 SPK b\u00fclteninde yay\u0131mlanan duyuru (&quot;Duyuru&quot;) ile BIST-50 endeksinde\" \/>\n<meta property=\"og:url\" content=\"https:\/\/www.esin.av.tr\/tr\/2024\/12\/09\/spk-aciga-satis-yasagini-kismen-kaldirdi\/\" \/>\n<meta property=\"og:site_name\" content=\"Esin Avukatl\u0131k Ortakl\u0131\u011f\u0131\" \/>\n<meta property=\"article:published_time\" content=\"2024-12-09T08:34:07+00:00\" \/>\n<meta name=\"author\" content=\"R\u0131dvan Konrat\" \/>\n<meta name=\"twitter:card\" content=\"summary_large_image\" \/>\n<meta name=\"twitter:label1\" content=\"Written by\" \/>\n\t<meta name=\"twitter:data1\" content=\"R\u0131dvan Konrat\" \/>\n\t<meta name=\"twitter:label2\" content=\"Est. reading time\" \/>\n\t<meta name=\"twitter:data2\" content=\"1 minute\" \/>\n<script type=\"application\/ld+json\" class=\"yoast-schema-graph\">{\"@context\":\"https:\/\/schema.org\",\"@graph\":[{\"@type\":\"Article\",\"@id\":\"https:\/\/www.esin.av.tr\/tr\/2024\/12\/09\/spk-aciga-satis-yasagini-kismen-kaldirdi\/#article\",\"isPartOf\":{\"@id\":\"https:\/\/www.esin.av.tr\/tr\/2024\/12\/09\/spk-aciga-satis-yasagini-kismen-kaldirdi\/\"},\"author\":{\"name\":\"R\u0131dvan Konrat\",\"@id\":\"https:\/\/www.esin.av.tr\/tr\/#\/schema\/person\/42c8e616aab56b8622fa365ad63282ae\"},\"headline\":\"SPK A\u00e7\u0131\u011fa Sat\u0131\u015f Yasa\u011f\u0131n\u0131 K\u0131smen Kald\u0131rd\u0131\",\"datePublished\":\"2024-12-09T08:34:07+00:00\",\"dateModified\":\"2024-12-09T08:34:07+00:00\",\"mainEntityOfPage\":{\"@id\":\"https:\/\/www.esin.av.tr\/tr\/2024\/12\/09\/spk-aciga-satis-yasagini-kismen-kaldirdi\/\"},\"wordCount\":153,\"publisher\":{\"@id\":\"https:\/\/www.esin.av.tr\/tr\/#organization\"},\"keywords\":[\"Sermaye Piyasas\u0131 Hukuku\"],\"articleSection\":[\"Hukuk B\u00fcltenleri\"],\"inLanguage\":\"tr\"},{\"@type\":\"WebPage\",\"@id\":\"https:\/\/www.esin.av.tr\/tr\/2024\/12\/09\/spk-aciga-satis-yasagini-kismen-kaldirdi\/\",\"url\":\"https:\/\/www.esin.av.tr\/tr\/2024\/12\/09\/spk-aciga-satis-yasagini-kismen-kaldirdi\/\",\"name\":\"SPK A\u00e7\u0131\u011fa Sat\u0131\u015f Yasa\u011f\u0131n\u0131 K\u0131smen Kald\u0131rd\u0131\",\"isPartOf\":{\"@id\":\"https:\/\/www.esin.av.tr\/tr\/#website\"},\"datePublished\":\"2024-12-09T08:34:07+00:00\",\"dateModified\":\"2024-12-09T08:34:07+00:00\",\"description\":\"Yeni geli\u015fmeler Sermaye Piyasas\u0131 Kurulu (\\\"SPK\\\") 5 Aral\u0131k 2024 tarih ve 2024\/55 say\u0131l\u0131 SPK b\u00fclteninde yay\u0131mlanan duyuru (\\\"Duyuru\\\") ile BIST-50 endeksinde\",\"breadcrumb\":{\"@id\":\"https:\/\/www.esin.av.tr\/tr\/2024\/12\/09\/spk-aciga-satis-yasagini-kismen-kaldirdi\/#breadcrumb\"},\"inLanguage\":\"tr\",\"potentialAction\":[{\"@type\":\"ReadAction\",\"target\":[\"https:\/\/www.esin.av.tr\/tr\/2024\/12\/09\/spk-aciga-satis-yasagini-kismen-kaldirdi\/\"]}]},{\"@type\":\"BreadcrumbList\",\"@id\":\"https:\/\/www.esin.av.tr\/tr\/2024\/12\/09\/spk-aciga-satis-yasagini-kismen-kaldirdi\/#breadcrumb\",\"itemListElement\":[{\"@type\":\"ListItem\",\"position\":1,\"name\":\"Home\",\"item\":\"https:\/\/www.esin.av.tr\/tr\/\"},{\"@type\":\"ListItem\",\"position\":2,\"name\":\"SPK A\u00e7\u0131\u011fa Sat\u0131\u015f Yasa\u011f\u0131n\u0131 K\u0131smen Kald\u0131rd\u0131\"}]},{\"@type\":\"WebSite\",\"@id\":\"https:\/\/www.esin.av.tr\/tr\/#website\",\"url\":\"https:\/\/www.esin.av.tr\/tr\/\",\"name\":\"Esin Avukatl\u0131k Ortakl\u0131\u011f\u0131\",\"description\":\"\",\"publisher\":{\"@id\":\"https:\/\/www.esin.av.tr\/tr\/#organization\"},\"potentialAction\":[{\"@type\":\"SearchAction\",\"target\":{\"@type\":\"EntryPoint\",\"urlTemplate\":\"https:\/\/www.esin.av.tr\/tr\/?s={search_term_string}\"},\"query-input\":{\"@type\":\"PropertyValueSpecification\",\"valueRequired\":true,\"valueName\":\"search_term_string\"}}],\"inLanguage\":\"tr\"},{\"@type\":\"Organization\",\"@id\":\"https:\/\/www.esin.av.tr\/tr\/#organization\",\"name\":\"Esin Avukatl\u0131k Ortakl\u0131\u011f\u0131\",\"url\":\"https:\/\/www.esin.av.tr\/tr\/\",\"logo\":{\"@type\":\"ImageObject\",\"inLanguage\":\"tr\",\"@id\":\"https:\/\/www.esin.av.tr\/tr\/#\/schema\/logo\/image\/\",\"url\":\"https:\/\/www.esin.av.tr\/wp-content\/uploads\/2021\/09\/esin-2.jpg\",\"contentUrl\":\"https:\/\/www.esin.av.tr\/wp-content\/uploads\/2021\/09\/esin-2.jpg\",\"width\":800,\"height\":460,\"caption\":\"Esin Avukatl\u0131k Ortakl\u0131\u011f\u0131\"},\"image\":{\"@id\":\"https:\/\/www.esin.av.tr\/tr\/#\/schema\/logo\/image\/\"}},{\"@type\":\"Person\",\"@id\":\"https:\/\/www.esin.av.tr\/tr\/#\/schema\/person\/42c8e616aab56b8622fa365ad63282ae\",\"name\":\"R\u0131dvan Konrat\",\"image\":{\"@type\":\"ImageObject\",\"inLanguage\":\"tr\",\"@id\":\"https:\/\/www.esin.av.tr\/tr\/#\/schema\/person\/image\/\",\"url\":\"https:\/\/secure.gravatar.com\/avatar\/b20c6c583be38ed4e76e32f69fccc676?s=96&d=mm&r=g\",\"contentUrl\":\"https:\/\/secure.gravatar.com\/avatar\/b20c6c583be38ed4e76e32f69fccc676?s=96&d=mm&r=g\",\"caption\":\"R\u0131dvan Konrat\"},\"sameAs\":[\"http:\/\/www.esin.av.tr\"],\"url\":\"https:\/\/www.esin.av.tr\/tr\/author\/rkonrat\/\"}]}<\/script>\n<!-- \/ Yoast SEO plugin. -->","yoast_head_json":{"title":"SPK A\u00e7\u0131\u011fa Sat\u0131\u015f Yasa\u011f\u0131n\u0131 K\u0131smen Kald\u0131rd\u0131","description":"Yeni geli\u015fmeler Sermaye Piyasas\u0131 Kurulu (\"SPK\") 5 Aral\u0131k 2024 tarih ve 2024\/55 say\u0131l\u0131 SPK b\u00fclteninde yay\u0131mlanan duyuru (\"Duyuru\") ile BIST-50 endeksinde","robots":{"index":"index","follow":"follow","max-snippet":"max-snippet:-1","max-image-preview":"max-image-preview:large","max-video-preview":"max-video-preview:-1"},"canonical":"https:\/\/www.esin.av.tr\/tr\/2024\/12\/09\/spk-aciga-satis-yasagini-kismen-kaldirdi\/","og_locale":"tr_TR","og_type":"article","og_title":"SPK A\u00e7\u0131\u011fa Sat\u0131\u015f Yasa\u011f\u0131n\u0131 K\u0131smen Kald\u0131rd\u0131","og_description":"Yeni geli\u015fmeler Sermaye Piyasas\u0131 Kurulu (\"SPK\") 5 Aral\u0131k 2024 tarih ve 2024\/55 say\u0131l\u0131 SPK b\u00fclteninde yay\u0131mlanan duyuru (\"Duyuru\") ile BIST-50 endeksinde","og_url":"https:\/\/www.esin.av.tr\/tr\/2024\/12\/09\/spk-aciga-satis-yasagini-kismen-kaldirdi\/","og_site_name":"Esin Avukatl\u0131k Ortakl\u0131\u011f\u0131","article_published_time":"2024-12-09T08:34:07+00:00","author":"R\u0131dvan Konrat","twitter_card":"summary_large_image","twitter_misc":{"Written by":"R\u0131dvan Konrat","Est. reading time":"1 minute"},"schema":{"@context":"https:\/\/schema.org","@graph":[{"@type":"Article","@id":"https:\/\/www.esin.av.tr\/tr\/2024\/12\/09\/spk-aciga-satis-yasagini-kismen-kaldirdi\/#article","isPartOf":{"@id":"https:\/\/www.esin.av.tr\/tr\/2024\/12\/09\/spk-aciga-satis-yasagini-kismen-kaldirdi\/"},"author":{"name":"R\u0131dvan Konrat","@id":"https:\/\/www.esin.av.tr\/tr\/#\/schema\/person\/42c8e616aab56b8622fa365ad63282ae"},"headline":"SPK A\u00e7\u0131\u011fa Sat\u0131\u015f Yasa\u011f\u0131n\u0131 K\u0131smen Kald\u0131rd\u0131","datePublished":"2024-12-09T08:34:07+00:00","dateModified":"2024-12-09T08:34:07+00:00","mainEntityOfPage":{"@id":"https:\/\/www.esin.av.tr\/tr\/2024\/12\/09\/spk-aciga-satis-yasagini-kismen-kaldirdi\/"},"wordCount":153,"publisher":{"@id":"https:\/\/www.esin.av.tr\/tr\/#organization"},"keywords":["Sermaye Piyasas\u0131 Hukuku"],"articleSection":["Hukuk B\u00fcltenleri"],"inLanguage":"tr"},{"@type":"WebPage","@id":"https:\/\/www.esin.av.tr\/tr\/2024\/12\/09\/spk-aciga-satis-yasagini-kismen-kaldirdi\/","url":"https:\/\/www.esin.av.tr\/tr\/2024\/12\/09\/spk-aciga-satis-yasagini-kismen-kaldirdi\/","name":"SPK A\u00e7\u0131\u011fa Sat\u0131\u015f Yasa\u011f\u0131n\u0131 K\u0131smen Kald\u0131rd\u0131","isPartOf":{"@id":"https:\/\/www.esin.av.tr\/tr\/#website"},"datePublished":"2024-12-09T08:34:07+00:00","dateModified":"2024-12-09T08:34:07+00:00","description":"Yeni geli\u015fmeler Sermaye Piyasas\u0131 Kurulu (\"SPK\") 5 Aral\u0131k 2024 tarih ve 2024\/55 say\u0131l\u0131 SPK b\u00fclteninde yay\u0131mlanan duyuru (\"Duyuru\") ile BIST-50 endeksinde","breadcrumb":{"@id":"https:\/\/www.esin.av.tr\/tr\/2024\/12\/09\/spk-aciga-satis-yasagini-kismen-kaldirdi\/#breadcrumb"},"inLanguage":"tr","potentialAction":[{"@type":"ReadAction","target":["https:\/\/www.esin.av.tr\/tr\/2024\/12\/09\/spk-aciga-satis-yasagini-kismen-kaldirdi\/"]}]},{"@type":"BreadcrumbList","@id":"https:\/\/www.esin.av.tr\/tr\/2024\/12\/09\/spk-aciga-satis-yasagini-kismen-kaldirdi\/#breadcrumb","itemListElement":[{"@type":"ListItem","position":1,"name":"Home","item":"https:\/\/www.esin.av.tr\/tr\/"},{"@type":"ListItem","position":2,"name":"SPK A\u00e7\u0131\u011fa Sat\u0131\u015f Yasa\u011f\u0131n\u0131 K\u0131smen Kald\u0131rd\u0131"}]},{"@type":"WebSite","@id":"https:\/\/www.esin.av.tr\/tr\/#website","url":"https:\/\/www.esin.av.tr\/tr\/","name":"Esin Avukatl\u0131k Ortakl\u0131\u011f\u0131","description":"","publisher":{"@id":"https:\/\/www.esin.av.tr\/tr\/#organization"},"potentialAction":[{"@type":"SearchAction","target":{"@type":"EntryPoint","urlTemplate":"https:\/\/www.esin.av.tr\/tr\/?s={search_term_string}"},"query-input":{"@type":"PropertyValueSpecification","valueRequired":true,"valueName":"search_term_string"}}],"inLanguage":"tr"},{"@type":"Organization","@id":"https:\/\/www.esin.av.tr\/tr\/#organization","name":"Esin Avukatl\u0131k Ortakl\u0131\u011f\u0131","url":"https:\/\/www.esin.av.tr\/tr\/","logo":{"@type":"ImageObject","inLanguage":"tr","@id":"https:\/\/www.esin.av.tr\/tr\/#\/schema\/logo\/image\/","url":"https:\/\/www.esin.av.tr\/wp-content\/uploads\/2021\/09\/esin-2.jpg","contentUrl":"https:\/\/www.esin.av.tr\/wp-content\/uploads\/2021\/09\/esin-2.jpg","width":800,"height":460,"caption":"Esin Avukatl\u0131k Ortakl\u0131\u011f\u0131"},"image":{"@id":"https:\/\/www.esin.av.tr\/tr\/#\/schema\/logo\/image\/"}},{"@type":"Person","@id":"https:\/\/www.esin.av.tr\/tr\/#\/schema\/person\/42c8e616aab56b8622fa365ad63282ae","name":"R\u0131dvan Konrat","image":{"@type":"ImageObject","inLanguage":"tr","@id":"https:\/\/www.esin.av.tr\/tr\/#\/schema\/person\/image\/","url":"https:\/\/secure.gravatar.com\/avatar\/b20c6c583be38ed4e76e32f69fccc676?s=96&d=mm&r=g","contentUrl":"https:\/\/secure.gravatar.com\/avatar\/b20c6c583be38ed4e76e32f69fccc676?s=96&d=mm&r=g","caption":"R\u0131dvan Konrat"},"sameAs":["http:\/\/www.esin.av.tr"],"url":"https:\/\/www.esin.av.tr\/tr\/author\/rkonrat\/"}]}},"_links":{"self":[{"href":"https:\/\/www.esin.av.tr\/tr\/wp-json\/wp\/v2\/posts\/28294","targetHints":{"allow":["GET"]}}],"collection":[{"href":"https:\/\/www.esin.av.tr\/tr\/wp-json\/wp\/v2\/posts"}],"about":[{"href":"https:\/\/www.esin.av.tr\/tr\/wp-json\/wp\/v2\/types\/post"}],"author":[{"embeddable":true,"href":"https:\/\/www.esin.av.tr\/tr\/wp-json\/wp\/v2\/users\/4"}],"replies":[{"embeddable":true,"href":"https:\/\/www.esin.av.tr\/tr\/wp-json\/wp\/v2\/comments?post=28294"}],"version-history":[{"count":1,"href":"https:\/\/www.esin.av.tr\/tr\/wp-json\/wp\/v2\/posts\/28294\/revisions"}],"predecessor-version":[{"id":28295,"href":"https:\/\/www.esin.av.tr\/tr\/wp-json\/wp\/v2\/posts\/28294\/revisions\/28295"}],"wp:attachment":[{"href":"https:\/\/www.esin.av.tr\/tr\/wp-json\/wp\/v2\/media?parent=28294"}],"wp:term":[{"taxonomy":"category","embeddable":true,"href":"https:\/\/www.esin.av.tr\/tr\/wp-json\/wp\/v2\/categories?post=28294"},{"taxonomy":"post_tag","embeddable":true,"href":"https:\/\/www.esin.av.tr\/tr\/wp-json\/wp\/v2\/tags?post=28294"}],"curies":[{"name":"wp","href":"https:\/\/api.w.org\/{rel}","templated":true}]}}