{"id":28266,"date":"2024-12-05T13:03:41","date_gmt":"2024-12-05T13:03:41","guid":{"rendered":"https:\/\/www.esin.av.tr\/?p=28266"},"modified":"2024-12-05T13:03:41","modified_gmt":"2024-12-05T13:03:41","slug":"2024-finansal-yili-kapanmadan-once-ozvarlik-kontrolu-ve-genel-kurul-toplantisi-hazirliginda-yol-haritasi","status":"publish","type":"post","link":"https:\/\/www.esin.av.tr\/tr\/2024\/12\/05\/2024-finansal-yili-kapanmadan-once-ozvarlik-kontrolu-ve-genel-kurul-toplantisi-hazirliginda-yol-haritasi\/","title":{"rendered":"2024 Finansal Y\u0131l\u0131 Kapanmadan \u00d6nce \u00d6zvarl\u0131k Kontrol\u00fc ve Genel Kurul Toplant\u0131s\u0131 Haz\u0131rl\u0131\u011f\u0131nda Yol Haritas\u0131"},"content":{"rendered":"<p>Bu rehber, bir \u00e7ok \u015firket i\u00e7in finansal y\u0131l sonu olan 31 Aral\u0131k 2024 yakla\u015f\u0131rken, \u015firketlerin \u00f6z varl\u0131k pozisyonunda yapmas\u0131 gereken incelemeleri hat\u0131rlatmay\u0131 ve faaliyet y\u0131l\u0131n\u0131n sona ermesini takiben ger\u00e7ekle\u015ftirilecek genel kurul toplant\u0131s\u0131 haz\u0131rl\u0131\u011f\u0131nda izlenecek yol haritas\u0131na \u0131\u015f\u0131k tutmay\u0131 ama\u00e7lamaktad\u0131r.<\/p>\n<p>\u00d6n\u00fcm\u00fczdeki d\u00f6nem; y\u0131ll\u0131k ola\u011fan genel kurul toplant\u0131s\u0131 \u00f6ncesinde raporlamalar i\u00e7in \u00f6n haz\u0131rl\u0131klar\u0131n ba\u015flat\u0131lmas\u0131, finansallar ve \u00f6z varl\u0131k \u00fczerinde \u00e7ok y\u00f6nl\u00fc de\u011ferlendirmelerin yap\u0131lmas\u0131, pay sahiplerinin incelemesine sunulacak belgelerin haz\u0131rl\u0131\u011f\u0131 ve gerekli planlamalar\u0131n yap\u0131lmas\u0131 i\u00e7in kritik aylar olacakt\u0131r.<\/p>\n<ol>\n<li><strong> \u015eirket Y\u00f6netim Kurulu ve Y\u00f6neticilerine D\u00fc\u015fen G\u00f6rev<\/strong><\/li>\n<\/ol>\n<p>Y\u0131ll\u0131k faaliyet raporunun ve kurumsal y\u00f6netim a\u00e7\u0131klamas\u0131n\u0131n d\u00fczenlenmesi ve genel kurula sunulmas\u0131, genel kurul toplant\u0131lar\u0131n\u0131n haz\u0131rlanmas\u0131 ve genel kurul kararlar\u0131n\u0131n y\u00fcr\u00fct\u00fclmesi y\u00f6netim kurulunun devredilemez g\u00f6rev ve yetkileri aras\u0131nda yer almaktad\u0131r.<\/p>\n<p>Y\u00f6netim kurulu bu kapsamda yapaca\u011f\u0131 \u00e7al\u0131\u015fmalarda; finansal tablolar\u0131, konsolide finansal tablolar\u0131, y\u00f6netim kurulunun y\u0131ll\u0131k faaliyet raporunu, denetleme raporlar\u0131n\u0131 ve y\u00f6netim kurulunun k\u00e2r da\u011f\u0131t\u0131m \u00f6nerisini, genel kurulun toplant\u0131s\u0131ndan en az on be\u015f g\u00fcn \u00f6nce, pay sahiplerinin incelemesine haz\u0131r bulundurmakla y\u00fck\u00fcml\u00fc oldu\u011funu g\u00f6z \u00f6n\u00fcnde bulundurarak hareket etmelidir.<\/p>\n<ol start=\"2\">\n<li><strong> \u015eirketin \u00f6z varl\u0131k pozisyonunun kontrol\u00fc<\/strong><\/li>\n<\/ol>\n<p>Y\u00f6netim kurulu \u00fcyeleri ve y\u00f6neticilerin, kanundan ve esas s\u00f6zle\u015fmeden do\u011fan y\u00fck\u00fcml\u00fcl\u00fcklerini kusurlar\u0131yla ihlal ettikleri takdirde, hem \u015firkete hem pay sahiplerine hem de \u015firket alacakl\u0131lar\u0131na kar\u015f\u0131 verdikleri zarardan sorumlu olduklar\u0131 genel kurald\u0131r. 6102 say\u0131l\u0131 T\u00fcrk Ticaret Kanunu\u2019nun (&#8220;<strong>TTK<\/strong>&#8220;) 376. Maddesinde ve 6102 Say\u0131l\u0131 T\u00fcrk Ticaret Kanununun 376\u2019nc\u0131 Maddesinin Uygulanmas\u0131na \u0130li\u015fkin Usul ve Esaslar Hakk\u0131nda Tebli\u011fi&#8217;nde (&#8220;<strong>Teknik \u0130flas Tebli\u011fi<\/strong>&#8220;) d\u00fczenlenen olas\u0131 bir teknik iflas veya negatif \u00f6z varl\u0131k durumu kar\u015f\u0131s\u0131nda y\u00f6netim kurulu \u00fcyelerinin basiretli bir tacir g\u00f6z\u00fcyle \u015firket finansal tablolar\u0131 \u00fczerinde do\u011fru bir de\u011ferlendirme yaparak \u00fc\u00e7\u00fcnc\u00fc ki\u015filerin talep ve\/veya alacaklar\u0131n\u0131 korumak amac\u0131yla gerekli iyile\u015ftirici \u00f6nlemleri zaman\u0131nda almak \u00fczere harekete ge\u00e7mesi ku\u015fkusuz bu sorumluluklardan do\u011fabilecek zarar\u0131n \u00f6nlenmesinde kilit rol oynayacakt\u0131r.<\/p>\n<p>Y\u00f6netim kurulunun \u00f6zellikle finansal y\u0131l kapan\u0131\u015flar\u0131 yakla\u015f\u0131rken muhasebe ve finans ekipleriyle bir araya gelerek nakit ak\u0131\u015f\u0131 ve bilan\u00e7o \u00fczerinden yapacaklar\u0131 de\u011ferlendirmeler \u00f6z varl\u0131k pozisyonunun kontrol edilmesine fayda sa\u011flayacakt\u0131r.<\/p>\n<p>\u015eayet yap\u0131lacak \u00f6n tetkiklerden, TTK ve Teknik \u0130flas Tebli\u011fi&#8217;nde tan\u0131mland\u0131\u011f\u0131 \u015fekilde, sermayenin kar\u015f\u0131l\u0131ks\u0131z kald\u0131\u011f\u0131na veya \u00f6zvarl\u0131\u011f\u0131n negatif oldu\u011funa ili\u015fkin olgular tespit edilirse, i\u015fletmenin devaml\u0131l\u0131\u011f\u0131 esas\u0131na g\u00f6re ve varl\u0131klar\u0131n muhtemel sat\u0131\u015f fiyatlar\u0131 \u00fczerinden bir ara bilan\u00e7o haz\u0131rlanmak suretiyle detayl\u0131 bir durum de\u011ferlendirilmesi yap\u0131lmas\u0131 uygun olacakt\u0131r.<\/p>\n<p>Bilindi\u011fi \u00fczere Teknik \u0130flas Tebli\u011fi, sermaye kayb\u0131 veya negatif \u00f6z varl\u0131k ya\u015fayan \u015firketlerin daha az kaynakla faaliyet g\u00f6stermelerinin \u00f6n\u00fcn\u00fc a\u00e7may\u0131 hedeflemekte olup ku\u015fkusuz en dikkat \u00e7ekici d\u00fczenlemeleri aras\u0131nda, kur zarar\u0131 ya\u015fayan bu \u015firketlere belirli esneklikleri sa\u011flanm\u0131\u015f olmas\u0131 ve sermaye kayb\u0131 veya borca bat\u0131k olma durumuna ili\u015fkin yap\u0131lan hesaplamalarda baz\u0131 giderlerin dikkate al\u0131nmamas\u0131na imkan tan\u0131mas\u0131 yer almaktad\u0131r.<\/p>\n<p><em>Teknik \u0130flas Tebli\u011fi&#8217;nde yer alan uygulamalar ve hesaplamalara ili\u015fkin hususlar\u0131 detayl\u0131 a\u00e7\u0131klayan b\u00fcltenimize <\/em><a href=\"https:\/\/urldefense.com\/v3\/__https:\/esinxchange.com\/collect\/click.aspx?u=TWYxbnFJSVBXaGJJdjNFTlNuU2JOeXBicExSRDNVR0doY2J4K1M1blRXMW5hKzVqb2hHbmNrd2ZoaFpFL0NwaGpzNlE3NVNIV0tHVk5Bekh4d2FtSmpPbFJ4QllUbmx0RTlxb3pGZnRGSGsyNjdXL0dTNTVUNENRYnJUUy9mOXRnSWFoTThYbzVSN3ZFd2YrUXp1WWR3c3Q5QWo1bUlqcEJzd2RpNXNhNHpISWRZRnRzWC9QVnpmZVNyVC9rdjJPNnYwV1AxbDg5SXgvY3lmRm1pZEN4cXdZYkFiVHk2RFpBdHg1dk5aSDlpUjVLZlZVam9FcWgzSUR0OUNKbDNvL25HL09QWUZUTTRQSnU5bThYSVNaMHc9PQ==&amp;rh=ff00dbaadd1f871e98786d81ce48be4d341cca42__;!!Hj9Y_P0nvg!TOEqDiGIWGTNXzRpiZmSheMz1un4P-QYH4QoZ1g6w7BSuREefm6StETYazaWBwNkXvbaIKDy7qTicNzs-IOpnA3oiQ$\"><em>buradan<\/em><\/a><em>, s\u00f6z konusu tebli\u011fde 26.12.2020 tarihinde yap\u0131lan de\u011fi\u015fikliklere ili\u015fkin haz\u0131rlad\u0131\u011f\u0131m\u0131z b\u00fcltenimize <\/em><a href=\"https:\/\/urldefense.com\/v3\/__https:\/esinxchange.com\/collect\/click.aspx?u=TWYxbnFJSVBXaGJJdjNFTlNuU2JOeXBicExSRDNVR0doY2J4K1M1blRXMW5hKzVqb2hHbmNrd2ZoaFpFL0NwaGo1QmY4MTZFa3RQWURFbG5oRDJtYXUzQVlNUHhySFBJZ1B2d1dMQ0VvTDBEVFVBL2tiM1MzZzhDNWVCd2RtZSs1ZmlTdEtCbmJmdFdJaEdRRHJleEVSanJuQ0ZOYjJVWHMwOEh4bzE3RHkvTzBJWWVRVk5OMGwxeUZOQ0xkWmRm&amp;rh=ff00dbaadd1f871e98786d81ce48be4d341cca42__;!!Hj9Y_P0nvg!TOEqDiGIWGTNXzRpiZmSheMz1un4P-QYH4QoZ1g6w7BSuREefm6StETYazaWBwNkXvbaIKDy7qTicNzs-IMepLUjBw$\"><em>buradan<\/em><\/a><em> ula\u015fabilirsiniz.<\/em><\/p>\n<ol start=\"3\">\n<li><strong> \u015eirketin nakit ak\u0131\u015f\u0131n\u0131n ve \u00f6deme planlamalar\u0131n\u0131n g\u00f6zden ge\u00e7irilmesi<\/strong><\/li>\n<\/ol>\n<p>Gerek ara bilan\u00e7o \u00fczerinden gerekse de Teknik \u0130flas Tebli\u011fi h\u00fck\u00fcmleri \u00e7er\u00e7evesinde yap\u0131lan de\u011ferlendirmelerde, \u015firketin sermaye kayb\u0131 veya borca bat\u0131k durumunda oldu\u011fu tespit edilse bile bu ba\u015fl\u0131 ba\u015f\u0131na olumsuz bir sonu\u00e7 veya iflas ba\u015fvuru sebebi olarak yorumlanmamal\u0131d\u0131r. \u015eirketin finansal tablolar\u0131ndaki negatif durumun k\u0131sa veya uzun vadeli bor\u00e7lar\u0131 \u00f6deme kabiliyetinde bir aksakl\u0131\u011fa yol a\u00e7\u0131p a\u00e7mad\u0131\u011f\u0131; halihaz\u0131rda \u00f6denmemi\u015f bir kamu borcu veya \u00fc\u00e7\u00fcnc\u00fc taraf alacakl\u0131s\u0131 bulunup bulunmad\u0131\u011f\u0131na, \u015firkete yak\u0131n zamanda nakit bir kaynak ula\u015fmas\u0131n\u0131n beklenip beklenmedi\u011fine ili\u015fkin kontroller yap\u0131lmal\u0131d\u0131r.<\/p>\n<ol start=\"4\">\n<li><strong> Y\u00f6netim kurulunun elde etti\u011fi finansal bilgiler \u0131\u015f\u0131\u011f\u0131nda bir aksiyon plan\u0131 olu\u015fturmas\u0131<\/strong><\/li>\n<\/ol>\n<p>Y\u00f6netim kurulunun \u015eirketin finansal durumunun vakitlice g\u00f6zden ge\u00e7irilmesinin ard\u0131ndan, \u00f6z varl\u0131k durumuna ili\u015fkin tespitlerine yer verece\u011fi ve buna kar\u015f\u0131l\u0131k alaca\u011f\u0131 aksiyonlar\u0131 belirledi\u011fi yaz\u0131l\u0131 bir karar almas\u0131 kurumsal y\u00f6netim ilkeleri ile de uyumlu bir tutum olacakt\u0131r. Bu y\u00f6nde al\u0131nacak bir y\u00f6netim kurulu karar\u0131, gerek kanunda y\u00fcklenen devredilemez g\u00f6rev ve sorumluluklara kar\u015f\u0131 gerekse de olas\u0131 bir \u00f6z varl\u0131k kayb\u0131na kar\u015f\u0131 y\u00f6netim kurulunun aktif olarak \u00e7al\u0131\u015fmalar y\u00fcr\u00fctt\u00fc\u011f\u00fcn\u00fc ortaya koyan bir dok\u00fcmantasyon sa\u011flayacakt\u0131r.<\/p>\n<p>Y\u00f6netim kurulunun belirleyece\u011fi aksiyon plan\u0131 ve ataca\u011f\u0131 do\u011fru ad\u0131mlarla olas\u0131 zarar\u0131 en aza indirmesi, \u015f\u00fcphesiz alacakl\u0131lar\u0131n ve pay sahiplerinin haklar\u0131n\u0131n korunmas\u0131nda \u00f6nemli bir fakt\u00f6r olacakt\u0131r.<\/p>\n<ol start=\"5\">\n<li><strong> Genel kurul g\u00fcndeminin finansal analiz ve \u00f6z varl\u0131k kontrol\u00fc fark\u0131ndal\u0131\u011f\u0131 ile olu\u015fturulmas\u0131<\/strong><\/li>\n<\/ol>\n<p>Yukar\u0131da yer ver kontrollerin yap\u0131lmas\u0131n\u0131n ard\u0131ndan, y\u00f6netim kurulu genel kurul toplant\u0131s\u0131 g\u00fcndemine eklenmesinde fayda g\u00f6rece\u011fi ba\u015fl\u0131klar\u0131 tespit edebilir durumda olacakt\u0131r.<\/p>\n<p>\u00d6rne\u011fin, \u00f6z varl\u0131k kayb\u0131 durumunun varl\u0131\u011f\u0131nda, baz\u0131 iyile\u015ftirici \u00f6nlemlerin genel kurul seviyesinde karar al\u0131nmas\u0131 zorunlulu\u011fu ortaya \u00e7\u0131kabilir. Bu gibi durumlarda, y\u00f6netim kurulu yapaca\u011f\u0131 detayl\u0131 analizler neticesinde genel kurul g\u00fcndemine genel kurulda tart\u0131\u015f\u0131lmak \u00fczere sermaye art\u0131r\u0131m\u0131, azalt\u0131m\u0131, sermayenin \u00fc\u00e7te biri ile yetinilmesi, ge\u00e7mi\u015f y\u0131l zararlar\u0131n\u0131n mahsup edilmesi y\u00f6ntemi ile ger\u00e7ekle\u015fecek bir sermaye azalt\u0131m\u0131, grup i\u00e7i pay sahibi kredilerinin sermayele\u015ftirilmesi \/ alacak s\u0131ralamas\u0131nda geriye b\u0131rak\u0131lmas\u0131 veya sermaye tamamlama fonu y\u00f6ntemi ile ilerlenmesine y\u00f6nelik \u00f6nerilerde bulunabilir. Bu \u00f6nlemlerin mali y\u0131l kapanmadan al\u0131nmas\u0131, y\u0131l sonunu temiz bir bilan\u00e7o ile kapamay\u0131 sa\u011flayacakt\u0131r. B\u00f6ylece mali y\u0131l\u0131n kapand\u0131\u011f\u0131 bilan\u00e7o esas al\u0131narak, genel kurula kar da\u011f\u0131t\u0131m \u00f6nerisinde bulunup bulunmayaca\u011f\u0131na, da\u011f\u0131t\u0131labilir kar varsa bunun ne \u015fekilde de\u011ferlendirilece\u011fine veya kanunda \u00f6ng\u00f6r\u00fclen asgari d\u00fczeyin \u00fczerinde yedek ak\u00e7e ayr\u0131lmas\u0131na gerek olup olmas\u0131na daha ger\u00e7ek\u00e7i bir tablo \u00fczerinden karar verilebilecektir.<\/p>\n<p>Kurumsal s\u00fcrd\u00fcr\u00fclebilirlik a\u00e7\u0131s\u0131ndan t\u00fcm d\u00fcnyan\u0131n g\u00fcndeminde olan ESG (<em>Environmental Social and Governance<\/em>) kapsam\u0131nda, sosyal ve \u00e7evresel taahh\u00fctleri kar\u015f\u0131lamak maksad\u0131yla ihtiyari yedek ak\u00e7elerin ayr\u0131lmas\u0131 gibi konular\u0131n g\u00f6r\u00fc\u015f\u00fclebilmesi i\u00e7in de \u00f6nce g\u00fc\u00e7l\u00fc bir \u00f6z varl\u0131k durumu yaratmak ve b\u00f6ylece pay sahiplerinin menfaatleri ile t\u00fcm payda\u015flar\u0131n menfaatleri aras\u0131nda bir denge kurmak esast\u0131r.<\/p>\n<ol start=\"6\">\n<li><strong> Y\u0131ll\u0131k faaliyet raporunun \u00f6zenli bir \u015fekilde haz\u0131rlanmas\u0131 <\/strong><\/li>\n<\/ol>\n<p>Y\u00f6netim organ\u0131 y\u0131ll\u0131k faaliyet raporunu haz\u0131rlarken; her y\u00f6n\u00fcyle finansal durumun do\u011fru, eksiksiz, dolamba\u00e7s\u0131z, ger\u00e7e\u011fe uygun ve d\u00fcr\u00fcst bir \u015fekilde yans\u0131t\u0131lmas\u0131na ve kar\u015f\u0131la\u015f\u0131lmas\u0131 muhtemel risklere yer vermelidir. Nitekim, \u015eirketlerin Y\u0131ll\u0131k Faaliyet Raporunun Asgari \u0130\u00e7eri\u011finin Belirlenmesi Hakk\u0131nda Y\u00f6netmelik, her faaliyet y\u0131l\u0131 sonunda, y\u00f6netim kurulu taraf\u0131ndan haz\u0131rlanmakta olan y\u0131ll\u0131k faaliyet raporunda \u015firketin finansal performans\u0131 ile finansal durumunun genel \u00f6zelliklerinin ve kar\u015f\u0131 kar\u015f\u0131ya bulundu\u011fu temel risklerin de\u011ferlendirilmesi gerekti\u011fini d\u00fczenlenmektedir.<\/p>\n<p>Faaliyet raporunda finansal duruma ve ihtiya\u00e7 duyulmas\u0131 halinde \u00f6zvarl\u0131\u011f\u0131n iyile\u015ftirilmesine y\u00f6nelik planlamalara yer verilmesi y\u00f6netim kurulunun mevzuat\u0131n kendisine y\u00fckledi\u011fi g\u00f6revi lay\u0131k\u0131yla yapmas\u0131n\u0131 sa\u011flayacakt\u0131r.<\/p>\n<p>Y\u0131ll\u0131k faaliyet raporunun finansal durum b\u00f6l\u00fcm\u00fcnde \u015firketin sermayesinin kar\u015f\u0131l\u0131ks\u0131z kal\u0131p kalmad\u0131\u011f\u0131na veya borca bat\u0131k olup olmad\u0131\u011f\u0131na ili\u015fkin tespit ve y\u00f6netim organ\u0131 de\u011ferlendirmelerine yer verilmesi beklenmektedir. \u015eirketin negatif \u00f6z varl\u0131k ve teknik iflas durumuna kar\u015f\u0131 olarak y\u00f6netim kurulu taraf\u0131ndan al\u0131nan veya planlanan iyile\u015ftirici \u00f6nlemlere y\u0131ll\u0131k faaliyet raporunun ilgili b\u00f6l\u00fcm\u00fcnde de yer verilmesi s\u00fcrecin bir b\u00fct\u00fcn halinde kontrol alt\u0131nda tutuldu\u011funu ortaya koyacakt\u0131r.<\/p>\n<p>Ola\u011fan genel kurul toplant\u0131s\u0131n\u0131n zorunlu g\u00fcndem maddeleri aras\u0131nda, y\u00f6netim kurulunun y\u0131ll\u0131k faaliyet raporunun m\u00fczakeresi de bulunmaktad\u0131r. Y\u00f6netim kurulunun genel kurul toplant\u0131s\u0131 \u00f6ncesinde \u00f6z varl\u0131k \u00fczerinde titizlikle yapaca\u011f\u0131 bu \u00e7al\u0131\u015fmalar; \u00e7ok pay sahipli \u015firket yap\u0131lar\u0131nda ve farkl\u0131 pay gruplar\u0131n\u0131n temsil edildi\u011fi genel kurul toplant\u0131lar\u0131nda, faaliyet raporunun i\u00e7eri\u011finin veya \u015firketin finansal durumunun tart\u0131\u015f\u0131laca\u011f\u0131 g\u00fcndem maddelerinde, pay sahiplerinin y\u00f6neltece\u011fi muhtemel sorulara ku\u015fkusuz haz\u0131rl\u0131kl\u0131 olmas\u0131n\u0131 da sa\u011flayacakt\u0131r.<\/p>\n<p>Ayr\u0131ca di\u011fer bir \u00f6nerimiz de, ESG kapsam\u0131nda zorunlu raporlama y\u00fck\u00fcml\u00fcl\u00fcklerine tabi olmayan \u015firketlerde dahi, faaliyet raporlar\u0131na ihtiyari olarak yeni bir b\u00f6l\u00fcm ekleyip sosyal ve \u00e7evresel faaliyetleri ile ilgili ger\u00e7ekle\u015ftirdikleri aksiyonlar\u0131, taahh\u00fctlerini, bunun i\u00e7in ihtiyari bir yedek ak\u00e7e ayr\u0131lmas\u0131 de\u011ferlendiriliyorsa buna ili\u015fkin bilgiyi ana ba\u015fl\u0131klar halinde yazarak t\u00fcm payda\u015flar\u0131n\u0131 g\u00f6zettikleri global bir perspektiften sorumluluklar\u0131n\u0131 ele ald\u0131klar\u0131n\u0131 g\u00f6stermeleridir.<\/p>\n<ol start=\"7\">\n<li><strong> Y\u00f6netim kurulunun s\u00fcreci d\u00fczenli takibi <\/strong><\/li>\n<\/ol>\n<p>2024 y\u0131l\u0131n\u0131n son d\u00f6neminde yap\u0131lacak tetkikler neticesinde planlanan iyile\u015ftirici \u00f6nlemlerin ve gidi\u015fat\u0131n y\u00f6netim kurulu taraf\u0131ndan d\u00fczenli olarak takip edilmesi de \u00f6nem arz edecektir.<\/p>\n<p><strong>Sonu\u00e7<\/strong><\/p>\n<p>\u015eirket y\u00f6netim kurullar\u0131n\u0131n ve y\u00f6neticilerinin, 2024 finansal y\u0131l\u0131 sona ermeden \u015firket \u00f6z varl\u0131k durumlar\u0131n\u0131 yukar\u0131da \u00f6zetlemi\u015f oldu\u011fumuz hususlar\u0131 dikkate alarak kontrol etmelerini ve sermaye kayb\u0131 veya borca bat\u0131kl\u0131k durumlar\u0131 s\u00f6z konusu ise al\u0131nmas\u0131 gereken aksiyonlara ili\u015fkin yol haritas\u0131n\u0131 belirlemesini \u00f6nermekteyiz.<\/p>\n<p>\u0130\u015fbu rehberde de\u011ferlendirildi\u011fi \u00fczere; y\u00f6netim kurulunun y\u0131l sona ermeden Aral\u0131k ay\u0131 i\u00e7erisinde \u00f6z varl\u0131k kontrol\u00fcn\u00fc sa\u011flayacak \u00e7al\u0131\u015fmalar\u0131 ger\u00e7ekle\u015ftirmesi, gerekli ad\u0131mlar\u0131 atmas\u0131, faaliyet y\u0131l\u0131n sonundan itibaren sonra birka\u00e7 ay i\u00e7erisinde ger\u00e7ekle\u015ftirilecek y\u0131ll\u0131k ola\u011fan genel kurul toplant\u0131s\u0131 s\u00fcrecinin kontroll\u00fc bir \u015fekilde y\u00f6netilmesinde fayda sa\u011flayacakt\u0131r.<\/p>\n","protected":false},"excerpt":{"rendered":"<p>Bu rehber, bir \u00e7ok \u015firket i\u00e7in finansal y\u0131l sonu olan 31 Aral\u0131k 2024 yakla\u015f\u0131rken, \u015firketlerin \u00f6z varl\u0131k pozisyonunda yapmas\u0131 gereken [&hellip;]<\/p>\n","protected":false},"author":4,"featured_media":0,"comment_status":"closed","ping_status":"closed","sticky":false,"template":"","format":"standard","meta":{"_acf_changed":false,"_stopmodifiedupdate":false,"_modified_date":"","footnotes":""},"categories":[120],"tags":[103],"class_list":["post-28266","post","type-post","status-publish","format-standard","hentry","category-legal-alerts","tag-corporate-tr"],"acf":[],"yoast_head":"<!-- This site is optimized with the Yoast SEO plugin v24.0 - https:\/\/yoast.com\/wordpress\/plugins\/seo\/ -->\n<title>2024 Finansal Y\u0131l\u0131 Kapanmadan \u00d6nce \u00d6zvarl\u0131k Kontrol\u00fc ve Genel Kurul Toplant\u0131s\u0131 Haz\u0131rl\u0131\u011f\u0131nda Yol Haritas\u0131<\/title>\n<meta name=\"description\" content=\"Bu rehber, bir \u00e7ok \u015firket i\u00e7in finansal y\u0131l sonu olan 31 Aral\u0131k 2024 yakla\u015f\u0131rken, \u015firketlerin \u00f6z varl\u0131k pozisyonunda yapmas\u0131 gereken incelemeleri\" \/>\n<meta name=\"robots\" content=\"index, follow, max-snippet:-1, max-image-preview:large, max-video-preview:-1\" \/>\n<link rel=\"canonical\" href=\"https:\/\/www.esin.av.tr\/tr\/2024\/12\/05\/2024-finansal-yili-kapanmadan-once-ozvarlik-kontrolu-ve-genel-kurul-toplantisi-hazirliginda-yol-haritasi\/\" \/>\n<meta property=\"og:locale\" content=\"tr_TR\" \/>\n<meta property=\"og:type\" content=\"article\" \/>\n<meta property=\"og:title\" content=\"2024 Finansal Y\u0131l\u0131 Kapanmadan \u00d6nce \u00d6zvarl\u0131k Kontrol\u00fc ve Genel Kurul Toplant\u0131s\u0131 Haz\u0131rl\u0131\u011f\u0131nda Yol Haritas\u0131\" \/>\n<meta property=\"og:description\" content=\"Bu rehber, bir \u00e7ok \u015firket i\u00e7in finansal y\u0131l sonu olan 31 Aral\u0131k 2024 yakla\u015f\u0131rken, \u015firketlerin \u00f6z varl\u0131k pozisyonunda yapmas\u0131 gereken incelemeleri\" \/>\n<meta property=\"og:url\" content=\"https:\/\/www.esin.av.tr\/tr\/2024\/12\/05\/2024-finansal-yili-kapanmadan-once-ozvarlik-kontrolu-ve-genel-kurul-toplantisi-hazirliginda-yol-haritasi\/\" \/>\n<meta property=\"og:site_name\" content=\"Esin Avukatl\u0131k Ortakl\u0131\u011f\u0131\" \/>\n<meta property=\"article:published_time\" content=\"2024-12-05T13:03:41+00:00\" \/>\n<meta name=\"author\" content=\"R\u0131dvan Konrat\" \/>\n<meta name=\"twitter:card\" content=\"summary_large_image\" \/>\n<meta name=\"twitter:label1\" content=\"Written by\" \/>\n\t<meta name=\"twitter:data1\" content=\"R\u0131dvan Konrat\" \/>\n\t<meta name=\"twitter:label2\" content=\"Est. reading time\" \/>\n\t<meta name=\"twitter:data2\" content=\"9 minutes\" \/>\n<script type=\"application\/ld+json\" class=\"yoast-schema-graph\">{\"@context\":\"https:\/\/schema.org\",\"@graph\":[{\"@type\":\"Article\",\"@id\":\"https:\/\/www.esin.av.tr\/tr\/2024\/12\/05\/2024-finansal-yili-kapanmadan-once-ozvarlik-kontrolu-ve-genel-kurul-toplantisi-hazirliginda-yol-haritasi\/#article\",\"isPartOf\":{\"@id\":\"https:\/\/www.esin.av.tr\/tr\/2024\/12\/05\/2024-finansal-yili-kapanmadan-once-ozvarlik-kontrolu-ve-genel-kurul-toplantisi-hazirliginda-yol-haritasi\/\"},\"author\":{\"name\":\"R\u0131dvan Konrat\",\"@id\":\"https:\/\/www.esin.av.tr\/tr\/#\/schema\/person\/42c8e616aab56b8622fa365ad63282ae\"},\"headline\":\"2024 Finansal Y\u0131l\u0131 Kapanmadan \u00d6nce \u00d6zvarl\u0131k Kontrol\u00fc ve Genel Kurul Toplant\u0131s\u0131 Haz\u0131rl\u0131\u011f\u0131nda Yol Haritas\u0131\",\"datePublished\":\"2024-12-05T13:03:41+00:00\",\"dateModified\":\"2024-12-05T13:03:41+00:00\",\"mainEntityOfPage\":{\"@id\":\"https:\/\/www.esin.av.tr\/tr\/2024\/12\/05\/2024-finansal-yili-kapanmadan-once-ozvarlik-kontrolu-ve-genel-kurul-toplantisi-hazirliginda-yol-haritasi\/\"},\"wordCount\":1784,\"publisher\":{\"@id\":\"https:\/\/www.esin.av.tr\/tr\/#organization\"},\"keywords\":[\"\u015eirketler Hukuku ve Kurumsal Y\u00f6netim\"],\"articleSection\":[\"Hukuk B\u00fcltenleri\"],\"inLanguage\":\"tr\"},{\"@type\":\"WebPage\",\"@id\":\"https:\/\/www.esin.av.tr\/tr\/2024\/12\/05\/2024-finansal-yili-kapanmadan-once-ozvarlik-kontrolu-ve-genel-kurul-toplantisi-hazirliginda-yol-haritasi\/\",\"url\":\"https:\/\/www.esin.av.tr\/tr\/2024\/12\/05\/2024-finansal-yili-kapanmadan-once-ozvarlik-kontrolu-ve-genel-kurul-toplantisi-hazirliginda-yol-haritasi\/\",\"name\":\"2024 Finansal Y\u0131l\u0131 Kapanmadan \u00d6nce \u00d6zvarl\u0131k Kontrol\u00fc ve Genel Kurul Toplant\u0131s\u0131 Haz\u0131rl\u0131\u011f\u0131nda Yol Haritas\u0131\",\"isPartOf\":{\"@id\":\"https:\/\/www.esin.av.tr\/tr\/#website\"},\"datePublished\":\"2024-12-05T13:03:41+00:00\",\"dateModified\":\"2024-12-05T13:03:41+00:00\",\"description\":\"Bu rehber, bir \u00e7ok \u015firket i\u00e7in finansal y\u0131l sonu olan 31 Aral\u0131k 2024 yakla\u015f\u0131rken, \u015firketlerin \u00f6z varl\u0131k pozisyonunda yapmas\u0131 gereken incelemeleri\",\"breadcrumb\":{\"@id\":\"https:\/\/www.esin.av.tr\/tr\/2024\/12\/05\/2024-finansal-yili-kapanmadan-once-ozvarlik-kontrolu-ve-genel-kurul-toplantisi-hazirliginda-yol-haritasi\/#breadcrumb\"},\"inLanguage\":\"tr\",\"potentialAction\":[{\"@type\":\"ReadAction\",\"target\":[\"https:\/\/www.esin.av.tr\/tr\/2024\/12\/05\/2024-finansal-yili-kapanmadan-once-ozvarlik-kontrolu-ve-genel-kurul-toplantisi-hazirliginda-yol-haritasi\/\"]}]},{\"@type\":\"BreadcrumbList\",\"@id\":\"https:\/\/www.esin.av.tr\/tr\/2024\/12\/05\/2024-finansal-yili-kapanmadan-once-ozvarlik-kontrolu-ve-genel-kurul-toplantisi-hazirliginda-yol-haritasi\/#breadcrumb\",\"itemListElement\":[{\"@type\":\"ListItem\",\"position\":1,\"name\":\"Home\",\"item\":\"https:\/\/www.esin.av.tr\/tr\/\"},{\"@type\":\"ListItem\",\"position\":2,\"name\":\"2024 Finansal Y\u0131l\u0131 Kapanmadan \u00d6nce \u00d6zvarl\u0131k Kontrol\u00fc ve Genel Kurul Toplant\u0131s\u0131 Haz\u0131rl\u0131\u011f\u0131nda Yol Haritas\u0131\"}]},{\"@type\":\"WebSite\",\"@id\":\"https:\/\/www.esin.av.tr\/tr\/#website\",\"url\":\"https:\/\/www.esin.av.tr\/tr\/\",\"name\":\"Esin Avukatl\u0131k Ortakl\u0131\u011f\u0131\",\"description\":\"\",\"publisher\":{\"@id\":\"https:\/\/www.esin.av.tr\/tr\/#organization\"},\"potentialAction\":[{\"@type\":\"SearchAction\",\"target\":{\"@type\":\"EntryPoint\",\"urlTemplate\":\"https:\/\/www.esin.av.tr\/tr\/?s={search_term_string}\"},\"query-input\":{\"@type\":\"PropertyValueSpecification\",\"valueRequired\":true,\"valueName\":\"search_term_string\"}}],\"inLanguage\":\"tr\"},{\"@type\":\"Organization\",\"@id\":\"https:\/\/www.esin.av.tr\/tr\/#organization\",\"name\":\"Esin Avukatl\u0131k Ortakl\u0131\u011f\u0131\",\"url\":\"https:\/\/www.esin.av.tr\/tr\/\",\"logo\":{\"@type\":\"ImageObject\",\"inLanguage\":\"tr\",\"@id\":\"https:\/\/www.esin.av.tr\/tr\/#\/schema\/logo\/image\/\",\"url\":\"https:\/\/www.esin.av.tr\/wp-content\/uploads\/2021\/09\/esin-2.jpg\",\"contentUrl\":\"https:\/\/www.esin.av.tr\/wp-content\/uploads\/2021\/09\/esin-2.jpg\",\"width\":800,\"height\":460,\"caption\":\"Esin Avukatl\u0131k Ortakl\u0131\u011f\u0131\"},\"image\":{\"@id\":\"https:\/\/www.esin.av.tr\/tr\/#\/schema\/logo\/image\/\"}},{\"@type\":\"Person\",\"@id\":\"https:\/\/www.esin.av.tr\/tr\/#\/schema\/person\/42c8e616aab56b8622fa365ad63282ae\",\"name\":\"R\u0131dvan Konrat\",\"image\":{\"@type\":\"ImageObject\",\"inLanguage\":\"tr\",\"@id\":\"https:\/\/www.esin.av.tr\/tr\/#\/schema\/person\/image\/\",\"url\":\"https:\/\/secure.gravatar.com\/avatar\/b20c6c583be38ed4e76e32f69fccc676?s=96&d=mm&r=g\",\"contentUrl\":\"https:\/\/secure.gravatar.com\/avatar\/b20c6c583be38ed4e76e32f69fccc676?s=96&d=mm&r=g\",\"caption\":\"R\u0131dvan Konrat\"},\"sameAs\":[\"http:\/\/www.esin.av.tr\"],\"url\":\"https:\/\/www.esin.av.tr\/tr\/author\/rkonrat\/\"}]}<\/script>\n<!-- \/ Yoast SEO plugin. -->","yoast_head_json":{"title":"2024 Finansal Y\u0131l\u0131 Kapanmadan \u00d6nce \u00d6zvarl\u0131k Kontrol\u00fc ve Genel Kurul Toplant\u0131s\u0131 Haz\u0131rl\u0131\u011f\u0131nda Yol Haritas\u0131","description":"Bu rehber, bir \u00e7ok \u015firket i\u00e7in finansal y\u0131l sonu olan 31 Aral\u0131k 2024 yakla\u015f\u0131rken, \u015firketlerin \u00f6z varl\u0131k pozisyonunda yapmas\u0131 gereken incelemeleri","robots":{"index":"index","follow":"follow","max-snippet":"max-snippet:-1","max-image-preview":"max-image-preview:large","max-video-preview":"max-video-preview:-1"},"canonical":"https:\/\/www.esin.av.tr\/tr\/2024\/12\/05\/2024-finansal-yili-kapanmadan-once-ozvarlik-kontrolu-ve-genel-kurul-toplantisi-hazirliginda-yol-haritasi\/","og_locale":"tr_TR","og_type":"article","og_title":"2024 Finansal Y\u0131l\u0131 Kapanmadan \u00d6nce \u00d6zvarl\u0131k Kontrol\u00fc ve Genel Kurul Toplant\u0131s\u0131 Haz\u0131rl\u0131\u011f\u0131nda Yol Haritas\u0131","og_description":"Bu rehber, bir \u00e7ok \u015firket i\u00e7in finansal y\u0131l sonu olan 31 Aral\u0131k 2024 yakla\u015f\u0131rken, \u015firketlerin \u00f6z varl\u0131k pozisyonunda yapmas\u0131 gereken incelemeleri","og_url":"https:\/\/www.esin.av.tr\/tr\/2024\/12\/05\/2024-finansal-yili-kapanmadan-once-ozvarlik-kontrolu-ve-genel-kurul-toplantisi-hazirliginda-yol-haritasi\/","og_site_name":"Esin Avukatl\u0131k Ortakl\u0131\u011f\u0131","article_published_time":"2024-12-05T13:03:41+00:00","author":"R\u0131dvan Konrat","twitter_card":"summary_large_image","twitter_misc":{"Written by":"R\u0131dvan Konrat","Est. reading time":"9 minutes"},"schema":{"@context":"https:\/\/schema.org","@graph":[{"@type":"Article","@id":"https:\/\/www.esin.av.tr\/tr\/2024\/12\/05\/2024-finansal-yili-kapanmadan-once-ozvarlik-kontrolu-ve-genel-kurul-toplantisi-hazirliginda-yol-haritasi\/#article","isPartOf":{"@id":"https:\/\/www.esin.av.tr\/tr\/2024\/12\/05\/2024-finansal-yili-kapanmadan-once-ozvarlik-kontrolu-ve-genel-kurul-toplantisi-hazirliginda-yol-haritasi\/"},"author":{"name":"R\u0131dvan Konrat","@id":"https:\/\/www.esin.av.tr\/tr\/#\/schema\/person\/42c8e616aab56b8622fa365ad63282ae"},"headline":"2024 Finansal Y\u0131l\u0131 Kapanmadan \u00d6nce \u00d6zvarl\u0131k Kontrol\u00fc ve Genel Kurul Toplant\u0131s\u0131 Haz\u0131rl\u0131\u011f\u0131nda Yol Haritas\u0131","datePublished":"2024-12-05T13:03:41+00:00","dateModified":"2024-12-05T13:03:41+00:00","mainEntityOfPage":{"@id":"https:\/\/www.esin.av.tr\/tr\/2024\/12\/05\/2024-finansal-yili-kapanmadan-once-ozvarlik-kontrolu-ve-genel-kurul-toplantisi-hazirliginda-yol-haritasi\/"},"wordCount":1784,"publisher":{"@id":"https:\/\/www.esin.av.tr\/tr\/#organization"},"keywords":["\u015eirketler Hukuku ve Kurumsal Y\u00f6netim"],"articleSection":["Hukuk B\u00fcltenleri"],"inLanguage":"tr"},{"@type":"WebPage","@id":"https:\/\/www.esin.av.tr\/tr\/2024\/12\/05\/2024-finansal-yili-kapanmadan-once-ozvarlik-kontrolu-ve-genel-kurul-toplantisi-hazirliginda-yol-haritasi\/","url":"https:\/\/www.esin.av.tr\/tr\/2024\/12\/05\/2024-finansal-yili-kapanmadan-once-ozvarlik-kontrolu-ve-genel-kurul-toplantisi-hazirliginda-yol-haritasi\/","name":"2024 Finansal Y\u0131l\u0131 Kapanmadan \u00d6nce \u00d6zvarl\u0131k Kontrol\u00fc ve Genel Kurul Toplant\u0131s\u0131 Haz\u0131rl\u0131\u011f\u0131nda Yol Haritas\u0131","isPartOf":{"@id":"https:\/\/www.esin.av.tr\/tr\/#website"},"datePublished":"2024-12-05T13:03:41+00:00","dateModified":"2024-12-05T13:03:41+00:00","description":"Bu rehber, bir \u00e7ok \u015firket i\u00e7in finansal y\u0131l sonu olan 31 Aral\u0131k 2024 yakla\u015f\u0131rken, \u015firketlerin \u00f6z varl\u0131k pozisyonunda yapmas\u0131 gereken incelemeleri","breadcrumb":{"@id":"https:\/\/www.esin.av.tr\/tr\/2024\/12\/05\/2024-finansal-yili-kapanmadan-once-ozvarlik-kontrolu-ve-genel-kurul-toplantisi-hazirliginda-yol-haritasi\/#breadcrumb"},"inLanguage":"tr","potentialAction":[{"@type":"ReadAction","target":["https:\/\/www.esin.av.tr\/tr\/2024\/12\/05\/2024-finansal-yili-kapanmadan-once-ozvarlik-kontrolu-ve-genel-kurul-toplantisi-hazirliginda-yol-haritasi\/"]}]},{"@type":"BreadcrumbList","@id":"https:\/\/www.esin.av.tr\/tr\/2024\/12\/05\/2024-finansal-yili-kapanmadan-once-ozvarlik-kontrolu-ve-genel-kurul-toplantisi-hazirliginda-yol-haritasi\/#breadcrumb","itemListElement":[{"@type":"ListItem","position":1,"name":"Home","item":"https:\/\/www.esin.av.tr\/tr\/"},{"@type":"ListItem","position":2,"name":"2024 Finansal Y\u0131l\u0131 Kapanmadan \u00d6nce \u00d6zvarl\u0131k Kontrol\u00fc ve Genel Kurul Toplant\u0131s\u0131 Haz\u0131rl\u0131\u011f\u0131nda Yol Haritas\u0131"}]},{"@type":"WebSite","@id":"https:\/\/www.esin.av.tr\/tr\/#website","url":"https:\/\/www.esin.av.tr\/tr\/","name":"Esin Avukatl\u0131k Ortakl\u0131\u011f\u0131","description":"","publisher":{"@id":"https:\/\/www.esin.av.tr\/tr\/#organization"},"potentialAction":[{"@type":"SearchAction","target":{"@type":"EntryPoint","urlTemplate":"https:\/\/www.esin.av.tr\/tr\/?s={search_term_string}"},"query-input":{"@type":"PropertyValueSpecification","valueRequired":true,"valueName":"search_term_string"}}],"inLanguage":"tr"},{"@type":"Organization","@id":"https:\/\/www.esin.av.tr\/tr\/#organization","name":"Esin Avukatl\u0131k Ortakl\u0131\u011f\u0131","url":"https:\/\/www.esin.av.tr\/tr\/","logo":{"@type":"ImageObject","inLanguage":"tr","@id":"https:\/\/www.esin.av.tr\/tr\/#\/schema\/logo\/image\/","url":"https:\/\/www.esin.av.tr\/wp-content\/uploads\/2021\/09\/esin-2.jpg","contentUrl":"https:\/\/www.esin.av.tr\/wp-content\/uploads\/2021\/09\/esin-2.jpg","width":800,"height":460,"caption":"Esin Avukatl\u0131k Ortakl\u0131\u011f\u0131"},"image":{"@id":"https:\/\/www.esin.av.tr\/tr\/#\/schema\/logo\/image\/"}},{"@type":"Person","@id":"https:\/\/www.esin.av.tr\/tr\/#\/schema\/person\/42c8e616aab56b8622fa365ad63282ae","name":"R\u0131dvan Konrat","image":{"@type":"ImageObject","inLanguage":"tr","@id":"https:\/\/www.esin.av.tr\/tr\/#\/schema\/person\/image\/","url":"https:\/\/secure.gravatar.com\/avatar\/b20c6c583be38ed4e76e32f69fccc676?s=96&d=mm&r=g","contentUrl":"https:\/\/secure.gravatar.com\/avatar\/b20c6c583be38ed4e76e32f69fccc676?s=96&d=mm&r=g","caption":"R\u0131dvan Konrat"},"sameAs":["http:\/\/www.esin.av.tr"],"url":"https:\/\/www.esin.av.tr\/tr\/author\/rkonrat\/"}]}},"_links":{"self":[{"href":"https:\/\/www.esin.av.tr\/tr\/wp-json\/wp\/v2\/posts\/28266","targetHints":{"allow":["GET"]}}],"collection":[{"href":"https:\/\/www.esin.av.tr\/tr\/wp-json\/wp\/v2\/posts"}],"about":[{"href":"https:\/\/www.esin.av.tr\/tr\/wp-json\/wp\/v2\/types\/post"}],"author":[{"embeddable":true,"href":"https:\/\/www.esin.av.tr\/tr\/wp-json\/wp\/v2\/users\/4"}],"replies":[{"embeddable":true,"href":"https:\/\/www.esin.av.tr\/tr\/wp-json\/wp\/v2\/comments?post=28266"}],"version-history":[{"count":1,"href":"https:\/\/www.esin.av.tr\/tr\/wp-json\/wp\/v2\/posts\/28266\/revisions"}],"predecessor-version":[{"id":28267,"href":"https:\/\/www.esin.av.tr\/tr\/wp-json\/wp\/v2\/posts\/28266\/revisions\/28267"}],"wp:attachment":[{"href":"https:\/\/www.esin.av.tr\/tr\/wp-json\/wp\/v2\/media?parent=28266"}],"wp:term":[{"taxonomy":"category","embeddable":true,"href":"https:\/\/www.esin.av.tr\/tr\/wp-json\/wp\/v2\/categories?post=28266"},{"taxonomy":"post_tag","embeddable":true,"href":"https:\/\/www.esin.av.tr\/tr\/wp-json\/wp\/v2\/tags?post=28266"}],"curies":[{"name":"wp","href":"https:\/\/api.w.org\/{rel}","templated":true}]}}