{"id":28234,"date":"2024-11-28T11:14:48","date_gmt":"2024-11-28T11:14:48","guid":{"rendered":"https:\/\/www.esin.av.tr\/?p=28234"},"modified":"2024-11-28T11:16:27","modified_gmt":"2024-11-28T11:16:27","slug":"9-yargi-paketi-olarak-adlandirilan-7531-sayili-bazi-kanunlarda-degisiklik-yapilmasina-dair-kanun-14-kasim-2024-tarihli-ve-32722-sayili-resmi-gazetede-yayimlandi","status":"publish","type":"post","link":"https:\/\/www.esin.av.tr\/tr\/2024\/11\/28\/9-yargi-paketi-olarak-adlandirilan-7531-sayili-bazi-kanunlarda-degisiklik-yapilmasina-dair-kanun-14-kasim-2024-tarihli-ve-32722-sayili-resmi-gazetede-yayimlandi\/","title":{"rendered":"9. Yarg\u0131 Paketi Olarak Adland\u0131r\u0131lan 7531 Say\u0131l\u0131 \u201cBaz\u0131 Kanunlarda De\u011fi\u015fiklik Yap\u0131lmas\u0131na Dair Kanun\u201d 14 Kas\u0131m 2024 Tarihli ve 32722 Say\u0131l\u0131 Resmi Gazete&#8217;de Yay\u0131mland\u0131!"},"content":{"rendered":"<p><strong>Yeni Geli\u015fme<\/strong><\/p>\n<p>9. Yarg\u0131 Paketi olarak adland\u0131r\u0131lan 7531 say\u0131l\u0131 \u201cBaz\u0131 Kanunlarda De\u011fi\u015fiklik Yap\u0131lmas\u0131na Dair Kanun\u201d (\u201c<strong>7531 say\u0131l\u0131 Kanun<\/strong>\u201d) 14 Kas\u0131m 2024 tarihli ve 32722 say\u0131l\u0131 Resmi Gazete&#8217;de yay\u0131mland\u0131. 7531 say\u0131l\u0131 Kanun&#8217;a <a href=\"https:\/\/bakerxchange.com\/collect\/click.aspx?u=NEo4a05SWmwzUUJhNXpheisvR1pMRTRQREE2VVAvMTg1ejA3ZjNtNldGM0xvZFVvaHVoM0hjTVF2MVZ1RHp6Z0V3OTh0ZGllcnZrL3BXb001ZDNQSjVoY3NUVTJRclFnL1VtbWFGSGt6WXdkc1NKc1hJK2QyQmRtN1ova0ZGbTc=&amp;rh=ff00db13d89b2f935c4a86e73649a56b17d771ef\">buradan<\/a> ula\u015fabilirsiniz.<\/p>\n<p>7531 say\u0131l\u0131 Kanun \u00e7e\u015fitli kanunlarda baz\u0131 \u00f6nemli de\u011fi\u015fiklikler getirmi\u015ftir. A\u015fa\u011f\u0131da yer verilen de\u011fi\u015fikliklerin t\u00fcm\u00fc 14 Kas\u0131m 2024 tarihinde y\u00fcr\u00fcrl\u00fc\u011fe girmi\u015ftir.<\/p>\n<p><strong>\u0130cra ve \u0130flas Kanunu\u2019nda Yap\u0131lan De\u011fi\u015fiklikler<\/strong><\/p>\n<p>2004 say\u0131l\u0131 \u0130cra ve \u0130flas Kanunu&#8217;nun (\u201c<strong>\u0130\u0130K<\/strong>\u201d) \u00e7e\u015fitli maddelerinde de\u011fi\u015fiklik yap\u0131lm\u0131\u015ft\u0131r:<\/p>\n<ul>\n<li>\u0130\u0130K&#8217;n\u0131n \u201c<em>Elektronik ortamda a\u00e7\u0131k art\u0131rma suretiyle sat\u0131\u015f<\/em>\u201d ba\u015fl\u0131kl\u0131 111\/b maddesinin alt\u0131nc\u0131 f\u0131kras\u0131nda yap\u0131lan de\u011fi\u015fiklikle a\u00e7\u0131k art\u0131rma s\u00fcresinin son on dakikas\u0131 i\u00e7inde yeni bir teklif verilmesi halinde art\u0131rma \u00fc\u00e7 dakika uzat\u0131lacakt\u0131r. Uzatma s\u00fcresi i\u00e7inde yeni teklif verilmesi halinde, her yeni teklifin verilmesinden itibaren a\u00e7\u0131k art\u0131rma s\u00fcresi \u00fc\u00e7 dakika uzat\u0131lacakt\u0131r. Son uzatma s\u00fcresi i\u00e7inde yeni bir teklif verilmezse, mal en y\u00fcksek teklifi verene ihale edilecektir. Uzatma s\u00fcrelerinin toplam\u0131 bir saati ge\u00e7meyecektir.<\/li>\n<\/ul>\n<p>S\u00f6z konusu de\u011fi\u015fiklik, de\u011fi\u015fikli\u011fin y\u00fcr\u00fcrl\u00fc\u011fe girdi\u011fi tarihten \u00f6nce ilan\u0131 yap\u0131lm\u0131\u015f ve a\u00e7\u0131k art\u0131rma s\u00fcresi sona ermemi\u015f olan a\u00e7\u0131k art\u0131rmalar hakk\u0131nda da uygulanacakt\u0131r.<\/p>\n<ul>\n<li>\u0130\u0130K Ek Madde 1&#8217;in \u00fc\u00e7\u00fcnc\u00fc f\u0131kras\u0131nda yap\u0131lan d\u00fczenlemeyle birlikte, istinaf veya temyiz incelenmesi sonucu verilen kald\u0131rma ile bozma karar\u0131ndan sonra verilen kararlara y\u00f6nelik istinaf ve temyiz ba\u015fvurusunda hangi tarihteki parasal s\u0131n\u0131r\u0131n esas al\u0131naca\u011f\u0131 a\u00e7\u0131\u011fa kavu\u015fturulmu\u015ftur.<\/li>\n<\/ul>\n<p>D\u00fczenleme uyar\u0131nca, istinaf ve temyiz kanun yoluna ba\u015fvuruda esas al\u0131nan parasal s\u0131n\u0131rda yeniden de\u011ferleme nedeniyle meydana gelen art\u0131\u015f, B\u00f6lge Adliye Mahkemelerinin kald\u0131rma veya Yarg\u0131tay\u2019\u0131n bozma kararlar\u0131 \u00fczerine yeniden verilen kararlar hakk\u0131nda uygulanmayacakt\u0131r, ilk karar\u0131n verildi\u011fi tarihte ge\u00e7erli olan parasal s\u0131n\u0131rlar esas al\u0131nacakt\u0131r. \u0130lgili de\u011fi\u015fiklik B\u00f6lge Adliye Mahkemelerinin kald\u0131rma veya\u00a0Yarg\u0131tay\u2019\u0131n\u00a0bozma kararlar\u0131 \u00fczerine bu maddenin y\u00fcr\u00fcrl\u00fc\u011fe girdi\u011fi tarihten itibaren yeniden verilen kararlar hakk\u0131nda uygulanacakt\u0131r.<\/p>\n<p><strong>Hukuk Muhakemeleri Kanunu&#8217;nda Yap\u0131lan De\u011fi\u015fiklikler<\/strong><\/p>\n<p>6100 say\u0131l\u0131 Hukuk Muhakemeleri Kanunu (\u201c<strong>HMK<\/strong>\u201d) Ek Madde 1&#8217;in \u00fc\u00e7\u00fcnc\u00fc f\u0131kras\u0131nda yap\u0131lan d\u00fczenlemeyle birlikte, istinaf veya temyiz incelenmesi sonucu verilen kald\u0131rma ile bozma karar\u0131ndan sonra verilen kararlara y\u00f6nelik istinaf ve temyiz ba\u015fvurusunda hangi tarihteki parasal s\u0131n\u0131r\u0131n esas al\u0131naca\u011f\u0131 a\u00e7\u0131\u011fa kavu\u015fturulmu\u015ftur.<\/p>\n<p>D\u00fczenleme uyar\u0131nca istinaf ve temyiz kanun yoluna ba\u015fvuruda esas al\u0131nan parasal s\u0131n\u0131rda yeniden de\u011ferleme nedeniyle meydana gelen art\u0131\u015f, B\u00f6lge Adliye Mahkemelerinin kald\u0131rma veya Yarg\u0131tay\u2019\u0131n bozma kararlar\u0131 \u00fczerine yeniden verilen kararlar hakk\u0131nda uygulanmayacakt\u0131r, ilk karar\u0131n verildi\u011fi tarihte ge\u00e7erli olan parasal s\u0131n\u0131rlar esas al\u0131nacakt\u0131r. \u0130lgili de\u011fi\u015fiklik B\u00f6lge Adliye Mahkemelerinin kald\u0131rma veya Yarg\u0131tay\u2019\u0131n bozma kararlar\u0131 \u00fczerine bu maddenin y\u00fcr\u00fcrl\u00fc\u011fe girdi\u011fi tarihten itibaren yeniden verilen kararlar hakk\u0131nda uygulanacakt\u0131r.<\/p>\n<p><strong>Adli Yarg\u0131 \u0130lk Derece Mahkemeleri ile B\u00f6lge Adliye Mahkemelerinin Kurulu\u015f, G\u00f6rev ve Yetkileri Hakk\u0131nda Kanun&#8217;da Yap\u0131lan De\u011fi\u015fiklikler<\/strong><\/p>\n<p>5235 say\u0131l\u0131 Adli Yarg\u0131 \u0130lk Derece Mahkemeleri ile B\u00f6lge Adliye Mahkemelerinin Kurulu\u015f, G\u00f6rev ve Yetkileri Hakk\u0131nda Kanun&#8217;a (\u201c<strong>5235 Say\u0131l\u0131 Kanun<\/strong>\u201d) eklenen \u201c<em>Hukuk daireleri i\u015f b\u00f6l\u00fcm\u00fc incelemesi<\/em>\u201d ba\u015fl\u0131kl\u0131 35\/A maddesi uyar\u0131nca hukuk dairelerinin i\u015f b\u00f6l\u00fcm\u00fc bak\u0131m\u0131ndan g\u00f6reve ili\u015fkin verecekleri karara zaman k\u0131s\u0131tlamas\u0131 getirilmi\u015ftir.<\/p>\n<p>D\u00fczenlemeye g\u00f6re, istinaf incelemesi i\u00e7in dosya kendisine g\u00f6nderilen ilgili hukuk dairesi, bir ay i\u00e7inde yapaca\u011f\u0131 \u00f6n inceleme sonucunda i\u015f b\u00f6l\u00fcm\u00fc bak\u0131m\u0131ndan kendisini g\u00f6revli g\u00f6rmez ise, dosyay\u0131 gerek\u00e7esi ile birlikte g\u00f6revli oldu\u011fu kan\u0131s\u0131na vard\u0131\u011f\u0131 ilgili hukuk dairesine g\u00f6nderecektir. Bir ayl\u0131k s\u00fcrenin bitiminden sonra veya duru\u015fma g\u00fcn\u00fc verilen dosya hakk\u0131nda g\u00f6nderme karar\u0131 verilemeyecektir. G\u00f6nderme karar\u0131 \u00fczerine dosya kendisine gelen hukuk dairesi, iki hafta i\u00e7inde yapaca\u011f\u0131 \u00f6n inceleme sonucunda g\u00f6revli olmad\u0131\u011f\u0131 kanaatine var\u0131rsa, varsa ge\u00e7ici hukuki koruma tedbirlerine dair talepler hakk\u0131nda da karar vermek suretiyle dosyay\u0131 hukuk daireleri ba\u015fkanlar kuruluna g\u00f6nderecektir. \u0130ki haftal\u0131k s\u00fcrenin bitiminden sonra g\u00f6nderme karar\u0131 verilemeyecektir. Kurul taraf\u0131ndan yap\u0131lan \u00f6n inceleme sonunda verilen i\u015f b\u00f6l\u00fcm\u00fcne ili\u015fkin karar kesindir.<\/p>\n<p><strong>Hukuk Uyu\u015fmazl\u0131klar\u0131nda Arabuluculuk Kanunu&#8217;nda Yap\u0131lan De\u011fi\u015fiklikler<\/strong><\/p>\n<p>6325 say\u0131l\u0131 Hukuk Uyu\u015fmazl\u0131klar\u0131nda Arabuluculuk Kanunu&#8217;nda (\u201c<strong>Arabuluculuk Kanunu<\/strong>\u201d) \u00e7e\u015fitli de\u011fi\u015fiklikler yap\u0131lm\u0131\u015ft\u0131r. Buna g\u00f6re:<\/p>\n<ul>\n<li>Arabuluculuk Kanunu&#8217;na eklenen \u201c<em>Ta\u015f\u0131nmaz\u0131n devrine veya ta\u015f\u0131nmaz \u00fczerinde s\u0131n\u0131rl\u0131 ayni hak kurulmas\u0131na ili\u015fkin uyu\u015fmazl\u0131klarda arabuluculuk<\/em>\u201d ba\u015fl\u0131kl\u0131 17\/B maddesi uyar\u0131nca anla\u015fma belgesinin taraflar\u0131ndan biri, icra edilebilirlik \u015ferhi verilmesinden sonra tapu m\u00fcd\u00fcrl\u00fc\u011f\u00fcnden tescil talebinde bulunabilecektir. Tapu m\u00fcd\u00fcrl\u00fc\u011f\u00fcnce ta\u015f\u0131nmaza ili\u015fkin mevzuatta \u00f6ng\u00f6r\u00fclen gerekli inceleme ve de\u011ferlendirme yap\u0131ld\u0131ktan sonra resmi senet d\u00fczenlenmeksizin tescil talebi yerine getirilecektir.<\/li>\n<\/ul>\n<p>Bu d\u00fczenleme ile birlikte icra edilebilirlik \u015ferhi al\u0131nan arabuluculuk anla\u015fma belgesine istinaden tapuda tescil talebinde bulunulabilece\u011fine ili\u015fkin a\u00e7\u0131kl\u0131k getirilmi\u015ftir.<\/p>\n<ul>\n<li>Arabuluculuk Kanunu&#8217;nun\u00a0 \u201c<em>Dava \u015fart\u0131 olarak arabuluculuk<\/em>\u201d ba\u015fl\u0131kl\u0131 18\/A maddesinin 11. f\u0131kras\u0131 uyar\u0131nca taraflardan birinin ge\u00e7erli bir mazeret g\u00f6stermeksizin ilk toplant\u0131ya kat\u0131lmamas\u0131 sebebiyle arabuluculuk faaliyetinin sona ermesi durumunda toplant\u0131ya kat\u0131lmayan taraf, davada k\u0131smen veya tamamen hakl\u0131 \u00e7\u0131ksa bile kar\u015f\u0131 taraf\u0131n \u00f6demekle y\u00fck\u00fcml\u00fc oldu\u011fu yarg\u0131lama giderlerinin <strong>yar\u0131s\u0131ndan<\/strong> sorumlu tutulacakt\u0131r. Ayr\u0131ca bu taraf lehine Avukatl\u0131k Asgari \u00dccret Tarifesi&#8217;ne g\u00f6re belirlenen vek\u00e2let \u00fccretinin <strong>yar\u0131s\u0131na<\/strong> h\u00fckmedilecektir. B\u00f6ylelikle eskiden toplant\u0131ya kat\u0131lmayan taraf\u0131n t\u00fcm yarg\u0131lama giderlerinden sorumlu tutulaca\u011f\u0131na ve vekalet \u00fccretine hi\u00e7 hak kazanmayaca\u011f\u0131na ili\u015fkin h\u00fck\u00fcm de\u011fi\u015ftirilmi\u015ftir.<\/li>\n<\/ul>\n<p><strong>Sonu\u00e7<\/strong><\/p>\n<p>7531 Say\u0131l\u0131 Kanun ile pek \u00e7ok kanunda \u00f6nemli de\u011fi\u015fiklikler yap\u0131lm\u0131\u015f, \u00e7e\u015fitli kanunlardaki tart\u0131\u015fmal\u0131 hususlar a\u00e7\u0131kl\u0131\u011fa kavu\u015fturulurken, ayn\u0131 zamanda yeni d\u00fczenlemeler getirilmi\u015ftir.<\/p>\n","protected":false},"excerpt":{"rendered":"<p>&#8230;<\/p>\n","protected":false},"author":4,"featured_media":0,"comment_status":"closed","ping_status":"closed","sticky":false,"template":"","format":"standard","meta":{"_acf_changed":false,"_stopmodifiedupdate":false,"_modified_date":"","footnotes":""},"categories":[120],"tags":[96],"class_list":["post-28234","post","type-post","status-publish","format-standard","hentry","category-legal-alerts","tag-dispute-resolution-tr"],"acf":[],"yoast_head":"<!-- This site is optimized with the Yoast SEO plugin v24.0 - https:\/\/yoast.com\/wordpress\/plugins\/seo\/ -->\n<title>9. Yarg\u0131 Paketi Olarak Adland\u0131r\u0131lan 7531 Say\u0131l\u0131 \u201cBaz\u0131 Kanunlarda De\u011fi\u015fiklik Yap\u0131lmas\u0131na Dair Kanun\u201d 14 Kas\u0131m 2024 Tarihli ve 32722 Say\u0131l\u0131 Resmi Gazete&#039;de Yay\u0131mland\u0131!<\/title>\n<meta name=\"description\" content=\"...\" \/>\n<meta name=\"robots\" content=\"index, follow, max-snippet:-1, max-image-preview:large, max-video-preview:-1\" \/>\n<link rel=\"canonical\" href=\"https:\/\/www.esin.av.tr\/tr\/2024\/11\/28\/9-yargi-paketi-olarak-adlandirilan-7531-sayili-bazi-kanunlarda-degisiklik-yapilmasina-dair-kanun-14-kasim-2024-tarihli-ve-32722-sayili-resmi-gazetede-yayimlandi\/\" \/>\n<meta property=\"og:locale\" content=\"tr_TR\" \/>\n<meta property=\"og:type\" content=\"article\" \/>\n<meta property=\"og:title\" content=\"9. Yarg\u0131 Paketi Olarak Adland\u0131r\u0131lan 7531 Say\u0131l\u0131 \u201cBaz\u0131 Kanunlarda De\u011fi\u015fiklik Yap\u0131lmas\u0131na Dair Kanun\u201d 14 Kas\u0131m 2024 Tarihli ve 32722 Say\u0131l\u0131 Resmi Gazete&#039;de Yay\u0131mland\u0131!\" \/>\n<meta property=\"og:description\" content=\"...\" \/>\n<meta property=\"og:url\" content=\"https:\/\/www.esin.av.tr\/tr\/2024\/11\/28\/9-yargi-paketi-olarak-adlandirilan-7531-sayili-bazi-kanunlarda-degisiklik-yapilmasina-dair-kanun-14-kasim-2024-tarihli-ve-32722-sayili-resmi-gazetede-yayimlandi\/\" \/>\n<meta property=\"og:site_name\" content=\"Esin Avukatl\u0131k Ortakl\u0131\u011f\u0131\" \/>\n<meta property=\"article:published_time\" content=\"2024-11-28T11:14:48+00:00\" \/>\n<meta property=\"article:modified_time\" content=\"2024-11-28T11:16:27+00:00\" \/>\n<meta name=\"author\" content=\"R\u0131dvan Konrat\" \/>\n<meta name=\"twitter:card\" content=\"summary_large_image\" \/>\n<meta name=\"twitter:label1\" content=\"Written by\" \/>\n\t<meta name=\"twitter:data1\" content=\"R\u0131dvan Konrat\" \/>\n\t<meta name=\"twitter:label2\" content=\"Est. reading time\" \/>\n\t<meta name=\"twitter:data2\" content=\"5 minutes\" \/>\n<script type=\"application\/ld+json\" class=\"yoast-schema-graph\">{\"@context\":\"https:\/\/schema.org\",\"@graph\":[{\"@type\":\"Article\",\"@id\":\"https:\/\/www.esin.av.tr\/tr\/2024\/11\/28\/9-yargi-paketi-olarak-adlandirilan-7531-sayili-bazi-kanunlarda-degisiklik-yapilmasina-dair-kanun-14-kasim-2024-tarihli-ve-32722-sayili-resmi-gazetede-yayimlandi\/#article\",\"isPartOf\":{\"@id\":\"https:\/\/www.esin.av.tr\/tr\/2024\/11\/28\/9-yargi-paketi-olarak-adlandirilan-7531-sayili-bazi-kanunlarda-degisiklik-yapilmasina-dair-kanun-14-kasim-2024-tarihli-ve-32722-sayili-resmi-gazetede-yayimlandi\/\"},\"author\":{\"name\":\"R\u0131dvan Konrat\",\"@id\":\"https:\/\/www.esin.av.tr\/tr\/#\/schema\/person\/42c8e616aab56b8622fa365ad63282ae\"},\"headline\":\"9. Yarg\u0131 Paketi Olarak Adland\u0131r\u0131lan 7531 Say\u0131l\u0131 \u201cBaz\u0131 Kanunlarda De\u011fi\u015fiklik Yap\u0131lmas\u0131na Dair Kanun\u201d 14 Kas\u0131m 2024 Tarihli ve 32722 Say\u0131l\u0131 Resmi Gazete&#8217;de Yay\u0131mland\u0131!\",\"datePublished\":\"2024-11-28T11:14:48+00:00\",\"dateModified\":\"2024-11-28T11:16:27+00:00\",\"mainEntityOfPage\":{\"@id\":\"https:\/\/www.esin.av.tr\/tr\/2024\/11\/28\/9-yargi-paketi-olarak-adlandirilan-7531-sayili-bazi-kanunlarda-degisiklik-yapilmasina-dair-kanun-14-kasim-2024-tarihli-ve-32722-sayili-resmi-gazetede-yayimlandi\/\"},\"wordCount\":1105,\"publisher\":{\"@id\":\"https:\/\/www.esin.av.tr\/tr\/#organization\"},\"keywords\":[\"Uyu\u015fmazl\u0131k \u00c7\u00f6z\u00fcm\u00fc\"],\"articleSection\":[\"Hukuk B\u00fcltenleri\"],\"inLanguage\":\"tr\"},{\"@type\":\"WebPage\",\"@id\":\"https:\/\/www.esin.av.tr\/tr\/2024\/11\/28\/9-yargi-paketi-olarak-adlandirilan-7531-sayili-bazi-kanunlarda-degisiklik-yapilmasina-dair-kanun-14-kasim-2024-tarihli-ve-32722-sayili-resmi-gazetede-yayimlandi\/\",\"url\":\"https:\/\/www.esin.av.tr\/tr\/2024\/11\/28\/9-yargi-paketi-olarak-adlandirilan-7531-sayili-bazi-kanunlarda-degisiklik-yapilmasina-dair-kanun-14-kasim-2024-tarihli-ve-32722-sayili-resmi-gazetede-yayimlandi\/\",\"name\":\"9. Yarg\u0131 Paketi Olarak Adland\u0131r\u0131lan 7531 Say\u0131l\u0131 \u201cBaz\u0131 Kanunlarda De\u011fi\u015fiklik Yap\u0131lmas\u0131na Dair Kanun\u201d 14 Kas\u0131m 2024 Tarihli ve 32722 Say\u0131l\u0131 Resmi Gazete'de Yay\u0131mland\u0131!\",\"isPartOf\":{\"@id\":\"https:\/\/www.esin.av.tr\/tr\/#website\"},\"datePublished\":\"2024-11-28T11:14:48+00:00\",\"dateModified\":\"2024-11-28T11:16:27+00:00\",\"description\":\"...\",\"breadcrumb\":{\"@id\":\"https:\/\/www.esin.av.tr\/tr\/2024\/11\/28\/9-yargi-paketi-olarak-adlandirilan-7531-sayili-bazi-kanunlarda-degisiklik-yapilmasina-dair-kanun-14-kasim-2024-tarihli-ve-32722-sayili-resmi-gazetede-yayimlandi\/#breadcrumb\"},\"inLanguage\":\"tr\",\"potentialAction\":[{\"@type\":\"ReadAction\",\"target\":[\"https:\/\/www.esin.av.tr\/tr\/2024\/11\/28\/9-yargi-paketi-olarak-adlandirilan-7531-sayili-bazi-kanunlarda-degisiklik-yapilmasina-dair-kanun-14-kasim-2024-tarihli-ve-32722-sayili-resmi-gazetede-yayimlandi\/\"]}]},{\"@type\":\"BreadcrumbList\",\"@id\":\"https:\/\/www.esin.av.tr\/tr\/2024\/11\/28\/9-yargi-paketi-olarak-adlandirilan-7531-sayili-bazi-kanunlarda-degisiklik-yapilmasina-dair-kanun-14-kasim-2024-tarihli-ve-32722-sayili-resmi-gazetede-yayimlandi\/#breadcrumb\",\"itemListElement\":[{\"@type\":\"ListItem\",\"position\":1,\"name\":\"Home\",\"item\":\"https:\/\/www.esin.av.tr\/tr\/\"},{\"@type\":\"ListItem\",\"position\":2,\"name\":\"9. Yarg\u0131 Paketi Olarak Adland\u0131r\u0131lan 7531 Say\u0131l\u0131 \u201cBaz\u0131 Kanunlarda De\u011fi\u015fiklik Yap\u0131lmas\u0131na Dair Kanun\u201d 14 Kas\u0131m 2024 Tarihli ve 32722 Say\u0131l\u0131 Resmi Gazete&#8217;de Yay\u0131mland\u0131!\"}]},{\"@type\":\"WebSite\",\"@id\":\"https:\/\/www.esin.av.tr\/tr\/#website\",\"url\":\"https:\/\/www.esin.av.tr\/tr\/\",\"name\":\"Esin Avukatl\u0131k Ortakl\u0131\u011f\u0131\",\"description\":\"\",\"publisher\":{\"@id\":\"https:\/\/www.esin.av.tr\/tr\/#organization\"},\"potentialAction\":[{\"@type\":\"SearchAction\",\"target\":{\"@type\":\"EntryPoint\",\"urlTemplate\":\"https:\/\/www.esin.av.tr\/tr\/?s={search_term_string}\"},\"query-input\":{\"@type\":\"PropertyValueSpecification\",\"valueRequired\":true,\"valueName\":\"search_term_string\"}}],\"inLanguage\":\"tr\"},{\"@type\":\"Organization\",\"@id\":\"https:\/\/www.esin.av.tr\/tr\/#organization\",\"name\":\"Esin Avukatl\u0131k Ortakl\u0131\u011f\u0131\",\"url\":\"https:\/\/www.esin.av.tr\/tr\/\",\"logo\":{\"@type\":\"ImageObject\",\"inLanguage\":\"tr\",\"@id\":\"https:\/\/www.esin.av.tr\/tr\/#\/schema\/logo\/image\/\",\"url\":\"https:\/\/www.esin.av.tr\/wp-content\/uploads\/2021\/09\/esin-2.jpg\",\"contentUrl\":\"https:\/\/www.esin.av.tr\/wp-content\/uploads\/2021\/09\/esin-2.jpg\",\"width\":800,\"height\":460,\"caption\":\"Esin Avukatl\u0131k Ortakl\u0131\u011f\u0131\"},\"image\":{\"@id\":\"https:\/\/www.esin.av.tr\/tr\/#\/schema\/logo\/image\/\"}},{\"@type\":\"Person\",\"@id\":\"https:\/\/www.esin.av.tr\/tr\/#\/schema\/person\/42c8e616aab56b8622fa365ad63282ae\",\"name\":\"R\u0131dvan Konrat\",\"image\":{\"@type\":\"ImageObject\",\"inLanguage\":\"tr\",\"@id\":\"https:\/\/www.esin.av.tr\/tr\/#\/schema\/person\/image\/\",\"url\":\"https:\/\/secure.gravatar.com\/avatar\/b20c6c583be38ed4e76e32f69fccc676?s=96&d=mm&r=g\",\"contentUrl\":\"https:\/\/secure.gravatar.com\/avatar\/b20c6c583be38ed4e76e32f69fccc676?s=96&d=mm&r=g\",\"caption\":\"R\u0131dvan Konrat\"},\"sameAs\":[\"http:\/\/www.esin.av.tr\"],\"url\":\"https:\/\/www.esin.av.tr\/tr\/author\/rkonrat\/\"}]}<\/script>\n<!-- \/ Yoast SEO plugin. -->","yoast_head_json":{"title":"9. Yarg\u0131 Paketi Olarak Adland\u0131r\u0131lan 7531 Say\u0131l\u0131 \u201cBaz\u0131 Kanunlarda De\u011fi\u015fiklik Yap\u0131lmas\u0131na Dair Kanun\u201d 14 Kas\u0131m 2024 Tarihli ve 32722 Say\u0131l\u0131 Resmi Gazete'de Yay\u0131mland\u0131!","description":"...","robots":{"index":"index","follow":"follow","max-snippet":"max-snippet:-1","max-image-preview":"max-image-preview:large","max-video-preview":"max-video-preview:-1"},"canonical":"https:\/\/www.esin.av.tr\/tr\/2024\/11\/28\/9-yargi-paketi-olarak-adlandirilan-7531-sayili-bazi-kanunlarda-degisiklik-yapilmasina-dair-kanun-14-kasim-2024-tarihli-ve-32722-sayili-resmi-gazetede-yayimlandi\/","og_locale":"tr_TR","og_type":"article","og_title":"9. Yarg\u0131 Paketi Olarak Adland\u0131r\u0131lan 7531 Say\u0131l\u0131 \u201cBaz\u0131 Kanunlarda De\u011fi\u015fiklik Yap\u0131lmas\u0131na Dair Kanun\u201d 14 Kas\u0131m 2024 Tarihli ve 32722 Say\u0131l\u0131 Resmi Gazete'de Yay\u0131mland\u0131!","og_description":"...","og_url":"https:\/\/www.esin.av.tr\/tr\/2024\/11\/28\/9-yargi-paketi-olarak-adlandirilan-7531-sayili-bazi-kanunlarda-degisiklik-yapilmasina-dair-kanun-14-kasim-2024-tarihli-ve-32722-sayili-resmi-gazetede-yayimlandi\/","og_site_name":"Esin Avukatl\u0131k Ortakl\u0131\u011f\u0131","article_published_time":"2024-11-28T11:14:48+00:00","article_modified_time":"2024-11-28T11:16:27+00:00","author":"R\u0131dvan Konrat","twitter_card":"summary_large_image","twitter_misc":{"Written by":"R\u0131dvan Konrat","Est. reading time":"5 minutes"},"schema":{"@context":"https:\/\/schema.org","@graph":[{"@type":"Article","@id":"https:\/\/www.esin.av.tr\/tr\/2024\/11\/28\/9-yargi-paketi-olarak-adlandirilan-7531-sayili-bazi-kanunlarda-degisiklik-yapilmasina-dair-kanun-14-kasim-2024-tarihli-ve-32722-sayili-resmi-gazetede-yayimlandi\/#article","isPartOf":{"@id":"https:\/\/www.esin.av.tr\/tr\/2024\/11\/28\/9-yargi-paketi-olarak-adlandirilan-7531-sayili-bazi-kanunlarda-degisiklik-yapilmasina-dair-kanun-14-kasim-2024-tarihli-ve-32722-sayili-resmi-gazetede-yayimlandi\/"},"author":{"name":"R\u0131dvan Konrat","@id":"https:\/\/www.esin.av.tr\/tr\/#\/schema\/person\/42c8e616aab56b8622fa365ad63282ae"},"headline":"9. Yarg\u0131 Paketi Olarak Adland\u0131r\u0131lan 7531 Say\u0131l\u0131 \u201cBaz\u0131 Kanunlarda De\u011fi\u015fiklik Yap\u0131lmas\u0131na Dair Kanun\u201d 14 Kas\u0131m 2024 Tarihli ve 32722 Say\u0131l\u0131 Resmi Gazete&#8217;de Yay\u0131mland\u0131!","datePublished":"2024-11-28T11:14:48+00:00","dateModified":"2024-11-28T11:16:27+00:00","mainEntityOfPage":{"@id":"https:\/\/www.esin.av.tr\/tr\/2024\/11\/28\/9-yargi-paketi-olarak-adlandirilan-7531-sayili-bazi-kanunlarda-degisiklik-yapilmasina-dair-kanun-14-kasim-2024-tarihli-ve-32722-sayili-resmi-gazetede-yayimlandi\/"},"wordCount":1105,"publisher":{"@id":"https:\/\/www.esin.av.tr\/tr\/#organization"},"keywords":["Uyu\u015fmazl\u0131k \u00c7\u00f6z\u00fcm\u00fc"],"articleSection":["Hukuk B\u00fcltenleri"],"inLanguage":"tr"},{"@type":"WebPage","@id":"https:\/\/www.esin.av.tr\/tr\/2024\/11\/28\/9-yargi-paketi-olarak-adlandirilan-7531-sayili-bazi-kanunlarda-degisiklik-yapilmasina-dair-kanun-14-kasim-2024-tarihli-ve-32722-sayili-resmi-gazetede-yayimlandi\/","url":"https:\/\/www.esin.av.tr\/tr\/2024\/11\/28\/9-yargi-paketi-olarak-adlandirilan-7531-sayili-bazi-kanunlarda-degisiklik-yapilmasina-dair-kanun-14-kasim-2024-tarihli-ve-32722-sayili-resmi-gazetede-yayimlandi\/","name":"9. Yarg\u0131 Paketi Olarak Adland\u0131r\u0131lan 7531 Say\u0131l\u0131 \u201cBaz\u0131 Kanunlarda De\u011fi\u015fiklik Yap\u0131lmas\u0131na Dair Kanun\u201d 14 Kas\u0131m 2024 Tarihli ve 32722 Say\u0131l\u0131 Resmi Gazete'de Yay\u0131mland\u0131!","isPartOf":{"@id":"https:\/\/www.esin.av.tr\/tr\/#website"},"datePublished":"2024-11-28T11:14:48+00:00","dateModified":"2024-11-28T11:16:27+00:00","description":"...","breadcrumb":{"@id":"https:\/\/www.esin.av.tr\/tr\/2024\/11\/28\/9-yargi-paketi-olarak-adlandirilan-7531-sayili-bazi-kanunlarda-degisiklik-yapilmasina-dair-kanun-14-kasim-2024-tarihli-ve-32722-sayili-resmi-gazetede-yayimlandi\/#breadcrumb"},"inLanguage":"tr","potentialAction":[{"@type":"ReadAction","target":["https:\/\/www.esin.av.tr\/tr\/2024\/11\/28\/9-yargi-paketi-olarak-adlandirilan-7531-sayili-bazi-kanunlarda-degisiklik-yapilmasina-dair-kanun-14-kasim-2024-tarihli-ve-32722-sayili-resmi-gazetede-yayimlandi\/"]}]},{"@type":"BreadcrumbList","@id":"https:\/\/www.esin.av.tr\/tr\/2024\/11\/28\/9-yargi-paketi-olarak-adlandirilan-7531-sayili-bazi-kanunlarda-degisiklik-yapilmasina-dair-kanun-14-kasim-2024-tarihli-ve-32722-sayili-resmi-gazetede-yayimlandi\/#breadcrumb","itemListElement":[{"@type":"ListItem","position":1,"name":"Home","item":"https:\/\/www.esin.av.tr\/tr\/"},{"@type":"ListItem","position":2,"name":"9. Yarg\u0131 Paketi Olarak Adland\u0131r\u0131lan 7531 Say\u0131l\u0131 \u201cBaz\u0131 Kanunlarda De\u011fi\u015fiklik Yap\u0131lmas\u0131na Dair Kanun\u201d 14 Kas\u0131m 2024 Tarihli ve 32722 Say\u0131l\u0131 Resmi Gazete&#8217;de Yay\u0131mland\u0131!"}]},{"@type":"WebSite","@id":"https:\/\/www.esin.av.tr\/tr\/#website","url":"https:\/\/www.esin.av.tr\/tr\/","name":"Esin Avukatl\u0131k Ortakl\u0131\u011f\u0131","description":"","publisher":{"@id":"https:\/\/www.esin.av.tr\/tr\/#organization"},"potentialAction":[{"@type":"SearchAction","target":{"@type":"EntryPoint","urlTemplate":"https:\/\/www.esin.av.tr\/tr\/?s={search_term_string}"},"query-input":{"@type":"PropertyValueSpecification","valueRequired":true,"valueName":"search_term_string"}}],"inLanguage":"tr"},{"@type":"Organization","@id":"https:\/\/www.esin.av.tr\/tr\/#organization","name":"Esin Avukatl\u0131k Ortakl\u0131\u011f\u0131","url":"https:\/\/www.esin.av.tr\/tr\/","logo":{"@type":"ImageObject","inLanguage":"tr","@id":"https:\/\/www.esin.av.tr\/tr\/#\/schema\/logo\/image\/","url":"https:\/\/www.esin.av.tr\/wp-content\/uploads\/2021\/09\/esin-2.jpg","contentUrl":"https:\/\/www.esin.av.tr\/wp-content\/uploads\/2021\/09\/esin-2.jpg","width":800,"height":460,"caption":"Esin Avukatl\u0131k Ortakl\u0131\u011f\u0131"},"image":{"@id":"https:\/\/www.esin.av.tr\/tr\/#\/schema\/logo\/image\/"}},{"@type":"Person","@id":"https:\/\/www.esin.av.tr\/tr\/#\/schema\/person\/42c8e616aab56b8622fa365ad63282ae","name":"R\u0131dvan Konrat","image":{"@type":"ImageObject","inLanguage":"tr","@id":"https:\/\/www.esin.av.tr\/tr\/#\/schema\/person\/image\/","url":"https:\/\/secure.gravatar.com\/avatar\/b20c6c583be38ed4e76e32f69fccc676?s=96&d=mm&r=g","contentUrl":"https:\/\/secure.gravatar.com\/avatar\/b20c6c583be38ed4e76e32f69fccc676?s=96&d=mm&r=g","caption":"R\u0131dvan Konrat"},"sameAs":["http:\/\/www.esin.av.tr"],"url":"https:\/\/www.esin.av.tr\/tr\/author\/rkonrat\/"}]}},"_links":{"self":[{"href":"https:\/\/www.esin.av.tr\/tr\/wp-json\/wp\/v2\/posts\/28234","targetHints":{"allow":["GET"]}}],"collection":[{"href":"https:\/\/www.esin.av.tr\/tr\/wp-json\/wp\/v2\/posts"}],"about":[{"href":"https:\/\/www.esin.av.tr\/tr\/wp-json\/wp\/v2\/types\/post"}],"author":[{"embeddable":true,"href":"https:\/\/www.esin.av.tr\/tr\/wp-json\/wp\/v2\/users\/4"}],"replies":[{"embeddable":true,"href":"https:\/\/www.esin.av.tr\/tr\/wp-json\/wp\/v2\/comments?post=28234"}],"version-history":[{"count":2,"href":"https:\/\/www.esin.av.tr\/tr\/wp-json\/wp\/v2\/posts\/28234\/revisions"}],"predecessor-version":[{"id":28236,"href":"https:\/\/www.esin.av.tr\/tr\/wp-json\/wp\/v2\/posts\/28234\/revisions\/28236"}],"wp:attachment":[{"href":"https:\/\/www.esin.av.tr\/tr\/wp-json\/wp\/v2\/media?parent=28234"}],"wp:term":[{"taxonomy":"category","embeddable":true,"href":"https:\/\/www.esin.av.tr\/tr\/wp-json\/wp\/v2\/categories?post=28234"},{"taxonomy":"post_tag","embeddable":true,"href":"https:\/\/www.esin.av.tr\/tr\/wp-json\/wp\/v2\/tags?post=28234"}],"curies":[{"name":"wp","href":"https:\/\/api.w.org\/{rel}","templated":true}]}}