{"id":28195,"date":"2024-11-14T08:55:27","date_gmt":"2024-11-14T08:55:27","guid":{"rendered":"https:\/\/www.esin.av.tr\/?p=28195"},"modified":"2024-11-14T08:55:27","modified_gmt":"2024-11-14T08:55:27","slug":"esin-digidiary-quarterly-9th-issue","status":"publish","type":"post","link":"https:\/\/www.esin.av.tr\/tr\/2024\/11\/14\/esin-digidiary-quarterly-9th-issue\/","title":{"rendered":"Esin DigiDiary Quarterly &#8211; 9th Issue"},"content":{"rendered":"<p>2024&#8217;\u00fcn son ay\u0131na yakla\u015f\u0131rken, \u00fclkemizde ve d\u00fcnyada ki\u015fisel verilerin korunmas\u0131, elektronik ticaret ve yapay zeka hukuku d\u00fczenlemelerinde \u00e7e\u015fitli geli\u015fmelerle kar\u015f\u0131la\u015f\u0131yoruz. Esin \u2013 DigiDiary ile \u00f6nemli nitelikteki bilgi teknolojileri geli\u015fmelerini sizlerle payla\u015f\u0131yoruz.<\/p>\n<p>Esin \u2013 DigiDiary\u2019e eri\u015fmek i\u00e7in <a href=\"https:\/\/urldefense.com\/v3\/__https:\/esinxchange.com\/collect\/click.aspx?u=OVFPWlNURGh6SzhOOU45WXZzSzFVa1BjMHV6SWxvdU54aExYM1NMcU9TR3R3SzI3NXBJQkE3REZQTVJKU01TL0hZS2dyQmlGZkZlNU5YcW5RTlk2L2JEMTFpTEEzK1Vhbnc4V1BtekgyMXMrNFVuRkJaNTF1L3l3TkRNKzQxaDBkbVFjN0M2VUJjTWhFYURFeWxqOEdRPT0=&amp;rh=ff00d9c287a600034dfabb58074a804a1697dce8__;!!Hj9Y_P0nvg!UA1_TXk9wdVwJcwWmNUALFYfiXEr6yBbm5JTEL4b0E0W7GOyP_ZvMlUyQ6u0eEGxAeo-uva21RK4l1ePUF75TnEfYVmrrA$\">a\u015fa\u011f\u0131daki g\u00f6rsele t\u0131klay\u0131n\u0131z.<\/a><\/p>\n<p>&nbsp;<\/p>\n<p><a href=\"https:\/\/f.datasrvr.com\/fr1\/824\/86738\/DigiDiary_-_November_2024(456643196.1).pdf\" target=\"_blank\" rel=\"noopener\"><img fetchpriority=\"high\" decoding=\"async\" class=\"alignnone  wp-image-28192\" src=\"https:\/\/www.esin.av.tr\/wp-content\/uploads\/2024\/11\/sit-300x167.png\" alt=\"\" width=\"397\" height=\"221\" srcset=\"https:\/\/www.esin.av.tr\/wp-content\/uploads\/2024\/11\/sit-300x167.png 300w, https:\/\/www.esin.av.tr\/wp-content\/uploads\/2024\/11\/sit-768x427.png 768w, https:\/\/www.esin.av.tr\/wp-content\/uploads\/2024\/11\/sit.png 792w\" sizes=\"(max-width: 397px) 100vw, 397px\" \/><\/a><\/p>\n","protected":false},"excerpt":{"rendered":"<p>2024&#8217;\u00fcn son ay\u0131na yakla\u015f\u0131rken, \u00fclkemizde ve d\u00fcnyada ki\u015fisel verilerin korunmas\u0131, elektronik ticaret ve yapay zeka hukuku d\u00fczenlemelerinde \u00e7e\u015fitli geli\u015fmelerle kar\u015f\u0131la\u015f\u0131yoruz. [&hellip;]<\/p>\n","protected":false},"author":4,"featured_media":0,"comment_status":"closed","ping_status":"closed","sticky":false,"template":"","format":"standard","meta":{"_acf_changed":false,"_stopmodifiedupdate":false,"_modified_date":"","footnotes":""},"categories":[118],"tags":[180],"class_list":["post-28195","post","type-post","status-publish","format-standard","hentry","category-publications","tag-fikri-mulkiyet-ve-teknoloji"],"acf":[],"yoast_head":"<!-- This site is optimized with the Yoast SEO plugin v24.0 - https:\/\/yoast.com\/wordpress\/plugins\/seo\/ -->\n<title>Esin DigiDiary Quarterly - 9th Issue<\/title>\n<meta name=\"description\" content=\"2024&#039;\u00fcn son ay\u0131na yakla\u015f\u0131rken, \u00fclkemizde ve d\u00fcnyada ki\u015fisel verilerin korunmas\u0131, elektronik ticaret ve yapay zeka hukuku d\u00fczenlemelerinde \u00e7e\u015fitli\" \/>\n<meta name=\"robots\" content=\"index, follow, max-snippet:-1, max-image-preview:large, max-video-preview:-1\" \/>\n<link rel=\"canonical\" href=\"https:\/\/www.esin.av.tr\/tr\/2024\/11\/14\/esin-digidiary-quarterly-9th-issue\/\" \/>\n<meta property=\"og:locale\" content=\"tr_TR\" \/>\n<meta property=\"og:type\" content=\"article\" \/>\n<meta property=\"og:title\" content=\"Esin DigiDiary Quarterly - 9th Issue\" \/>\n<meta property=\"og:description\" content=\"2024&#039;\u00fcn son ay\u0131na yakla\u015f\u0131rken, \u00fclkemizde ve d\u00fcnyada ki\u015fisel verilerin korunmas\u0131, elektronik ticaret ve yapay zeka hukuku d\u00fczenlemelerinde \u00e7e\u015fitli\" \/>\n<meta property=\"og:url\" content=\"https:\/\/www.esin.av.tr\/tr\/2024\/11\/14\/esin-digidiary-quarterly-9th-issue\/\" \/>\n<meta property=\"og:site_name\" content=\"Esin Avukatl\u0131k Ortakl\u0131\u011f\u0131\" \/>\n<meta property=\"article:published_time\" content=\"2024-11-14T08:55:27+00:00\" \/>\n<meta property=\"og:image\" content=\"https:\/\/www.esin.av.tr\/wp-content\/uploads\/2024\/11\/sit-300x167.png\" \/>\n<meta name=\"author\" content=\"R\u0131dvan Konrat\" \/>\n<meta name=\"twitter:card\" content=\"summary_large_image\" \/>\n<meta name=\"twitter:label1\" content=\"Written by\" \/>\n\t<meta name=\"twitter:data1\" content=\"R\u0131dvan Konrat\" \/>\n<script type=\"application\/ld+json\" class=\"yoast-schema-graph\">{\"@context\":\"https:\/\/schema.org\",\"@graph\":[{\"@type\":\"Article\",\"@id\":\"https:\/\/www.esin.av.tr\/tr\/2024\/11\/14\/esin-digidiary-quarterly-9th-issue\/#article\",\"isPartOf\":{\"@id\":\"https:\/\/www.esin.av.tr\/tr\/2024\/11\/14\/esin-digidiary-quarterly-9th-issue\/\"},\"author\":{\"name\":\"R\u0131dvan Konrat\",\"@id\":\"https:\/\/www.esin.av.tr\/tr\/#\/schema\/person\/42c8e616aab56b8622fa365ad63282ae\"},\"headline\":\"Esin DigiDiary Quarterly &#8211; 9th Issue\",\"datePublished\":\"2024-11-14T08:55:27+00:00\",\"dateModified\":\"2024-11-14T08:55:27+00:00\",\"mainEntityOfPage\":{\"@id\":\"https:\/\/www.esin.av.tr\/tr\/2024\/11\/14\/esin-digidiary-quarterly-9th-issue\/\"},\"wordCount\":64,\"publisher\":{\"@id\":\"https:\/\/www.esin.av.tr\/tr\/#organization\"},\"image\":{\"@id\":\"https:\/\/www.esin.av.tr\/tr\/2024\/11\/14\/esin-digidiary-quarterly-9th-issue\/#primaryimage\"},\"thumbnailUrl\":\"https:\/\/www.esin.av.tr\/wp-content\/uploads\/2024\/11\/sit-300x167.png\",\"keywords\":[\"Fikri M\u00fclkiyet ve Teknoloji\"],\"articleSection\":[\"Yay\u0131nlar\"],\"inLanguage\":\"tr\"},{\"@type\":\"WebPage\",\"@id\":\"https:\/\/www.esin.av.tr\/tr\/2024\/11\/14\/esin-digidiary-quarterly-9th-issue\/\",\"url\":\"https:\/\/www.esin.av.tr\/tr\/2024\/11\/14\/esin-digidiary-quarterly-9th-issue\/\",\"name\":\"Esin DigiDiary Quarterly - 9th Issue\",\"isPartOf\":{\"@id\":\"https:\/\/www.esin.av.tr\/tr\/#website\"},\"primaryImageOfPage\":{\"@id\":\"https:\/\/www.esin.av.tr\/tr\/2024\/11\/14\/esin-digidiary-quarterly-9th-issue\/#primaryimage\"},\"image\":{\"@id\":\"https:\/\/www.esin.av.tr\/tr\/2024\/11\/14\/esin-digidiary-quarterly-9th-issue\/#primaryimage\"},\"thumbnailUrl\":\"https:\/\/www.esin.av.tr\/wp-content\/uploads\/2024\/11\/sit-300x167.png\",\"datePublished\":\"2024-11-14T08:55:27+00:00\",\"dateModified\":\"2024-11-14T08:55:27+00:00\",\"description\":\"2024'\u00fcn son ay\u0131na yakla\u015f\u0131rken, \u00fclkemizde ve d\u00fcnyada ki\u015fisel verilerin korunmas\u0131, elektronik ticaret ve yapay zeka hukuku d\u00fczenlemelerinde \u00e7e\u015fitli\",\"breadcrumb\":{\"@id\":\"https:\/\/www.esin.av.tr\/tr\/2024\/11\/14\/esin-digidiary-quarterly-9th-issue\/#breadcrumb\"},\"inLanguage\":\"tr\",\"potentialAction\":[{\"@type\":\"ReadAction\",\"target\":[\"https:\/\/www.esin.av.tr\/tr\/2024\/11\/14\/esin-digidiary-quarterly-9th-issue\/\"]}]},{\"@type\":\"ImageObject\",\"inLanguage\":\"tr\",\"@id\":\"https:\/\/www.esin.av.tr\/tr\/2024\/11\/14\/esin-digidiary-quarterly-9th-issue\/#primaryimage\",\"url\":\"https:\/\/www.esin.av.tr\/wp-content\/uploads\/2024\/11\/sit-300x167.png\",\"contentUrl\":\"https:\/\/www.esin.av.tr\/wp-content\/uploads\/2024\/11\/sit-300x167.png\"},{\"@type\":\"BreadcrumbList\",\"@id\":\"https:\/\/www.esin.av.tr\/tr\/2024\/11\/14\/esin-digidiary-quarterly-9th-issue\/#breadcrumb\",\"itemListElement\":[{\"@type\":\"ListItem\",\"position\":1,\"name\":\"Home\",\"item\":\"https:\/\/www.esin.av.tr\/tr\/\"},{\"@type\":\"ListItem\",\"position\":2,\"name\":\"Esin DigiDiary Quarterly &#8211; 9th Issue\"}]},{\"@type\":\"WebSite\",\"@id\":\"https:\/\/www.esin.av.tr\/tr\/#website\",\"url\":\"https:\/\/www.esin.av.tr\/tr\/\",\"name\":\"Esin Avukatl\u0131k Ortakl\u0131\u011f\u0131\",\"description\":\"\",\"publisher\":{\"@id\":\"https:\/\/www.esin.av.tr\/tr\/#organization\"},\"potentialAction\":[{\"@type\":\"SearchAction\",\"target\":{\"@type\":\"EntryPoint\",\"urlTemplate\":\"https:\/\/www.esin.av.tr\/tr\/?s={search_term_string}\"},\"query-input\":{\"@type\":\"PropertyValueSpecification\",\"valueRequired\":true,\"valueName\":\"search_term_string\"}}],\"inLanguage\":\"tr\"},{\"@type\":\"Organization\",\"@id\":\"https:\/\/www.esin.av.tr\/tr\/#organization\",\"name\":\"Esin Avukatl\u0131k Ortakl\u0131\u011f\u0131\",\"url\":\"https:\/\/www.esin.av.tr\/tr\/\",\"logo\":{\"@type\":\"ImageObject\",\"inLanguage\":\"tr\",\"@id\":\"https:\/\/www.esin.av.tr\/tr\/#\/schema\/logo\/image\/\",\"url\":\"https:\/\/www.esin.av.tr\/wp-content\/uploads\/2021\/09\/esin-2.jpg\",\"contentUrl\":\"https:\/\/www.esin.av.tr\/wp-content\/uploads\/2021\/09\/esin-2.jpg\",\"width\":800,\"height\":460,\"caption\":\"Esin Avukatl\u0131k Ortakl\u0131\u011f\u0131\"},\"image\":{\"@id\":\"https:\/\/www.esin.av.tr\/tr\/#\/schema\/logo\/image\/\"}},{\"@type\":\"Person\",\"@id\":\"https:\/\/www.esin.av.tr\/tr\/#\/schema\/person\/42c8e616aab56b8622fa365ad63282ae\",\"name\":\"R\u0131dvan Konrat\",\"image\":{\"@type\":\"ImageObject\",\"inLanguage\":\"tr\",\"@id\":\"https:\/\/www.esin.av.tr\/tr\/#\/schema\/person\/image\/\",\"url\":\"https:\/\/secure.gravatar.com\/avatar\/b20c6c583be38ed4e76e32f69fccc676?s=96&d=mm&r=g\",\"contentUrl\":\"https:\/\/secure.gravatar.com\/avatar\/b20c6c583be38ed4e76e32f69fccc676?s=96&d=mm&r=g\",\"caption\":\"R\u0131dvan Konrat\"},\"sameAs\":[\"http:\/\/www.esin.av.tr\"],\"url\":\"https:\/\/www.esin.av.tr\/tr\/author\/rkonrat\/\"}]}<\/script>\n<!-- \/ Yoast SEO plugin. -->","yoast_head_json":{"title":"Esin DigiDiary Quarterly - 9th Issue","description":"2024'\u00fcn son ay\u0131na yakla\u015f\u0131rken, \u00fclkemizde ve d\u00fcnyada ki\u015fisel verilerin korunmas\u0131, elektronik ticaret ve yapay zeka hukuku d\u00fczenlemelerinde \u00e7e\u015fitli","robots":{"index":"index","follow":"follow","max-snippet":"max-snippet:-1","max-image-preview":"max-image-preview:large","max-video-preview":"max-video-preview:-1"},"canonical":"https:\/\/www.esin.av.tr\/tr\/2024\/11\/14\/esin-digidiary-quarterly-9th-issue\/","og_locale":"tr_TR","og_type":"article","og_title":"Esin DigiDiary Quarterly - 9th Issue","og_description":"2024'\u00fcn son ay\u0131na yakla\u015f\u0131rken, \u00fclkemizde ve d\u00fcnyada ki\u015fisel verilerin korunmas\u0131, elektronik ticaret ve yapay zeka hukuku d\u00fczenlemelerinde \u00e7e\u015fitli","og_url":"https:\/\/www.esin.av.tr\/tr\/2024\/11\/14\/esin-digidiary-quarterly-9th-issue\/","og_site_name":"Esin Avukatl\u0131k Ortakl\u0131\u011f\u0131","article_published_time":"2024-11-14T08:55:27+00:00","og_image":[{"url":"https:\/\/www.esin.av.tr\/wp-content\/uploads\/2024\/11\/sit-300x167.png","type":"","width":"","height":""}],"author":"R\u0131dvan Konrat","twitter_card":"summary_large_image","twitter_misc":{"Written by":"R\u0131dvan Konrat"},"schema":{"@context":"https:\/\/schema.org","@graph":[{"@type":"Article","@id":"https:\/\/www.esin.av.tr\/tr\/2024\/11\/14\/esin-digidiary-quarterly-9th-issue\/#article","isPartOf":{"@id":"https:\/\/www.esin.av.tr\/tr\/2024\/11\/14\/esin-digidiary-quarterly-9th-issue\/"},"author":{"name":"R\u0131dvan Konrat","@id":"https:\/\/www.esin.av.tr\/tr\/#\/schema\/person\/42c8e616aab56b8622fa365ad63282ae"},"headline":"Esin DigiDiary Quarterly &#8211; 9th Issue","datePublished":"2024-11-14T08:55:27+00:00","dateModified":"2024-11-14T08:55:27+00:00","mainEntityOfPage":{"@id":"https:\/\/www.esin.av.tr\/tr\/2024\/11\/14\/esin-digidiary-quarterly-9th-issue\/"},"wordCount":64,"publisher":{"@id":"https:\/\/www.esin.av.tr\/tr\/#organization"},"image":{"@id":"https:\/\/www.esin.av.tr\/tr\/2024\/11\/14\/esin-digidiary-quarterly-9th-issue\/#primaryimage"},"thumbnailUrl":"https:\/\/www.esin.av.tr\/wp-content\/uploads\/2024\/11\/sit-300x167.png","keywords":["Fikri M\u00fclkiyet ve Teknoloji"],"articleSection":["Yay\u0131nlar"],"inLanguage":"tr"},{"@type":"WebPage","@id":"https:\/\/www.esin.av.tr\/tr\/2024\/11\/14\/esin-digidiary-quarterly-9th-issue\/","url":"https:\/\/www.esin.av.tr\/tr\/2024\/11\/14\/esin-digidiary-quarterly-9th-issue\/","name":"Esin DigiDiary Quarterly - 9th Issue","isPartOf":{"@id":"https:\/\/www.esin.av.tr\/tr\/#website"},"primaryImageOfPage":{"@id":"https:\/\/www.esin.av.tr\/tr\/2024\/11\/14\/esin-digidiary-quarterly-9th-issue\/#primaryimage"},"image":{"@id":"https:\/\/www.esin.av.tr\/tr\/2024\/11\/14\/esin-digidiary-quarterly-9th-issue\/#primaryimage"},"thumbnailUrl":"https:\/\/www.esin.av.tr\/wp-content\/uploads\/2024\/11\/sit-300x167.png","datePublished":"2024-11-14T08:55:27+00:00","dateModified":"2024-11-14T08:55:27+00:00","description":"2024'\u00fcn son ay\u0131na yakla\u015f\u0131rken, \u00fclkemizde ve d\u00fcnyada ki\u015fisel verilerin korunmas\u0131, elektronik ticaret ve yapay zeka hukuku d\u00fczenlemelerinde \u00e7e\u015fitli","breadcrumb":{"@id":"https:\/\/www.esin.av.tr\/tr\/2024\/11\/14\/esin-digidiary-quarterly-9th-issue\/#breadcrumb"},"inLanguage":"tr","potentialAction":[{"@type":"ReadAction","target":["https:\/\/www.esin.av.tr\/tr\/2024\/11\/14\/esin-digidiary-quarterly-9th-issue\/"]}]},{"@type":"ImageObject","inLanguage":"tr","@id":"https:\/\/www.esin.av.tr\/tr\/2024\/11\/14\/esin-digidiary-quarterly-9th-issue\/#primaryimage","url":"https:\/\/www.esin.av.tr\/wp-content\/uploads\/2024\/11\/sit-300x167.png","contentUrl":"https:\/\/www.esin.av.tr\/wp-content\/uploads\/2024\/11\/sit-300x167.png"},{"@type":"BreadcrumbList","@id":"https:\/\/www.esin.av.tr\/tr\/2024\/11\/14\/esin-digidiary-quarterly-9th-issue\/#breadcrumb","itemListElement":[{"@type":"ListItem","position":1,"name":"Home","item":"https:\/\/www.esin.av.tr\/tr\/"},{"@type":"ListItem","position":2,"name":"Esin DigiDiary Quarterly &#8211; 9th Issue"}]},{"@type":"WebSite","@id":"https:\/\/www.esin.av.tr\/tr\/#website","url":"https:\/\/www.esin.av.tr\/tr\/","name":"Esin Avukatl\u0131k Ortakl\u0131\u011f\u0131","description":"","publisher":{"@id":"https:\/\/www.esin.av.tr\/tr\/#organization"},"potentialAction":[{"@type":"SearchAction","target":{"@type":"EntryPoint","urlTemplate":"https:\/\/www.esin.av.tr\/tr\/?s={search_term_string}"},"query-input":{"@type":"PropertyValueSpecification","valueRequired":true,"valueName":"search_term_string"}}],"inLanguage":"tr"},{"@type":"Organization","@id":"https:\/\/www.esin.av.tr\/tr\/#organization","name":"Esin Avukatl\u0131k Ortakl\u0131\u011f\u0131","url":"https:\/\/www.esin.av.tr\/tr\/","logo":{"@type":"ImageObject","inLanguage":"tr","@id":"https:\/\/www.esin.av.tr\/tr\/#\/schema\/logo\/image\/","url":"https:\/\/www.esin.av.tr\/wp-content\/uploads\/2021\/09\/esin-2.jpg","contentUrl":"https:\/\/www.esin.av.tr\/wp-content\/uploads\/2021\/09\/esin-2.jpg","width":800,"height":460,"caption":"Esin Avukatl\u0131k Ortakl\u0131\u011f\u0131"},"image":{"@id":"https:\/\/www.esin.av.tr\/tr\/#\/schema\/logo\/image\/"}},{"@type":"Person","@id":"https:\/\/www.esin.av.tr\/tr\/#\/schema\/person\/42c8e616aab56b8622fa365ad63282ae","name":"R\u0131dvan Konrat","image":{"@type":"ImageObject","inLanguage":"tr","@id":"https:\/\/www.esin.av.tr\/tr\/#\/schema\/person\/image\/","url":"https:\/\/secure.gravatar.com\/avatar\/b20c6c583be38ed4e76e32f69fccc676?s=96&d=mm&r=g","contentUrl":"https:\/\/secure.gravatar.com\/avatar\/b20c6c583be38ed4e76e32f69fccc676?s=96&d=mm&r=g","caption":"R\u0131dvan Konrat"},"sameAs":["http:\/\/www.esin.av.tr"],"url":"https:\/\/www.esin.av.tr\/tr\/author\/rkonrat\/"}]}},"_links":{"self":[{"href":"https:\/\/www.esin.av.tr\/tr\/wp-json\/wp\/v2\/posts\/28195","targetHints":{"allow":["GET"]}}],"collection":[{"href":"https:\/\/www.esin.av.tr\/tr\/wp-json\/wp\/v2\/posts"}],"about":[{"href":"https:\/\/www.esin.av.tr\/tr\/wp-json\/wp\/v2\/types\/post"}],"author":[{"embeddable":true,"href":"https:\/\/www.esin.av.tr\/tr\/wp-json\/wp\/v2\/users\/4"}],"replies":[{"embeddable":true,"href":"https:\/\/www.esin.av.tr\/tr\/wp-json\/wp\/v2\/comments?post=28195"}],"version-history":[{"count":1,"href":"https:\/\/www.esin.av.tr\/tr\/wp-json\/wp\/v2\/posts\/28195\/revisions"}],"predecessor-version":[{"id":28196,"href":"https:\/\/www.esin.av.tr\/tr\/wp-json\/wp\/v2\/posts\/28195\/revisions\/28196"}],"wp:attachment":[{"href":"https:\/\/www.esin.av.tr\/tr\/wp-json\/wp\/v2\/media?parent=28195"}],"wp:term":[{"taxonomy":"category","embeddable":true,"href":"https:\/\/www.esin.av.tr\/tr\/wp-json\/wp\/v2\/categories?post=28195"},{"taxonomy":"post_tag","embeddable":true,"href":"https:\/\/www.esin.av.tr\/tr\/wp-json\/wp\/v2\/tags?post=28195"}],"curies":[{"name":"wp","href":"https:\/\/api.w.org\/{rel}","templated":true}]}}