{"id":28108,"date":"2024-10-17T09:49:19","date_gmt":"2024-10-17T09:49:19","guid":{"rendered":"https:\/\/www.esin.av.tr\/?p=28108"},"modified":"2024-10-17T12:07:36","modified_gmt":"2024-10-17T12:07:36","slug":"anayasa-mahkemesi-karari-ile-internet-kanunu-yeniden-sekilleniyor","status":"publish","type":"post","link":"https:\/\/www.esin.av.tr\/tr\/2024\/10\/17\/anayasa-mahkemesi-karari-ile-internet-kanunu-yeniden-sekilleniyor\/","title":{"rendered":"Anayasa Mahkemesi Karar\u0131 ile \u0130nternet Kanunu Yeniden \u015eekilleniyor"},"content":{"rendered":"<p>5651 say\u0131l\u0131 \u0130nternet Ortam\u0131nda Yap\u0131lan Yay\u0131nlar\u0131n D\u00fczenlenmesi ve Bu Yay\u0131nlar Yoluyla \u0130\u015flenen Su\u00e7larla M\u00fccadele Edilmesi Hakk\u0131nda Kanun (&#8220;<strong>\u0130nternet Kanunu<\/strong>&#8220;) madde 8(4) ve (11)&#8217;i k\u0131smen, madde 9&#8217;u ise tamamen iptal eden Anayasa Mahkemesi&#8217;nin 11 Ekim 2023 tarihli ve 2020\/76 say\u0131l\u0131 karar\u0131 (&#8220;<strong>Karar<\/strong>&#8220;) 10 Ekim 2024 tarihinde y\u00fcr\u00fcrl\u00fc\u011fe girdi.<\/p>\n<p>Karar&#8217;da, Anayasa Mahkemesi, ilgili d\u00fczenlemelerin i\u00e7eri\u011fe eri\u015fimin s\u0131n\u0131rland\u0131r\u0131lmas\u0131 bak\u0131m\u0131ndan kademeli bir m\u00fcdahale y\u00f6ntemi sunmad\u0131\u011f\u0131n\u0131 vurgulam\u0131\u015ft\u0131r. Bu kapsamda, \u0130nternet Kanunu&#8217;nun (i) ki\u015filik haklar\u0131n\u0131n ihlali halinde eri\u015fimin engellenmesi\/i\u00e7eri\u011fin \u00e7\u0131kar\u0131lmas\u0131 rejimini d\u00fczenleyen 9. maddesi ile (ii) Bilgi Teknolojileri ve \u0130leti\u015fim Kurumu&#8217;nun (&#8220;<strong>BTK<\/strong>&#8220;) &#8220;i\u00e7eri\u011fin \u00e7\u0131kar\u0131lmas\u0131&#8221; karar\u0131 verme ve uyulmamas\u0131 halinde para cezas\u0131 uygulama yetkisini d\u00fczenleyen madde 8(4) ve (11)&#8217;in belirli b\u00f6l\u00fcmleri iptal edilmi\u015ftir.<\/p>\n<p>Karara <a href=\"https:\/\/urldefense.com\/v3\/__https:\/esinxchange.com\/collect\/click.aspx?u=L0Q0eGUwSHg5L2dMVUQ3ZFJjbDBmcWplaUtzZjVhdzZsQkMxSjd3LzZNcURNa3QxeGJvMWFSOStmb3BFVU9EQ2FUWGhsNVgybW9XM2dIejhLVDVVbHBhaWl0R0tuU3RiV0RKUzVLMUlXR25UQUl4Z0ZoSVhEaHBFamhYQ3dheFo=&amp;rh=ff00d719b7a40f6b91922e218b4d94a61800211e__;!!Hj9Y_P0nvg!WMWMxpan4QAo-Mxl8b3UiwBpoUp1exWz_-cjVf7I4eP4ZAqItdSLT-styDVvXaaEZ1zbB2qXLjTXkLIR9EvkWjoWSw$\">buradan<\/a> ula\u015fabilirsiniz.<\/p>\n<p><strong>\u0130ptal Edilen D\u00fczenlemeler<\/strong><\/p>\n<p>Karar ile katalog su\u00e7lar (\u00f6rne\u011fin m\u00fcstehcenlik, kumar oynanmas\u0131 i\u00e7in yer ve imkan sa\u011flama, uyu\u015fturucu veya uyar\u0131c\u0131 madde kullan\u0131lmas\u0131n\u0131 kolayla\u015ft\u0131rma, Atat\u00fcrk aleyhine i\u015flenen su\u00e7lar) ve ki\u015filik haklar\u0131n\u0131n ihlali ile ilgili i\u00e7eriklere y\u00f6nelik eri\u015fim engelleme tedbirlerini d\u00fczenleyen \u0130nternet Kanunu&#8217;nun 8(4), (11) ve 9. maddeleri k\u0131smen veya tamamen iptal edilmi\u015ftir.<\/p>\n<p>Anayasa Mahkemesi a\u015fa\u011f\u0131daki gerek\u00e7elerle ilgili d\u00fczenlemelerin iptaline karar vermi\u015ftir:<\/p>\n<p>&nbsp;<\/p>\n<table>\n<tbody>\n<tr>\n<td width=\"192\"><strong>Maddenin \u0130ptal \u00d6ncesi Hali<\/strong><\/td>\n<td width=\"223\"><strong>Maddenin \u0130ptal Sonras\u0131 Hali<\/strong><\/td>\n<td width=\"280\"><strong>Anayasa Mahkemesi&#8217;nin \u0130ptal Gerek\u00e7eleri<\/strong><\/td>\n<\/tr>\n<tr>\n<td colspan=\"2\" width=\"415\"><strong>\u0130nternet Kanunu Madde 8(4)<\/strong><\/td>\n<td width=\"280\"><\/td>\n<\/tr>\n<tr>\n<td width=\"192\">\u0130\u00e7eri\u011fi birinci f\u0131krada belirtilen su\u00e7lar\u0131 [katalog su\u00e7lar] olu\u015fturan\u00a0 yay\u0131nlara ili\u015fkin olarak i\u00e7eri\u011fin \u00e7\u0131kar\u0131lmas\u0131 ve\/veya eri\u015fimin engellenmesi karar\u0131 re&#8217;sen Ba\u015fkan [BTK Ba\u015fkan\u0131] taraf\u0131ndan verilir.<\/td>\n<td width=\"223\">\u0130\u00e7eri\u011fi birinci f\u0131krada belirtilen su\u00e7lar\u0131 olu\u015fturan [katalog su\u00e7lar]\u00a0 yay\u0131nlara ili\u015fkin olarak <span style=\"text-decoration: line-through;\">\u0130\u00e7eri\u011fin \u00e7\u0131kar\u0131lmas\u0131 ve\/veya<\/span> eri\u015fimin engellenmesi karar\u0131 re&#8217;sen Ba\u015fkan [BTK Ba\u015fkan\u0131] taraf\u0131ndan verilir.<\/td>\n<td rowspan=\"3\" width=\"280\">Anayasa Mahkemesi, idari bir makam olan BTK&#8217;n\u0131n hen\u00fcz kesinle\u015fmi\u015f bir mahkeme karar\u0131 olmaks\u0131z\u0131n kendi yapt\u0131\u011f\u0131 su\u00e7 tespitine dayal\u0131 olarak i\u00e7eri\u011fin \u00e7\u0131kar\u0131lmas\u0131 karar\u0131 verebilmesi ve bu karar\u0131n icra edilmemesi durumunda idari para cezas\u0131 uygulayabilmesinin Anayasa&#8217;n\u0131n adil yarg\u0131lanma hakk\u0131n\u0131 d\u00fczenleyen 36. maddesini ve masumiyet karinesini d\u00fczenleyen 38. maddesini ihlal etti\u011fini de\u011ferlendirmi\u015ftir.<\/td>\n<\/tr>\n<tr>\n<td colspan=\"2\" width=\"415\"><strong>\u0130nternet Kanunu Madde 8(11)<\/strong><\/td>\n<\/tr>\n<tr>\n<td width=\"192\">\u0130dar\u00ee tedbir olarak verilen\u00a0i\u00e7eri\u011fin \u00e7\u0131kar\u0131lmas\u0131 ve\/veya eri\u015fimin engellenmesi\u00a0karar\u0131n\u0131n yerine getirilmemesi halinde, Ba\u015fkan taraf\u0131ndan ilgili i\u00e7erik, yer ve eri\u015fim sa\u011flay\u0131c\u0131s\u0131na [\u2026] idar\u00ee para cezas\u0131 verilir. \u0130dar\u00ee para cezas\u0131n\u0131n verildi\u011fi andan itibaren yirmid\u00f6rt saat i\u00e7inde\u00a0eri\u015fim sa\u011flay\u0131c\u0131 taraf\u0131ndan\u00a0karar\u0131n yerine getirilmemesi halinde\u00a0Kurum taraf\u0131ndan yetkilendirmenin iptaline karar verilebilir.<\/td>\n<td width=\"223\">\u0130dar\u00ee tedbir olarak verilen\u00a0i\u00e7eri\u011fin \u00e7\u0131kar\u0131lmas\u0131 ve\/veya eri\u015fimin engellenmesi\u00a0karar\u0131n\u0131n yerine getirilmemesi halinde, Ba\u015fkan taraf\u0131ndan <span style=\"text-decoration: line-through;\">ilgili i\u00e7erik, yer ve eri\u015fim sa\u011flay\u0131c\u0131s\u0131na [\u2026]<\/span> idar\u00ee para cezas\u0131 verilir. \u0130dar\u00ee para cezas\u0131n\u0131n verildi\u011fi andan itibaren yirmid\u00f6rt saat i\u00e7inde\u00a0eri\u015fim sa\u011flay\u0131c\u0131 taraf\u0131ndan\u00a0karar\u0131n yerine getirilmemesi halinde\u00a0Kurum taraf\u0131ndan yetkilendirmenin iptaline karar verilebilir.<\/td>\n<\/tr>\n<tr>\n<td colspan=\"2\" width=\"415\"><strong>\u0130nternet Kanunu Madde 9<\/strong><\/td>\n<td width=\"280\"><\/td>\n<\/tr>\n<tr>\n<td width=\"192\"><em>9. maddedeki Temel D\u00fczenlemeler:<\/em><\/p>\n<p>\u0130nternet ortam\u0131nda yap\u0131lan yay\u0131n i\u00e7eri\u011fi nedeniyle ki\u015filik haklar\u0131n\u0131n ihlal edildi\u011fini iddia eden ger\u00e7ek ve t\u00fczel ki\u015filer ile kurum ve kurulu\u015flar, i\u00e7erik sa\u011flay\u0131c\u0131s\u0131na, buna ula\u015famamas\u0131 h\u00e2linde yer sa\u011flay\u0131c\u0131s\u0131na ba\u015fvurarak uyar\u0131 y\u00f6ntemi ile i\u00e7eri\u011fin yay\u0131ndan \u00e7\u0131kar\u0131lmas\u0131n\u0131 isteyebilece\u011fi gibi do\u011frudan sulh ceza h\u00e2kimine ba\u015fvurarak i\u00e7eri\u011fin \u00e7\u0131kar\u0131lmas\u0131n\u0131 ve\/veya eri\u015fimin engellenmesini de isteyebilir.<\/p>\n<p>\u0130nternet ortam\u0131nda yap\u0131lan yay\u0131n i\u00e7eri\u011fi nedeniyle ki\u015filik haklar\u0131 ihlal edilenlerin talepleri do\u011frultusunda h\u00e2kim, i\u00e7eri\u011fin \u00e7\u0131kar\u0131lmas\u0131na ve\/veya eri\u015fimin engellenmesine karar verebilir. Karar, yaln\u0131zca ihlalin ger\u00e7ekle\u015fti\u011fi k\u0131s\u0131m ile ilgili olarak verilir, ancak ihlalin engellenemedi\u011fi durumlarda internet sitesindeki t\u00fcm yay\u0131nlara y\u00f6nelik olarak eri\u015fim engellenmesine de karar verilebilir.<\/p>\n<p>\u0130\u00e7eri\u011fin \u00e7\u0131kar\u0131lmas\u0131 ve\/veya eri\u015fimin engellenmesi karar\u0131n\u0131n gere\u011fi derh\u00e2l, en ge\u00e7 d\u00f6rt saat i\u00e7inde ilgili i\u00e7erik ve yer sa\u011flay\u0131c\u0131lar ile eri\u015fim sa\u011flay\u0131c\u0131 taraf\u0131ndan yerine getirilir.<\/td>\n<td width=\"223\"><em>Maddenin tamam\u0131 iptal edilmi\u015ftir<\/em><\/td>\n<td width=\"280\">Anayasa Mahkemesi, \u00a09. maddenin;<\/p>\n<ol>\n<li>internet ortam\u0131nda yer alan belirli bir i\u00e7eri\u011fe eri\u015fimin s\u00fcresiz olarak engellenmesine sebep olmas\u0131 nedeniyle ki\u015filik haklar\u0131na yap\u0131lan sald\u0131r\u0131lara kar\u015f\u0131 internet yay\u0131nlar\u0131n\u0131n s\u0131n\u0131rlanmas\u0131na y\u00f6nelik kademeli bir m\u00fcdahale y\u00f6ntemi sunmad\u0131\u011f\u0131n\u0131,<\/li>\n<li>yarg\u0131lama hukukunun usule ili\u015fkin g\u00fcvencelerini sa\u011flamad\u0131\u011f\u0131 ve demokratik toplum d\u00fczeninin gereklerine uygun ve orant\u0131l\u0131 karar verilmesini sa\u011flayacak g\u00fcvenceleri bar\u0131nd\u0131rmad\u0131\u011f\u0131n\u0131 ve<\/li>\n<li>bu maddeye dayal\u0131 olarak verilen mahkeme kararlar\u0131n\u0131n gerek\u00e7esiz oldu\u011fu ve genel ifadeler i\u00e7erdi\u011fini<\/li>\n<\/ol>\n<p>belirterek maddenin Anayasa&#8217;n\u0131n ifade ve bas\u0131n \u00f6zg\u00fcrl\u00fc\u011f\u00fcn\u00fc d\u00fczenleyen 25. ve 26. maddelerini ihlal etti\u011fini de\u011ferlendirmi\u015ftir.<\/td>\n<\/tr>\n<\/tbody>\n<\/table>\n<p><strong>Sonu\u00e7<\/strong><\/p>\n<p>Karar, T\u00fcrkiye&#8217;nin internet hukuku mevzuat\u0131nda \u00f6nemli de\u011fi\u015fikliklere kap\u0131 aralam\u0131\u015ft\u0131r. Karar&#8217;\u0131n y\u00fcr\u00fcrl\u00fc\u011fe girmesiyle birlikte, internet ortam\u0131nda yer alan i\u00e7eriklerin denetlenmesine ili\u015fkin d\u00fczenlemelerin yeniden \u015fekillenmesi beklenmektedir. Bu kapsamda t\u00fcm \u015firketler, Karar&#8217;\u0131n uygulamadaki etkilerini yak\u0131ndan takip etmeli ve internet ortam\u0131nda yer alan i\u00e7eriklere ili\u015fkin d\u00fczenlemelere uygun hareket etmelidir.<\/p>\n","protected":false},"excerpt":{"rendered":"<p>5651 say\u0131l\u0131 \u0130nternet Ortam\u0131nda Yap\u0131lan Yay\u0131nlar\u0131n D\u00fczenlenmesi ve Bu Yay\u0131nlar Yoluyla \u0130\u015flenen Su\u00e7larla M\u00fccadele Edilmesi Hakk\u0131nda Kanun (&#8220;\u0130nternet Kanunu&#8220;) madde [&hellip;]<\/p>\n","protected":false},"author":4,"featured_media":0,"comment_status":"closed","ping_status":"closed","sticky":false,"template":"","format":"standard","meta":{"_acf_changed":false,"_stopmodifiedupdate":false,"_modified_date":"","footnotes":""},"categories":[120],"tags":[180],"class_list":["post-28108","post","type-post","status-publish","format-standard","hentry","category-legal-alerts","tag-fikri-mulkiyet-ve-teknoloji"],"acf":[],"yoast_head":"<!-- This site is optimized with the Yoast SEO plugin v24.0 - https:\/\/yoast.com\/wordpress\/plugins\/seo\/ -->\n<title>Anayasa Mahkemesi Karar\u0131 ile \u0130nternet Kanunu Yeniden \u015eekilleniyor<\/title>\n<meta name=\"description\" content=\"5651 say\u0131l\u0131 \u0130nternet Ortam\u0131nda Yap\u0131lan Yay\u0131nlar\u0131n D\u00fczenlenmesi ve Bu Yay\u0131nlar Yoluyla \u0130\u015flenen Su\u00e7larla M\u00fccadele Edilmesi Hakk\u0131nda Kanun (&quot;\u0130nternet\" \/>\n<meta name=\"robots\" content=\"index, follow, max-snippet:-1, max-image-preview:large, max-video-preview:-1\" \/>\n<link rel=\"canonical\" href=\"https:\/\/www.esin.av.tr\/tr\/2024\/10\/17\/anayasa-mahkemesi-karari-ile-internet-kanunu-yeniden-sekilleniyor\/\" \/>\n<meta property=\"og:locale\" content=\"tr_TR\" \/>\n<meta property=\"og:type\" content=\"article\" \/>\n<meta property=\"og:title\" content=\"Anayasa Mahkemesi Karar\u0131 ile \u0130nternet Kanunu Yeniden \u015eekilleniyor\" \/>\n<meta property=\"og:description\" content=\"5651 say\u0131l\u0131 \u0130nternet Ortam\u0131nda Yap\u0131lan Yay\u0131nlar\u0131n D\u00fczenlenmesi ve Bu Yay\u0131nlar Yoluyla \u0130\u015flenen Su\u00e7larla M\u00fccadele Edilmesi Hakk\u0131nda Kanun (&quot;\u0130nternet\" \/>\n<meta property=\"og:url\" content=\"https:\/\/www.esin.av.tr\/tr\/2024\/10\/17\/anayasa-mahkemesi-karari-ile-internet-kanunu-yeniden-sekilleniyor\/\" \/>\n<meta property=\"og:site_name\" content=\"Esin Avukatl\u0131k Ortakl\u0131\u011f\u0131\" \/>\n<meta property=\"article:published_time\" content=\"2024-10-17T09:49:19+00:00\" \/>\n<meta property=\"article:modified_time\" content=\"2024-10-17T12:07:36+00:00\" \/>\n<meta name=\"author\" content=\"R\u0131dvan Konrat\" \/>\n<meta name=\"twitter:card\" content=\"summary_large_image\" \/>\n<meta name=\"twitter:label1\" content=\"Written by\" \/>\n\t<meta name=\"twitter:data1\" content=\"R\u0131dvan Konrat\" \/>\n\t<meta name=\"twitter:label2\" content=\"Est. reading time\" \/>\n\t<meta name=\"twitter:data2\" content=\"5 minutes\" \/>\n<script type=\"application\/ld+json\" class=\"yoast-schema-graph\">{\"@context\":\"https:\/\/schema.org\",\"@graph\":[{\"@type\":\"Article\",\"@id\":\"https:\/\/www.esin.av.tr\/tr\/2024\/10\/17\/anayasa-mahkemesi-karari-ile-internet-kanunu-yeniden-sekilleniyor\/#article\",\"isPartOf\":{\"@id\":\"https:\/\/www.esin.av.tr\/tr\/2024\/10\/17\/anayasa-mahkemesi-karari-ile-internet-kanunu-yeniden-sekilleniyor\/\"},\"author\":{\"name\":\"R\u0131dvan Konrat\",\"@id\":\"https:\/\/www.esin.av.tr\/tr\/#\/schema\/person\/42c8e616aab56b8622fa365ad63282ae\"},\"headline\":\"Anayasa Mahkemesi Karar\u0131 ile \u0130nternet Kanunu Yeniden \u015eekilleniyor\",\"datePublished\":\"2024-10-17T09:49:19+00:00\",\"dateModified\":\"2024-10-17T12:07:36+00:00\",\"mainEntityOfPage\":{\"@id\":\"https:\/\/www.esin.av.tr\/tr\/2024\/10\/17\/anayasa-mahkemesi-karari-ile-internet-kanunu-yeniden-sekilleniyor\/\"},\"wordCount\":959,\"publisher\":{\"@id\":\"https:\/\/www.esin.av.tr\/tr\/#organization\"},\"keywords\":[\"Fikri M\u00fclkiyet ve Teknoloji\"],\"articleSection\":[\"Hukuk B\u00fcltenleri\"],\"inLanguage\":\"tr\"},{\"@type\":\"WebPage\",\"@id\":\"https:\/\/www.esin.av.tr\/tr\/2024\/10\/17\/anayasa-mahkemesi-karari-ile-internet-kanunu-yeniden-sekilleniyor\/\",\"url\":\"https:\/\/www.esin.av.tr\/tr\/2024\/10\/17\/anayasa-mahkemesi-karari-ile-internet-kanunu-yeniden-sekilleniyor\/\",\"name\":\"Anayasa Mahkemesi Karar\u0131 ile \u0130nternet Kanunu Yeniden \u015eekilleniyor\",\"isPartOf\":{\"@id\":\"https:\/\/www.esin.av.tr\/tr\/#website\"},\"datePublished\":\"2024-10-17T09:49:19+00:00\",\"dateModified\":\"2024-10-17T12:07:36+00:00\",\"description\":\"5651 say\u0131l\u0131 \u0130nternet Ortam\u0131nda Yap\u0131lan Yay\u0131nlar\u0131n D\u00fczenlenmesi ve Bu Yay\u0131nlar Yoluyla \u0130\u015flenen Su\u00e7larla M\u00fccadele Edilmesi Hakk\u0131nda Kanun (\\\"\u0130nternet\",\"breadcrumb\":{\"@id\":\"https:\/\/www.esin.av.tr\/tr\/2024\/10\/17\/anayasa-mahkemesi-karari-ile-internet-kanunu-yeniden-sekilleniyor\/#breadcrumb\"},\"inLanguage\":\"tr\",\"potentialAction\":[{\"@type\":\"ReadAction\",\"target\":[\"https:\/\/www.esin.av.tr\/tr\/2024\/10\/17\/anayasa-mahkemesi-karari-ile-internet-kanunu-yeniden-sekilleniyor\/\"]}]},{\"@type\":\"BreadcrumbList\",\"@id\":\"https:\/\/www.esin.av.tr\/tr\/2024\/10\/17\/anayasa-mahkemesi-karari-ile-internet-kanunu-yeniden-sekilleniyor\/#breadcrumb\",\"itemListElement\":[{\"@type\":\"ListItem\",\"position\":1,\"name\":\"Home\",\"item\":\"https:\/\/www.esin.av.tr\/tr\/\"},{\"@type\":\"ListItem\",\"position\":2,\"name\":\"Anayasa Mahkemesi Karar\u0131 ile \u0130nternet Kanunu Yeniden \u015eekilleniyor\"}]},{\"@type\":\"WebSite\",\"@id\":\"https:\/\/www.esin.av.tr\/tr\/#website\",\"url\":\"https:\/\/www.esin.av.tr\/tr\/\",\"name\":\"Esin Avukatl\u0131k Ortakl\u0131\u011f\u0131\",\"description\":\"\",\"publisher\":{\"@id\":\"https:\/\/www.esin.av.tr\/tr\/#organization\"},\"potentialAction\":[{\"@type\":\"SearchAction\",\"target\":{\"@type\":\"EntryPoint\",\"urlTemplate\":\"https:\/\/www.esin.av.tr\/tr\/?s={search_term_string}\"},\"query-input\":{\"@type\":\"PropertyValueSpecification\",\"valueRequired\":true,\"valueName\":\"search_term_string\"}}],\"inLanguage\":\"tr\"},{\"@type\":\"Organization\",\"@id\":\"https:\/\/www.esin.av.tr\/tr\/#organization\",\"name\":\"Esin Avukatl\u0131k Ortakl\u0131\u011f\u0131\",\"url\":\"https:\/\/www.esin.av.tr\/tr\/\",\"logo\":{\"@type\":\"ImageObject\",\"inLanguage\":\"tr\",\"@id\":\"https:\/\/www.esin.av.tr\/tr\/#\/schema\/logo\/image\/\",\"url\":\"https:\/\/www.esin.av.tr\/wp-content\/uploads\/2021\/09\/esin-2.jpg\",\"contentUrl\":\"https:\/\/www.esin.av.tr\/wp-content\/uploads\/2021\/09\/esin-2.jpg\",\"width\":800,\"height\":460,\"caption\":\"Esin Avukatl\u0131k Ortakl\u0131\u011f\u0131\"},\"image\":{\"@id\":\"https:\/\/www.esin.av.tr\/tr\/#\/schema\/logo\/image\/\"}},{\"@type\":\"Person\",\"@id\":\"https:\/\/www.esin.av.tr\/tr\/#\/schema\/person\/42c8e616aab56b8622fa365ad63282ae\",\"name\":\"R\u0131dvan Konrat\",\"image\":{\"@type\":\"ImageObject\",\"inLanguage\":\"tr\",\"@id\":\"https:\/\/www.esin.av.tr\/tr\/#\/schema\/person\/image\/\",\"url\":\"https:\/\/secure.gravatar.com\/avatar\/b20c6c583be38ed4e76e32f69fccc676?s=96&d=mm&r=g\",\"contentUrl\":\"https:\/\/secure.gravatar.com\/avatar\/b20c6c583be38ed4e76e32f69fccc676?s=96&d=mm&r=g\",\"caption\":\"R\u0131dvan Konrat\"},\"sameAs\":[\"http:\/\/www.esin.av.tr\"],\"url\":\"https:\/\/www.esin.av.tr\/tr\/author\/rkonrat\/\"}]}<\/script>\n<!-- \/ Yoast SEO plugin. -->","yoast_head_json":{"title":"Anayasa Mahkemesi Karar\u0131 ile \u0130nternet Kanunu Yeniden \u015eekilleniyor","description":"5651 say\u0131l\u0131 \u0130nternet Ortam\u0131nda Yap\u0131lan Yay\u0131nlar\u0131n D\u00fczenlenmesi ve Bu Yay\u0131nlar Yoluyla \u0130\u015flenen Su\u00e7larla M\u00fccadele Edilmesi Hakk\u0131nda Kanun (\"\u0130nternet","robots":{"index":"index","follow":"follow","max-snippet":"max-snippet:-1","max-image-preview":"max-image-preview:large","max-video-preview":"max-video-preview:-1"},"canonical":"https:\/\/www.esin.av.tr\/tr\/2024\/10\/17\/anayasa-mahkemesi-karari-ile-internet-kanunu-yeniden-sekilleniyor\/","og_locale":"tr_TR","og_type":"article","og_title":"Anayasa Mahkemesi Karar\u0131 ile \u0130nternet Kanunu Yeniden \u015eekilleniyor","og_description":"5651 say\u0131l\u0131 \u0130nternet Ortam\u0131nda Yap\u0131lan Yay\u0131nlar\u0131n D\u00fczenlenmesi ve Bu Yay\u0131nlar Yoluyla \u0130\u015flenen Su\u00e7larla M\u00fccadele Edilmesi Hakk\u0131nda Kanun (\"\u0130nternet","og_url":"https:\/\/www.esin.av.tr\/tr\/2024\/10\/17\/anayasa-mahkemesi-karari-ile-internet-kanunu-yeniden-sekilleniyor\/","og_site_name":"Esin Avukatl\u0131k Ortakl\u0131\u011f\u0131","article_published_time":"2024-10-17T09:49:19+00:00","article_modified_time":"2024-10-17T12:07:36+00:00","author":"R\u0131dvan Konrat","twitter_card":"summary_large_image","twitter_misc":{"Written by":"R\u0131dvan Konrat","Est. reading time":"5 minutes"},"schema":{"@context":"https:\/\/schema.org","@graph":[{"@type":"Article","@id":"https:\/\/www.esin.av.tr\/tr\/2024\/10\/17\/anayasa-mahkemesi-karari-ile-internet-kanunu-yeniden-sekilleniyor\/#article","isPartOf":{"@id":"https:\/\/www.esin.av.tr\/tr\/2024\/10\/17\/anayasa-mahkemesi-karari-ile-internet-kanunu-yeniden-sekilleniyor\/"},"author":{"name":"R\u0131dvan Konrat","@id":"https:\/\/www.esin.av.tr\/tr\/#\/schema\/person\/42c8e616aab56b8622fa365ad63282ae"},"headline":"Anayasa Mahkemesi Karar\u0131 ile \u0130nternet Kanunu Yeniden \u015eekilleniyor","datePublished":"2024-10-17T09:49:19+00:00","dateModified":"2024-10-17T12:07:36+00:00","mainEntityOfPage":{"@id":"https:\/\/www.esin.av.tr\/tr\/2024\/10\/17\/anayasa-mahkemesi-karari-ile-internet-kanunu-yeniden-sekilleniyor\/"},"wordCount":959,"publisher":{"@id":"https:\/\/www.esin.av.tr\/tr\/#organization"},"keywords":["Fikri M\u00fclkiyet ve Teknoloji"],"articleSection":["Hukuk B\u00fcltenleri"],"inLanguage":"tr"},{"@type":"WebPage","@id":"https:\/\/www.esin.av.tr\/tr\/2024\/10\/17\/anayasa-mahkemesi-karari-ile-internet-kanunu-yeniden-sekilleniyor\/","url":"https:\/\/www.esin.av.tr\/tr\/2024\/10\/17\/anayasa-mahkemesi-karari-ile-internet-kanunu-yeniden-sekilleniyor\/","name":"Anayasa Mahkemesi Karar\u0131 ile \u0130nternet Kanunu Yeniden \u015eekilleniyor","isPartOf":{"@id":"https:\/\/www.esin.av.tr\/tr\/#website"},"datePublished":"2024-10-17T09:49:19+00:00","dateModified":"2024-10-17T12:07:36+00:00","description":"5651 say\u0131l\u0131 \u0130nternet Ortam\u0131nda Yap\u0131lan Yay\u0131nlar\u0131n D\u00fczenlenmesi ve Bu Yay\u0131nlar Yoluyla \u0130\u015flenen Su\u00e7larla M\u00fccadele Edilmesi Hakk\u0131nda Kanun (\"\u0130nternet","breadcrumb":{"@id":"https:\/\/www.esin.av.tr\/tr\/2024\/10\/17\/anayasa-mahkemesi-karari-ile-internet-kanunu-yeniden-sekilleniyor\/#breadcrumb"},"inLanguage":"tr","potentialAction":[{"@type":"ReadAction","target":["https:\/\/www.esin.av.tr\/tr\/2024\/10\/17\/anayasa-mahkemesi-karari-ile-internet-kanunu-yeniden-sekilleniyor\/"]}]},{"@type":"BreadcrumbList","@id":"https:\/\/www.esin.av.tr\/tr\/2024\/10\/17\/anayasa-mahkemesi-karari-ile-internet-kanunu-yeniden-sekilleniyor\/#breadcrumb","itemListElement":[{"@type":"ListItem","position":1,"name":"Home","item":"https:\/\/www.esin.av.tr\/tr\/"},{"@type":"ListItem","position":2,"name":"Anayasa Mahkemesi Karar\u0131 ile \u0130nternet Kanunu Yeniden \u015eekilleniyor"}]},{"@type":"WebSite","@id":"https:\/\/www.esin.av.tr\/tr\/#website","url":"https:\/\/www.esin.av.tr\/tr\/","name":"Esin Avukatl\u0131k Ortakl\u0131\u011f\u0131","description":"","publisher":{"@id":"https:\/\/www.esin.av.tr\/tr\/#organization"},"potentialAction":[{"@type":"SearchAction","target":{"@type":"EntryPoint","urlTemplate":"https:\/\/www.esin.av.tr\/tr\/?s={search_term_string}"},"query-input":{"@type":"PropertyValueSpecification","valueRequired":true,"valueName":"search_term_string"}}],"inLanguage":"tr"},{"@type":"Organization","@id":"https:\/\/www.esin.av.tr\/tr\/#organization","name":"Esin Avukatl\u0131k Ortakl\u0131\u011f\u0131","url":"https:\/\/www.esin.av.tr\/tr\/","logo":{"@type":"ImageObject","inLanguage":"tr","@id":"https:\/\/www.esin.av.tr\/tr\/#\/schema\/logo\/image\/","url":"https:\/\/www.esin.av.tr\/wp-content\/uploads\/2021\/09\/esin-2.jpg","contentUrl":"https:\/\/www.esin.av.tr\/wp-content\/uploads\/2021\/09\/esin-2.jpg","width":800,"height":460,"caption":"Esin Avukatl\u0131k Ortakl\u0131\u011f\u0131"},"image":{"@id":"https:\/\/www.esin.av.tr\/tr\/#\/schema\/logo\/image\/"}},{"@type":"Person","@id":"https:\/\/www.esin.av.tr\/tr\/#\/schema\/person\/42c8e616aab56b8622fa365ad63282ae","name":"R\u0131dvan Konrat","image":{"@type":"ImageObject","inLanguage":"tr","@id":"https:\/\/www.esin.av.tr\/tr\/#\/schema\/person\/image\/","url":"https:\/\/secure.gravatar.com\/avatar\/b20c6c583be38ed4e76e32f69fccc676?s=96&d=mm&r=g","contentUrl":"https:\/\/secure.gravatar.com\/avatar\/b20c6c583be38ed4e76e32f69fccc676?s=96&d=mm&r=g","caption":"R\u0131dvan Konrat"},"sameAs":["http:\/\/www.esin.av.tr"],"url":"https:\/\/www.esin.av.tr\/tr\/author\/rkonrat\/"}]}},"_links":{"self":[{"href":"https:\/\/www.esin.av.tr\/tr\/wp-json\/wp\/v2\/posts\/28108","targetHints":{"allow":["GET"]}}],"collection":[{"href":"https:\/\/www.esin.av.tr\/tr\/wp-json\/wp\/v2\/posts"}],"about":[{"href":"https:\/\/www.esin.av.tr\/tr\/wp-json\/wp\/v2\/types\/post"}],"author":[{"embeddable":true,"href":"https:\/\/www.esin.av.tr\/tr\/wp-json\/wp\/v2\/users\/4"}],"replies":[{"embeddable":true,"href":"https:\/\/www.esin.av.tr\/tr\/wp-json\/wp\/v2\/comments?post=28108"}],"version-history":[{"count":2,"href":"https:\/\/www.esin.av.tr\/tr\/wp-json\/wp\/v2\/posts\/28108\/revisions"}],"predecessor-version":[{"id":28111,"href":"https:\/\/www.esin.av.tr\/tr\/wp-json\/wp\/v2\/posts\/28108\/revisions\/28111"}],"wp:attachment":[{"href":"https:\/\/www.esin.av.tr\/tr\/wp-json\/wp\/v2\/media?parent=28108"}],"wp:term":[{"taxonomy":"category","embeddable":true,"href":"https:\/\/www.esin.av.tr\/tr\/wp-json\/wp\/v2\/categories?post=28108"},{"taxonomy":"post_tag","embeddable":true,"href":"https:\/\/www.esin.av.tr\/tr\/wp-json\/wp\/v2\/tags?post=28108"}],"curies":[{"name":"wp","href":"https:\/\/api.w.org\/{rel}","templated":true}]}}