{"id":28064,"date":"2024-10-02T13:16:27","date_gmt":"2024-10-02T13:16:27","guid":{"rendered":"https:\/\/www.esin.av.tr\/?p=28064"},"modified":"2024-10-02T13:16:27","modified_gmt":"2024-10-02T13:16:27","slug":"turkiye-yesil-taksonomi-yonetmeligi-geliyor","status":"publish","type":"post","link":"https:\/\/www.esin.av.tr\/tr\/2024\/10\/02\/turkiye-yesil-taksonomi-yonetmeligi-geliyor\/","title":{"rendered":"T\u00fcrkiye Ye\u015fil Taksonomi Y\u00f6netmeli\u011fi Geliyor"},"content":{"rendered":"<p><strong>Yeni Geli\u015fmeler<\/strong><\/p>\n<p>T\u00fcrkiye Cumhuriyeti \u00c7evre, \u015eehircilik ve \u0130klim De\u011fi\u015fikli\u011fi Bakanl\u0131\u011f\u0131, s\u00fcrd\u00fcr\u00fclebilir kalk\u0131nma hedefleriyle uyumlu ekonomik faaliyetlerin desteklenmesi, s\u00fcrd\u00fcr\u00fclebilir yat\u0131r\u0131mlara finansman sa\u011flanmas\u0131n\u0131n te\u015fviki ve ye\u015file boyaman\u0131n \u00f6nlenmesi amac\u0131yla haz\u0131rlad\u0131\u011f\u0131 T\u00fcrkiye Ye\u015fil Taksonomi (\u201c<strong>Taksonomi<\/strong>\u201d) Y\u00f6netmeli\u011fi Tasla\u011f\u0131\u2019n\u0131 (\u201c<strong>Taslak Y\u00f6netmelik<\/strong>\u201d) g\u00f6r\u00fc\u015fe a\u00e7t\u0131. Taslak Y\u00f6netmelik\u2019e ili\u015fkin g\u00f6r\u00fc\u015flerinizi <a href=\"https:\/\/urldefense.com\/v3\/__https:\/esinxchange.com\/collect\/click.aspx?u=dkdQbXZiZEhlbklDKzZoUno5UysxTzRUeFU2b3dVenNOZFlRRWgrdGlVWUhZVm1ST1hLT0tPeThKK1hXOUxxSGJXcktBc1BoSVF1eHFPUEdGS2ljR1dNMXpXS1hWeHYv&amp;rh=ff00d5c0a33fa2732ac99f989a4bb4a4df273fca__;!!Hj9Y_P0nvg!TGR3bOC-7XLpafMan2Bzi7fXf--fI0WqnbaNOwdHEvJiUE4gFdqhqNH6ZlhDbVYNJQrEr_vHnu5_Fx5IElmd-wpraA$\">buradan<\/a> iletebilirsiniz.<\/p>\n<p><strong>Taslak Y\u00f6netmelik Neler Getiriyor?<\/strong><\/p>\n<p>Taslak Y\u00f6netmelik kapsam\u0131nda, Taksonomi\u2019de referans al\u0131nacak temel kriterler Taksonomi kapsam\u0131ndaki raporlama y\u00fck\u00fcml\u00fcl\u00fckleri ve Taksonomi\u2019den g\u00f6revli ve sorumlu kurumlar belirleniyor.<\/p>\n<p><em><strong>Taksonomi\u2019de Referans Al\u0131nacak Temel Kriterler<\/strong><\/em><\/p>\n<p>Taslak Y\u00f6netmelik\u2019te, sera gaz\u0131 emisyonlar\u0131n\u0131n azalt\u0131m\u0131, iklim de\u011fi\u015fikli\u011fine uyum, su ve deniz kaynaklar\u0131n\u0131n s\u00fcrd\u00fcr\u00fclebilir kullan\u0131m\u0131 ve korunmas\u0131, d\u00f6ng\u00fcsel ekonomiye ge\u00e7i\u015f, kirlili\u011fin \u00f6nlenmesi ve kontrol\u00fc ve biyo\u00e7e\u015fitlili\u011fin ve ekosistemlerin korunmas\u0131 ile restorasyonu, \u00e7evresel hedefler olarak belirleniyor ve bu hedeflere ula\u015fmada \u00f6nemli \u00f6l\u00e7\u00fcde katk\u0131 sa\u011flama anlam\u0131na gelen uygulamalara yer veriliyor. Taslak Y\u00f6netmelik ile birlikte, farkl\u0131 sekt\u00f6rden \u015firketlerin \u00e7evresel a\u00e7\u0131dan s\u00fcrd\u00fcr\u00fclebilir ekonomik faaliyetlerinin yeknesak kurallar kapsam\u0131nda s\u0131n\u0131fland\u0131r\u0131lmas\u0131na imkan veren ve bu \u015fekilde \u00e7evresel kayg\u0131lar ile hareket eden yat\u0131r\u0131mc\u0131lar i\u00e7in bir g\u00fcven ortam\u0131 yaratacak, ye\u015fil boyamay\u0131 azaltacak ve s\u00fcrd\u00fcr\u00fclebilir yat\u0131r\u0131mlar\u0131 art\u0131racak \u201cuyumlu ekonomik faaliyet\u201d tan\u0131m\u0131 mevzuat\u0131m\u0131za kazand\u0131r\u0131l\u0131yor. Bu kapsamda herhangi bir faaliyetin uyumlu ekonomik faaliyet olarak nitelendirilebilmesi i\u00e7in ise \u00e7evresel hedeflerden en az birine \u00f6nemli \u00f6l\u00e7\u00fcde katk\u0131 sa\u011flamas\u0131, Taslak Y\u00f6netmelik\u2019teki ba\u015fka hi\u00e7bir \u00e7evresel hedefe \u00f6nemli zarar vermemesi, Taslak Y\u00f6netmelik\u2019te bulunan asgari sosyal g\u00fcvenlik \u00f6nlemlerine uymas\u0131 ve Taslak Y\u00f6netmelik\u2019te yer alan teknik tarama kriterlerini sa\u011flamas\u0131 gerekecek. Uyumlu ekonomik faaliyet tan\u0131m\u0131 ile birlikte art\u0131k ye\u015fil yat\u0131r\u0131mlara \u00f6nem veren yat\u0131r\u0131mc\u0131lar\u0131n elinde \u015firketlerin bu alandaki performanslar\u0131n\u0131 kar\u015f\u0131la\u015ft\u0131rmak i\u00e7in kullanacaklar\u0131 \u00f6nemli bir ara\u00e7 olacak. Bu sayede, hangi ekonomik faaliyetlerin s\u00fcrd\u00fcr\u00fclebilir kalk\u0131nma hedefleriyle uyumlu oldu\u011fu netle\u015ftirilerek bu faaliyetlerde bulunan \u015firketlerin finansmana eri\u015fimi kolayla\u015ft\u0131r\u0131lacak.<\/p>\n<p><em><strong>Raporlama<\/strong><\/em><\/p>\n<p>T\u00fcrkiye S\u00fcrd\u00fcr\u00fclebilirlik Raporlama Standartlar\u0131 uyar\u0131nca s\u00fcrd\u00fcr\u00fclebilirlik raporlamas\u0131 yapmak zorunda olan kurum ve kurulu\u015flar\u0131n her y\u0131l sunacaklar\u0131 s\u00fcrd\u00fcr\u00fclebilirlik raporlar\u0131na ek olarak bir \u00f6nceki y\u0131lda y\u00fcr\u00fctt\u00fckleri uygun ekonomik faaliyetlerine y\u00f6nelik do\u011frulanm\u0131\u015f bilgileri, \u0130klim De\u011fi\u015fikli\u011fi Ba\u015fkanl\u0131\u011f\u0131\u2019n\u0131n (\u201c<strong>Ba\u015fkanl\u0131k<\/strong>\u201d) e-taksonomi sistemine kaydedece\u011fi \u00f6ng\u00f6r\u00fcl\u00fcyor.<sup>[1] <\/sup>Bu y\u00fck\u00fcml\u00fcl\u00fck 1 Ocak 2027\u2019de y\u00fcr\u00fcrl\u00fc\u011fe girecek olmakla birlikte 31 Aral\u0131k 2026\u2019ya kadar g\u00f6n\u00fcll\u00fcl\u00fck esas\u0131na g\u00f6re beyanda bulunulabilecek. Raporlama i\u00e7in gerekli olan bildirim, bilgi ve belge verme y\u00fck\u00fcml\u00fcl\u00fcklerini yerine getirmeyenlere ise 2872 say\u0131l\u0131 \u00c7evre Kanunu uyar\u0131nca idari para cezas\u0131 verilecek.<\/p>\n<p><em><strong>Taksonomi\u2019den Sorumlu Kurumlar<\/strong><\/em><\/p>\n<p>Ba\u015fkanl\u0131k, Ba\u015fkanl\u0131k\u2019\u0131n olu\u015fturaca\u011f\u0131 T\u00fcrkiye Ye\u015fil Taksonomi Komitesi (\u201c<strong>Komite<\/strong>\u201d) ve Komite taraf\u0131ndan olu\u015fturulacak Taksonomi teknik uzman grubu, Taksonomi\u2019nin g\u00f6revli ve sorumlu organlar\u0131 olarak belirleniyor. Bu kapsamda, ilgili organlar\u0131n, uygun ekonomik faaliyetleri ve teknik tarama kriterlerini belirleme, ilgili kriterlerin belirlenmesi kapsam\u0131nda sekt\u00f6r \u00f6zelinde teknik inceleme yapma ve rapor haz\u0131rlama gibi g\u00f6rev ve sorumluluklar\u0131 olacak.<\/p>\n<p><strong>Sonu\u00e7<\/strong><\/p>\n<p>Taslak Y\u00f6netmelik\u2019le T\u00fcrkiye, s\u00fcrd\u00fcr\u00fclebilir ekonomik faaliyetleri tan\u0131mlamak ve te\u015fvik etmek i\u00e7in taksonomi giri\u015fimlerini ba\u015flatan \u00fclkeler aras\u0131na giriyor. B\u00f6ylelikle, T\u00fcrkiye \u00e7evresel a\u00e7\u0131dan s\u00fcrd\u00fcr\u00fclebilir yat\u0131r\u0131mlar\u0131 belirleyen bir s\u0131n\u0131fland\u0131rma sistemine kavu\u015facak. Y\u00f6netmelik ile mevzuat\u0131n \u00e7e\u015fitli alanlar\u0131nda par\u00e7alar halinde kendine yer bulan s\u00fcrd\u00fcr\u00fclebilirlik, ilk defa bu denli kapsay\u0131c\u0131 \u015fekilde g\u00fcndeme gelmi\u015f olacak.<\/p>\n<p>&nbsp;<\/p>\n<p><sup>[1]<\/sup>\u00a0Hangi kurulu\u015flar\u0131n s\u00fcrd\u00fcr\u00fclebilirlik raporlamas\u0131 yapmas\u0131 gerekti\u011fine ili\u015fkin b\u00fcltenimize <a href=\"https:\/\/urldefense.com\/v3\/__https:\/esinxchange.com\/collect\/click.aspx?u=dkdQbXZiZEhlbklDKzZoUno5UysxTzRUeFU2b3dVenNOZFlRRWgrdGlVYjZQeG1ZQ29Ea0Nad1ZneXVWSWlZVUkxRFpVKy9tY3BLNzErTVVhVFl0WHhnZm9wVGpKTjg1TE5IOTlPTk9QZmtlNUlmRG5MRk9PTTl3V1Vad1BaaUEyVDRwZ2Uva2FDUklDd20xdDdjbXBRPT0=&amp;rh=ff00d5c0a33fa2732ac99f989a4bb4a4df273fca__;!!Hj9Y_P0nvg!TGR3bOC-7XLpafMan2Bzi7fXf--fI0WqnbaNOwdHEvJiUE4gFdqhqNH6ZlhDbVYNJQrEr_vHnu5_Fx5IElkrbgtvzw$\">buradan<\/a> ula\u015fabilirsiniz.<\/p>\n","protected":false},"excerpt":{"rendered":"<p>Yeni Geli\u015fmeler T\u00fcrkiye Cumhuriyeti \u00c7evre, \u015eehircilik ve \u0130klim De\u011fi\u015fikli\u011fi Bakanl\u0131\u011f\u0131, s\u00fcrd\u00fcr\u00fclebilir kalk\u0131nma hedefleriyle uyumlu ekonomik faaliyetlerin desteklenmesi, s\u00fcrd\u00fcr\u00fclebilir yat\u0131r\u0131mlara finansman [&hellip;]<\/p>\n","protected":false},"author":4,"featured_media":0,"comment_status":"closed","ping_status":"closed","sticky":false,"template":"","format":"standard","meta":{"_acf_changed":false,"_stopmodifiedupdate":false,"_modified_date":"","footnotes":""},"categories":[120],"tags":[90],"class_list":["post-28064","post","type-post","status-publish","format-standard","hentry","category-legal-alerts","tag-banking-finance-tr"],"acf":[],"yoast_head":"<!-- This site is optimized with the Yoast SEO plugin v24.0 - https:\/\/yoast.com\/wordpress\/plugins\/seo\/ -->\n<title>T\u00fcrkiye Ye\u015fil Taksonomi Y\u00f6netmeli\u011fi Geliyor<\/title>\n<meta name=\"description\" content=\"Yeni Geli\u015fmeler T\u00fcrkiye Cumhuriyeti \u00c7evre, \u015eehircilik ve \u0130klim De\u011fi\u015fikli\u011fi Bakanl\u0131\u011f\u0131, s\u00fcrd\u00fcr\u00fclebilir kalk\u0131nma hedefleriyle uyumlu ekonomik faaliyetlerin\" \/>\n<meta name=\"robots\" content=\"index, follow, max-snippet:-1, max-image-preview:large, max-video-preview:-1\" \/>\n<link rel=\"canonical\" href=\"https:\/\/www.esin.av.tr\/tr\/2024\/10\/02\/turkiye-yesil-taksonomi-yonetmeligi-geliyor\/\" \/>\n<meta property=\"og:locale\" content=\"tr_TR\" \/>\n<meta property=\"og:type\" content=\"article\" \/>\n<meta property=\"og:title\" content=\"T\u00fcrkiye Ye\u015fil Taksonomi Y\u00f6netmeli\u011fi Geliyor\" \/>\n<meta property=\"og:description\" content=\"Yeni Geli\u015fmeler T\u00fcrkiye Cumhuriyeti \u00c7evre, \u015eehircilik ve \u0130klim De\u011fi\u015fikli\u011fi Bakanl\u0131\u011f\u0131, s\u00fcrd\u00fcr\u00fclebilir kalk\u0131nma hedefleriyle uyumlu ekonomik faaliyetlerin\" \/>\n<meta property=\"og:url\" content=\"https:\/\/www.esin.av.tr\/tr\/2024\/10\/02\/turkiye-yesil-taksonomi-yonetmeligi-geliyor\/\" \/>\n<meta property=\"og:site_name\" content=\"Esin Avukatl\u0131k Ortakl\u0131\u011f\u0131\" \/>\n<meta property=\"article:published_time\" content=\"2024-10-02T13:16:27+00:00\" \/>\n<meta name=\"author\" content=\"R\u0131dvan Konrat\" \/>\n<meta name=\"twitter:card\" content=\"summary_large_image\" \/>\n<meta name=\"twitter:label1\" content=\"Written by\" \/>\n\t<meta name=\"twitter:data1\" content=\"R\u0131dvan Konrat\" \/>\n\t<meta name=\"twitter:label2\" content=\"Est. reading time\" \/>\n\t<meta name=\"twitter:data2\" content=\"4 minutes\" \/>\n<script type=\"application\/ld+json\" class=\"yoast-schema-graph\">{\"@context\":\"https:\/\/schema.org\",\"@graph\":[{\"@type\":\"Article\",\"@id\":\"https:\/\/www.esin.av.tr\/tr\/2024\/10\/02\/turkiye-yesil-taksonomi-yonetmeligi-geliyor\/#article\",\"isPartOf\":{\"@id\":\"https:\/\/www.esin.av.tr\/tr\/2024\/10\/02\/turkiye-yesil-taksonomi-yonetmeligi-geliyor\/\"},\"author\":{\"name\":\"R\u0131dvan Konrat\",\"@id\":\"https:\/\/www.esin.av.tr\/tr\/#\/schema\/person\/42c8e616aab56b8622fa365ad63282ae\"},\"headline\":\"T\u00fcrkiye Ye\u015fil Taksonomi Y\u00f6netmeli\u011fi Geliyor\",\"datePublished\":\"2024-10-02T13:16:27+00:00\",\"dateModified\":\"2024-10-02T13:16:27+00:00\",\"mainEntityOfPage\":{\"@id\":\"https:\/\/www.esin.av.tr\/tr\/2024\/10\/02\/turkiye-yesil-taksonomi-yonetmeligi-geliyor\/\"},\"wordCount\":713,\"publisher\":{\"@id\":\"https:\/\/www.esin.av.tr\/tr\/#organization\"},\"keywords\":[\"Bankac\u0131l\u0131k ve Finans\"],\"articleSection\":[\"Hukuk B\u00fcltenleri\"],\"inLanguage\":\"tr\"},{\"@type\":\"WebPage\",\"@id\":\"https:\/\/www.esin.av.tr\/tr\/2024\/10\/02\/turkiye-yesil-taksonomi-yonetmeligi-geliyor\/\",\"url\":\"https:\/\/www.esin.av.tr\/tr\/2024\/10\/02\/turkiye-yesil-taksonomi-yonetmeligi-geliyor\/\",\"name\":\"T\u00fcrkiye Ye\u015fil Taksonomi Y\u00f6netmeli\u011fi Geliyor\",\"isPartOf\":{\"@id\":\"https:\/\/www.esin.av.tr\/tr\/#website\"},\"datePublished\":\"2024-10-02T13:16:27+00:00\",\"dateModified\":\"2024-10-02T13:16:27+00:00\",\"description\":\"Yeni Geli\u015fmeler T\u00fcrkiye Cumhuriyeti \u00c7evre, \u015eehircilik ve \u0130klim De\u011fi\u015fikli\u011fi Bakanl\u0131\u011f\u0131, s\u00fcrd\u00fcr\u00fclebilir kalk\u0131nma hedefleriyle uyumlu ekonomik faaliyetlerin\",\"breadcrumb\":{\"@id\":\"https:\/\/www.esin.av.tr\/tr\/2024\/10\/02\/turkiye-yesil-taksonomi-yonetmeligi-geliyor\/#breadcrumb\"},\"inLanguage\":\"tr\",\"potentialAction\":[{\"@type\":\"ReadAction\",\"target\":[\"https:\/\/www.esin.av.tr\/tr\/2024\/10\/02\/turkiye-yesil-taksonomi-yonetmeligi-geliyor\/\"]}]},{\"@type\":\"BreadcrumbList\",\"@id\":\"https:\/\/www.esin.av.tr\/tr\/2024\/10\/02\/turkiye-yesil-taksonomi-yonetmeligi-geliyor\/#breadcrumb\",\"itemListElement\":[{\"@type\":\"ListItem\",\"position\":1,\"name\":\"Home\",\"item\":\"https:\/\/www.esin.av.tr\/tr\/\"},{\"@type\":\"ListItem\",\"position\":2,\"name\":\"T\u00fcrkiye Ye\u015fil Taksonomi Y\u00f6netmeli\u011fi Geliyor\"}]},{\"@type\":\"WebSite\",\"@id\":\"https:\/\/www.esin.av.tr\/tr\/#website\",\"url\":\"https:\/\/www.esin.av.tr\/tr\/\",\"name\":\"Esin Avukatl\u0131k Ortakl\u0131\u011f\u0131\",\"description\":\"\",\"publisher\":{\"@id\":\"https:\/\/www.esin.av.tr\/tr\/#organization\"},\"potentialAction\":[{\"@type\":\"SearchAction\",\"target\":{\"@type\":\"EntryPoint\",\"urlTemplate\":\"https:\/\/www.esin.av.tr\/tr\/?s={search_term_string}\"},\"query-input\":{\"@type\":\"PropertyValueSpecification\",\"valueRequired\":true,\"valueName\":\"search_term_string\"}}],\"inLanguage\":\"tr\"},{\"@type\":\"Organization\",\"@id\":\"https:\/\/www.esin.av.tr\/tr\/#organization\",\"name\":\"Esin Avukatl\u0131k Ortakl\u0131\u011f\u0131\",\"url\":\"https:\/\/www.esin.av.tr\/tr\/\",\"logo\":{\"@type\":\"ImageObject\",\"inLanguage\":\"tr\",\"@id\":\"https:\/\/www.esin.av.tr\/tr\/#\/schema\/logo\/image\/\",\"url\":\"https:\/\/www.esin.av.tr\/wp-content\/uploads\/2021\/09\/esin-2.jpg\",\"contentUrl\":\"https:\/\/www.esin.av.tr\/wp-content\/uploads\/2021\/09\/esin-2.jpg\",\"width\":800,\"height\":460,\"caption\":\"Esin Avukatl\u0131k Ortakl\u0131\u011f\u0131\"},\"image\":{\"@id\":\"https:\/\/www.esin.av.tr\/tr\/#\/schema\/logo\/image\/\"}},{\"@type\":\"Person\",\"@id\":\"https:\/\/www.esin.av.tr\/tr\/#\/schema\/person\/42c8e616aab56b8622fa365ad63282ae\",\"name\":\"R\u0131dvan Konrat\",\"image\":{\"@type\":\"ImageObject\",\"inLanguage\":\"tr\",\"@id\":\"https:\/\/www.esin.av.tr\/tr\/#\/schema\/person\/image\/\",\"url\":\"https:\/\/secure.gravatar.com\/avatar\/b20c6c583be38ed4e76e32f69fccc676?s=96&d=mm&r=g\",\"contentUrl\":\"https:\/\/secure.gravatar.com\/avatar\/b20c6c583be38ed4e76e32f69fccc676?s=96&d=mm&r=g\",\"caption\":\"R\u0131dvan Konrat\"},\"sameAs\":[\"http:\/\/www.esin.av.tr\"],\"url\":\"https:\/\/www.esin.av.tr\/tr\/author\/rkonrat\/\"}]}<\/script>\n<!-- \/ Yoast SEO plugin. -->","yoast_head_json":{"title":"T\u00fcrkiye Ye\u015fil Taksonomi Y\u00f6netmeli\u011fi Geliyor","description":"Yeni Geli\u015fmeler T\u00fcrkiye Cumhuriyeti \u00c7evre, \u015eehircilik ve \u0130klim De\u011fi\u015fikli\u011fi Bakanl\u0131\u011f\u0131, s\u00fcrd\u00fcr\u00fclebilir kalk\u0131nma hedefleriyle uyumlu ekonomik faaliyetlerin","robots":{"index":"index","follow":"follow","max-snippet":"max-snippet:-1","max-image-preview":"max-image-preview:large","max-video-preview":"max-video-preview:-1"},"canonical":"https:\/\/www.esin.av.tr\/tr\/2024\/10\/02\/turkiye-yesil-taksonomi-yonetmeligi-geliyor\/","og_locale":"tr_TR","og_type":"article","og_title":"T\u00fcrkiye Ye\u015fil Taksonomi Y\u00f6netmeli\u011fi Geliyor","og_description":"Yeni Geli\u015fmeler T\u00fcrkiye Cumhuriyeti \u00c7evre, \u015eehircilik ve \u0130klim De\u011fi\u015fikli\u011fi Bakanl\u0131\u011f\u0131, s\u00fcrd\u00fcr\u00fclebilir kalk\u0131nma hedefleriyle uyumlu ekonomik faaliyetlerin","og_url":"https:\/\/www.esin.av.tr\/tr\/2024\/10\/02\/turkiye-yesil-taksonomi-yonetmeligi-geliyor\/","og_site_name":"Esin Avukatl\u0131k Ortakl\u0131\u011f\u0131","article_published_time":"2024-10-02T13:16:27+00:00","author":"R\u0131dvan Konrat","twitter_card":"summary_large_image","twitter_misc":{"Written by":"R\u0131dvan Konrat","Est. reading time":"4 minutes"},"schema":{"@context":"https:\/\/schema.org","@graph":[{"@type":"Article","@id":"https:\/\/www.esin.av.tr\/tr\/2024\/10\/02\/turkiye-yesil-taksonomi-yonetmeligi-geliyor\/#article","isPartOf":{"@id":"https:\/\/www.esin.av.tr\/tr\/2024\/10\/02\/turkiye-yesil-taksonomi-yonetmeligi-geliyor\/"},"author":{"name":"R\u0131dvan Konrat","@id":"https:\/\/www.esin.av.tr\/tr\/#\/schema\/person\/42c8e616aab56b8622fa365ad63282ae"},"headline":"T\u00fcrkiye Ye\u015fil Taksonomi Y\u00f6netmeli\u011fi Geliyor","datePublished":"2024-10-02T13:16:27+00:00","dateModified":"2024-10-02T13:16:27+00:00","mainEntityOfPage":{"@id":"https:\/\/www.esin.av.tr\/tr\/2024\/10\/02\/turkiye-yesil-taksonomi-yonetmeligi-geliyor\/"},"wordCount":713,"publisher":{"@id":"https:\/\/www.esin.av.tr\/tr\/#organization"},"keywords":["Bankac\u0131l\u0131k ve Finans"],"articleSection":["Hukuk B\u00fcltenleri"],"inLanguage":"tr"},{"@type":"WebPage","@id":"https:\/\/www.esin.av.tr\/tr\/2024\/10\/02\/turkiye-yesil-taksonomi-yonetmeligi-geliyor\/","url":"https:\/\/www.esin.av.tr\/tr\/2024\/10\/02\/turkiye-yesil-taksonomi-yonetmeligi-geliyor\/","name":"T\u00fcrkiye Ye\u015fil Taksonomi Y\u00f6netmeli\u011fi Geliyor","isPartOf":{"@id":"https:\/\/www.esin.av.tr\/tr\/#website"},"datePublished":"2024-10-02T13:16:27+00:00","dateModified":"2024-10-02T13:16:27+00:00","description":"Yeni Geli\u015fmeler T\u00fcrkiye Cumhuriyeti \u00c7evre, \u015eehircilik ve \u0130klim De\u011fi\u015fikli\u011fi Bakanl\u0131\u011f\u0131, s\u00fcrd\u00fcr\u00fclebilir kalk\u0131nma hedefleriyle uyumlu ekonomik faaliyetlerin","breadcrumb":{"@id":"https:\/\/www.esin.av.tr\/tr\/2024\/10\/02\/turkiye-yesil-taksonomi-yonetmeligi-geliyor\/#breadcrumb"},"inLanguage":"tr","potentialAction":[{"@type":"ReadAction","target":["https:\/\/www.esin.av.tr\/tr\/2024\/10\/02\/turkiye-yesil-taksonomi-yonetmeligi-geliyor\/"]}]},{"@type":"BreadcrumbList","@id":"https:\/\/www.esin.av.tr\/tr\/2024\/10\/02\/turkiye-yesil-taksonomi-yonetmeligi-geliyor\/#breadcrumb","itemListElement":[{"@type":"ListItem","position":1,"name":"Home","item":"https:\/\/www.esin.av.tr\/tr\/"},{"@type":"ListItem","position":2,"name":"T\u00fcrkiye Ye\u015fil Taksonomi Y\u00f6netmeli\u011fi Geliyor"}]},{"@type":"WebSite","@id":"https:\/\/www.esin.av.tr\/tr\/#website","url":"https:\/\/www.esin.av.tr\/tr\/","name":"Esin Avukatl\u0131k Ortakl\u0131\u011f\u0131","description":"","publisher":{"@id":"https:\/\/www.esin.av.tr\/tr\/#organization"},"potentialAction":[{"@type":"SearchAction","target":{"@type":"EntryPoint","urlTemplate":"https:\/\/www.esin.av.tr\/tr\/?s={search_term_string}"},"query-input":{"@type":"PropertyValueSpecification","valueRequired":true,"valueName":"search_term_string"}}],"inLanguage":"tr"},{"@type":"Organization","@id":"https:\/\/www.esin.av.tr\/tr\/#organization","name":"Esin Avukatl\u0131k Ortakl\u0131\u011f\u0131","url":"https:\/\/www.esin.av.tr\/tr\/","logo":{"@type":"ImageObject","inLanguage":"tr","@id":"https:\/\/www.esin.av.tr\/tr\/#\/schema\/logo\/image\/","url":"https:\/\/www.esin.av.tr\/wp-content\/uploads\/2021\/09\/esin-2.jpg","contentUrl":"https:\/\/www.esin.av.tr\/wp-content\/uploads\/2021\/09\/esin-2.jpg","width":800,"height":460,"caption":"Esin Avukatl\u0131k Ortakl\u0131\u011f\u0131"},"image":{"@id":"https:\/\/www.esin.av.tr\/tr\/#\/schema\/logo\/image\/"}},{"@type":"Person","@id":"https:\/\/www.esin.av.tr\/tr\/#\/schema\/person\/42c8e616aab56b8622fa365ad63282ae","name":"R\u0131dvan Konrat","image":{"@type":"ImageObject","inLanguage":"tr","@id":"https:\/\/www.esin.av.tr\/tr\/#\/schema\/person\/image\/","url":"https:\/\/secure.gravatar.com\/avatar\/b20c6c583be38ed4e76e32f69fccc676?s=96&d=mm&r=g","contentUrl":"https:\/\/secure.gravatar.com\/avatar\/b20c6c583be38ed4e76e32f69fccc676?s=96&d=mm&r=g","caption":"R\u0131dvan Konrat"},"sameAs":["http:\/\/www.esin.av.tr"],"url":"https:\/\/www.esin.av.tr\/tr\/author\/rkonrat\/"}]}},"_links":{"self":[{"href":"https:\/\/www.esin.av.tr\/tr\/wp-json\/wp\/v2\/posts\/28064","targetHints":{"allow":["GET"]}}],"collection":[{"href":"https:\/\/www.esin.av.tr\/tr\/wp-json\/wp\/v2\/posts"}],"about":[{"href":"https:\/\/www.esin.av.tr\/tr\/wp-json\/wp\/v2\/types\/post"}],"author":[{"embeddable":true,"href":"https:\/\/www.esin.av.tr\/tr\/wp-json\/wp\/v2\/users\/4"}],"replies":[{"embeddable":true,"href":"https:\/\/www.esin.av.tr\/tr\/wp-json\/wp\/v2\/comments?post=28064"}],"version-history":[{"count":1,"href":"https:\/\/www.esin.av.tr\/tr\/wp-json\/wp\/v2\/posts\/28064\/revisions"}],"predecessor-version":[{"id":28065,"href":"https:\/\/www.esin.av.tr\/tr\/wp-json\/wp\/v2\/posts\/28064\/revisions\/28065"}],"wp:attachment":[{"href":"https:\/\/www.esin.av.tr\/tr\/wp-json\/wp\/v2\/media?parent=28064"}],"wp:term":[{"taxonomy":"category","embeddable":true,"href":"https:\/\/www.esin.av.tr\/tr\/wp-json\/wp\/v2\/categories?post=28064"},{"taxonomy":"post_tag","embeddable":true,"href":"https:\/\/www.esin.av.tr\/tr\/wp-json\/wp\/v2\/tags?post=28064"}],"curies":[{"name":"wp","href":"https:\/\/api.w.org\/{rel}","templated":true}]}}