{"id":28030,"date":"2024-09-20T11:19:05","date_gmt":"2024-09-20T11:19:05","guid":{"rendered":"https:\/\/www.esin.av.tr\/?p=28030"},"modified":"2024-09-20T17:04:23","modified_gmt":"2024-09-20T17:04:23","slug":"spk-buyuk-halka-arzlari-kolaylastirdi","status":"publish","type":"post","link":"https:\/\/www.esin.av.tr\/tr\/2024\/09\/20\/spk-buyuk-halka-arzlari-kolaylastirdi\/","title":{"rendered":"SPK B\u00fcy\u00fck Halka Arzlar\u0131 Kolayla\u015ft\u0131rd\u0131"},"content":{"rendered":"<h3 style=\"text-align: left;\"><strong>Yeni geli\u015fmeler<\/strong><\/h3>\n<p>Sermaye Piyasas\u0131 Kurulu (\u201c<strong>SPK<\/strong>\u201d), i-SPK.128.23 (19 Eyl\u00fcl 2024 tarih ve 1508 s.k.) say\u0131l\u0131 \u0130lke Karar\u0131 (&#8220;<strong>\u0130lke Karar\u0131<\/strong>&#8220;) ile yat\u0131r\u0131mc\u0131 taleplerinin y\u00fcksek oranda kar\u015f\u0131lanmas\u0131 amac\u0131yla, kullan\u0131lacak sat\u0131\u015f y\u00f6ntemleri ve da\u011f\u0131t\u0131m esaslar\u0131nda \u00f6nemli de\u011fi\u015fiklikler yapt\u0131. \u0130lke Karar\u0131&#8217;n\u0131n yay\u0131mland\u0131\u011f\u0131 SPK B\u00fclteni&#8217;ne <a href=\"https:\/\/urldefense.com\/v3\/__https:\/esinxchange.com\/collect\/click.aspx?u=b3VkMGVDQjF2VDZQTS9nNW1ZYUhNWm04TjlsU1VlaVY5bjdpeXBmdG5ZRVRLdzdUOE55VjhIVFRSMFBJcit6QkRmamNJaklpTXRVdkNKMEJTUTF3UDE1Y2JCSnVxZVpHTEluYTZTYmxLeDlqQW55R0ZuMGthQ1Zmb0pocG0xc1g=&amp;rh=ff00d4af613814f214505c20b845bf1b46c837c3__;!!Hj9Y_P0nvg!WIcKIEhghBjPK6UA90kXZOgqRcZKOFAcYwIfosce_HvMP0aDCfrm9nUSCsTeySPcZSLfuP2GI8lmZV0-pNUe0xKjgw$\">buradan<\/a> eri\u015febilirsiniz.<\/p>\n<p>\u0130lke Karar\u0131 ile birlikte SPK, konuya ili\u015fkin alm\u0131\u015f oldu\u011fu i-SPK-128.21 (30 Mart 2023 tarihli ve 20\/412 s.k.) say\u0131l\u0131 ilke karar\u0131n\u0131 (\u201c<strong>Eski \u0130lke Karar\u0131<\/strong>\u201d) y\u00fcr\u00fcrl\u00fckten kald\u0131rd\u0131. Bununla birlikte Eski \u0130lke Karar\u0131\u2019nda yer alan bir\u00e7ok d\u00fczenlemenin \u0130lke Karar\u0131 kapsam\u0131nda da korundu\u011funa dikkat \u00e7ekmek gerekiyor.<\/p>\n<h3><strong>De\u011fi\u015fiklikler ne getiriyor?<\/strong><\/h3>\n<p>\u0130lke Karar\u0131 uyar\u0131nca, ilk halka arzlar a\u015fa\u011f\u0131daki kurallara t\u00e2bi olacak:<\/p>\n<p>1) Eski \u0130lke Karar\u0131\u2019nda yer alan halka arz edilen paylar\u0131n piyasa de\u011ferinin 750.000.000 TL ve alt\u0131 olmas\u0131 durumunda yaln\u0131zca borsada sat\u0131\u015f y\u00f6ntemi uygulanabilece\u011fine ili\u015fkin d\u00fczenleme uygulanmaya devam edecek.<\/p>\n<p>2)\u00a0\u0130lke Karar\u0131 ile birlikte halka arz edilen paylar\u0131n piyasa de\u011ferinin 750.000.000 TL ve \u00fczeri olmas\u0131 ve borsa d\u0131\u015f\u0131nda talep toplama yoluyla sat\u0131\u015f y\u00f6nteminin kullan\u0131lmas\u0131 durumunda ise a\u015fa\u011f\u0131daki kurallar ge\u00e7erli olacak:<\/p>\n<ol>\n<li>Yurt i\u00e7i bireysel yat\u0131r\u0131mc\u0131 grubundaki yat\u0131r\u0131mc\u0131lar aras\u0131nda e\u015fit da\u011f\u0131t\u0131m yap\u0131lacak, oransal da\u011f\u0131t\u0131m ger\u00e7ekle\u015ftirilemeyecek.<\/li>\n<li>Bununla birlikte, izahnamede tan\u0131mlanmas\u0131 \u015fart\u0131yla, kurumsal yat\u0131r\u0131mc\u0131 grubu d\u0131\u015f\u0131nda kalan y\u00fcksek talepte bulunacak yat\u0131r\u0131mc\u0131 grubu i\u00e7in halka arz edilecek toplam tutar\u0131n %10\u2019una kadar tahsisat yap\u0131labilecek. Bu tahsisat grubu i\u00e7in e\u015fit da\u011f\u0131t\u0131m veya oransal da\u011f\u0131t\u0131m y\u00f6ntemi uygulanabilecek. Oransal da\u011f\u0131t\u0131m y\u00f6nteminin kullan\u0131lmas\u0131 durumunda, talepte bulunulan tutar\u0131n tamam\u0131 kadar nakit ve\/veya %120\u2019si oran\u0131nda B\u0130ST 30 endeksinde yer alan pay teminat\u0131 g\u00f6sterilmesi gerekecek. Yat\u0131r\u0131mc\u0131 baz\u0131nda, talepte bulunulabilecek pay tutar\u0131, gruba tahsis edilen toplam pay tutar\u0131n\u0131n d\u00f6rtte birini ge\u00e7emeyecek.<\/li>\n<li>Yeterli talep olmas\u0131 halinde, yurt i\u00e7i kurumsal yat\u0131r\u0131mc\u0131lar i\u00e7in tahsis edilen pay tutar\u0131n\u0131n en az %50\u2019sinin yat\u0131r\u0131m fonlar\u0131na, emeklilik yat\u0131r\u0131m fonlar\u0131na ve\/veya otomatik kat\u0131l\u0131m sistemi emeklilik yat\u0131r\u0131m fonlar\u0131na da\u011f\u0131t\u0131lmas\u0131 ve her bir kurumsal yat\u0131r\u0131mc\u0131 bak\u0131m\u0131ndan da\u011f\u0131t\u0131lacak pay tutar\u0131n\u0131n, halka arz edilen paylar\u0131n toplam tutar\u0131n\u0131n %1&#8217;ini a\u015fmamas\u0131 esas olacak.<\/li>\n<li>Talep toplama s\u00fcresi sonunda bir yat\u0131r\u0131mc\u0131 grubuna tahsis edilen tutar\u0131 kar\u015f\u0131layacak tutarda talep gelmesi durumunda, an\u0131lan grubun tahsisat oran\u0131ndan di\u011fer gruplara kayd\u0131rma yap\u0131lamayacak. Yeterli talep gelmeyen yat\u0131r\u0131mc\u0131 grubu olmas\u0131 durumunda ise kalan k\u0131s\u0131m serbest\u00e7e di\u011fer gruplara aktar\u0131labilecek. B\u00f6ylece, \u0130lke Karar\u0131 ile birlikte, fazla tahsisat\u0131n \u00f6ncelikle yurt i\u00e7i bireysel yat\u0131r\u0131mc\u0131 grubuna aktar\u0131lmas\u0131na ili\u015fkin d\u00fczenleme kald\u0131r\u0131ld\u0131.<\/li>\n<li>Yurt d\u0131\u015f\u0131 yat\u0131r\u0131mc\u0131 grubunda yap\u0131lacak da\u011f\u0131t\u0131mlarda, yukar\u0131da yer alan di\u011fer da\u011f\u0131t\u0131m esaslar\u0131na ili\u015fkin h\u00fck\u00fcmleri dolanmaya veya bertaraf etmeye y\u00f6nelik da\u011f\u0131t\u0131m yap\u0131lmas\u0131 halinde, (\u00f6r. yurt i\u00e7inde mukim ger\u00e7ek veya t\u00fczel ki\u015filerin, yurt d\u0131\u015f\u0131nda sahip olduklar\u0131 fon veya di\u011fer t\u00fczel ki\u015filiklere da\u011f\u0131t\u0131m yap\u0131lmas\u0131) ihra\u00e7\u00e7\u0131 ve halka arza arac\u0131l\u0131k eden yetkili kurulu\u015f (konsorsiyum olu\u015fturulmas\u0131 durumunda konsorsiyum lideri) sorumlu olacak. ihra\u00e7\u00e7\u0131 ve halka arza arac\u0131l\u0131k eden yetkili kurulu\u015f\/konsorsiyum lideri, yukar\u0131da yer alan h\u00fckme uyum sa\u011flayaca\u011f\u0131 ve yurt d\u0131\u015f\u0131 yat\u0131r\u0131mc\u0131lar hakk\u0131nda gerekli incelemeyi yapaca\u011f\u0131na dair SPK\u2019ya \u00a0taahh\u00fctname verecek.<\/li>\n<\/ol>\n<p>3) Eski \u0130lke Karar\u0131\u2019nda yer alan kurumsal yat\u0131r\u0131mc\u0131lar\u0131n kendi portf\u00f6yleri i\u00e7in ald\u0131klar\u0131 paylar\u0131 hi\u00e7bir suretle bireysel yat\u0131r\u0131mc\u0131 hesaplar\u0131na aktaramayaca\u011f\u0131na ili\u015fkin d\u00fczenleme ayn\u0131 \u015fekilde uygulanmaya devam edecek.<\/p>\n<p>4) Yine, Eski \u0130lke Karar\u0131\u2019nda da d\u00fczenlendi\u011fi \u00fczere, da\u011f\u0131t\u0131mdan pay alan yat\u0131r\u0131mc\u0131lar, hesaplar\u0131na aktar\u0131lan paylar\u0131, paylar hesaplar\u0131na ge\u00e7ti\u011fi tarihten itibaren 90 g\u00fcn boyunca borsa d\u0131\u015f\u0131nda satamayacak, ba\u015fka yat\u0131r\u0131mc\u0131 hesaplar\u0131na virmanlayamayacak veya borsada \u00f6zel emir ile ve\/veya toptan sat\u0131\u015f i\u015flemine konu edemeyecek. Paylar\u0131 halka arz edilen ortakl\u0131\u011f\u0131n mevcut ortaklar\u0131n\u0131n sahip olduklar\u0131 paylar i\u00e7in, halka arz edilen k\u0131s\u0131m hari\u00e7 olmak \u00fczere, bu k\u0131s\u0131tlama, izahname onay tarihinden itibaren 180 g\u00fcn boyunca ve borsada sat\u0131\u015f\u0131 da kapsayacak \u015fekilde uygulanacak.<\/p>\n<h3><strong>Sonu\u00e7<\/strong><\/h3>\n<p>\u0130lke Karar\u0131 y\u00fcksek talepte bulunacak yat\u0131r\u0131mc\u0131lar ve yurt i\u00e7i kurumsal yat\u0131r\u0131mc\u0131lara yap\u0131lacak tahsisat ve da\u011f\u0131t\u0131m i\u00e7in yeni d\u00fczenlemeler \u00f6ng\u00f6rerek b\u00fcy\u00fck halka arzlar\u0131n yap\u0131lmas\u0131n\u0131 kolayla\u015ft\u0131r\u0131yor.<\/p>\n","protected":false},"excerpt":{"rendered":"<p>Yeni geli\u015fmeler Sermaye Piyasas\u0131 Kurulu (\u201cSPK\u201d), i-SPK.128.23 (19 Eyl\u00fcl 2024 tarih ve 1508 s.k.) say\u0131l\u0131 \u0130lke Karar\u0131 (&#8220;\u0130lke Karar\u0131&#8220;) ile [&hellip;]<\/p>\n","protected":false},"author":4,"featured_media":0,"comment_status":"closed","ping_status":"closed","sticky":false,"template":"","format":"standard","meta":{"_acf_changed":false,"_stopmodifiedupdate":false,"_modified_date":"","footnotes":""},"categories":[120],"tags":[97],"class_list":["post-28030","post","type-post","status-publish","format-standard","hentry","category-legal-alerts","tag-capital-markets-tr"],"acf":[],"yoast_head":"<!-- This site is optimized with the Yoast SEO plugin v24.0 - https:\/\/yoast.com\/wordpress\/plugins\/seo\/ -->\n<title>SPK B\u00fcy\u00fck Halka Arzlar\u0131 Kolayla\u015ft\u0131rd\u0131<\/title>\n<meta name=\"description\" content=\"Yeni geli\u015fmeler Sermaye Piyasas\u0131 Kurulu (\u201cSPK\u201d), i-SPK.128.23 (19 Eyl\u00fcl 2024 tarih ve 1508 s.k.) say\u0131l\u0131 \u0130lke Karar\u0131 (&quot;\u0130lke Karar\u0131&quot;) ile yat\u0131r\u0131mc\u0131\" \/>\n<meta name=\"robots\" content=\"index, follow, max-snippet:-1, max-image-preview:large, max-video-preview:-1\" \/>\n<link rel=\"canonical\" href=\"https:\/\/www.esin.av.tr\/tr\/2024\/09\/20\/spk-buyuk-halka-arzlari-kolaylastirdi\/\" \/>\n<meta property=\"og:locale\" content=\"tr_TR\" \/>\n<meta property=\"og:type\" content=\"article\" \/>\n<meta property=\"og:title\" content=\"SPK B\u00fcy\u00fck Halka Arzlar\u0131 Kolayla\u015ft\u0131rd\u0131\" \/>\n<meta property=\"og:description\" content=\"Yeni geli\u015fmeler Sermaye Piyasas\u0131 Kurulu (\u201cSPK\u201d), i-SPK.128.23 (19 Eyl\u00fcl 2024 tarih ve 1508 s.k.) say\u0131l\u0131 \u0130lke Karar\u0131 (&quot;\u0130lke Karar\u0131&quot;) ile yat\u0131r\u0131mc\u0131\" \/>\n<meta property=\"og:url\" content=\"https:\/\/www.esin.av.tr\/tr\/2024\/09\/20\/spk-buyuk-halka-arzlari-kolaylastirdi\/\" \/>\n<meta property=\"og:site_name\" content=\"Esin Avukatl\u0131k Ortakl\u0131\u011f\u0131\" \/>\n<meta property=\"article:published_time\" content=\"2024-09-20T11:19:05+00:00\" \/>\n<meta property=\"article:modified_time\" content=\"2024-09-20T17:04:23+00:00\" \/>\n<meta name=\"author\" content=\"R\u0131dvan Konrat\" \/>\n<meta name=\"twitter:card\" content=\"summary_large_image\" \/>\n<meta name=\"twitter:label1\" content=\"Written by\" \/>\n\t<meta name=\"twitter:data1\" content=\"R\u0131dvan Konrat\" \/>\n\t<meta name=\"twitter:label2\" content=\"Est. reading time\" \/>\n\t<meta name=\"twitter:data2\" content=\"4 minutes\" \/>\n<script type=\"application\/ld+json\" class=\"yoast-schema-graph\">{\"@context\":\"https:\/\/schema.org\",\"@graph\":[{\"@type\":\"Article\",\"@id\":\"https:\/\/www.esin.av.tr\/tr\/2024\/09\/20\/spk-buyuk-halka-arzlari-kolaylastirdi\/#article\",\"isPartOf\":{\"@id\":\"https:\/\/www.esin.av.tr\/tr\/2024\/09\/20\/spk-buyuk-halka-arzlari-kolaylastirdi\/\"},\"author\":{\"name\":\"R\u0131dvan Konrat\",\"@id\":\"https:\/\/www.esin.av.tr\/tr\/#\/schema\/person\/42c8e616aab56b8622fa365ad63282ae\"},\"headline\":\"SPK B\u00fcy\u00fck Halka Arzlar\u0131 Kolayla\u015ft\u0131rd\u0131\",\"datePublished\":\"2024-09-20T11:19:05+00:00\",\"dateModified\":\"2024-09-20T17:04:23+00:00\",\"mainEntityOfPage\":{\"@id\":\"https:\/\/www.esin.av.tr\/tr\/2024\/09\/20\/spk-buyuk-halka-arzlari-kolaylastirdi\/\"},\"wordCount\":826,\"publisher\":{\"@id\":\"https:\/\/www.esin.av.tr\/tr\/#organization\"},\"keywords\":[\"Sermaye Piyasas\u0131 Hukuku\"],\"articleSection\":[\"Hukuk B\u00fcltenleri\"],\"inLanguage\":\"tr\"},{\"@type\":\"WebPage\",\"@id\":\"https:\/\/www.esin.av.tr\/tr\/2024\/09\/20\/spk-buyuk-halka-arzlari-kolaylastirdi\/\",\"url\":\"https:\/\/www.esin.av.tr\/tr\/2024\/09\/20\/spk-buyuk-halka-arzlari-kolaylastirdi\/\",\"name\":\"SPK B\u00fcy\u00fck Halka Arzlar\u0131 Kolayla\u015ft\u0131rd\u0131\",\"isPartOf\":{\"@id\":\"https:\/\/www.esin.av.tr\/tr\/#website\"},\"datePublished\":\"2024-09-20T11:19:05+00:00\",\"dateModified\":\"2024-09-20T17:04:23+00:00\",\"description\":\"Yeni geli\u015fmeler Sermaye Piyasas\u0131 Kurulu (\u201cSPK\u201d), i-SPK.128.23 (19 Eyl\u00fcl 2024 tarih ve 1508 s.k.) say\u0131l\u0131 \u0130lke Karar\u0131 (\\\"\u0130lke Karar\u0131\\\") ile yat\u0131r\u0131mc\u0131\",\"breadcrumb\":{\"@id\":\"https:\/\/www.esin.av.tr\/tr\/2024\/09\/20\/spk-buyuk-halka-arzlari-kolaylastirdi\/#breadcrumb\"},\"inLanguage\":\"tr\",\"potentialAction\":[{\"@type\":\"ReadAction\",\"target\":[\"https:\/\/www.esin.av.tr\/tr\/2024\/09\/20\/spk-buyuk-halka-arzlari-kolaylastirdi\/\"]}]},{\"@type\":\"BreadcrumbList\",\"@id\":\"https:\/\/www.esin.av.tr\/tr\/2024\/09\/20\/spk-buyuk-halka-arzlari-kolaylastirdi\/#breadcrumb\",\"itemListElement\":[{\"@type\":\"ListItem\",\"position\":1,\"name\":\"Home\",\"item\":\"https:\/\/www.esin.av.tr\/tr\/\"},{\"@type\":\"ListItem\",\"position\":2,\"name\":\"SPK B\u00fcy\u00fck Halka Arzlar\u0131 Kolayla\u015ft\u0131rd\u0131\"}]},{\"@type\":\"WebSite\",\"@id\":\"https:\/\/www.esin.av.tr\/tr\/#website\",\"url\":\"https:\/\/www.esin.av.tr\/tr\/\",\"name\":\"Esin Avukatl\u0131k Ortakl\u0131\u011f\u0131\",\"description\":\"\",\"publisher\":{\"@id\":\"https:\/\/www.esin.av.tr\/tr\/#organization\"},\"potentialAction\":[{\"@type\":\"SearchAction\",\"target\":{\"@type\":\"EntryPoint\",\"urlTemplate\":\"https:\/\/www.esin.av.tr\/tr\/?s={search_term_string}\"},\"query-input\":{\"@type\":\"PropertyValueSpecification\",\"valueRequired\":true,\"valueName\":\"search_term_string\"}}],\"inLanguage\":\"tr\"},{\"@type\":\"Organization\",\"@id\":\"https:\/\/www.esin.av.tr\/tr\/#organization\",\"name\":\"Esin Avukatl\u0131k Ortakl\u0131\u011f\u0131\",\"url\":\"https:\/\/www.esin.av.tr\/tr\/\",\"logo\":{\"@type\":\"ImageObject\",\"inLanguage\":\"tr\",\"@id\":\"https:\/\/www.esin.av.tr\/tr\/#\/schema\/logo\/image\/\",\"url\":\"https:\/\/www.esin.av.tr\/wp-content\/uploads\/2021\/09\/esin-2.jpg\",\"contentUrl\":\"https:\/\/www.esin.av.tr\/wp-content\/uploads\/2021\/09\/esin-2.jpg\",\"width\":800,\"height\":460,\"caption\":\"Esin Avukatl\u0131k Ortakl\u0131\u011f\u0131\"},\"image\":{\"@id\":\"https:\/\/www.esin.av.tr\/tr\/#\/schema\/logo\/image\/\"}},{\"@type\":\"Person\",\"@id\":\"https:\/\/www.esin.av.tr\/tr\/#\/schema\/person\/42c8e616aab56b8622fa365ad63282ae\",\"name\":\"R\u0131dvan Konrat\",\"image\":{\"@type\":\"ImageObject\",\"inLanguage\":\"tr\",\"@id\":\"https:\/\/www.esin.av.tr\/tr\/#\/schema\/person\/image\/\",\"url\":\"https:\/\/secure.gravatar.com\/avatar\/b20c6c583be38ed4e76e32f69fccc676?s=96&d=mm&r=g\",\"contentUrl\":\"https:\/\/secure.gravatar.com\/avatar\/b20c6c583be38ed4e76e32f69fccc676?s=96&d=mm&r=g\",\"caption\":\"R\u0131dvan Konrat\"},\"sameAs\":[\"http:\/\/www.esin.av.tr\"],\"url\":\"https:\/\/www.esin.av.tr\/tr\/author\/rkonrat\/\"}]}<\/script>\n<!-- \/ Yoast SEO plugin. -->","yoast_head_json":{"title":"SPK B\u00fcy\u00fck Halka Arzlar\u0131 Kolayla\u015ft\u0131rd\u0131","description":"Yeni geli\u015fmeler Sermaye Piyasas\u0131 Kurulu (\u201cSPK\u201d), i-SPK.128.23 (19 Eyl\u00fcl 2024 tarih ve 1508 s.k.) say\u0131l\u0131 \u0130lke Karar\u0131 (\"\u0130lke Karar\u0131\") ile yat\u0131r\u0131mc\u0131","robots":{"index":"index","follow":"follow","max-snippet":"max-snippet:-1","max-image-preview":"max-image-preview:large","max-video-preview":"max-video-preview:-1"},"canonical":"https:\/\/www.esin.av.tr\/tr\/2024\/09\/20\/spk-buyuk-halka-arzlari-kolaylastirdi\/","og_locale":"tr_TR","og_type":"article","og_title":"SPK B\u00fcy\u00fck Halka Arzlar\u0131 Kolayla\u015ft\u0131rd\u0131","og_description":"Yeni geli\u015fmeler Sermaye Piyasas\u0131 Kurulu (\u201cSPK\u201d), i-SPK.128.23 (19 Eyl\u00fcl 2024 tarih ve 1508 s.k.) say\u0131l\u0131 \u0130lke Karar\u0131 (\"\u0130lke Karar\u0131\") ile yat\u0131r\u0131mc\u0131","og_url":"https:\/\/www.esin.av.tr\/tr\/2024\/09\/20\/spk-buyuk-halka-arzlari-kolaylastirdi\/","og_site_name":"Esin Avukatl\u0131k Ortakl\u0131\u011f\u0131","article_published_time":"2024-09-20T11:19:05+00:00","article_modified_time":"2024-09-20T17:04:23+00:00","author":"R\u0131dvan Konrat","twitter_card":"summary_large_image","twitter_misc":{"Written by":"R\u0131dvan Konrat","Est. reading time":"4 minutes"},"schema":{"@context":"https:\/\/schema.org","@graph":[{"@type":"Article","@id":"https:\/\/www.esin.av.tr\/tr\/2024\/09\/20\/spk-buyuk-halka-arzlari-kolaylastirdi\/#article","isPartOf":{"@id":"https:\/\/www.esin.av.tr\/tr\/2024\/09\/20\/spk-buyuk-halka-arzlari-kolaylastirdi\/"},"author":{"name":"R\u0131dvan Konrat","@id":"https:\/\/www.esin.av.tr\/tr\/#\/schema\/person\/42c8e616aab56b8622fa365ad63282ae"},"headline":"SPK B\u00fcy\u00fck Halka Arzlar\u0131 Kolayla\u015ft\u0131rd\u0131","datePublished":"2024-09-20T11:19:05+00:00","dateModified":"2024-09-20T17:04:23+00:00","mainEntityOfPage":{"@id":"https:\/\/www.esin.av.tr\/tr\/2024\/09\/20\/spk-buyuk-halka-arzlari-kolaylastirdi\/"},"wordCount":826,"publisher":{"@id":"https:\/\/www.esin.av.tr\/tr\/#organization"},"keywords":["Sermaye Piyasas\u0131 Hukuku"],"articleSection":["Hukuk B\u00fcltenleri"],"inLanguage":"tr"},{"@type":"WebPage","@id":"https:\/\/www.esin.av.tr\/tr\/2024\/09\/20\/spk-buyuk-halka-arzlari-kolaylastirdi\/","url":"https:\/\/www.esin.av.tr\/tr\/2024\/09\/20\/spk-buyuk-halka-arzlari-kolaylastirdi\/","name":"SPK B\u00fcy\u00fck Halka Arzlar\u0131 Kolayla\u015ft\u0131rd\u0131","isPartOf":{"@id":"https:\/\/www.esin.av.tr\/tr\/#website"},"datePublished":"2024-09-20T11:19:05+00:00","dateModified":"2024-09-20T17:04:23+00:00","description":"Yeni geli\u015fmeler Sermaye Piyasas\u0131 Kurulu (\u201cSPK\u201d), i-SPK.128.23 (19 Eyl\u00fcl 2024 tarih ve 1508 s.k.) say\u0131l\u0131 \u0130lke Karar\u0131 (\"\u0130lke Karar\u0131\") ile yat\u0131r\u0131mc\u0131","breadcrumb":{"@id":"https:\/\/www.esin.av.tr\/tr\/2024\/09\/20\/spk-buyuk-halka-arzlari-kolaylastirdi\/#breadcrumb"},"inLanguage":"tr","potentialAction":[{"@type":"ReadAction","target":["https:\/\/www.esin.av.tr\/tr\/2024\/09\/20\/spk-buyuk-halka-arzlari-kolaylastirdi\/"]}]},{"@type":"BreadcrumbList","@id":"https:\/\/www.esin.av.tr\/tr\/2024\/09\/20\/spk-buyuk-halka-arzlari-kolaylastirdi\/#breadcrumb","itemListElement":[{"@type":"ListItem","position":1,"name":"Home","item":"https:\/\/www.esin.av.tr\/tr\/"},{"@type":"ListItem","position":2,"name":"SPK B\u00fcy\u00fck Halka Arzlar\u0131 Kolayla\u015ft\u0131rd\u0131"}]},{"@type":"WebSite","@id":"https:\/\/www.esin.av.tr\/tr\/#website","url":"https:\/\/www.esin.av.tr\/tr\/","name":"Esin Avukatl\u0131k Ortakl\u0131\u011f\u0131","description":"","publisher":{"@id":"https:\/\/www.esin.av.tr\/tr\/#organization"},"potentialAction":[{"@type":"SearchAction","target":{"@type":"EntryPoint","urlTemplate":"https:\/\/www.esin.av.tr\/tr\/?s={search_term_string}"},"query-input":{"@type":"PropertyValueSpecification","valueRequired":true,"valueName":"search_term_string"}}],"inLanguage":"tr"},{"@type":"Organization","@id":"https:\/\/www.esin.av.tr\/tr\/#organization","name":"Esin Avukatl\u0131k Ortakl\u0131\u011f\u0131","url":"https:\/\/www.esin.av.tr\/tr\/","logo":{"@type":"ImageObject","inLanguage":"tr","@id":"https:\/\/www.esin.av.tr\/tr\/#\/schema\/logo\/image\/","url":"https:\/\/www.esin.av.tr\/wp-content\/uploads\/2021\/09\/esin-2.jpg","contentUrl":"https:\/\/www.esin.av.tr\/wp-content\/uploads\/2021\/09\/esin-2.jpg","width":800,"height":460,"caption":"Esin Avukatl\u0131k Ortakl\u0131\u011f\u0131"},"image":{"@id":"https:\/\/www.esin.av.tr\/tr\/#\/schema\/logo\/image\/"}},{"@type":"Person","@id":"https:\/\/www.esin.av.tr\/tr\/#\/schema\/person\/42c8e616aab56b8622fa365ad63282ae","name":"R\u0131dvan Konrat","image":{"@type":"ImageObject","inLanguage":"tr","@id":"https:\/\/www.esin.av.tr\/tr\/#\/schema\/person\/image\/","url":"https:\/\/secure.gravatar.com\/avatar\/b20c6c583be38ed4e76e32f69fccc676?s=96&d=mm&r=g","contentUrl":"https:\/\/secure.gravatar.com\/avatar\/b20c6c583be38ed4e76e32f69fccc676?s=96&d=mm&r=g","caption":"R\u0131dvan Konrat"},"sameAs":["http:\/\/www.esin.av.tr"],"url":"https:\/\/www.esin.av.tr\/tr\/author\/rkonrat\/"}]}},"_links":{"self":[{"href":"https:\/\/www.esin.av.tr\/tr\/wp-json\/wp\/v2\/posts\/28030","targetHints":{"allow":["GET"]}}],"collection":[{"href":"https:\/\/www.esin.av.tr\/tr\/wp-json\/wp\/v2\/posts"}],"about":[{"href":"https:\/\/www.esin.av.tr\/tr\/wp-json\/wp\/v2\/types\/post"}],"author":[{"embeddable":true,"href":"https:\/\/www.esin.av.tr\/tr\/wp-json\/wp\/v2\/users\/4"}],"replies":[{"embeddable":true,"href":"https:\/\/www.esin.av.tr\/tr\/wp-json\/wp\/v2\/comments?post=28030"}],"version-history":[{"count":2,"href":"https:\/\/www.esin.av.tr\/tr\/wp-json\/wp\/v2\/posts\/28030\/revisions"}],"predecessor-version":[{"id":28033,"href":"https:\/\/www.esin.av.tr\/tr\/wp-json\/wp\/v2\/posts\/28030\/revisions\/28033"}],"wp:attachment":[{"href":"https:\/\/www.esin.av.tr\/tr\/wp-json\/wp\/v2\/media?parent=28030"}],"wp:term":[{"taxonomy":"category","embeddable":true,"href":"https:\/\/www.esin.av.tr\/tr\/wp-json\/wp\/v2\/categories?post=28030"},{"taxonomy":"post_tag","embeddable":true,"href":"https:\/\/www.esin.av.tr\/tr\/wp-json\/wp\/v2\/tags?post=28030"}],"curies":[{"name":"wp","href":"https:\/\/api.w.org\/{rel}","templated":true}]}}