{"id":28004,"date":"2024-09-13T13:01:59","date_gmt":"2024-09-13T13:01:59","guid":{"rendered":"https:\/\/www.esin.av.tr\/?p=28004"},"modified":"2024-09-13T13:01:59","modified_gmt":"2024-09-13T13:01:59","slug":"yeni-orta-vadeli-program-yayimlandi","status":"publish","type":"post","link":"https:\/\/www.esin.av.tr\/tr\/2024\/09\/13\/yeni-orta-vadeli-program-yayimlandi\/","title":{"rendered":"Yeni Orta Vadeli Program Yay\u0131mland\u0131"},"content":{"rendered":"<p><strong>Yeni Geli\u015fme<\/strong><\/p>\n<p>Hazine ve Maliye Bakanl\u0131\u011f\u0131 ile Strateji ve B\u00fct\u00e7e Ba\u015fkanl\u0131\u011f\u0131nca haz\u0131rlanan Orta Vadeli Program&#8217;\u0131n (2025-2027) (&#8220;<strong>OVP<\/strong>&#8220;) Onaylanmas\u0131 Hakk\u0131nda Karar (&#8220;<strong>Karar<\/strong>&#8220;) Cumhurba\u015fkanl\u0131\u011f\u0131 taraf\u0131ndan 5 Eyl\u00fcl 2024 tarihli ve 32653 (M\u00fckerrer) say\u0131l\u0131 Resmi Gazete&#8217;de yay\u0131mland\u0131.<\/p>\n<p>Karar ile, OVP 2025-2027 y\u0131llar\u0131n\u0131 kapsayacak \u015fekilde g\u00fcncellenmi\u015f olup, k\u00fcresel, b\u00f6lgesel ve ulusal ekonomideki geli\u015fmeler \u0131\u015f\u0131\u011f\u0131nda ger\u00e7ekle\u015ftirilmesi \u00f6ng\u00f6r\u00fclen makroekonomik hedefler ile ekonomik ve sosyal alanlarda izlenecek politikalar belirlenmi\u015f ve kamu kesimi ile \u00f6zel kesim i\u00e7in \u00f6ng\u00f6r\u00fclebilirli\u011fin sa\u011flanmas\u0131 hedeflenmi\u015ftir.<\/p>\n<p>Karar&#8217;a <a href=\"https:\/\/urldefense.com\/v3\/__https:\/esinxchange.com\/collect\/click.aspx?u=clVPZDF2Mnk4eEdCbldvWll4Y1oyTU81TnZCVG9LNmhpVExUMEUyUkIveVJSRXdpQVQ0ZFVyNFdlNy9vMFRXRUEvT0IwVlRnSUZ6eXdhYlVKcUFGN2FWcTBuU3FpOUk1VS9wZmZ0WUZEUlhEUFBiNThHeGkxdEd3MHFIcEt5RFc=&amp;rh=ff00d3f9b79c83d306724bf9f346b524eff661d1__;!!Hj9Y_P0nvg!VVOYT52a4bPVuzG_toUv7TicOqo3qno3iKlwc8OgQeuL0vOcFt01E6yzULpLv0rDQxDjeVNvb6kkeKbzONtyCc_eeQ$\">buradan<\/a> ula\u015fabilirsiniz.<\/p>\n<p><strong>OVP&#8217;de \u00f6ng\u00f6r\u00fclen hedefler neler?<\/strong><\/p>\n<p>OVP&#8217;de genel olarak, b\u00fcy\u00fcme, istihdam, fiyat istikrar\u0131, \u00f6demeler dengesi, finansal istikrar, kamu maliyesi politikalar\u0131 kapsam\u0131ndaki hedefler belirlenmi\u015ftir.<\/p>\n<p>S\u00f6z konusu politikalar \u0131\u015f\u0131\u011f\u0131nda, OVP&#8217;nin d\u0131\u015f ticaret, sa\u011fl\u0131k, ki\u015fisel verilerin korunmas\u0131, dijital d\u00f6n\u00fc\u015f\u00fcm ve yapay zeka ile fikri m\u00fclkiyet konular\u0131nda ortaya koydu\u011fu ba\u015fl\u0131ca hedefler a\u015fa\u011f\u0131daki gibidir:<\/p>\n<p><em><strong>A. D\u0131\u015f Ticaretle \u0130lgili Hedefler<\/strong><\/em><br \/>\nOVP ile ticaretin geli\u015ftirilmesi, d\u0131\u015f ticarette rekabet g\u00fcc\u00fcn\u00fcn artt\u0131r\u0131lmas\u0131 ad\u0131na g\u00fcmr\u00fck ve ticaret i\u015flemlerinin basitle\u015ftirilmesi ve etkin bir ticaret diplomasisi y\u00fcr\u00fct\u00fclmesi hedeflenmektedir.<\/p>\n<p>Bu kapsamda g\u00fcmr\u00fck idareleri ile g\u00fcmr\u00fck kap\u0131lar\u0131n\u0131n i\u015flem kapasitelerinin art\u0131r\u0131lmas\u0131, fiziki ve teknolojik altyap\u0131lar\u0131n\u0131n yerli kullan\u0131m imk\u00e2nlar\u0131 g\u00f6zetilerek ihtiya\u00e7lar do\u011frultusunda yenilenmesi ve AB kurumlar\u0131 ile G\u00fcmr\u00fck Birli\u011fi&#8217;nin g\u00fcncellenmesine y\u00f6nelik \u00e7al\u0131\u015fmalar\u0131n s\u00fcrd\u00fcr\u00fclmesi \u00f6ng\u00f6r\u00fclmektedir.<br \/>\n<em><strong>B. Sa\u011fl\u0131k Sekt\u00f6r\u00fcyle ilgili hedefler<\/strong><\/em><\/p>\n<p>Sa\u011fl\u0131k alan\u0131nda \u00f6ng\u00f6r\u00fclen ba\u015fl\u0131ca hedefler a\u015fa\u011f\u0131daki gibidir:<\/p>\n<ul>\n<li>A\u015f\u0131, ila\u00e7, t\u0131bbi cihaz, tan\u0131 kitleri ve yapay zeka uygulamalar\u0131 ba\u015fta olmak \u00fczere sa\u011fl\u0131k bilim ve teknolojileri alan\u0131nda Ar-Ge \u00e7al\u0131\u015fmalar\u0131 y\u00fcr\u00fct\u00fclerek y\u00fcksek katma de\u011ferli \u00fcr\u00fcnlerin yerli \u00fcretiminin sa\u011flanmas\u0131 \u00f6ng\u00f6r\u00fclmektedir.<\/li>\n<li>Sa\u011fl\u0131k sekt\u00f6r\u00fcnde rekabet g\u00fcc\u00fcn\u00fc esas alan d\u00f6viz kazand\u0131r\u0131c\u0131 hizmet ticareti desteklenmeye devam edilecektir. Bu kapsamda, sa\u011fl\u0131k turizmi alan\u0131nda hizmet kapasitesi nitelik ve nicelik olarak geli\u015ftirilecek, tan\u0131t\u0131m ve pazarlama faaliyetleri art\u0131r\u0131lacakt\u0131r.<\/li>\n<li>Birinci basamak sa\u011fl\u0131k hizmetlerinin sa\u011fl\u0131k sistemi i\u00e7erisindeki etkinli\u011fi art\u0131r\u0131lacak ve hizmet basamaklar\u0131 aras\u0131ndaki entegrasyon g\u00fc\u00e7lendirilecektir. Sa\u011fl\u0131k \u00fcr\u00fcn ve hizmetlerinde talep kontrol\u00fc ve hizmet basamaklar\u0131 aras\u0131ndaki entegrasyon g\u00fc\u00e7lendirilerek hizmet basamaklar\u0131n\u0131n uygun kullan\u0131m\u0131 sa\u011flanacakt\u0131r.<\/li>\n<li>Sa\u011fl\u0131k hizmetlerinin geri \u00f6demesinde risk analizini ve hizmet sunucular\u0131n\u0131n davran\u0131\u015flar\u0131n\u0131 dikkate alan denetim modelleri geli\u015ftirilecektir.<\/li>\n<li>Sa\u011fl\u0131k Market Uygulamas\u0131&#8217;n\u0131n kapsam\u0131 geni\u015fletilerek ila\u00e7 ve medikal malzeme tedarik zinciri daha da g\u00fc\u00e7lendirilecektir. Sa\u011fl\u0131k hizmetlerine eri\u015fimi k\u0131s\u0131tlamadan finansal s\u00fcrd\u00fcr\u00fclebilirli\u011fi sa\u011flamak amac\u0131yla, veri analizi yoluyla geri \u00f6deme kriterleri incelenecek, de\u011fer bazl\u0131 geri \u00f6deme y\u00f6ntemleri yayg\u0131nla\u015ft\u0131r\u0131lacak ve yurtd\u0131\u015f\u0131ndan temin edilen ila\u00e7lar gibi h\u0131zl\u0131 art\u0131\u015f g\u00f6steren gruplarda harcamalar\u0131n etkinle\u015ftirilmesi sa\u011flanacakt\u0131r.<em><strong>C. Ki\u015fisel Verilerin Korunmas\u0131 <\/strong><\/em><\/li>\n<\/ul>\n<p><em><strong>Mevzuat\u0131nda AB Mevzuat\u0131na Uyum S\u00fcreci Hedefleri<\/strong><\/em><\/p>\n<p>AB dijital ekonomi d\u00fczenlemeleri do\u011frultusunda Ki\u015fisel Verilerin Korunmas\u0131 Kanunu&#8217;nun \u00f6zellikle mal ve hizmet ihracat\u0131n\u0131 etkileyen y\u00f6nleriyle AB Genel Veri Koruma T\u00fcz\u00fc\u011f\u00fc (GDPR) ba\u015fta olmak \u00fczere AB mevzuat\u0131yla uyum s\u00fcrecinin 2025 y\u0131l\u0131n\u0131n 4. \u00e7eyre\u011fine kadar tamamlanmas\u0131 \u00f6ng\u00f6r\u00fclmektedir.<br \/>\n<em><strong>D. Dijital D\u00f6n\u00fc\u015f\u00fcm ve Yapay Zeka Stratejileri Kapsam\u0131ndaki Hedefler<\/strong><\/em><\/p>\n<p>OVP ile dijital d\u00f6n\u00fc\u015f\u00fcm s\u00fcreci h\u0131zland\u0131r\u0131larak ba\u015fta KOB\u0130&#8217;ler olmak \u00fczere firmalar\u0131n dijital teknolojilere y\u00f6nelik kapasite ve kabiliyetlerinin desteklenmesi yoluyla b\u00fcy\u00fcmenin s\u00fcrd\u00fcr\u00fclebilirli\u011finin sa\u011flanmas\u0131 hedeflenmektedir. Bu kapsamda;<\/p>\n<ul>\n<li>\u00dclke genelinde siber g\u00fcvenli\u011fin b\u00fct\u00fcnc\u00fcl politikalarla g\u00fc\u00e7lendirilmesi, kamu y\u00f6netiminin etkinle\u015ftirilmesi ve kamu hizmetlerinin geli\u015ftirilmesinde dijital teknolojilerden en \u00fcst d\u00fczeyde faydalan\u0131lacakt\u0131r.<\/li>\n<li>Verimlilik art\u0131\u015f\u0131 amac\u0131yla kurulan Yetkinlik ve Dijital D\u00f6n\u00fc\u015f\u00fcm Merkezlerinin (Model Fabrikalar) dijital d\u00f6n\u00fc\u015f\u00fcm hizmeti vermek \u00fczere altyap\u0131lar\u0131 tamamlanacak ve ye\u015fil d\u00f6n\u00fc\u015f\u00fcm i\u00e7in imalat sanayiinin ihtiya\u00e7lar\u0131n\u0131 kar\u015f\u0131lamak \u00fczere yeni hizmetler verecek \u015fekilde kapasitelerinin art\u0131r\u0131lmas\u0131 sa\u011flanacakt\u0131r.<\/li>\n<li>\u00c7ip end\u00fcstrisinde Ar-Ge, tasar\u0131m, \u00fcretim ve ticarile\u015ftirme kabiliyetleri geli\u015ftirilecektir.<\/li>\n<li>5G yol haritas\u0131 belirlenecek, 2025 y\u0131l\u0131n\u0131n 4. \u00e7eyre\u011fine kadar uygulama plan\u0131 haz\u0131rlanacakt\u0131r.<\/li>\n<li>Mevzuat\u0131n AB Yapay Zek\u00e2 T\u00fcz\u00fc\u011f\u00fc ile uyumla\u015ft\u0131r\u0131lmas\u0131 kapsam\u0131nda hukuki d\u00fczenleme \u00e7al\u0131\u015fmalar\u0131 y\u00fcr\u00fct\u00fclecektir.<\/li>\n<li>Siber g\u00fcvenlik alan\u0131yla ilgili m\u00fcstakil bir yasal d\u00fczenleme ve ihtiya\u00e7 duyulan ikincil d\u00fczenlemeler AB mevzuat\u0131 ile uyumu g\u00f6zetilerek yap\u0131lacakt\u0131r.<\/li>\n<li>Siber G\u00fcvenlik Stratejisi ve Eylem Plan\u0131, Ulusal Veri Stratejisi ve Eylem Plan\u0131 ile Dijital Devlet Stratejisi ve Eylem Plan\u0131 haz\u0131rlanarak uygulamaya konulacakt\u0131r.<\/li>\n<li>Veri ekonomisine ge\u00e7i\u015fi h\u0131zland\u0131rmak amac\u0131yla, veri sahipli\u011fi ve veri payla\u015f\u0131m sorumluluklar\u0131 ile teknik y\u00f6ntemlere ili\u015fkin hususlar\u0131 da kapsayan ulusal politika \u00e7er\u00e7evesi haz\u0131rlanacak ve veri y\u00f6neti\u015fimi \u00e7at\u0131 mevzuat\u0131 ve y\u00f6neti\u015fim altyap\u0131s\u0131 olu\u015fturulacakt\u0131r.<\/li>\n<\/ul>\n<p><strong><em>E. Fikri M\u00fclkiyet Alan\u0131ndaki Hedefler<\/em><\/strong><\/p>\n<p>Fikri m\u00fclkiyet varl\u0131klar\u0131n\u0131n y\u00fcksek teknolojili ve katma de\u011ferli \u00fcretime katk\u0131s\u0131n\u0131n art\u0131r\u0131lmas\u0131 amac\u0131yla patent, marka ve tasar\u0131mlara ili\u015fkin de\u011ferleme, finansmana eri\u015fim ve ticarile\u015ftirme mekanizmalar\u0131n\u0131n g\u00fc\u00e7lendirilmesi hedeflenmektedir. Ayr\u0131ca fikri m\u00fclkiyet alan\u0131nda toplumsal fark\u0131ndal\u0131\u011f\u0131n artt\u0131r\u0131lmas\u0131 ama\u00e7lanacak ve fikri m\u00fclkiyet haklar\u0131n\u0131n olu\u015fmas\u0131n\u0131 destekleyen ekosistem geli\u015ftirilerek bu haklar\u0131n ticarile\u015ftirilmesi h\u0131zland\u0131r\u0131lacakt\u0131r.<br \/>\n<strong>Sonu\u00e7<\/strong><\/p>\n<p>OVP, ba\u015fta makroekonomik ve finansal istikrar\u0131 g\u00fc\u00e7lendirmeyi, Ar-Ge ve yenilik\u00e7ilik kapasitesini geli\u015ftirmeyi, ye\u015fil ve dijital ekonomiye ge\u00e7i\u015f oda\u011f\u0131nda teknolojik d\u00f6n\u00fc\u015f\u00fcm\u00fc sa\u011flamay\u0131 ve i\u015f ve yat\u0131r\u0131m ortam\u0131n\u0131n iyile\u015ftirilmesi yoluyla s\u00fcrd\u00fcr\u00fclebilir b\u00fcy\u00fcmeyi hedeflemektedir. OVP ile ortaya koyulan politika ve hedefler, kamu kurumlar\u0131n\u0131n b\u00fct\u00e7elerinin haz\u0131rlanmas\u0131nda, yasal ve idari d\u00fczenlemelerin ger\u00e7ekle\u015ftirilmesinde ve karar alma ve uygulama s\u00fcre\u00e7lerinde belirleyici olacakt\u0131r.<\/p>\n","protected":false},"excerpt":{"rendered":"<p>Yeni Geli\u015fme Hazine ve Maliye Bakanl\u0131\u011f\u0131 ile Strateji ve B\u00fct\u00e7e Ba\u015fkanl\u0131\u011f\u0131nca haz\u0131rlanan Orta Vadeli Program&#8217;\u0131n (2025-2027) (&#8220;OVP&#8220;) Onaylanmas\u0131 Hakk\u0131nda Karar [&hellip;]<\/p>\n","protected":false},"author":4,"featured_media":0,"comment_status":"closed","ping_status":"closed","sticky":false,"template":"","format":"standard","meta":{"_acf_changed":false,"_stopmodifiedupdate":false,"_modified_date":"","footnotes":""},"categories":[120],"tags":[94,180],"class_list":["post-28004","post","type-post","status-publish","format-standard","hentry","category-legal-alerts","tag-international-commercial-and-trade-tr","tag-fikri-mulkiyet-ve-teknoloji"],"acf":[],"yoast_head":"<!-- This site is optimized with the Yoast SEO plugin v24.0 - https:\/\/yoast.com\/wordpress\/plugins\/seo\/ -->\n<title>Yeni Orta Vadeli Program Yay\u0131mland\u0131<\/title>\n<meta name=\"description\" content=\"Yeni Geli\u015fme Hazine ve Maliye Bakanl\u0131\u011f\u0131 ile Strateji ve B\u00fct\u00e7e Ba\u015fkanl\u0131\u011f\u0131nca haz\u0131rlanan Orta Vadeli Program&#039;\u0131n (2025-2027) (&quot;OVP&quot;) Onaylanmas\u0131 Hakk\u0131nda\" \/>\n<meta name=\"robots\" content=\"index, follow, max-snippet:-1, max-image-preview:large, max-video-preview:-1\" \/>\n<link rel=\"canonical\" href=\"https:\/\/www.esin.av.tr\/tr\/2024\/09\/13\/yeni-orta-vadeli-program-yayimlandi\/\" \/>\n<meta property=\"og:locale\" content=\"tr_TR\" \/>\n<meta property=\"og:type\" content=\"article\" \/>\n<meta property=\"og:title\" content=\"Yeni Orta Vadeli Program Yay\u0131mland\u0131\" \/>\n<meta property=\"og:description\" content=\"Yeni Geli\u015fme Hazine ve Maliye Bakanl\u0131\u011f\u0131 ile Strateji ve B\u00fct\u00e7e Ba\u015fkanl\u0131\u011f\u0131nca haz\u0131rlanan Orta Vadeli Program&#039;\u0131n (2025-2027) (&quot;OVP&quot;) Onaylanmas\u0131 Hakk\u0131nda\" \/>\n<meta property=\"og:url\" content=\"https:\/\/www.esin.av.tr\/tr\/2024\/09\/13\/yeni-orta-vadeli-program-yayimlandi\/\" \/>\n<meta property=\"og:site_name\" content=\"Esin Avukatl\u0131k Ortakl\u0131\u011f\u0131\" \/>\n<meta property=\"article:published_time\" content=\"2024-09-13T13:01:59+00:00\" \/>\n<meta name=\"author\" content=\"R\u0131dvan Konrat\" \/>\n<meta name=\"twitter:card\" content=\"summary_large_image\" \/>\n<meta name=\"twitter:label1\" content=\"Written by\" \/>\n\t<meta name=\"twitter:data1\" content=\"R\u0131dvan Konrat\" \/>\n\t<meta name=\"twitter:label2\" content=\"Est. reading time\" \/>\n\t<meta name=\"twitter:data2\" content=\"5 minutes\" \/>\n<script type=\"application\/ld+json\" class=\"yoast-schema-graph\">{\"@context\":\"https:\/\/schema.org\",\"@graph\":[{\"@type\":\"Article\",\"@id\":\"https:\/\/www.esin.av.tr\/tr\/2024\/09\/13\/yeni-orta-vadeli-program-yayimlandi\/#article\",\"isPartOf\":{\"@id\":\"https:\/\/www.esin.av.tr\/tr\/2024\/09\/13\/yeni-orta-vadeli-program-yayimlandi\/\"},\"author\":{\"name\":\"R\u0131dvan Konrat\",\"@id\":\"https:\/\/www.esin.av.tr\/tr\/#\/schema\/person\/42c8e616aab56b8622fa365ad63282ae\"},\"headline\":\"Yeni Orta Vadeli Program Yay\u0131mland\u0131\",\"datePublished\":\"2024-09-13T13:01:59+00:00\",\"dateModified\":\"2024-09-13T13:01:59+00:00\",\"mainEntityOfPage\":{\"@id\":\"https:\/\/www.esin.av.tr\/tr\/2024\/09\/13\/yeni-orta-vadeli-program-yayimlandi\/\"},\"wordCount\":1088,\"publisher\":{\"@id\":\"https:\/\/www.esin.av.tr\/tr\/#organization\"},\"keywords\":[\"Uluslararas\u0131 Ticaret Hukuku\",\"Fikri M\u00fclkiyet ve Teknoloji\"],\"articleSection\":[\"Hukuk B\u00fcltenleri\"],\"inLanguage\":\"tr\"},{\"@type\":\"WebPage\",\"@id\":\"https:\/\/www.esin.av.tr\/tr\/2024\/09\/13\/yeni-orta-vadeli-program-yayimlandi\/\",\"url\":\"https:\/\/www.esin.av.tr\/tr\/2024\/09\/13\/yeni-orta-vadeli-program-yayimlandi\/\",\"name\":\"Yeni Orta Vadeli Program Yay\u0131mland\u0131\",\"isPartOf\":{\"@id\":\"https:\/\/www.esin.av.tr\/tr\/#website\"},\"datePublished\":\"2024-09-13T13:01:59+00:00\",\"dateModified\":\"2024-09-13T13:01:59+00:00\",\"description\":\"Yeni Geli\u015fme Hazine ve Maliye Bakanl\u0131\u011f\u0131 ile Strateji ve B\u00fct\u00e7e Ba\u015fkanl\u0131\u011f\u0131nca haz\u0131rlanan Orta Vadeli Program'\u0131n (2025-2027) (\\\"OVP\\\") Onaylanmas\u0131 Hakk\u0131nda\",\"breadcrumb\":{\"@id\":\"https:\/\/www.esin.av.tr\/tr\/2024\/09\/13\/yeni-orta-vadeli-program-yayimlandi\/#breadcrumb\"},\"inLanguage\":\"tr\",\"potentialAction\":[{\"@type\":\"ReadAction\",\"target\":[\"https:\/\/www.esin.av.tr\/tr\/2024\/09\/13\/yeni-orta-vadeli-program-yayimlandi\/\"]}]},{\"@type\":\"BreadcrumbList\",\"@id\":\"https:\/\/www.esin.av.tr\/tr\/2024\/09\/13\/yeni-orta-vadeli-program-yayimlandi\/#breadcrumb\",\"itemListElement\":[{\"@type\":\"ListItem\",\"position\":1,\"name\":\"Home\",\"item\":\"https:\/\/www.esin.av.tr\/tr\/\"},{\"@type\":\"ListItem\",\"position\":2,\"name\":\"Yeni Orta Vadeli Program Yay\u0131mland\u0131\"}]},{\"@type\":\"WebSite\",\"@id\":\"https:\/\/www.esin.av.tr\/tr\/#website\",\"url\":\"https:\/\/www.esin.av.tr\/tr\/\",\"name\":\"Esin Avukatl\u0131k Ortakl\u0131\u011f\u0131\",\"description\":\"\",\"publisher\":{\"@id\":\"https:\/\/www.esin.av.tr\/tr\/#organization\"},\"potentialAction\":[{\"@type\":\"SearchAction\",\"target\":{\"@type\":\"EntryPoint\",\"urlTemplate\":\"https:\/\/www.esin.av.tr\/tr\/?s={search_term_string}\"},\"query-input\":{\"@type\":\"PropertyValueSpecification\",\"valueRequired\":true,\"valueName\":\"search_term_string\"}}],\"inLanguage\":\"tr\"},{\"@type\":\"Organization\",\"@id\":\"https:\/\/www.esin.av.tr\/tr\/#organization\",\"name\":\"Esin Avukatl\u0131k Ortakl\u0131\u011f\u0131\",\"url\":\"https:\/\/www.esin.av.tr\/tr\/\",\"logo\":{\"@type\":\"ImageObject\",\"inLanguage\":\"tr\",\"@id\":\"https:\/\/www.esin.av.tr\/tr\/#\/schema\/logo\/image\/\",\"url\":\"https:\/\/www.esin.av.tr\/wp-content\/uploads\/2021\/09\/esin-2.jpg\",\"contentUrl\":\"https:\/\/www.esin.av.tr\/wp-content\/uploads\/2021\/09\/esin-2.jpg\",\"width\":800,\"height\":460,\"caption\":\"Esin Avukatl\u0131k Ortakl\u0131\u011f\u0131\"},\"image\":{\"@id\":\"https:\/\/www.esin.av.tr\/tr\/#\/schema\/logo\/image\/\"}},{\"@type\":\"Person\",\"@id\":\"https:\/\/www.esin.av.tr\/tr\/#\/schema\/person\/42c8e616aab56b8622fa365ad63282ae\",\"name\":\"R\u0131dvan Konrat\",\"image\":{\"@type\":\"ImageObject\",\"inLanguage\":\"tr\",\"@id\":\"https:\/\/www.esin.av.tr\/tr\/#\/schema\/person\/image\/\",\"url\":\"https:\/\/secure.gravatar.com\/avatar\/b20c6c583be38ed4e76e32f69fccc676?s=96&d=mm&r=g\",\"contentUrl\":\"https:\/\/secure.gravatar.com\/avatar\/b20c6c583be38ed4e76e32f69fccc676?s=96&d=mm&r=g\",\"caption\":\"R\u0131dvan Konrat\"},\"sameAs\":[\"http:\/\/www.esin.av.tr\"],\"url\":\"https:\/\/www.esin.av.tr\/tr\/author\/rkonrat\/\"}]}<\/script>\n<!-- \/ Yoast SEO plugin. -->","yoast_head_json":{"title":"Yeni Orta Vadeli Program Yay\u0131mland\u0131","description":"Yeni Geli\u015fme Hazine ve Maliye Bakanl\u0131\u011f\u0131 ile Strateji ve B\u00fct\u00e7e Ba\u015fkanl\u0131\u011f\u0131nca haz\u0131rlanan Orta Vadeli Program'\u0131n (2025-2027) (\"OVP\") Onaylanmas\u0131 Hakk\u0131nda","robots":{"index":"index","follow":"follow","max-snippet":"max-snippet:-1","max-image-preview":"max-image-preview:large","max-video-preview":"max-video-preview:-1"},"canonical":"https:\/\/www.esin.av.tr\/tr\/2024\/09\/13\/yeni-orta-vadeli-program-yayimlandi\/","og_locale":"tr_TR","og_type":"article","og_title":"Yeni Orta Vadeli Program Yay\u0131mland\u0131","og_description":"Yeni Geli\u015fme Hazine ve Maliye Bakanl\u0131\u011f\u0131 ile Strateji ve B\u00fct\u00e7e Ba\u015fkanl\u0131\u011f\u0131nca haz\u0131rlanan Orta Vadeli Program'\u0131n (2025-2027) (\"OVP\") Onaylanmas\u0131 Hakk\u0131nda","og_url":"https:\/\/www.esin.av.tr\/tr\/2024\/09\/13\/yeni-orta-vadeli-program-yayimlandi\/","og_site_name":"Esin Avukatl\u0131k Ortakl\u0131\u011f\u0131","article_published_time":"2024-09-13T13:01:59+00:00","author":"R\u0131dvan Konrat","twitter_card":"summary_large_image","twitter_misc":{"Written by":"R\u0131dvan Konrat","Est. reading time":"5 minutes"},"schema":{"@context":"https:\/\/schema.org","@graph":[{"@type":"Article","@id":"https:\/\/www.esin.av.tr\/tr\/2024\/09\/13\/yeni-orta-vadeli-program-yayimlandi\/#article","isPartOf":{"@id":"https:\/\/www.esin.av.tr\/tr\/2024\/09\/13\/yeni-orta-vadeli-program-yayimlandi\/"},"author":{"name":"R\u0131dvan Konrat","@id":"https:\/\/www.esin.av.tr\/tr\/#\/schema\/person\/42c8e616aab56b8622fa365ad63282ae"},"headline":"Yeni Orta Vadeli Program Yay\u0131mland\u0131","datePublished":"2024-09-13T13:01:59+00:00","dateModified":"2024-09-13T13:01:59+00:00","mainEntityOfPage":{"@id":"https:\/\/www.esin.av.tr\/tr\/2024\/09\/13\/yeni-orta-vadeli-program-yayimlandi\/"},"wordCount":1088,"publisher":{"@id":"https:\/\/www.esin.av.tr\/tr\/#organization"},"keywords":["Uluslararas\u0131 Ticaret Hukuku","Fikri M\u00fclkiyet ve Teknoloji"],"articleSection":["Hukuk B\u00fcltenleri"],"inLanguage":"tr"},{"@type":"WebPage","@id":"https:\/\/www.esin.av.tr\/tr\/2024\/09\/13\/yeni-orta-vadeli-program-yayimlandi\/","url":"https:\/\/www.esin.av.tr\/tr\/2024\/09\/13\/yeni-orta-vadeli-program-yayimlandi\/","name":"Yeni Orta Vadeli Program Yay\u0131mland\u0131","isPartOf":{"@id":"https:\/\/www.esin.av.tr\/tr\/#website"},"datePublished":"2024-09-13T13:01:59+00:00","dateModified":"2024-09-13T13:01:59+00:00","description":"Yeni Geli\u015fme Hazine ve Maliye Bakanl\u0131\u011f\u0131 ile Strateji ve B\u00fct\u00e7e Ba\u015fkanl\u0131\u011f\u0131nca haz\u0131rlanan Orta Vadeli Program'\u0131n (2025-2027) (\"OVP\") Onaylanmas\u0131 Hakk\u0131nda","breadcrumb":{"@id":"https:\/\/www.esin.av.tr\/tr\/2024\/09\/13\/yeni-orta-vadeli-program-yayimlandi\/#breadcrumb"},"inLanguage":"tr","potentialAction":[{"@type":"ReadAction","target":["https:\/\/www.esin.av.tr\/tr\/2024\/09\/13\/yeni-orta-vadeli-program-yayimlandi\/"]}]},{"@type":"BreadcrumbList","@id":"https:\/\/www.esin.av.tr\/tr\/2024\/09\/13\/yeni-orta-vadeli-program-yayimlandi\/#breadcrumb","itemListElement":[{"@type":"ListItem","position":1,"name":"Home","item":"https:\/\/www.esin.av.tr\/tr\/"},{"@type":"ListItem","position":2,"name":"Yeni Orta Vadeli Program Yay\u0131mland\u0131"}]},{"@type":"WebSite","@id":"https:\/\/www.esin.av.tr\/tr\/#website","url":"https:\/\/www.esin.av.tr\/tr\/","name":"Esin Avukatl\u0131k Ortakl\u0131\u011f\u0131","description":"","publisher":{"@id":"https:\/\/www.esin.av.tr\/tr\/#organization"},"potentialAction":[{"@type":"SearchAction","target":{"@type":"EntryPoint","urlTemplate":"https:\/\/www.esin.av.tr\/tr\/?s={search_term_string}"},"query-input":{"@type":"PropertyValueSpecification","valueRequired":true,"valueName":"search_term_string"}}],"inLanguage":"tr"},{"@type":"Organization","@id":"https:\/\/www.esin.av.tr\/tr\/#organization","name":"Esin Avukatl\u0131k Ortakl\u0131\u011f\u0131","url":"https:\/\/www.esin.av.tr\/tr\/","logo":{"@type":"ImageObject","inLanguage":"tr","@id":"https:\/\/www.esin.av.tr\/tr\/#\/schema\/logo\/image\/","url":"https:\/\/www.esin.av.tr\/wp-content\/uploads\/2021\/09\/esin-2.jpg","contentUrl":"https:\/\/www.esin.av.tr\/wp-content\/uploads\/2021\/09\/esin-2.jpg","width":800,"height":460,"caption":"Esin Avukatl\u0131k Ortakl\u0131\u011f\u0131"},"image":{"@id":"https:\/\/www.esin.av.tr\/tr\/#\/schema\/logo\/image\/"}},{"@type":"Person","@id":"https:\/\/www.esin.av.tr\/tr\/#\/schema\/person\/42c8e616aab56b8622fa365ad63282ae","name":"R\u0131dvan Konrat","image":{"@type":"ImageObject","inLanguage":"tr","@id":"https:\/\/www.esin.av.tr\/tr\/#\/schema\/person\/image\/","url":"https:\/\/secure.gravatar.com\/avatar\/b20c6c583be38ed4e76e32f69fccc676?s=96&d=mm&r=g","contentUrl":"https:\/\/secure.gravatar.com\/avatar\/b20c6c583be38ed4e76e32f69fccc676?s=96&d=mm&r=g","caption":"R\u0131dvan Konrat"},"sameAs":["http:\/\/www.esin.av.tr"],"url":"https:\/\/www.esin.av.tr\/tr\/author\/rkonrat\/"}]}},"_links":{"self":[{"href":"https:\/\/www.esin.av.tr\/tr\/wp-json\/wp\/v2\/posts\/28004","targetHints":{"allow":["GET"]}}],"collection":[{"href":"https:\/\/www.esin.av.tr\/tr\/wp-json\/wp\/v2\/posts"}],"about":[{"href":"https:\/\/www.esin.av.tr\/tr\/wp-json\/wp\/v2\/types\/post"}],"author":[{"embeddable":true,"href":"https:\/\/www.esin.av.tr\/tr\/wp-json\/wp\/v2\/users\/4"}],"replies":[{"embeddable":true,"href":"https:\/\/www.esin.av.tr\/tr\/wp-json\/wp\/v2\/comments?post=28004"}],"version-history":[{"count":1,"href":"https:\/\/www.esin.av.tr\/tr\/wp-json\/wp\/v2\/posts\/28004\/revisions"}],"predecessor-version":[{"id":28005,"href":"https:\/\/www.esin.av.tr\/tr\/wp-json\/wp\/v2\/posts\/28004\/revisions\/28005"}],"wp:attachment":[{"href":"https:\/\/www.esin.av.tr\/tr\/wp-json\/wp\/v2\/media?parent=28004"}],"wp:term":[{"taxonomy":"category","embeddable":true,"href":"https:\/\/www.esin.av.tr\/tr\/wp-json\/wp\/v2\/categories?post=28004"},{"taxonomy":"post_tag","embeddable":true,"href":"https:\/\/www.esin.av.tr\/tr\/wp-json\/wp\/v2\/tags?post=28004"}],"curies":[{"name":"wp","href":"https:\/\/api.w.org\/{rel}","templated":true}]}}