{"id":27980,"date":"2024-09-02T08:03:24","date_gmt":"2024-09-02T08:03:24","guid":{"rendered":"https:\/\/www.esin.av.tr\/?p=27980"},"modified":"2024-09-02T08:03:24","modified_gmt":"2024-09-02T08:03:24","slug":"dogrudan-satislara-iliskin-yeni-duzenlemeler","status":"publish","type":"post","link":"https:\/\/www.esin.av.tr\/tr\/2024\/09\/02\/dogrudan-satislara-iliskin-yeni-duzenlemeler\/","title":{"rendered":"Do\u011frudan Sat\u0131\u015flara \u0130li\u015fkin Yeni D\u00fczenlemeler"},"content":{"rendered":"<p><strong>Yeni Geli\u015fme<\/strong><\/p>\n<p>Ticaret Bakanl\u0131\u011f\u0131 (&#8220;<strong>Bakanl\u0131k<\/strong>&#8220;), 23 A\u011fustos 2024 tarihli ve 32641 say\u0131l\u0131 Resmi Gazete&#8217;de yay\u0131mlanan \u0130\u015f Yeri D\u0131\u015f\u0131nda Kurulan S\u00f6zle\u015fmeler Y\u00f6netmeli\u011finde De\u011fi\u015fiklik Yap\u0131lmas\u0131na Dair Y\u00f6netmelik (&#8220;<strong>De\u011fi\u015fiklik<\/strong>&#8220;) ile 14 Ocak 2015 tarihli ve 29236 say\u0131l\u0131 Resmi Gazete&#8217;de yay\u0131mlanan \u0130\u015f Yeri D\u0131\u015f\u0131nda Kurulan S\u00f6zle\u015fmeler Y\u00f6netmeli\u011fi&#8217;nde (&#8220;<strong>Y\u00f6netmelik<\/strong>&#8220;) birtak\u0131m de\u011fi\u015fiklikler yapm\u0131\u015ft\u0131r. De\u011fi\u015fiklik, 1 Ocak 2025 tarihinde y\u00fcr\u00fcrl\u00fc\u011fe girecektir.<\/p>\n<p>De\u011fi\u015fiklik&#8217;e <a href=\"https:\/\/urldefense.com\/v3\/__https:\/esinxchange.com\/collect\/click.aspx?u=U1FhU3NYcjl3d1dDZGIyZGM3MW1aczk0ZkFqSUhUcGFrVldOaVlyR0djN0dPcFFEalhSK2tXcDFtaTlCV0dxcGx5aW1WL2JiWjBMN0c3T0ZLVytTTUFGUHhROU0xSXVPUGVzaGtnNi83RERONVJXYUpVSDBQaDM0UnlCWHhlUWU=&amp;rh=ff00d2c900217b441547ec857247a2a6d987aebd__;!!Hj9Y_P0nvg!VGBluNgoge5c4Xy1ZclIYv8h8-9lDsEqRfVjU2xokyq0xhoxT-X3d3P6nonYVZ8cNtELJ8RF2WKlhlvdML6YyusiSQ$\">buradan<\/a> ula\u015fabilirsiniz.<\/p>\n<p>Bakanl\u0131k, yapt\u0131\u011f\u0131 a\u00e7\u0131klamada, g\u00fcncel ihtiya\u00e7lar ve sorunlar do\u011frultusunda Y\u00f6netmelik&#8217;e t\u00fcketicileri koruyucu ilave d\u00fczenlemelerin getirildi\u011fini ifade etmi\u015ftir. Buna ilave olarak Y\u00f6netmelik, g\u00fcn\u00fcm\u00fcz teknolojileri kapsam\u0131nda g\u00fcncellenmi\u015f ve baz\u0131 maddelerde yer alan faks gibi ileti\u015fim ara\u00e7lar\u0131n\u0131n yerine eposta veya k\u0131sa mesaj gibi ara\u00e7lar\u0131n kullan\u0131lmas\u0131 \u00f6ng\u00f6r\u00fclm\u00fc\u015f ve sistematik b\u00fct\u00fcnl\u00fc\u011f\u00fcn sa\u011flanmas\u0131 ad\u0131na h\u00fck\u00fcmlerde kozmetik de\u011fi\u015fiklikler yap\u0131lm\u0131\u015ft\u0131r.<\/p>\n<p><strong>De\u011fi\u015fiklik&#8217;in Getirdi\u011fi Yenilikler Neler?<\/strong><br \/>\n<em><strong><u>A.Y\u00f6netmelik&#8217;in kapsam\u0131<\/u><\/strong><\/em><\/p>\n<p>De\u011fi\u015fiklik ile birlikte i) al\u0131\u015fveri\u015f merkezlerinde yap\u0131lan sat\u0131\u015flar, ii) temizlik hizmetleri, iii) bahis, \u00e7ekili\u015f, piyango ve benzeri \u015fans oyunlar\u0131na ili\u015fkin hizmetler ve iv) belirli bir tarihte veya d\u00f6nemde yap\u0131lmas\u0131 gereken konaklama, e\u015fya ta\u015f\u0131ma, araba kiralama, yiyecek-i\u00e7ecek tedariki ve bo\u015f zaman\u0131n e\u011flence veya dinlenme amac\u0131yla de\u011ferlendirilmesi ile ilgili s\u00f6zle\u015fmeler Y\u00f6netmelik&#8217;in kapsam\u0131 d\u0131\u015f\u0131nda b\u0131rak\u0131lm\u0131\u015ft\u0131r.<\/p>\n<p>\u0130laveten, De\u011fi\u015fiklik&#8217;ten \u00f6nce mal veya hizmet bedeli 30 TL&#8217;yi a\u015fmayan sat\u0131\u015flara ili\u015fkin s\u00f6zle\u015fmeler Y\u00f6netmelik&#8217;in kapsam\u0131 d\u0131\u015f\u0131nda b\u0131rak\u0131lm\u0131\u015ft\u0131. De\u011fi\u015fiklik ile beraber bu s\u0131n\u0131r 250 TL olarak g\u00fcncellenmi\u015ftir. Buna g\u00f6re, De\u011fi\u015fiklik&#8217;in y\u00fcr\u00fcrl\u00fc\u011fe girece\u011fi 1 Ocak 2025 tarihi itibariyle mal veya hizmet bedeli 250 TL&#8217;yi a\u015fmayan sat\u0131\u015flara ili\u015fkin s\u00f6zle\u015fmelere Y\u00f6netmelik h\u00fck\u00fcmleri uygulanmayacakt\u0131r.<\/p>\n<p>Ayr\u0131ca, 250 TL tutar\u0131ndaki s\u00f6z konusu parasal s\u0131n\u0131r\u0131n 213 say\u0131l\u0131 Vergi Usul Kanunu uyar\u0131nca tespit ve ilan edilen yeniden de\u011ferleme oran\u0131nda, takvim y\u0131l\u0131 ba\u015f\u0131ndan ge\u00e7erli olmak \u00fczere her y\u0131l art\u0131r\u0131larak uygulanaca\u011f\u0131 \u00f6ng\u00f6r\u00fclm\u00fc\u015ft\u00fcr.<br \/>\n<em><strong><u>B.Sat\u0131c\u0131 veya sa\u011flay\u0131c\u0131n\u0131n \u00f6n bilgilendirme y\u00fck\u00fcml\u00fcl\u00fc\u011f\u00fc<\/u><\/strong><\/em><\/p>\n<p>Sat\u0131c\u0131 veya sa\u011flay\u0131c\u0131n\u0131n, i\u015fyeri d\u0131\u015f\u0131nda kurulan s\u00f6zle\u015fme ya da buna kar\u015f\u0131l\u0131k gelen herhangi bir teklif ile ba\u011flanmadan \u00f6nce t\u00fcketiciye yapmas\u0131 gereken \u00f6n bilgilendirme y\u00fck\u00fcml\u00fcl\u00fc\u011f\u00fcn\u00fcn kapsam\u0131na, Mesafeli S\u00f6zle\u015fmeler Y\u00f6netmeli\u011fi ile paralel \u015fekilde, i) cayma hakk\u0131n\u0131n kullan\u0131lma s\u00fcresi ve usul\u00fc, ii) cayma hakk\u0131n\u0131n kaybedilece\u011fi durumlarda bu hakk\u0131n hangi ko\u015fullarda kaybedilece\u011fi ve iii) Y\u00f6netmelik&#8217;in 14. maddesinde belirlenmi\u015f cayma hakk\u0131n\u0131n istisnalar\u0131na ili\u015fkin durumlardan birinin varl\u0131\u011f\u0131 halinde t\u00fcketicinin bu haktan faydalanamayaca\u011f\u0131na ili\u015fkin bilgilendirmelerde bulunma y\u00fck\u00fcml\u00fcl\u00fc\u011f\u00fc eklenmi\u015ftir.<br \/>\n<em><strong><u>C.S\u00f6zle\u015fmenin zorunlu i\u00e7eri\u011fi<\/u><\/strong><\/em><\/p>\n<p>De\u011fi\u015fiklik ile birlikte Y\u00f6netmelik kapsam\u0131nda kurulacak s\u00f6zle\u015fmelerde a\u015fa\u011f\u0131daki hususlar\u0131n da bulunmas\u0131 zorunlu hale getirilmi\u015ftir:<\/p>\n<ul>\n<li>Sat\u0131c\u0131n\u0131n, t\u00fcketicinin irtibat kurmas\u0131na imkan veren eposta adresi;<\/li>\n<li>S\u00f6zle\u015fmenin kuruldu\u011fu il ve il\u00e7e;<\/li>\n<li>Cayma bildiriminin yap\u0131laca\u011f\u0131 elektronik posta bilgisi ve t\u00fcketicinin k\u0131sa mesaj g\u00f6nderebilece\u011fi telefon numaras\u0131;<\/li>\n<li>T\u00fcketicilerin uyu\u015fmazl\u0131k konusundaki ba\u015fvurular\u0131 i\u00e7in, t\u00fcketici mahkemeleri \u00f6n\u00fcnde dava a\u00e7madan \u00f6nce 6502 say\u0131l\u0131 T\u00fcketicinin Korunmas\u0131 Hakk\u0131nda Kanun&#8217;un 73\/A maddesi ile bir dava \u015fart\u0131 olarak \u00f6ng\u00f6r\u00fclen arabulucuya ba\u015fvurma \u015fart\u0131;<\/li>\n<li>Sat\u0131c\u0131 veya sa\u011flay\u0131c\u0131ya, t\u00fcketicinin kendi el yaz\u0131s\u0131 ile a\u015fa\u011f\u0131daki ifadeleri s\u00f6zle\u015fmeye yazmas\u0131n\u0131 sa\u011flama y\u00fck\u00fcml\u00fcl\u00fc\u011f\u00fc getirilmi\u015ftir:\n<ul>\n<li>Cayma hakk\u0131n\u0131n kullan\u0131labildi\u011fi s\u00f6zle\u015fmeler i\u00e7in &#8220;<em>On d\u00f6rt g\u00fcn i\u00e7inde cayma hakk\u0131m\u0131n oldu\u011fu ve bu hakk\u0131 s\u00f6zl\u00fc olarak kullanamayaca\u011f\u0131m konusunda bilgilendirildim. S\u00f6zle\u015fmenin bir \u00f6rne\u011fini ve \u00f6rnek cayma formunu elden teslim ald\u0131m.<\/em>&#8220;,<\/li>\n<li>Y\u00f6netmelik&#8217;in 14. maddesi uyar\u0131nca cayma hakk\u0131n\u0131n kullan\u0131lamad\u0131\u011f\u0131 durumlarda \u201c<em>Bu s\u00f6zle\u015fmede cayma hakk\u0131m\u0131 kullanamayaca\u011f\u0131m\u0131n fark\u0131nday\u0131m.<\/em>&#8220;,<\/li>\n<li>Cayma hakk\u0131n\u0131n kaybedilece\u011fi durumlarda &#8220;<em>Bu s\u00f6zle\u015fmeye konu mal\u0131n ambalaj\u0131n\u0131n veya koruyucu unsurlar\u0131n\u0131n a\u00e7\u0131lmas\u0131 halinde cayma hakk\u0131m\u0131 kaybedece\u011fimin fark\u0131nday\u0131m.<\/em>&#8220;<\/li>\n<\/ul>\n<\/li>\n<\/ul>\n<p><em><strong><u>D.Cayma hakk\u0131<\/u><\/strong><\/em><\/p>\n<p>De\u011fi\u015fiklik&#8217;ten \u00f6nce i) mal\u0131n tesliminden sonra ambalaj\u0131n a\u00e7\u0131lm\u0131\u015f olmas\u0131 halinde maddi ortamda sunulan dijital i\u00e7erik ile ii) cayma hakk\u0131 s\u00fcresi sona ermeden \u00f6nce t\u00fcketicinin onay\u0131 ile ifas\u0131na ba\u015flanan hizmetlere ili\u015fkin s\u00f6zle\u015fmeler i\u00e7in taraflarca aksine bir anla\u015fma olmad\u0131k\u00e7a cayma hakk\u0131n\u0131n kullan\u0131lamayaca\u011f\u0131 d\u00fczenlenmi\u015fti. Ancak De\u011fi\u015fiklik ile bu t\u00fcr mal ve hizmetler Y\u00f6netmelik&#8217;in cayma hakk\u0131n\u0131n istisnalar\u0131n\u0131 d\u00fczenleyen 14. maddesinden \u00e7\u0131kar\u0131lm\u0131\u015ft\u0131r.<br \/>\n<em><strong><u>E.Yetki belgesi ba\u015fvurular\u0131<\/u><\/strong><\/em><\/p>\n<p>1 Ocak 2025 tarihi itibariyle, sat\u0131c\u0131 veya sa\u011flay\u0131c\u0131lar\u0131n yapacaklar\u0131 yetki belgesi ba\u015fvurular\u0131nda daha \u00f6nce belirlenen bilgi ve belgelere ilaveten a\u015fa\u011f\u0131daki bilgi ve belgelerin sunulmas\u0131 da zorunlu hale getirilmi\u015ftir.<\/p>\n<ul>\n<li>Sat\u0131c\u0131 veya sa\u011flay\u0131c\u0131n\u0131n kay\u0131tl\u0131 oldu\u011fu odadan alaca\u011f\u0131 faaliyet belgesine alternatif olarak sicil tasdiknamesi sunulabilecektir.<\/li>\n<li>Sat\u0131c\u0131 veya sa\u011flay\u0131c\u0131n\u0131n defter tutma y\u00fck\u00fcml\u00fcl\u00fc\u011f\u00fcne g\u00f6re serbest muhasebeci mali m\u00fc\u015favir veya yeminli mali m\u00fc\u015favir taraf\u0131ndan onayl\u0131 en son tarihli bilan\u00e7o ile gelir tablosuna alternatif olarak i\u015fletme hesap \u00f6zeti ya da yeni i\u015fe ba\u015flamalar\u0131 halinde a\u00e7\u0131l\u0131\u015f bilan\u00e7osu ve yoklama fi\u015fi sunulabilecektir.<\/li>\n<li>Sat\u0131\u015fa konu edilen mal veya hizmetlerin fiyat listesi sunulacakt\u0131r.<\/li>\n<\/ul>\n<p>Ticaret \u0130l M\u00fcd\u00fcrl\u00fckleri taraf\u0131ndan t\u00fcketicilerin sa\u011fl\u0131k ve g\u00fcvenli\u011fi ile ekonomik \u00e7\u0131karlar\u0131n\u0131 korumak amac\u0131yla Y\u00f6netmelik&#8217;in 20. maddesinde say\u0131lanlara ilave ek bilgi ve belge istenebilece\u011fi d\u00fczenlenmi\u015ftir.<\/p>\n<p>2 y\u0131ll\u0131k ge\u00e7erlilik s\u00fcresi dolmadan yenileme ba\u015fvurusunda bulunulmu\u015f olmas\u0131 \u015fart\u0131yla, yetki belgesinin ge\u00e7erlilik s\u00fcresi, ba\u015fvuru sonu\u00e7lan\u0131ncaya kadar azami 1 ay s\u00fcreyle uzat\u0131lm\u0131\u015f kabul edilecektir.<\/p>\n<p>Ge\u00e7erlilik s\u00fcresi 1 Nisan 2025 tarihinden sonra devam eden i\u015f yeri d\u0131\u015f\u0131nda sat\u0131\u015f yetki belgelerinin bu tarihe kadar yenilenmesi gerekmektedir.<br \/>\n<em><strong><u>F.Yetki belgesi iptali<\/u><\/strong><\/em><\/p>\n<p>Y\u00f6netmelik&#8217;e ayk\u0131r\u0131 uygulamalar\u0131n tespit edilmesi sonucunda yap\u0131lacak uyar\u0131ya ra\u011fmen, uyar\u0131n\u0131n tebli\u011f tarihinden itibaren 1 y\u0131l i\u00e7inde Y\u00f6netmelik&#8217;e ayk\u0131r\u0131 herhangi bir uygulaman\u0131n tespit edilmesi halinde ilgili sat\u0131c\u0131 veya sa\u011flay\u0131c\u0131n\u0131n yetki belgesi Ticaret \u0130l M\u00fcd\u00fcrl\u00fc\u011f\u00fc taraf\u0131ndan iptal edilecektir.<\/p>\n<p>Yetki belgesi iptal edilen sat\u0131c\u0131 veya sa\u011flay\u0131c\u0131lar ile bunlar\u0131n y\u00f6neticisi, y\u00f6netim kurulu \u00fcyesi veya temsile yetkili ortak oldu\u011fu di\u011fer sat\u0131c\u0131 veya sa\u011flay\u0131c\u0131lara, iptal tarihinden itibaren 1 y\u0131l s\u00fcreyle yetki belgesi verilmeyecektir.<\/p>\n<p>Yetki belgesinin i\u015f yeri d\u0131\u015f\u0131nda kurulan s\u00f6zle\u015fmeler d\u0131\u015f\u0131nda kullan\u0131lmas\u0131 halinde sat\u0131c\u0131 veya sa\u011flay\u0131c\u0131n\u0131n yetki belgesi uyar\u0131 yap\u0131lmaks\u0131z\u0131n iptal edilecek ve yeniden yetki belgesi verilmeyecektir.<\/p>\n<p><strong>Sonu\u00e7<\/strong><\/p>\n<p>\u0130\u015f yeri d\u0131\u015f\u0131nda sat\u0131\u015f yapan sat\u0131c\u0131 ve sa\u011flay\u0131c\u0131lar, s\u00f6z konusu De\u011fi\u015fiklik&#8217;i inceleyerek, yetki belgesi ba\u015fvurular\u0131 bak\u0131m\u0131ndan \u00f6ng\u00f6r\u00fclen ko\u015fullar ile kendileri bak\u0131m\u0131ndan \u00f6ng\u00f6r\u00fclen yeni y\u00fck\u00fcml\u00fcl\u00fcklere uygun hareket etmeli ve sat\u0131\u015f faaliyetlerinde s\u00f6z konusu De\u011fi\u015fiklik&#8217;i g\u00f6z \u00f6n\u00fcnde bulundurmal\u0131d\u0131r.<\/p>\n","protected":false},"excerpt":{"rendered":"<p>Yeni Geli\u015fme Ticaret Bakanl\u0131\u011f\u0131 (&#8220;Bakanl\u0131k&#8220;), 23 A\u011fustos 2024 tarihli ve 32641 say\u0131l\u0131 Resmi Gazete&#8217;de yay\u0131mlanan \u0130\u015f Yeri D\u0131\u015f\u0131nda Kurulan S\u00f6zle\u015fmeler [&hellip;]<\/p>\n","protected":false},"author":4,"featured_media":0,"comment_status":"closed","ping_status":"closed","sticky":false,"template":"","format":"standard","meta":{"_acf_changed":false,"_stopmodifiedupdate":false,"_modified_date":"","footnotes":""},"categories":[120],"tags":[94],"class_list":["post-27980","post","type-post","status-publish","format-standard","hentry","category-legal-alerts","tag-international-commercial-and-trade-tr"],"acf":[],"yoast_head":"<!-- This site is optimized with the Yoast SEO plugin v24.0 - https:\/\/yoast.com\/wordpress\/plugins\/seo\/ -->\n<title>Do\u011frudan Sat\u0131\u015flara \u0130li\u015fkin Yeni D\u00fczenlemeler<\/title>\n<meta name=\"description\" content=\"Yeni Geli\u015fme Ticaret Bakanl\u0131\u011f\u0131 (&quot;Bakanl\u0131k&quot;), 23 A\u011fustos 2024 tarihli ve 32641 say\u0131l\u0131 Resmi Gazete&#039;de yay\u0131mlanan \u0130\u015f Yeri D\u0131\u015f\u0131nda Kurulan S\u00f6zle\u015fmeler\" \/>\n<meta name=\"robots\" content=\"index, follow, max-snippet:-1, max-image-preview:large, max-video-preview:-1\" \/>\n<link rel=\"canonical\" href=\"https:\/\/www.esin.av.tr\/tr\/2024\/09\/02\/dogrudan-satislara-iliskin-yeni-duzenlemeler\/\" \/>\n<meta property=\"og:locale\" content=\"tr_TR\" \/>\n<meta property=\"og:type\" content=\"article\" \/>\n<meta property=\"og:title\" content=\"Do\u011frudan Sat\u0131\u015flara \u0130li\u015fkin Yeni D\u00fczenlemeler\" \/>\n<meta property=\"og:description\" content=\"Yeni Geli\u015fme Ticaret Bakanl\u0131\u011f\u0131 (&quot;Bakanl\u0131k&quot;), 23 A\u011fustos 2024 tarihli ve 32641 say\u0131l\u0131 Resmi Gazete&#039;de yay\u0131mlanan \u0130\u015f Yeri D\u0131\u015f\u0131nda Kurulan S\u00f6zle\u015fmeler\" \/>\n<meta property=\"og:url\" content=\"https:\/\/www.esin.av.tr\/tr\/2024\/09\/02\/dogrudan-satislara-iliskin-yeni-duzenlemeler\/\" \/>\n<meta property=\"og:site_name\" content=\"Esin Avukatl\u0131k Ortakl\u0131\u011f\u0131\" \/>\n<meta property=\"article:published_time\" content=\"2024-09-02T08:03:24+00:00\" \/>\n<meta name=\"author\" content=\"R\u0131dvan Konrat\" \/>\n<meta name=\"twitter:card\" content=\"summary_large_image\" \/>\n<meta name=\"twitter:label1\" content=\"Written by\" \/>\n\t<meta name=\"twitter:data1\" content=\"R\u0131dvan Konrat\" \/>\n\t<meta name=\"twitter:label2\" content=\"Est. reading time\" \/>\n\t<meta name=\"twitter:data2\" content=\"6 minutes\" \/>\n<script type=\"application\/ld+json\" class=\"yoast-schema-graph\">{\"@context\":\"https:\/\/schema.org\",\"@graph\":[{\"@type\":\"Article\",\"@id\":\"https:\/\/www.esin.av.tr\/tr\/2024\/09\/02\/dogrudan-satislara-iliskin-yeni-duzenlemeler\/#article\",\"isPartOf\":{\"@id\":\"https:\/\/www.esin.av.tr\/tr\/2024\/09\/02\/dogrudan-satislara-iliskin-yeni-duzenlemeler\/\"},\"author\":{\"name\":\"R\u0131dvan Konrat\",\"@id\":\"https:\/\/www.esin.av.tr\/tr\/#\/schema\/person\/42c8e616aab56b8622fa365ad63282ae\"},\"headline\":\"Do\u011frudan Sat\u0131\u015flara \u0130li\u015fkin Yeni D\u00fczenlemeler\",\"datePublished\":\"2024-09-02T08:03:24+00:00\",\"dateModified\":\"2024-09-02T08:03:24+00:00\",\"mainEntityOfPage\":{\"@id\":\"https:\/\/www.esin.av.tr\/tr\/2024\/09\/02\/dogrudan-satislara-iliskin-yeni-duzenlemeler\/\"},\"wordCount\":1330,\"publisher\":{\"@id\":\"https:\/\/www.esin.av.tr\/tr\/#organization\"},\"keywords\":[\"Uluslararas\u0131 Ticaret Hukuku\"],\"articleSection\":[\"Hukuk B\u00fcltenleri\"],\"inLanguage\":\"tr\"},{\"@type\":\"WebPage\",\"@id\":\"https:\/\/www.esin.av.tr\/tr\/2024\/09\/02\/dogrudan-satislara-iliskin-yeni-duzenlemeler\/\",\"url\":\"https:\/\/www.esin.av.tr\/tr\/2024\/09\/02\/dogrudan-satislara-iliskin-yeni-duzenlemeler\/\",\"name\":\"Do\u011frudan Sat\u0131\u015flara \u0130li\u015fkin Yeni D\u00fczenlemeler\",\"isPartOf\":{\"@id\":\"https:\/\/www.esin.av.tr\/tr\/#website\"},\"datePublished\":\"2024-09-02T08:03:24+00:00\",\"dateModified\":\"2024-09-02T08:03:24+00:00\",\"description\":\"Yeni Geli\u015fme Ticaret Bakanl\u0131\u011f\u0131 (\\\"Bakanl\u0131k\\\"), 23 A\u011fustos 2024 tarihli ve 32641 say\u0131l\u0131 Resmi Gazete'de yay\u0131mlanan \u0130\u015f Yeri D\u0131\u015f\u0131nda Kurulan S\u00f6zle\u015fmeler\",\"breadcrumb\":{\"@id\":\"https:\/\/www.esin.av.tr\/tr\/2024\/09\/02\/dogrudan-satislara-iliskin-yeni-duzenlemeler\/#breadcrumb\"},\"inLanguage\":\"tr\",\"potentialAction\":[{\"@type\":\"ReadAction\",\"target\":[\"https:\/\/www.esin.av.tr\/tr\/2024\/09\/02\/dogrudan-satislara-iliskin-yeni-duzenlemeler\/\"]}]},{\"@type\":\"BreadcrumbList\",\"@id\":\"https:\/\/www.esin.av.tr\/tr\/2024\/09\/02\/dogrudan-satislara-iliskin-yeni-duzenlemeler\/#breadcrumb\",\"itemListElement\":[{\"@type\":\"ListItem\",\"position\":1,\"name\":\"Home\",\"item\":\"https:\/\/www.esin.av.tr\/tr\/\"},{\"@type\":\"ListItem\",\"position\":2,\"name\":\"Do\u011frudan Sat\u0131\u015flara \u0130li\u015fkin Yeni D\u00fczenlemeler\"}]},{\"@type\":\"WebSite\",\"@id\":\"https:\/\/www.esin.av.tr\/tr\/#website\",\"url\":\"https:\/\/www.esin.av.tr\/tr\/\",\"name\":\"Esin Avukatl\u0131k Ortakl\u0131\u011f\u0131\",\"description\":\"\",\"publisher\":{\"@id\":\"https:\/\/www.esin.av.tr\/tr\/#organization\"},\"potentialAction\":[{\"@type\":\"SearchAction\",\"target\":{\"@type\":\"EntryPoint\",\"urlTemplate\":\"https:\/\/www.esin.av.tr\/tr\/?s={search_term_string}\"},\"query-input\":{\"@type\":\"PropertyValueSpecification\",\"valueRequired\":true,\"valueName\":\"search_term_string\"}}],\"inLanguage\":\"tr\"},{\"@type\":\"Organization\",\"@id\":\"https:\/\/www.esin.av.tr\/tr\/#organization\",\"name\":\"Esin Avukatl\u0131k Ortakl\u0131\u011f\u0131\",\"url\":\"https:\/\/www.esin.av.tr\/tr\/\",\"logo\":{\"@type\":\"ImageObject\",\"inLanguage\":\"tr\",\"@id\":\"https:\/\/www.esin.av.tr\/tr\/#\/schema\/logo\/image\/\",\"url\":\"https:\/\/www.esin.av.tr\/wp-content\/uploads\/2021\/09\/esin-2.jpg\",\"contentUrl\":\"https:\/\/www.esin.av.tr\/wp-content\/uploads\/2021\/09\/esin-2.jpg\",\"width\":800,\"height\":460,\"caption\":\"Esin Avukatl\u0131k Ortakl\u0131\u011f\u0131\"},\"image\":{\"@id\":\"https:\/\/www.esin.av.tr\/tr\/#\/schema\/logo\/image\/\"}},{\"@type\":\"Person\",\"@id\":\"https:\/\/www.esin.av.tr\/tr\/#\/schema\/person\/42c8e616aab56b8622fa365ad63282ae\",\"name\":\"R\u0131dvan Konrat\",\"image\":{\"@type\":\"ImageObject\",\"inLanguage\":\"tr\",\"@id\":\"https:\/\/www.esin.av.tr\/tr\/#\/schema\/person\/image\/\",\"url\":\"https:\/\/secure.gravatar.com\/avatar\/b20c6c583be38ed4e76e32f69fccc676?s=96&d=mm&r=g\",\"contentUrl\":\"https:\/\/secure.gravatar.com\/avatar\/b20c6c583be38ed4e76e32f69fccc676?s=96&d=mm&r=g\",\"caption\":\"R\u0131dvan Konrat\"},\"sameAs\":[\"http:\/\/www.esin.av.tr\"],\"url\":\"https:\/\/www.esin.av.tr\/tr\/author\/rkonrat\/\"}]}<\/script>\n<!-- \/ Yoast SEO plugin. -->","yoast_head_json":{"title":"Do\u011frudan Sat\u0131\u015flara \u0130li\u015fkin Yeni D\u00fczenlemeler","description":"Yeni Geli\u015fme Ticaret Bakanl\u0131\u011f\u0131 (\"Bakanl\u0131k\"), 23 A\u011fustos 2024 tarihli ve 32641 say\u0131l\u0131 Resmi Gazete'de yay\u0131mlanan \u0130\u015f Yeri D\u0131\u015f\u0131nda Kurulan S\u00f6zle\u015fmeler","robots":{"index":"index","follow":"follow","max-snippet":"max-snippet:-1","max-image-preview":"max-image-preview:large","max-video-preview":"max-video-preview:-1"},"canonical":"https:\/\/www.esin.av.tr\/tr\/2024\/09\/02\/dogrudan-satislara-iliskin-yeni-duzenlemeler\/","og_locale":"tr_TR","og_type":"article","og_title":"Do\u011frudan Sat\u0131\u015flara \u0130li\u015fkin Yeni D\u00fczenlemeler","og_description":"Yeni Geli\u015fme Ticaret Bakanl\u0131\u011f\u0131 (\"Bakanl\u0131k\"), 23 A\u011fustos 2024 tarihli ve 32641 say\u0131l\u0131 Resmi Gazete'de yay\u0131mlanan \u0130\u015f Yeri D\u0131\u015f\u0131nda Kurulan S\u00f6zle\u015fmeler","og_url":"https:\/\/www.esin.av.tr\/tr\/2024\/09\/02\/dogrudan-satislara-iliskin-yeni-duzenlemeler\/","og_site_name":"Esin Avukatl\u0131k Ortakl\u0131\u011f\u0131","article_published_time":"2024-09-02T08:03:24+00:00","author":"R\u0131dvan Konrat","twitter_card":"summary_large_image","twitter_misc":{"Written by":"R\u0131dvan Konrat","Est. reading time":"6 minutes"},"schema":{"@context":"https:\/\/schema.org","@graph":[{"@type":"Article","@id":"https:\/\/www.esin.av.tr\/tr\/2024\/09\/02\/dogrudan-satislara-iliskin-yeni-duzenlemeler\/#article","isPartOf":{"@id":"https:\/\/www.esin.av.tr\/tr\/2024\/09\/02\/dogrudan-satislara-iliskin-yeni-duzenlemeler\/"},"author":{"name":"R\u0131dvan Konrat","@id":"https:\/\/www.esin.av.tr\/tr\/#\/schema\/person\/42c8e616aab56b8622fa365ad63282ae"},"headline":"Do\u011frudan Sat\u0131\u015flara \u0130li\u015fkin Yeni D\u00fczenlemeler","datePublished":"2024-09-02T08:03:24+00:00","dateModified":"2024-09-02T08:03:24+00:00","mainEntityOfPage":{"@id":"https:\/\/www.esin.av.tr\/tr\/2024\/09\/02\/dogrudan-satislara-iliskin-yeni-duzenlemeler\/"},"wordCount":1330,"publisher":{"@id":"https:\/\/www.esin.av.tr\/tr\/#organization"},"keywords":["Uluslararas\u0131 Ticaret Hukuku"],"articleSection":["Hukuk B\u00fcltenleri"],"inLanguage":"tr"},{"@type":"WebPage","@id":"https:\/\/www.esin.av.tr\/tr\/2024\/09\/02\/dogrudan-satislara-iliskin-yeni-duzenlemeler\/","url":"https:\/\/www.esin.av.tr\/tr\/2024\/09\/02\/dogrudan-satislara-iliskin-yeni-duzenlemeler\/","name":"Do\u011frudan Sat\u0131\u015flara \u0130li\u015fkin Yeni D\u00fczenlemeler","isPartOf":{"@id":"https:\/\/www.esin.av.tr\/tr\/#website"},"datePublished":"2024-09-02T08:03:24+00:00","dateModified":"2024-09-02T08:03:24+00:00","description":"Yeni Geli\u015fme Ticaret Bakanl\u0131\u011f\u0131 (\"Bakanl\u0131k\"), 23 A\u011fustos 2024 tarihli ve 32641 say\u0131l\u0131 Resmi Gazete'de yay\u0131mlanan \u0130\u015f Yeri D\u0131\u015f\u0131nda Kurulan S\u00f6zle\u015fmeler","breadcrumb":{"@id":"https:\/\/www.esin.av.tr\/tr\/2024\/09\/02\/dogrudan-satislara-iliskin-yeni-duzenlemeler\/#breadcrumb"},"inLanguage":"tr","potentialAction":[{"@type":"ReadAction","target":["https:\/\/www.esin.av.tr\/tr\/2024\/09\/02\/dogrudan-satislara-iliskin-yeni-duzenlemeler\/"]}]},{"@type":"BreadcrumbList","@id":"https:\/\/www.esin.av.tr\/tr\/2024\/09\/02\/dogrudan-satislara-iliskin-yeni-duzenlemeler\/#breadcrumb","itemListElement":[{"@type":"ListItem","position":1,"name":"Home","item":"https:\/\/www.esin.av.tr\/tr\/"},{"@type":"ListItem","position":2,"name":"Do\u011frudan Sat\u0131\u015flara \u0130li\u015fkin Yeni D\u00fczenlemeler"}]},{"@type":"WebSite","@id":"https:\/\/www.esin.av.tr\/tr\/#website","url":"https:\/\/www.esin.av.tr\/tr\/","name":"Esin Avukatl\u0131k Ortakl\u0131\u011f\u0131","description":"","publisher":{"@id":"https:\/\/www.esin.av.tr\/tr\/#organization"},"potentialAction":[{"@type":"SearchAction","target":{"@type":"EntryPoint","urlTemplate":"https:\/\/www.esin.av.tr\/tr\/?s={search_term_string}"},"query-input":{"@type":"PropertyValueSpecification","valueRequired":true,"valueName":"search_term_string"}}],"inLanguage":"tr"},{"@type":"Organization","@id":"https:\/\/www.esin.av.tr\/tr\/#organization","name":"Esin Avukatl\u0131k Ortakl\u0131\u011f\u0131","url":"https:\/\/www.esin.av.tr\/tr\/","logo":{"@type":"ImageObject","inLanguage":"tr","@id":"https:\/\/www.esin.av.tr\/tr\/#\/schema\/logo\/image\/","url":"https:\/\/www.esin.av.tr\/wp-content\/uploads\/2021\/09\/esin-2.jpg","contentUrl":"https:\/\/www.esin.av.tr\/wp-content\/uploads\/2021\/09\/esin-2.jpg","width":800,"height":460,"caption":"Esin Avukatl\u0131k Ortakl\u0131\u011f\u0131"},"image":{"@id":"https:\/\/www.esin.av.tr\/tr\/#\/schema\/logo\/image\/"}},{"@type":"Person","@id":"https:\/\/www.esin.av.tr\/tr\/#\/schema\/person\/42c8e616aab56b8622fa365ad63282ae","name":"R\u0131dvan Konrat","image":{"@type":"ImageObject","inLanguage":"tr","@id":"https:\/\/www.esin.av.tr\/tr\/#\/schema\/person\/image\/","url":"https:\/\/secure.gravatar.com\/avatar\/b20c6c583be38ed4e76e32f69fccc676?s=96&d=mm&r=g","contentUrl":"https:\/\/secure.gravatar.com\/avatar\/b20c6c583be38ed4e76e32f69fccc676?s=96&d=mm&r=g","caption":"R\u0131dvan Konrat"},"sameAs":["http:\/\/www.esin.av.tr"],"url":"https:\/\/www.esin.av.tr\/tr\/author\/rkonrat\/"}]}},"_links":{"self":[{"href":"https:\/\/www.esin.av.tr\/tr\/wp-json\/wp\/v2\/posts\/27980","targetHints":{"allow":["GET"]}}],"collection":[{"href":"https:\/\/www.esin.av.tr\/tr\/wp-json\/wp\/v2\/posts"}],"about":[{"href":"https:\/\/www.esin.av.tr\/tr\/wp-json\/wp\/v2\/types\/post"}],"author":[{"embeddable":true,"href":"https:\/\/www.esin.av.tr\/tr\/wp-json\/wp\/v2\/users\/4"}],"replies":[{"embeddable":true,"href":"https:\/\/www.esin.av.tr\/tr\/wp-json\/wp\/v2\/comments?post=27980"}],"version-history":[{"count":1,"href":"https:\/\/www.esin.av.tr\/tr\/wp-json\/wp\/v2\/posts\/27980\/revisions"}],"predecessor-version":[{"id":27981,"href":"https:\/\/www.esin.av.tr\/tr\/wp-json\/wp\/v2\/posts\/27980\/revisions\/27981"}],"wp:attachment":[{"href":"https:\/\/www.esin.av.tr\/tr\/wp-json\/wp\/v2\/media?parent=27980"}],"wp:term":[{"taxonomy":"category","embeddable":true,"href":"https:\/\/www.esin.av.tr\/tr\/wp-json\/wp\/v2\/categories?post=27980"},{"taxonomy":"post_tag","embeddable":true,"href":"https:\/\/www.esin.av.tr\/tr\/wp-json\/wp\/v2\/tags?post=27980"}],"curies":[{"name":"wp","href":"https:\/\/api.w.org\/{rel}","templated":true}]}}