{"id":27862,"date":"2024-07-22T13:30:58","date_gmt":"2024-07-22T13:30:58","guid":{"rendered":"https:\/\/www.esin.av.tr\/?p=27862"},"modified":"2024-07-22T13:30:58","modified_gmt":"2024-07-22T13:30:58","slug":"tuketici-kanunu-ve-e-ticaret-kanununda-onemli-degisiklikler","status":"publish","type":"post","link":"https:\/\/www.esin.av.tr\/tr\/2024\/07\/22\/tuketici-kanunu-ve-e-ticaret-kanununda-onemli-degisiklikler\/","title":{"rendered":"T\u00fcketici Kanunu ve E-Ticaret Kanunu&#8217;nda \u00d6nemli De\u011fi\u015fiklikler"},"content":{"rendered":"<p><strong>Yeni Geli\u015fme<\/strong><\/p>\n<p>18 Temmuz 2024 tarihinde T\u00fcketicinin Korunmas\u0131 Hakk\u0131nda Kanun ile Baz\u0131 Kanunlarda De\u011fi\u015fiklik Yap\u0131lmas\u0131na Dair Kanun Teklifi (&#8220;<strong>Teklif<\/strong>&#8220;) T\u00fcrkiye B\u00fcy\u00fck Millet Meclisi&#8217;ne sunuldu. Teklif, 6502 say\u0131l\u0131 T\u00fcketicinin Korunmas\u0131 Hakk\u0131nda Kanun (&#8220;<strong>T\u00fcketicinin Korunmas\u0131 Hakk\u0131nda Kanun<\/strong>&#8220;) ve 6563 say\u0131l\u0131 Elektronik Ticaretin D\u00fczenlenmesi Hakk\u0131nda Kanun (&#8220;<strong>E-Ticaret Kanunu<\/strong>&#8220;) bak\u0131m\u0131ndan \u00f6nemli de\u011fi\u015fiklikler getirmektedir.<\/p>\n<p>Do\u011frudan sat\u0131\u015f sistemine ve bu sisteme ayk\u0131r\u0131l\u0131k bak\u0131m\u0131ndan getirilmesi planlanan idari para cezalar\u0131na ili\u015fkin h\u00fck\u00fcmlerin Teklif&#8217;in Resmi Gazete&#8217;de yay\u0131mlanmas\u0131ndan itibaren 9 ay sonra, di\u011fer d\u00fczenlemelerin ise yay\u0131m tarihinde y\u00fcr\u00fcrl\u00fc\u011fe girmesi \u00f6ng\u00f6r\u00fclmektedir.<\/p>\n<p>Teklif metnine <a href=\"https:\/\/urldefense.com\/v3\/__https:\/esinxchange.com\/collect\/click.aspx?u=WGQ2b1RMczJrc015MFJkZHNaQmkraWcrYitGR3VPZVo0M3hvMG13T29kdXJRemRqZE9UVDRUdnQ4WUZESG41Q1JVT0NTQlFKa2RLUGxFVmgzdXhsUEZ0c1pzSHFaWk9EUlFXN0lBMEdGbzVzZlkrV1UwTHRxRUlrVG9XeTk5Z0wvRjI5T1dQaDZnK09mL3R5RHd0WjBrNWR3WXdWU3BkcXFRTThkRGxRNWJJalFKclYzWFJJalE9PQ==&amp;rh=ff00cf2b502c11bc5ebfe1a8264c925e80a0e5db__;!!Hj9Y_P0nvg!R3LjBGPloPcQftc-76Gj_Qn0zEnZRZxUeVYCvmqUoSMMnGROEgT_OPpl0i58_bY8F4t6VU3JRR7JaYVjVh5IIKMZAQ$\">buradan<\/a> ula\u015fabilirsiniz.<\/p>\n<p><strong>Teklif&#8217;in \u00d6ng\u00f6rd\u00fc\u011f\u00fc Yenilikler Neler?<\/strong><\/p>\n<p>Teklif ile getirilen ba\u015fl\u0131ca de\u011fi\u015fiklikler a\u015fa\u011f\u0131daki gibidir:<\/p>\n<p><strong>A. \u00a0\u00a0\u00a0\u00a0T\u00fcketicinin Korunmas\u0131 Hakk\u0131nda Kanun&#8217;daki De\u011fi\u015fiklikler<\/strong><br \/>\n<em><strong>1. T\u00fcketici Kredisi S\u00f6zle\u015fmeleri<\/strong><\/em><\/p>\n<p>5411 say\u0131l\u0131 Bankac\u0131l\u0131k Kanunu (&#8220;<strong>Bankac\u0131l\u0131k Kanunu<\/strong>&#8220;) kapsam\u0131nda yer alan s\u00f6zle\u015fmelerin yaz\u0131l\u0131 veya uzaktan ileti\u015fim ara\u00e7lar\u0131yla mesafeli olarak ya da mesafeli olsun olmas\u0131n ilgili mevzuat \u00e7er\u00e7evesinde yaz\u0131l\u0131 \u015feklin yerine ge\u00e7ebilece\u011finin belirlendi\u011fi ve bir bili\u015fim veya elektronik haberle\u015fme cihaz\u0131 \u00fczerinden ger\u00e7ekle\u015ftirilebilecek ve t\u00fcketici kimli\u011finin do\u011frulanmas\u0131na imkan verecek y\u00f6ntemler yoluyla kurulabilece\u011fi d\u00fczenlenmi\u015ftir. Bankac\u0131l\u0131k Kanunu ile uyum sa\u011flayabilmek ad\u0131na T\u00fcketicinin Korunmas\u0131 Hakk\u0131nda Kanun kapsam\u0131nda kredi veren ile t\u00fcketiciler aras\u0131ndaki t\u00fcketici kredisi s\u00f6zle\u015fmelerinin yaz\u0131l\u0131 olarak kurulabilmelerinin yan\u0131nda mesafeli \u015fekilde de kurulabilmeleri \u00f6ng\u00f6r\u00fclm\u00fc\u015ft\u00fcr.<\/p>\n<p>2. <em><strong>Do\u011frudan Sat\u0131\u015f Sistemi<\/strong><\/em><\/p>\n<p>Teklif&#8217;ten \u00f6nce T\u00fcketicinin Korunmas\u0131 Hakk\u0131nda Kanun&#8217;un 47. maddesinde y\u00f6netmelikle d\u00fczenlenmesi \u00f6ng\u00f6r\u00fclen do\u011frudan sat\u0131\u015f sistemi, Kanun&#8217;a eklenmesi \u00f6ng\u00f6r\u00fclen 47\/A maddesi ile ayr\u0131nt\u0131l\u0131 olarak d\u00fczenleme alt\u0131na al\u0131nm\u0131\u015ft\u0131r. Bu kapsamda \u00f6ncelikle, do\u011frudan sat\u0131\u015f sistemi; do\u011frudan sat\u0131\u015f \u015firketi taraf\u0131ndan olu\u015fturulan ve i\u015f s\u00f6zle\u015fmesi ile istihdam edilmeyen, ba\u011f\u0131ms\u0131z temsilci, distrib\u00fct\u00f6r, dan\u0131\u015fman ve benzeri isimlerle komisyon, prim, te\u015fvik ve \u00f6d\u00fcl gibi menfaatler kar\u015f\u0131l\u0131\u011f\u0131nda faaliyet g\u00f6steren do\u011frudan sat\u0131c\u0131lar\u0131n t\u00fcketicilere mal veya hizmet pazarlad\u0131\u011f\u0131 sat\u0131\u015f sistemi olarak tan\u0131mlanm\u0131\u015ft\u0131r. Bunun yan\u0131nda do\u011frudan sat\u0131\u015f sistemine ili\u015fkin bir tak\u0131m ilke ve esaslar \u00f6ng\u00f6r\u00fclm\u00fc\u015ft\u00fcr.<\/p>\n<p>Do\u011frudan sat\u0131\u015f \u015firketlerinin sermaye \u015firketi \u015feklinde kurulmalar\u0131 ve daha sonra \u00e7\u0131kar\u0131lacak y\u00f6netmelikle belirlenecek di\u011fer ko\u015fullar\u0131 sa\u011flamalar\u0131 zorunlu tutulmu\u015ftur. Do\u011frudan sat\u0131\u015f sisteminin, elde edilecek kazanc\u0131n a\u011f\u0131rl\u0131kl\u0131 olarak sisteme yeni do\u011frudan sat\u0131c\u0131lar kazand\u0131r\u0131lmas\u0131 ve bu sayede ortaya \u00e7\u0131kan menfaatlerin da\u011f\u0131t\u0131lmas\u0131 \u00fczerine kurulmamas\u0131, mal veya hizmetin t\u00fcketicilere sat\u0131\u015f\u0131n\u0131 esas almas\u0131 ve daha sonra \u00e7\u0131kar\u0131lacak y\u00f6netmelikle belirlenecek di\u011fer ilkelere uygun olmas\u0131 gerekti\u011fi belirtilmi\u015ftir. Bu y\u00fck\u00fcml\u00fcl\u00fcklere ayk\u0131r\u0131l\u0131\u011f\u0131 tespit edilenler hakk\u0131nda her bir ayk\u0131r\u0131l\u0131k i\u00e7in 5.000.000 TL idari para cezas\u0131 uygulanmas\u0131 \u00f6ng\u00f6r\u00fclm\u00fc\u015ft\u00fcr.<\/p>\n<p>Do\u011frudan sat\u0131c\u0131lardan, sisteme dahil olmalar\u0131 veya sistemde kalmalar\u0131 i\u00e7in t\u00fcketiciye sat\u0131\u015f\u0131 \u00f6ng\u00f6r\u00fclen mal veya hizmeti i\u00e7ermeyen yenileme, paket, \u00fccret, aidat ve benzeri isimler alt\u0131nda herhangi bir bedel veya bor\u00e7 alt\u0131na sokan belge al\u0131nmas\u0131 yasaklanm\u0131\u015ft\u0131r. Do\u011frudan sat\u0131\u015f \u015firketinin belirledi\u011fi miktar ya da tutarda mal veya hizmet sat\u0131n al\u0131nmas\u0131 do\u011frudan sat\u0131c\u0131n\u0131n sistem i\u00e7indeki seviyesini belirleyemeyecektir. Do\u011frudan sat\u0131\u015f sistemi kapsam\u0131nda mal veya hizmet sat\u0131n alan t\u00fcketiciye 30 g\u00fcn i\u00e7inde herhangi bir gerek\u00e7e g\u00f6stermeksizin ve cezai \u015fart \u00f6demeksizin s\u00f6zle\u015fmeden cayma hakk\u0131 tan\u0131nm\u0131\u015ft\u0131r. Cayma hakk\u0131n\u0131 kulland\u0131\u011f\u0131na dair bildirimin bu s\u00fcre i\u00e7inde do\u011frudan sat\u0131c\u0131ya veya do\u011frudan sat\u0131\u015f \u015firketine y\u00f6neltilmi\u015f olmas\u0131 yeterli addedilmi\u015ftir. Bu d\u00fczenlemelere ayk\u0131r\u0131l\u0131\u011f\u0131 tespit edilenler hakk\u0131nda ayk\u0131r\u0131l\u0131\u011f\u0131 tespit edilen her bir i\u015flem i\u00e7in 2.200 TL idari para cezas\u0131 uygulanmas\u0131 \u00f6ng\u00f6r\u00fclm\u00fc\u015ft\u00fcr.<\/p>\n<p>Do\u011frudan sat\u0131\u015f \u015firketi, Ticaret Bakanl\u0131\u011f\u0131 taraf\u0131ndan belirlenen hususlarda t\u00fcketicinin bilgilendirilmesini, talep ve bildirimlerini iletebilmesini sa\u011flayan bir sistem kurmakla y\u00fck\u00fcml\u00fc k\u0131l\u0131nm\u0131\u015ft\u0131r. Bu y\u00fck\u00fcml\u00fcl\u00fc\u011fe ayk\u0131r\u0131 hareket edenlere ayk\u0131r\u0131l\u0131\u011f\u0131n giderilmesi i\u00e7in \u00fc\u00e7 ay s\u00fcre verilecektir. Bu s\u00fcre sonunda ayk\u0131r\u0131l\u0131\u011f\u0131n giderilmemesi halinde 1.000.000 TL idari para cezas\u0131 uygulanaca\u011f\u0131 \u00f6ng\u00f6r\u00fclm\u00fc\u015ft\u00fcr.<br \/>\n<em><strong>3. Yapt\u0131r\u0131mlar<\/strong><\/em><\/p>\n<p>Teklif ile T\u00fcketicinin Korunmas\u0131 Hakk\u0131nda Kanun&#8217;da yer alan birtak\u0131m ihlaller i\u00e7in uygulanacak para cezalar\u0131 tutarlar\u0131n\u0131n g\u00fcncellenmesi \u00f6ng\u00f6r\u00fclm\u00fc\u015ft\u00fcr. Bu kapsamda \u00f6zellikle;<\/p>\n<ul>\n<li>T\u00fcketicinin Korunmas\u0131 Hakk\u0131nda Kanun&#8217;un haks\u0131z ticari uygulamalara ili\u015fkin 62. maddesinde belirtilen y\u00fck\u00fcml\u00fcl\u00fcklere ayk\u0131r\u0131 hareket edenler hakk\u0131nda haks\u0131z ticari uygulaman\u0131n \u00fc\u00e7 aya kadar tedbiren durdurulmas\u0131 veya durdurulmas\u0131 yapt\u0131r\u0131m\u0131 ya da 60.000 TL&#8217;den 600.000 TL&#8217;ye kadar idari para cezas\u0131 uygulanacakt\u0131r. Reklam Kurulu, ihlalin niteli\u011fine g\u00f6re bu cezalar\u0131 birlikte veya ayr\u0131 ayr\u0131 verebilecektir. \u0130dari para cezas\u0131, ayk\u0131r\u0131l\u0131k \u00fclke genelinde ger\u00e7ekle\u015fmi\u015f ise 600.000 TL&#8217;den 6.000.000 TL&#8217;ye kadar uygulanabilecektir.<\/li>\n<li>T\u00fcketicinin Korunmas\u0131 Hakk\u0131nda Kanun&#8217;un haks\u0131z ticari uygulamalara ili\u015fkin 62. maddesinde belirtilen y\u00fck\u00fcml\u00fcl\u00fcklere ayk\u0131r\u0131l\u0131\u011f\u0131n;\n<ul>\n<li>yerel d\u00fczeyde yay\u0131n yapan televizyon kanal\u0131 arac\u0131l\u0131\u011f\u0131 ile ger\u00e7ekle\u015fmesi halinde 110.000 TL&#8217;den 1.100.000 TL&#8217;ye kadar,<\/li>\n<li>\u00fclke genelinde yay\u0131n yapan televizyon kanal\u0131 arac\u0131l\u0131\u011f\u0131 ile ger\u00e7ekle\u015fmesi halinde 2.210.000 TL&#8217;den 22.100.000 TL&#8217;ye kadar,<\/li>\n<li>s\u00fcreli yay\u0131nlar arac\u0131l\u0131\u011f\u0131yla ger\u00e7ekle\u015fmesi halinde yukar\u0131da belirtilen cezalar\u0131n yar\u0131s\u0131,<\/li>\n<li>yerel d\u00fczeyde veya uydu \u00fczerinden yay\u0131n yapan radyo kanal\u0131 arac\u0131l\u0131\u011f\u0131 ile ger\u00e7ekle\u015fmesi halinde 60.000 TL&#8217;den 600.000 TL&#8217;ye kadar,<\/li>\n<li>\u00fclke genelinde yay\u0131n yapan radyo kanal\u0131 arac\u0131l\u0131\u011f\u0131 ile ger\u00e7ekle\u015fmesi halinde 600.000 TL&#8217;den 6.000.000 TL&#8217;ye kadar,<\/li>\n<li>uydu \u00fczerinden yay\u0131n yapan televizyon kanal\u0131 veya internet arac\u0131l\u0131\u011f\u0131 ile ger\u00e7ekle\u015fmesi halinde 600.000 TL&#8217;den 6.000.000 TL&#8217;ye kadar,<\/li>\n<li>k\u0131sa mesaj arac\u0131l\u0131\u011f\u0131 ile ger\u00e7ekle\u015fmesi halinde 280.000 TL&#8217;den 2.800.000 TL&#8217;ye kadar,<\/li>\n<li>di\u011fer mecralar arac\u0131l\u0131\u011f\u0131 ile ger\u00e7ekle\u015fmesi halinde ise 60.000 TL&#8217;den 600.000 TL&#8217;ye kadar idari para cezas\u0131 uygulanmas\u0131 \u00f6ng\u00f6r\u00fclm\u00fc\u015ft\u00fcr.<\/li>\n<\/ul>\n<\/li>\n<li>T\u00fcketicinin Korunmas\u0131 Hakk\u0131nda Kanun kapsam\u0131na giren hususlarda, yetkili ve g\u00f6revli ki\u015fi veya kurulu\u015flara her t\u00fcrl\u00fc bilgi ve belgenin do\u011fru olarak g\u00f6sterilmesi veya istenmesi h\u00e2linde belgelerin asl\u0131n\u0131n veya onayl\u0131 kopyalar\u0131n\u0131n verilmesi zorunlulu\u011funa ayk\u0131r\u0131 hareket edenlere 7 g\u00fcn i\u00e7inde bilgi ve belgelerin do\u011fru olarak verilmesi veya yerinde inceleme imk\u00e2n\u0131n\u0131n sa\u011flanmas\u0131 y\u00f6n\u00fcnde yap\u0131lan ihtara ra\u011fmen ayk\u0131r\u0131l\u0131\u011f\u0131n devam\u0131 h\u00e2linde 80.000 TL&#8217;den az olmamak \u00fczere <u>ayk\u0131r\u0131l\u0131\u011f\u0131n ger\u00e7ekle\u015fti\u011fi tarihten<\/u> bir \u00f6nceki mali y\u0131l sonunda olu\u015fan y\u0131ll\u0131k gayrisafi gelirlerinin y\u00fczde biri oran\u0131nda idari para cezas\u0131 verilmesi \u00f6ng\u00f6r\u00fclm\u00fc\u015ft\u00fcr. Gayrisafi gelirin bildirilmedi\u011fi veya yanl\u0131\u015f bildirildi\u011fi durumlarda \u00f6n \u00f6demeli konut sat\u0131\u015flar\u0131nda 6.000.000 TL, di\u011fer sat\u0131\u015flarda 1.000.000 TL idari para cezas\u0131 uygulanacakt\u0131r. Gayrisafi gelirini beyan etme y\u00fck\u00fcml\u00fcl\u00fc\u011f\u00fc bulunmayanlar hakk\u0131nda ise 50.000 TL idari para cezas\u0131 uygulanacakt\u0131r.<\/li>\n<\/ul>\n<p>Reklam Kurulu, yukar\u0131da alt ve \u00fcst s\u0131n\u0131rlan belirtilen idari para cezalar\u0131n\u0131 uygularken ayk\u0131r\u0131l\u0131\u011f\u0131n haks\u0131zl\u0131k i\u00e7eri\u011fi, ayk\u0131r\u0131l\u0131k dolay\u0131s\u0131yla elde edilen menfaatin veya neden olunan zarar\u0131n b\u00fcy\u00fckl\u00fc\u011f\u00fc ile ayk\u0131r\u0131l\u0131\u011f\u0131 ger\u00e7ekle\u015ftirenin kusuru ve ekonomik durumu gibi hususlar\u0131 dikkate alacakt\u0131r.<\/p>\n<p>\u0130laveten, Reklam Kurulu taraf\u0131ndan verilen idari para cezalar\u0131 hari\u00e7 olmak \u00fczere, Ticaret Bakanl\u0131\u011f\u0131 taraf\u0131ndan verilen idari para cezalar\u0131 ile valilikler taraf\u0131ndan verilen idari para cezalar\u0131na kar\u015f\u0131 uzla\u015fma talebinde bulunulabilmesini \u00f6ng\u00f6ren T\u00fcketicinin Korunmas\u0131 Hakk\u0131nda Kanun&#8217;un 77\/A maddesinin 2. f\u0131kras\u0131n\u0131n y\u00fcr\u00fcrl\u00fckten kald\u0131r\u0131lmas\u0131 \u00f6ng\u00f6r\u00fclm\u00fc\u015ft\u00fcr.<\/p>\n<p>T\u00fcketicinin Korunmas\u0131 Hakk\u0131nda Kanun&#8217;un 80. maddesindeki ilke ve esaslara ayk\u0131r\u0131 olarak piramit sat\u0131\u015f sistemini ba\u015flatan, d\u00fczenleyen veya toplant\u0131, elektronik posta veya di\u011fer bir\u00e7ok kimsenin de kat\u0131l\u0131m\u0131n\u0131 sa\u011flamaya elveri\u015fli y\u00f6ntemlerle yayan veya b\u00f6yle bir sistemin di\u011fer bir \u015fekilde yay\u0131lmas\u0131n\u0131 ticari ama\u00e7larla destekleyenler hakk\u0131nda 5237 say\u0131l\u0131 T\u00fcrk Ceza Kanunu&#8217;nun ilgili h\u00fck\u00fcmleri uygulanacakt\u0131r.<\/p>\n<p><strong>B.\u00a0\u00a0<\/strong>\u00a0\u00a0<strong>E-Ticaret Kanunu&#8217;ndaki De\u011fi\u015fiklikler<\/strong><\/p>\n<p>&nbsp;<\/p>\n<p>2022 y\u0131l\u0131nda E-Ticaret Kanunu&#8217;nda yap\u0131lan de\u011fi\u015fiklikler ile elektronik ticaret arac\u0131 hizmet sa\u011flay\u0131c\u0131lara lisans alma y\u00fck\u00fcml\u00fcl\u00fc\u011f\u00fc getirilmi\u015ftir. Ancak, an\u0131lan d\u00fczenlemelerde ayn\u0131 zamanda yurt d\u0131\u015f\u0131na y\u00f6nelik ger\u00e7ekle\u015ftirilen sat\u0131\u015flar bak\u0131m\u0131ndan lisans \u00fccretinin hesaplanmas\u0131nda baz\u0131 istisnalar \u00f6ng\u00f6r\u00fclm\u00fc\u015ft\u00fcr ve \u00a0\u00a0elektronik ticaret arac\u0131 hizmet sa\u011flay\u0131c\u0131 ve ekonomik b\u00fct\u00fcnl\u00fck i\u00e7inde bulundu\u011fu elektronik ticaret arac\u0131 hizmet sa\u011flay\u0131c\u0131lar\u0131n elektronik ticaret pazar yerleri \u00fczerinden yurt d\u0131\u015f\u0131na yap\u0131lan sat\u0131\u015flar lisans \u00fccretinin hesaplanmas\u0131na dahil edilmeyece\u011fi h\u00fck\u00fcm alt\u0131na al\u0131nm\u0131\u015ft\u0131r. Teklif ile birlikte ise lisans \u00fccretinin hesaplanmas\u0131na ili\u015fkin ilave istisnalar getirilmi\u015ftir:<\/p>\n<p>Lisans \u00fccretinin hesaplanmas\u0131nda elektronik ticaret arac\u0131 hizmet sa\u011flay\u0131c\u0131n\u0131n net i\u015flem hacminin, ETB\u0130S verileri kullan\u0131larak hesaplanan elektronik ticaret arac\u0131 hizmet sa\u011flay\u0131c\u0131 ve elektronik ticaret hizmet sa\u011flay\u0131c\u0131lar\u0131n net i\u015flem hacimleri toplam\u0131n\u0131n %20&#8217;sinden fazla olmamas\u0131 \u015fart\u0131yla, izleyen takvim y\u0131l\u0131nda ger\u00e7ekle\u015ftirilen;<\/p>\n<ul>\n<li>elektronik ticaret arac\u0131 hizmet sa\u011flay\u0131c\u0131 ve ekonomik b\u00fct\u00fcnl\u00fck i\u00e7inde bulundu\u011fu elektronik ticaret arac\u0131 hizmet sa\u011flay\u0131c\u0131lar\u0131n elektronik ticaret pazar yerleri \u00fczerinden yurt d\u0131\u015f\u0131na yap\u0131lan sat\u0131\u015flar\u0131n tutar\u0131n\u0131n,<\/li>\n<li>yat\u0131r\u0131mlar\u0131n proje baz\u0131nda desteklenmesine dair mevzuat uyar\u0131nca Sanayi ve Teknoloji Bakanl\u0131\u011f\u0131&#8217;ndan yat\u0131r\u0131m te\u015fvik belgesi al\u0131narak ger\u00e7ekle\u015ftirilen yat\u0131r\u0131m harcamas\u0131 tutar\u0131n\u0131n 2 kat\u0131n\u0131n<\/li>\n<\/ul>\n<p>o takvim y\u0131l\u0131na ili\u015fkin net i\u015flem hacminden indirilmesi \u00f6ng\u00f6r\u00fclm\u00fc\u015ft\u00fcr.<\/p>\n<p>2024 ve 2025 y\u0131llar\u0131na ili\u015fkin ise ayr\u0131ca d\u00fczenlemeler getirilmi\u015ftir. Bu do\u011frultuda, 2024 y\u0131l\u0131na ili\u015fkin lisans \u00fccretinin hesaplanmas\u0131nda, yukar\u0131da belirtilen %20 \u015fart\u0131n\u0131n aranmayaca\u011f\u0131 ve belirtilen tutarlar\u0131n 4 kat\u0131n\u0131n elektronik ticaret arac\u0131 hizmet sa\u011flay\u0131c\u0131n\u0131n net i\u015flem hacminden indirilece\u011fi \u00f6ng\u00f6r\u00fclm\u00fc\u015ft\u00fcr. 2025 y\u0131l\u0131na ili\u015fkin lisans \u00fccretinin hesaplanmas\u0131nda ise belirtilen tutarlar\u0131n 3 kat\u0131n\u0131n elektronik ticaret arac\u0131 hizmet sa\u011flay\u0131c\u0131n\u0131n net i\u015flem hacminden indirilece\u011fi \u00f6ng\u00f6r\u00fclm\u00fc\u015ft\u00fcr.<\/p>\n<p><strong>Sonu\u00e7<\/strong><\/p>\n<p>\u015eirketler s\u00f6z konusu de\u011fi\u015fiklikleri ve idari para cezalar\u0131ndaki g\u00fcncellemeleri dikkatle incelemeli, T\u00fcrkiye\u2019deki faaliyetleri \u00fczerindeki etkilerini de\u011ferlendirmeli ve mevzuat h\u00fck\u00fcmlerine uyumlulu\u011fun sa\u011flanmas\u0131 amac\u0131yla gerekli ad\u0131mlar\u0131 atmal\u0131d\u0131r.<\/p>\n","protected":false},"excerpt":{"rendered":"<p>Yeni Geli\u015fme 18 Temmuz 2024 tarihinde T\u00fcketicinin Korunmas\u0131 Hakk\u0131nda Kanun ile Baz\u0131 Kanunlarda De\u011fi\u015fiklik Yap\u0131lmas\u0131na Dair Kanun Teklifi (&#8220;Teklif&#8220;) T\u00fcrkiye [&hellip;]<\/p>\n","protected":false},"author":4,"featured_media":0,"comment_status":"closed","ping_status":"closed","sticky":false,"template":"","format":"standard","meta":{"_acf_changed":false,"_stopmodifiedupdate":false,"_modified_date":"","footnotes":""},"categories":[120],"tags":[94],"class_list":["post-27862","post","type-post","status-publish","format-standard","hentry","category-legal-alerts","tag-international-commercial-and-trade-tr"],"acf":[],"yoast_head":"<!-- This site is optimized with the Yoast SEO plugin v24.0 - https:\/\/yoast.com\/wordpress\/plugins\/seo\/ -->\n<title>T\u00fcketici Kanunu ve E-Ticaret Kanunu&#039;nda \u00d6nemli De\u011fi\u015fiklikler<\/title>\n<meta name=\"description\" content=\"Yeni Geli\u015fme 18 Temmuz 2024 tarihinde T\u00fcketicinin Korunmas\u0131 Hakk\u0131nda Kanun ile Baz\u0131 Kanunlarda De\u011fi\u015fiklik Yap\u0131lmas\u0131na Dair Kanun Teklifi (&quot;Teklif&quot;)\" \/>\n<meta name=\"robots\" content=\"index, follow, max-snippet:-1, max-image-preview:large, max-video-preview:-1\" \/>\n<link rel=\"canonical\" href=\"https:\/\/www.esin.av.tr\/tr\/2024\/07\/22\/tuketici-kanunu-ve-e-ticaret-kanununda-onemli-degisiklikler\/\" \/>\n<meta property=\"og:locale\" content=\"tr_TR\" \/>\n<meta property=\"og:type\" content=\"article\" \/>\n<meta property=\"og:title\" content=\"T\u00fcketici Kanunu ve E-Ticaret Kanunu&#039;nda \u00d6nemli De\u011fi\u015fiklikler\" \/>\n<meta property=\"og:description\" content=\"Yeni Geli\u015fme 18 Temmuz 2024 tarihinde T\u00fcketicinin Korunmas\u0131 Hakk\u0131nda Kanun ile Baz\u0131 Kanunlarda De\u011fi\u015fiklik Yap\u0131lmas\u0131na Dair Kanun Teklifi (&quot;Teklif&quot;)\" \/>\n<meta property=\"og:url\" content=\"https:\/\/www.esin.av.tr\/tr\/2024\/07\/22\/tuketici-kanunu-ve-e-ticaret-kanununda-onemli-degisiklikler\/\" \/>\n<meta property=\"og:site_name\" content=\"Esin Avukatl\u0131k Ortakl\u0131\u011f\u0131\" \/>\n<meta property=\"article:published_time\" content=\"2024-07-22T13:30:58+00:00\" \/>\n<meta name=\"author\" content=\"R\u0131dvan Konrat\" \/>\n<meta name=\"twitter:card\" content=\"summary_large_image\" \/>\n<meta name=\"twitter:label1\" content=\"Written by\" \/>\n\t<meta name=\"twitter:data1\" content=\"R\u0131dvan Konrat\" \/>\n\t<meta name=\"twitter:label2\" content=\"Est. reading time\" \/>\n\t<meta name=\"twitter:data2\" content=\"9 minutes\" \/>\n<script type=\"application\/ld+json\" class=\"yoast-schema-graph\">{\"@context\":\"https:\/\/schema.org\",\"@graph\":[{\"@type\":\"Article\",\"@id\":\"https:\/\/www.esin.av.tr\/tr\/2024\/07\/22\/tuketici-kanunu-ve-e-ticaret-kanununda-onemli-degisiklikler\/#article\",\"isPartOf\":{\"@id\":\"https:\/\/www.esin.av.tr\/tr\/2024\/07\/22\/tuketici-kanunu-ve-e-ticaret-kanununda-onemli-degisiklikler\/\"},\"author\":{\"name\":\"R\u0131dvan Konrat\",\"@id\":\"https:\/\/www.esin.av.tr\/tr\/#\/schema\/person\/42c8e616aab56b8622fa365ad63282ae\"},\"headline\":\"T\u00fcketici Kanunu ve E-Ticaret Kanunu&#8217;nda \u00d6nemli De\u011fi\u015fiklikler\",\"datePublished\":\"2024-07-22T13:30:58+00:00\",\"dateModified\":\"2024-07-22T13:30:58+00:00\",\"mainEntityOfPage\":{\"@id\":\"https:\/\/www.esin.av.tr\/tr\/2024\/07\/22\/tuketici-kanunu-ve-e-ticaret-kanununda-onemli-degisiklikler\/\"},\"wordCount\":1887,\"publisher\":{\"@id\":\"https:\/\/www.esin.av.tr\/tr\/#organization\"},\"keywords\":[\"Uluslararas\u0131 Ticaret Hukuku\"],\"articleSection\":[\"Hukuk B\u00fcltenleri\"],\"inLanguage\":\"tr\"},{\"@type\":\"WebPage\",\"@id\":\"https:\/\/www.esin.av.tr\/tr\/2024\/07\/22\/tuketici-kanunu-ve-e-ticaret-kanununda-onemli-degisiklikler\/\",\"url\":\"https:\/\/www.esin.av.tr\/tr\/2024\/07\/22\/tuketici-kanunu-ve-e-ticaret-kanununda-onemli-degisiklikler\/\",\"name\":\"T\u00fcketici Kanunu ve E-Ticaret Kanunu'nda \u00d6nemli De\u011fi\u015fiklikler\",\"isPartOf\":{\"@id\":\"https:\/\/www.esin.av.tr\/tr\/#website\"},\"datePublished\":\"2024-07-22T13:30:58+00:00\",\"dateModified\":\"2024-07-22T13:30:58+00:00\",\"description\":\"Yeni Geli\u015fme 18 Temmuz 2024 tarihinde T\u00fcketicinin Korunmas\u0131 Hakk\u0131nda Kanun ile Baz\u0131 Kanunlarda De\u011fi\u015fiklik Yap\u0131lmas\u0131na Dair Kanun Teklifi (\\\"Teklif\\\")\",\"breadcrumb\":{\"@id\":\"https:\/\/www.esin.av.tr\/tr\/2024\/07\/22\/tuketici-kanunu-ve-e-ticaret-kanununda-onemli-degisiklikler\/#breadcrumb\"},\"inLanguage\":\"tr\",\"potentialAction\":[{\"@type\":\"ReadAction\",\"target\":[\"https:\/\/www.esin.av.tr\/tr\/2024\/07\/22\/tuketici-kanunu-ve-e-ticaret-kanununda-onemli-degisiklikler\/\"]}]},{\"@type\":\"BreadcrumbList\",\"@id\":\"https:\/\/www.esin.av.tr\/tr\/2024\/07\/22\/tuketici-kanunu-ve-e-ticaret-kanununda-onemli-degisiklikler\/#breadcrumb\",\"itemListElement\":[{\"@type\":\"ListItem\",\"position\":1,\"name\":\"Home\",\"item\":\"https:\/\/www.esin.av.tr\/tr\/\"},{\"@type\":\"ListItem\",\"position\":2,\"name\":\"T\u00fcketici Kanunu ve E-Ticaret Kanunu&#8217;nda \u00d6nemli De\u011fi\u015fiklikler\"}]},{\"@type\":\"WebSite\",\"@id\":\"https:\/\/www.esin.av.tr\/tr\/#website\",\"url\":\"https:\/\/www.esin.av.tr\/tr\/\",\"name\":\"Esin Avukatl\u0131k Ortakl\u0131\u011f\u0131\",\"description\":\"\",\"publisher\":{\"@id\":\"https:\/\/www.esin.av.tr\/tr\/#organization\"},\"potentialAction\":[{\"@type\":\"SearchAction\",\"target\":{\"@type\":\"EntryPoint\",\"urlTemplate\":\"https:\/\/www.esin.av.tr\/tr\/?s={search_term_string}\"},\"query-input\":{\"@type\":\"PropertyValueSpecification\",\"valueRequired\":true,\"valueName\":\"search_term_string\"}}],\"inLanguage\":\"tr\"},{\"@type\":\"Organization\",\"@id\":\"https:\/\/www.esin.av.tr\/tr\/#organization\",\"name\":\"Esin Avukatl\u0131k Ortakl\u0131\u011f\u0131\",\"url\":\"https:\/\/www.esin.av.tr\/tr\/\",\"logo\":{\"@type\":\"ImageObject\",\"inLanguage\":\"tr\",\"@id\":\"https:\/\/www.esin.av.tr\/tr\/#\/schema\/logo\/image\/\",\"url\":\"https:\/\/www.esin.av.tr\/wp-content\/uploads\/2021\/09\/esin-2.jpg\",\"contentUrl\":\"https:\/\/www.esin.av.tr\/wp-content\/uploads\/2021\/09\/esin-2.jpg\",\"width\":800,\"height\":460,\"caption\":\"Esin Avukatl\u0131k Ortakl\u0131\u011f\u0131\"},\"image\":{\"@id\":\"https:\/\/www.esin.av.tr\/tr\/#\/schema\/logo\/image\/\"}},{\"@type\":\"Person\",\"@id\":\"https:\/\/www.esin.av.tr\/tr\/#\/schema\/person\/42c8e616aab56b8622fa365ad63282ae\",\"name\":\"R\u0131dvan Konrat\",\"image\":{\"@type\":\"ImageObject\",\"inLanguage\":\"tr\",\"@id\":\"https:\/\/www.esin.av.tr\/tr\/#\/schema\/person\/image\/\",\"url\":\"https:\/\/secure.gravatar.com\/avatar\/b20c6c583be38ed4e76e32f69fccc676?s=96&d=mm&r=g\",\"contentUrl\":\"https:\/\/secure.gravatar.com\/avatar\/b20c6c583be38ed4e76e32f69fccc676?s=96&d=mm&r=g\",\"caption\":\"R\u0131dvan Konrat\"},\"sameAs\":[\"http:\/\/www.esin.av.tr\"],\"url\":\"https:\/\/www.esin.av.tr\/tr\/author\/rkonrat\/\"}]}<\/script>\n<!-- \/ Yoast SEO plugin. -->","yoast_head_json":{"title":"T\u00fcketici Kanunu ve E-Ticaret Kanunu'nda \u00d6nemli De\u011fi\u015fiklikler","description":"Yeni Geli\u015fme 18 Temmuz 2024 tarihinde T\u00fcketicinin Korunmas\u0131 Hakk\u0131nda Kanun ile Baz\u0131 Kanunlarda De\u011fi\u015fiklik Yap\u0131lmas\u0131na Dair Kanun Teklifi (\"Teklif\")","robots":{"index":"index","follow":"follow","max-snippet":"max-snippet:-1","max-image-preview":"max-image-preview:large","max-video-preview":"max-video-preview:-1"},"canonical":"https:\/\/www.esin.av.tr\/tr\/2024\/07\/22\/tuketici-kanunu-ve-e-ticaret-kanununda-onemli-degisiklikler\/","og_locale":"tr_TR","og_type":"article","og_title":"T\u00fcketici Kanunu ve E-Ticaret Kanunu'nda \u00d6nemli De\u011fi\u015fiklikler","og_description":"Yeni Geli\u015fme 18 Temmuz 2024 tarihinde T\u00fcketicinin Korunmas\u0131 Hakk\u0131nda Kanun ile Baz\u0131 Kanunlarda De\u011fi\u015fiklik Yap\u0131lmas\u0131na Dair Kanun Teklifi (\"Teklif\")","og_url":"https:\/\/www.esin.av.tr\/tr\/2024\/07\/22\/tuketici-kanunu-ve-e-ticaret-kanununda-onemli-degisiklikler\/","og_site_name":"Esin Avukatl\u0131k Ortakl\u0131\u011f\u0131","article_published_time":"2024-07-22T13:30:58+00:00","author":"R\u0131dvan Konrat","twitter_card":"summary_large_image","twitter_misc":{"Written by":"R\u0131dvan Konrat","Est. reading time":"9 minutes"},"schema":{"@context":"https:\/\/schema.org","@graph":[{"@type":"Article","@id":"https:\/\/www.esin.av.tr\/tr\/2024\/07\/22\/tuketici-kanunu-ve-e-ticaret-kanununda-onemli-degisiklikler\/#article","isPartOf":{"@id":"https:\/\/www.esin.av.tr\/tr\/2024\/07\/22\/tuketici-kanunu-ve-e-ticaret-kanununda-onemli-degisiklikler\/"},"author":{"name":"R\u0131dvan Konrat","@id":"https:\/\/www.esin.av.tr\/tr\/#\/schema\/person\/42c8e616aab56b8622fa365ad63282ae"},"headline":"T\u00fcketici Kanunu ve E-Ticaret Kanunu&#8217;nda \u00d6nemli De\u011fi\u015fiklikler","datePublished":"2024-07-22T13:30:58+00:00","dateModified":"2024-07-22T13:30:58+00:00","mainEntityOfPage":{"@id":"https:\/\/www.esin.av.tr\/tr\/2024\/07\/22\/tuketici-kanunu-ve-e-ticaret-kanununda-onemli-degisiklikler\/"},"wordCount":1887,"publisher":{"@id":"https:\/\/www.esin.av.tr\/tr\/#organization"},"keywords":["Uluslararas\u0131 Ticaret Hukuku"],"articleSection":["Hukuk B\u00fcltenleri"],"inLanguage":"tr"},{"@type":"WebPage","@id":"https:\/\/www.esin.av.tr\/tr\/2024\/07\/22\/tuketici-kanunu-ve-e-ticaret-kanununda-onemli-degisiklikler\/","url":"https:\/\/www.esin.av.tr\/tr\/2024\/07\/22\/tuketici-kanunu-ve-e-ticaret-kanununda-onemli-degisiklikler\/","name":"T\u00fcketici Kanunu ve E-Ticaret Kanunu'nda \u00d6nemli De\u011fi\u015fiklikler","isPartOf":{"@id":"https:\/\/www.esin.av.tr\/tr\/#website"},"datePublished":"2024-07-22T13:30:58+00:00","dateModified":"2024-07-22T13:30:58+00:00","description":"Yeni Geli\u015fme 18 Temmuz 2024 tarihinde T\u00fcketicinin Korunmas\u0131 Hakk\u0131nda Kanun ile Baz\u0131 Kanunlarda De\u011fi\u015fiklik Yap\u0131lmas\u0131na Dair Kanun Teklifi (\"Teklif\")","breadcrumb":{"@id":"https:\/\/www.esin.av.tr\/tr\/2024\/07\/22\/tuketici-kanunu-ve-e-ticaret-kanununda-onemli-degisiklikler\/#breadcrumb"},"inLanguage":"tr","potentialAction":[{"@type":"ReadAction","target":["https:\/\/www.esin.av.tr\/tr\/2024\/07\/22\/tuketici-kanunu-ve-e-ticaret-kanununda-onemli-degisiklikler\/"]}]},{"@type":"BreadcrumbList","@id":"https:\/\/www.esin.av.tr\/tr\/2024\/07\/22\/tuketici-kanunu-ve-e-ticaret-kanununda-onemli-degisiklikler\/#breadcrumb","itemListElement":[{"@type":"ListItem","position":1,"name":"Home","item":"https:\/\/www.esin.av.tr\/tr\/"},{"@type":"ListItem","position":2,"name":"T\u00fcketici Kanunu ve E-Ticaret Kanunu&#8217;nda \u00d6nemli De\u011fi\u015fiklikler"}]},{"@type":"WebSite","@id":"https:\/\/www.esin.av.tr\/tr\/#website","url":"https:\/\/www.esin.av.tr\/tr\/","name":"Esin Avukatl\u0131k Ortakl\u0131\u011f\u0131","description":"","publisher":{"@id":"https:\/\/www.esin.av.tr\/tr\/#organization"},"potentialAction":[{"@type":"SearchAction","target":{"@type":"EntryPoint","urlTemplate":"https:\/\/www.esin.av.tr\/tr\/?s={search_term_string}"},"query-input":{"@type":"PropertyValueSpecification","valueRequired":true,"valueName":"search_term_string"}}],"inLanguage":"tr"},{"@type":"Organization","@id":"https:\/\/www.esin.av.tr\/tr\/#organization","name":"Esin Avukatl\u0131k Ortakl\u0131\u011f\u0131","url":"https:\/\/www.esin.av.tr\/tr\/","logo":{"@type":"ImageObject","inLanguage":"tr","@id":"https:\/\/www.esin.av.tr\/tr\/#\/schema\/logo\/image\/","url":"https:\/\/www.esin.av.tr\/wp-content\/uploads\/2021\/09\/esin-2.jpg","contentUrl":"https:\/\/www.esin.av.tr\/wp-content\/uploads\/2021\/09\/esin-2.jpg","width":800,"height":460,"caption":"Esin Avukatl\u0131k Ortakl\u0131\u011f\u0131"},"image":{"@id":"https:\/\/www.esin.av.tr\/tr\/#\/schema\/logo\/image\/"}},{"@type":"Person","@id":"https:\/\/www.esin.av.tr\/tr\/#\/schema\/person\/42c8e616aab56b8622fa365ad63282ae","name":"R\u0131dvan Konrat","image":{"@type":"ImageObject","inLanguage":"tr","@id":"https:\/\/www.esin.av.tr\/tr\/#\/schema\/person\/image\/","url":"https:\/\/secure.gravatar.com\/avatar\/b20c6c583be38ed4e76e32f69fccc676?s=96&d=mm&r=g","contentUrl":"https:\/\/secure.gravatar.com\/avatar\/b20c6c583be38ed4e76e32f69fccc676?s=96&d=mm&r=g","caption":"R\u0131dvan Konrat"},"sameAs":["http:\/\/www.esin.av.tr"],"url":"https:\/\/www.esin.av.tr\/tr\/author\/rkonrat\/"}]}},"_links":{"self":[{"href":"https:\/\/www.esin.av.tr\/tr\/wp-json\/wp\/v2\/posts\/27862","targetHints":{"allow":["GET"]}}],"collection":[{"href":"https:\/\/www.esin.av.tr\/tr\/wp-json\/wp\/v2\/posts"}],"about":[{"href":"https:\/\/www.esin.av.tr\/tr\/wp-json\/wp\/v2\/types\/post"}],"author":[{"embeddable":true,"href":"https:\/\/www.esin.av.tr\/tr\/wp-json\/wp\/v2\/users\/4"}],"replies":[{"embeddable":true,"href":"https:\/\/www.esin.av.tr\/tr\/wp-json\/wp\/v2\/comments?post=27862"}],"version-history":[{"count":1,"href":"https:\/\/www.esin.av.tr\/tr\/wp-json\/wp\/v2\/posts\/27862\/revisions"}],"predecessor-version":[{"id":27863,"href":"https:\/\/www.esin.av.tr\/tr\/wp-json\/wp\/v2\/posts\/27862\/revisions\/27863"}],"wp:attachment":[{"href":"https:\/\/www.esin.av.tr\/tr\/wp-json\/wp\/v2\/media?parent=27862"}],"wp:term":[{"taxonomy":"category","embeddable":true,"href":"https:\/\/www.esin.av.tr\/tr\/wp-json\/wp\/v2\/categories?post=27862"},{"taxonomy":"post_tag","embeddable":true,"href":"https:\/\/www.esin.av.tr\/tr\/wp-json\/wp\/v2\/tags?post=27862"}],"curies":[{"name":"wp","href":"https:\/\/api.w.org\/{rel}","templated":true}]}}