{"id":27843,"date":"2024-07-17T09:08:59","date_gmt":"2024-07-17T09:08:59","guid":{"rendered":"https:\/\/www.esin.av.tr\/?p=27843"},"modified":"2024-07-17T09:08:59","modified_gmt":"2024-07-17T09:08:59","slug":"yurt-disina-veri-aktarimlarinda-yeni-donem-basliyor","status":"publish","type":"post","link":"https:\/\/www.esin.av.tr\/tr\/2024\/07\/17\/yurt-disina-veri-aktarimlarinda-yeni-donem-basliyor\/","title":{"rendered":"Yurt D\u0131\u015f\u0131na Veri Aktar\u0131mlar\u0131nda Yeni D\u00f6nem Ba\u015fl\u0131yor"},"content":{"rendered":"<h3><strong>Yeni Geli\u015fme<\/strong><\/h3>\n<p>6698 say\u0131l\u0131 Ki\u015fisel Verilerin Korunmas\u0131 Kanunu&#8217;na (&#8220;<strong>Kanun<\/strong>&#8220;) ili\u015fkin de\u011fi\u015fiklikler 12 Mart 2024 tarihinde kabul edilmi\u015f (&#8220;<strong>Kanun De\u011fi\u015fikli\u011fi<\/strong>&#8220;), yurt d\u0131\u015f\u0131na aktar\u0131m s\u00fcre\u00e7lerine dair mevcut rejim de\u011fi\u015ftirilerek -standart s\u00f6zle\u015fme h\u00fck\u00fcmleri ba\u015fta olmak \u00fczere- yeni mekanizmalar \u00f6ng\u00f6r\u00fclm\u00fc\u015ft\u00fc. Ki\u015fisel Verileri Koruma Kurumu (&#8220;<strong>Kurum<\/strong>&#8220;) taraf\u0131ndan yeni mekanizmalar\u0131n nas\u0131l i\u015fleyece\u011fine ili\u015fkin haz\u0131rlanan, Ki\u015fisel Verilerin Yurt D\u0131\u015f\u0131na Aktar\u0131lmas\u0131na \u0130li\u015fkin Usul ve Esaslar Hakk\u0131nda Y\u00f6netmelik (&#8220;<strong>Y\u00f6netmelik<\/strong>&#8220;) 10 Temmuz 2024 tarihli ve 32598 say\u0131l\u0131 Resmi Gazete&#8217;de yay\u0131mland\u0131. Y\u00f6netmelik&#8217;in yay\u0131mlanmas\u0131n\u0131 takiben, ayn\u0131 g\u00fcn, yeni getirilen standart s\u00f6zle\u015fmeler ile ba\u011flay\u0131c\u0131 \u015firket kurallar\u0131na ili\u015fkin dok\u00fcmanlar\u0131n nihai halleri de (\u201c<strong>Nihai Metinler<\/strong>\u201d) Kurum&#8217;un internet sitesinde duyuru yoluyla yay\u0131mland\u0131.<\/p>\n<p>Y\u00f6netmelik&#8217;e <a href=\"https:\/\/urldefense.com\/v3\/__https:\/esinxchange.com\/collect\/click.aspx?u=SjY3SGJPcUppZTI3aFNvRmhxZEJiaFpKL1dqWkMyU1VubUdLMUROS1VIUzNjMlZLTDkyWjliWFYxZVRsck4zcGZXNWFRRzczNmFSaWhwZitQMm82VEhWRFZIQXN4akZPSWkxdlNWVHdsQ01GT2gvZmtVaFp4cWVaNGUzeEsrVUo=&amp;rh=ff00ced65316c6a1089bd165164ba7d1fdd2cd85__;!!Hj9Y_P0nvg!Ql3N5fA4jGRFJROIn9xRBp453sNfJSYgiTFk13wW_zq5sN2T9avKViJNLM1gGHbBtsVxAJNSYjz9l5VTIaIUo1uyzA$\">buradan<\/a>, Nihai Metinler&#8217;e ise <a href=\"https:\/\/urldefense.com\/v3\/__https:\/esinxchange.com\/collect\/click.aspx?u=SjY3SGJPcUppZTI3aFNvRmhxZEJiaFpKL1dqWkMyU1VubUdLMUROS1VIUzNjMlZLTDkyWjlkNUhMWVNtNDFVbjRWWGhYK094c2xNSFAwUStZeEVlblR5SjB5UHFQNEJQb3BxR3Q0VkhlQkM2dzFMenF0d0V5YnZRN1hSdzd2WjZHS2d6SnRGRUwwR2d6bGp6ZmI0RUpsb1RPbVI0T3JZTCtNUVZIdVp5b3lnSDVnNzRHSStDWFZBTzFsNXBiQ1BpWHpYZE5VdUF1VGZOV204MndwdmFIczVYSUZuUEl3TkI=&amp;rh=ff00ced65316c6a1089bd165164ba7d1fdd2cd85__;!!Hj9Y_P0nvg!Ql3N5fA4jGRFJROIn9xRBp453sNfJSYgiTFk13wW_zq5sN2T9avKViJNLM1gGHbBtsVxAJNSYjz9l5VTIaJ4_MlvVA$\">buradan<\/a> ula\u015fabilirsiniz. Ayr\u0131ca, Kanun De\u011fi\u015fikli\u011fi&#8217;ne ili\u015fkin detayl\u0131 bilgi edinmek i\u00e7in 12 Mart tarihli hukuk b\u00fcltenimize <a href=\"https:\/\/urldefense.com\/v3\/__https:\/esinxchange.com\/collect\/click.aspx?u=SjY3SGJPcUppZTI3aFNvRmhxZEJiaFpKL1dqWkMyU1VubUdLMUROS1VIUzNjMlZLTDkyWjlZN1NPMjl4bWMwTlBDd2x3cGZzVnR5OVYzSzBtbXdxYjdkdmlPU2picmFpbWNUN2Q3WlMzMkQwK3NpeWJCc0ZuMCtmcU4wWFNVMlQxdVl1UmcyZVU0OFVCcm9jZ3dROHFKb0dhUGlNL3pmZw==&amp;rh=ff00ced65316c6a1089bd165164ba7d1fdd2cd85__;!!Hj9Y_P0nvg!Ql3N5fA4jGRFJROIn9xRBp453sNfJSYgiTFk13wW_zq5sN2T9avKViJNLM1gGHbBtsVxAJNSYjz9l5VTIaLTIyZVLQ$\">buradan<\/a> ula\u015fabilirsiniz.<\/p>\n<h3><strong>Y\u00f6netmelik Neler Getiriyor?<\/strong><\/h3>\n<p>Ki\u015fisel verilerin yurt d\u0131\u015f\u0131na aktar\u0131lmas\u0131na ili\u015fkin usul ve esaslar\u0131 i\u00e7eren Y\u00f6netmelik&#8217;te \u00f6zetle a\u015fa\u011f\u0131daki hususlar d\u00fczenlenmektedir:<\/p>\n<ul>\n<li><em><u>Yeterlilik Karar\u0131na Dayal\u0131 Aktar\u0131mlar:<\/u><\/em> Kurum&#8217;un, ki\u015fisel verilerin yurt d\u0131\u015f\u0131na aktar\u0131m\u0131 ile ilgili olarak bir \u00fclkenin, \u00fclke i\u00e7erisindeki bir veya daha fazla sekt\u00f6r\u00fcn ya da bir uluslararas\u0131 kurulu\u015fun yeterli d\u00fczeyde koruma sa\u011flad\u0131\u011f\u0131na karar verebilece\u011fi ve bu karar verilirken dikkate al\u0131nmas\u0131 gereken hususlar d\u00fczenlenmektedir. Ek olarak, yeterlilik karar\u0131n\u0131n en ge\u00e7 d\u00f6rt y\u0131lda bir yeniden de\u011ferlendirilece\u011fi ifade edilmektedir.<\/li>\n<li><em><u>Uygun G\u00fcvencelere Dayal\u0131 Aktar\u0131mlar<\/u><\/em>: Ki\u015fisel veriler, yeterlilik karar\u0131n\u0131n bulunmamas\u0131 durumunda, Kanun&#8217;un 5 ve 6. maddelerinde belirtilen \u015fartlardan birinin varl\u0131\u011f\u0131 ve ilgili ki\u015finin aktar\u0131m\u0131n yap\u0131laca\u011f\u0131 \u00fclkede haklar\u0131n\u0131 kullanma ve etkili kanun yollar\u0131na ba\u015fvurma imk\u00e2n\u0131n\u0131n bulunmas\u0131 kayd\u0131yla uygun g\u00fcvencelerden birinin sa\u011flanmas\u0131 halinde yurt d\u0131\u015f\u0131na aktar\u0131labilmektedir. S\u00f6z konusu uygun g\u00fcvencelere ili\u015fkin olarak Y\u00f6netmelik ile getirilen d\u00fczenlemeler a\u015fa\u011f\u0131daki gibidir:\n<ul>\n<li><em><u>Uluslararas\u0131 S\u00f6zle\u015fme Niteli\u011finde Olmayan Anla\u015fmayla Uygun G\u00fcvencenin Sa\u011flanmas\u0131:<\/u><\/em> Uluslararas\u0131 s\u00f6zle\u015fme niteli\u011finde olmayan anla\u015fmada yer verilecek ki\u015fisel verilerin korunmas\u0131na y\u00f6nelik h\u00fck\u00fcmler vas\u0131tas\u0131yla, T\u00fcrkiye\u2019deki kamu kurum ve kurulu\u015flar\u0131 ile kamu kurumu niteli\u011findeki meslek kurulu\u015flar\u0131 ve yabanc\u0131 \u00fclkedeki kamu kurum ve kurulu\u015flar\u0131 veya uluslararas\u0131 kurulu\u015flar aras\u0131nda yap\u0131lacak ki\u015fisel veri aktar\u0131mlar\u0131 bak\u0131m\u0131ndan uygun g\u00fcvencenin sa\u011flanabilece\u011fi belirtilerek, anla\u015fmada yer verilecek ki\u015fisel verilerin korunmas\u0131na y\u00f6nelik h\u00fck\u00fcmlerin hangi hususlar\u0131 i\u00e7ermesi gerekti\u011fi d\u00fczenlenmektedir.<\/li>\n<li><em><u>Ba\u011flay\u0131c\u0131 \u015eirket Kurallar\u0131yla Uygun G\u00fcvencenin Sa\u011flanmas\u0131:<\/u><\/em> Kanun De\u011fi\u015fikli\u011fi&#8217;ne paralel olarak, Y\u00f6netmelik&#8217;te, ba\u011flay\u0131c\u0131 \u015firket kurallar\u0131na dayan\u0131larak ki\u015fisel verilerin yurt d\u0131\u015f\u0131na aktar\u0131labilmesi i\u00e7in veri sorumlusu ve veri i\u015fleyenlerin Kurum&#8217;a onay ba\u015fvurusunda bulunmas\u0131 gerekti\u011fi ve ki\u015fisel verilerin aktar\u0131m\u0131na, ba\u011flay\u0131c\u0131 \u015firket kurallar\u0131n\u0131n Kurum taraf\u0131ndan onaylanmas\u0131n\u0131 takiben ba\u015flanabilece\u011fi d\u00fczenlenmektedir. Ek olarak, Y\u00f6netmelik&#8217;in 13. maddesinde, ba\u011flay\u0131c\u0131 \u015firket kurallar\u0131n\u0131n i\u00e7ermesi gereken asgari hususlar d\u00fczenlenmektedir.<\/li>\n<li><em><u>Standart S\u00f6zle\u015fme ile Uygun G\u00fcvencenin Sa\u011flanmas\u0131<\/u><\/em>: Kanun De\u011fi\u015fikli\u011fi uyar\u0131nca, standart s\u00f6zle\u015fmelerin, imza tarihinden itibaren be\u015f i\u015f g\u00fcn\u00fc i\u00e7erisinde Kurum&#8217;a bildirilmesi gerekmektedir. Y\u00f6netmelik ile, aktar\u0131m taraflar\u0131nca standart s\u00f6zle\u015fme i\u00e7erisinde, bildirim y\u00fck\u00fcml\u00fcl\u00fc\u011f\u00fcn\u00fcn kimin taraf\u0131ndan yerine getirilece\u011finin belirlenebilece\u011fi ve taraflarca belirlenmemesi halinde ilgili bildirimin veri aktaran taraf\u0131n ger\u00e7ekle\u015ftirilmesi gerekti\u011fi d\u00fczenlenmektedir. Y\u00f6netmelik ile, ayr\u0131ca,\u00a0 standart s\u00f6zle\u015fme taraflar\u0131nda veya standart s\u00f6zle\u015fme i\u00e7eri\u011finde taraflarca yer verilen bilgi ve a\u00e7\u0131klamalarda bir de\u011fi\u015fiklik olmas\u0131 veya standart s\u00f6zle\u015fmenin sona ermesi h\u00e2linde Kurum&#8217;a bildirim yap\u0131lmas\u0131 gerekti\u011fi ifade edilmektedir.<\/li>\n<li><em><u>Taahh\u00fctname ile Uyun G\u00fcvencenin Sa\u011flanmas\u0131<\/u><\/em>: Taahh\u00fctnameye dayan\u0131larak ki\u015fisel verilerin yurt d\u0131\u015f\u0131na aktar\u0131labilmesi i\u00e7in, Kanun De\u011fi\u015fikli\u011fi \u00f6ncesinde oldu\u011fu gibi, veri aktaran taraf\u0131ndan Kurum&#8217;a izin ba\u015fvurusunda bulunulmas\u0131 gerekmektedir. Y\u00f6netmelik&#8217;in 15. maddesi ile, taahh\u00fctnamede yer verilmesi gereken ki\u015fisel verilerin korunmas\u0131na y\u00f6nelik hususlar d\u00fczenlenmektedir.<\/li>\n<\/ul>\n<\/li>\n<li><em><u>\u0130stisnai Aktar\u0131m Halleri:<\/u><\/em> Kanun De\u011fi\u015fikli\u011fi ile, veri sorumlular\u0131n\u0131n a\u00e7\u0131k r\u0131zaya dayal\u0131 olarak ki\u015fisel verileri yurt d\u0131\u015f\u0131na aktarmas\u0131 ancak 1 Eyl\u00fcl 2024 tarihine kadar m\u00fcmk\u00fcn olup, bu tarihten sonraki aktar\u0131mlar yaln\u0131zca &#8220;ar\u0131zi&#8221; olmalar\u0131 halinde a\u00e7\u0131k r\u0131zaya dayal\u0131 olarak ger\u00e7ekle\u015ftirilebilecektir. Bu kapsamda, Y\u00f6netmelik&#8217;te, &#8220;ar\u0131zi aktar\u0131m&#8221; ifadesi &#8220;d\u00fczenli olmayan, tek veya birka\u00e7 sefer ger\u00e7ekle\u015fen, s\u00fcreklilik arz etmeyen ve ola\u011fan faaliyet ak\u0131\u015f\u0131 i\u00e7inde bulunmayan aktar\u0131mlar&#8221; \u015feklinde tan\u0131mlanmaktad\u0131r. Y\u00f6netmelik&#8217;te, ayr\u0131ca, Kanun De\u011fi\u015fikli\u011fi&#8217;nde say\u0131lan istisnai aktar\u0131m halleri tekrar edilmektedir.<\/li>\n<\/ul>\n<p>Y\u00f6netmelik yay\u0131m\u0131 tarihinde y\u00fcr\u00fcrl\u00fc\u011fe girmi\u015ftir.<\/p>\n<h3><strong>Standart S\u00f6zle\u015fme H\u00fck\u00fcmleri ve Ba\u011flay\u0131c\u0131 \u015eirket Kurallar\u0131na \u0130li\u015fkin Metinler Neler Getiriyor?<\/strong><\/h3>\n<p>Kurum, Avrupa Birli\u011fi Genel Veri Koruma T\u00fcz\u00fc\u011f\u00fc&#8217;ne (&#8220;<strong>GDPR<\/strong>&#8220;) uyumlu \u015fekilde (i) veri sorumlusundan veri sorumlusuna, (ii) veri sorumlusundan veri i\u015fleyene, (iii) veri i\u015fleyenden veri i\u015fleyene, (iv) veri i\u015fleyenden veri sorumlusuna ger\u00e7ekle\u015ftirilecek aktar\u0131mlar i\u00e7in olmak \u00fczere 4 tip standart s\u00f6zle\u015fme h\u00fck\u00fcmleri (&#8220;<strong>SSH<\/strong>&#8220;) yay\u0131mlam\u0131\u015ft\u0131r. Kurum taraf\u0131ndan yay\u0131mlanan SSH metinleri ile GDPR kapsam\u0131nda yay\u0131mlanan SSH metinleri b\u00fcy\u00fck oranda paralel olmakla birlikte, Kurum taraf\u0131ndan yay\u0131mlanan SSH metinlerinin, genellikle Kanun&#8217;un mevcut hali ile GDPR aras\u0131ndaki farklar dolay\u0131s\u0131yla (\u00f6rne\u011fin, veri ihlallerin ilgili veri koruma otoritelerine bildirimi, \u015feffafl\u0131k y\u00fck\u00fcml\u00fcl\u00fckleri bak\u0131m\u0131ndan tan\u0131nan istisnalar vb.), GDPR kapsam\u0131nda yay\u0131mlanan SSH metinlerinden ayr\u0131\u015fan noktalar\u0131 oldu\u011fu g\u00f6r\u00fclmektedir. Bunun haricinde, GDPR kapsam\u0131nda yay\u0131mlanan SSH metinlerinden farkl\u0131 olarak, Kurum taraf\u0131ndan yay\u0131mlanan SSH metinlerinde dikkat \u00e7eken hususlardan biri standart s\u00f6zle\u015fmelerin yaln\u0131zca bir veri aktaran ile bir veri al\u0131c\u0131s\u0131 aras\u0131nda imzalanabilecek \u015fekilde d\u00fczenlenmi\u015f olmas\u0131 ve birden fazla veri aktaran ve\/veya veri al\u0131c\u0131s\u0131n\u0131n s\u00f6zle\u015fmeye taraf olmas\u0131na imkan tan\u0131yan h\u00fck\u00fcmlere yer verilmemesidir.<\/p>\n<p>Benzer \u015fekilde, Kurum, GDPR kapsam\u0131nda yay\u0131mlanan metinler ile b\u00fcy\u00fck oranda paralel olacak \u015fekilde, veri sorumlular\u0131 ve veri i\u015fleyenlerin grup i\u00e7i aktar\u0131mlar\u0131na ili\u015fkin olarak, iki\u015fer tip ba\u011flay\u0131c\u0131 \u015firket kurallar\u0131 (&#8220;<strong>B\u015eK<\/strong>&#8220;) ba\u015fvuru formu ve B\u015eK&#8217;de bulunmas\u0131 gereken temel hususlara ili\u015fkin yard\u0131mc\u0131 k\u0131lavuzlar yay\u0131mlam\u0131\u015ft\u0131r.<\/p>\n<h3><strong>Sonu\u00e7<\/strong><\/h3>\n<p>Kanun De\u011fi\u015fikli\u011fi 1 Haziran 2024 tarihi itibari ile y\u00fcr\u00fcrl\u00fc\u011fe girmi\u015f olmakla beraber, \u00f6ng\u00f6r\u00fclen ge\u00e7i\u015f s\u00fcreci kapsam\u0131nda veri sorumlular\u0131n\u0131n, 1 Eyl\u00fcl 2024 tarihine kadar Kanun&#8217;un 9. Maddesinin 1. f\u0131kras\u0131 uyar\u0131nca a\u00e7\u0131k r\u0131zaya dayal\u0131 olarak yurt d\u0131\u015f\u0131na aktar\u0131m faaliyetlerini s\u00fcrd\u00fcrmeleri m\u00fcmk\u00fcnd\u00fcr. Bununla beraber, veri sorumlular\u0131 ve veri i\u015fleyenlerin, yay\u0131mlanan Y\u00f6netmelik ve Nihai Metinler uyar\u0131nca yurt d\u0131\u015f\u0131na aktar\u0131m s\u00fcre\u00e7lerini g\u00f6zden ge\u00e7irmeleri ve kendilerine uygun aktar\u0131m mekanizmas\u0131n\u0131 belirleyerek belirtilen tarihe kadar uyum s\u00fcre\u00e7lerini tamamlamalar\u0131 gerekmektedir.<\/p>\n","protected":false},"excerpt":{"rendered":"<p>Yeni Geli\u015fme 6698 say\u0131l\u0131 Ki\u015fisel Verilerin Korunmas\u0131 Kanunu&#8217;na (&#8220;Kanun&#8220;) ili\u015fkin de\u011fi\u015fiklikler 12 Mart 2024 tarihinde kabul edilmi\u015f (&#8220;Kanun De\u011fi\u015fikli\u011fi&#8220;), yurt [&hellip;]<\/p>\n","protected":false},"author":4,"featured_media":0,"comment_status":"closed","ping_status":"closed","sticky":false,"template":"","format":"standard","meta":{"_acf_changed":false,"_stopmodifiedupdate":false,"_modified_date":"","footnotes":""},"categories":[120],"tags":[180],"class_list":["post-27843","post","type-post","status-publish","format-standard","hentry","category-legal-alerts","tag-fikri-mulkiyet-ve-teknoloji"],"acf":[],"yoast_head":"<!-- This site is optimized with the Yoast SEO plugin v24.0 - https:\/\/yoast.com\/wordpress\/plugins\/seo\/ -->\n<title>Yurt D\u0131\u015f\u0131na Veri Aktar\u0131mlar\u0131nda Yeni D\u00f6nem Ba\u015fl\u0131yor<\/title>\n<meta name=\"description\" content=\"Yeni Geli\u015fme 6698 say\u0131l\u0131 Ki\u015fisel Verilerin Korunmas\u0131 Kanunu&#039;na (&quot;Kanun&quot;) ili\u015fkin de\u011fi\u015fiklikler 12 Mart 2024 tarihinde kabul edilmi\u015f (&quot;Kanun De\u011fi\u015fikli\u011fi&quot;),\" \/>\n<meta name=\"robots\" content=\"index, follow, max-snippet:-1, max-image-preview:large, max-video-preview:-1\" \/>\n<link rel=\"canonical\" href=\"https:\/\/www.esin.av.tr\/tr\/2024\/07\/17\/yurt-disina-veri-aktarimlarinda-yeni-donem-basliyor\/\" \/>\n<meta property=\"og:locale\" content=\"tr_TR\" \/>\n<meta property=\"og:type\" content=\"article\" \/>\n<meta property=\"og:title\" content=\"Yurt D\u0131\u015f\u0131na Veri Aktar\u0131mlar\u0131nda Yeni D\u00f6nem Ba\u015fl\u0131yor\" \/>\n<meta property=\"og:description\" content=\"Yeni Geli\u015fme 6698 say\u0131l\u0131 Ki\u015fisel Verilerin Korunmas\u0131 Kanunu&#039;na (&quot;Kanun&quot;) ili\u015fkin de\u011fi\u015fiklikler 12 Mart 2024 tarihinde kabul edilmi\u015f (&quot;Kanun De\u011fi\u015fikli\u011fi&quot;),\" \/>\n<meta property=\"og:url\" content=\"https:\/\/www.esin.av.tr\/tr\/2024\/07\/17\/yurt-disina-veri-aktarimlarinda-yeni-donem-basliyor\/\" \/>\n<meta property=\"og:site_name\" content=\"Esin Avukatl\u0131k Ortakl\u0131\u011f\u0131\" \/>\n<meta property=\"article:published_time\" content=\"2024-07-17T09:08:59+00:00\" \/>\n<meta name=\"author\" content=\"R\u0131dvan Konrat\" \/>\n<meta name=\"twitter:card\" content=\"summary_large_image\" \/>\n<meta name=\"twitter:label1\" content=\"Written by\" \/>\n\t<meta name=\"twitter:data1\" content=\"R\u0131dvan Konrat\" \/>\n\t<meta name=\"twitter:label2\" content=\"Est. reading time\" \/>\n\t<meta name=\"twitter:data2\" content=\"6 minutes\" \/>\n<script type=\"application\/ld+json\" class=\"yoast-schema-graph\">{\"@context\":\"https:\/\/schema.org\",\"@graph\":[{\"@type\":\"Article\",\"@id\":\"https:\/\/www.esin.av.tr\/tr\/2024\/07\/17\/yurt-disina-veri-aktarimlarinda-yeni-donem-basliyor\/#article\",\"isPartOf\":{\"@id\":\"https:\/\/www.esin.av.tr\/tr\/2024\/07\/17\/yurt-disina-veri-aktarimlarinda-yeni-donem-basliyor\/\"},\"author\":{\"name\":\"R\u0131dvan Konrat\",\"@id\":\"https:\/\/www.esin.av.tr\/tr\/#\/schema\/person\/42c8e616aab56b8622fa365ad63282ae\"},\"headline\":\"Yurt D\u0131\u015f\u0131na Veri Aktar\u0131mlar\u0131nda Yeni D\u00f6nem Ba\u015fl\u0131yor\",\"datePublished\":\"2024-07-17T09:08:59+00:00\",\"dateModified\":\"2024-07-17T09:08:59+00:00\",\"mainEntityOfPage\":{\"@id\":\"https:\/\/www.esin.av.tr\/tr\/2024\/07\/17\/yurt-disina-veri-aktarimlarinda-yeni-donem-basliyor\/\"},\"wordCount\":1301,\"publisher\":{\"@id\":\"https:\/\/www.esin.av.tr\/tr\/#organization\"},\"keywords\":[\"Fikri M\u00fclkiyet ve Teknoloji\"],\"articleSection\":[\"Hukuk B\u00fcltenleri\"],\"inLanguage\":\"tr\"},{\"@type\":\"WebPage\",\"@id\":\"https:\/\/www.esin.av.tr\/tr\/2024\/07\/17\/yurt-disina-veri-aktarimlarinda-yeni-donem-basliyor\/\",\"url\":\"https:\/\/www.esin.av.tr\/tr\/2024\/07\/17\/yurt-disina-veri-aktarimlarinda-yeni-donem-basliyor\/\",\"name\":\"Yurt D\u0131\u015f\u0131na Veri Aktar\u0131mlar\u0131nda Yeni D\u00f6nem Ba\u015fl\u0131yor\",\"isPartOf\":{\"@id\":\"https:\/\/www.esin.av.tr\/tr\/#website\"},\"datePublished\":\"2024-07-17T09:08:59+00:00\",\"dateModified\":\"2024-07-17T09:08:59+00:00\",\"description\":\"Yeni Geli\u015fme 6698 say\u0131l\u0131 Ki\u015fisel Verilerin Korunmas\u0131 Kanunu'na (\\\"Kanun\\\") ili\u015fkin de\u011fi\u015fiklikler 12 Mart 2024 tarihinde kabul edilmi\u015f (\\\"Kanun De\u011fi\u015fikli\u011fi\\\"),\",\"breadcrumb\":{\"@id\":\"https:\/\/www.esin.av.tr\/tr\/2024\/07\/17\/yurt-disina-veri-aktarimlarinda-yeni-donem-basliyor\/#breadcrumb\"},\"inLanguage\":\"tr\",\"potentialAction\":[{\"@type\":\"ReadAction\",\"target\":[\"https:\/\/www.esin.av.tr\/tr\/2024\/07\/17\/yurt-disina-veri-aktarimlarinda-yeni-donem-basliyor\/\"]}]},{\"@type\":\"BreadcrumbList\",\"@id\":\"https:\/\/www.esin.av.tr\/tr\/2024\/07\/17\/yurt-disina-veri-aktarimlarinda-yeni-donem-basliyor\/#breadcrumb\",\"itemListElement\":[{\"@type\":\"ListItem\",\"position\":1,\"name\":\"Home\",\"item\":\"https:\/\/www.esin.av.tr\/tr\/\"},{\"@type\":\"ListItem\",\"position\":2,\"name\":\"Yurt D\u0131\u015f\u0131na Veri Aktar\u0131mlar\u0131nda Yeni D\u00f6nem Ba\u015fl\u0131yor\"}]},{\"@type\":\"WebSite\",\"@id\":\"https:\/\/www.esin.av.tr\/tr\/#website\",\"url\":\"https:\/\/www.esin.av.tr\/tr\/\",\"name\":\"Esin Avukatl\u0131k Ortakl\u0131\u011f\u0131\",\"description\":\"\",\"publisher\":{\"@id\":\"https:\/\/www.esin.av.tr\/tr\/#organization\"},\"potentialAction\":[{\"@type\":\"SearchAction\",\"target\":{\"@type\":\"EntryPoint\",\"urlTemplate\":\"https:\/\/www.esin.av.tr\/tr\/?s={search_term_string}\"},\"query-input\":{\"@type\":\"PropertyValueSpecification\",\"valueRequired\":true,\"valueName\":\"search_term_string\"}}],\"inLanguage\":\"tr\"},{\"@type\":\"Organization\",\"@id\":\"https:\/\/www.esin.av.tr\/tr\/#organization\",\"name\":\"Esin Avukatl\u0131k Ortakl\u0131\u011f\u0131\",\"url\":\"https:\/\/www.esin.av.tr\/tr\/\",\"logo\":{\"@type\":\"ImageObject\",\"inLanguage\":\"tr\",\"@id\":\"https:\/\/www.esin.av.tr\/tr\/#\/schema\/logo\/image\/\",\"url\":\"https:\/\/www.esin.av.tr\/wp-content\/uploads\/2021\/09\/esin-2.jpg\",\"contentUrl\":\"https:\/\/www.esin.av.tr\/wp-content\/uploads\/2021\/09\/esin-2.jpg\",\"width\":800,\"height\":460,\"caption\":\"Esin Avukatl\u0131k Ortakl\u0131\u011f\u0131\"},\"image\":{\"@id\":\"https:\/\/www.esin.av.tr\/tr\/#\/schema\/logo\/image\/\"}},{\"@type\":\"Person\",\"@id\":\"https:\/\/www.esin.av.tr\/tr\/#\/schema\/person\/42c8e616aab56b8622fa365ad63282ae\",\"name\":\"R\u0131dvan Konrat\",\"image\":{\"@type\":\"ImageObject\",\"inLanguage\":\"tr\",\"@id\":\"https:\/\/www.esin.av.tr\/tr\/#\/schema\/person\/image\/\",\"url\":\"https:\/\/secure.gravatar.com\/avatar\/b20c6c583be38ed4e76e32f69fccc676?s=96&d=mm&r=g\",\"contentUrl\":\"https:\/\/secure.gravatar.com\/avatar\/b20c6c583be38ed4e76e32f69fccc676?s=96&d=mm&r=g\",\"caption\":\"R\u0131dvan Konrat\"},\"sameAs\":[\"http:\/\/www.esin.av.tr\"],\"url\":\"https:\/\/www.esin.av.tr\/tr\/author\/rkonrat\/\"}]}<\/script>\n<!-- \/ Yoast SEO plugin. -->","yoast_head_json":{"title":"Yurt D\u0131\u015f\u0131na Veri Aktar\u0131mlar\u0131nda Yeni D\u00f6nem Ba\u015fl\u0131yor","description":"Yeni Geli\u015fme 6698 say\u0131l\u0131 Ki\u015fisel Verilerin Korunmas\u0131 Kanunu'na (\"Kanun\") ili\u015fkin de\u011fi\u015fiklikler 12 Mart 2024 tarihinde kabul edilmi\u015f (\"Kanun De\u011fi\u015fikli\u011fi\"),","robots":{"index":"index","follow":"follow","max-snippet":"max-snippet:-1","max-image-preview":"max-image-preview:large","max-video-preview":"max-video-preview:-1"},"canonical":"https:\/\/www.esin.av.tr\/tr\/2024\/07\/17\/yurt-disina-veri-aktarimlarinda-yeni-donem-basliyor\/","og_locale":"tr_TR","og_type":"article","og_title":"Yurt D\u0131\u015f\u0131na Veri Aktar\u0131mlar\u0131nda Yeni D\u00f6nem Ba\u015fl\u0131yor","og_description":"Yeni Geli\u015fme 6698 say\u0131l\u0131 Ki\u015fisel Verilerin Korunmas\u0131 Kanunu'na (\"Kanun\") ili\u015fkin de\u011fi\u015fiklikler 12 Mart 2024 tarihinde kabul edilmi\u015f (\"Kanun De\u011fi\u015fikli\u011fi\"),","og_url":"https:\/\/www.esin.av.tr\/tr\/2024\/07\/17\/yurt-disina-veri-aktarimlarinda-yeni-donem-basliyor\/","og_site_name":"Esin Avukatl\u0131k Ortakl\u0131\u011f\u0131","article_published_time":"2024-07-17T09:08:59+00:00","author":"R\u0131dvan Konrat","twitter_card":"summary_large_image","twitter_misc":{"Written by":"R\u0131dvan Konrat","Est. reading time":"6 minutes"},"schema":{"@context":"https:\/\/schema.org","@graph":[{"@type":"Article","@id":"https:\/\/www.esin.av.tr\/tr\/2024\/07\/17\/yurt-disina-veri-aktarimlarinda-yeni-donem-basliyor\/#article","isPartOf":{"@id":"https:\/\/www.esin.av.tr\/tr\/2024\/07\/17\/yurt-disina-veri-aktarimlarinda-yeni-donem-basliyor\/"},"author":{"name":"R\u0131dvan Konrat","@id":"https:\/\/www.esin.av.tr\/tr\/#\/schema\/person\/42c8e616aab56b8622fa365ad63282ae"},"headline":"Yurt D\u0131\u015f\u0131na Veri Aktar\u0131mlar\u0131nda Yeni D\u00f6nem Ba\u015fl\u0131yor","datePublished":"2024-07-17T09:08:59+00:00","dateModified":"2024-07-17T09:08:59+00:00","mainEntityOfPage":{"@id":"https:\/\/www.esin.av.tr\/tr\/2024\/07\/17\/yurt-disina-veri-aktarimlarinda-yeni-donem-basliyor\/"},"wordCount":1301,"publisher":{"@id":"https:\/\/www.esin.av.tr\/tr\/#organization"},"keywords":["Fikri M\u00fclkiyet ve Teknoloji"],"articleSection":["Hukuk B\u00fcltenleri"],"inLanguage":"tr"},{"@type":"WebPage","@id":"https:\/\/www.esin.av.tr\/tr\/2024\/07\/17\/yurt-disina-veri-aktarimlarinda-yeni-donem-basliyor\/","url":"https:\/\/www.esin.av.tr\/tr\/2024\/07\/17\/yurt-disina-veri-aktarimlarinda-yeni-donem-basliyor\/","name":"Yurt D\u0131\u015f\u0131na Veri Aktar\u0131mlar\u0131nda Yeni D\u00f6nem Ba\u015fl\u0131yor","isPartOf":{"@id":"https:\/\/www.esin.av.tr\/tr\/#website"},"datePublished":"2024-07-17T09:08:59+00:00","dateModified":"2024-07-17T09:08:59+00:00","description":"Yeni Geli\u015fme 6698 say\u0131l\u0131 Ki\u015fisel Verilerin Korunmas\u0131 Kanunu'na (\"Kanun\") ili\u015fkin de\u011fi\u015fiklikler 12 Mart 2024 tarihinde kabul edilmi\u015f (\"Kanun De\u011fi\u015fikli\u011fi\"),","breadcrumb":{"@id":"https:\/\/www.esin.av.tr\/tr\/2024\/07\/17\/yurt-disina-veri-aktarimlarinda-yeni-donem-basliyor\/#breadcrumb"},"inLanguage":"tr","potentialAction":[{"@type":"ReadAction","target":["https:\/\/www.esin.av.tr\/tr\/2024\/07\/17\/yurt-disina-veri-aktarimlarinda-yeni-donem-basliyor\/"]}]},{"@type":"BreadcrumbList","@id":"https:\/\/www.esin.av.tr\/tr\/2024\/07\/17\/yurt-disina-veri-aktarimlarinda-yeni-donem-basliyor\/#breadcrumb","itemListElement":[{"@type":"ListItem","position":1,"name":"Home","item":"https:\/\/www.esin.av.tr\/tr\/"},{"@type":"ListItem","position":2,"name":"Yurt D\u0131\u015f\u0131na Veri Aktar\u0131mlar\u0131nda Yeni D\u00f6nem Ba\u015fl\u0131yor"}]},{"@type":"WebSite","@id":"https:\/\/www.esin.av.tr\/tr\/#website","url":"https:\/\/www.esin.av.tr\/tr\/","name":"Esin Avukatl\u0131k Ortakl\u0131\u011f\u0131","description":"","publisher":{"@id":"https:\/\/www.esin.av.tr\/tr\/#organization"},"potentialAction":[{"@type":"SearchAction","target":{"@type":"EntryPoint","urlTemplate":"https:\/\/www.esin.av.tr\/tr\/?s={search_term_string}"},"query-input":{"@type":"PropertyValueSpecification","valueRequired":true,"valueName":"search_term_string"}}],"inLanguage":"tr"},{"@type":"Organization","@id":"https:\/\/www.esin.av.tr\/tr\/#organization","name":"Esin Avukatl\u0131k Ortakl\u0131\u011f\u0131","url":"https:\/\/www.esin.av.tr\/tr\/","logo":{"@type":"ImageObject","inLanguage":"tr","@id":"https:\/\/www.esin.av.tr\/tr\/#\/schema\/logo\/image\/","url":"https:\/\/www.esin.av.tr\/wp-content\/uploads\/2021\/09\/esin-2.jpg","contentUrl":"https:\/\/www.esin.av.tr\/wp-content\/uploads\/2021\/09\/esin-2.jpg","width":800,"height":460,"caption":"Esin Avukatl\u0131k Ortakl\u0131\u011f\u0131"},"image":{"@id":"https:\/\/www.esin.av.tr\/tr\/#\/schema\/logo\/image\/"}},{"@type":"Person","@id":"https:\/\/www.esin.av.tr\/tr\/#\/schema\/person\/42c8e616aab56b8622fa365ad63282ae","name":"R\u0131dvan Konrat","image":{"@type":"ImageObject","inLanguage":"tr","@id":"https:\/\/www.esin.av.tr\/tr\/#\/schema\/person\/image\/","url":"https:\/\/secure.gravatar.com\/avatar\/b20c6c583be38ed4e76e32f69fccc676?s=96&d=mm&r=g","contentUrl":"https:\/\/secure.gravatar.com\/avatar\/b20c6c583be38ed4e76e32f69fccc676?s=96&d=mm&r=g","caption":"R\u0131dvan Konrat"},"sameAs":["http:\/\/www.esin.av.tr"],"url":"https:\/\/www.esin.av.tr\/tr\/author\/rkonrat\/"}]}},"_links":{"self":[{"href":"https:\/\/www.esin.av.tr\/tr\/wp-json\/wp\/v2\/posts\/27843","targetHints":{"allow":["GET"]}}],"collection":[{"href":"https:\/\/www.esin.av.tr\/tr\/wp-json\/wp\/v2\/posts"}],"about":[{"href":"https:\/\/www.esin.av.tr\/tr\/wp-json\/wp\/v2\/types\/post"}],"author":[{"embeddable":true,"href":"https:\/\/www.esin.av.tr\/tr\/wp-json\/wp\/v2\/users\/4"}],"replies":[{"embeddable":true,"href":"https:\/\/www.esin.av.tr\/tr\/wp-json\/wp\/v2\/comments?post=27843"}],"version-history":[{"count":1,"href":"https:\/\/www.esin.av.tr\/tr\/wp-json\/wp\/v2\/posts\/27843\/revisions"}],"predecessor-version":[{"id":27844,"href":"https:\/\/www.esin.av.tr\/tr\/wp-json\/wp\/v2\/posts\/27843\/revisions\/27844"}],"wp:attachment":[{"href":"https:\/\/www.esin.av.tr\/tr\/wp-json\/wp\/v2\/media?parent=27843"}],"wp:term":[{"taxonomy":"category","embeddable":true,"href":"https:\/\/www.esin.av.tr\/tr\/wp-json\/wp\/v2\/categories?post=27843"},{"taxonomy":"post_tag","embeddable":true,"href":"https:\/\/www.esin.av.tr\/tr\/wp-json\/wp\/v2\/tags?post=27843"}],"curies":[{"name":"wp","href":"https:\/\/api.w.org\/{rel}","templated":true}]}}