{"id":27803,"date":"2024-07-02T10:15:02","date_gmt":"2024-07-02T10:15:02","guid":{"rendered":"https:\/\/www.esin.av.tr\/?p=27803"},"modified":"2024-07-02T10:15:02","modified_gmt":"2024-07-02T10:15:02","slug":"merkez-bankasi-erken-odeme-ucretlerinde-degisiklik-yapti","status":"publish","type":"post","link":"https:\/\/www.esin.av.tr\/tr\/2024\/07\/02\/merkez-bankasi-erken-odeme-ucretlerinde-degisiklik-yapti\/","title":{"rendered":"Merkez Bankas\u0131 Erken \u00d6deme \u00dccretlerinde De\u011fi\u015fiklik Yapt\u0131"},"content":{"rendered":"<h3><strong>Yeni Geli\u015fmeler<\/strong><\/h3>\n<p>2020\/4 Say\u0131l\u0131 Bankalarca Ticari M\u00fc\u015fterilerden Al\u0131nabilecek \u00dccretlere \u0130li\u015fkin Usul ve Esaslar Hakk\u0131nda Tebli\u011f&#8217;de (&#8220;<strong>Tebli\u011f<\/strong>&#8220;) De\u011fi\u015fiklik Yap\u0131lmas\u0131na Dair Tebli\u011f (&#8220;<strong>De\u011fi\u015fiklik Tebli\u011fi<\/strong>&#8220;) 28 Haziran 2024 tarihli Resmi Gazete&#8217;de yay\u0131mlanarak 1 Temmuz 2024 itibar\u0131yla y\u00fcr\u00fcrl\u00fc\u011fe girdi.<br \/>\nDe\u011fi\u015fiklik Tebli\u011fi&#8217;ne <a href=\"https:\/\/urldefense.com\/v3\/__https:\/esinxchange.com\/collect\/click.aspx?u=ZE9tY0p0YUNLTm13T1A0R0VEN2ZCcm53MGNqWDNEY3ZuSzdDYm9aTGMwckd6MlJxR1lYOGtEK05MSFBmdXkra2YxbWc1ei83R0dOZk1RYnhwcnowNGh6aGlCeW5sK3h5cmZsZCtZT3NOZEpNUnExeTY3NnA5cDNMampFa0RrQS8=&amp;rh=ff00cd83a2489f4f3b089420904c9fc8d4b4b043__;!!Hj9Y_P0nvg!ShDtzZx1J4xSIFXXp19ehygxF9pJySm9dUhqHYLyiUAOGdejH0XrCzbQV2eKrMJBSsto7nYZ4jY6q6WWuzDhVE76fA$\">buradan<\/a> ula\u015fabilirsiniz.<\/p>\n<h3><strong>De\u011fi\u015fiklik Tebli\u011fi Neler Getiriyor?<\/strong><\/h3>\n<p>Tebli\u011f&#8217;de, ticari m\u00fc\u015fterinin kredinin tamam\u0131 i\u00e7in erken \u00f6deme talebinde bulunmas\u0131 halinde bankan\u0131n bu talebi kabul etmek zorunda oldu\u011fu d\u00fczenlenmi\u015f ve bu durumda gerekli faiz ve di\u011fer maliyet unsurlar\u0131na ili\u015fkin indirimler yap\u0131larak ve bankaya erken \u00f6denen tutar \u00fczerinden hesaplanacak bir erken \u00f6deme \u00fccreti al\u0131nabilece\u011fi \u00f6ng\u00f6r\u00fclm\u00fc\u015ft\u00fc. Bu hesaplamada ise (i) kredinin kalan vadesinin yirmi d\u00f6rt ay\u0131 a\u015f\u0131p a\u015fmamas\u0131 ve (ii) kredinin T\u00fcrk liras\u0131 veya d\u00f6viz cinsi ya da d\u00f6vize endeksli olmas\u0131 bak\u0131m\u0131ndan farkl\u0131 oranlar belirlenmi\u015fti.<\/p>\n<p>De\u011fi\u015fiklik Tebli\u011fi, erken \u00f6deme \u00fccretinin hesaplanmas\u0131na ili\u015fkin olarak sabit faizli ve de\u011fi\u015fken faizli krediler a\u00e7\u0131s\u0131ndan bir ayr\u0131m getiriyor.<\/p>\n<p>Bu kapsamda, sabit faizli kredilerde, bankaya erken \u00f6denen tutar \u00fczerinden, T\u00fcrk liras\u0131 krediler i\u00e7in kredi faiz oran\u0131 ve kalan a\u011f\u0131rl\u0131kl\u0131 ortalama vade; d\u00f6viz cinsi veya d\u00f6vize endeksli kredilerde ise sabit bir oran ile kalan a\u011f\u0131rl\u0131kl\u0131 ortalama vade esas al\u0131narak T\u00fcrkiye Cumhuriyet Merkez Bankas\u0131&#8217;n\u0131n Talimat\u0131 ile belirlenen form\u00fcl ile hesaplanan oran\u0131 a\u015fmayacak \u015fekilde erken \u00f6deme \u00fccreti al\u0131nabilecek.<\/p>\n<p>De\u011fi\u015fken faizli kredilerde ise bankaya erken \u00f6denen tutar\u0131n y\u00fczde ikisine kadar erken \u00f6deme \u00fccreti al\u0131nabilecek.<\/p>\n<p>De\u011fi\u015fiklik Tebli\u011fi, 1 Mart 2021&#8217;den \u00f6nce ve 1 Mart 2021 ile 30 Haziran 2024 (dahil) tarihleri aras\u0131nda kulland\u0131r\u0131lan kredilerin erken \u00f6denmesi durumunda al\u0131nacak \u00fccretler i\u00e7in de farkl\u0131 hesaplama usulleri getiriyor.<\/p>\n<p>Bu kapsamda, 1 Mart 2021 tarihinden \u00f6nce kulland\u0131r\u0131lan kredilerden T\u00fcrk liras\u0131 krediler i\u00e7in erken \u00f6deme \u00fccreti, erken \u00f6denen tutar\u0131n, kalan vadesi yirmi d\u00f6rt ay\u0131 a\u015fmayan kredilerde y\u00fczde birini ve kalan vadesi yirmi d\u00f6rt ay\u0131 a\u015fan kredilerde ise y\u00fczde ikisini ge\u00e7emeyecek.<\/p>\n<p>D\u00f6viz cinsi veya d\u00f6vize endeksli kredilerde ise s\u00f6z konusu azami \u00fccretler bir puan art\u0131r\u0131ml\u0131 olarak uygulanacak.<\/p>\n<p>1 Mart 2021&#8217;den 30 Haziran 2024&#8217;e (dahil) kadar kulland\u0131r\u0131lan kredilerden; T\u00fcrk liras\u0131 krediler i\u00e7in erken \u00f6denen tutar\u0131n, kalan vadesi yirmi d\u00f6rt ay\u0131 a\u015fmayan kredilerde y\u00fczde ikisine, kalan vadesi yirmi d\u00f6rt ay\u0131 a\u015fan kredilerde ise y\u00fczde ikinin \u00fczerine kalan vadenin yirmi d\u00f6rt ay\u0131 a\u015fan k\u0131sm\u0131ndaki her bir y\u0131l i\u00e7in y\u00fczde bir eklenerek hesaplanan tutara kadar erken \u00f6deme \u00fccreti al\u0131nabilecek.<\/p>\n<p>Bu hesaplamada kalan vadenin yirmi d\u00f6rt ay\u0131 a\u015fan k\u0131sm\u0131ndaki s\u00fcreler y\u0131la tamamlanacak.<\/p>\n<p>D\u00f6viz cinsi veya d\u00f6vize endeksli kredilerde ise T\u00fcrk liras\u0131 krediler i\u00e7in uygulanan azami \u00fccretin bir puan art\u0131r\u0131ml\u0131 hali uygulanabilecek.<\/p>\n","protected":false},"excerpt":{"rendered":"<p>Yeni Geli\u015fmeler 2020\/4 Say\u0131l\u0131 Bankalarca Ticari M\u00fc\u015fterilerden Al\u0131nabilecek \u00dccretlere \u0130li\u015fkin Usul ve Esaslar Hakk\u0131nda Tebli\u011f&#8217;de (&#8220;Tebli\u011f&#8220;) De\u011fi\u015fiklik Yap\u0131lmas\u0131na Dair Tebli\u011f [&hellip;]<\/p>\n","protected":false},"author":4,"featured_media":0,"comment_status":"closed","ping_status":"closed","sticky":false,"template":"","format":"standard","meta":{"_acf_changed":false,"_stopmodifiedupdate":false,"_modified_date":"","footnotes":""},"categories":[120],"tags":[90],"class_list":["post-27803","post","type-post","status-publish","format-standard","hentry","category-legal-alerts","tag-banking-finance-tr"],"acf":[],"yoast_head":"<!-- This site is optimized with the Yoast SEO plugin v24.0 - https:\/\/yoast.com\/wordpress\/plugins\/seo\/ -->\n<title>Merkez Bankas\u0131 Erken \u00d6deme \u00dccretlerinde De\u011fi\u015fiklik Yapt\u0131<\/title>\n<meta name=\"description\" content=\"Yeni Geli\u015fmeler 2020\/4 Say\u0131l\u0131 Bankalarca Ticari M\u00fc\u015fterilerden Al\u0131nabilecek \u00dccretlere \u0130li\u015fkin Usul ve Esaslar Hakk\u0131nda Tebli\u011f&#039;de (&quot;Tebli\u011f&quot;) De\u011fi\u015fiklik\" \/>\n<meta name=\"robots\" content=\"index, follow, max-snippet:-1, max-image-preview:large, max-video-preview:-1\" \/>\n<link rel=\"canonical\" href=\"https:\/\/www.esin.av.tr\/tr\/2024\/07\/02\/merkez-bankasi-erken-odeme-ucretlerinde-degisiklik-yapti\/\" \/>\n<meta property=\"og:locale\" content=\"tr_TR\" \/>\n<meta property=\"og:type\" content=\"article\" \/>\n<meta property=\"og:title\" content=\"Merkez Bankas\u0131 Erken \u00d6deme \u00dccretlerinde De\u011fi\u015fiklik Yapt\u0131\" \/>\n<meta property=\"og:description\" content=\"Yeni Geli\u015fmeler 2020\/4 Say\u0131l\u0131 Bankalarca Ticari M\u00fc\u015fterilerden Al\u0131nabilecek \u00dccretlere \u0130li\u015fkin Usul ve Esaslar Hakk\u0131nda Tebli\u011f&#039;de (&quot;Tebli\u011f&quot;) De\u011fi\u015fiklik\" \/>\n<meta property=\"og:url\" content=\"https:\/\/www.esin.av.tr\/tr\/2024\/07\/02\/merkez-bankasi-erken-odeme-ucretlerinde-degisiklik-yapti\/\" \/>\n<meta property=\"og:site_name\" content=\"Esin Avukatl\u0131k Ortakl\u0131\u011f\u0131\" \/>\n<meta property=\"article:published_time\" content=\"2024-07-02T10:15:02+00:00\" \/>\n<meta name=\"author\" content=\"R\u0131dvan Konrat\" \/>\n<meta name=\"twitter:card\" content=\"summary_large_image\" \/>\n<meta name=\"twitter:label1\" content=\"Written by\" \/>\n\t<meta name=\"twitter:data1\" content=\"R\u0131dvan Konrat\" \/>\n\t<meta name=\"twitter:label2\" content=\"Est. reading time\" \/>\n\t<meta name=\"twitter:data2\" content=\"3 minutes\" \/>\n<script type=\"application\/ld+json\" class=\"yoast-schema-graph\">{\"@context\":\"https:\/\/schema.org\",\"@graph\":[{\"@type\":\"Article\",\"@id\":\"https:\/\/www.esin.av.tr\/tr\/2024\/07\/02\/merkez-bankasi-erken-odeme-ucretlerinde-degisiklik-yapti\/#article\",\"isPartOf\":{\"@id\":\"https:\/\/www.esin.av.tr\/tr\/2024\/07\/02\/merkez-bankasi-erken-odeme-ucretlerinde-degisiklik-yapti\/\"},\"author\":{\"name\":\"R\u0131dvan Konrat\",\"@id\":\"https:\/\/www.esin.av.tr\/tr\/#\/schema\/person\/42c8e616aab56b8622fa365ad63282ae\"},\"headline\":\"Merkez Bankas\u0131 Erken \u00d6deme \u00dccretlerinde De\u011fi\u015fiklik Yapt\u0131\",\"datePublished\":\"2024-07-02T10:15:02+00:00\",\"dateModified\":\"2024-07-02T10:15:02+00:00\",\"mainEntityOfPage\":{\"@id\":\"https:\/\/www.esin.av.tr\/tr\/2024\/07\/02\/merkez-bankasi-erken-odeme-ucretlerinde-degisiklik-yapti\/\"},\"wordCount\":513,\"publisher\":{\"@id\":\"https:\/\/www.esin.av.tr\/tr\/#organization\"},\"keywords\":[\"Bankac\u0131l\u0131k ve Finans\"],\"articleSection\":[\"Hukuk B\u00fcltenleri\"],\"inLanguage\":\"tr\"},{\"@type\":\"WebPage\",\"@id\":\"https:\/\/www.esin.av.tr\/tr\/2024\/07\/02\/merkez-bankasi-erken-odeme-ucretlerinde-degisiklik-yapti\/\",\"url\":\"https:\/\/www.esin.av.tr\/tr\/2024\/07\/02\/merkez-bankasi-erken-odeme-ucretlerinde-degisiklik-yapti\/\",\"name\":\"Merkez Bankas\u0131 Erken \u00d6deme \u00dccretlerinde De\u011fi\u015fiklik Yapt\u0131\",\"isPartOf\":{\"@id\":\"https:\/\/www.esin.av.tr\/tr\/#website\"},\"datePublished\":\"2024-07-02T10:15:02+00:00\",\"dateModified\":\"2024-07-02T10:15:02+00:00\",\"description\":\"Yeni Geli\u015fmeler 2020\/4 Say\u0131l\u0131 Bankalarca Ticari M\u00fc\u015fterilerden Al\u0131nabilecek \u00dccretlere \u0130li\u015fkin Usul ve Esaslar Hakk\u0131nda Tebli\u011f'de (\\\"Tebli\u011f\\\") De\u011fi\u015fiklik\",\"breadcrumb\":{\"@id\":\"https:\/\/www.esin.av.tr\/tr\/2024\/07\/02\/merkez-bankasi-erken-odeme-ucretlerinde-degisiklik-yapti\/#breadcrumb\"},\"inLanguage\":\"tr\",\"potentialAction\":[{\"@type\":\"ReadAction\",\"target\":[\"https:\/\/www.esin.av.tr\/tr\/2024\/07\/02\/merkez-bankasi-erken-odeme-ucretlerinde-degisiklik-yapti\/\"]}]},{\"@type\":\"BreadcrumbList\",\"@id\":\"https:\/\/www.esin.av.tr\/tr\/2024\/07\/02\/merkez-bankasi-erken-odeme-ucretlerinde-degisiklik-yapti\/#breadcrumb\",\"itemListElement\":[{\"@type\":\"ListItem\",\"position\":1,\"name\":\"Home\",\"item\":\"https:\/\/www.esin.av.tr\/tr\/\"},{\"@type\":\"ListItem\",\"position\":2,\"name\":\"Merkez Bankas\u0131 Erken \u00d6deme \u00dccretlerinde De\u011fi\u015fiklik Yapt\u0131\"}]},{\"@type\":\"WebSite\",\"@id\":\"https:\/\/www.esin.av.tr\/tr\/#website\",\"url\":\"https:\/\/www.esin.av.tr\/tr\/\",\"name\":\"Esin Avukatl\u0131k Ortakl\u0131\u011f\u0131\",\"description\":\"\",\"publisher\":{\"@id\":\"https:\/\/www.esin.av.tr\/tr\/#organization\"},\"potentialAction\":[{\"@type\":\"SearchAction\",\"target\":{\"@type\":\"EntryPoint\",\"urlTemplate\":\"https:\/\/www.esin.av.tr\/tr\/?s={search_term_string}\"},\"query-input\":{\"@type\":\"PropertyValueSpecification\",\"valueRequired\":true,\"valueName\":\"search_term_string\"}}],\"inLanguage\":\"tr\"},{\"@type\":\"Organization\",\"@id\":\"https:\/\/www.esin.av.tr\/tr\/#organization\",\"name\":\"Esin Avukatl\u0131k Ortakl\u0131\u011f\u0131\",\"url\":\"https:\/\/www.esin.av.tr\/tr\/\",\"logo\":{\"@type\":\"ImageObject\",\"inLanguage\":\"tr\",\"@id\":\"https:\/\/www.esin.av.tr\/tr\/#\/schema\/logo\/image\/\",\"url\":\"https:\/\/www.esin.av.tr\/wp-content\/uploads\/2021\/09\/esin-2.jpg\",\"contentUrl\":\"https:\/\/www.esin.av.tr\/wp-content\/uploads\/2021\/09\/esin-2.jpg\",\"width\":800,\"height\":460,\"caption\":\"Esin Avukatl\u0131k Ortakl\u0131\u011f\u0131\"},\"image\":{\"@id\":\"https:\/\/www.esin.av.tr\/tr\/#\/schema\/logo\/image\/\"}},{\"@type\":\"Person\",\"@id\":\"https:\/\/www.esin.av.tr\/tr\/#\/schema\/person\/42c8e616aab56b8622fa365ad63282ae\",\"name\":\"R\u0131dvan Konrat\",\"image\":{\"@type\":\"ImageObject\",\"inLanguage\":\"tr\",\"@id\":\"https:\/\/www.esin.av.tr\/tr\/#\/schema\/person\/image\/\",\"url\":\"https:\/\/secure.gravatar.com\/avatar\/b20c6c583be38ed4e76e32f69fccc676?s=96&d=mm&r=g\",\"contentUrl\":\"https:\/\/secure.gravatar.com\/avatar\/b20c6c583be38ed4e76e32f69fccc676?s=96&d=mm&r=g\",\"caption\":\"R\u0131dvan Konrat\"},\"sameAs\":[\"http:\/\/www.esin.av.tr\"],\"url\":\"https:\/\/www.esin.av.tr\/tr\/author\/rkonrat\/\"}]}<\/script>\n<!-- \/ Yoast SEO plugin. -->","yoast_head_json":{"title":"Merkez Bankas\u0131 Erken \u00d6deme \u00dccretlerinde De\u011fi\u015fiklik Yapt\u0131","description":"Yeni Geli\u015fmeler 2020\/4 Say\u0131l\u0131 Bankalarca Ticari M\u00fc\u015fterilerden Al\u0131nabilecek \u00dccretlere \u0130li\u015fkin Usul ve Esaslar Hakk\u0131nda Tebli\u011f'de (\"Tebli\u011f\") De\u011fi\u015fiklik","robots":{"index":"index","follow":"follow","max-snippet":"max-snippet:-1","max-image-preview":"max-image-preview:large","max-video-preview":"max-video-preview:-1"},"canonical":"https:\/\/www.esin.av.tr\/tr\/2024\/07\/02\/merkez-bankasi-erken-odeme-ucretlerinde-degisiklik-yapti\/","og_locale":"tr_TR","og_type":"article","og_title":"Merkez Bankas\u0131 Erken \u00d6deme \u00dccretlerinde De\u011fi\u015fiklik Yapt\u0131","og_description":"Yeni Geli\u015fmeler 2020\/4 Say\u0131l\u0131 Bankalarca Ticari M\u00fc\u015fterilerden Al\u0131nabilecek \u00dccretlere \u0130li\u015fkin Usul ve Esaslar Hakk\u0131nda Tebli\u011f'de (\"Tebli\u011f\") De\u011fi\u015fiklik","og_url":"https:\/\/www.esin.av.tr\/tr\/2024\/07\/02\/merkez-bankasi-erken-odeme-ucretlerinde-degisiklik-yapti\/","og_site_name":"Esin Avukatl\u0131k Ortakl\u0131\u011f\u0131","article_published_time":"2024-07-02T10:15:02+00:00","author":"R\u0131dvan Konrat","twitter_card":"summary_large_image","twitter_misc":{"Written by":"R\u0131dvan Konrat","Est. reading time":"3 minutes"},"schema":{"@context":"https:\/\/schema.org","@graph":[{"@type":"Article","@id":"https:\/\/www.esin.av.tr\/tr\/2024\/07\/02\/merkez-bankasi-erken-odeme-ucretlerinde-degisiklik-yapti\/#article","isPartOf":{"@id":"https:\/\/www.esin.av.tr\/tr\/2024\/07\/02\/merkez-bankasi-erken-odeme-ucretlerinde-degisiklik-yapti\/"},"author":{"name":"R\u0131dvan Konrat","@id":"https:\/\/www.esin.av.tr\/tr\/#\/schema\/person\/42c8e616aab56b8622fa365ad63282ae"},"headline":"Merkez Bankas\u0131 Erken \u00d6deme \u00dccretlerinde De\u011fi\u015fiklik Yapt\u0131","datePublished":"2024-07-02T10:15:02+00:00","dateModified":"2024-07-02T10:15:02+00:00","mainEntityOfPage":{"@id":"https:\/\/www.esin.av.tr\/tr\/2024\/07\/02\/merkez-bankasi-erken-odeme-ucretlerinde-degisiklik-yapti\/"},"wordCount":513,"publisher":{"@id":"https:\/\/www.esin.av.tr\/tr\/#organization"},"keywords":["Bankac\u0131l\u0131k ve Finans"],"articleSection":["Hukuk B\u00fcltenleri"],"inLanguage":"tr"},{"@type":"WebPage","@id":"https:\/\/www.esin.av.tr\/tr\/2024\/07\/02\/merkez-bankasi-erken-odeme-ucretlerinde-degisiklik-yapti\/","url":"https:\/\/www.esin.av.tr\/tr\/2024\/07\/02\/merkez-bankasi-erken-odeme-ucretlerinde-degisiklik-yapti\/","name":"Merkez Bankas\u0131 Erken \u00d6deme \u00dccretlerinde De\u011fi\u015fiklik Yapt\u0131","isPartOf":{"@id":"https:\/\/www.esin.av.tr\/tr\/#website"},"datePublished":"2024-07-02T10:15:02+00:00","dateModified":"2024-07-02T10:15:02+00:00","description":"Yeni Geli\u015fmeler 2020\/4 Say\u0131l\u0131 Bankalarca Ticari M\u00fc\u015fterilerden Al\u0131nabilecek \u00dccretlere \u0130li\u015fkin Usul ve Esaslar Hakk\u0131nda Tebli\u011f'de (\"Tebli\u011f\") De\u011fi\u015fiklik","breadcrumb":{"@id":"https:\/\/www.esin.av.tr\/tr\/2024\/07\/02\/merkez-bankasi-erken-odeme-ucretlerinde-degisiklik-yapti\/#breadcrumb"},"inLanguage":"tr","potentialAction":[{"@type":"ReadAction","target":["https:\/\/www.esin.av.tr\/tr\/2024\/07\/02\/merkez-bankasi-erken-odeme-ucretlerinde-degisiklik-yapti\/"]}]},{"@type":"BreadcrumbList","@id":"https:\/\/www.esin.av.tr\/tr\/2024\/07\/02\/merkez-bankasi-erken-odeme-ucretlerinde-degisiklik-yapti\/#breadcrumb","itemListElement":[{"@type":"ListItem","position":1,"name":"Home","item":"https:\/\/www.esin.av.tr\/tr\/"},{"@type":"ListItem","position":2,"name":"Merkez Bankas\u0131 Erken \u00d6deme \u00dccretlerinde De\u011fi\u015fiklik Yapt\u0131"}]},{"@type":"WebSite","@id":"https:\/\/www.esin.av.tr\/tr\/#website","url":"https:\/\/www.esin.av.tr\/tr\/","name":"Esin Avukatl\u0131k Ortakl\u0131\u011f\u0131","description":"","publisher":{"@id":"https:\/\/www.esin.av.tr\/tr\/#organization"},"potentialAction":[{"@type":"SearchAction","target":{"@type":"EntryPoint","urlTemplate":"https:\/\/www.esin.av.tr\/tr\/?s={search_term_string}"},"query-input":{"@type":"PropertyValueSpecification","valueRequired":true,"valueName":"search_term_string"}}],"inLanguage":"tr"},{"@type":"Organization","@id":"https:\/\/www.esin.av.tr\/tr\/#organization","name":"Esin Avukatl\u0131k Ortakl\u0131\u011f\u0131","url":"https:\/\/www.esin.av.tr\/tr\/","logo":{"@type":"ImageObject","inLanguage":"tr","@id":"https:\/\/www.esin.av.tr\/tr\/#\/schema\/logo\/image\/","url":"https:\/\/www.esin.av.tr\/wp-content\/uploads\/2021\/09\/esin-2.jpg","contentUrl":"https:\/\/www.esin.av.tr\/wp-content\/uploads\/2021\/09\/esin-2.jpg","width":800,"height":460,"caption":"Esin Avukatl\u0131k Ortakl\u0131\u011f\u0131"},"image":{"@id":"https:\/\/www.esin.av.tr\/tr\/#\/schema\/logo\/image\/"}},{"@type":"Person","@id":"https:\/\/www.esin.av.tr\/tr\/#\/schema\/person\/42c8e616aab56b8622fa365ad63282ae","name":"R\u0131dvan Konrat","image":{"@type":"ImageObject","inLanguage":"tr","@id":"https:\/\/www.esin.av.tr\/tr\/#\/schema\/person\/image\/","url":"https:\/\/secure.gravatar.com\/avatar\/b20c6c583be38ed4e76e32f69fccc676?s=96&d=mm&r=g","contentUrl":"https:\/\/secure.gravatar.com\/avatar\/b20c6c583be38ed4e76e32f69fccc676?s=96&d=mm&r=g","caption":"R\u0131dvan Konrat"},"sameAs":["http:\/\/www.esin.av.tr"],"url":"https:\/\/www.esin.av.tr\/tr\/author\/rkonrat\/"}]}},"_links":{"self":[{"href":"https:\/\/www.esin.av.tr\/tr\/wp-json\/wp\/v2\/posts\/27803","targetHints":{"allow":["GET"]}}],"collection":[{"href":"https:\/\/www.esin.av.tr\/tr\/wp-json\/wp\/v2\/posts"}],"about":[{"href":"https:\/\/www.esin.av.tr\/tr\/wp-json\/wp\/v2\/types\/post"}],"author":[{"embeddable":true,"href":"https:\/\/www.esin.av.tr\/tr\/wp-json\/wp\/v2\/users\/4"}],"replies":[{"embeddable":true,"href":"https:\/\/www.esin.av.tr\/tr\/wp-json\/wp\/v2\/comments?post=27803"}],"version-history":[{"count":1,"href":"https:\/\/www.esin.av.tr\/tr\/wp-json\/wp\/v2\/posts\/27803\/revisions"}],"predecessor-version":[{"id":27804,"href":"https:\/\/www.esin.av.tr\/tr\/wp-json\/wp\/v2\/posts\/27803\/revisions\/27804"}],"wp:attachment":[{"href":"https:\/\/www.esin.av.tr\/tr\/wp-json\/wp\/v2\/media?parent=27803"}],"wp:term":[{"taxonomy":"category","embeddable":true,"href":"https:\/\/www.esin.av.tr\/tr\/wp-json\/wp\/v2\/categories?post=27803"},{"taxonomy":"post_tag","embeddable":true,"href":"https:\/\/www.esin.av.tr\/tr\/wp-json\/wp\/v2\/tags?post=27803"}],"curies":[{"name":"wp","href":"https:\/\/api.w.org\/{rel}","templated":true}]}}