{"id":27771,"date":"2024-06-13T09:59:03","date_gmt":"2024-06-13T09:59:03","guid":{"rendered":"https:\/\/www.esin.av.tr\/?p=27771"},"modified":"2024-06-13T09:59:03","modified_gmt":"2024-06-13T09:59:03","slug":"kisa-calisma-ve-kisa-calisma-odenegine-iliskin-usul-ve-esaslar-hakkinda-yonetmelik-yayimlandi","status":"publish","type":"post","link":"https:\/\/www.esin.av.tr\/tr\/2024\/06\/13\/kisa-calisma-ve-kisa-calisma-odenegine-iliskin-usul-ve-esaslar-hakkinda-yonetmelik-yayimlandi\/","title":{"rendered":"K\u0131sa \u00c7al\u0131\u015fma ve K\u0131sa \u00c7al\u0131\u015fma \u00d6dene\u011fine \u0130li\u015fkin Usul ve Esaslar Hakk\u0131nda Y\u00f6netmelik Yay\u0131mland\u0131"},"content":{"rendered":"<h3><strong>Yeni Geli\u015fme<\/strong><\/h3>\n<p>\u00c7al\u0131\u015fma ve Sosyal G\u00fcvenlik Bakanl\u0131\u011f\u0131 (&#8220;<strong>Bakanl\u0131k<\/strong>&#8220;), 11 Haziran 2024 tarihli ve 32573 say\u0131l\u0131 Resmi Gazete&#8217;de K\u0131sa \u00c7al\u0131\u015fma ve K\u0131sa \u00c7al\u0131\u015fma \u00d6dene\u011fine \u0130li\u015fkin Usul ve Esaslar Hakk\u0131nda Y\u00f6netmelik&#8217;i (&#8220;<strong>Y\u00f6netmelik<\/strong>&#8220;) yay\u0131mlad\u0131. Y\u00f6netmelik 1 Mart 2024 tarihinden itibaren ge\u00e7erli olmak \u00fczere y\u00fcr\u00fcrl\u00fc\u011fe girmi\u015ftir. Y\u00f6netmelik uyar\u0131nca, 30 Nisan 2011 tarihli ve 27920 say\u0131l\u0131 Resmi Gazete&#8217;de yay\u0131mlanan &#8220;K\u0131sa \u00c7al\u0131\u015fma ve K\u0131sa \u00c7al\u0131\u015fma \u00d6dene\u011fi Hakk\u0131nda Y\u00f6netmelik&#8221; (&#8220;<strong>\u00d6nceki Y\u00f6netmelik<\/strong>&#8220;) y\u00fcr\u00fcrl\u00fckten kald\u0131r\u0131lm\u0131\u015ft\u0131r. <a href=\"https:\/\/urldefense.com\/v3\/__https:\/esinxchange.com\/collect\/click.aspx?u=M1I2c3JPYkd4MXMvbHB4d1gycndtemxFbWRkZCtJeTc4Y1BUNVlFOUV3MlpreHNXaTVpamhUQ0dSM1gyUkxiZjZjSUtLSzdIR3VaanJBc0g1NDNVaUJHUnNyd01SMG9hRVdiTXZYdnBXQnZYMnRsYzU1ZDNKUmhDUHRSZ3crZTE=&amp;rh=ff00cbd9e060b452fb1e161bb54c8e4b905169ef__;!!Hj9Y_P0nvg!S_FuZi1qv2z313cE30Gprxmc5dyPwpSvsETaZ6V17g9dO9RdHkzozMJNarBiA8q0qsGps7Emig38LMNzjFbuDlHqaA$\">Y\u00f6netmelik&#8217;e<\/a> <a href=\"https:\/\/urldefense.com\/v3\/__https:\/esinxchange.com\/collect\/click.aspx?u=M1I2c3JPYkd4MXMvbHB4d1gycndtemxFbWRkZCtJeTc4Y1BUNVlFOUV3MlpreHNXaTVpamhUQ0dSM1gyUkxiZjZjSUtLSzdIR3VaanJBc0g1NDNVaUJHUnNyd01SMG9hRVdiTXZYdnBXQnZYMnRsYzU1ZDNKUmhDUHRSZ3crZTE=&amp;rh=ff00cbd9e060b452fb1e161bb54c8e4b905169ef__;!!Hj9Y_P0nvg!S_FuZi1qv2z313cE30Gprxmc5dyPwpSvsETaZ6V17g9dO9RdHkzozMJNarBiA8q0qsGps7Emig38LMNzjFbuDlHqaA$\">buradan<\/a> ula\u015fabilirsiniz.<\/p>\n<h3><strong>Y\u00f6netmelik&#8217;in Yapt\u0131\u011f\u0131 De\u011fi\u015fiklikler Neler?<\/strong><\/h3>\n<p>Y\u00f6netmelik ile yap\u0131lan ba\u015fl\u0131ca de\u011fi\u015fiklikler a\u015fa\u011f\u0131daki gibidir:<\/p>\n<ul>\n<li>K\u0131sa \u00e7al\u0131\u015fma ba\u015flama tarihi 1 Mart 2024 tarihinden \u00f6nce olan k\u0131sa \u00e7al\u0131\u015fma uygulamalar\u0131nda, Y\u00f6netmelik uyar\u0131nca y\u00fcr\u00fcrl\u00fckten kald\u0131r\u0131lan \u00d6nceki Y\u00f6netmelik h\u00fck\u00fcmlerinin uygulanmas\u0131na devam edilece\u011fi belirtilmi\u015f ve k\u0131sa \u00e7al\u0131\u015fma ba\u015flama tarihi 1 Mart 2024 tarihinden \u00f6nce olan sigortal\u0131lara k\u0131sa \u00e7al\u0131\u015fma d\u00f6neminde herhangi bir \u00f6deme yap\u0131lmamas\u0131 ve i\u015fveren taraf\u0131ndan sigortal\u0131lar\u0131n fiilen k\u0131sa \u00e7al\u0131\u015fmaya tabi tutulmad\u0131\u011f\u0131na dair bildirim yap\u0131lmas\u0131 halinde k\u0131sa \u00e7al\u0131\u015fma \u00f6dene\u011fi hak sahipli\u011finin iptal edilece\u011fine ili\u015fkin d\u00fczenleme getirilmi\u015ftir.<\/li>\n<li>Y\u00f6netmelik ile birlikte daha \u00f6nce \u00d6nceki Y\u00f6netmelik i\u00e7eri\u011finde yer verilmemi\u015f olan &#8220;sekt\u00f6rel kriz&#8221;, &#8220;b\u00f6lgesel kriz&#8221; ve &#8220;genel salg\u0131n&#8221; halleri k\u0131sa \u00e7al\u0131\u015fma uygulamas\u0131 i\u00e7in yer verilmi\u015f olan sebepler aras\u0131na dahil edilmi\u015f ve Y\u00f6netmelik&#8217;in Tan\u0131mlar ba\u015fl\u0131kl\u0131 madde 3 h\u00fckm\u00fcnde bu kavramlar tan\u0131mlanm\u0131\u015ft\u0131r.<\/li>\n<li>Y\u00f6netmelik uyar\u0131nca, \u00d6nceki Y\u00f6netmelik&#8217;in ilgili madde h\u00fckm\u00fcnde d\u00fczenlenmi\u015f olan k\u0131sa \u00e7al\u0131\u015fma talebinde yer almas\u0131 gerekenlere ek olarak i\u015fverenlere, taleplerinde k\u0131sa \u00e7al\u0131\u015fma yapt\u0131r\u0131lacak sigortal\u0131lara ait k\u0131sa \u00e7al\u0131\u015fma d\u00f6nemi ve k\u0131sa \u00e7al\u0131\u015fma s\u00fcrelerine ili\u015fkin bilgileri i\u00e7eren listeyi bildirme y\u00fck\u00fcml\u00fcl\u00fc\u011f\u00fc getirilmi\u015ftir. Ayr\u0131ca, i\u015fveren taraf\u0131ndan farkl\u0131 tarihlerde ayn\u0131 ba\u015fvuru gerek\u00e7esi ile birden fazla k\u0131sa \u00e7al\u0131\u015fma talebinde bulunulmas\u0131 halinde, k\u0131sa \u00e7al\u0131\u015fma d\u00f6nemi i\u00e7in azami s\u00fcre olarak \u00f6ng\u00f6r\u00fclen \u00fc\u00e7 ayl\u0131k s\u00fcrenin ilk talebin k\u0131sa \u00e7al\u0131\u015fma ba\u015flang\u0131\u00e7 tarihinden itibaren hesaplanaca\u011f\u0131; belirlenen k\u0131sa \u00e7al\u0131\u015fma d\u00f6nemi i\u00e7erisinde kalmas\u0131 ko\u015fuluyla, i\u015fveren taraf\u0131ndan her bir sigortal\u0131 i\u00e7in uygulanacak k\u0131sa \u00e7al\u0131\u015fma ba\u015flama tarihlerinin birbirinden farkl\u0131 belirlenebilece\u011fi ayn\u0131 madde h\u00fckm\u00fcnde d\u00fczenlenmi\u015ftir. K\u0131sa \u00e7al\u0131\u015fma talebinde, k\u0131sa \u00e7al\u0131\u015fma uygulamas\u0131na tabi tutulaca\u011f\u0131 bildirilen sigortal\u0131lar i\u00e7in k\u0131sa \u00e7al\u0131\u015fma d\u00f6neminin, sigortal\u0131lar\u0131n i\u015f s\u00f6zle\u015fmesinin sona ermesi, ayn\u0131 i\u015fverene ait di\u011fer i\u015fyerine nakledilmeleri veya i\u015f s\u00f6zle\u015fmelerinin ask\u0131ya al\u0131nmas\u0131 durumlar\u0131 hari\u00e7, d\u00f6rt haftadan az olamayaca\u011f\u0131na da yer verilmi\u015ftir.<\/li>\n<li>\u0130\u015fverenler taraf\u0131ndan yap\u0131lacak olan k\u0131sa \u00e7al\u0131\u015fma taleplerinin uygunlu\u011funa ili\u015fkin tespitlerin yap\u0131lmas\u0131 kapsam\u0131nda tespiti yapacak ve talebi de\u011ferlendirecek olan merciiler ve uygunluk tespitine ili\u015fkin detaylara \u00d6nceki Y\u00f6netmelik&#8217;ten farkl\u0131 olarak detayl\u0131 bi\u00e7imde madde 5 h\u00fckm\u00fcnde yer verilmi\u015ftir.<\/li>\n<li>K\u0131sa \u00e7al\u0131\u015fma \u00f6dene\u011finden yararlanma ko\u015fullar\u0131 yeniden d\u00fczenlenerek k\u0131sa \u00e7al\u0131\u015fma \u00f6dene\u011finden yararlanacak olan sigortal\u0131lar\u0131n k\u0131sa \u00e7al\u0131\u015fma ba\u015flama tarihinden \u00f6nceki son 120 g\u00fcn hizmet akdine tabi olmas\u0131 ve son \u00fc\u00e7 y\u0131lda en az 450 g\u00fcn sigortal\u0131 olarak \u00e7al\u0131\u015f\u0131p i\u015fsizlik sigortas\u0131 primi \u00f6demi\u015f olmas\u0131 ko\u015fullar\u0131 getirilmi\u015ftir.<\/li>\n<li>\u00d6nceki Y\u00f6netmelik&#8217;te i\u015fsizlik \u00f6dene\u011fi miktar\u0131 kadar belirlenen g\u00fcnl\u00fck k\u0131sa \u00e7al\u0131\u015fma \u00f6dene\u011fi miktar\u0131 ayl\u0131k asgari \u00fccretin br\u00fct tutar\u0131n\u0131n %150&#8217;sini ge\u00e7memek \u00fczere, sigortal\u0131n\u0131n son on iki ayl\u0131k prime esas kazan\u00e7lar\u0131 dikkate al\u0131narak hesaplanan g\u00fcnl\u00fck ortalama br\u00fct kazanc\u0131n\u0131n %60&#8217;\u0131 olarak belirlenmi\u015ftir. K\u0131sa \u00e7al\u0131\u015fma d\u00f6neminin hesab\u0131nda, k\u0131sa \u00e7al\u0131\u015fman\u0131n ba\u015flad\u0131\u011f\u0131 ve sona erdi\u011fi aylar\u0131n fiili g\u00fcn say\u0131s\u0131 \u00fczerinden; k\u0131sa \u00e7al\u0131\u015fma d\u00f6nemine dahil olan ara aylar\u0131n ise, \u015eubat ay\u0131 dahil olmak \u00fczere, 30 g\u00fcn \u00fczerinden de\u011ferlendirilece\u011fi ve sigortal\u0131n\u0131n \u00e7al\u0131\u015f\u0131lmayan hafta tatili, ulusal bayram ve genel tatil g\u00fcnlerine ili\u015fkin \u00fccret ve k\u0131sa \u00e7al\u0131\u015fma \u00f6dene\u011fi miktar\u0131n\u0131n, k\u0131sa \u00e7al\u0131\u015fma yap\u0131lan s\u00fcreyle orant\u0131l\u0131 olarak i\u015fveren ve \u0130\u015eKUR taraf\u0131ndan birlikte \u00f6denece\u011fi d\u00fczenlenmi\u015ftir. Ayr\u0131ca, Y\u00f6netmelik&#8217;te yer alan d\u00fczenleme uyar\u0131nca, k\u0131sa \u00e7al\u0131\u015fma \u00f6dene\u011finin damga vergisi haricinde herhangi bir vergiye tabi tutulamayaca\u011f\u0131 ve k\u0131sa \u00e7al\u0131\u015fma \u00f6dene\u011finin eski d\u00fczenlemede yer alan her ay\u0131n sonu yerine her ay\u0131n be\u015finci g\u00fcn\u00fcnde sigortal\u0131ya \u00f6denece\u011fi belirlenmi\u015ftir. \u0130\u015fyerinde i\u015f s\u00f6zle\u015fmesi ask\u0131da olan sigortal\u0131 ad\u0131na k\u0131sa \u00e7al\u0131\u015fma talebinde bulunulabilmesi i\u00e7in s\u00f6z konusu sigortal\u0131n\u0131n k\u0131sa \u00e7al\u0131\u015fma ba\u015flama tarihi veya \u00f6ncesinde i\u015fe ba\u015flat\u0131lm\u0131\u015f olmas\u0131 gereklili\u011fi de ilgili madde h\u00fckm\u00fcnde d\u00fczenlenmi\u015ftir.<\/li>\n<li>Y\u00f6netmelik&#8217;te yer alan yeni d\u00fczenleme uyar\u0131nca, k\u0131sa \u00e7al\u0131\u015fma \u00f6dene\u011finin, uygunluk tespitinde belirtilen s\u00fcreyi a\u015fmamak kayd\u0131yla fiilen ger\u00e7ekle\u015ftirilen k\u0131sa \u00e7al\u0131\u015fma s\u00fcresi \u00fczerinden verilece\u011fi d\u00fczenlenmi\u015ftir. Bu kapsamda, Sosyal G\u00fcvenlik Kurumu&#8217;na verilen ayl\u0131k prim ve hizmet belgeleri veya muhtasar ve prim hizmet beyannameleri ile uyumlu bir \u015fekilde fiilen ger\u00e7ekle\u015ftirilen k\u0131sa \u00e7al\u0131\u015fma s\u00fcresinde, haftal\u0131k \u00e7al\u0131\u015fma s\u00fcresinin en az \u00fc\u00e7te bir oran\u0131nda azalt\u0131lm\u0131\u015f olmas\u0131 kural\u0131 aranmayacakt\u0131r.<\/li>\n<li>Y\u00f6netmelik kapsam\u0131nda, \u00d6nceki Y\u00f6netmelik&#8217;ten farkl\u0131 olarak, k\u0131sa \u00e7al\u0131\u015fma \u00f6dene\u011finin durdurulmas\u0131 haline ili\u015fkin d\u00fczenleme getirilmi\u015ftir. \u0130lgili madde uyar\u0131nca, k\u0131sa \u00e7al\u0131\u015fma uygulamas\u0131 devam eden i\u015fyerlerinde i\u015f m\u00fcfetti\u015fleri taraf\u0131ndan yap\u0131lan inceleme esnas\u0131nda i\u015fverenin \u00f6denek alan sigortal\u0131lar\u0131n \u00e7al\u0131\u015fma s\u00fcreleri ile ilgili hatal\u0131 bilgi ve belge verdi\u011finin m\u00fcfetti\u015f taraf\u0131ndan tespit edilmesi ve bu duruma ili\u015fkin m\u00fcfetti\u015f taraf\u0131ndan yaz\u0131l\u0131 talepte bulunulmas\u0131 halinde hakk\u0131nda hatal\u0131 bilgi verilen sigortal\u0131 say\u0131s\u0131 da dikkate al\u0131narak k\u0131sa \u00e7al\u0131\u015fma \u00f6dene\u011fi durdurulacakt\u0131r.<\/li>\n<li>Y\u00f6netmelik ile birlikte, \u00d6nceki Y\u00f6netmelik i\u00e7eri\u011finde d\u00fczenlenmi\u015f olan &#8220;k\u0131sa \u00e7al\u0131\u015fma \u00f6dene\u011finin kesilmesi&#8221; halleri &#8220;k\u0131sa \u00e7al\u0131\u015fma \u00f6dene\u011finin kesilmesi ve durdurulmas\u0131&#8221; bi\u00e7iminde daha ayr\u0131nt\u0131l\u0131 olarak d\u00fczenlenmi\u015ftir. \u0130lgili d\u00fczenleme uyar\u0131nca, k\u0131sa \u00e7al\u0131\u015fma \u00f6dene\u011fi alan sigortal\u0131lar\u0131n, k\u0131sa \u00e7al\u0131\u015fmaya tabi tutulduklar\u0131 i\u015fyerinde i\u015f s\u00f6zle\u015fmelerinin sona ermesi, farkl\u0131 i\u015fyerine nakledilmeleri, i\u015f s\u00f6zle\u015fmelerinin ask\u0131ya al\u0131nmas\u0131, ya\u015fl\u0131l\u0131k ayl\u0131\u011f\u0131 almaya ba\u015flamalar\u0131, herhangi bir sebeple silahalt\u0131na al\u0131nmalar\u0131, herhangi bir kanundan do\u011fan \u00e7al\u0131\u015fma \u00f6devi nedeniyle i\u015flerinden ayr\u0131lmalar\u0131, tutuklanmalar\u0131, h\u00fck\u00fcm giymeleri, yurt d\u0131\u015f\u0131na \u00e7\u0131kmalar\u0131, \u00f6l\u00fcmleri hallerinde s\u00f6z konusu durumlardan herhangi birinin ger\u00e7ekle\u015fti\u011fi tarih itibar\u0131yla k\u0131sa \u00e7al\u0131\u015fma \u00f6deneklerinin kesilece\u011fi veya durdurulaca\u011f\u0131 belirtilmi\u015ftir. Ayr\u0131ca, Y\u00f6netmelik uyar\u0131nca, \u00d6nceki Y\u00f6netmelik&#8217;ten farkl\u0131 olarak sigortal\u0131n\u0131n ge\u00e7ici i\u015f g\u00f6remezlik raporu edinmesi durumunda raporun ba\u015flad\u0131\u011f\u0131 tarih itibar\u0131yla k\u0131sa \u00e7al\u0131\u015fma \u00f6dene\u011finin kesilecek olmas\u0131 d\u00fczenlemesi k\u0131sa \u00e7al\u0131\u015fma \u00f6dene\u011finin durdurulaca\u011f\u0131 \u015feklinde de\u011fi\u015ftirilmi\u015ftir. Y\u00f6netmelik uyar\u0131nca yukar\u0131da yer vermi\u015f oldu\u011fumuz k\u0131sa \u00e7al\u0131\u015fma \u00f6dene\u011finin durdurulmas\u0131 veya kesilmesine sebebiyet verecek hallerden herhangi birinin ortaya \u00e7\u0131kmas\u0131 halinde i\u015fveren taraf\u0131ndan \u0130\u015eKUR&#8217;a bildirim yap\u0131lmas\u0131 gerekmektedir. \u0130\u015fverenin bildirim y\u00fck\u00fcml\u00fcl\u00fc\u011f\u00fcne ayk\u0131r\u0131 hareket etmesi halinde yap\u0131lan fazla \u00f6demeler, yasal faizi ile birlikte i\u015fverenden tahsil edilecektir. Bildirim y\u00fck\u00fcml\u00fcl\u00fc\u011f\u00fcne ayk\u0131r\u0131l\u0131k halinin sigortal\u0131n\u0131n kusurundan kaynaklanmas\u0131 durumunda ise yap\u0131lan fazla \u00f6demeler, \u00f6len sigortal\u0131lara ait fazla \u00f6demeler hari\u00e7, yasal faizi ile birlikte sigortal\u0131dan tahsil edilecektir.<\/li>\n<li>Y\u00f6netmelik uyar\u0131nca, i\u015fyerinde k\u0131sa \u00e7al\u0131\u015fma uygulamas\u0131na tabi tutulan sigortal\u0131lar\u0131n bulundu\u011fu i\u015fverenin sigortal\u0131lar\u0131n \u00e7al\u0131\u015fma s\u00fcrelerine ili\u015fkin kay\u0131tlar\u0131 tutmas\u0131 ve talep edilmesi halinde ibraz etmesi gerekmektedir.<\/li>\n<li>\u00d6nceki Y\u00f6netmelik i\u00e7eri\u011finde yer alan, k\u0131sa \u00e7al\u0131\u015fman\u0131n erken sona ermesi halinde i\u015fverenin 6 i\u015fg\u00fcn\u00fc \u00f6ncesinde durumu bildirme zorunlulu\u011funa uyulmamas\u0131 halinde uygulanacak olan yapt\u0131r\u0131m Y\u00f6netmelik ile birlikte belirlenmi\u015ftir. Y\u00f6netmelik uyar\u0131nca, i\u015fverenin k\u0131sa \u00e7al\u0131\u015fman\u0131n erken sona ermesine ili\u015fkin bildirim y\u00fck\u00fcml\u00fcl\u00fc\u011f\u00fcne ayk\u0131r\u0131 olarak ge\u00e7 bildirimde bulunmas\u0131 halinde meydana gelen yersiz \u00f6demeler, yasal faizi ile birlikte i\u015fverenden tahsil edilecektir.<\/li>\n<\/ul>\n<h3><strong>Sonu\u00e7<\/strong><\/h3>\n<p>Bakanl\u0131k taraf\u0131ndan yay\u0131mlanm\u0131\u015f olan Y\u00f6netmelik uyar\u0131nca, k\u0131sa \u00e7al\u0131\u015fma talebinde bulunulmas\u0131 a\u00e7\u0131s\u0131ndan gerekli olan ko\u015fullar geni\u015fletilerek, k\u0131sa \u00e7al\u0131\u015fma taleplerinin uygunluk tespitine ili\u015fkin de\u011ferlendirme s\u00fcre\u00e7leri detayl\u0131 bi\u00e7imde d\u00fczenlenmi\u015f olup, k\u0131sa \u00e7al\u0131\u015fma \u00f6dene\u011finden yararlanma ko\u015fullar\u0131ndan biri olan sigortal\u0131n\u0131n prim \u00f6deme g\u00fcn say\u0131s\u0131na, k\u0131sa \u00e7al\u0131\u015fma \u00f6dene\u011fi miktar\u0131na ve \u00f6denmesine ili\u015fkin konularda de\u011fi\u015fiklikler \u00f6ng\u00f6r\u00fclm\u00fc\u015ft\u00fcr. Ayr\u0131ca, k\u0131sa \u00e7al\u0131\u015fma \u00f6dene\u011finin i\u015f m\u00fcfetti\u015flerince denetimine ve bu denetime ba\u011fl\u0131 olarak k\u0131sa \u00e7al\u0131\u015fma \u00f6dene\u011finin durdurulmas\u0131na dair yeni d\u00fczenlemeler getirilmi\u015ftir. \u0130\u015fverenin k\u0131sa \u00e7al\u0131\u015fmaya tabi olan sigortal\u0131lar\u0131n \u00e7al\u0131\u015fma s\u00fcrelerine ili\u015fkin kay\u0131t tutma y\u00fck\u00fcml\u00fcl\u00fc\u011f\u00fc ba\u015fta olmak \u00fczere Y\u00f6netmelik ile getirilen de\u011fi\u015fikliklerin dikkatle incelenmesi ve 1 Mart 2024 tarihinden sonra ba\u015flam\u0131\u015f olan k\u0131sa \u00e7al\u0131\u015fma uygulamalar\u0131n\u0131n Y\u00f6netmelik uyar\u0131nca getirilen d\u00fczenlemelerle uyumlu hale getirilmesi i\u00e7in \u00e7al\u0131\u015fmalar\u0131n yap\u0131lmas\u0131 \u00f6nem arz etmektedir.<\/p>\n","protected":false},"excerpt":{"rendered":"<p>Yeni Geli\u015fme \u00c7al\u0131\u015fma ve Sosyal G\u00fcvenlik Bakanl\u0131\u011f\u0131 (&#8220;Bakanl\u0131k&#8220;), 11 Haziran 2024 tarihli ve 32573 say\u0131l\u0131 Resmi Gazete&#8217;de K\u0131sa \u00c7al\u0131\u015fma ve [&hellip;]<\/p>\n","protected":false},"author":4,"featured_media":0,"comment_status":"closed","ping_status":"closed","sticky":false,"template":"","format":"standard","meta":{"_acf_changed":false,"_stopmodifiedupdate":false,"_modified_date":"","footnotes":""},"categories":[120],"tags":[101],"class_list":["post-27771","post","type-post","status-publish","format-standard","hentry","category-legal-alerts","tag-employment-tr"],"acf":[],"yoast_head":"<!-- This site is optimized with the Yoast SEO plugin v24.0 - https:\/\/yoast.com\/wordpress\/plugins\/seo\/ -->\n<title>K\u0131sa \u00c7al\u0131\u015fma ve K\u0131sa \u00c7al\u0131\u015fma \u00d6dene\u011fine \u0130li\u015fkin Usul ve Esaslar Hakk\u0131nda Y\u00f6netmelik Yay\u0131mland\u0131<\/title>\n<meta name=\"description\" content=\"Yeni Geli\u015fme \u00c7al\u0131\u015fma ve Sosyal G\u00fcvenlik Bakanl\u0131\u011f\u0131 (&quot;Bakanl\u0131k&quot;), 11 Haziran 2024 tarihli ve 32573 say\u0131l\u0131 Resmi Gazete&#039;de K\u0131sa \u00c7al\u0131\u015fma ve K\u0131sa \u00c7al\u0131\u015fma\" \/>\n<meta name=\"robots\" content=\"index, follow, max-snippet:-1, max-image-preview:large, max-video-preview:-1\" \/>\n<link rel=\"canonical\" href=\"https:\/\/www.esin.av.tr\/tr\/2024\/06\/13\/kisa-calisma-ve-kisa-calisma-odenegine-iliskin-usul-ve-esaslar-hakkinda-yonetmelik-yayimlandi\/\" \/>\n<meta property=\"og:locale\" content=\"tr_TR\" \/>\n<meta property=\"og:type\" content=\"article\" \/>\n<meta property=\"og:title\" content=\"K\u0131sa \u00c7al\u0131\u015fma ve K\u0131sa \u00c7al\u0131\u015fma \u00d6dene\u011fine \u0130li\u015fkin Usul ve Esaslar Hakk\u0131nda Y\u00f6netmelik Yay\u0131mland\u0131\" \/>\n<meta property=\"og:description\" content=\"Yeni Geli\u015fme \u00c7al\u0131\u015fma ve Sosyal G\u00fcvenlik Bakanl\u0131\u011f\u0131 (&quot;Bakanl\u0131k&quot;), 11 Haziran 2024 tarihli ve 32573 say\u0131l\u0131 Resmi Gazete&#039;de K\u0131sa \u00c7al\u0131\u015fma ve K\u0131sa \u00c7al\u0131\u015fma\" \/>\n<meta property=\"og:url\" content=\"https:\/\/www.esin.av.tr\/tr\/2024\/06\/13\/kisa-calisma-ve-kisa-calisma-odenegine-iliskin-usul-ve-esaslar-hakkinda-yonetmelik-yayimlandi\/\" \/>\n<meta property=\"og:site_name\" content=\"Esin Avukatl\u0131k Ortakl\u0131\u011f\u0131\" \/>\n<meta property=\"article:published_time\" content=\"2024-06-13T09:59:03+00:00\" \/>\n<meta name=\"author\" content=\"R\u0131dvan Konrat\" \/>\n<meta name=\"twitter:card\" content=\"summary_large_image\" \/>\n<meta name=\"twitter:label1\" content=\"Written by\" \/>\n\t<meta name=\"twitter:data1\" content=\"R\u0131dvan Konrat\" \/>\n\t<meta name=\"twitter:label2\" content=\"Est. reading time\" \/>\n\t<meta name=\"twitter:data2\" content=\"8 minutes\" \/>\n<script type=\"application\/ld+json\" class=\"yoast-schema-graph\">{\"@context\":\"https:\/\/schema.org\",\"@graph\":[{\"@type\":\"Article\",\"@id\":\"https:\/\/www.esin.av.tr\/tr\/2024\/06\/13\/kisa-calisma-ve-kisa-calisma-odenegine-iliskin-usul-ve-esaslar-hakkinda-yonetmelik-yayimlandi\/#article\",\"isPartOf\":{\"@id\":\"https:\/\/www.esin.av.tr\/tr\/2024\/06\/13\/kisa-calisma-ve-kisa-calisma-odenegine-iliskin-usul-ve-esaslar-hakkinda-yonetmelik-yayimlandi\/\"},\"author\":{\"name\":\"R\u0131dvan Konrat\",\"@id\":\"https:\/\/www.esin.av.tr\/tr\/#\/schema\/person\/42c8e616aab56b8622fa365ad63282ae\"},\"headline\":\"K\u0131sa \u00c7al\u0131\u015fma ve K\u0131sa \u00c7al\u0131\u015fma \u00d6dene\u011fine \u0130li\u015fkin Usul ve Esaslar Hakk\u0131nda Y\u00f6netmelik Yay\u0131mland\u0131\",\"datePublished\":\"2024-06-13T09:59:03+00:00\",\"dateModified\":\"2024-06-13T09:59:03+00:00\",\"mainEntityOfPage\":{\"@id\":\"https:\/\/www.esin.av.tr\/tr\/2024\/06\/13\/kisa-calisma-ve-kisa-calisma-odenegine-iliskin-usul-ve-esaslar-hakkinda-yonetmelik-yayimlandi\/\"},\"wordCount\":1726,\"publisher\":{\"@id\":\"https:\/\/www.esin.av.tr\/tr\/#organization\"},\"keywords\":[\"\u0130\u015f Hukuku\"],\"articleSection\":[\"Hukuk B\u00fcltenleri\"],\"inLanguage\":\"tr\"},{\"@type\":\"WebPage\",\"@id\":\"https:\/\/www.esin.av.tr\/tr\/2024\/06\/13\/kisa-calisma-ve-kisa-calisma-odenegine-iliskin-usul-ve-esaslar-hakkinda-yonetmelik-yayimlandi\/\",\"url\":\"https:\/\/www.esin.av.tr\/tr\/2024\/06\/13\/kisa-calisma-ve-kisa-calisma-odenegine-iliskin-usul-ve-esaslar-hakkinda-yonetmelik-yayimlandi\/\",\"name\":\"K\u0131sa \u00c7al\u0131\u015fma ve K\u0131sa \u00c7al\u0131\u015fma \u00d6dene\u011fine \u0130li\u015fkin Usul ve Esaslar Hakk\u0131nda Y\u00f6netmelik Yay\u0131mland\u0131\",\"isPartOf\":{\"@id\":\"https:\/\/www.esin.av.tr\/tr\/#website\"},\"datePublished\":\"2024-06-13T09:59:03+00:00\",\"dateModified\":\"2024-06-13T09:59:03+00:00\",\"description\":\"Yeni Geli\u015fme \u00c7al\u0131\u015fma ve Sosyal G\u00fcvenlik Bakanl\u0131\u011f\u0131 (\\\"Bakanl\u0131k\\\"), 11 Haziran 2024 tarihli ve 32573 say\u0131l\u0131 Resmi Gazete'de K\u0131sa \u00c7al\u0131\u015fma ve K\u0131sa \u00c7al\u0131\u015fma\",\"breadcrumb\":{\"@id\":\"https:\/\/www.esin.av.tr\/tr\/2024\/06\/13\/kisa-calisma-ve-kisa-calisma-odenegine-iliskin-usul-ve-esaslar-hakkinda-yonetmelik-yayimlandi\/#breadcrumb\"},\"inLanguage\":\"tr\",\"potentialAction\":[{\"@type\":\"ReadAction\",\"target\":[\"https:\/\/www.esin.av.tr\/tr\/2024\/06\/13\/kisa-calisma-ve-kisa-calisma-odenegine-iliskin-usul-ve-esaslar-hakkinda-yonetmelik-yayimlandi\/\"]}]},{\"@type\":\"BreadcrumbList\",\"@id\":\"https:\/\/www.esin.av.tr\/tr\/2024\/06\/13\/kisa-calisma-ve-kisa-calisma-odenegine-iliskin-usul-ve-esaslar-hakkinda-yonetmelik-yayimlandi\/#breadcrumb\",\"itemListElement\":[{\"@type\":\"ListItem\",\"position\":1,\"name\":\"Home\",\"item\":\"https:\/\/www.esin.av.tr\/tr\/\"},{\"@type\":\"ListItem\",\"position\":2,\"name\":\"K\u0131sa \u00c7al\u0131\u015fma ve K\u0131sa \u00c7al\u0131\u015fma \u00d6dene\u011fine \u0130li\u015fkin Usul ve Esaslar Hakk\u0131nda Y\u00f6netmelik Yay\u0131mland\u0131\"}]},{\"@type\":\"WebSite\",\"@id\":\"https:\/\/www.esin.av.tr\/tr\/#website\",\"url\":\"https:\/\/www.esin.av.tr\/tr\/\",\"name\":\"Esin Avukatl\u0131k Ortakl\u0131\u011f\u0131\",\"description\":\"\",\"publisher\":{\"@id\":\"https:\/\/www.esin.av.tr\/tr\/#organization\"},\"potentialAction\":[{\"@type\":\"SearchAction\",\"target\":{\"@type\":\"EntryPoint\",\"urlTemplate\":\"https:\/\/www.esin.av.tr\/tr\/?s={search_term_string}\"},\"query-input\":{\"@type\":\"PropertyValueSpecification\",\"valueRequired\":true,\"valueName\":\"search_term_string\"}}],\"inLanguage\":\"tr\"},{\"@type\":\"Organization\",\"@id\":\"https:\/\/www.esin.av.tr\/tr\/#organization\",\"name\":\"Esin Avukatl\u0131k Ortakl\u0131\u011f\u0131\",\"url\":\"https:\/\/www.esin.av.tr\/tr\/\",\"logo\":{\"@type\":\"ImageObject\",\"inLanguage\":\"tr\",\"@id\":\"https:\/\/www.esin.av.tr\/tr\/#\/schema\/logo\/image\/\",\"url\":\"https:\/\/www.esin.av.tr\/wp-content\/uploads\/2021\/09\/esin-2.jpg\",\"contentUrl\":\"https:\/\/www.esin.av.tr\/wp-content\/uploads\/2021\/09\/esin-2.jpg\",\"width\":800,\"height\":460,\"caption\":\"Esin Avukatl\u0131k Ortakl\u0131\u011f\u0131\"},\"image\":{\"@id\":\"https:\/\/www.esin.av.tr\/tr\/#\/schema\/logo\/image\/\"}},{\"@type\":\"Person\",\"@id\":\"https:\/\/www.esin.av.tr\/tr\/#\/schema\/person\/42c8e616aab56b8622fa365ad63282ae\",\"name\":\"R\u0131dvan Konrat\",\"image\":{\"@type\":\"ImageObject\",\"inLanguage\":\"tr\",\"@id\":\"https:\/\/www.esin.av.tr\/tr\/#\/schema\/person\/image\/\",\"url\":\"https:\/\/secure.gravatar.com\/avatar\/b20c6c583be38ed4e76e32f69fccc676?s=96&d=mm&r=g\",\"contentUrl\":\"https:\/\/secure.gravatar.com\/avatar\/b20c6c583be38ed4e76e32f69fccc676?s=96&d=mm&r=g\",\"caption\":\"R\u0131dvan Konrat\"},\"sameAs\":[\"http:\/\/www.esin.av.tr\"],\"url\":\"https:\/\/www.esin.av.tr\/tr\/author\/rkonrat\/\"}]}<\/script>\n<!-- \/ Yoast SEO plugin. -->","yoast_head_json":{"title":"K\u0131sa \u00c7al\u0131\u015fma ve K\u0131sa \u00c7al\u0131\u015fma \u00d6dene\u011fine \u0130li\u015fkin Usul ve Esaslar Hakk\u0131nda Y\u00f6netmelik Yay\u0131mland\u0131","description":"Yeni Geli\u015fme \u00c7al\u0131\u015fma ve Sosyal G\u00fcvenlik Bakanl\u0131\u011f\u0131 (\"Bakanl\u0131k\"), 11 Haziran 2024 tarihli ve 32573 say\u0131l\u0131 Resmi Gazete'de K\u0131sa \u00c7al\u0131\u015fma ve K\u0131sa \u00c7al\u0131\u015fma","robots":{"index":"index","follow":"follow","max-snippet":"max-snippet:-1","max-image-preview":"max-image-preview:large","max-video-preview":"max-video-preview:-1"},"canonical":"https:\/\/www.esin.av.tr\/tr\/2024\/06\/13\/kisa-calisma-ve-kisa-calisma-odenegine-iliskin-usul-ve-esaslar-hakkinda-yonetmelik-yayimlandi\/","og_locale":"tr_TR","og_type":"article","og_title":"K\u0131sa \u00c7al\u0131\u015fma ve K\u0131sa \u00c7al\u0131\u015fma \u00d6dene\u011fine \u0130li\u015fkin Usul ve Esaslar Hakk\u0131nda Y\u00f6netmelik Yay\u0131mland\u0131","og_description":"Yeni Geli\u015fme \u00c7al\u0131\u015fma ve Sosyal G\u00fcvenlik Bakanl\u0131\u011f\u0131 (\"Bakanl\u0131k\"), 11 Haziran 2024 tarihli ve 32573 say\u0131l\u0131 Resmi Gazete'de K\u0131sa \u00c7al\u0131\u015fma ve K\u0131sa \u00c7al\u0131\u015fma","og_url":"https:\/\/www.esin.av.tr\/tr\/2024\/06\/13\/kisa-calisma-ve-kisa-calisma-odenegine-iliskin-usul-ve-esaslar-hakkinda-yonetmelik-yayimlandi\/","og_site_name":"Esin Avukatl\u0131k Ortakl\u0131\u011f\u0131","article_published_time":"2024-06-13T09:59:03+00:00","author":"R\u0131dvan Konrat","twitter_card":"summary_large_image","twitter_misc":{"Written by":"R\u0131dvan Konrat","Est. reading time":"8 minutes"},"schema":{"@context":"https:\/\/schema.org","@graph":[{"@type":"Article","@id":"https:\/\/www.esin.av.tr\/tr\/2024\/06\/13\/kisa-calisma-ve-kisa-calisma-odenegine-iliskin-usul-ve-esaslar-hakkinda-yonetmelik-yayimlandi\/#article","isPartOf":{"@id":"https:\/\/www.esin.av.tr\/tr\/2024\/06\/13\/kisa-calisma-ve-kisa-calisma-odenegine-iliskin-usul-ve-esaslar-hakkinda-yonetmelik-yayimlandi\/"},"author":{"name":"R\u0131dvan Konrat","@id":"https:\/\/www.esin.av.tr\/tr\/#\/schema\/person\/42c8e616aab56b8622fa365ad63282ae"},"headline":"K\u0131sa \u00c7al\u0131\u015fma ve K\u0131sa \u00c7al\u0131\u015fma \u00d6dene\u011fine \u0130li\u015fkin Usul ve Esaslar Hakk\u0131nda Y\u00f6netmelik Yay\u0131mland\u0131","datePublished":"2024-06-13T09:59:03+00:00","dateModified":"2024-06-13T09:59:03+00:00","mainEntityOfPage":{"@id":"https:\/\/www.esin.av.tr\/tr\/2024\/06\/13\/kisa-calisma-ve-kisa-calisma-odenegine-iliskin-usul-ve-esaslar-hakkinda-yonetmelik-yayimlandi\/"},"wordCount":1726,"publisher":{"@id":"https:\/\/www.esin.av.tr\/tr\/#organization"},"keywords":["\u0130\u015f Hukuku"],"articleSection":["Hukuk B\u00fcltenleri"],"inLanguage":"tr"},{"@type":"WebPage","@id":"https:\/\/www.esin.av.tr\/tr\/2024\/06\/13\/kisa-calisma-ve-kisa-calisma-odenegine-iliskin-usul-ve-esaslar-hakkinda-yonetmelik-yayimlandi\/","url":"https:\/\/www.esin.av.tr\/tr\/2024\/06\/13\/kisa-calisma-ve-kisa-calisma-odenegine-iliskin-usul-ve-esaslar-hakkinda-yonetmelik-yayimlandi\/","name":"K\u0131sa \u00c7al\u0131\u015fma ve K\u0131sa \u00c7al\u0131\u015fma \u00d6dene\u011fine \u0130li\u015fkin Usul ve Esaslar Hakk\u0131nda Y\u00f6netmelik Yay\u0131mland\u0131","isPartOf":{"@id":"https:\/\/www.esin.av.tr\/tr\/#website"},"datePublished":"2024-06-13T09:59:03+00:00","dateModified":"2024-06-13T09:59:03+00:00","description":"Yeni Geli\u015fme \u00c7al\u0131\u015fma ve Sosyal G\u00fcvenlik Bakanl\u0131\u011f\u0131 (\"Bakanl\u0131k\"), 11 Haziran 2024 tarihli ve 32573 say\u0131l\u0131 Resmi Gazete'de K\u0131sa \u00c7al\u0131\u015fma ve K\u0131sa \u00c7al\u0131\u015fma","breadcrumb":{"@id":"https:\/\/www.esin.av.tr\/tr\/2024\/06\/13\/kisa-calisma-ve-kisa-calisma-odenegine-iliskin-usul-ve-esaslar-hakkinda-yonetmelik-yayimlandi\/#breadcrumb"},"inLanguage":"tr","potentialAction":[{"@type":"ReadAction","target":["https:\/\/www.esin.av.tr\/tr\/2024\/06\/13\/kisa-calisma-ve-kisa-calisma-odenegine-iliskin-usul-ve-esaslar-hakkinda-yonetmelik-yayimlandi\/"]}]},{"@type":"BreadcrumbList","@id":"https:\/\/www.esin.av.tr\/tr\/2024\/06\/13\/kisa-calisma-ve-kisa-calisma-odenegine-iliskin-usul-ve-esaslar-hakkinda-yonetmelik-yayimlandi\/#breadcrumb","itemListElement":[{"@type":"ListItem","position":1,"name":"Home","item":"https:\/\/www.esin.av.tr\/tr\/"},{"@type":"ListItem","position":2,"name":"K\u0131sa \u00c7al\u0131\u015fma ve K\u0131sa \u00c7al\u0131\u015fma \u00d6dene\u011fine \u0130li\u015fkin Usul ve Esaslar Hakk\u0131nda Y\u00f6netmelik Yay\u0131mland\u0131"}]},{"@type":"WebSite","@id":"https:\/\/www.esin.av.tr\/tr\/#website","url":"https:\/\/www.esin.av.tr\/tr\/","name":"Esin Avukatl\u0131k Ortakl\u0131\u011f\u0131","description":"","publisher":{"@id":"https:\/\/www.esin.av.tr\/tr\/#organization"},"potentialAction":[{"@type":"SearchAction","target":{"@type":"EntryPoint","urlTemplate":"https:\/\/www.esin.av.tr\/tr\/?s={search_term_string}"},"query-input":{"@type":"PropertyValueSpecification","valueRequired":true,"valueName":"search_term_string"}}],"inLanguage":"tr"},{"@type":"Organization","@id":"https:\/\/www.esin.av.tr\/tr\/#organization","name":"Esin Avukatl\u0131k Ortakl\u0131\u011f\u0131","url":"https:\/\/www.esin.av.tr\/tr\/","logo":{"@type":"ImageObject","inLanguage":"tr","@id":"https:\/\/www.esin.av.tr\/tr\/#\/schema\/logo\/image\/","url":"https:\/\/www.esin.av.tr\/wp-content\/uploads\/2021\/09\/esin-2.jpg","contentUrl":"https:\/\/www.esin.av.tr\/wp-content\/uploads\/2021\/09\/esin-2.jpg","width":800,"height":460,"caption":"Esin Avukatl\u0131k Ortakl\u0131\u011f\u0131"},"image":{"@id":"https:\/\/www.esin.av.tr\/tr\/#\/schema\/logo\/image\/"}},{"@type":"Person","@id":"https:\/\/www.esin.av.tr\/tr\/#\/schema\/person\/42c8e616aab56b8622fa365ad63282ae","name":"R\u0131dvan Konrat","image":{"@type":"ImageObject","inLanguage":"tr","@id":"https:\/\/www.esin.av.tr\/tr\/#\/schema\/person\/image\/","url":"https:\/\/secure.gravatar.com\/avatar\/b20c6c583be38ed4e76e32f69fccc676?s=96&d=mm&r=g","contentUrl":"https:\/\/secure.gravatar.com\/avatar\/b20c6c583be38ed4e76e32f69fccc676?s=96&d=mm&r=g","caption":"R\u0131dvan Konrat"},"sameAs":["http:\/\/www.esin.av.tr"],"url":"https:\/\/www.esin.av.tr\/tr\/author\/rkonrat\/"}]}},"_links":{"self":[{"href":"https:\/\/www.esin.av.tr\/tr\/wp-json\/wp\/v2\/posts\/27771","targetHints":{"allow":["GET"]}}],"collection":[{"href":"https:\/\/www.esin.av.tr\/tr\/wp-json\/wp\/v2\/posts"}],"about":[{"href":"https:\/\/www.esin.av.tr\/tr\/wp-json\/wp\/v2\/types\/post"}],"author":[{"embeddable":true,"href":"https:\/\/www.esin.av.tr\/tr\/wp-json\/wp\/v2\/users\/4"}],"replies":[{"embeddable":true,"href":"https:\/\/www.esin.av.tr\/tr\/wp-json\/wp\/v2\/comments?post=27771"}],"version-history":[{"count":1,"href":"https:\/\/www.esin.av.tr\/tr\/wp-json\/wp\/v2\/posts\/27771\/revisions"}],"predecessor-version":[{"id":27772,"href":"https:\/\/www.esin.av.tr\/tr\/wp-json\/wp\/v2\/posts\/27771\/revisions\/27772"}],"wp:attachment":[{"href":"https:\/\/www.esin.av.tr\/tr\/wp-json\/wp\/v2\/media?parent=27771"}],"wp:term":[{"taxonomy":"category","embeddable":true,"href":"https:\/\/www.esin.av.tr\/tr\/wp-json\/wp\/v2\/categories?post=27771"},{"taxonomy":"post_tag","embeddable":true,"href":"https:\/\/www.esin.av.tr\/tr\/wp-json\/wp\/v2\/tags?post=27771"}],"curies":[{"name":"wp","href":"https:\/\/api.w.org\/{rel}","templated":true}]}}