{"id":27667,"date":"2024-05-08T13:25:08","date_gmt":"2024-05-08T13:25:08","guid":{"rendered":"https:\/\/www.esin.av.tr\/?p=27667"},"modified":"2024-05-08T13:25:08","modified_gmt":"2024-05-08T13:25:08","slug":"saglik-hukuku-webinar-serisi-viii-saglik-sektoru-paralel-ihracat-ve-fikri-mulkiyet","status":"publish","type":"post","link":"https:\/\/www.esin.av.tr\/tr\/2024\/05\/08\/saglik-hukuku-webinar-serisi-viii-saglik-sektoru-paralel-ihracat-ve-fikri-mulkiyet\/","title":{"rendered":"Sa\u011fl\u0131k Hukuku Webinar Serisi \u2013 VIII: Sa\u011fl\u0131k Sekt\u00f6r\u00fc, Paralel \u0130hracat ve Fikri M\u00fclkiyet"},"content":{"rendered":"<p>Sizleri <em><strong>&#8220;<\/strong><\/em><strong>Sa\u011fl\u0131k Hukuku Webinar Serisi \u2013 VIII: Sa\u011fl\u0131k Sekt\u00f6r\u00fc, Paralel \u0130hracat ve Fikri M\u00fclkiyet<\/strong><em><strong>&#8221;\u00a0<\/strong><\/em>konulu\u00a0webinar\u0131m\u0131za davet ediyoruz!<\/p>\n<p>Bu webinarda:<\/p>\n<p>\u2714 2024\u2019\u00fcn \u0130lk Yar\u0131s\u0131ndaki Sa\u011fl\u0131k Hukuku Geli\u015fmeleri<br \/>\n\u2714 2024\u2019te Sa\u011fl\u0131k Sekt\u00f6r\u00fcnde Neler Bekliyoruz?<br \/>\n\u2714 Sa\u011fl\u0131k Sekt\u00f6r\u00fcnde Paralel \u0130hracat Sorunu<br \/>\n\u2714 \u0130la\u00e7 ve T\u0131bbi Cihaz Markalar\u0131n\u0131n Korunmas\u0131nda Dikkat Edilecek Hususlar ba\u015fta olmak \u00fczere sa\u011fl\u0131k hukukuna ili\u015fkin pek \u00e7ok konuya de\u011finece\u011fiz.<\/p>\n<p>Webinar konumuz kapsam\u0131nda yukar\u0131daki ba\u015fl\u0131klar d\u0131\u015f\u0131nda ele almam\u0131z\u0131 istedi\u011finiz konular\u0131 ve\/veya konuyla ilgili merak ettiklerinizi <strong>&#8220;Kay\u0131t&#8221;<\/strong> a\u015famas\u0131nda link \u00fczerinden bizlere iletebilirsiniz.<\/p>\n<p><a href=\"https:\/\/bakermckenzie.zoom.us\/rec\/share\/Xs_zh2OrjfDQOd4MJ2zSpnZINo0dX70IV1nJ0DzBrgo_riKsgTZx6nUatKbQNzU.U1ftupL1SF1vDkH0\" target=\"_blank\" rel=\"noopener\">Webinar kayd\u0131<\/a><\/p>\n<p>Passcode: vb7&amp;?.WA<\/p>\n","protected":false},"excerpt":{"rendered":"<p>Sizleri &#8220;Sa\u011fl\u0131k Hukuku Webinar Serisi \u2013 VIII: Sa\u011fl\u0131k Sekt\u00f6r\u00fc, Paralel \u0130hracat ve Fikri M\u00fclkiyet&#8221;\u00a0konulu\u00a0webinar\u0131m\u0131za davet ediyoruz! Bu webinarda: \u2714 2024\u2019\u00fcn [&hellip;]<\/p>\n","protected":false},"author":4,"featured_media":0,"comment_status":"closed","ping_status":"closed","sticky":false,"template":"","format":"standard","meta":{"_acf_changed":false,"_stopmodifiedupdate":false,"_modified_date":"","footnotes":""},"categories":[117],"tags":[],"class_list":["post-27667","post","type-post","status-publish","format-standard","hentry","category-webinar"],"acf":[],"yoast_head":"<!-- This site is optimized with the Yoast SEO plugin v24.0 - https:\/\/yoast.com\/wordpress\/plugins\/seo\/ -->\n<title>Sa\u011fl\u0131k Hukuku Webinar Serisi \u2013 VIII: Sa\u011fl\u0131k Sekt\u00f6r\u00fc, Paralel \u0130hracat ve Fikri M\u00fclkiyet<\/title>\n<meta name=\"description\" content=\"Sizleri &quot;Sa\u011fl\u0131k Hukuku Webinar Serisi \u2013 VIII: Sa\u011fl\u0131k Sekt\u00f6r\u00fc, Paralel \u0130hracat ve Fikri M\u00fclkiyet&quot;\u00a0konulu\u00a0webinar\u0131m\u0131za davet ediyoruz! Bu webinarda: \u2714\" \/>\n<meta name=\"robots\" content=\"index, follow, max-snippet:-1, max-image-preview:large, max-video-preview:-1\" \/>\n<link rel=\"canonical\" href=\"https:\/\/www.esin.av.tr\/tr\/2024\/05\/08\/saglik-hukuku-webinar-serisi-viii-saglik-sektoru-paralel-ihracat-ve-fikri-mulkiyet\/\" \/>\n<meta property=\"og:locale\" content=\"tr_TR\" \/>\n<meta property=\"og:type\" content=\"article\" \/>\n<meta property=\"og:title\" content=\"Sa\u011fl\u0131k Hukuku Webinar Serisi \u2013 VIII: Sa\u011fl\u0131k Sekt\u00f6r\u00fc, Paralel \u0130hracat ve Fikri M\u00fclkiyet\" \/>\n<meta property=\"og:description\" content=\"Sizleri &quot;Sa\u011fl\u0131k Hukuku Webinar Serisi \u2013 VIII: Sa\u011fl\u0131k Sekt\u00f6r\u00fc, Paralel \u0130hracat ve Fikri M\u00fclkiyet&quot;\u00a0konulu\u00a0webinar\u0131m\u0131za davet ediyoruz! Bu webinarda: \u2714\" \/>\n<meta property=\"og:url\" content=\"https:\/\/www.esin.av.tr\/tr\/2024\/05\/08\/saglik-hukuku-webinar-serisi-viii-saglik-sektoru-paralel-ihracat-ve-fikri-mulkiyet\/\" \/>\n<meta property=\"og:site_name\" content=\"Esin Avukatl\u0131k Ortakl\u0131\u011f\u0131\" \/>\n<meta property=\"article:published_time\" content=\"2024-05-08T13:25:08+00:00\" \/>\n<meta name=\"author\" content=\"R\u0131dvan Konrat\" \/>\n<meta name=\"twitter:card\" content=\"summary_large_image\" \/>\n<meta name=\"twitter:label1\" content=\"Written by\" \/>\n\t<meta name=\"twitter:data1\" content=\"R\u0131dvan Konrat\" \/>\n\t<meta name=\"twitter:label2\" content=\"Est. reading time\" \/>\n\t<meta name=\"twitter:data2\" content=\"1 minute\" \/>\n<script type=\"application\/ld+json\" class=\"yoast-schema-graph\">{\"@context\":\"https:\/\/schema.org\",\"@graph\":[{\"@type\":\"Article\",\"@id\":\"https:\/\/www.esin.av.tr\/tr\/2024\/05\/08\/saglik-hukuku-webinar-serisi-viii-saglik-sektoru-paralel-ihracat-ve-fikri-mulkiyet\/#article\",\"isPartOf\":{\"@id\":\"https:\/\/www.esin.av.tr\/tr\/2024\/05\/08\/saglik-hukuku-webinar-serisi-viii-saglik-sektoru-paralel-ihracat-ve-fikri-mulkiyet\/\"},\"author\":{\"name\":\"R\u0131dvan Konrat\",\"@id\":\"https:\/\/www.esin.av.tr\/tr\/#\/schema\/person\/42c8e616aab56b8622fa365ad63282ae\"},\"headline\":\"Sa\u011fl\u0131k Hukuku Webinar Serisi \u2013 VIII: Sa\u011fl\u0131k Sekt\u00f6r\u00fc, Paralel \u0130hracat ve Fikri M\u00fclkiyet\",\"datePublished\":\"2024-05-08T13:25:08+00:00\",\"dateModified\":\"2024-05-08T13:25:08+00:00\",\"mainEntityOfPage\":{\"@id\":\"https:\/\/www.esin.av.tr\/tr\/2024\/05\/08\/saglik-hukuku-webinar-serisi-viii-saglik-sektoru-paralel-ihracat-ve-fikri-mulkiyet\/\"},\"wordCount\":141,\"publisher\":{\"@id\":\"https:\/\/www.esin.av.tr\/tr\/#organization\"},\"articleSection\":[\"Webinarlar\"],\"inLanguage\":\"tr\"},{\"@type\":\"WebPage\",\"@id\":\"https:\/\/www.esin.av.tr\/tr\/2024\/05\/08\/saglik-hukuku-webinar-serisi-viii-saglik-sektoru-paralel-ihracat-ve-fikri-mulkiyet\/\",\"url\":\"https:\/\/www.esin.av.tr\/tr\/2024\/05\/08\/saglik-hukuku-webinar-serisi-viii-saglik-sektoru-paralel-ihracat-ve-fikri-mulkiyet\/\",\"name\":\"Sa\u011fl\u0131k Hukuku Webinar Serisi \u2013 VIII: Sa\u011fl\u0131k Sekt\u00f6r\u00fc, Paralel \u0130hracat ve Fikri M\u00fclkiyet\",\"isPartOf\":{\"@id\":\"https:\/\/www.esin.av.tr\/tr\/#website\"},\"datePublished\":\"2024-05-08T13:25:08+00:00\",\"dateModified\":\"2024-05-08T13:25:08+00:00\",\"description\":\"Sizleri \\\"Sa\u011fl\u0131k Hukuku Webinar Serisi \u2013 VIII: Sa\u011fl\u0131k Sekt\u00f6r\u00fc, Paralel \u0130hracat ve Fikri M\u00fclkiyet\\\"\u00a0konulu\u00a0webinar\u0131m\u0131za davet ediyoruz! Bu webinarda: \u2714\",\"breadcrumb\":{\"@id\":\"https:\/\/www.esin.av.tr\/tr\/2024\/05\/08\/saglik-hukuku-webinar-serisi-viii-saglik-sektoru-paralel-ihracat-ve-fikri-mulkiyet\/#breadcrumb\"},\"inLanguage\":\"tr\",\"potentialAction\":[{\"@type\":\"ReadAction\",\"target\":[\"https:\/\/www.esin.av.tr\/tr\/2024\/05\/08\/saglik-hukuku-webinar-serisi-viii-saglik-sektoru-paralel-ihracat-ve-fikri-mulkiyet\/\"]}]},{\"@type\":\"BreadcrumbList\",\"@id\":\"https:\/\/www.esin.av.tr\/tr\/2024\/05\/08\/saglik-hukuku-webinar-serisi-viii-saglik-sektoru-paralel-ihracat-ve-fikri-mulkiyet\/#breadcrumb\",\"itemListElement\":[{\"@type\":\"ListItem\",\"position\":1,\"name\":\"Home\",\"item\":\"https:\/\/www.esin.av.tr\/tr\/\"},{\"@type\":\"ListItem\",\"position\":2,\"name\":\"Sa\u011fl\u0131k Hukuku Webinar Serisi \u2013 VIII: Sa\u011fl\u0131k Sekt\u00f6r\u00fc, Paralel \u0130hracat ve Fikri M\u00fclkiyet\"}]},{\"@type\":\"WebSite\",\"@id\":\"https:\/\/www.esin.av.tr\/tr\/#website\",\"url\":\"https:\/\/www.esin.av.tr\/tr\/\",\"name\":\"Esin Avukatl\u0131k Ortakl\u0131\u011f\u0131\",\"description\":\"\",\"publisher\":{\"@id\":\"https:\/\/www.esin.av.tr\/tr\/#organization\"},\"potentialAction\":[{\"@type\":\"SearchAction\",\"target\":{\"@type\":\"EntryPoint\",\"urlTemplate\":\"https:\/\/www.esin.av.tr\/tr\/?s={search_term_string}\"},\"query-input\":{\"@type\":\"PropertyValueSpecification\",\"valueRequired\":true,\"valueName\":\"search_term_string\"}}],\"inLanguage\":\"tr\"},{\"@type\":\"Organization\",\"@id\":\"https:\/\/www.esin.av.tr\/tr\/#organization\",\"name\":\"Esin Avukatl\u0131k Ortakl\u0131\u011f\u0131\",\"url\":\"https:\/\/www.esin.av.tr\/tr\/\",\"logo\":{\"@type\":\"ImageObject\",\"inLanguage\":\"tr\",\"@id\":\"https:\/\/www.esin.av.tr\/tr\/#\/schema\/logo\/image\/\",\"url\":\"https:\/\/www.esin.av.tr\/wp-content\/uploads\/2021\/09\/esin-2.jpg\",\"contentUrl\":\"https:\/\/www.esin.av.tr\/wp-content\/uploads\/2021\/09\/esin-2.jpg\",\"width\":800,\"height\":460,\"caption\":\"Esin Avukatl\u0131k Ortakl\u0131\u011f\u0131\"},\"image\":{\"@id\":\"https:\/\/www.esin.av.tr\/tr\/#\/schema\/logo\/image\/\"}},{\"@type\":\"Person\",\"@id\":\"https:\/\/www.esin.av.tr\/tr\/#\/schema\/person\/42c8e616aab56b8622fa365ad63282ae\",\"name\":\"R\u0131dvan Konrat\",\"image\":{\"@type\":\"ImageObject\",\"inLanguage\":\"tr\",\"@id\":\"https:\/\/www.esin.av.tr\/tr\/#\/schema\/person\/image\/\",\"url\":\"https:\/\/secure.gravatar.com\/avatar\/b20c6c583be38ed4e76e32f69fccc676?s=96&d=mm&r=g\",\"contentUrl\":\"https:\/\/secure.gravatar.com\/avatar\/b20c6c583be38ed4e76e32f69fccc676?s=96&d=mm&r=g\",\"caption\":\"R\u0131dvan Konrat\"},\"sameAs\":[\"http:\/\/www.esin.av.tr\"],\"url\":\"https:\/\/www.esin.av.tr\/tr\/author\/rkonrat\/\"}]}<\/script>\n<!-- \/ Yoast SEO plugin. -->","yoast_head_json":{"title":"Sa\u011fl\u0131k Hukuku Webinar Serisi \u2013 VIII: Sa\u011fl\u0131k Sekt\u00f6r\u00fc, Paralel \u0130hracat ve Fikri M\u00fclkiyet","description":"Sizleri \"Sa\u011fl\u0131k Hukuku Webinar Serisi \u2013 VIII: Sa\u011fl\u0131k Sekt\u00f6r\u00fc, Paralel \u0130hracat ve Fikri M\u00fclkiyet\"\u00a0konulu\u00a0webinar\u0131m\u0131za davet ediyoruz! Bu webinarda: \u2714","robots":{"index":"index","follow":"follow","max-snippet":"max-snippet:-1","max-image-preview":"max-image-preview:large","max-video-preview":"max-video-preview:-1"},"canonical":"https:\/\/www.esin.av.tr\/tr\/2024\/05\/08\/saglik-hukuku-webinar-serisi-viii-saglik-sektoru-paralel-ihracat-ve-fikri-mulkiyet\/","og_locale":"tr_TR","og_type":"article","og_title":"Sa\u011fl\u0131k Hukuku Webinar Serisi \u2013 VIII: Sa\u011fl\u0131k Sekt\u00f6r\u00fc, Paralel \u0130hracat ve Fikri M\u00fclkiyet","og_description":"Sizleri \"Sa\u011fl\u0131k Hukuku Webinar Serisi \u2013 VIII: Sa\u011fl\u0131k Sekt\u00f6r\u00fc, Paralel \u0130hracat ve Fikri M\u00fclkiyet\"\u00a0konulu\u00a0webinar\u0131m\u0131za davet ediyoruz! Bu webinarda: \u2714","og_url":"https:\/\/www.esin.av.tr\/tr\/2024\/05\/08\/saglik-hukuku-webinar-serisi-viii-saglik-sektoru-paralel-ihracat-ve-fikri-mulkiyet\/","og_site_name":"Esin Avukatl\u0131k Ortakl\u0131\u011f\u0131","article_published_time":"2024-05-08T13:25:08+00:00","author":"R\u0131dvan Konrat","twitter_card":"summary_large_image","twitter_misc":{"Written by":"R\u0131dvan Konrat","Est. reading time":"1 minute"},"schema":{"@context":"https:\/\/schema.org","@graph":[{"@type":"Article","@id":"https:\/\/www.esin.av.tr\/tr\/2024\/05\/08\/saglik-hukuku-webinar-serisi-viii-saglik-sektoru-paralel-ihracat-ve-fikri-mulkiyet\/#article","isPartOf":{"@id":"https:\/\/www.esin.av.tr\/tr\/2024\/05\/08\/saglik-hukuku-webinar-serisi-viii-saglik-sektoru-paralel-ihracat-ve-fikri-mulkiyet\/"},"author":{"name":"R\u0131dvan Konrat","@id":"https:\/\/www.esin.av.tr\/tr\/#\/schema\/person\/42c8e616aab56b8622fa365ad63282ae"},"headline":"Sa\u011fl\u0131k Hukuku Webinar Serisi \u2013 VIII: Sa\u011fl\u0131k Sekt\u00f6r\u00fc, Paralel \u0130hracat ve Fikri M\u00fclkiyet","datePublished":"2024-05-08T13:25:08+00:00","dateModified":"2024-05-08T13:25:08+00:00","mainEntityOfPage":{"@id":"https:\/\/www.esin.av.tr\/tr\/2024\/05\/08\/saglik-hukuku-webinar-serisi-viii-saglik-sektoru-paralel-ihracat-ve-fikri-mulkiyet\/"},"wordCount":141,"publisher":{"@id":"https:\/\/www.esin.av.tr\/tr\/#organization"},"articleSection":["Webinarlar"],"inLanguage":"tr"},{"@type":"WebPage","@id":"https:\/\/www.esin.av.tr\/tr\/2024\/05\/08\/saglik-hukuku-webinar-serisi-viii-saglik-sektoru-paralel-ihracat-ve-fikri-mulkiyet\/","url":"https:\/\/www.esin.av.tr\/tr\/2024\/05\/08\/saglik-hukuku-webinar-serisi-viii-saglik-sektoru-paralel-ihracat-ve-fikri-mulkiyet\/","name":"Sa\u011fl\u0131k Hukuku Webinar Serisi \u2013 VIII: Sa\u011fl\u0131k Sekt\u00f6r\u00fc, Paralel \u0130hracat ve Fikri M\u00fclkiyet","isPartOf":{"@id":"https:\/\/www.esin.av.tr\/tr\/#website"},"datePublished":"2024-05-08T13:25:08+00:00","dateModified":"2024-05-08T13:25:08+00:00","description":"Sizleri \"Sa\u011fl\u0131k Hukuku Webinar Serisi \u2013 VIII: Sa\u011fl\u0131k Sekt\u00f6r\u00fc, Paralel \u0130hracat ve Fikri M\u00fclkiyet\"\u00a0konulu\u00a0webinar\u0131m\u0131za davet ediyoruz! Bu webinarda: \u2714","breadcrumb":{"@id":"https:\/\/www.esin.av.tr\/tr\/2024\/05\/08\/saglik-hukuku-webinar-serisi-viii-saglik-sektoru-paralel-ihracat-ve-fikri-mulkiyet\/#breadcrumb"},"inLanguage":"tr","potentialAction":[{"@type":"ReadAction","target":["https:\/\/www.esin.av.tr\/tr\/2024\/05\/08\/saglik-hukuku-webinar-serisi-viii-saglik-sektoru-paralel-ihracat-ve-fikri-mulkiyet\/"]}]},{"@type":"BreadcrumbList","@id":"https:\/\/www.esin.av.tr\/tr\/2024\/05\/08\/saglik-hukuku-webinar-serisi-viii-saglik-sektoru-paralel-ihracat-ve-fikri-mulkiyet\/#breadcrumb","itemListElement":[{"@type":"ListItem","position":1,"name":"Home","item":"https:\/\/www.esin.av.tr\/tr\/"},{"@type":"ListItem","position":2,"name":"Sa\u011fl\u0131k Hukuku Webinar Serisi \u2013 VIII: Sa\u011fl\u0131k Sekt\u00f6r\u00fc, Paralel \u0130hracat ve Fikri M\u00fclkiyet"}]},{"@type":"WebSite","@id":"https:\/\/www.esin.av.tr\/tr\/#website","url":"https:\/\/www.esin.av.tr\/tr\/","name":"Esin Avukatl\u0131k Ortakl\u0131\u011f\u0131","description":"","publisher":{"@id":"https:\/\/www.esin.av.tr\/tr\/#organization"},"potentialAction":[{"@type":"SearchAction","target":{"@type":"EntryPoint","urlTemplate":"https:\/\/www.esin.av.tr\/tr\/?s={search_term_string}"},"query-input":{"@type":"PropertyValueSpecification","valueRequired":true,"valueName":"search_term_string"}}],"inLanguage":"tr"},{"@type":"Organization","@id":"https:\/\/www.esin.av.tr\/tr\/#organization","name":"Esin Avukatl\u0131k Ortakl\u0131\u011f\u0131","url":"https:\/\/www.esin.av.tr\/tr\/","logo":{"@type":"ImageObject","inLanguage":"tr","@id":"https:\/\/www.esin.av.tr\/tr\/#\/schema\/logo\/image\/","url":"https:\/\/www.esin.av.tr\/wp-content\/uploads\/2021\/09\/esin-2.jpg","contentUrl":"https:\/\/www.esin.av.tr\/wp-content\/uploads\/2021\/09\/esin-2.jpg","width":800,"height":460,"caption":"Esin Avukatl\u0131k Ortakl\u0131\u011f\u0131"},"image":{"@id":"https:\/\/www.esin.av.tr\/tr\/#\/schema\/logo\/image\/"}},{"@type":"Person","@id":"https:\/\/www.esin.av.tr\/tr\/#\/schema\/person\/42c8e616aab56b8622fa365ad63282ae","name":"R\u0131dvan Konrat","image":{"@type":"ImageObject","inLanguage":"tr","@id":"https:\/\/www.esin.av.tr\/tr\/#\/schema\/person\/image\/","url":"https:\/\/secure.gravatar.com\/avatar\/b20c6c583be38ed4e76e32f69fccc676?s=96&d=mm&r=g","contentUrl":"https:\/\/secure.gravatar.com\/avatar\/b20c6c583be38ed4e76e32f69fccc676?s=96&d=mm&r=g","caption":"R\u0131dvan Konrat"},"sameAs":["http:\/\/www.esin.av.tr"],"url":"https:\/\/www.esin.av.tr\/tr\/author\/rkonrat\/"}]}},"_links":{"self":[{"href":"https:\/\/www.esin.av.tr\/tr\/wp-json\/wp\/v2\/posts\/27667","targetHints":{"allow":["GET"]}}],"collection":[{"href":"https:\/\/www.esin.av.tr\/tr\/wp-json\/wp\/v2\/posts"}],"about":[{"href":"https:\/\/www.esin.av.tr\/tr\/wp-json\/wp\/v2\/types\/post"}],"author":[{"embeddable":true,"href":"https:\/\/www.esin.av.tr\/tr\/wp-json\/wp\/v2\/users\/4"}],"replies":[{"embeddable":true,"href":"https:\/\/www.esin.av.tr\/tr\/wp-json\/wp\/v2\/comments?post=27667"}],"version-history":[{"count":1,"href":"https:\/\/www.esin.av.tr\/tr\/wp-json\/wp\/v2\/posts\/27667\/revisions"}],"predecessor-version":[{"id":27669,"href":"https:\/\/www.esin.av.tr\/tr\/wp-json\/wp\/v2\/posts\/27667\/revisions\/27669"}],"wp:attachment":[{"href":"https:\/\/www.esin.av.tr\/tr\/wp-json\/wp\/v2\/media?parent=27667"}],"wp:term":[{"taxonomy":"category","embeddable":true,"href":"https:\/\/www.esin.av.tr\/tr\/wp-json\/wp\/v2\/categories?post=27667"},{"taxonomy":"post_tag","embeddable":true,"href":"https:\/\/www.esin.av.tr\/tr\/wp-json\/wp\/v2\/tags?post=27667"}],"curies":[{"name":"wp","href":"https:\/\/api.w.org\/{rel}","templated":true}]}}