{"id":27641,"date":"2024-04-29T12:07:59","date_gmt":"2024-04-29T12:07:59","guid":{"rendered":"https:\/\/www.esin.av.tr\/?p=27641"},"modified":"2024-04-29T12:07:59","modified_gmt":"2024-04-29T12:07:59","slug":"anayasa-mahkemesinden-ek-vergi-duzenlemesine-iliskin-onemli-karar","status":"publish","type":"post","link":"https:\/\/www.esin.av.tr\/tr\/2024\/04\/29\/anayasa-mahkemesinden-ek-vergi-duzenlemesine-iliskin-onemli-karar\/","title":{"rendered":"Anayasa Mahkemesi&#8217;nden Ek Vergi D\u00fczenlemesine \u0130li\u015fkin \u00d6nemli Karar"},"content":{"rendered":"<h3><strong>Yeni Geli\u015fme<\/strong><\/h3>\n<p>Anayasa Mahkemesi (&#8220;<strong>AYM<\/strong>&#8220;), 14 Mart 2024 tarih ve E. 2023\/169, K. 2024\/82 say\u0131l\u0131 karar\u0131 (&#8220;<strong>AYM Karar\u0131<\/strong>&#8221; veya &#8220;<strong>Karar<\/strong>&#8220;) ile 12 Mart 2023 tarihli Resmi Gazete&#8217;de yay\u0131mlanan 7440 say\u0131l\u0131 Baz\u0131 Alacaklar\u0131n Yeniden Yap\u0131land\u0131r\u0131lmas\u0131 ile Baz\u0131 Kanunlarda De\u011fi\u015fiklik Yap\u0131lmas\u0131na Dair Kanun\u2019un (&#8220;<strong>7440 say\u0131l\u0131 Kanun&#8221;<\/strong>) ek vergiye ili\u015fkin d\u00fczenleme i\u00e7eren 10\/27. maddesini Anayasa&#8217;ya uygun bulmu\u015f ve ilgili kanun maddesinin iptali talebini oybirli\u011fi ile reddetmi\u015ftir. Karar, 19 Nisan 2024 tarih ve 32522 say\u0131l\u0131 Resmi Gazete\u2019de yay\u0131mlanm\u0131\u015ft\u0131r.<\/p>\n<h3><strong>Ek Vergi D\u00fczenlemesi <\/strong><\/h3>\n<p>7440 say\u0131l\u0131 Kanun\u2019un 10\/27. maddesi kapsam\u0131nda kurumlar vergisi m\u00fckelleflerine 2022 y\u0131l\u0131na ili\u015fkin kurumlar vergisi beyannamesinde g\u00f6sterilmek suretiyle;<\/p>\n<ul>\n<li>Kurumlar Vergisi Kanunu ve di\u011fer kanunlarda yer alan d\u00fczenlemeler uyar\u0131nca kurum kazanc\u0131ndan indirim konusu yap\u0131lan istisna ve indirim tutarlar\u0131 ile Kurumlar Vergisi Kanunu\u2019nun 32\/A maddesi kapsam\u0131nda indirimli kurumlar vergisine tabi matrahlar \u00fczerinden, d\u00f6nem kazanc\u0131yla ili\u015fkilendirilmeksizin %10 oran\u0131nda,<\/li>\n<li>Kurumlar Vergisi Kanunu\u2019nun 5\/1-a maddesinde d\u00fczenlenen i\u015ftirak kazanc\u0131 istisnas\u0131na konu kazan\u00e7lar ile yurt d\u0131\u015f\u0131ndan elde edilip en az %15 oran\u0131nda vergi y\u00fck\u00fc ta\u015f\u0131d\u0131\u011f\u0131 tevsik edilen istisna kazan\u00e7 \u00fczerinden %5 oran\u0131nda<\/li>\n<\/ul>\n<p>tek seferlik ek vergi uygulanmas\u0131 \u00f6ng\u00f6r\u00fclm\u00fc\u015ft\u00fc.<\/p>\n<p>Bir\u00e7ok kurumlar vergisi m\u00fckellefi ilgili d\u00fczenlemenin Anayasa&#8217;ya ayk\u0131r\u0131 oldu\u011fu iddias\u0131 ile 2022 y\u0131l\u0131 kurumlar vergisi beyannamesini ihtirazi kay\u0131tla sunmu\u015f ve \u00f6denen ek verginin faiziyle iadesi talebiyle dava yoluna gitmi\u015fti. Emisyon primine ili\u015fkin ek vergiyi konu alanlar d\u0131\u015f\u0131nda davalar\u0131n b\u00fcy\u00fck bir k\u0131sm\u0131 ilk derece mahkemelerince m\u00fckellef aleyhine sonu\u00e7lanm\u0131\u015f, a\u015fa\u011f\u0131da belirtildi\u011fi \u00fczere bir davada ilk derece mahkemesi yap\u0131lan d\u00fczenlemeye ili\u015fkin Anayasa&#8217;ya ayk\u0131r\u0131l\u0131k iddias\u0131n\u0131 ciddi bularak konuyu de\u011ferlendirilmek \u00fczere AYM&#8217;ye ta\u015f\u0131m\u0131\u015f, az say\u0131da davada ise ilk derece mahkemeleri karar vermek \u00fczere AYM&#8217;nin konuyla ilgili de\u011ferlendirmesini bekleme karar\u0131 alm\u0131\u015ft\u0131.<\/p>\n<h3><strong>Karar Ne Diyor?<\/strong><\/h3>\n<p>\u0130stanbul 1. Vergi Mahkemesi, ek vergiye ili\u015fkin olarak a\u00e7\u0131lan bir davada ileri s\u00fcr\u00fclen anayasaya ayk\u0131r\u0131l\u0131k iddialar\u0131n\u0131 ciddi bularak, 7440 say\u0131l\u0131 Kanun&#8217;un 10\/27. maddesinin Anayasa&#8217;n\u0131n 13, 35 ve 73. maddelerine ayk\u0131r\u0131 oldu\u011fu gerek\u00e7esiyle iptali i\u00e7in AYM&#8217;ye ba\u015fvurmu\u015ftu. AYM taraf\u0131ndan yap\u0131lan incelemede;<\/p>\n<ul>\n<li>Ek vergiye ili\u015fkin d\u00fczenlemenin y\u00fcr\u00fcrl\u00fc\u011fe girdi\u011fi tarih itibariyle kurumlar vergisi hesap d\u00f6neminin kapand\u0131\u011f\u0131 ve kapanan hesap d\u00f6nemine ait indirim tutarlar\u0131na y\u00f6nelik ek verginin \u00f6ng\u00f6r\u00fcld\u00fc\u011f\u00fc g\u00f6z \u00f6n\u00fcne al\u0131nd\u0131\u011f\u0131nda kural\u0131n geriye y\u00fcr\u00fct\u00fcld\u00fc\u011f\u00fc kabul edilmekle birlikte, beklenmedik do\u011fal felaketler gibi toplumu derinden sarsan olaylar sebebiyle yap\u0131lacak kanuni d\u00fczenlemelerin geriye y\u00fcr\u00fct\u00fclmesinin m\u00fcmk\u00fcn oldu\u011fu,<\/li>\n<li>Deprem gibi ola\u011fan\u00fcst\u00fc hadiseler nedeniyle olu\u015fan kay\u0131plar\u0131n giderilmesi ve toplumsal dayan\u0131\u015fman\u0131n sa\u011flanmas\u0131 maksad\u0131yla ek vergi y\u00fck\u00fcml\u00fcl\u00fc\u011f\u00fc getirilmesinde kamu yarar\u0131na y\u00f6nelik me\u015fru bir ama\u00e7 bulundu\u011fu,<\/li>\n<li>Meydana gelen kay\u0131plar\u0131n telafisi i\u00e7in vergi ihdas\u0131nda bulunman\u0131n devletin en me\u015fru ara\u00e7lar\u0131ndan biri olmas\u0131 ve devletin vergilendirme konusunda sahip oldu\u011fu takdir yetkisi kapsam\u0131nda bulunmas\u0131 nedeniyle gereklilik \u00f6l\u00e7\u00fct\u00fcn\u00fc kar\u015f\u0131lad\u0131\u011f\u0131,<\/li>\n<li>Ek verginin kazanc\u0131n bulunmas\u0131 halinde indirilecek tutarlar\u0131 g\u00fcncel kurumlar vergisi oran\u0131n\u0131n \u00e7ok alt\u0131nda bir oranla vergilendirmesi, deprem b\u00f6lgesindeki kurumlar vergisi m\u00fckelleflerinin bu vergiden muaf tutulmas\u0131, ek verginin ge\u00e7ici nitelikte ve bir defal\u0131\u011fa mahsus al\u0131nmas\u0131 g\u00f6z \u00f6n\u00fcne al\u0131nd\u0131\u011f\u0131nda ek vergiye muhatap olan ki\u015filere a\u015f\u0131r\u0131 k\u00fclfet y\u00fcklemedi\u011fi,<\/li>\n<li>Ek verginin konusunu olu\u015fturan indirimler ile elde edilen avantaj\u0131n %10\u2019unun vergilendirildi\u011fi g\u00f6z \u00f6n\u00fcnde bulunduruldu\u011funda vergiye muhatap olanlar\u0131n kazanc\u0131na g\u00f6re farkl\u0131 tutarda vergi \u00f6deyece\u011fi, b\u00f6ylece orant\u0131s\u0131z bir vergi y\u00fck\u00fcyle kar\u015f\u0131la\u015f\u0131lmayaca\u011f\u0131 gerek\u00e7esiyle s\u00f6z konusu ek vergi d\u00fczenlemesinin mali g\u00fcce g\u00f6re vergilendirme ve vergi y\u00fck\u00fcn\u00fcn adaletli da\u011f\u0131l\u0131m\u0131 ve e\u015fitlik ilkeleriyle de \u00e7eli\u015fmedi\u011fi,<\/li>\n<li>Ge\u00e7mi\u015fte verilen AYM kararlar\u0131 uyar\u0131nca da AYM&#8217;nin deprem gibi ola\u011fan\u00fcst\u00fc olaylar\u0131n ya\u015fand\u0131\u011f\u0131 d\u00f6nemlerde olu\u015fan ekonomik kay\u0131plar\u0131n telafisi amac\u0131yla -\u00f6l\u00e7\u00fcl\u00fc olmak kayd\u0131yla- ek vergilerin \u00f6ng\u00f6r\u00fclmesinin mali g\u00fcce g\u00f6re vergilendirme ve vergi y\u00fck\u00fcn\u00fcn adaletli da\u011f\u0131l\u0131m\u0131 ilkelerine ayk\u0131r\u0131 olmad\u0131\u011f\u0131na h\u00fckmedildi\u011fi,<\/li>\n<\/ul>\n<p>gerek\u00e7eleriyle ek vergi d\u00fczenlemesinin Anayasa&#8217;ya uygun oldu\u011funa karar verilmi\u015ftir.<\/p>\n<h3><strong>Karar\u0131n Etkileri Ne Olacak? <\/strong><\/h3>\n<p>AYM&#8217;nin s\u00f6z konusu karar\u0131n\u0131n emisyon primine ili\u015fkin olanlar d\u0131\u015f\u0131ndaki ek vergi davalar\u0131nda davac\u0131 m\u00fckellefler aleyhine sonu\u00e7 do\u011furaca\u011f\u0131 ku\u015fkusuzdur. Kald\u0131 ki bu davalar\u0131n b\u00fcy\u00fck \u00e7o\u011funlu\u011fu ilk derece ve istinaf mahkemelerinde zaten m\u00fckellefler aleyhine sonu\u00e7lan\u0131yordu.<\/p>\n<p>Bununla birlikte, bahse konu AYM Karar\u0131&#8217;n\u0131n emisyon primine ili\u015fkin ek vergi tarhiyatlar\u0131na kar\u015f\u0131 a\u00e7\u0131lan davalara bir etkisinin olmamas\u0131 gerekti\u011fini de\u011ferlendiriyoruz. \u015e\u00f6yle ki:<\/p>\n<ul>\n<li>Emisyon primi \u00fczerinden \u00f6denen ek vergiye kar\u015f\u0131 a\u00e7\u0131lan davalarda dava nedenleri Anayasa&#8217;ya ayk\u0131r\u0131l\u0131\u011f\u0131n \u00f6tesinde, (i) emisyon primlerinin bir kazan\u00e7 de\u011fil, sermaye benzeri bir \u00f6z varl\u0131k kalemi &#8211; sermaye yede\u011fi olmas\u0131, (ii) ek verginin indirim ve istisna tutarlar\u0131 ile indirimli kurumlar vergisi matrah\u0131n\u0131 olu\u015fturan kurum kazanc\u0131 \u00fczerinden al\u0131nd\u0131\u011f\u0131 g\u00f6z \u00f6n\u00fcne al\u0131nd\u0131\u011f\u0131nda kazan\u00e7 niteli\u011finde olmad\u0131\u011f\u0131 a\u00e7\u0131k olan emisyon primlerinin ek verginin kapsam\u0131na girmemesi, ve (iii) bu nedenle emisyon primi \u00fczerinden ek vergi al\u0131nmas\u0131n\u0131n mevcut olan kanuni d\u00fczenlemeler \u00e7er\u00e7evesinde (Anayasal de\u011ferlendirmeye dahi gerek olmaks\u0131z\u0131n) hukuka ayk\u0131r\u0131 olmas\u0131d\u0131r.<\/li>\n<li>Bu kapsamda, emisyon primini konu alan davalarda ek vergi tarhiyatlar\u0131n\u0131 hukuka ayk\u0131r\u0131 bulan ilk derece ve istinaf mahkemeleri kararlar\u0131n\u0131n ger\u00e7eklerinde anayasal bir de\u011ferlendirmeden ziyade, emisyon priminin nitelik olarak kazan\u00e7 de\u011fil sermayenin bir unsuru oldu\u011fu ve dolay\u0131s\u0131yla da emisyon primi \u00fczerinden ek vergi al\u0131nmamas\u0131 gerekti\u011fi hususlar\u0131na yer verilmi\u015ftir.<\/li>\n<li>B\u00fcltenimize konu AYM Karar\u0131&#8217;nda emisyon primine ili\u015fkin ek vergi d\u00fczenlemesi \u00f6zelinde bir de\u011ferlendirme yer almamakla birlikte, Karar\u0131&#8217;n gerek\u00e7esinde <em>&#8220;Kurumlar\u0131n kazan\u00e7lar\u0131ndan indirim konusu yapmak suretiyle sa\u011flad\u0131klar\u0131 vergisel avantaj yoluyla elde ettikleri tutar\u0131n gelir niteli\u011findeki mali g\u00fcc\u00fcn g\u00f6stergelerinden biri oldu\u011fu a\u00e7\u0131kt\u0131r. Kuralda kurum kazanc\u0131ndan indirim konusu yap\u0131lan indirim tutarlar\u0131 kadar elde edilen avantaj %10 oran\u0131nda ek vergiye tabi tutulmu\u015ftur.&#8221;<\/em> (45. Paragraf) \u015feklinde ibarelere yer verilerek ek verginin vergisel avantaj sa\u011flayan m\u00fckellefleri vergilendirmeyi ama\u00e7lad\u0131\u011f\u0131 belirtilmi\u015ftir. Oysa emisyon primi kazan\u00e7 de\u011fil sermayenin bir unsuru oldu\u011fundan, emisyon primi istisnas\u0131 m\u00fckelleflere her hangi bir vergisel avantaj sa\u011flamamaktad\u0131r.<\/li>\n<\/ul>\n<p>Dolay\u0131s\u0131yla, AYM Karar\u0131&#8217;n\u0131n, niteli\u011fi itibariyle di\u011fer ek vergi davalar\u0131ndan farkl\u0131 olan emisyon primine ili\u015fkin ek vergi davalar\u0131nda m\u00fckellefler aleyhine bir sonuca yol a\u00e7mamas\u0131 gerekti\u011fi d\u00fc\u015f\u00fcncesindeyiz.<\/p>\n","protected":false},"excerpt":{"rendered":"<p>Yeni Geli\u015fme Anayasa Mahkemesi (&#8220;AYM&#8220;), 14 Mart 2024 tarih ve E. 2023\/169, K. 2024\/82 say\u0131l\u0131 karar\u0131 (&#8220;AYM Karar\u0131&#8221; veya &#8220;Karar&#8220;) [&hellip;]<\/p>\n","protected":false},"author":4,"featured_media":0,"comment_status":"closed","ping_status":"closed","sticky":false,"template":"","format":"standard","meta":{"_acf_changed":false,"_stopmodifiedupdate":false,"_modified_date":"","footnotes":""},"categories":[120],"tags":[95],"class_list":["post-27641","post","type-post","status-publish","format-standard","hentry","category-legal-alerts","tag-tax-tr"],"acf":[],"yoast_head":"<!-- This site is optimized with the Yoast SEO plugin v24.0 - https:\/\/yoast.com\/wordpress\/plugins\/seo\/ -->\n<title>Anayasa Mahkemesi&#039;nden Ek Vergi D\u00fczenlemesine \u0130li\u015fkin \u00d6nemli Karar<\/title>\n<meta name=\"description\" content=\"Yeni Geli\u015fme Anayasa Mahkemesi (&quot;AYM&quot;), 14 Mart 2024 tarih ve E. 2023\/169, K. 2024\/82 say\u0131l\u0131 karar\u0131 (&quot;AYM Karar\u0131&quot; veya &quot;Karar&quot;) ile 12 Mart 2023 tarihli\" \/>\n<meta name=\"robots\" content=\"index, follow, max-snippet:-1, max-image-preview:large, max-video-preview:-1\" \/>\n<link rel=\"canonical\" href=\"https:\/\/www.esin.av.tr\/tr\/2024\/04\/29\/anayasa-mahkemesinden-ek-vergi-duzenlemesine-iliskin-onemli-karar\/\" \/>\n<meta property=\"og:locale\" content=\"tr_TR\" \/>\n<meta property=\"og:type\" content=\"article\" \/>\n<meta property=\"og:title\" content=\"Anayasa Mahkemesi&#039;nden Ek Vergi D\u00fczenlemesine \u0130li\u015fkin \u00d6nemli Karar\" \/>\n<meta property=\"og:description\" content=\"Yeni Geli\u015fme Anayasa Mahkemesi (&quot;AYM&quot;), 14 Mart 2024 tarih ve E. 2023\/169, K. 2024\/82 say\u0131l\u0131 karar\u0131 (&quot;AYM Karar\u0131&quot; veya &quot;Karar&quot;) ile 12 Mart 2023 tarihli\" \/>\n<meta property=\"og:url\" content=\"https:\/\/www.esin.av.tr\/tr\/2024\/04\/29\/anayasa-mahkemesinden-ek-vergi-duzenlemesine-iliskin-onemli-karar\/\" \/>\n<meta property=\"og:site_name\" content=\"Esin Avukatl\u0131k Ortakl\u0131\u011f\u0131\" \/>\n<meta property=\"article:published_time\" content=\"2024-04-29T12:07:59+00:00\" \/>\n<meta name=\"author\" content=\"R\u0131dvan Konrat\" \/>\n<meta name=\"twitter:card\" content=\"summary_large_image\" \/>\n<meta name=\"twitter:label1\" content=\"Written by\" \/>\n\t<meta name=\"twitter:data1\" content=\"R\u0131dvan Konrat\" \/>\n\t<meta name=\"twitter:label2\" content=\"Est. reading time\" \/>\n\t<meta name=\"twitter:data2\" content=\"6 minutes\" \/>\n<script type=\"application\/ld+json\" class=\"yoast-schema-graph\">{\"@context\":\"https:\/\/schema.org\",\"@graph\":[{\"@type\":\"Article\",\"@id\":\"https:\/\/www.esin.av.tr\/tr\/2024\/04\/29\/anayasa-mahkemesinden-ek-vergi-duzenlemesine-iliskin-onemli-karar\/#article\",\"isPartOf\":{\"@id\":\"https:\/\/www.esin.av.tr\/tr\/2024\/04\/29\/anayasa-mahkemesinden-ek-vergi-duzenlemesine-iliskin-onemli-karar\/\"},\"author\":{\"name\":\"R\u0131dvan Konrat\",\"@id\":\"https:\/\/www.esin.av.tr\/tr\/#\/schema\/person\/42c8e616aab56b8622fa365ad63282ae\"},\"headline\":\"Anayasa Mahkemesi&#8217;nden Ek Vergi D\u00fczenlemesine \u0130li\u015fkin \u00d6nemli Karar\",\"datePublished\":\"2024-04-29T12:07:59+00:00\",\"dateModified\":\"2024-04-29T12:07:59+00:00\",\"mainEntityOfPage\":{\"@id\":\"https:\/\/www.esin.av.tr\/tr\/2024\/04\/29\/anayasa-mahkemesinden-ek-vergi-duzenlemesine-iliskin-onemli-karar\/\"},\"wordCount\":1197,\"publisher\":{\"@id\":\"https:\/\/www.esin.av.tr\/tr\/#organization\"},\"keywords\":[\"Vergi\"],\"articleSection\":[\"Hukuk B\u00fcltenleri\"],\"inLanguage\":\"tr\"},{\"@type\":\"WebPage\",\"@id\":\"https:\/\/www.esin.av.tr\/tr\/2024\/04\/29\/anayasa-mahkemesinden-ek-vergi-duzenlemesine-iliskin-onemli-karar\/\",\"url\":\"https:\/\/www.esin.av.tr\/tr\/2024\/04\/29\/anayasa-mahkemesinden-ek-vergi-duzenlemesine-iliskin-onemli-karar\/\",\"name\":\"Anayasa Mahkemesi'nden Ek Vergi D\u00fczenlemesine \u0130li\u015fkin \u00d6nemli Karar\",\"isPartOf\":{\"@id\":\"https:\/\/www.esin.av.tr\/tr\/#website\"},\"datePublished\":\"2024-04-29T12:07:59+00:00\",\"dateModified\":\"2024-04-29T12:07:59+00:00\",\"description\":\"Yeni Geli\u015fme Anayasa Mahkemesi (\\\"AYM\\\"), 14 Mart 2024 tarih ve E. 2023\/169, K. 2024\/82 say\u0131l\u0131 karar\u0131 (\\\"AYM Karar\u0131\\\" veya \\\"Karar\\\") ile 12 Mart 2023 tarihli\",\"breadcrumb\":{\"@id\":\"https:\/\/www.esin.av.tr\/tr\/2024\/04\/29\/anayasa-mahkemesinden-ek-vergi-duzenlemesine-iliskin-onemli-karar\/#breadcrumb\"},\"inLanguage\":\"tr\",\"potentialAction\":[{\"@type\":\"ReadAction\",\"target\":[\"https:\/\/www.esin.av.tr\/tr\/2024\/04\/29\/anayasa-mahkemesinden-ek-vergi-duzenlemesine-iliskin-onemli-karar\/\"]}]},{\"@type\":\"BreadcrumbList\",\"@id\":\"https:\/\/www.esin.av.tr\/tr\/2024\/04\/29\/anayasa-mahkemesinden-ek-vergi-duzenlemesine-iliskin-onemli-karar\/#breadcrumb\",\"itemListElement\":[{\"@type\":\"ListItem\",\"position\":1,\"name\":\"Home\",\"item\":\"https:\/\/www.esin.av.tr\/tr\/\"},{\"@type\":\"ListItem\",\"position\":2,\"name\":\"Anayasa Mahkemesi&#8217;nden Ek Vergi D\u00fczenlemesine \u0130li\u015fkin \u00d6nemli Karar\"}]},{\"@type\":\"WebSite\",\"@id\":\"https:\/\/www.esin.av.tr\/tr\/#website\",\"url\":\"https:\/\/www.esin.av.tr\/tr\/\",\"name\":\"Esin Avukatl\u0131k Ortakl\u0131\u011f\u0131\",\"description\":\"\",\"publisher\":{\"@id\":\"https:\/\/www.esin.av.tr\/tr\/#organization\"},\"potentialAction\":[{\"@type\":\"SearchAction\",\"target\":{\"@type\":\"EntryPoint\",\"urlTemplate\":\"https:\/\/www.esin.av.tr\/tr\/?s={search_term_string}\"},\"query-input\":{\"@type\":\"PropertyValueSpecification\",\"valueRequired\":true,\"valueName\":\"search_term_string\"}}],\"inLanguage\":\"tr\"},{\"@type\":\"Organization\",\"@id\":\"https:\/\/www.esin.av.tr\/tr\/#organization\",\"name\":\"Esin Avukatl\u0131k Ortakl\u0131\u011f\u0131\",\"url\":\"https:\/\/www.esin.av.tr\/tr\/\",\"logo\":{\"@type\":\"ImageObject\",\"inLanguage\":\"tr\",\"@id\":\"https:\/\/www.esin.av.tr\/tr\/#\/schema\/logo\/image\/\",\"url\":\"https:\/\/www.esin.av.tr\/wp-content\/uploads\/2021\/09\/esin-2.jpg\",\"contentUrl\":\"https:\/\/www.esin.av.tr\/wp-content\/uploads\/2021\/09\/esin-2.jpg\",\"width\":800,\"height\":460,\"caption\":\"Esin Avukatl\u0131k Ortakl\u0131\u011f\u0131\"},\"image\":{\"@id\":\"https:\/\/www.esin.av.tr\/tr\/#\/schema\/logo\/image\/\"}},{\"@type\":\"Person\",\"@id\":\"https:\/\/www.esin.av.tr\/tr\/#\/schema\/person\/42c8e616aab56b8622fa365ad63282ae\",\"name\":\"R\u0131dvan Konrat\",\"image\":{\"@type\":\"ImageObject\",\"inLanguage\":\"tr\",\"@id\":\"https:\/\/www.esin.av.tr\/tr\/#\/schema\/person\/image\/\",\"url\":\"https:\/\/secure.gravatar.com\/avatar\/b20c6c583be38ed4e76e32f69fccc676?s=96&d=mm&r=g\",\"contentUrl\":\"https:\/\/secure.gravatar.com\/avatar\/b20c6c583be38ed4e76e32f69fccc676?s=96&d=mm&r=g\",\"caption\":\"R\u0131dvan Konrat\"},\"sameAs\":[\"http:\/\/www.esin.av.tr\"],\"url\":\"https:\/\/www.esin.av.tr\/tr\/author\/rkonrat\/\"}]}<\/script>\n<!-- \/ Yoast SEO plugin. -->","yoast_head_json":{"title":"Anayasa Mahkemesi'nden Ek Vergi D\u00fczenlemesine \u0130li\u015fkin \u00d6nemli Karar","description":"Yeni Geli\u015fme Anayasa Mahkemesi (\"AYM\"), 14 Mart 2024 tarih ve E. 2023\/169, K. 2024\/82 say\u0131l\u0131 karar\u0131 (\"AYM Karar\u0131\" veya \"Karar\") ile 12 Mart 2023 tarihli","robots":{"index":"index","follow":"follow","max-snippet":"max-snippet:-1","max-image-preview":"max-image-preview:large","max-video-preview":"max-video-preview:-1"},"canonical":"https:\/\/www.esin.av.tr\/tr\/2024\/04\/29\/anayasa-mahkemesinden-ek-vergi-duzenlemesine-iliskin-onemli-karar\/","og_locale":"tr_TR","og_type":"article","og_title":"Anayasa Mahkemesi'nden Ek Vergi D\u00fczenlemesine \u0130li\u015fkin \u00d6nemli Karar","og_description":"Yeni Geli\u015fme Anayasa Mahkemesi (\"AYM\"), 14 Mart 2024 tarih ve E. 2023\/169, K. 2024\/82 say\u0131l\u0131 karar\u0131 (\"AYM Karar\u0131\" veya \"Karar\") ile 12 Mart 2023 tarihli","og_url":"https:\/\/www.esin.av.tr\/tr\/2024\/04\/29\/anayasa-mahkemesinden-ek-vergi-duzenlemesine-iliskin-onemli-karar\/","og_site_name":"Esin Avukatl\u0131k Ortakl\u0131\u011f\u0131","article_published_time":"2024-04-29T12:07:59+00:00","author":"R\u0131dvan Konrat","twitter_card":"summary_large_image","twitter_misc":{"Written by":"R\u0131dvan Konrat","Est. reading time":"6 minutes"},"schema":{"@context":"https:\/\/schema.org","@graph":[{"@type":"Article","@id":"https:\/\/www.esin.av.tr\/tr\/2024\/04\/29\/anayasa-mahkemesinden-ek-vergi-duzenlemesine-iliskin-onemli-karar\/#article","isPartOf":{"@id":"https:\/\/www.esin.av.tr\/tr\/2024\/04\/29\/anayasa-mahkemesinden-ek-vergi-duzenlemesine-iliskin-onemli-karar\/"},"author":{"name":"R\u0131dvan Konrat","@id":"https:\/\/www.esin.av.tr\/tr\/#\/schema\/person\/42c8e616aab56b8622fa365ad63282ae"},"headline":"Anayasa Mahkemesi&#8217;nden Ek Vergi D\u00fczenlemesine \u0130li\u015fkin \u00d6nemli Karar","datePublished":"2024-04-29T12:07:59+00:00","dateModified":"2024-04-29T12:07:59+00:00","mainEntityOfPage":{"@id":"https:\/\/www.esin.av.tr\/tr\/2024\/04\/29\/anayasa-mahkemesinden-ek-vergi-duzenlemesine-iliskin-onemli-karar\/"},"wordCount":1197,"publisher":{"@id":"https:\/\/www.esin.av.tr\/tr\/#organization"},"keywords":["Vergi"],"articleSection":["Hukuk B\u00fcltenleri"],"inLanguage":"tr"},{"@type":"WebPage","@id":"https:\/\/www.esin.av.tr\/tr\/2024\/04\/29\/anayasa-mahkemesinden-ek-vergi-duzenlemesine-iliskin-onemli-karar\/","url":"https:\/\/www.esin.av.tr\/tr\/2024\/04\/29\/anayasa-mahkemesinden-ek-vergi-duzenlemesine-iliskin-onemli-karar\/","name":"Anayasa Mahkemesi'nden Ek Vergi D\u00fczenlemesine \u0130li\u015fkin \u00d6nemli Karar","isPartOf":{"@id":"https:\/\/www.esin.av.tr\/tr\/#website"},"datePublished":"2024-04-29T12:07:59+00:00","dateModified":"2024-04-29T12:07:59+00:00","description":"Yeni Geli\u015fme Anayasa Mahkemesi (\"AYM\"), 14 Mart 2024 tarih ve E. 2023\/169, K. 2024\/82 say\u0131l\u0131 karar\u0131 (\"AYM Karar\u0131\" veya \"Karar\") ile 12 Mart 2023 tarihli","breadcrumb":{"@id":"https:\/\/www.esin.av.tr\/tr\/2024\/04\/29\/anayasa-mahkemesinden-ek-vergi-duzenlemesine-iliskin-onemli-karar\/#breadcrumb"},"inLanguage":"tr","potentialAction":[{"@type":"ReadAction","target":["https:\/\/www.esin.av.tr\/tr\/2024\/04\/29\/anayasa-mahkemesinden-ek-vergi-duzenlemesine-iliskin-onemli-karar\/"]}]},{"@type":"BreadcrumbList","@id":"https:\/\/www.esin.av.tr\/tr\/2024\/04\/29\/anayasa-mahkemesinden-ek-vergi-duzenlemesine-iliskin-onemli-karar\/#breadcrumb","itemListElement":[{"@type":"ListItem","position":1,"name":"Home","item":"https:\/\/www.esin.av.tr\/tr\/"},{"@type":"ListItem","position":2,"name":"Anayasa Mahkemesi&#8217;nden Ek Vergi D\u00fczenlemesine \u0130li\u015fkin \u00d6nemli Karar"}]},{"@type":"WebSite","@id":"https:\/\/www.esin.av.tr\/tr\/#website","url":"https:\/\/www.esin.av.tr\/tr\/","name":"Esin Avukatl\u0131k Ortakl\u0131\u011f\u0131","description":"","publisher":{"@id":"https:\/\/www.esin.av.tr\/tr\/#organization"},"potentialAction":[{"@type":"SearchAction","target":{"@type":"EntryPoint","urlTemplate":"https:\/\/www.esin.av.tr\/tr\/?s={search_term_string}"},"query-input":{"@type":"PropertyValueSpecification","valueRequired":true,"valueName":"search_term_string"}}],"inLanguage":"tr"},{"@type":"Organization","@id":"https:\/\/www.esin.av.tr\/tr\/#organization","name":"Esin Avukatl\u0131k Ortakl\u0131\u011f\u0131","url":"https:\/\/www.esin.av.tr\/tr\/","logo":{"@type":"ImageObject","inLanguage":"tr","@id":"https:\/\/www.esin.av.tr\/tr\/#\/schema\/logo\/image\/","url":"https:\/\/www.esin.av.tr\/wp-content\/uploads\/2021\/09\/esin-2.jpg","contentUrl":"https:\/\/www.esin.av.tr\/wp-content\/uploads\/2021\/09\/esin-2.jpg","width":800,"height":460,"caption":"Esin Avukatl\u0131k Ortakl\u0131\u011f\u0131"},"image":{"@id":"https:\/\/www.esin.av.tr\/tr\/#\/schema\/logo\/image\/"}},{"@type":"Person","@id":"https:\/\/www.esin.av.tr\/tr\/#\/schema\/person\/42c8e616aab56b8622fa365ad63282ae","name":"R\u0131dvan Konrat","image":{"@type":"ImageObject","inLanguage":"tr","@id":"https:\/\/www.esin.av.tr\/tr\/#\/schema\/person\/image\/","url":"https:\/\/secure.gravatar.com\/avatar\/b20c6c583be38ed4e76e32f69fccc676?s=96&d=mm&r=g","contentUrl":"https:\/\/secure.gravatar.com\/avatar\/b20c6c583be38ed4e76e32f69fccc676?s=96&d=mm&r=g","caption":"R\u0131dvan Konrat"},"sameAs":["http:\/\/www.esin.av.tr"],"url":"https:\/\/www.esin.av.tr\/tr\/author\/rkonrat\/"}]}},"_links":{"self":[{"href":"https:\/\/www.esin.av.tr\/tr\/wp-json\/wp\/v2\/posts\/27641","targetHints":{"allow":["GET"]}}],"collection":[{"href":"https:\/\/www.esin.av.tr\/tr\/wp-json\/wp\/v2\/posts"}],"about":[{"href":"https:\/\/www.esin.av.tr\/tr\/wp-json\/wp\/v2\/types\/post"}],"author":[{"embeddable":true,"href":"https:\/\/www.esin.av.tr\/tr\/wp-json\/wp\/v2\/users\/4"}],"replies":[{"embeddable":true,"href":"https:\/\/www.esin.av.tr\/tr\/wp-json\/wp\/v2\/comments?post=27641"}],"version-history":[{"count":1,"href":"https:\/\/www.esin.av.tr\/tr\/wp-json\/wp\/v2\/posts\/27641\/revisions"}],"predecessor-version":[{"id":27642,"href":"https:\/\/www.esin.av.tr\/tr\/wp-json\/wp\/v2\/posts\/27641\/revisions\/27642"}],"wp:attachment":[{"href":"https:\/\/www.esin.av.tr\/tr\/wp-json\/wp\/v2\/media?parent=27641"}],"wp:term":[{"taxonomy":"category","embeddable":true,"href":"https:\/\/www.esin.av.tr\/tr\/wp-json\/wp\/v2\/categories?post=27641"},{"taxonomy":"post_tag","embeddable":true,"href":"https:\/\/www.esin.av.tr\/tr\/wp-json\/wp\/v2\/tags?post=27641"}],"curies":[{"name":"wp","href":"https:\/\/api.w.org\/{rel}","templated":true}]}}