{"id":27449,"date":"2024-03-12T12:50:59","date_gmt":"2024-03-12T12:50:59","guid":{"rendered":"https:\/\/www.esin.av.tr\/?p=27449"},"modified":"2024-03-12T12:50:59","modified_gmt":"2024-03-12T12:50:59","slug":"kisisel-verilerin-korunmasi-kanununda-degisiklikler","status":"publish","type":"post","link":"https:\/\/www.esin.av.tr\/tr\/2024\/03\/12\/kisisel-verilerin-korunmasi-kanununda-degisiklikler\/","title":{"rendered":"Ki\u015fisel Verilerin Korunmas\u0131 Kanunu&#8217;nda De\u011fi\u015fiklikler"},"content":{"rendered":"<p>6698 say\u0131l\u0131 Ki\u015fisel Verilerin Korunmas\u0131 Kanun&#8217;da de\u011fi\u015fiklikler \u00f6ng\u00f6ren 7499 say\u0131l\u0131 Ceza Muhakemesi Kanunu ile Baz\u0131 Kanunlarda De\u011fi\u015fiklik Yap\u0131lmas\u0131na Dair Kanun, 32487 say\u0131l\u0131 ve 12 Mart 2024 tarihli Resmi Gazete&#8217;de yay\u0131mland\u0131. Avrupa mevzuat\u0131na uyum sa\u011flamay\u0131 hedefleyen de\u011fi\u015fiklikler, \u00f6zel nitelikli ki\u015fisel verilerin i\u015flenmesi, ki\u015fisel verilerin yurt d\u0131\u015f\u0131na aktar\u0131lmas\u0131, idari para cezalar\u0131 ve itiraz merciine ili\u015fkin d\u00fczenlemeler i\u00e7eriyor ve de\u011fi\u015fikliklerin 1 Haziran 2024 tarihinde y\u00fcr\u00fcrl\u00fc\u011fe girmesi \u00f6ng\u00f6r\u00fcl\u00fcyor. Veri sorumlular\u0131n\u0131n, veri i\u015fleme ve aktar\u0131m s\u00fcre\u00e7lerini, belirtilen y\u00fcr\u00fcrl\u00fck tarihine kadar de\u011fi\u015fiklikler uyar\u0131nca g\u00f6zden ge\u00e7irmeleri gerekmektedir.<\/p>\n<p>De\u011fi\u015fikliklere ili\u015fkin hukuk b\u00fcltenimize eri\u015fmek i\u00e7in a\u015fa\u011f\u0131daki g\u00f6rsele <a href=\"https:\/\/bakerxchange.com\/collect\/click.aspx?u=VmxjY3RrZW9nQjZGQ2MwSXplaitHeXhZZUJicVNnb01XOHRpM0tLdm1taU1sYXF0Y2w1UTJ3UUc3emJHNmNWZXBUTXZsSklCMGw5ZkNLOHNUdGRiSXYzVWZxS1p0aWVkV2pjRkJBb3kvK01iaFhnd0FtNHhZSUtWd1gvZUloV29TcWlUUVZLM1h1V21kNzRnS1dMSkhRSWhUSHA3RmdWVQ==&amp;rh=ff00c3558fba5f1f178047315e42b7723c612661\">t\u0131klay\u0131n\u0131z<\/a><\/p>\n<p><a href=\"https:\/\/f.datasrvr.com\/fr1\/524\/89373\/Legal_Alert_on_Data_Protection_Law_Amendments_.pdf\" target=\"_blank\" rel=\"noopener\"><img fetchpriority=\"high\" decoding=\"async\" class=\"alignnone  wp-image-27447\" src=\"https:\/\/www.esin.av.tr\/wp-content\/uploads\/2024\/03\/b-300x210.png\" alt=\"\" width=\"386\" height=\"270\" srcset=\"https:\/\/www.esin.av.tr\/wp-content\/uploads\/2024\/03\/b-300x210.png 300w, https:\/\/www.esin.av.tr\/wp-content\/uploads\/2024\/03\/b-768x536.png 768w, https:\/\/www.esin.av.tr\/wp-content\/uploads\/2024\/03\/b.png 796w\" sizes=\"(max-width: 386px) 100vw, 386px\" \/><\/a><\/p>\n","protected":false},"excerpt":{"rendered":"<p>6698 say\u0131l\u0131 Ki\u015fisel Verilerin Korunmas\u0131 Kanun&#8217;da de\u011fi\u015fiklikler \u00f6ng\u00f6ren 7499 say\u0131l\u0131 Ceza Muhakemesi Kanunu ile Baz\u0131 Kanunlarda De\u011fi\u015fiklik Yap\u0131lmas\u0131na Dair Kanun, [&hellip;]<\/p>\n","protected":false},"author":4,"featured_media":0,"comment_status":"closed","ping_status":"closed","sticky":false,"template":"","format":"standard","meta":{"_acf_changed":false,"_stopmodifiedupdate":false,"_modified_date":"","footnotes":""},"categories":[120],"tags":[180],"class_list":["post-27449","post","type-post","status-publish","format-standard","hentry","category-legal-alerts","tag-fikri-mulkiyet-ve-teknoloji"],"acf":[],"yoast_head":"<!-- This site is optimized with the Yoast SEO plugin v24.0 - https:\/\/yoast.com\/wordpress\/plugins\/seo\/ -->\n<title>Ki\u015fisel Verilerin Korunmas\u0131 Kanunu&#039;nda De\u011fi\u015fiklikler<\/title>\n<meta name=\"description\" content=\"6698 say\u0131l\u0131 Ki\u015fisel Verilerin Korunmas\u0131 Kanun&#039;da de\u011fi\u015fiklikler \u00f6ng\u00f6ren 7499 say\u0131l\u0131 Ceza Muhakemesi Kanunu ile Baz\u0131 Kanunlarda De\u011fi\u015fiklik Yap\u0131lmas\u0131na Dair\" \/>\n<meta name=\"robots\" content=\"index, follow, max-snippet:-1, max-image-preview:large, max-video-preview:-1\" \/>\n<link rel=\"canonical\" href=\"https:\/\/www.esin.av.tr\/tr\/2024\/03\/12\/kisisel-verilerin-korunmasi-kanununda-degisiklikler\/\" \/>\n<meta property=\"og:locale\" content=\"tr_TR\" \/>\n<meta property=\"og:type\" content=\"article\" \/>\n<meta property=\"og:title\" content=\"Ki\u015fisel Verilerin Korunmas\u0131 Kanunu&#039;nda De\u011fi\u015fiklikler\" \/>\n<meta property=\"og:description\" content=\"6698 say\u0131l\u0131 Ki\u015fisel Verilerin Korunmas\u0131 Kanun&#039;da de\u011fi\u015fiklikler \u00f6ng\u00f6ren 7499 say\u0131l\u0131 Ceza Muhakemesi Kanunu ile Baz\u0131 Kanunlarda De\u011fi\u015fiklik Yap\u0131lmas\u0131na Dair\" \/>\n<meta property=\"og:url\" content=\"https:\/\/www.esin.av.tr\/tr\/2024\/03\/12\/kisisel-verilerin-korunmasi-kanununda-degisiklikler\/\" \/>\n<meta property=\"og:site_name\" content=\"Esin Avukatl\u0131k Ortakl\u0131\u011f\u0131\" \/>\n<meta property=\"article:published_time\" content=\"2024-03-12T12:50:59+00:00\" \/>\n<meta property=\"og:image\" content=\"https:\/\/www.esin.av.tr\/wp-content\/uploads\/2024\/03\/b-300x210.png\" \/>\n<meta name=\"author\" content=\"R\u0131dvan Konrat\" \/>\n<meta name=\"twitter:card\" content=\"summary_large_image\" \/>\n<meta name=\"twitter:label1\" content=\"Written by\" \/>\n\t<meta name=\"twitter:data1\" content=\"R\u0131dvan Konrat\" \/>\n\t<meta name=\"twitter:label2\" content=\"Est. reading time\" \/>\n\t<meta name=\"twitter:data2\" content=\"1 minute\" \/>\n<script type=\"application\/ld+json\" class=\"yoast-schema-graph\">{\"@context\":\"https:\/\/schema.org\",\"@graph\":[{\"@type\":\"Article\",\"@id\":\"https:\/\/www.esin.av.tr\/tr\/2024\/03\/12\/kisisel-verilerin-korunmasi-kanununda-degisiklikler\/#article\",\"isPartOf\":{\"@id\":\"https:\/\/www.esin.av.tr\/tr\/2024\/03\/12\/kisisel-verilerin-korunmasi-kanununda-degisiklikler\/\"},\"author\":{\"name\":\"R\u0131dvan Konrat\",\"@id\":\"https:\/\/www.esin.av.tr\/tr\/#\/schema\/person\/42c8e616aab56b8622fa365ad63282ae\"},\"headline\":\"Ki\u015fisel Verilerin Korunmas\u0131 Kanunu&#8217;nda De\u011fi\u015fiklikler\",\"datePublished\":\"2024-03-12T12:50:59+00:00\",\"dateModified\":\"2024-03-12T12:50:59+00:00\",\"mainEntityOfPage\":{\"@id\":\"https:\/\/www.esin.av.tr\/tr\/2024\/03\/12\/kisisel-verilerin-korunmasi-kanununda-degisiklikler\/\"},\"wordCount\":151,\"publisher\":{\"@id\":\"https:\/\/www.esin.av.tr\/tr\/#organization\"},\"image\":{\"@id\":\"https:\/\/www.esin.av.tr\/tr\/2024\/03\/12\/kisisel-verilerin-korunmasi-kanununda-degisiklikler\/#primaryimage\"},\"thumbnailUrl\":\"https:\/\/www.esin.av.tr\/wp-content\/uploads\/2024\/03\/b-300x210.png\",\"keywords\":[\"Fikri M\u00fclkiyet ve Teknoloji\"],\"articleSection\":[\"Hukuk B\u00fcltenleri\"],\"inLanguage\":\"tr\"},{\"@type\":\"WebPage\",\"@id\":\"https:\/\/www.esin.av.tr\/tr\/2024\/03\/12\/kisisel-verilerin-korunmasi-kanununda-degisiklikler\/\",\"url\":\"https:\/\/www.esin.av.tr\/tr\/2024\/03\/12\/kisisel-verilerin-korunmasi-kanununda-degisiklikler\/\",\"name\":\"Ki\u015fisel Verilerin Korunmas\u0131 Kanunu'nda De\u011fi\u015fiklikler\",\"isPartOf\":{\"@id\":\"https:\/\/www.esin.av.tr\/tr\/#website\"},\"primaryImageOfPage\":{\"@id\":\"https:\/\/www.esin.av.tr\/tr\/2024\/03\/12\/kisisel-verilerin-korunmasi-kanununda-degisiklikler\/#primaryimage\"},\"image\":{\"@id\":\"https:\/\/www.esin.av.tr\/tr\/2024\/03\/12\/kisisel-verilerin-korunmasi-kanununda-degisiklikler\/#primaryimage\"},\"thumbnailUrl\":\"https:\/\/www.esin.av.tr\/wp-content\/uploads\/2024\/03\/b-300x210.png\",\"datePublished\":\"2024-03-12T12:50:59+00:00\",\"dateModified\":\"2024-03-12T12:50:59+00:00\",\"description\":\"6698 say\u0131l\u0131 Ki\u015fisel Verilerin Korunmas\u0131 Kanun'da de\u011fi\u015fiklikler \u00f6ng\u00f6ren 7499 say\u0131l\u0131 Ceza Muhakemesi Kanunu ile Baz\u0131 Kanunlarda De\u011fi\u015fiklik Yap\u0131lmas\u0131na Dair\",\"breadcrumb\":{\"@id\":\"https:\/\/www.esin.av.tr\/tr\/2024\/03\/12\/kisisel-verilerin-korunmasi-kanununda-degisiklikler\/#breadcrumb\"},\"inLanguage\":\"tr\",\"potentialAction\":[{\"@type\":\"ReadAction\",\"target\":[\"https:\/\/www.esin.av.tr\/tr\/2024\/03\/12\/kisisel-verilerin-korunmasi-kanununda-degisiklikler\/\"]}]},{\"@type\":\"ImageObject\",\"inLanguage\":\"tr\",\"@id\":\"https:\/\/www.esin.av.tr\/tr\/2024\/03\/12\/kisisel-verilerin-korunmasi-kanununda-degisiklikler\/#primaryimage\",\"url\":\"https:\/\/www.esin.av.tr\/wp-content\/uploads\/2024\/03\/b-300x210.png\",\"contentUrl\":\"https:\/\/www.esin.av.tr\/wp-content\/uploads\/2024\/03\/b-300x210.png\"},{\"@type\":\"BreadcrumbList\",\"@id\":\"https:\/\/www.esin.av.tr\/tr\/2024\/03\/12\/kisisel-verilerin-korunmasi-kanununda-degisiklikler\/#breadcrumb\",\"itemListElement\":[{\"@type\":\"ListItem\",\"position\":1,\"name\":\"Home\",\"item\":\"https:\/\/www.esin.av.tr\/tr\/\"},{\"@type\":\"ListItem\",\"position\":2,\"name\":\"Ki\u015fisel Verilerin Korunmas\u0131 Kanunu&#8217;nda De\u011fi\u015fiklikler\"}]},{\"@type\":\"WebSite\",\"@id\":\"https:\/\/www.esin.av.tr\/tr\/#website\",\"url\":\"https:\/\/www.esin.av.tr\/tr\/\",\"name\":\"Esin Avukatl\u0131k Ortakl\u0131\u011f\u0131\",\"description\":\"\",\"publisher\":{\"@id\":\"https:\/\/www.esin.av.tr\/tr\/#organization\"},\"potentialAction\":[{\"@type\":\"SearchAction\",\"target\":{\"@type\":\"EntryPoint\",\"urlTemplate\":\"https:\/\/www.esin.av.tr\/tr\/?s={search_term_string}\"},\"query-input\":{\"@type\":\"PropertyValueSpecification\",\"valueRequired\":true,\"valueName\":\"search_term_string\"}}],\"inLanguage\":\"tr\"},{\"@type\":\"Organization\",\"@id\":\"https:\/\/www.esin.av.tr\/tr\/#organization\",\"name\":\"Esin Avukatl\u0131k Ortakl\u0131\u011f\u0131\",\"url\":\"https:\/\/www.esin.av.tr\/tr\/\",\"logo\":{\"@type\":\"ImageObject\",\"inLanguage\":\"tr\",\"@id\":\"https:\/\/www.esin.av.tr\/tr\/#\/schema\/logo\/image\/\",\"url\":\"https:\/\/www.esin.av.tr\/wp-content\/uploads\/2021\/09\/esin-2.jpg\",\"contentUrl\":\"https:\/\/www.esin.av.tr\/wp-content\/uploads\/2021\/09\/esin-2.jpg\",\"width\":800,\"height\":460,\"caption\":\"Esin Avukatl\u0131k Ortakl\u0131\u011f\u0131\"},\"image\":{\"@id\":\"https:\/\/www.esin.av.tr\/tr\/#\/schema\/logo\/image\/\"}},{\"@type\":\"Person\",\"@id\":\"https:\/\/www.esin.av.tr\/tr\/#\/schema\/person\/42c8e616aab56b8622fa365ad63282ae\",\"name\":\"R\u0131dvan Konrat\",\"image\":{\"@type\":\"ImageObject\",\"inLanguage\":\"tr\",\"@id\":\"https:\/\/www.esin.av.tr\/tr\/#\/schema\/person\/image\/\",\"url\":\"https:\/\/secure.gravatar.com\/avatar\/b20c6c583be38ed4e76e32f69fccc676?s=96&d=mm&r=g\",\"contentUrl\":\"https:\/\/secure.gravatar.com\/avatar\/b20c6c583be38ed4e76e32f69fccc676?s=96&d=mm&r=g\",\"caption\":\"R\u0131dvan Konrat\"},\"sameAs\":[\"http:\/\/www.esin.av.tr\"],\"url\":\"https:\/\/www.esin.av.tr\/tr\/author\/rkonrat\/\"}]}<\/script>\n<!-- \/ Yoast SEO plugin. -->","yoast_head_json":{"title":"Ki\u015fisel Verilerin Korunmas\u0131 Kanunu'nda De\u011fi\u015fiklikler","description":"6698 say\u0131l\u0131 Ki\u015fisel Verilerin Korunmas\u0131 Kanun'da de\u011fi\u015fiklikler \u00f6ng\u00f6ren 7499 say\u0131l\u0131 Ceza Muhakemesi Kanunu ile Baz\u0131 Kanunlarda De\u011fi\u015fiklik Yap\u0131lmas\u0131na Dair","robots":{"index":"index","follow":"follow","max-snippet":"max-snippet:-1","max-image-preview":"max-image-preview:large","max-video-preview":"max-video-preview:-1"},"canonical":"https:\/\/www.esin.av.tr\/tr\/2024\/03\/12\/kisisel-verilerin-korunmasi-kanununda-degisiklikler\/","og_locale":"tr_TR","og_type":"article","og_title":"Ki\u015fisel Verilerin Korunmas\u0131 Kanunu'nda De\u011fi\u015fiklikler","og_description":"6698 say\u0131l\u0131 Ki\u015fisel Verilerin Korunmas\u0131 Kanun'da de\u011fi\u015fiklikler \u00f6ng\u00f6ren 7499 say\u0131l\u0131 Ceza Muhakemesi Kanunu ile Baz\u0131 Kanunlarda De\u011fi\u015fiklik Yap\u0131lmas\u0131na Dair","og_url":"https:\/\/www.esin.av.tr\/tr\/2024\/03\/12\/kisisel-verilerin-korunmasi-kanununda-degisiklikler\/","og_site_name":"Esin Avukatl\u0131k Ortakl\u0131\u011f\u0131","article_published_time":"2024-03-12T12:50:59+00:00","og_image":[{"url":"https:\/\/www.esin.av.tr\/wp-content\/uploads\/2024\/03\/b-300x210.png","type":"","width":"","height":""}],"author":"R\u0131dvan Konrat","twitter_card":"summary_large_image","twitter_misc":{"Written by":"R\u0131dvan Konrat","Est. reading time":"1 minute"},"schema":{"@context":"https:\/\/schema.org","@graph":[{"@type":"Article","@id":"https:\/\/www.esin.av.tr\/tr\/2024\/03\/12\/kisisel-verilerin-korunmasi-kanununda-degisiklikler\/#article","isPartOf":{"@id":"https:\/\/www.esin.av.tr\/tr\/2024\/03\/12\/kisisel-verilerin-korunmasi-kanununda-degisiklikler\/"},"author":{"name":"R\u0131dvan Konrat","@id":"https:\/\/www.esin.av.tr\/tr\/#\/schema\/person\/42c8e616aab56b8622fa365ad63282ae"},"headline":"Ki\u015fisel Verilerin Korunmas\u0131 Kanunu&#8217;nda De\u011fi\u015fiklikler","datePublished":"2024-03-12T12:50:59+00:00","dateModified":"2024-03-12T12:50:59+00:00","mainEntityOfPage":{"@id":"https:\/\/www.esin.av.tr\/tr\/2024\/03\/12\/kisisel-verilerin-korunmasi-kanununda-degisiklikler\/"},"wordCount":151,"publisher":{"@id":"https:\/\/www.esin.av.tr\/tr\/#organization"},"image":{"@id":"https:\/\/www.esin.av.tr\/tr\/2024\/03\/12\/kisisel-verilerin-korunmasi-kanununda-degisiklikler\/#primaryimage"},"thumbnailUrl":"https:\/\/www.esin.av.tr\/wp-content\/uploads\/2024\/03\/b-300x210.png","keywords":["Fikri M\u00fclkiyet ve Teknoloji"],"articleSection":["Hukuk B\u00fcltenleri"],"inLanguage":"tr"},{"@type":"WebPage","@id":"https:\/\/www.esin.av.tr\/tr\/2024\/03\/12\/kisisel-verilerin-korunmasi-kanununda-degisiklikler\/","url":"https:\/\/www.esin.av.tr\/tr\/2024\/03\/12\/kisisel-verilerin-korunmasi-kanununda-degisiklikler\/","name":"Ki\u015fisel Verilerin Korunmas\u0131 Kanunu'nda De\u011fi\u015fiklikler","isPartOf":{"@id":"https:\/\/www.esin.av.tr\/tr\/#website"},"primaryImageOfPage":{"@id":"https:\/\/www.esin.av.tr\/tr\/2024\/03\/12\/kisisel-verilerin-korunmasi-kanununda-degisiklikler\/#primaryimage"},"image":{"@id":"https:\/\/www.esin.av.tr\/tr\/2024\/03\/12\/kisisel-verilerin-korunmasi-kanununda-degisiklikler\/#primaryimage"},"thumbnailUrl":"https:\/\/www.esin.av.tr\/wp-content\/uploads\/2024\/03\/b-300x210.png","datePublished":"2024-03-12T12:50:59+00:00","dateModified":"2024-03-12T12:50:59+00:00","description":"6698 say\u0131l\u0131 Ki\u015fisel Verilerin Korunmas\u0131 Kanun'da de\u011fi\u015fiklikler \u00f6ng\u00f6ren 7499 say\u0131l\u0131 Ceza Muhakemesi Kanunu ile Baz\u0131 Kanunlarda De\u011fi\u015fiklik Yap\u0131lmas\u0131na Dair","breadcrumb":{"@id":"https:\/\/www.esin.av.tr\/tr\/2024\/03\/12\/kisisel-verilerin-korunmasi-kanununda-degisiklikler\/#breadcrumb"},"inLanguage":"tr","potentialAction":[{"@type":"ReadAction","target":["https:\/\/www.esin.av.tr\/tr\/2024\/03\/12\/kisisel-verilerin-korunmasi-kanununda-degisiklikler\/"]}]},{"@type":"ImageObject","inLanguage":"tr","@id":"https:\/\/www.esin.av.tr\/tr\/2024\/03\/12\/kisisel-verilerin-korunmasi-kanununda-degisiklikler\/#primaryimage","url":"https:\/\/www.esin.av.tr\/wp-content\/uploads\/2024\/03\/b-300x210.png","contentUrl":"https:\/\/www.esin.av.tr\/wp-content\/uploads\/2024\/03\/b-300x210.png"},{"@type":"BreadcrumbList","@id":"https:\/\/www.esin.av.tr\/tr\/2024\/03\/12\/kisisel-verilerin-korunmasi-kanununda-degisiklikler\/#breadcrumb","itemListElement":[{"@type":"ListItem","position":1,"name":"Home","item":"https:\/\/www.esin.av.tr\/tr\/"},{"@type":"ListItem","position":2,"name":"Ki\u015fisel Verilerin Korunmas\u0131 Kanunu&#8217;nda De\u011fi\u015fiklikler"}]},{"@type":"WebSite","@id":"https:\/\/www.esin.av.tr\/tr\/#website","url":"https:\/\/www.esin.av.tr\/tr\/","name":"Esin Avukatl\u0131k Ortakl\u0131\u011f\u0131","description":"","publisher":{"@id":"https:\/\/www.esin.av.tr\/tr\/#organization"},"potentialAction":[{"@type":"SearchAction","target":{"@type":"EntryPoint","urlTemplate":"https:\/\/www.esin.av.tr\/tr\/?s={search_term_string}"},"query-input":{"@type":"PropertyValueSpecification","valueRequired":true,"valueName":"search_term_string"}}],"inLanguage":"tr"},{"@type":"Organization","@id":"https:\/\/www.esin.av.tr\/tr\/#organization","name":"Esin Avukatl\u0131k Ortakl\u0131\u011f\u0131","url":"https:\/\/www.esin.av.tr\/tr\/","logo":{"@type":"ImageObject","inLanguage":"tr","@id":"https:\/\/www.esin.av.tr\/tr\/#\/schema\/logo\/image\/","url":"https:\/\/www.esin.av.tr\/wp-content\/uploads\/2021\/09\/esin-2.jpg","contentUrl":"https:\/\/www.esin.av.tr\/wp-content\/uploads\/2021\/09\/esin-2.jpg","width":800,"height":460,"caption":"Esin Avukatl\u0131k Ortakl\u0131\u011f\u0131"},"image":{"@id":"https:\/\/www.esin.av.tr\/tr\/#\/schema\/logo\/image\/"}},{"@type":"Person","@id":"https:\/\/www.esin.av.tr\/tr\/#\/schema\/person\/42c8e616aab56b8622fa365ad63282ae","name":"R\u0131dvan Konrat","image":{"@type":"ImageObject","inLanguage":"tr","@id":"https:\/\/www.esin.av.tr\/tr\/#\/schema\/person\/image\/","url":"https:\/\/secure.gravatar.com\/avatar\/b20c6c583be38ed4e76e32f69fccc676?s=96&d=mm&r=g","contentUrl":"https:\/\/secure.gravatar.com\/avatar\/b20c6c583be38ed4e76e32f69fccc676?s=96&d=mm&r=g","caption":"R\u0131dvan Konrat"},"sameAs":["http:\/\/www.esin.av.tr"],"url":"https:\/\/www.esin.av.tr\/tr\/author\/rkonrat\/"}]}},"_links":{"self":[{"href":"https:\/\/www.esin.av.tr\/tr\/wp-json\/wp\/v2\/posts\/27449","targetHints":{"allow":["GET"]}}],"collection":[{"href":"https:\/\/www.esin.av.tr\/tr\/wp-json\/wp\/v2\/posts"}],"about":[{"href":"https:\/\/www.esin.av.tr\/tr\/wp-json\/wp\/v2\/types\/post"}],"author":[{"embeddable":true,"href":"https:\/\/www.esin.av.tr\/tr\/wp-json\/wp\/v2\/users\/4"}],"replies":[{"embeddable":true,"href":"https:\/\/www.esin.av.tr\/tr\/wp-json\/wp\/v2\/comments?post=27449"}],"version-history":[{"count":1,"href":"https:\/\/www.esin.av.tr\/tr\/wp-json\/wp\/v2\/posts\/27449\/revisions"}],"predecessor-version":[{"id":27450,"href":"https:\/\/www.esin.av.tr\/tr\/wp-json\/wp\/v2\/posts\/27449\/revisions\/27450"}],"wp:attachment":[{"href":"https:\/\/www.esin.av.tr\/tr\/wp-json\/wp\/v2\/media?parent=27449"}],"wp:term":[{"taxonomy":"category","embeddable":true,"href":"https:\/\/www.esin.av.tr\/tr\/wp-json\/wp\/v2\/categories?post=27449"},{"taxonomy":"post_tag","embeddable":true,"href":"https:\/\/www.esin.av.tr\/tr\/wp-json\/wp\/v2\/tags?post=27449"}],"curies":[{"name":"wp","href":"https:\/\/api.w.org\/{rel}","templated":true}]}}