{"id":27386,"date":"2024-03-04T12:02:22","date_gmt":"2024-03-04T12:02:22","guid":{"rendered":"https:\/\/www.esin.av.tr\/?p=27386"},"modified":"2024-03-04T13:59:03","modified_gmt":"2024-03-04T13:59:03","slug":"anayasa-mahkemesi-yargitayin-benzer-konulardaki-onceki-ictihatlarinin-aksine-borca-aykirilik-durumunda-manevi-tazminata-hukmedilemeyecegine-iliskin-kararinin-adil-yargilanma-hakkini-ihlal-ettigine","status":"publish","type":"post","link":"https:\/\/www.esin.av.tr\/tr\/2024\/03\/04\/anayasa-mahkemesi-yargitayin-benzer-konulardaki-onceki-ictihatlarinin-aksine-borca-aykirilik-durumunda-manevi-tazminata-hukmedilemeyecegine-iliskin-kararinin-adil-yargilanma-hakkini-ihlal-ettigine\/","title":{"rendered":"Anayasa Mahkemesi, Yarg\u0131tay&#8217;\u0131n gerek\u00e7elendirme yapmadan benzer konulardaki i\u00e7tihad\u0131na ayk\u0131r\u0131 h\u00fck\u00fcm kurmas\u0131n\u0131n adil yarg\u0131lanma hakk\u0131n\u0131 ihlal etti\u011fine karar verdi."},"content":{"rendered":"<h3><strong>Yeni Geli\u015fme<\/strong><\/h3>\n<p>Anayasa Mahkemesi, 2019\/22055 ba\u015fvuru say\u0131l\u0131 ve 15 Kas\u0131m 2023 tarihli bireysel ba\u015fvuru karar\u0131nda (&#8220;<strong>Karar<\/strong>&#8220;); Yarg\u0131tay&#8217;\u0131n, \u00f6nceki i\u00e7tihatlar\u0131ndan farkl\u0131 olarak s\u00f6zle\u015fmesel borca ayk\u0131r\u0131l\u0131\u011f\u0131n manevi tazminata yol a\u00e7mayaca\u011f\u0131 y\u00f6n\u00fcnde vermi\u015f oldu\u011fu karar\u0131n, ba\u015fvurucunun adil yarg\u0131lanma hakk\u0131n\u0131 ihlal etti\u011fine karar vermi\u015ftir. Karar, 28 \u015eubat 2024 tarihli Resmi Gazete&#8217;de yay\u0131mland\u0131.<\/p>\n<h3><strong>Bireysel Ba\u015fvuruya Konu Olay<\/strong><\/h3>\n<p>Ba\u015fvurucu, d\u00fc\u011f\u00fcn\u00fcnden sonra kullanmak \u00fczere baz\u0131 mobilyalar sat\u0131n alm\u0131\u015ft\u0131r. Ba\u015fvurucu, sat\u0131c\u0131 ile mobilyalar\u0131n d\u00fc\u011f\u00fcnden \u00f6nce teslim edilmesi y\u00f6n\u00fcnde anla\u015fmas\u0131na ra\u011fmen s\u00f6z konusu mobilyalar d\u00fc\u011f\u00fcnden yirmi alt\u0131 g\u00fcn sonra teslim edilmi\u015ftir. Mobilyalar\u0131n ge\u00e7 teslim edilmesinden dolay\u0131 e\u015fiyle huzursuzluk ya\u015fayan ba\u015fvurucu, manevi zarar\u0131n\u0131n tazmini talebiyle \u0130stanbul Anadolu 1. T\u00fcketici Mahkemesi&#8217;nde sat\u0131c\u0131ya kar\u015f\u0131 dava a\u00e7m\u0131\u015ft\u0131r.<\/p>\n<p>\u0130lk derece mahkemesi ba\u015fvurucunun davas\u0131n\u0131 kabul ederek sat\u0131c\u0131y\u0131 manevi tazminat \u00f6demeye mahkum etmi\u015ftir. Sat\u0131c\u0131, ilk derece mahkemesinin karar\u0131n\u0131 temyiz etmi\u015f ve Yarg\u0131tay&#8217;\u0131n 13. Hukuk Dairesi, &#8220;<em>ki\u015filik haklar\u0131n\u0131n zarar g\u00f6rmedi\u011fi hallerde, eylem hukuka ayk\u0131r\u0131 olsa dahi manevi tazminata h\u00fckmedilmesi olanakl\u0131 de\u011fildir. Somut olayda, farkl\u0131 \u00fcr\u00fcn teslimi ve ge\u00e7 teslimat nedeniyle, davac\u0131n\u0131n ki\u015filik haklar\u0131n\u0131n zarar g\u00f6rd\u00fc\u011f\u00fc s\u00f6ylenemez<\/em>.&#8221; gerek\u00e7esiyle ilk derece mahkemesinin karar\u0131n\u0131 bozmu\u015ftur. \u0130lk derece mahkemesinin bozma karar\u0131na uymas\u0131 ve Yarg\u0131tay&#8217;\u0131n da bu karar\u0131 onamas\u0131 \u00fczerine karar ba\u015fvurucu y\u00f6n\u00fcnden kesinle\u015fmi\u015ftir.<\/p>\n<p>Ba\u015fvurucu, mobilyalar\u0131n kendisine vaat edilenden ge\u00e7 teslim edilmi\u015f olmas\u0131ndan dolay\u0131 e\u015fi ve ailesi ile huzursuzluk ya\u015fad\u0131\u011f\u0131n\u0131 ve bu sebeple manevi zarara u\u011frad\u0131\u011f\u0131n\u0131 fakat Yarg\u0131tay&#8217;\u0131n benzer konulara ili\u015fkin \u00f6nceki tarihli i\u00e7tihatlar\u0131ndan ayr\u0131larak manevi tazminat talebini reddetti\u011fini belirterek bu durumun adil yarg\u0131lanma hakk\u0131n\u0131 ve e\u015fitlik ilkesini ihlal etti\u011fini ileri s\u00fcrmektedir.<\/p>\n<h3><strong>Karar Ne Diyor?<\/strong><\/h3>\n<p>Anayasa Mahkemesi, \u00f6ncelikle Karar&#8217;da, benzer olay ve hukuksal durumlar bak\u0131m\u0131ndan farkl\u0131 ki\u015filer taraf\u0131ndan a\u00e7\u0131lan davalarda \u00e7eli\u015fkili kararlar verilmesinin hukuki belirlilik ve \u00f6ng\u00f6r\u00fclebilirlik ilkelerine ters d\u00fc\u015fece\u011fini belirterek yarg\u0131 makamlar\u0131n\u0131n da yarg\u0131ya olan g\u00fcveni korumak ad\u0131na belirli \u00f6l\u00e7\u00fcde istikrarl\u0131 davranmas\u0131 gerekti\u011fini belirtmi\u015ftir. Anayasa Mahkemesi ayn\u0131 zamanda, i\u00e7tihat de\u011fi\u015fikli\u011finin de tek ba\u015f\u0131na hukuki \u00f6ng\u00f6r\u00fclebilirli\u011fi ihlal etti\u011fi sonucuna var\u0131lamayaca\u011f\u0131n\u0131 fakat belirli \u00f6l\u00e7\u00fcde tutarl\u0131l\u0131\u011f\u0131n bulunmas\u0131 gerekti\u011fini vurgulam\u0131\u015ft\u0131r.<\/p>\n<p>S\u00f6z etti\u011fi ilkeleri somut olaya uygularken Anayasa Mahkemesi, Yarg\u0131tay&#8217;\u0131n 13. Hukuk Dairesi&#8217;nin ve Yarg\u0131tay Hukuk Genel Kurulu&#8217;nun daha \u00f6nce benzer konu olaylarda verdi\u011fi kararlardan \u00f6rneklere yer vermi\u015f ve Yarg\u0131tay 13. Hukuk Dairesi&#8217;nin istikrarl\u0131 bir \u015fekilde s\u00f6zle\u015fmesel bor\u00e7 ihlallerinin ki\u015filik haklar\u0131na da zarar verdi\u011fi hallerde manevi tazminata h\u00fckmetti\u011fini tespit etmi\u015ftir. Anayasa Mahkemesi ayr\u0131ca, Yarg\u0131tay Hukuk Genel Kurulu&#8217;nun da yakla\u015f\u0131m\u0131n\u0131n buna paralel oldu\u011funu belirtmi\u015ftir.<\/p>\n<p>Anayasa Mahkemesi son olarak, bireysel ba\u015fvuruya konu karar ile Yarg\u0131tay&#8217;\u0131n \u00f6nceki tarihli benzer olaylara ili\u015fkin i\u00e7tihatlar\u0131 aras\u0131nda farkl\u0131l\u0131klar bulundu\u011funa ve bu durumun da hukuki belirlilik ve \u00f6ng\u00f6r\u00fclebilirlik ilkesi ile ba\u011fda\u015fmayaca\u011f\u0131n\u0131 s\u00f6ylemi\u015ftir. Bu nedenle Karar&#8217;da T.C. Anayasas\u0131&#8217;n\u0131n 36&#8217;nc\u0131 maddesinde bulunan adil yarg\u0131lanma hakk\u0131n\u0131n ihlal edildi\u011fi sonucuna var\u0131lm\u0131\u015ft\u0131r.<\/p>\n<p>Karar&#8217;a <a href=\"https:\/\/urldefense.com\/v3\/__https:\/esinxchange.com\/collect\/click.aspx?u=WWJ4UFF3a3dYWlY3VllraXZ1VDZZVCtMbStObEV4c2Q4R0xJKzVPVnY3VFB4UFJBNksrakpsSTJtRzB3SGNtUnppbkFLNGloNVpsNm5uVTZTMk53Q05sbmNSQ0lUNzUxdklkNjhWTlRSanFQUWo3VEpnTXFlRnNNOWpQeUt3L3Y=&amp;rh=ff00c28a25fcf32a4730860cec46945622e6959f__;!!Hj9Y_P0nvg!XoSb1NhzNXFAI2z9ieG7RJMbpT6fkCw2OdB64-VAOGHlkPTKdZLJCfVhPqbj3pCaWDL5rHjkDIiI4JLha2iKTpm2FDwkww$\"><strong>buradan<\/strong><\/a> ula\u015fabilirsiniz.<\/p>\n","protected":false},"excerpt":{"rendered":"<p>.<\/p>\n","protected":false},"author":4,"featured_media":0,"comment_status":"closed","ping_status":"closed","sticky":false,"template":"","format":"standard","meta":{"_acf_changed":false,"_stopmodifiedupdate":false,"_modified_date":"","footnotes":""},"categories":[120],"tags":[96],"class_list":["post-27386","post","type-post","status-publish","format-standard","hentry","category-legal-alerts","tag-dispute-resolution-tr"],"acf":[],"yoast_head":"<!-- This site is optimized with the Yoast SEO plugin v24.0 - https:\/\/yoast.com\/wordpress\/plugins\/seo\/ -->\n<title>Anayasa Mahkemesi, Yarg\u0131tay&#039;\u0131n gerek\u00e7elendirme yapmadan benzer konulardaki i\u00e7tihad\u0131na ayk\u0131r\u0131 h\u00fck\u00fcm kurmas\u0131n\u0131n adil yarg\u0131lanma hakk\u0131n\u0131 ihlal etti\u011fine karar verdi.<\/title>\n<meta name=\"description\" content=\".\" \/>\n<meta name=\"robots\" content=\"index, follow, max-snippet:-1, max-image-preview:large, max-video-preview:-1\" \/>\n<link rel=\"canonical\" href=\"https:\/\/www.esin.av.tr\/tr\/2024\/03\/04\/anayasa-mahkemesi-yargitayin-benzer-konulardaki-onceki-ictihatlarinin-aksine-borca-aykirilik-durumunda-manevi-tazminata-hukmedilemeyecegine-iliskin-kararinin-adil-yargilanma-hakkini-ihlal-ettigine\/\" \/>\n<meta property=\"og:locale\" content=\"tr_TR\" \/>\n<meta property=\"og:type\" content=\"article\" \/>\n<meta property=\"og:title\" content=\"Anayasa Mahkemesi, Yarg\u0131tay&#039;\u0131n gerek\u00e7elendirme yapmadan benzer konulardaki i\u00e7tihad\u0131na ayk\u0131r\u0131 h\u00fck\u00fcm kurmas\u0131n\u0131n adil yarg\u0131lanma hakk\u0131n\u0131 ihlal etti\u011fine karar verdi.\" \/>\n<meta property=\"og:description\" content=\".\" \/>\n<meta property=\"og:url\" content=\"https:\/\/www.esin.av.tr\/tr\/2024\/03\/04\/anayasa-mahkemesi-yargitayin-benzer-konulardaki-onceki-ictihatlarinin-aksine-borca-aykirilik-durumunda-manevi-tazminata-hukmedilemeyecegine-iliskin-kararinin-adil-yargilanma-hakkini-ihlal-ettigine\/\" \/>\n<meta property=\"og:site_name\" content=\"Esin Avukatl\u0131k Ortakl\u0131\u011f\u0131\" \/>\n<meta property=\"article:published_time\" content=\"2024-03-04T12:02:22+00:00\" \/>\n<meta property=\"article:modified_time\" content=\"2024-03-04T13:59:03+00:00\" \/>\n<meta name=\"author\" content=\"R\u0131dvan Konrat\" \/>\n<meta name=\"twitter:card\" content=\"summary_large_image\" \/>\n<meta name=\"twitter:label1\" content=\"Written by\" \/>\n\t<meta name=\"twitter:data1\" content=\"R\u0131dvan Konrat\" \/>\n\t<meta name=\"twitter:label2\" content=\"Est. reading time\" \/>\n\t<meta name=\"twitter:data2\" content=\"3 minutes\" \/>\n<script type=\"application\/ld+json\" class=\"yoast-schema-graph\">{\"@context\":\"https:\/\/schema.org\",\"@graph\":[{\"@type\":\"Article\",\"@id\":\"https:\/\/www.esin.av.tr\/tr\/2024\/03\/04\/anayasa-mahkemesi-yargitayin-benzer-konulardaki-onceki-ictihatlarinin-aksine-borca-aykirilik-durumunda-manevi-tazminata-hukmedilemeyecegine-iliskin-kararinin-adil-yargilanma-hakkini-ihlal-ettigine\/#article\",\"isPartOf\":{\"@id\":\"https:\/\/www.esin.av.tr\/tr\/2024\/03\/04\/anayasa-mahkemesi-yargitayin-benzer-konulardaki-onceki-ictihatlarinin-aksine-borca-aykirilik-durumunda-manevi-tazminata-hukmedilemeyecegine-iliskin-kararinin-adil-yargilanma-hakkini-ihlal-ettigine\/\"},\"author\":{\"name\":\"R\u0131dvan Konrat\",\"@id\":\"https:\/\/www.esin.av.tr\/tr\/#\/schema\/person\/42c8e616aab56b8622fa365ad63282ae\"},\"headline\":\"Anayasa Mahkemesi, Yarg\u0131tay&#8217;\u0131n gerek\u00e7elendirme yapmadan benzer konulardaki i\u00e7tihad\u0131na ayk\u0131r\u0131 h\u00fck\u00fcm kurmas\u0131n\u0131n adil yarg\u0131lanma hakk\u0131n\u0131 ihlal etti\u011fine karar verdi.\",\"datePublished\":\"2024-03-04T12:02:22+00:00\",\"dateModified\":\"2024-03-04T13:59:03+00:00\",\"mainEntityOfPage\":{\"@id\":\"https:\/\/www.esin.av.tr\/tr\/2024\/03\/04\/anayasa-mahkemesi-yargitayin-benzer-konulardaki-onceki-ictihatlarinin-aksine-borca-aykirilik-durumunda-manevi-tazminata-hukmedilemeyecegine-iliskin-kararinin-adil-yargilanma-hakkini-ihlal-ettigine\/\"},\"wordCount\":635,\"publisher\":{\"@id\":\"https:\/\/www.esin.av.tr\/tr\/#organization\"},\"keywords\":[\"Uyu\u015fmazl\u0131k \u00c7\u00f6z\u00fcm\u00fc\"],\"articleSection\":[\"Hukuk B\u00fcltenleri\"],\"inLanguage\":\"tr\"},{\"@type\":\"WebPage\",\"@id\":\"https:\/\/www.esin.av.tr\/tr\/2024\/03\/04\/anayasa-mahkemesi-yargitayin-benzer-konulardaki-onceki-ictihatlarinin-aksine-borca-aykirilik-durumunda-manevi-tazminata-hukmedilemeyecegine-iliskin-kararinin-adil-yargilanma-hakkini-ihlal-ettigine\/\",\"url\":\"https:\/\/www.esin.av.tr\/tr\/2024\/03\/04\/anayasa-mahkemesi-yargitayin-benzer-konulardaki-onceki-ictihatlarinin-aksine-borca-aykirilik-durumunda-manevi-tazminata-hukmedilemeyecegine-iliskin-kararinin-adil-yargilanma-hakkini-ihlal-ettigine\/\",\"name\":\"Anayasa Mahkemesi, Yarg\u0131tay'\u0131n gerek\u00e7elendirme yapmadan benzer konulardaki i\u00e7tihad\u0131na ayk\u0131r\u0131 h\u00fck\u00fcm kurmas\u0131n\u0131n adil yarg\u0131lanma hakk\u0131n\u0131 ihlal etti\u011fine karar verdi.\",\"isPartOf\":{\"@id\":\"https:\/\/www.esin.av.tr\/tr\/#website\"},\"datePublished\":\"2024-03-04T12:02:22+00:00\",\"dateModified\":\"2024-03-04T13:59:03+00:00\",\"description\":\".\",\"breadcrumb\":{\"@id\":\"https:\/\/www.esin.av.tr\/tr\/2024\/03\/04\/anayasa-mahkemesi-yargitayin-benzer-konulardaki-onceki-ictihatlarinin-aksine-borca-aykirilik-durumunda-manevi-tazminata-hukmedilemeyecegine-iliskin-kararinin-adil-yargilanma-hakkini-ihlal-ettigine\/#breadcrumb\"},\"inLanguage\":\"tr\",\"potentialAction\":[{\"@type\":\"ReadAction\",\"target\":[\"https:\/\/www.esin.av.tr\/tr\/2024\/03\/04\/anayasa-mahkemesi-yargitayin-benzer-konulardaki-onceki-ictihatlarinin-aksine-borca-aykirilik-durumunda-manevi-tazminata-hukmedilemeyecegine-iliskin-kararinin-adil-yargilanma-hakkini-ihlal-ettigine\/\"]}]},{\"@type\":\"BreadcrumbList\",\"@id\":\"https:\/\/www.esin.av.tr\/tr\/2024\/03\/04\/anayasa-mahkemesi-yargitayin-benzer-konulardaki-onceki-ictihatlarinin-aksine-borca-aykirilik-durumunda-manevi-tazminata-hukmedilemeyecegine-iliskin-kararinin-adil-yargilanma-hakkini-ihlal-ettigine\/#breadcrumb\",\"itemListElement\":[{\"@type\":\"ListItem\",\"position\":1,\"name\":\"Home\",\"item\":\"https:\/\/www.esin.av.tr\/tr\/\"},{\"@type\":\"ListItem\",\"position\":2,\"name\":\"Anayasa Mahkemesi, Yarg\u0131tay&#8217;\u0131n gerek\u00e7elendirme yapmadan benzer konulardaki i\u00e7tihad\u0131na ayk\u0131r\u0131 h\u00fck\u00fcm kurmas\u0131n\u0131n adil yarg\u0131lanma hakk\u0131n\u0131 ihlal etti\u011fine karar verdi.\"}]},{\"@type\":\"WebSite\",\"@id\":\"https:\/\/www.esin.av.tr\/tr\/#website\",\"url\":\"https:\/\/www.esin.av.tr\/tr\/\",\"name\":\"Esin Avukatl\u0131k Ortakl\u0131\u011f\u0131\",\"description\":\"\",\"publisher\":{\"@id\":\"https:\/\/www.esin.av.tr\/tr\/#organization\"},\"potentialAction\":[{\"@type\":\"SearchAction\",\"target\":{\"@type\":\"EntryPoint\",\"urlTemplate\":\"https:\/\/www.esin.av.tr\/tr\/?s={search_term_string}\"},\"query-input\":{\"@type\":\"PropertyValueSpecification\",\"valueRequired\":true,\"valueName\":\"search_term_string\"}}],\"inLanguage\":\"tr\"},{\"@type\":\"Organization\",\"@id\":\"https:\/\/www.esin.av.tr\/tr\/#organization\",\"name\":\"Esin Avukatl\u0131k Ortakl\u0131\u011f\u0131\",\"url\":\"https:\/\/www.esin.av.tr\/tr\/\",\"logo\":{\"@type\":\"ImageObject\",\"inLanguage\":\"tr\",\"@id\":\"https:\/\/www.esin.av.tr\/tr\/#\/schema\/logo\/image\/\",\"url\":\"https:\/\/www.esin.av.tr\/wp-content\/uploads\/2021\/09\/esin-2.jpg\",\"contentUrl\":\"https:\/\/www.esin.av.tr\/wp-content\/uploads\/2021\/09\/esin-2.jpg\",\"width\":800,\"height\":460,\"caption\":\"Esin Avukatl\u0131k Ortakl\u0131\u011f\u0131\"},\"image\":{\"@id\":\"https:\/\/www.esin.av.tr\/tr\/#\/schema\/logo\/image\/\"}},{\"@type\":\"Person\",\"@id\":\"https:\/\/www.esin.av.tr\/tr\/#\/schema\/person\/42c8e616aab56b8622fa365ad63282ae\",\"name\":\"R\u0131dvan Konrat\",\"image\":{\"@type\":\"ImageObject\",\"inLanguage\":\"tr\",\"@id\":\"https:\/\/www.esin.av.tr\/tr\/#\/schema\/person\/image\/\",\"url\":\"https:\/\/secure.gravatar.com\/avatar\/b20c6c583be38ed4e76e32f69fccc676?s=96&d=mm&r=g\",\"contentUrl\":\"https:\/\/secure.gravatar.com\/avatar\/b20c6c583be38ed4e76e32f69fccc676?s=96&d=mm&r=g\",\"caption\":\"R\u0131dvan Konrat\"},\"sameAs\":[\"http:\/\/www.esin.av.tr\"],\"url\":\"https:\/\/www.esin.av.tr\/tr\/author\/rkonrat\/\"}]}<\/script>\n<!-- \/ Yoast SEO plugin. -->","yoast_head_json":{"title":"Anayasa Mahkemesi, Yarg\u0131tay'\u0131n gerek\u00e7elendirme yapmadan benzer konulardaki i\u00e7tihad\u0131na ayk\u0131r\u0131 h\u00fck\u00fcm kurmas\u0131n\u0131n adil yarg\u0131lanma hakk\u0131n\u0131 ihlal etti\u011fine karar verdi.","description":".","robots":{"index":"index","follow":"follow","max-snippet":"max-snippet:-1","max-image-preview":"max-image-preview:large","max-video-preview":"max-video-preview:-1"},"canonical":"https:\/\/www.esin.av.tr\/tr\/2024\/03\/04\/anayasa-mahkemesi-yargitayin-benzer-konulardaki-onceki-ictihatlarinin-aksine-borca-aykirilik-durumunda-manevi-tazminata-hukmedilemeyecegine-iliskin-kararinin-adil-yargilanma-hakkini-ihlal-ettigine\/","og_locale":"tr_TR","og_type":"article","og_title":"Anayasa Mahkemesi, Yarg\u0131tay'\u0131n gerek\u00e7elendirme yapmadan benzer konulardaki i\u00e7tihad\u0131na ayk\u0131r\u0131 h\u00fck\u00fcm kurmas\u0131n\u0131n adil yarg\u0131lanma hakk\u0131n\u0131 ihlal etti\u011fine karar verdi.","og_description":".","og_url":"https:\/\/www.esin.av.tr\/tr\/2024\/03\/04\/anayasa-mahkemesi-yargitayin-benzer-konulardaki-onceki-ictihatlarinin-aksine-borca-aykirilik-durumunda-manevi-tazminata-hukmedilemeyecegine-iliskin-kararinin-adil-yargilanma-hakkini-ihlal-ettigine\/","og_site_name":"Esin Avukatl\u0131k Ortakl\u0131\u011f\u0131","article_published_time":"2024-03-04T12:02:22+00:00","article_modified_time":"2024-03-04T13:59:03+00:00","author":"R\u0131dvan Konrat","twitter_card":"summary_large_image","twitter_misc":{"Written by":"R\u0131dvan Konrat","Est. reading time":"3 minutes"},"schema":{"@context":"https:\/\/schema.org","@graph":[{"@type":"Article","@id":"https:\/\/www.esin.av.tr\/tr\/2024\/03\/04\/anayasa-mahkemesi-yargitayin-benzer-konulardaki-onceki-ictihatlarinin-aksine-borca-aykirilik-durumunda-manevi-tazminata-hukmedilemeyecegine-iliskin-kararinin-adil-yargilanma-hakkini-ihlal-ettigine\/#article","isPartOf":{"@id":"https:\/\/www.esin.av.tr\/tr\/2024\/03\/04\/anayasa-mahkemesi-yargitayin-benzer-konulardaki-onceki-ictihatlarinin-aksine-borca-aykirilik-durumunda-manevi-tazminata-hukmedilemeyecegine-iliskin-kararinin-adil-yargilanma-hakkini-ihlal-ettigine\/"},"author":{"name":"R\u0131dvan Konrat","@id":"https:\/\/www.esin.av.tr\/tr\/#\/schema\/person\/42c8e616aab56b8622fa365ad63282ae"},"headline":"Anayasa Mahkemesi, Yarg\u0131tay&#8217;\u0131n gerek\u00e7elendirme yapmadan benzer konulardaki i\u00e7tihad\u0131na ayk\u0131r\u0131 h\u00fck\u00fcm kurmas\u0131n\u0131n adil yarg\u0131lanma hakk\u0131n\u0131 ihlal etti\u011fine karar verdi.","datePublished":"2024-03-04T12:02:22+00:00","dateModified":"2024-03-04T13:59:03+00:00","mainEntityOfPage":{"@id":"https:\/\/www.esin.av.tr\/tr\/2024\/03\/04\/anayasa-mahkemesi-yargitayin-benzer-konulardaki-onceki-ictihatlarinin-aksine-borca-aykirilik-durumunda-manevi-tazminata-hukmedilemeyecegine-iliskin-kararinin-adil-yargilanma-hakkini-ihlal-ettigine\/"},"wordCount":635,"publisher":{"@id":"https:\/\/www.esin.av.tr\/tr\/#organization"},"keywords":["Uyu\u015fmazl\u0131k \u00c7\u00f6z\u00fcm\u00fc"],"articleSection":["Hukuk B\u00fcltenleri"],"inLanguage":"tr"},{"@type":"WebPage","@id":"https:\/\/www.esin.av.tr\/tr\/2024\/03\/04\/anayasa-mahkemesi-yargitayin-benzer-konulardaki-onceki-ictihatlarinin-aksine-borca-aykirilik-durumunda-manevi-tazminata-hukmedilemeyecegine-iliskin-kararinin-adil-yargilanma-hakkini-ihlal-ettigine\/","url":"https:\/\/www.esin.av.tr\/tr\/2024\/03\/04\/anayasa-mahkemesi-yargitayin-benzer-konulardaki-onceki-ictihatlarinin-aksine-borca-aykirilik-durumunda-manevi-tazminata-hukmedilemeyecegine-iliskin-kararinin-adil-yargilanma-hakkini-ihlal-ettigine\/","name":"Anayasa Mahkemesi, Yarg\u0131tay'\u0131n gerek\u00e7elendirme yapmadan benzer konulardaki i\u00e7tihad\u0131na ayk\u0131r\u0131 h\u00fck\u00fcm kurmas\u0131n\u0131n adil yarg\u0131lanma hakk\u0131n\u0131 ihlal etti\u011fine karar verdi.","isPartOf":{"@id":"https:\/\/www.esin.av.tr\/tr\/#website"},"datePublished":"2024-03-04T12:02:22+00:00","dateModified":"2024-03-04T13:59:03+00:00","description":".","breadcrumb":{"@id":"https:\/\/www.esin.av.tr\/tr\/2024\/03\/04\/anayasa-mahkemesi-yargitayin-benzer-konulardaki-onceki-ictihatlarinin-aksine-borca-aykirilik-durumunda-manevi-tazminata-hukmedilemeyecegine-iliskin-kararinin-adil-yargilanma-hakkini-ihlal-ettigine\/#breadcrumb"},"inLanguage":"tr","potentialAction":[{"@type":"ReadAction","target":["https:\/\/www.esin.av.tr\/tr\/2024\/03\/04\/anayasa-mahkemesi-yargitayin-benzer-konulardaki-onceki-ictihatlarinin-aksine-borca-aykirilik-durumunda-manevi-tazminata-hukmedilemeyecegine-iliskin-kararinin-adil-yargilanma-hakkini-ihlal-ettigine\/"]}]},{"@type":"BreadcrumbList","@id":"https:\/\/www.esin.av.tr\/tr\/2024\/03\/04\/anayasa-mahkemesi-yargitayin-benzer-konulardaki-onceki-ictihatlarinin-aksine-borca-aykirilik-durumunda-manevi-tazminata-hukmedilemeyecegine-iliskin-kararinin-adil-yargilanma-hakkini-ihlal-ettigine\/#breadcrumb","itemListElement":[{"@type":"ListItem","position":1,"name":"Home","item":"https:\/\/www.esin.av.tr\/tr\/"},{"@type":"ListItem","position":2,"name":"Anayasa Mahkemesi, Yarg\u0131tay&#8217;\u0131n gerek\u00e7elendirme yapmadan benzer konulardaki i\u00e7tihad\u0131na ayk\u0131r\u0131 h\u00fck\u00fcm kurmas\u0131n\u0131n adil yarg\u0131lanma hakk\u0131n\u0131 ihlal etti\u011fine karar verdi."}]},{"@type":"WebSite","@id":"https:\/\/www.esin.av.tr\/tr\/#website","url":"https:\/\/www.esin.av.tr\/tr\/","name":"Esin Avukatl\u0131k Ortakl\u0131\u011f\u0131","description":"","publisher":{"@id":"https:\/\/www.esin.av.tr\/tr\/#organization"},"potentialAction":[{"@type":"SearchAction","target":{"@type":"EntryPoint","urlTemplate":"https:\/\/www.esin.av.tr\/tr\/?s={search_term_string}"},"query-input":{"@type":"PropertyValueSpecification","valueRequired":true,"valueName":"search_term_string"}}],"inLanguage":"tr"},{"@type":"Organization","@id":"https:\/\/www.esin.av.tr\/tr\/#organization","name":"Esin Avukatl\u0131k Ortakl\u0131\u011f\u0131","url":"https:\/\/www.esin.av.tr\/tr\/","logo":{"@type":"ImageObject","inLanguage":"tr","@id":"https:\/\/www.esin.av.tr\/tr\/#\/schema\/logo\/image\/","url":"https:\/\/www.esin.av.tr\/wp-content\/uploads\/2021\/09\/esin-2.jpg","contentUrl":"https:\/\/www.esin.av.tr\/wp-content\/uploads\/2021\/09\/esin-2.jpg","width":800,"height":460,"caption":"Esin Avukatl\u0131k Ortakl\u0131\u011f\u0131"},"image":{"@id":"https:\/\/www.esin.av.tr\/tr\/#\/schema\/logo\/image\/"}},{"@type":"Person","@id":"https:\/\/www.esin.av.tr\/tr\/#\/schema\/person\/42c8e616aab56b8622fa365ad63282ae","name":"R\u0131dvan Konrat","image":{"@type":"ImageObject","inLanguage":"tr","@id":"https:\/\/www.esin.av.tr\/tr\/#\/schema\/person\/image\/","url":"https:\/\/secure.gravatar.com\/avatar\/b20c6c583be38ed4e76e32f69fccc676?s=96&d=mm&r=g","contentUrl":"https:\/\/secure.gravatar.com\/avatar\/b20c6c583be38ed4e76e32f69fccc676?s=96&d=mm&r=g","caption":"R\u0131dvan Konrat"},"sameAs":["http:\/\/www.esin.av.tr"],"url":"https:\/\/www.esin.av.tr\/tr\/author\/rkonrat\/"}]}},"_links":{"self":[{"href":"https:\/\/www.esin.av.tr\/tr\/wp-json\/wp\/v2\/posts\/27386","targetHints":{"allow":["GET"]}}],"collection":[{"href":"https:\/\/www.esin.av.tr\/tr\/wp-json\/wp\/v2\/posts"}],"about":[{"href":"https:\/\/www.esin.av.tr\/tr\/wp-json\/wp\/v2\/types\/post"}],"author":[{"embeddable":true,"href":"https:\/\/www.esin.av.tr\/tr\/wp-json\/wp\/v2\/users\/4"}],"replies":[{"embeddable":true,"href":"https:\/\/www.esin.av.tr\/tr\/wp-json\/wp\/v2\/comments?post=27386"}],"version-history":[{"count":3,"href":"https:\/\/www.esin.av.tr\/tr\/wp-json\/wp\/v2\/posts\/27386\/revisions"}],"predecessor-version":[{"id":27392,"href":"https:\/\/www.esin.av.tr\/tr\/wp-json\/wp\/v2\/posts\/27386\/revisions\/27392"}],"wp:attachment":[{"href":"https:\/\/www.esin.av.tr\/tr\/wp-json\/wp\/v2\/media?parent=27386"}],"wp:term":[{"taxonomy":"category","embeddable":true,"href":"https:\/\/www.esin.av.tr\/tr\/wp-json\/wp\/v2\/categories?post=27386"},{"taxonomy":"post_tag","embeddable":true,"href":"https:\/\/www.esin.av.tr\/tr\/wp-json\/wp\/v2\/tags?post=27386"}],"curies":[{"name":"wp","href":"https:\/\/api.w.org\/{rel}","templated":true}]}}