{"id":26957,"date":"2024-01-09T09:04:13","date_gmt":"2024-01-09T09:04:13","guid":{"rendered":"https:\/\/www.esin.av.tr\/?p=26957"},"modified":"2024-01-09T09:04:13","modified_gmt":"2024-01-09T09:04:13","slug":"kidem-tazminati-tavan-miktari-guncellendi","status":"publish","type":"post","link":"https:\/\/www.esin.av.tr\/tr\/2024\/01\/09\/kidem-tazminati-tavan-miktari-guncellendi\/","title":{"rendered":"K\u0131dem Tazminat\u0131 Tavan Miktar\u0131 G\u00fcncellendi"},"content":{"rendered":"<h3><strong>Yeni Geli\u015fme<\/strong><\/h3>\n<p>Hazine ve Maliye Bakanl\u0131\u011f\u0131&#8217;na (&#8220;<strong>Bakanl\u0131k<\/strong>&#8220;) ba\u011fl\u0131 Kamu Mali Y\u00f6netim ve D\u00f6n\u00fc\u015f\u00fcm Genel M\u00fcd\u00fcrl\u00fc\u011f\u00fc&#8217;n\u00fcn yay\u0131nlad\u0131\u011f\u0131 5 Ocak 2024 tarihli 1 S\u0131ra No&#8217;lu Genelge (&#8220;<strong>Genelge&#8221;<\/strong>) uyar\u0131nca k\u0131dem tazminat\u0131n\u0131n tavan miktar\u0131 g\u00fcncellenmi\u015ftir. Genelge, 1 Ocak 2024 tarihi itibari ile y\u00fcr\u00fcrl\u00fc\u011fe girmi\u015ftir ve 30 Haziran 2024 tarihine dek ge\u00e7erli olacakt\u0131r.<\/p>\n<h3><strong>Genelge Ne Anlama Geliyor? <\/strong><\/h3>\n<p>K\u0131dem tazminat\u0131n\u0131 hesaplarken esas al\u0131nacak ayl\u0131k br\u00fct maa\u015f\u0131n tavan miktar\u0131, Bakanl\u0131k&#8217;\u0131n yay\u0131nlad\u0131\u011f\u0131 Genelge ile 2024 y\u0131l\u0131n\u0131n ilk yar\u0131s\u0131 (1 Ocak 2024 \u2013 30 Haziran 2024 aras\u0131) i\u00e7in 35.058,58 TL olarak belirlenmi\u015ftir.<\/p>\n<p>K\u0131dem tazminat\u0131 hesaplan\u0131rken esas al\u0131nacak ayl\u0131k br\u00fct maa\u015f\u0131n azami miktar\u0131, ilgili y\u0131l\u0131n Ocak ay\u0131ndan Haziran ay\u0131n\u0131n sonuna kadar olan s\u00fcre i\u00e7in ve ayn\u0131 y\u0131l\u0131n Temmuz ay\u0131ndan Aral\u0131k ay\u0131n\u0131n sonuna kadar olmak \u00fczere y\u0131lda iki kez yeniden belirlenmektedir.<\/p>\n<h3><strong>Sonu\u00e7<\/strong><\/h3>\n<p>\u0130\u015fverenlerin, bu y\u0131l\u0131n Temmuz ay\u0131n\u0131n ba\u015flang\u0131c\u0131na kadarki d\u00f6nemde k\u0131dem tazminat\u0131 hesaplar\u0131nda Genelge&#8217;nin belirledi\u011fi g\u00fcncel tavan miktar\u0131n\u0131 esas almalar\u0131n\u0131 ve halihaz\u0131rda, varsa, 1 Ocak 2024 il\u00e2 5 Ocak 2024 tarihleri aras\u0131nda k\u0131dem tazminat\u0131na dair yap\u0131lm\u0131\u015f hesap ve \u00f6demeleri g\u00f6zden ge\u00e7irmelerini tavsiye ederiz.<\/p>\n","protected":false},"excerpt":{"rendered":"<p>Yeni Geli\u015fme Hazine ve Maliye Bakanl\u0131\u011f\u0131&#8217;na (&#8220;Bakanl\u0131k&#8220;) ba\u011fl\u0131 Kamu Mali Y\u00f6netim ve D\u00f6n\u00fc\u015f\u00fcm Genel M\u00fcd\u00fcrl\u00fc\u011f\u00fc&#8217;n\u00fcn yay\u0131nlad\u0131\u011f\u0131 5 Ocak 2024 tarihli [&hellip;]<\/p>\n","protected":false},"author":4,"featured_media":0,"comment_status":"closed","ping_status":"closed","sticky":false,"template":"","format":"standard","meta":{"_acf_changed":false,"_stopmodifiedupdate":false,"_modified_date":"","footnotes":""},"categories":[120],"tags":[101],"class_list":["post-26957","post","type-post","status-publish","format-standard","hentry","category-legal-alerts","tag-employment-tr"],"acf":[],"yoast_head":"<!-- This site is optimized with the Yoast SEO plugin v24.0 - https:\/\/yoast.com\/wordpress\/plugins\/seo\/ -->\n<title>K\u0131dem Tazminat\u0131 Tavan Miktar\u0131 G\u00fcncellendi<\/title>\n<meta name=\"description\" content=\"Yeni Geli\u015fme Hazine ve Maliye Bakanl\u0131\u011f\u0131&#039;na (&quot;Bakanl\u0131k&quot;) ba\u011fl\u0131 Kamu Mali Y\u00f6netim ve D\u00f6n\u00fc\u015f\u00fcm Genel M\u00fcd\u00fcrl\u00fc\u011f\u00fc&#039;n\u00fcn yay\u0131nlad\u0131\u011f\u0131 5 Ocak 2024 tarihli 1 S\u0131ra\" \/>\n<meta name=\"robots\" content=\"index, follow, max-snippet:-1, max-image-preview:large, max-video-preview:-1\" \/>\n<link rel=\"canonical\" href=\"https:\/\/www.esin.av.tr\/tr\/2024\/01\/09\/kidem-tazminati-tavan-miktari-guncellendi\/\" \/>\n<meta property=\"og:locale\" content=\"tr_TR\" \/>\n<meta property=\"og:type\" content=\"article\" \/>\n<meta property=\"og:title\" content=\"K\u0131dem Tazminat\u0131 Tavan Miktar\u0131 G\u00fcncellendi\" \/>\n<meta property=\"og:description\" content=\"Yeni Geli\u015fme Hazine ve Maliye Bakanl\u0131\u011f\u0131&#039;na (&quot;Bakanl\u0131k&quot;) ba\u011fl\u0131 Kamu Mali Y\u00f6netim ve D\u00f6n\u00fc\u015f\u00fcm Genel M\u00fcd\u00fcrl\u00fc\u011f\u00fc&#039;n\u00fcn yay\u0131nlad\u0131\u011f\u0131 5 Ocak 2024 tarihli 1 S\u0131ra\" \/>\n<meta property=\"og:url\" content=\"https:\/\/www.esin.av.tr\/tr\/2024\/01\/09\/kidem-tazminati-tavan-miktari-guncellendi\/\" \/>\n<meta property=\"og:site_name\" content=\"Esin Avukatl\u0131k Ortakl\u0131\u011f\u0131\" \/>\n<meta property=\"article:published_time\" content=\"2024-01-09T09:04:13+00:00\" \/>\n<meta name=\"author\" content=\"R\u0131dvan Konrat\" \/>\n<meta name=\"twitter:card\" content=\"summary_large_image\" \/>\n<meta name=\"twitter:label1\" content=\"Written by\" \/>\n\t<meta name=\"twitter:data1\" content=\"R\u0131dvan Konrat\" \/>\n\t<meta name=\"twitter:label2\" content=\"Est. reading time\" \/>\n\t<meta name=\"twitter:data2\" content=\"1 minute\" \/>\n<script type=\"application\/ld+json\" class=\"yoast-schema-graph\">{\"@context\":\"https:\/\/schema.org\",\"@graph\":[{\"@type\":\"Article\",\"@id\":\"https:\/\/www.esin.av.tr\/tr\/2024\/01\/09\/kidem-tazminati-tavan-miktari-guncellendi\/#article\",\"isPartOf\":{\"@id\":\"https:\/\/www.esin.av.tr\/tr\/2024\/01\/09\/kidem-tazminati-tavan-miktari-guncellendi\/\"},\"author\":{\"name\":\"R\u0131dvan Konrat\",\"@id\":\"https:\/\/www.esin.av.tr\/tr\/#\/schema\/person\/42c8e616aab56b8622fa365ad63282ae\"},\"headline\":\"K\u0131dem Tazminat\u0131 Tavan Miktar\u0131 G\u00fcncellendi\",\"datePublished\":\"2024-01-09T09:04:13+00:00\",\"dateModified\":\"2024-01-09T09:04:13+00:00\",\"mainEntityOfPage\":{\"@id\":\"https:\/\/www.esin.av.tr\/tr\/2024\/01\/09\/kidem-tazminati-tavan-miktari-guncellendi\/\"},\"wordCount\":234,\"publisher\":{\"@id\":\"https:\/\/www.esin.av.tr\/tr\/#organization\"},\"keywords\":[\"\u0130\u015f Hukuku\"],\"articleSection\":[\"Hukuk B\u00fcltenleri\"],\"inLanguage\":\"tr\"},{\"@type\":\"WebPage\",\"@id\":\"https:\/\/www.esin.av.tr\/tr\/2024\/01\/09\/kidem-tazminati-tavan-miktari-guncellendi\/\",\"url\":\"https:\/\/www.esin.av.tr\/tr\/2024\/01\/09\/kidem-tazminati-tavan-miktari-guncellendi\/\",\"name\":\"K\u0131dem Tazminat\u0131 Tavan Miktar\u0131 G\u00fcncellendi\",\"isPartOf\":{\"@id\":\"https:\/\/www.esin.av.tr\/tr\/#website\"},\"datePublished\":\"2024-01-09T09:04:13+00:00\",\"dateModified\":\"2024-01-09T09:04:13+00:00\",\"description\":\"Yeni Geli\u015fme Hazine ve Maliye Bakanl\u0131\u011f\u0131'na (\\\"Bakanl\u0131k\\\") ba\u011fl\u0131 Kamu Mali Y\u00f6netim ve D\u00f6n\u00fc\u015f\u00fcm Genel M\u00fcd\u00fcrl\u00fc\u011f\u00fc'n\u00fcn yay\u0131nlad\u0131\u011f\u0131 5 Ocak 2024 tarihli 1 S\u0131ra\",\"breadcrumb\":{\"@id\":\"https:\/\/www.esin.av.tr\/tr\/2024\/01\/09\/kidem-tazminati-tavan-miktari-guncellendi\/#breadcrumb\"},\"inLanguage\":\"tr\",\"potentialAction\":[{\"@type\":\"ReadAction\",\"target\":[\"https:\/\/www.esin.av.tr\/tr\/2024\/01\/09\/kidem-tazminati-tavan-miktari-guncellendi\/\"]}]},{\"@type\":\"BreadcrumbList\",\"@id\":\"https:\/\/www.esin.av.tr\/tr\/2024\/01\/09\/kidem-tazminati-tavan-miktari-guncellendi\/#breadcrumb\",\"itemListElement\":[{\"@type\":\"ListItem\",\"position\":1,\"name\":\"Home\",\"item\":\"https:\/\/www.esin.av.tr\/tr\/\"},{\"@type\":\"ListItem\",\"position\":2,\"name\":\"K\u0131dem Tazminat\u0131 Tavan Miktar\u0131 G\u00fcncellendi\"}]},{\"@type\":\"WebSite\",\"@id\":\"https:\/\/www.esin.av.tr\/tr\/#website\",\"url\":\"https:\/\/www.esin.av.tr\/tr\/\",\"name\":\"Esin Avukatl\u0131k Ortakl\u0131\u011f\u0131\",\"description\":\"\",\"publisher\":{\"@id\":\"https:\/\/www.esin.av.tr\/tr\/#organization\"},\"potentialAction\":[{\"@type\":\"SearchAction\",\"target\":{\"@type\":\"EntryPoint\",\"urlTemplate\":\"https:\/\/www.esin.av.tr\/tr\/?s={search_term_string}\"},\"query-input\":{\"@type\":\"PropertyValueSpecification\",\"valueRequired\":true,\"valueName\":\"search_term_string\"}}],\"inLanguage\":\"tr\"},{\"@type\":\"Organization\",\"@id\":\"https:\/\/www.esin.av.tr\/tr\/#organization\",\"name\":\"Esin Avukatl\u0131k Ortakl\u0131\u011f\u0131\",\"url\":\"https:\/\/www.esin.av.tr\/tr\/\",\"logo\":{\"@type\":\"ImageObject\",\"inLanguage\":\"tr\",\"@id\":\"https:\/\/www.esin.av.tr\/tr\/#\/schema\/logo\/image\/\",\"url\":\"https:\/\/www.esin.av.tr\/wp-content\/uploads\/2021\/09\/esin-2.jpg\",\"contentUrl\":\"https:\/\/www.esin.av.tr\/wp-content\/uploads\/2021\/09\/esin-2.jpg\",\"width\":800,\"height\":460,\"caption\":\"Esin Avukatl\u0131k Ortakl\u0131\u011f\u0131\"},\"image\":{\"@id\":\"https:\/\/www.esin.av.tr\/tr\/#\/schema\/logo\/image\/\"}},{\"@type\":\"Person\",\"@id\":\"https:\/\/www.esin.av.tr\/tr\/#\/schema\/person\/42c8e616aab56b8622fa365ad63282ae\",\"name\":\"R\u0131dvan Konrat\",\"image\":{\"@type\":\"ImageObject\",\"inLanguage\":\"tr\",\"@id\":\"https:\/\/www.esin.av.tr\/tr\/#\/schema\/person\/image\/\",\"url\":\"https:\/\/secure.gravatar.com\/avatar\/b20c6c583be38ed4e76e32f69fccc676?s=96&d=mm&r=g\",\"contentUrl\":\"https:\/\/secure.gravatar.com\/avatar\/b20c6c583be38ed4e76e32f69fccc676?s=96&d=mm&r=g\",\"caption\":\"R\u0131dvan Konrat\"},\"sameAs\":[\"http:\/\/www.esin.av.tr\"],\"url\":\"https:\/\/www.esin.av.tr\/tr\/author\/rkonrat\/\"}]}<\/script>\n<!-- \/ Yoast SEO plugin. -->","yoast_head_json":{"title":"K\u0131dem Tazminat\u0131 Tavan Miktar\u0131 G\u00fcncellendi","description":"Yeni Geli\u015fme Hazine ve Maliye Bakanl\u0131\u011f\u0131'na (\"Bakanl\u0131k\") ba\u011fl\u0131 Kamu Mali Y\u00f6netim ve D\u00f6n\u00fc\u015f\u00fcm Genel M\u00fcd\u00fcrl\u00fc\u011f\u00fc'n\u00fcn yay\u0131nlad\u0131\u011f\u0131 5 Ocak 2024 tarihli 1 S\u0131ra","robots":{"index":"index","follow":"follow","max-snippet":"max-snippet:-1","max-image-preview":"max-image-preview:large","max-video-preview":"max-video-preview:-1"},"canonical":"https:\/\/www.esin.av.tr\/tr\/2024\/01\/09\/kidem-tazminati-tavan-miktari-guncellendi\/","og_locale":"tr_TR","og_type":"article","og_title":"K\u0131dem Tazminat\u0131 Tavan Miktar\u0131 G\u00fcncellendi","og_description":"Yeni Geli\u015fme Hazine ve Maliye Bakanl\u0131\u011f\u0131'na (\"Bakanl\u0131k\") ba\u011fl\u0131 Kamu Mali Y\u00f6netim ve D\u00f6n\u00fc\u015f\u00fcm Genel M\u00fcd\u00fcrl\u00fc\u011f\u00fc'n\u00fcn yay\u0131nlad\u0131\u011f\u0131 5 Ocak 2024 tarihli 1 S\u0131ra","og_url":"https:\/\/www.esin.av.tr\/tr\/2024\/01\/09\/kidem-tazminati-tavan-miktari-guncellendi\/","og_site_name":"Esin Avukatl\u0131k Ortakl\u0131\u011f\u0131","article_published_time":"2024-01-09T09:04:13+00:00","author":"R\u0131dvan Konrat","twitter_card":"summary_large_image","twitter_misc":{"Written by":"R\u0131dvan Konrat","Est. reading time":"1 minute"},"schema":{"@context":"https:\/\/schema.org","@graph":[{"@type":"Article","@id":"https:\/\/www.esin.av.tr\/tr\/2024\/01\/09\/kidem-tazminati-tavan-miktari-guncellendi\/#article","isPartOf":{"@id":"https:\/\/www.esin.av.tr\/tr\/2024\/01\/09\/kidem-tazminati-tavan-miktari-guncellendi\/"},"author":{"name":"R\u0131dvan Konrat","@id":"https:\/\/www.esin.av.tr\/tr\/#\/schema\/person\/42c8e616aab56b8622fa365ad63282ae"},"headline":"K\u0131dem Tazminat\u0131 Tavan Miktar\u0131 G\u00fcncellendi","datePublished":"2024-01-09T09:04:13+00:00","dateModified":"2024-01-09T09:04:13+00:00","mainEntityOfPage":{"@id":"https:\/\/www.esin.av.tr\/tr\/2024\/01\/09\/kidem-tazminati-tavan-miktari-guncellendi\/"},"wordCount":234,"publisher":{"@id":"https:\/\/www.esin.av.tr\/tr\/#organization"},"keywords":["\u0130\u015f Hukuku"],"articleSection":["Hukuk B\u00fcltenleri"],"inLanguage":"tr"},{"@type":"WebPage","@id":"https:\/\/www.esin.av.tr\/tr\/2024\/01\/09\/kidem-tazminati-tavan-miktari-guncellendi\/","url":"https:\/\/www.esin.av.tr\/tr\/2024\/01\/09\/kidem-tazminati-tavan-miktari-guncellendi\/","name":"K\u0131dem Tazminat\u0131 Tavan Miktar\u0131 G\u00fcncellendi","isPartOf":{"@id":"https:\/\/www.esin.av.tr\/tr\/#website"},"datePublished":"2024-01-09T09:04:13+00:00","dateModified":"2024-01-09T09:04:13+00:00","description":"Yeni Geli\u015fme Hazine ve Maliye Bakanl\u0131\u011f\u0131'na (\"Bakanl\u0131k\") ba\u011fl\u0131 Kamu Mali Y\u00f6netim ve D\u00f6n\u00fc\u015f\u00fcm Genel M\u00fcd\u00fcrl\u00fc\u011f\u00fc'n\u00fcn yay\u0131nlad\u0131\u011f\u0131 5 Ocak 2024 tarihli 1 S\u0131ra","breadcrumb":{"@id":"https:\/\/www.esin.av.tr\/tr\/2024\/01\/09\/kidem-tazminati-tavan-miktari-guncellendi\/#breadcrumb"},"inLanguage":"tr","potentialAction":[{"@type":"ReadAction","target":["https:\/\/www.esin.av.tr\/tr\/2024\/01\/09\/kidem-tazminati-tavan-miktari-guncellendi\/"]}]},{"@type":"BreadcrumbList","@id":"https:\/\/www.esin.av.tr\/tr\/2024\/01\/09\/kidem-tazminati-tavan-miktari-guncellendi\/#breadcrumb","itemListElement":[{"@type":"ListItem","position":1,"name":"Home","item":"https:\/\/www.esin.av.tr\/tr\/"},{"@type":"ListItem","position":2,"name":"K\u0131dem Tazminat\u0131 Tavan Miktar\u0131 G\u00fcncellendi"}]},{"@type":"WebSite","@id":"https:\/\/www.esin.av.tr\/tr\/#website","url":"https:\/\/www.esin.av.tr\/tr\/","name":"Esin Avukatl\u0131k Ortakl\u0131\u011f\u0131","description":"","publisher":{"@id":"https:\/\/www.esin.av.tr\/tr\/#organization"},"potentialAction":[{"@type":"SearchAction","target":{"@type":"EntryPoint","urlTemplate":"https:\/\/www.esin.av.tr\/tr\/?s={search_term_string}"},"query-input":{"@type":"PropertyValueSpecification","valueRequired":true,"valueName":"search_term_string"}}],"inLanguage":"tr"},{"@type":"Organization","@id":"https:\/\/www.esin.av.tr\/tr\/#organization","name":"Esin Avukatl\u0131k Ortakl\u0131\u011f\u0131","url":"https:\/\/www.esin.av.tr\/tr\/","logo":{"@type":"ImageObject","inLanguage":"tr","@id":"https:\/\/www.esin.av.tr\/tr\/#\/schema\/logo\/image\/","url":"https:\/\/www.esin.av.tr\/wp-content\/uploads\/2021\/09\/esin-2.jpg","contentUrl":"https:\/\/www.esin.av.tr\/wp-content\/uploads\/2021\/09\/esin-2.jpg","width":800,"height":460,"caption":"Esin Avukatl\u0131k Ortakl\u0131\u011f\u0131"},"image":{"@id":"https:\/\/www.esin.av.tr\/tr\/#\/schema\/logo\/image\/"}},{"@type":"Person","@id":"https:\/\/www.esin.av.tr\/tr\/#\/schema\/person\/42c8e616aab56b8622fa365ad63282ae","name":"R\u0131dvan Konrat","image":{"@type":"ImageObject","inLanguage":"tr","@id":"https:\/\/www.esin.av.tr\/tr\/#\/schema\/person\/image\/","url":"https:\/\/secure.gravatar.com\/avatar\/b20c6c583be38ed4e76e32f69fccc676?s=96&d=mm&r=g","contentUrl":"https:\/\/secure.gravatar.com\/avatar\/b20c6c583be38ed4e76e32f69fccc676?s=96&d=mm&r=g","caption":"R\u0131dvan Konrat"},"sameAs":["http:\/\/www.esin.av.tr"],"url":"https:\/\/www.esin.av.tr\/tr\/author\/rkonrat\/"}]}},"_links":{"self":[{"href":"https:\/\/www.esin.av.tr\/tr\/wp-json\/wp\/v2\/posts\/26957","targetHints":{"allow":["GET"]}}],"collection":[{"href":"https:\/\/www.esin.av.tr\/tr\/wp-json\/wp\/v2\/posts"}],"about":[{"href":"https:\/\/www.esin.av.tr\/tr\/wp-json\/wp\/v2\/types\/post"}],"author":[{"embeddable":true,"href":"https:\/\/www.esin.av.tr\/tr\/wp-json\/wp\/v2\/users\/4"}],"replies":[{"embeddable":true,"href":"https:\/\/www.esin.av.tr\/tr\/wp-json\/wp\/v2\/comments?post=26957"}],"version-history":[{"count":1,"href":"https:\/\/www.esin.av.tr\/tr\/wp-json\/wp\/v2\/posts\/26957\/revisions"}],"predecessor-version":[{"id":26958,"href":"https:\/\/www.esin.av.tr\/tr\/wp-json\/wp\/v2\/posts\/26957\/revisions\/26958"}],"wp:attachment":[{"href":"https:\/\/www.esin.av.tr\/tr\/wp-json\/wp\/v2\/media?parent=26957"}],"wp:term":[{"taxonomy":"category","embeddable":true,"href":"https:\/\/www.esin.av.tr\/tr\/wp-json\/wp\/v2\/categories?post=26957"},{"taxonomy":"post_tag","embeddable":true,"href":"https:\/\/www.esin.av.tr\/tr\/wp-json\/wp\/v2\/tags?post=26957"}],"curies":[{"name":"wp","href":"https:\/\/api.w.org\/{rel}","templated":true}]}}