{"id":26938,"date":"2024-01-04T07:50:08","date_gmt":"2024-01-04T07:50:08","guid":{"rendered":"https:\/\/www.esin.av.tr\/?p=26938"},"modified":"2024-01-04T07:50:08","modified_gmt":"2024-01-04T07:50:08","slug":"2024-yili-icin-asgari-ucret-belirlendi","status":"publish","type":"post","link":"https:\/\/www.esin.av.tr\/tr\/2024\/01\/04\/2024-yili-icin-asgari-ucret-belirlendi\/","title":{"rendered":"2024 y\u0131l\u0131 i\u00e7in asgari \u00fccret belirlendi"},"content":{"rendered":"<h3><strong>Yeni Geli\u015fmeler<\/strong><\/h3>\n<p>\u0130\u015f Kanunu\u2019nun 39. Maddesi ve Asgari \u00dccret Y\u00f6netmeli\u011fi\u2019nin 11. Maddesi uyar\u0131nca, Asgari \u00dccret Tespit Komisyonu (\u201c<strong>Komisyon<\/strong>\u201c) 2024 y\u0131l\u0131nda uygulanacak asgari \u00fccret tutar\u0131na ili\u015fkin karar alm\u0131\u015ft\u0131r. Komisyon\u2019un 27 Aral\u0131k 2023 tarihli karar\u0131 uyar\u0131nca yeni asgari \u00fccret ve yeni asgari \u00fccret deste\u011fi belirlenmi\u015ftir. S\u00f6z konusu karar, 30 Aral\u0131k 2023 tarihli Resmi Gazete\u2019de yay\u0131mlanm\u0131\u015ft\u0131r.<\/p>\n<p>Komisyon karar\u0131 ile belirlenen yeni asgari \u00fccret ve yeni asgari \u00fccret deste\u011fi, 1 Ocak 2024 tarihinden itibaren ge\u00e7erlidir.<\/p>\n<h3><strong>Komisyon karar\u0131 neleri d\u00fczenliyor?<\/strong><\/h3>\n<p>1 Ocak 2024 tarihi itibariyle ayl\u0131k asgari \u00fccret net 17.002,50 TL, br\u00fct 20.002,50 TL olmu\u015ftur. \u0130\u015fveren i\u00e7in ayl\u0131k toplam br\u00fct maliyet ise 23.502,94 TL olarak g\u00fcncellenmi\u015ftir. Ayr\u0131ca 2024 y\u0131l\u0131 i\u00e7in ge\u00e7erli olacak asgari \u00fccret deste\u011finin 700 TL olarak g\u00fcncellenmesine karar verilmi\u015ftir. Bu tutarlar, yeni bir Komisyon karar\u0131 al\u0131nmad\u0131\u011f\u0131 s\u00fcrece 31 Aral\u0131k 2024 tarihine dek ge\u00e7erli olacakt\u0131r.<\/p>\n<h3><strong>Sonu\u00e7<\/strong><\/h3>\n<p>Komisyon karar\u0131 kapsam\u0131nda i\u015fverenlerin, \u00e7al\u0131\u015fanlar\u0131n\u0131n \u00fccretlerini g\u00f6zden ge\u00e7irmesini ve gerekti\u011fi takdirde, \u00fccretleri an\u0131lan karar ile uyumlu olacak \u015fekilde revize etmesini tavsiye ederiz.<\/p>\n","protected":false},"excerpt":{"rendered":"<p>Yeni Geli\u015fmeler \u0130\u015f Kanunu\u2019nun 39. Maddesi ve Asgari \u00dccret Y\u00f6netmeli\u011fi\u2019nin 11. Maddesi uyar\u0131nca, Asgari \u00dccret Tespit Komisyonu (\u201cKomisyon\u201c) 2024 y\u0131l\u0131nda [&hellip;]<\/p>\n","protected":false},"author":4,"featured_media":0,"comment_status":"closed","ping_status":"closed","sticky":false,"template":"","format":"standard","meta":{"_acf_changed":false,"_stopmodifiedupdate":false,"_modified_date":"","footnotes":""},"categories":[120],"tags":[101],"class_list":["post-26938","post","type-post","status-publish","format-standard","hentry","category-legal-alerts","tag-employment-tr"],"acf":[],"yoast_head":"<!-- This site is optimized with the Yoast SEO plugin v24.0 - https:\/\/yoast.com\/wordpress\/plugins\/seo\/ -->\n<title>2024 y\u0131l\u0131 i\u00e7in asgari \u00fccret belirlendi<\/title>\n<meta name=\"description\" content=\"Yeni Geli\u015fmeler \u0130\u015f Kanunu\u2019nun 39. Maddesi ve Asgari \u00dccret Y\u00f6netmeli\u011fi\u2019nin 11. Maddesi uyar\u0131nca, Asgari \u00dccret Tespit Komisyonu (\u201cKomisyon\u201c) 2024 y\u0131l\u0131nda\" \/>\n<meta name=\"robots\" content=\"index, follow, max-snippet:-1, max-image-preview:large, max-video-preview:-1\" \/>\n<link rel=\"canonical\" href=\"https:\/\/www.esin.av.tr\/tr\/2024\/01\/04\/2024-yili-icin-asgari-ucret-belirlendi\/\" \/>\n<meta property=\"og:locale\" content=\"tr_TR\" \/>\n<meta property=\"og:type\" content=\"article\" \/>\n<meta property=\"og:title\" content=\"2024 y\u0131l\u0131 i\u00e7in asgari \u00fccret belirlendi\" \/>\n<meta property=\"og:description\" content=\"Yeni Geli\u015fmeler \u0130\u015f Kanunu\u2019nun 39. Maddesi ve Asgari \u00dccret Y\u00f6netmeli\u011fi\u2019nin 11. Maddesi uyar\u0131nca, Asgari \u00dccret Tespit Komisyonu (\u201cKomisyon\u201c) 2024 y\u0131l\u0131nda\" \/>\n<meta property=\"og:url\" content=\"https:\/\/www.esin.av.tr\/tr\/2024\/01\/04\/2024-yili-icin-asgari-ucret-belirlendi\/\" \/>\n<meta property=\"og:site_name\" content=\"Esin Avukatl\u0131k Ortakl\u0131\u011f\u0131\" \/>\n<meta property=\"article:published_time\" content=\"2024-01-04T07:50:08+00:00\" \/>\n<meta name=\"author\" content=\"R\u0131dvan Konrat\" \/>\n<meta name=\"twitter:card\" content=\"summary_large_image\" \/>\n<meta name=\"twitter:label1\" content=\"Written by\" \/>\n\t<meta name=\"twitter:data1\" content=\"R\u0131dvan Konrat\" \/>\n\t<meta name=\"twitter:label2\" content=\"Est. reading time\" \/>\n\t<meta name=\"twitter:data2\" content=\"1 minute\" \/>\n<script type=\"application\/ld+json\" class=\"yoast-schema-graph\">{\"@context\":\"https:\/\/schema.org\",\"@graph\":[{\"@type\":\"Article\",\"@id\":\"https:\/\/www.esin.av.tr\/tr\/2024\/01\/04\/2024-yili-icin-asgari-ucret-belirlendi\/#article\",\"isPartOf\":{\"@id\":\"https:\/\/www.esin.av.tr\/tr\/2024\/01\/04\/2024-yili-icin-asgari-ucret-belirlendi\/\"},\"author\":{\"name\":\"R\u0131dvan Konrat\",\"@id\":\"https:\/\/www.esin.av.tr\/tr\/#\/schema\/person\/42c8e616aab56b8622fa365ad63282ae\"},\"headline\":\"2024 y\u0131l\u0131 i\u00e7in asgari \u00fccret belirlendi\",\"datePublished\":\"2024-01-04T07:50:08+00:00\",\"dateModified\":\"2024-01-04T07:50:08+00:00\",\"mainEntityOfPage\":{\"@id\":\"https:\/\/www.esin.av.tr\/tr\/2024\/01\/04\/2024-yili-icin-asgari-ucret-belirlendi\/\"},\"wordCount\":197,\"publisher\":{\"@id\":\"https:\/\/www.esin.av.tr\/tr\/#organization\"},\"keywords\":[\"\u0130\u015f Hukuku\"],\"articleSection\":[\"Hukuk B\u00fcltenleri\"],\"inLanguage\":\"tr\"},{\"@type\":\"WebPage\",\"@id\":\"https:\/\/www.esin.av.tr\/tr\/2024\/01\/04\/2024-yili-icin-asgari-ucret-belirlendi\/\",\"url\":\"https:\/\/www.esin.av.tr\/tr\/2024\/01\/04\/2024-yili-icin-asgari-ucret-belirlendi\/\",\"name\":\"2024 y\u0131l\u0131 i\u00e7in asgari \u00fccret belirlendi\",\"isPartOf\":{\"@id\":\"https:\/\/www.esin.av.tr\/tr\/#website\"},\"datePublished\":\"2024-01-04T07:50:08+00:00\",\"dateModified\":\"2024-01-04T07:50:08+00:00\",\"description\":\"Yeni Geli\u015fmeler \u0130\u015f Kanunu\u2019nun 39. Maddesi ve Asgari \u00dccret Y\u00f6netmeli\u011fi\u2019nin 11. Maddesi uyar\u0131nca, Asgari \u00dccret Tespit Komisyonu (\u201cKomisyon\u201c) 2024 y\u0131l\u0131nda\",\"breadcrumb\":{\"@id\":\"https:\/\/www.esin.av.tr\/tr\/2024\/01\/04\/2024-yili-icin-asgari-ucret-belirlendi\/#breadcrumb\"},\"inLanguage\":\"tr\",\"potentialAction\":[{\"@type\":\"ReadAction\",\"target\":[\"https:\/\/www.esin.av.tr\/tr\/2024\/01\/04\/2024-yili-icin-asgari-ucret-belirlendi\/\"]}]},{\"@type\":\"BreadcrumbList\",\"@id\":\"https:\/\/www.esin.av.tr\/tr\/2024\/01\/04\/2024-yili-icin-asgari-ucret-belirlendi\/#breadcrumb\",\"itemListElement\":[{\"@type\":\"ListItem\",\"position\":1,\"name\":\"Home\",\"item\":\"https:\/\/www.esin.av.tr\/tr\/\"},{\"@type\":\"ListItem\",\"position\":2,\"name\":\"2024 y\u0131l\u0131 i\u00e7in asgari \u00fccret belirlendi\"}]},{\"@type\":\"WebSite\",\"@id\":\"https:\/\/www.esin.av.tr\/tr\/#website\",\"url\":\"https:\/\/www.esin.av.tr\/tr\/\",\"name\":\"Esin Avukatl\u0131k Ortakl\u0131\u011f\u0131\",\"description\":\"\",\"publisher\":{\"@id\":\"https:\/\/www.esin.av.tr\/tr\/#organization\"},\"potentialAction\":[{\"@type\":\"SearchAction\",\"target\":{\"@type\":\"EntryPoint\",\"urlTemplate\":\"https:\/\/www.esin.av.tr\/tr\/?s={search_term_string}\"},\"query-input\":{\"@type\":\"PropertyValueSpecification\",\"valueRequired\":true,\"valueName\":\"search_term_string\"}}],\"inLanguage\":\"tr\"},{\"@type\":\"Organization\",\"@id\":\"https:\/\/www.esin.av.tr\/tr\/#organization\",\"name\":\"Esin Avukatl\u0131k Ortakl\u0131\u011f\u0131\",\"url\":\"https:\/\/www.esin.av.tr\/tr\/\",\"logo\":{\"@type\":\"ImageObject\",\"inLanguage\":\"tr\",\"@id\":\"https:\/\/www.esin.av.tr\/tr\/#\/schema\/logo\/image\/\",\"url\":\"https:\/\/www.esin.av.tr\/wp-content\/uploads\/2021\/09\/esin-2.jpg\",\"contentUrl\":\"https:\/\/www.esin.av.tr\/wp-content\/uploads\/2021\/09\/esin-2.jpg\",\"width\":800,\"height\":460,\"caption\":\"Esin Avukatl\u0131k Ortakl\u0131\u011f\u0131\"},\"image\":{\"@id\":\"https:\/\/www.esin.av.tr\/tr\/#\/schema\/logo\/image\/\"}},{\"@type\":\"Person\",\"@id\":\"https:\/\/www.esin.av.tr\/tr\/#\/schema\/person\/42c8e616aab56b8622fa365ad63282ae\",\"name\":\"R\u0131dvan Konrat\",\"image\":{\"@type\":\"ImageObject\",\"inLanguage\":\"tr\",\"@id\":\"https:\/\/www.esin.av.tr\/tr\/#\/schema\/person\/image\/\",\"url\":\"https:\/\/secure.gravatar.com\/avatar\/b20c6c583be38ed4e76e32f69fccc676?s=96&d=mm&r=g\",\"contentUrl\":\"https:\/\/secure.gravatar.com\/avatar\/b20c6c583be38ed4e76e32f69fccc676?s=96&d=mm&r=g\",\"caption\":\"R\u0131dvan Konrat\"},\"sameAs\":[\"http:\/\/www.esin.av.tr\"],\"url\":\"https:\/\/www.esin.av.tr\/tr\/author\/rkonrat\/\"}]}<\/script>\n<!-- \/ Yoast SEO plugin. -->","yoast_head_json":{"title":"2024 y\u0131l\u0131 i\u00e7in asgari \u00fccret belirlendi","description":"Yeni Geli\u015fmeler \u0130\u015f Kanunu\u2019nun 39. Maddesi ve Asgari \u00dccret Y\u00f6netmeli\u011fi\u2019nin 11. Maddesi uyar\u0131nca, Asgari \u00dccret Tespit Komisyonu (\u201cKomisyon\u201c) 2024 y\u0131l\u0131nda","robots":{"index":"index","follow":"follow","max-snippet":"max-snippet:-1","max-image-preview":"max-image-preview:large","max-video-preview":"max-video-preview:-1"},"canonical":"https:\/\/www.esin.av.tr\/tr\/2024\/01\/04\/2024-yili-icin-asgari-ucret-belirlendi\/","og_locale":"tr_TR","og_type":"article","og_title":"2024 y\u0131l\u0131 i\u00e7in asgari \u00fccret belirlendi","og_description":"Yeni Geli\u015fmeler \u0130\u015f Kanunu\u2019nun 39. Maddesi ve Asgari \u00dccret Y\u00f6netmeli\u011fi\u2019nin 11. Maddesi uyar\u0131nca, Asgari \u00dccret Tespit Komisyonu (\u201cKomisyon\u201c) 2024 y\u0131l\u0131nda","og_url":"https:\/\/www.esin.av.tr\/tr\/2024\/01\/04\/2024-yili-icin-asgari-ucret-belirlendi\/","og_site_name":"Esin Avukatl\u0131k Ortakl\u0131\u011f\u0131","article_published_time":"2024-01-04T07:50:08+00:00","author":"R\u0131dvan Konrat","twitter_card":"summary_large_image","twitter_misc":{"Written by":"R\u0131dvan Konrat","Est. reading time":"1 minute"},"schema":{"@context":"https:\/\/schema.org","@graph":[{"@type":"Article","@id":"https:\/\/www.esin.av.tr\/tr\/2024\/01\/04\/2024-yili-icin-asgari-ucret-belirlendi\/#article","isPartOf":{"@id":"https:\/\/www.esin.av.tr\/tr\/2024\/01\/04\/2024-yili-icin-asgari-ucret-belirlendi\/"},"author":{"name":"R\u0131dvan Konrat","@id":"https:\/\/www.esin.av.tr\/tr\/#\/schema\/person\/42c8e616aab56b8622fa365ad63282ae"},"headline":"2024 y\u0131l\u0131 i\u00e7in asgari \u00fccret belirlendi","datePublished":"2024-01-04T07:50:08+00:00","dateModified":"2024-01-04T07:50:08+00:00","mainEntityOfPage":{"@id":"https:\/\/www.esin.av.tr\/tr\/2024\/01\/04\/2024-yili-icin-asgari-ucret-belirlendi\/"},"wordCount":197,"publisher":{"@id":"https:\/\/www.esin.av.tr\/tr\/#organization"},"keywords":["\u0130\u015f Hukuku"],"articleSection":["Hukuk B\u00fcltenleri"],"inLanguage":"tr"},{"@type":"WebPage","@id":"https:\/\/www.esin.av.tr\/tr\/2024\/01\/04\/2024-yili-icin-asgari-ucret-belirlendi\/","url":"https:\/\/www.esin.av.tr\/tr\/2024\/01\/04\/2024-yili-icin-asgari-ucret-belirlendi\/","name":"2024 y\u0131l\u0131 i\u00e7in asgari \u00fccret belirlendi","isPartOf":{"@id":"https:\/\/www.esin.av.tr\/tr\/#website"},"datePublished":"2024-01-04T07:50:08+00:00","dateModified":"2024-01-04T07:50:08+00:00","description":"Yeni Geli\u015fmeler \u0130\u015f Kanunu\u2019nun 39. Maddesi ve Asgari \u00dccret Y\u00f6netmeli\u011fi\u2019nin 11. Maddesi uyar\u0131nca, Asgari \u00dccret Tespit Komisyonu (\u201cKomisyon\u201c) 2024 y\u0131l\u0131nda","breadcrumb":{"@id":"https:\/\/www.esin.av.tr\/tr\/2024\/01\/04\/2024-yili-icin-asgari-ucret-belirlendi\/#breadcrumb"},"inLanguage":"tr","potentialAction":[{"@type":"ReadAction","target":["https:\/\/www.esin.av.tr\/tr\/2024\/01\/04\/2024-yili-icin-asgari-ucret-belirlendi\/"]}]},{"@type":"BreadcrumbList","@id":"https:\/\/www.esin.av.tr\/tr\/2024\/01\/04\/2024-yili-icin-asgari-ucret-belirlendi\/#breadcrumb","itemListElement":[{"@type":"ListItem","position":1,"name":"Home","item":"https:\/\/www.esin.av.tr\/tr\/"},{"@type":"ListItem","position":2,"name":"2024 y\u0131l\u0131 i\u00e7in asgari \u00fccret belirlendi"}]},{"@type":"WebSite","@id":"https:\/\/www.esin.av.tr\/tr\/#website","url":"https:\/\/www.esin.av.tr\/tr\/","name":"Esin Avukatl\u0131k Ortakl\u0131\u011f\u0131","description":"","publisher":{"@id":"https:\/\/www.esin.av.tr\/tr\/#organization"},"potentialAction":[{"@type":"SearchAction","target":{"@type":"EntryPoint","urlTemplate":"https:\/\/www.esin.av.tr\/tr\/?s={search_term_string}"},"query-input":{"@type":"PropertyValueSpecification","valueRequired":true,"valueName":"search_term_string"}}],"inLanguage":"tr"},{"@type":"Organization","@id":"https:\/\/www.esin.av.tr\/tr\/#organization","name":"Esin Avukatl\u0131k Ortakl\u0131\u011f\u0131","url":"https:\/\/www.esin.av.tr\/tr\/","logo":{"@type":"ImageObject","inLanguage":"tr","@id":"https:\/\/www.esin.av.tr\/tr\/#\/schema\/logo\/image\/","url":"https:\/\/www.esin.av.tr\/wp-content\/uploads\/2021\/09\/esin-2.jpg","contentUrl":"https:\/\/www.esin.av.tr\/wp-content\/uploads\/2021\/09\/esin-2.jpg","width":800,"height":460,"caption":"Esin Avukatl\u0131k Ortakl\u0131\u011f\u0131"},"image":{"@id":"https:\/\/www.esin.av.tr\/tr\/#\/schema\/logo\/image\/"}},{"@type":"Person","@id":"https:\/\/www.esin.av.tr\/tr\/#\/schema\/person\/42c8e616aab56b8622fa365ad63282ae","name":"R\u0131dvan Konrat","image":{"@type":"ImageObject","inLanguage":"tr","@id":"https:\/\/www.esin.av.tr\/tr\/#\/schema\/person\/image\/","url":"https:\/\/secure.gravatar.com\/avatar\/b20c6c583be38ed4e76e32f69fccc676?s=96&d=mm&r=g","contentUrl":"https:\/\/secure.gravatar.com\/avatar\/b20c6c583be38ed4e76e32f69fccc676?s=96&d=mm&r=g","caption":"R\u0131dvan Konrat"},"sameAs":["http:\/\/www.esin.av.tr"],"url":"https:\/\/www.esin.av.tr\/tr\/author\/rkonrat\/"}]}},"_links":{"self":[{"href":"https:\/\/www.esin.av.tr\/tr\/wp-json\/wp\/v2\/posts\/26938","targetHints":{"allow":["GET"]}}],"collection":[{"href":"https:\/\/www.esin.av.tr\/tr\/wp-json\/wp\/v2\/posts"}],"about":[{"href":"https:\/\/www.esin.av.tr\/tr\/wp-json\/wp\/v2\/types\/post"}],"author":[{"embeddable":true,"href":"https:\/\/www.esin.av.tr\/tr\/wp-json\/wp\/v2\/users\/4"}],"replies":[{"embeddable":true,"href":"https:\/\/www.esin.av.tr\/tr\/wp-json\/wp\/v2\/comments?post=26938"}],"version-history":[{"count":1,"href":"https:\/\/www.esin.av.tr\/tr\/wp-json\/wp\/v2\/posts\/26938\/revisions"}],"predecessor-version":[{"id":26939,"href":"https:\/\/www.esin.av.tr\/tr\/wp-json\/wp\/v2\/posts\/26938\/revisions\/26939"}],"wp:attachment":[{"href":"https:\/\/www.esin.av.tr\/tr\/wp-json\/wp\/v2\/media?parent=26938"}],"wp:term":[{"taxonomy":"category","embeddable":true,"href":"https:\/\/www.esin.av.tr\/tr\/wp-json\/wp\/v2\/categories?post=26938"},{"taxonomy":"post_tag","embeddable":true,"href":"https:\/\/www.esin.av.tr\/tr\/wp-json\/wp\/v2\/tags?post=26938"}],"curies":[{"name":"wp","href":"https:\/\/api.w.org\/{rel}","templated":true}]}}