{"id":26934,"date":"2024-01-03T11:53:49","date_gmt":"2024-01-03T11:53:49","guid":{"rendered":"https:\/\/www.esin.av.tr\/?p=26934"},"modified":"2024-01-03T11:53:49","modified_gmt":"2024-01-03T11:53:49","slug":"yeni-yil-yeni-halka-arz-sartlari","status":"publish","type":"post","link":"https:\/\/www.esin.av.tr\/tr\/2024\/01\/03\/yeni-yil-yeni-halka-arz-sartlari\/","title":{"rendered":"Yeni Y\u0131l, Yeni Halka Arz \u015eartlar\u0131"},"content":{"rendered":"<h3><strong>Yeni Geli\u015fmeler<\/strong><\/h3>\n<p>Sermaye Piyasas\u0131 Kurulu (\u201c<strong>SPK<\/strong>\u201c), 29 Aral\u0131k 2023 tarih ve 2023\/82 say\u0131l\u0131 Sermaye Piyasas\u0131 Kurulu B\u00fclteni\u2019nde yay\u0131mlanan karar\u0131 (\u201c<strong>Karar<\/strong>\u201c) ile halka arz i\u00e7in sa\u011flanmas\u0131 gereken finansal e\u015fikleri y\u00fckseltti. Yeniden de\u011ferleme kapsam\u0131nda y\u00fckseltilen e\u015fik tutarlar\u0131 ile birlikte halka arz \u015fartlar\u0131 a\u011f\u0131rla\u015ft\u0131.<\/p>\n<h3><strong>Karar Neler Getiriyor?<\/strong><\/h3>\n<p>Karar uyar\u0131nca:<\/p>\n<p>1.\u00a0Kay\u0131tl\u0131 sermaye sistemine ge\u00e7ecek \u015firketlerin ba\u015flang\u0131\u00e7 sermayelerinin en az 100.000.000 TL olmas\u0131 gerekecek.<\/p>\n<p>2.\u00a0\u0130lk defa halka arz edilecek \u015firketlerin, SPK d\u00fczenlemelerine uygun olarak haz\u0131rlanm\u0131\u015f ve \u00f6zel ba\u011f\u0131ms\u0131z denetimden ge\u00e7mi\u015f finansal tablolar\u0131na g\u00f6re:<\/p>\n<ul>\n<li>2022 tarihli finansal tablolarda aktif toplam\u0131n\u0131n en az 450.000.000 TL ve net sat\u0131\u015f has\u0131lat\u0131n\u0131n en az 270.000.000 TL;<\/li>\n<li>2023 tarihli finansal tablolarda aktif toplam\u0131n\u0131n en az 1.500.000.000 TL ve net sat\u0131\u015f has\u0131lat\u0131n\u0131n en az 750.000.000 TL<\/li>\n<\/ul>\n<p>olmas\u0131 gerekecek.<\/p>\n<p>3. \u015eirketlerin ek sat\u0131\u015f hari\u00e7 halka arz edilecek paylar\u0131n\u0131n halka arz fiyat\u0131 baz al\u0131narak hesaplanacak piyasa de\u011ferinin 500.000.000 TL\u2019nin alt\u0131nda olmas\u0131 durumunda, halka arz edilecek paylar\u0131n nominal de\u011ferinin %25\u2019ine tekab\u00fcl eden paylar\u0131n, ortaklar\u0131n yeni pay alma haklar\u0131 tamamen k\u0131s\u0131tlanarak sat\u0131\u015fa haz\u0131r bekletilmesi gerekecek. Bu halka arzlarda \u015firketlerin kay\u0131tl\u0131 sermaye sistemine ge\u00e7mi\u015f olmas\u0131 zorunlu olacak.<\/p>\n<p>4.\u00a0\u015eirketlerin ek sat\u0131\u015f hari\u00e7 halka arz edilecek paylar\u0131n\u0131n halka arz fiyat\u0131 baz al\u0131narak hesaplanacak piyasa de\u011ferinin:<\/p>\n<ul>\n<li>400.000.000 TL\u2019nin alt\u0131nda olmas\u0131 durumunda sat\u0131lamayan paylar\u0131n tamam\u0131;<\/li>\n<li>400.000.000 TL ile 800.000.000 TL aras\u0131nda olmas\u0131 durumunda ise sat\u0131lamayan paylar\u0131n 400.000.000 TL\u2019ye kadar olan k\u0131sm\u0131n\u0131n tamam\u0131, bunu a\u015fan k\u0131sm\u0131n ise yar\u0131s\u0131 i\u00e7in<\/li>\n<\/ul>\n<p>arac\u0131 kurulu\u015flar\u0131n halka arz fiyat\u0131 \u00fczerinden bu paylar\u0131 sat\u0131n alaca\u011f\u0131na ili\u015fkin olarak \u015firkete kar\u015f\u0131 y\u00fcklenimde bulunmas\u0131 gerekecek.<\/p>\n<p>Bu \u015fartlar 31 Aral\u0131k 2023 tarihine kadar yap\u0131lm\u0131\u015f olan ba\u015fvurulara uygulanmayacak olup, s\u00f6z konusu ba\u015fvurular i\u00e7in ba\u015fvuru tarihinde y\u00fcr\u00fcrl\u00fckte olan de\u011ferler uygulanmaya devam edecektir.<\/p>\n<h3><strong>Sonu\u00e7<\/strong><\/h3>\n<p>Sermaye piyasas\u0131 mevzuat\u0131 d\u00fczenlemelerinde yer alan halka arza ili\u015fkin e\u015fik tutarlar\u0131n yeniden de\u011ferleme kapsam\u0131nda y\u00fckseltilmesiyle birlikte halka arz \u015fartlar\u0131 a\u011f\u0131rla\u015ft\u0131.<\/p>\n","protected":false},"excerpt":{"rendered":"<p>Yeni Geli\u015fmeler Sermaye Piyasas\u0131 Kurulu (\u201cSPK\u201c), 29 Aral\u0131k 2023 tarih ve 2023\/82 say\u0131l\u0131 Sermaye Piyasas\u0131 Kurulu B\u00fclteni\u2019nde yay\u0131mlanan karar\u0131 (\u201cKarar\u201c) [&hellip;]<\/p>\n","protected":false},"author":4,"featured_media":0,"comment_status":"closed","ping_status":"closed","sticky":false,"template":"","format":"standard","meta":{"_acf_changed":false,"_stopmodifiedupdate":false,"_modified_date":"","footnotes":""},"categories":[120],"tags":[97],"class_list":["post-26934","post","type-post","status-publish","format-standard","hentry","category-legal-alerts","tag-capital-markets-tr"],"acf":[],"yoast_head":"<!-- This site is optimized with the Yoast SEO plugin v24.0 - https:\/\/yoast.com\/wordpress\/plugins\/seo\/ -->\n<title>Yeni Y\u0131l, Yeni Halka Arz \u015eartlar\u0131<\/title>\n<meta name=\"description\" content=\"Yeni Geli\u015fmeler Sermaye Piyasas\u0131 Kurulu (\u201cSPK\u201c), 29 Aral\u0131k 2023 tarih ve 2023\/82 say\u0131l\u0131 Sermaye Piyasas\u0131 Kurulu B\u00fclteni\u2019nde yay\u0131mlanan karar\u0131 (\u201cKarar\u201c)\" \/>\n<meta name=\"robots\" content=\"index, follow, max-snippet:-1, max-image-preview:large, max-video-preview:-1\" \/>\n<link rel=\"canonical\" href=\"https:\/\/www.esin.av.tr\/tr\/2024\/01\/03\/yeni-yil-yeni-halka-arz-sartlari\/\" \/>\n<meta property=\"og:locale\" content=\"tr_TR\" \/>\n<meta property=\"og:type\" content=\"article\" \/>\n<meta property=\"og:title\" content=\"Yeni Y\u0131l, Yeni Halka Arz \u015eartlar\u0131\" \/>\n<meta property=\"og:description\" content=\"Yeni Geli\u015fmeler Sermaye Piyasas\u0131 Kurulu (\u201cSPK\u201c), 29 Aral\u0131k 2023 tarih ve 2023\/82 say\u0131l\u0131 Sermaye Piyasas\u0131 Kurulu B\u00fclteni\u2019nde yay\u0131mlanan karar\u0131 (\u201cKarar\u201c)\" \/>\n<meta property=\"og:url\" content=\"https:\/\/www.esin.av.tr\/tr\/2024\/01\/03\/yeni-yil-yeni-halka-arz-sartlari\/\" \/>\n<meta property=\"og:site_name\" content=\"Esin Avukatl\u0131k Ortakl\u0131\u011f\u0131\" \/>\n<meta property=\"article:published_time\" content=\"2024-01-03T11:53:49+00:00\" \/>\n<meta name=\"author\" content=\"R\u0131dvan Konrat\" \/>\n<meta name=\"twitter:card\" content=\"summary_large_image\" \/>\n<meta name=\"twitter:label1\" content=\"Written by\" \/>\n\t<meta name=\"twitter:data1\" content=\"R\u0131dvan Konrat\" \/>\n\t<meta name=\"twitter:label2\" content=\"Est. reading time\" \/>\n\t<meta name=\"twitter:data2\" content=\"2 minutes\" \/>\n<script type=\"application\/ld+json\" class=\"yoast-schema-graph\">{\"@context\":\"https:\/\/schema.org\",\"@graph\":[{\"@type\":\"Article\",\"@id\":\"https:\/\/www.esin.av.tr\/tr\/2024\/01\/03\/yeni-yil-yeni-halka-arz-sartlari\/#article\",\"isPartOf\":{\"@id\":\"https:\/\/www.esin.av.tr\/tr\/2024\/01\/03\/yeni-yil-yeni-halka-arz-sartlari\/\"},\"author\":{\"name\":\"R\u0131dvan Konrat\",\"@id\":\"https:\/\/www.esin.av.tr\/tr\/#\/schema\/person\/42c8e616aab56b8622fa365ad63282ae\"},\"headline\":\"Yeni Y\u0131l, Yeni Halka Arz \u015eartlar\u0131\",\"datePublished\":\"2024-01-03T11:53:49+00:00\",\"dateModified\":\"2024-01-03T11:53:49+00:00\",\"mainEntityOfPage\":{\"@id\":\"https:\/\/www.esin.av.tr\/tr\/2024\/01\/03\/yeni-yil-yeni-halka-arz-sartlari\/\"},\"wordCount\":368,\"publisher\":{\"@id\":\"https:\/\/www.esin.av.tr\/tr\/#organization\"},\"keywords\":[\"Sermaye Piyasas\u0131 Hukuku\"],\"articleSection\":[\"Hukuk B\u00fcltenleri\"],\"inLanguage\":\"tr\"},{\"@type\":\"WebPage\",\"@id\":\"https:\/\/www.esin.av.tr\/tr\/2024\/01\/03\/yeni-yil-yeni-halka-arz-sartlari\/\",\"url\":\"https:\/\/www.esin.av.tr\/tr\/2024\/01\/03\/yeni-yil-yeni-halka-arz-sartlari\/\",\"name\":\"Yeni Y\u0131l, Yeni Halka Arz \u015eartlar\u0131\",\"isPartOf\":{\"@id\":\"https:\/\/www.esin.av.tr\/tr\/#website\"},\"datePublished\":\"2024-01-03T11:53:49+00:00\",\"dateModified\":\"2024-01-03T11:53:49+00:00\",\"description\":\"Yeni Geli\u015fmeler Sermaye Piyasas\u0131 Kurulu (\u201cSPK\u201c), 29 Aral\u0131k 2023 tarih ve 2023\/82 say\u0131l\u0131 Sermaye Piyasas\u0131 Kurulu B\u00fclteni\u2019nde yay\u0131mlanan karar\u0131 (\u201cKarar\u201c)\",\"breadcrumb\":{\"@id\":\"https:\/\/www.esin.av.tr\/tr\/2024\/01\/03\/yeni-yil-yeni-halka-arz-sartlari\/#breadcrumb\"},\"inLanguage\":\"tr\",\"potentialAction\":[{\"@type\":\"ReadAction\",\"target\":[\"https:\/\/www.esin.av.tr\/tr\/2024\/01\/03\/yeni-yil-yeni-halka-arz-sartlari\/\"]}]},{\"@type\":\"BreadcrumbList\",\"@id\":\"https:\/\/www.esin.av.tr\/tr\/2024\/01\/03\/yeni-yil-yeni-halka-arz-sartlari\/#breadcrumb\",\"itemListElement\":[{\"@type\":\"ListItem\",\"position\":1,\"name\":\"Home\",\"item\":\"https:\/\/www.esin.av.tr\/tr\/\"},{\"@type\":\"ListItem\",\"position\":2,\"name\":\"Yeni Y\u0131l, Yeni Halka Arz \u015eartlar\u0131\"}]},{\"@type\":\"WebSite\",\"@id\":\"https:\/\/www.esin.av.tr\/tr\/#website\",\"url\":\"https:\/\/www.esin.av.tr\/tr\/\",\"name\":\"Esin Avukatl\u0131k Ortakl\u0131\u011f\u0131\",\"description\":\"\",\"publisher\":{\"@id\":\"https:\/\/www.esin.av.tr\/tr\/#organization\"},\"potentialAction\":[{\"@type\":\"SearchAction\",\"target\":{\"@type\":\"EntryPoint\",\"urlTemplate\":\"https:\/\/www.esin.av.tr\/tr\/?s={search_term_string}\"},\"query-input\":{\"@type\":\"PropertyValueSpecification\",\"valueRequired\":true,\"valueName\":\"search_term_string\"}}],\"inLanguage\":\"tr\"},{\"@type\":\"Organization\",\"@id\":\"https:\/\/www.esin.av.tr\/tr\/#organization\",\"name\":\"Esin Avukatl\u0131k Ortakl\u0131\u011f\u0131\",\"url\":\"https:\/\/www.esin.av.tr\/tr\/\",\"logo\":{\"@type\":\"ImageObject\",\"inLanguage\":\"tr\",\"@id\":\"https:\/\/www.esin.av.tr\/tr\/#\/schema\/logo\/image\/\",\"url\":\"https:\/\/www.esin.av.tr\/wp-content\/uploads\/2021\/09\/esin-2.jpg\",\"contentUrl\":\"https:\/\/www.esin.av.tr\/wp-content\/uploads\/2021\/09\/esin-2.jpg\",\"width\":800,\"height\":460,\"caption\":\"Esin Avukatl\u0131k Ortakl\u0131\u011f\u0131\"},\"image\":{\"@id\":\"https:\/\/www.esin.av.tr\/tr\/#\/schema\/logo\/image\/\"}},{\"@type\":\"Person\",\"@id\":\"https:\/\/www.esin.av.tr\/tr\/#\/schema\/person\/42c8e616aab56b8622fa365ad63282ae\",\"name\":\"R\u0131dvan Konrat\",\"image\":{\"@type\":\"ImageObject\",\"inLanguage\":\"tr\",\"@id\":\"https:\/\/www.esin.av.tr\/tr\/#\/schema\/person\/image\/\",\"url\":\"https:\/\/secure.gravatar.com\/avatar\/b20c6c583be38ed4e76e32f69fccc676?s=96&d=mm&r=g\",\"contentUrl\":\"https:\/\/secure.gravatar.com\/avatar\/b20c6c583be38ed4e76e32f69fccc676?s=96&d=mm&r=g\",\"caption\":\"R\u0131dvan Konrat\"},\"sameAs\":[\"http:\/\/www.esin.av.tr\"],\"url\":\"https:\/\/www.esin.av.tr\/tr\/author\/rkonrat\/\"}]}<\/script>\n<!-- \/ Yoast SEO plugin. -->","yoast_head_json":{"title":"Yeni Y\u0131l, Yeni Halka Arz \u015eartlar\u0131","description":"Yeni Geli\u015fmeler Sermaye Piyasas\u0131 Kurulu (\u201cSPK\u201c), 29 Aral\u0131k 2023 tarih ve 2023\/82 say\u0131l\u0131 Sermaye Piyasas\u0131 Kurulu B\u00fclteni\u2019nde yay\u0131mlanan karar\u0131 (\u201cKarar\u201c)","robots":{"index":"index","follow":"follow","max-snippet":"max-snippet:-1","max-image-preview":"max-image-preview:large","max-video-preview":"max-video-preview:-1"},"canonical":"https:\/\/www.esin.av.tr\/tr\/2024\/01\/03\/yeni-yil-yeni-halka-arz-sartlari\/","og_locale":"tr_TR","og_type":"article","og_title":"Yeni Y\u0131l, Yeni Halka Arz \u015eartlar\u0131","og_description":"Yeni Geli\u015fmeler Sermaye Piyasas\u0131 Kurulu (\u201cSPK\u201c), 29 Aral\u0131k 2023 tarih ve 2023\/82 say\u0131l\u0131 Sermaye Piyasas\u0131 Kurulu B\u00fclteni\u2019nde yay\u0131mlanan karar\u0131 (\u201cKarar\u201c)","og_url":"https:\/\/www.esin.av.tr\/tr\/2024\/01\/03\/yeni-yil-yeni-halka-arz-sartlari\/","og_site_name":"Esin Avukatl\u0131k Ortakl\u0131\u011f\u0131","article_published_time":"2024-01-03T11:53:49+00:00","author":"R\u0131dvan Konrat","twitter_card":"summary_large_image","twitter_misc":{"Written by":"R\u0131dvan Konrat","Est. reading time":"2 minutes"},"schema":{"@context":"https:\/\/schema.org","@graph":[{"@type":"Article","@id":"https:\/\/www.esin.av.tr\/tr\/2024\/01\/03\/yeni-yil-yeni-halka-arz-sartlari\/#article","isPartOf":{"@id":"https:\/\/www.esin.av.tr\/tr\/2024\/01\/03\/yeni-yil-yeni-halka-arz-sartlari\/"},"author":{"name":"R\u0131dvan Konrat","@id":"https:\/\/www.esin.av.tr\/tr\/#\/schema\/person\/42c8e616aab56b8622fa365ad63282ae"},"headline":"Yeni Y\u0131l, Yeni Halka Arz \u015eartlar\u0131","datePublished":"2024-01-03T11:53:49+00:00","dateModified":"2024-01-03T11:53:49+00:00","mainEntityOfPage":{"@id":"https:\/\/www.esin.av.tr\/tr\/2024\/01\/03\/yeni-yil-yeni-halka-arz-sartlari\/"},"wordCount":368,"publisher":{"@id":"https:\/\/www.esin.av.tr\/tr\/#organization"},"keywords":["Sermaye Piyasas\u0131 Hukuku"],"articleSection":["Hukuk B\u00fcltenleri"],"inLanguage":"tr"},{"@type":"WebPage","@id":"https:\/\/www.esin.av.tr\/tr\/2024\/01\/03\/yeni-yil-yeni-halka-arz-sartlari\/","url":"https:\/\/www.esin.av.tr\/tr\/2024\/01\/03\/yeni-yil-yeni-halka-arz-sartlari\/","name":"Yeni Y\u0131l, Yeni Halka Arz \u015eartlar\u0131","isPartOf":{"@id":"https:\/\/www.esin.av.tr\/tr\/#website"},"datePublished":"2024-01-03T11:53:49+00:00","dateModified":"2024-01-03T11:53:49+00:00","description":"Yeni Geli\u015fmeler Sermaye Piyasas\u0131 Kurulu (\u201cSPK\u201c), 29 Aral\u0131k 2023 tarih ve 2023\/82 say\u0131l\u0131 Sermaye Piyasas\u0131 Kurulu B\u00fclteni\u2019nde yay\u0131mlanan karar\u0131 (\u201cKarar\u201c)","breadcrumb":{"@id":"https:\/\/www.esin.av.tr\/tr\/2024\/01\/03\/yeni-yil-yeni-halka-arz-sartlari\/#breadcrumb"},"inLanguage":"tr","potentialAction":[{"@type":"ReadAction","target":["https:\/\/www.esin.av.tr\/tr\/2024\/01\/03\/yeni-yil-yeni-halka-arz-sartlari\/"]}]},{"@type":"BreadcrumbList","@id":"https:\/\/www.esin.av.tr\/tr\/2024\/01\/03\/yeni-yil-yeni-halka-arz-sartlari\/#breadcrumb","itemListElement":[{"@type":"ListItem","position":1,"name":"Home","item":"https:\/\/www.esin.av.tr\/tr\/"},{"@type":"ListItem","position":2,"name":"Yeni Y\u0131l, Yeni Halka Arz \u015eartlar\u0131"}]},{"@type":"WebSite","@id":"https:\/\/www.esin.av.tr\/tr\/#website","url":"https:\/\/www.esin.av.tr\/tr\/","name":"Esin Avukatl\u0131k Ortakl\u0131\u011f\u0131","description":"","publisher":{"@id":"https:\/\/www.esin.av.tr\/tr\/#organization"},"potentialAction":[{"@type":"SearchAction","target":{"@type":"EntryPoint","urlTemplate":"https:\/\/www.esin.av.tr\/tr\/?s={search_term_string}"},"query-input":{"@type":"PropertyValueSpecification","valueRequired":true,"valueName":"search_term_string"}}],"inLanguage":"tr"},{"@type":"Organization","@id":"https:\/\/www.esin.av.tr\/tr\/#organization","name":"Esin Avukatl\u0131k Ortakl\u0131\u011f\u0131","url":"https:\/\/www.esin.av.tr\/tr\/","logo":{"@type":"ImageObject","inLanguage":"tr","@id":"https:\/\/www.esin.av.tr\/tr\/#\/schema\/logo\/image\/","url":"https:\/\/www.esin.av.tr\/wp-content\/uploads\/2021\/09\/esin-2.jpg","contentUrl":"https:\/\/www.esin.av.tr\/wp-content\/uploads\/2021\/09\/esin-2.jpg","width":800,"height":460,"caption":"Esin Avukatl\u0131k Ortakl\u0131\u011f\u0131"},"image":{"@id":"https:\/\/www.esin.av.tr\/tr\/#\/schema\/logo\/image\/"}},{"@type":"Person","@id":"https:\/\/www.esin.av.tr\/tr\/#\/schema\/person\/42c8e616aab56b8622fa365ad63282ae","name":"R\u0131dvan Konrat","image":{"@type":"ImageObject","inLanguage":"tr","@id":"https:\/\/www.esin.av.tr\/tr\/#\/schema\/person\/image\/","url":"https:\/\/secure.gravatar.com\/avatar\/b20c6c583be38ed4e76e32f69fccc676?s=96&d=mm&r=g","contentUrl":"https:\/\/secure.gravatar.com\/avatar\/b20c6c583be38ed4e76e32f69fccc676?s=96&d=mm&r=g","caption":"R\u0131dvan Konrat"},"sameAs":["http:\/\/www.esin.av.tr"],"url":"https:\/\/www.esin.av.tr\/tr\/author\/rkonrat\/"}]}},"_links":{"self":[{"href":"https:\/\/www.esin.av.tr\/tr\/wp-json\/wp\/v2\/posts\/26934","targetHints":{"allow":["GET"]}}],"collection":[{"href":"https:\/\/www.esin.av.tr\/tr\/wp-json\/wp\/v2\/posts"}],"about":[{"href":"https:\/\/www.esin.av.tr\/tr\/wp-json\/wp\/v2\/types\/post"}],"author":[{"embeddable":true,"href":"https:\/\/www.esin.av.tr\/tr\/wp-json\/wp\/v2\/users\/4"}],"replies":[{"embeddable":true,"href":"https:\/\/www.esin.av.tr\/tr\/wp-json\/wp\/v2\/comments?post=26934"}],"version-history":[{"count":1,"href":"https:\/\/www.esin.av.tr\/tr\/wp-json\/wp\/v2\/posts\/26934\/revisions"}],"predecessor-version":[{"id":26935,"href":"https:\/\/www.esin.av.tr\/tr\/wp-json\/wp\/v2\/posts\/26934\/revisions\/26935"}],"wp:attachment":[{"href":"https:\/\/www.esin.av.tr\/tr\/wp-json\/wp\/v2\/media?parent=26934"}],"wp:term":[{"taxonomy":"category","embeddable":true,"href":"https:\/\/www.esin.av.tr\/tr\/wp-json\/wp\/v2\/categories?post=26934"},{"taxonomy":"post_tag","embeddable":true,"href":"https:\/\/www.esin.av.tr\/tr\/wp-json\/wp\/v2\/tags?post=26934"}],"curies":[{"name":"wp","href":"https:\/\/api.w.org\/{rel}","templated":true}]}}