{"id":26930,"date":"2024-01-03T09:26:12","date_gmt":"2024-01-03T09:26:12","guid":{"rendered":"https:\/\/www.esin.av.tr\/?p=26930"},"modified":"2024-01-03T09:26:12","modified_gmt":"2024-01-03T09:26:12","slug":"beseri-tibbi-urunlerin-fiyatlandirilmasina-dair-kararda-degisiklik-2","status":"publish","type":"post","link":"https:\/\/www.esin.av.tr\/tr\/2024\/01\/03\/beseri-tibbi-urunlerin-fiyatlandirilmasina-dair-kararda-degisiklik-2\/","title":{"rendered":"Be\u015feri T\u0131bbi \u00dcr\u00fcnlerin Fiyatland\u0131r\u0131lmas\u0131na Dair Karar&#8217;da De\u011fi\u015fiklik"},"content":{"rendered":"<h3><strong>Yeni Geli\u015fme<\/strong><\/h3>\n<p>Cumhurba\u015fkanl\u0131\u011f\u0131, 16 Aral\u0131k 2023 tarihinde Be\u015feri T\u0131bbi \u00dcr\u00fcnlerin Fiyatland\u0131r\u0131lmas\u0131na Dair Kararda De\u011fi\u015fiklik Yap\u0131lmas\u0131 Hakk\u0131nda Karar&#8217;\u0131 (&#8220;<strong>Karar<\/strong>&#8220;) yay\u0131mlad\u0131. Karar kapsam\u0131nda getirilen de\u011fi\u015fiklikler 25 Aral\u0131k 2023 tarihi itibar\u0131yla y\u00fcr\u00fcrl\u00fc\u011fe girmi\u015ftir. Karar&#8217;a\u00a0<a href=\"https:\/\/urldefense.com\/v3\/__https:\/esinxchange.com\/collect\/click.aspx?u=QlRuVFVyNlhHK0YyU2ZqeGlwY21OTURLckdQOHI2SzNxbkxlVjd4SDZtT2dYUVBxQ3NzdTBDV0ZsSVdNN1ozWlVnUFRhTkVDYXZRNkNCcm9naFdwcDEyV3phTzZmbEEwRU1XV0twdFAxRlBxellVLy9VdlRQQT09&amp;rh=ff00bd4a8c3fe49e8e392db9af4eb87726cda6d1__;!!Hj9Y_P0nvg!RSAoy88XBi9Ba1j9XkDbqkLj61Y3MbywhpdNNi63uy7QJtA1i1cwW18vSpEystnPAb0qRXGsFC28IZVNo34maqu4_g$\">buradan\u00a0<\/a>ula\u015fabilirsiniz.<\/p>\n<h3><strong>Karar Neden \u00d6nemli?<\/strong><\/h3>\n<p>Bilindi\u011fi \u00fczere, T\u00fcrkiye\u2019de be\u015feri t\u0131bbi \u00fcr\u00fcnlerin fiyatland\u0131rmas\u0131nda referans fiyatland\u0131rma sistemi uygulanmaktad\u0131r. Bu kapsamda, Sa\u011fl\u0131k Bakanl\u0131\u011f\u0131 taraf\u0131ndan Be\u015feri T\u0131bbi \u00dcr\u00fcnlerin Fiyatland\u0131r\u0131lmas\u0131 Hakk\u0131nda Tebli\u011f ile Avrupa Birli\u011fi \u00fcyeleri aras\u0131ndan belirlenen kaynak \u00fclkelerde ilgili \u00fcr\u00fcn i\u00e7in belirlenen en d\u00fc\u015f\u00fck depocuya sat\u0131\u015f fiyat\u0131 T\u00fcrkiye i\u00e7in en y\u00fcksek depocuya sat\u0131\u015f fiyat\u0131 olarak esas al\u0131nmaktad\u0131r. Referans al\u0131nan fiyat, d\u00f6viz kurundaki dalgalanmalardan etkilenmemesi ad\u0131na her y\u0131l Fiyat De\u011ferleme Komisyonu taraf\u0131ndan ilan edilen sabit bir Avro de\u011feri \u00fczerinden T\u00fcrk Liras\u0131na \u00e7evrilmektedir. Bu sebeple, Fiyat De\u011ferleme Komisyonu taraf\u0131ndan her y\u0131l\u0131n ilk 45 g\u00fcn\u00fc i\u00e7erisinde ilan edilecek ve be\u015feri t\u0131bbi \u00fcr\u00fcnlerin fiyatland\u0131r\u0131lmas\u0131nda kullan\u0131lacak 1 Avro de\u011feri sekt\u00f6rdeki payda\u015flar taraf\u0131ndan yak\u0131ndan takip edilmektedir.<\/p>\n<h3><strong>Ne De\u011fi\u015fecek?<\/strong><\/h3>\n<p>Karar ile yap\u0131lan ba\u015fl\u0131ca de\u011fi\u015fiklikler a\u015fa\u011f\u0131daki gibidir:<\/p>\n<ul>\n<li>\u0130la\u00e7lar haricindeki \u00fcr\u00fcnlerin perakende sat\u0131\u015f fiyat\u0131 belirlenirken uygulanacak depocu kar oranlar\u0131 a\u015fa\u011f\u0131daki \u015fekilde de\u011fi\u015ftirilmi\u015ftir;\n<ul>\n<li>100 TL&#8217;ye kadar olan k\u0131s\u0131m i\u00e7in (100 TL dahil) %8,<\/li>\n<li>100-200 TL aras\u0131nda kalan k\u0131s\u0131m i\u00e7in (200 TL dahil) %6,<\/li>\n<li>200 TL \u00fcst\u00fcnde kalan k\u0131s\u0131m i\u00e7in %3<\/li>\n<\/ul>\n<\/li>\n<li>Be\u015feri t\u0131bbi \u00fcr\u00fcnlerin fiyatland\u0131r\u0131lmas\u0131nda kullan\u0131lacak T\u00fcrk Liras\u0131 cinsinden 1 (bir) Avro de\u011feri %25 art\u0131r\u0131larak 17,5483 TL olarak de\u011fi\u015ftirilmi\u015ftir.<\/li>\n<li>Barem de\u011ferleri, Avro de\u011ferinde yap\u0131lan de\u011fi\u015fiklik oran\u0131nda g\u00fcncellenerek fiyat korumal\u0131 \u00fcr\u00fcnlerde 60,51 TL ve di\u011fer \u00fcr\u00fcnlerde 31,62 TL olarak de\u011fi\u015ftirilmi\u015ftir.<\/li>\n<li>Art\u0131\u015f uygulan\u0131rken, geri \u00f6demesiz \u00fcr\u00fcnler hari\u00e7 olmak kayd\u0131yla, Detayl\u0131 \u0130la\u00e7 Fiyat Listesinde yer alan ve Depocuya Sat\u0131\u015f Fiyat\u0131 (DSP) 55,90 TL (55,90 TL dahil) \u00fcst\u00fcnde olan \u00fcr\u00fcnler i\u00e7in 4 TL&#8217;ye kadar verilmi\u015f olan art\u0131\u015flardan halihaz\u0131rda kalanlar, Avro de\u011feri g\u00fcncellemesi s\u0131ras\u0131nda mahsupla\u015fmadan muaf tutulacakt\u0131r. Kalan art\u0131\u015flar hari\u00e7 olmak \u00fczere d\u00f6nemsel Avro de\u011feri g\u00fcncellemesi yap\u0131lacakt\u0131r. Bu kapsamda, g\u00fcncelleme sonras\u0131nda TL de\u011ferinde de\u011fi\u015fiklik yap\u0131lmadan \u00fcr\u00fcnlerin depocuya sat\u0131\u015f fiyatlar\u0131 \u00fczerine eklenecektir.<\/li>\n<li>Fiyat De\u011ferlendirme Komisyonu, s\u00fcrd\u00fcr\u00fclebilir sa\u011fl\u0131k hizmet sunumunu sa\u011flamak \u00fczere toplumun tamam\u0131n\u0131n veya belli kesimlerinin normal hayat faaliyetlerini etkileyen veya etkileyece\u011fi \u00f6ng\u00f6r\u00fclen tedarik problemlerinde, T\u0130TCK&#8217;n\u0131n daveti \u00fczerine toplanarak resen karar alabilecektir.<\/li>\n<\/ul>\n<h3><strong>Sonu\u00e7<\/strong><\/h3>\n<p>Karar&#8217;da yap\u0131lan de\u011fi\u015fiklikler ile be\u015feri t\u0131bbi \u00fcr\u00fcnlerin fiyatland\u0131r\u0131lmas\u0131na ili\u015fkin yeni d\u00fczenlemeler ve e\u015fikler getirilmi\u015ftir. T\u00fcrkiye&#8217;de ila\u00e7lar\u0131n piyasa arz\u0131nda, ithalat\u0131nda veya da\u011f\u0131t\u0131m\u0131nda faaliyet g\u00f6steren t\u00fcm \u015firketler, fiyatland\u0131rma d\u00fczenlemelerinde yap\u0131lan de\u011fi\u015fiklikleri yak\u0131ndan takip etmeli ve mevzuatta yer alan y\u00fck\u00fcml\u00fcl\u00fcklerini yerine getirmelidir.<\/p>\n","protected":false},"excerpt":{"rendered":"<p>Yeni Geli\u015fme Cumhurba\u015fkanl\u0131\u011f\u0131, 16 Aral\u0131k 2023 tarihinde Be\u015feri T\u0131bbi \u00dcr\u00fcnlerin Fiyatland\u0131r\u0131lmas\u0131na Dair Kararda De\u011fi\u015fiklik Yap\u0131lmas\u0131 Hakk\u0131nda Karar&#8217;\u0131 (&#8220;Karar&#8220;) yay\u0131mlad\u0131. Karar [&hellip;]<\/p>\n","protected":false},"author":4,"featured_media":0,"comment_status":"closed","ping_status":"closed","sticky":false,"template":"","format":"standard","meta":{"_acf_changed":false,"_stopmodifiedupdate":false,"_modified_date":"","footnotes":""},"categories":[120],"tags":[92],"class_list":["post-26930","post","type-post","status-publish","format-standard","hentry","category-legal-alerts","tag-healthcare-tr"],"acf":[],"yoast_head":"<!-- This site is optimized with the Yoast SEO plugin v24.0 - https:\/\/yoast.com\/wordpress\/plugins\/seo\/ -->\n<title>Be\u015feri T\u0131bbi \u00dcr\u00fcnlerin Fiyatland\u0131r\u0131lmas\u0131na Dair Karar&#039;da De\u011fi\u015fiklik<\/title>\n<meta name=\"description\" content=\"Yeni Geli\u015fme Cumhurba\u015fkanl\u0131\u011f\u0131, 16 Aral\u0131k 2023 tarihinde Be\u015feri T\u0131bbi \u00dcr\u00fcnlerin Fiyatland\u0131r\u0131lmas\u0131na Dair Kararda De\u011fi\u015fiklik Yap\u0131lmas\u0131 Hakk\u0131nda Karar&#039;\u0131\" \/>\n<meta name=\"robots\" content=\"index, follow, max-snippet:-1, max-image-preview:large, max-video-preview:-1\" \/>\n<link rel=\"canonical\" href=\"https:\/\/www.esin.av.tr\/tr\/2024\/01\/03\/beseri-tibbi-urunlerin-fiyatlandirilmasina-dair-kararda-degisiklik-2\/\" \/>\n<meta property=\"og:locale\" content=\"tr_TR\" \/>\n<meta property=\"og:type\" content=\"article\" \/>\n<meta property=\"og:title\" content=\"Be\u015feri T\u0131bbi \u00dcr\u00fcnlerin Fiyatland\u0131r\u0131lmas\u0131na Dair Karar&#039;da De\u011fi\u015fiklik\" \/>\n<meta property=\"og:description\" content=\"Yeni Geli\u015fme Cumhurba\u015fkanl\u0131\u011f\u0131, 16 Aral\u0131k 2023 tarihinde Be\u015feri T\u0131bbi \u00dcr\u00fcnlerin Fiyatland\u0131r\u0131lmas\u0131na Dair Kararda De\u011fi\u015fiklik Yap\u0131lmas\u0131 Hakk\u0131nda Karar&#039;\u0131\" \/>\n<meta property=\"og:url\" content=\"https:\/\/www.esin.av.tr\/tr\/2024\/01\/03\/beseri-tibbi-urunlerin-fiyatlandirilmasina-dair-kararda-degisiklik-2\/\" \/>\n<meta property=\"og:site_name\" content=\"Esin Avukatl\u0131k Ortakl\u0131\u011f\u0131\" \/>\n<meta property=\"article:published_time\" content=\"2024-01-03T09:26:12+00:00\" \/>\n<meta name=\"author\" content=\"R\u0131dvan Konrat\" \/>\n<meta name=\"twitter:card\" content=\"summary_large_image\" \/>\n<meta name=\"twitter:label1\" content=\"Written by\" \/>\n\t<meta name=\"twitter:data1\" content=\"R\u0131dvan Konrat\" \/>\n\t<meta name=\"twitter:label2\" content=\"Est. reading time\" \/>\n\t<meta name=\"twitter:data2\" content=\"3 minutes\" \/>\n<script type=\"application\/ld+json\" class=\"yoast-schema-graph\">{\"@context\":\"https:\/\/schema.org\",\"@graph\":[{\"@type\":\"Article\",\"@id\":\"https:\/\/www.esin.av.tr\/tr\/2024\/01\/03\/beseri-tibbi-urunlerin-fiyatlandirilmasina-dair-kararda-degisiklik-2\/#article\",\"isPartOf\":{\"@id\":\"https:\/\/www.esin.av.tr\/tr\/2024\/01\/03\/beseri-tibbi-urunlerin-fiyatlandirilmasina-dair-kararda-degisiklik-2\/\"},\"author\":{\"name\":\"R\u0131dvan Konrat\",\"@id\":\"https:\/\/www.esin.av.tr\/tr\/#\/schema\/person\/42c8e616aab56b8622fa365ad63282ae\"},\"headline\":\"Be\u015feri T\u0131bbi \u00dcr\u00fcnlerin Fiyatland\u0131r\u0131lmas\u0131na Dair Karar&#8217;da De\u011fi\u015fiklik\",\"datePublished\":\"2024-01-03T09:26:12+00:00\",\"dateModified\":\"2024-01-03T09:26:12+00:00\",\"mainEntityOfPage\":{\"@id\":\"https:\/\/www.esin.av.tr\/tr\/2024\/01\/03\/beseri-tibbi-urunlerin-fiyatlandirilmasina-dair-kararda-degisiklik-2\/\"},\"wordCount\":572,\"publisher\":{\"@id\":\"https:\/\/www.esin.av.tr\/tr\/#organization\"},\"keywords\":[\"Sa\u011fl\u0131k Hukuku\"],\"articleSection\":[\"Hukuk B\u00fcltenleri\"],\"inLanguage\":\"tr\"},{\"@type\":\"WebPage\",\"@id\":\"https:\/\/www.esin.av.tr\/tr\/2024\/01\/03\/beseri-tibbi-urunlerin-fiyatlandirilmasina-dair-kararda-degisiklik-2\/\",\"url\":\"https:\/\/www.esin.av.tr\/tr\/2024\/01\/03\/beseri-tibbi-urunlerin-fiyatlandirilmasina-dair-kararda-degisiklik-2\/\",\"name\":\"Be\u015feri T\u0131bbi \u00dcr\u00fcnlerin Fiyatland\u0131r\u0131lmas\u0131na Dair Karar'da De\u011fi\u015fiklik\",\"isPartOf\":{\"@id\":\"https:\/\/www.esin.av.tr\/tr\/#website\"},\"datePublished\":\"2024-01-03T09:26:12+00:00\",\"dateModified\":\"2024-01-03T09:26:12+00:00\",\"description\":\"Yeni Geli\u015fme Cumhurba\u015fkanl\u0131\u011f\u0131, 16 Aral\u0131k 2023 tarihinde Be\u015feri T\u0131bbi \u00dcr\u00fcnlerin Fiyatland\u0131r\u0131lmas\u0131na Dair Kararda De\u011fi\u015fiklik Yap\u0131lmas\u0131 Hakk\u0131nda Karar'\u0131\",\"breadcrumb\":{\"@id\":\"https:\/\/www.esin.av.tr\/tr\/2024\/01\/03\/beseri-tibbi-urunlerin-fiyatlandirilmasina-dair-kararda-degisiklik-2\/#breadcrumb\"},\"inLanguage\":\"tr\",\"potentialAction\":[{\"@type\":\"ReadAction\",\"target\":[\"https:\/\/www.esin.av.tr\/tr\/2024\/01\/03\/beseri-tibbi-urunlerin-fiyatlandirilmasina-dair-kararda-degisiklik-2\/\"]}]},{\"@type\":\"BreadcrumbList\",\"@id\":\"https:\/\/www.esin.av.tr\/tr\/2024\/01\/03\/beseri-tibbi-urunlerin-fiyatlandirilmasina-dair-kararda-degisiklik-2\/#breadcrumb\",\"itemListElement\":[{\"@type\":\"ListItem\",\"position\":1,\"name\":\"Home\",\"item\":\"https:\/\/www.esin.av.tr\/tr\/\"},{\"@type\":\"ListItem\",\"position\":2,\"name\":\"Be\u015feri T\u0131bbi \u00dcr\u00fcnlerin Fiyatland\u0131r\u0131lmas\u0131na Dair Karar&#8217;da De\u011fi\u015fiklik\"}]},{\"@type\":\"WebSite\",\"@id\":\"https:\/\/www.esin.av.tr\/tr\/#website\",\"url\":\"https:\/\/www.esin.av.tr\/tr\/\",\"name\":\"Esin Avukatl\u0131k Ortakl\u0131\u011f\u0131\",\"description\":\"\",\"publisher\":{\"@id\":\"https:\/\/www.esin.av.tr\/tr\/#organization\"},\"potentialAction\":[{\"@type\":\"SearchAction\",\"target\":{\"@type\":\"EntryPoint\",\"urlTemplate\":\"https:\/\/www.esin.av.tr\/tr\/?s={search_term_string}\"},\"query-input\":{\"@type\":\"PropertyValueSpecification\",\"valueRequired\":true,\"valueName\":\"search_term_string\"}}],\"inLanguage\":\"tr\"},{\"@type\":\"Organization\",\"@id\":\"https:\/\/www.esin.av.tr\/tr\/#organization\",\"name\":\"Esin Avukatl\u0131k Ortakl\u0131\u011f\u0131\",\"url\":\"https:\/\/www.esin.av.tr\/tr\/\",\"logo\":{\"@type\":\"ImageObject\",\"inLanguage\":\"tr\",\"@id\":\"https:\/\/www.esin.av.tr\/tr\/#\/schema\/logo\/image\/\",\"url\":\"https:\/\/www.esin.av.tr\/wp-content\/uploads\/2021\/09\/esin-2.jpg\",\"contentUrl\":\"https:\/\/www.esin.av.tr\/wp-content\/uploads\/2021\/09\/esin-2.jpg\",\"width\":800,\"height\":460,\"caption\":\"Esin Avukatl\u0131k Ortakl\u0131\u011f\u0131\"},\"image\":{\"@id\":\"https:\/\/www.esin.av.tr\/tr\/#\/schema\/logo\/image\/\"}},{\"@type\":\"Person\",\"@id\":\"https:\/\/www.esin.av.tr\/tr\/#\/schema\/person\/42c8e616aab56b8622fa365ad63282ae\",\"name\":\"R\u0131dvan Konrat\",\"image\":{\"@type\":\"ImageObject\",\"inLanguage\":\"tr\",\"@id\":\"https:\/\/www.esin.av.tr\/tr\/#\/schema\/person\/image\/\",\"url\":\"https:\/\/secure.gravatar.com\/avatar\/b20c6c583be38ed4e76e32f69fccc676?s=96&d=mm&r=g\",\"contentUrl\":\"https:\/\/secure.gravatar.com\/avatar\/b20c6c583be38ed4e76e32f69fccc676?s=96&d=mm&r=g\",\"caption\":\"R\u0131dvan Konrat\"},\"sameAs\":[\"http:\/\/www.esin.av.tr\"],\"url\":\"https:\/\/www.esin.av.tr\/tr\/author\/rkonrat\/\"}]}<\/script>\n<!-- \/ Yoast SEO plugin. -->","yoast_head_json":{"title":"Be\u015feri T\u0131bbi \u00dcr\u00fcnlerin Fiyatland\u0131r\u0131lmas\u0131na Dair Karar'da De\u011fi\u015fiklik","description":"Yeni Geli\u015fme Cumhurba\u015fkanl\u0131\u011f\u0131, 16 Aral\u0131k 2023 tarihinde Be\u015feri T\u0131bbi \u00dcr\u00fcnlerin Fiyatland\u0131r\u0131lmas\u0131na Dair Kararda De\u011fi\u015fiklik Yap\u0131lmas\u0131 Hakk\u0131nda Karar'\u0131","robots":{"index":"index","follow":"follow","max-snippet":"max-snippet:-1","max-image-preview":"max-image-preview:large","max-video-preview":"max-video-preview:-1"},"canonical":"https:\/\/www.esin.av.tr\/tr\/2024\/01\/03\/beseri-tibbi-urunlerin-fiyatlandirilmasina-dair-kararda-degisiklik-2\/","og_locale":"tr_TR","og_type":"article","og_title":"Be\u015feri T\u0131bbi \u00dcr\u00fcnlerin Fiyatland\u0131r\u0131lmas\u0131na Dair Karar'da De\u011fi\u015fiklik","og_description":"Yeni Geli\u015fme Cumhurba\u015fkanl\u0131\u011f\u0131, 16 Aral\u0131k 2023 tarihinde Be\u015feri T\u0131bbi \u00dcr\u00fcnlerin Fiyatland\u0131r\u0131lmas\u0131na Dair Kararda De\u011fi\u015fiklik Yap\u0131lmas\u0131 Hakk\u0131nda Karar'\u0131","og_url":"https:\/\/www.esin.av.tr\/tr\/2024\/01\/03\/beseri-tibbi-urunlerin-fiyatlandirilmasina-dair-kararda-degisiklik-2\/","og_site_name":"Esin Avukatl\u0131k Ortakl\u0131\u011f\u0131","article_published_time":"2024-01-03T09:26:12+00:00","author":"R\u0131dvan Konrat","twitter_card":"summary_large_image","twitter_misc":{"Written by":"R\u0131dvan Konrat","Est. reading time":"3 minutes"},"schema":{"@context":"https:\/\/schema.org","@graph":[{"@type":"Article","@id":"https:\/\/www.esin.av.tr\/tr\/2024\/01\/03\/beseri-tibbi-urunlerin-fiyatlandirilmasina-dair-kararda-degisiklik-2\/#article","isPartOf":{"@id":"https:\/\/www.esin.av.tr\/tr\/2024\/01\/03\/beseri-tibbi-urunlerin-fiyatlandirilmasina-dair-kararda-degisiklik-2\/"},"author":{"name":"R\u0131dvan Konrat","@id":"https:\/\/www.esin.av.tr\/tr\/#\/schema\/person\/42c8e616aab56b8622fa365ad63282ae"},"headline":"Be\u015feri T\u0131bbi \u00dcr\u00fcnlerin Fiyatland\u0131r\u0131lmas\u0131na Dair Karar&#8217;da De\u011fi\u015fiklik","datePublished":"2024-01-03T09:26:12+00:00","dateModified":"2024-01-03T09:26:12+00:00","mainEntityOfPage":{"@id":"https:\/\/www.esin.av.tr\/tr\/2024\/01\/03\/beseri-tibbi-urunlerin-fiyatlandirilmasina-dair-kararda-degisiklik-2\/"},"wordCount":572,"publisher":{"@id":"https:\/\/www.esin.av.tr\/tr\/#organization"},"keywords":["Sa\u011fl\u0131k Hukuku"],"articleSection":["Hukuk B\u00fcltenleri"],"inLanguage":"tr"},{"@type":"WebPage","@id":"https:\/\/www.esin.av.tr\/tr\/2024\/01\/03\/beseri-tibbi-urunlerin-fiyatlandirilmasina-dair-kararda-degisiklik-2\/","url":"https:\/\/www.esin.av.tr\/tr\/2024\/01\/03\/beseri-tibbi-urunlerin-fiyatlandirilmasina-dair-kararda-degisiklik-2\/","name":"Be\u015feri T\u0131bbi \u00dcr\u00fcnlerin Fiyatland\u0131r\u0131lmas\u0131na Dair Karar'da De\u011fi\u015fiklik","isPartOf":{"@id":"https:\/\/www.esin.av.tr\/tr\/#website"},"datePublished":"2024-01-03T09:26:12+00:00","dateModified":"2024-01-03T09:26:12+00:00","description":"Yeni Geli\u015fme Cumhurba\u015fkanl\u0131\u011f\u0131, 16 Aral\u0131k 2023 tarihinde Be\u015feri T\u0131bbi \u00dcr\u00fcnlerin Fiyatland\u0131r\u0131lmas\u0131na Dair Kararda De\u011fi\u015fiklik Yap\u0131lmas\u0131 Hakk\u0131nda Karar'\u0131","breadcrumb":{"@id":"https:\/\/www.esin.av.tr\/tr\/2024\/01\/03\/beseri-tibbi-urunlerin-fiyatlandirilmasina-dair-kararda-degisiklik-2\/#breadcrumb"},"inLanguage":"tr","potentialAction":[{"@type":"ReadAction","target":["https:\/\/www.esin.av.tr\/tr\/2024\/01\/03\/beseri-tibbi-urunlerin-fiyatlandirilmasina-dair-kararda-degisiklik-2\/"]}]},{"@type":"BreadcrumbList","@id":"https:\/\/www.esin.av.tr\/tr\/2024\/01\/03\/beseri-tibbi-urunlerin-fiyatlandirilmasina-dair-kararda-degisiklik-2\/#breadcrumb","itemListElement":[{"@type":"ListItem","position":1,"name":"Home","item":"https:\/\/www.esin.av.tr\/tr\/"},{"@type":"ListItem","position":2,"name":"Be\u015feri T\u0131bbi \u00dcr\u00fcnlerin Fiyatland\u0131r\u0131lmas\u0131na Dair Karar&#8217;da De\u011fi\u015fiklik"}]},{"@type":"WebSite","@id":"https:\/\/www.esin.av.tr\/tr\/#website","url":"https:\/\/www.esin.av.tr\/tr\/","name":"Esin Avukatl\u0131k Ortakl\u0131\u011f\u0131","description":"","publisher":{"@id":"https:\/\/www.esin.av.tr\/tr\/#organization"},"potentialAction":[{"@type":"SearchAction","target":{"@type":"EntryPoint","urlTemplate":"https:\/\/www.esin.av.tr\/tr\/?s={search_term_string}"},"query-input":{"@type":"PropertyValueSpecification","valueRequired":true,"valueName":"search_term_string"}}],"inLanguage":"tr"},{"@type":"Organization","@id":"https:\/\/www.esin.av.tr\/tr\/#organization","name":"Esin Avukatl\u0131k Ortakl\u0131\u011f\u0131","url":"https:\/\/www.esin.av.tr\/tr\/","logo":{"@type":"ImageObject","inLanguage":"tr","@id":"https:\/\/www.esin.av.tr\/tr\/#\/schema\/logo\/image\/","url":"https:\/\/www.esin.av.tr\/wp-content\/uploads\/2021\/09\/esin-2.jpg","contentUrl":"https:\/\/www.esin.av.tr\/wp-content\/uploads\/2021\/09\/esin-2.jpg","width":800,"height":460,"caption":"Esin Avukatl\u0131k Ortakl\u0131\u011f\u0131"},"image":{"@id":"https:\/\/www.esin.av.tr\/tr\/#\/schema\/logo\/image\/"}},{"@type":"Person","@id":"https:\/\/www.esin.av.tr\/tr\/#\/schema\/person\/42c8e616aab56b8622fa365ad63282ae","name":"R\u0131dvan Konrat","image":{"@type":"ImageObject","inLanguage":"tr","@id":"https:\/\/www.esin.av.tr\/tr\/#\/schema\/person\/image\/","url":"https:\/\/secure.gravatar.com\/avatar\/b20c6c583be38ed4e76e32f69fccc676?s=96&d=mm&r=g","contentUrl":"https:\/\/secure.gravatar.com\/avatar\/b20c6c583be38ed4e76e32f69fccc676?s=96&d=mm&r=g","caption":"R\u0131dvan Konrat"},"sameAs":["http:\/\/www.esin.av.tr"],"url":"https:\/\/www.esin.av.tr\/tr\/author\/rkonrat\/"}]}},"_links":{"self":[{"href":"https:\/\/www.esin.av.tr\/tr\/wp-json\/wp\/v2\/posts\/26930","targetHints":{"allow":["GET"]}}],"collection":[{"href":"https:\/\/www.esin.av.tr\/tr\/wp-json\/wp\/v2\/posts"}],"about":[{"href":"https:\/\/www.esin.av.tr\/tr\/wp-json\/wp\/v2\/types\/post"}],"author":[{"embeddable":true,"href":"https:\/\/www.esin.av.tr\/tr\/wp-json\/wp\/v2\/users\/4"}],"replies":[{"embeddable":true,"href":"https:\/\/www.esin.av.tr\/tr\/wp-json\/wp\/v2\/comments?post=26930"}],"version-history":[{"count":1,"href":"https:\/\/www.esin.av.tr\/tr\/wp-json\/wp\/v2\/posts\/26930\/revisions"}],"predecessor-version":[{"id":26931,"href":"https:\/\/www.esin.av.tr\/tr\/wp-json\/wp\/v2\/posts\/26930\/revisions\/26931"}],"wp:attachment":[{"href":"https:\/\/www.esin.av.tr\/tr\/wp-json\/wp\/v2\/media?parent=26930"}],"wp:term":[{"taxonomy":"category","embeddable":true,"href":"https:\/\/www.esin.av.tr\/tr\/wp-json\/wp\/v2\/categories?post=26930"},{"taxonomy":"post_tag","embeddable":true,"href":"https:\/\/www.esin.av.tr\/tr\/wp-json\/wp\/v2\/tags?post=26930"}],"curies":[{"name":"wp","href":"https:\/\/api.w.org\/{rel}","templated":true}]}}