{"id":26908,"date":"2023-12-27T11:05:45","date_gmt":"2023-12-27T11:05:45","guid":{"rendered":"https:\/\/www.esin.av.tr\/?p=26908"},"modified":"2023-12-27T11:05:45","modified_gmt":"2023-12-27T11:05:45","slug":"anayasa-mahkemesi-idari-yargidaki-istinaf-parasal-alt-sinirina-iliskin-hukmu-iptal-etti","status":"publish","type":"post","link":"https:\/\/www.esin.av.tr\/tr\/2023\/12\/27\/anayasa-mahkemesi-idari-yargidaki-istinaf-parasal-alt-sinirina-iliskin-hukmu-iptal-etti\/","title":{"rendered":"Anayasa Mahkemesi, \u0130dari Yarg\u0131daki \u0130stinaf Parasal Alt S\u0131n\u0131r\u0131na \u0130li\u015fkin H\u00fckm\u00fc \u0130ptal Etti."},"content":{"rendered":"<h3><strong>Yeni Geli\u015fme<\/strong><\/h3>\n<p>Anayasa Mahkemesi, 2023\/81 say\u0131l\u0131 ve 26 Ekim 2023 tarihli karar\u0131nda (&#8220;<strong>Karar<\/strong>&#8220;), idari yarg\u0131da istinaf kanun yoluna ba\u015fvuru i\u00e7in getirilen parasal alt s\u0131n\u0131ra ili\u015fkin d\u00fczenlemelerin, istinaf s\u0131n\u0131r\u0131na hangi tarih itibariyle bak\u0131lmas\u0131 gerekti\u011fine dair kanunda bir a\u00e7\u0131kl\u0131k olmamas\u0131 sebebiyle hak arama h\u00fcrriyetine ayk\u0131r\u0131 bularak iptaline karar verdi. Karar, 21 Aral\u0131k 2023 tarihli Resmi Gazete&#8217;de yay\u0131mland\u0131.<\/p>\n<h3><strong>\u0130ptal Konusu Ba\u015fvuru<\/strong><\/h3>\n<p>2577 say\u0131l\u0131 \u0130dari Yarg\u0131lama Usul\u00fc Kanunu (&#8220;<strong>\u0130YUK<\/strong>&#8220;) madde 45\/2&#8217;de yer alan parasal alt s\u0131n\u0131r\u0131n ve bu parasal s\u0131n\u0131r\u0131n her y\u0131l yeniden de\u011ferleme oran\u0131nda artt\u0131r\u0131lmas\u0131na y\u00f6nelik \u0130YUK Ek Madde 1&#8217;de yer alan d\u00fczenlemenin; hukuki belirlilik, hukuki \u00f6ng\u00f6r\u00fclebilirlik ve e\u015fitlik prensiplerine ayk\u0131r\u0131 oldu\u011fu gerek\u00e7esiyle Anayasa&#8217;ya ayk\u0131r\u0131l\u0131k iddias\u0131nda bulunulmu\u015ftur.<\/p>\n<p>\u0130ptali talep edilen d\u00fczenlemeler, idare ve vergi mahkemelerinin kararlar\u0131na kar\u015f\u0131 istinaf kanun yoluna ba\u015fvurulabilmesi i\u00e7in getirilen parasal s\u0131n\u0131r\u0131 d\u00fczenlemektedir. Bu h\u00fck\u00fcm \u00e7er\u00e7evesinde; &#8220;konusu be\u015f bin T\u00fcrk liras\u0131n\u0131 ge\u00e7meyen vergi davalar\u0131, tam yarg\u0131 davalar\u0131 ve idari i\u015flemlere kar\u015f\u0131 a\u00e7\u0131lan iptal davalar\u0131 hakk\u0131nda idare ve vergi mahkemelerince verilen kararlar kesin olup, bunlara kar\u015f\u0131 istinaf kanun yoluna ba\u015fvurulamaz.&#8221;<\/p>\n<p>Anayasa Mahkemesi&#8217;ne yap\u0131lan ba\u015fvuruda; davan\u0131n a\u00e7\u0131ld\u0131\u011f\u0131 ve uyu\u015fmazl\u0131\u011f\u0131n karara ba\u011fland\u0131\u011f\u0131 tarihler aras\u0131nda her y\u0131l yeniden de\u011ferleme oran\u0131na g\u00f6re art\u0131r\u0131lan kanun yoluna ili\u015fkin parasal s\u0131n\u0131r\u0131n de\u011fi\u015febildi\u011fi, bu nedenle dava a\u00e7\u0131ld\u0131\u011f\u0131 tarihte istinaf kanun yoluna ba\u015fvurulabilen bir uyu\u015fmazl\u0131kta, karar tarihi itibariyle parasal s\u0131n\u0131r\u0131n alt\u0131nda kal\u0131nmas\u0131 nedeniyle istinaf hakk\u0131n\u0131n ortadan kalkabildi\u011fi, bu durumun mahkemeye eri\u015fim, h\u00fckm\u00fcn denetlenmesini talep hakk\u0131 ile ba\u011fda\u015fmad\u0131\u011f\u0131 belirtilmi\u015ftir. Ayr\u0131ca mevcut yasal d\u00fczenlemede istinaf parasal s\u0131n\u0131r\u0131n\u0131n hangi tarihe g\u00f6re belirlenece\u011finin (dava tarihi mi, karar tarihi mi) a\u00e7\u0131k olmad\u0131\u011f\u0131 bu durumun hukuki belirlilik ve \u00f6ng\u00f6r\u00fclebilirlik ilkeleriyle \u00e7eli\u015fti\u011fi iddia edilmi\u015ftir.<\/p>\n<h3><strong>Karar Ne Diyor?<\/strong><\/h3>\n<p>Anayasa Mahkemesi, Karar&#8217;da, daha \u00f6nce idari yarg\u0131da temyiz incelemesine tabi uyu\u015fmazl\u0131klar i\u00e7in getirilen parasal s\u0131n\u0131ra ili\u015fkin verdi\u011fi 26 Temmuz 2023 tarihli iptal karar\u0131na da at\u0131f yaparak, istinafa tabi kararlar\u0131n belirlenmesine ili\u015fkin parasal s\u0131n\u0131r\u0131n her y\u0131l g\u00fcncellenmesi nedeniyle hangi tarihteki parasal s\u0131n\u0131ra g\u00f6re istinaf kanun yoluna ba\u015fvurulabilece\u011finin kanunda belirli bir a\u00e7\u0131kl\u0131kta ve \u00f6ng\u00f6r\u00fclebilir \u015fekilde d\u00fczenlenmedi\u011fi, bu nedenle mevcut d\u00fczenlemenin kanunilik \u015fart\u0131n\u0131 ta\u015f\u0131mad\u0131\u011f\u0131 sonucuna varm\u0131\u015f ve ilgili maddeleri Anayasa&#8217;n\u0131n 13. ve 36. maddelerine ayk\u0131r\u0131 bularak iptal etmi\u015ftir.<\/p>\n<p>Karar&#8217;a <a href=\"https:\/\/urldefense.com\/v3\/__https:\/esinxchange.com\/collect\/click.aspx?u=LytzWVI3RlVEMERDZU9RYmhsa3RoTS9tRnJnZ1psbVZpMVFNMGJYaUdNcUdxREh0R3pTL3N5ZUhTUDBLSUU1eThkSUwxZXZ2NVpGR2JUTDg0ZXBmZ3U2ajU2TVMrcTZTbkk2SkR3S2lOMUV1YzVNSlNJZ1kva01namdjTnpReFA=&amp;rh=ff00bcff57242797dcde992e084792572a549dac__;!!Hj9Y_P0nvg!Q3HTvMXM2TOSFx681r7kq7fDlhlPLRklEAYH-1tqiYcHzwTQmMuHDLyiMKkPX2M8ih1MGDCNFqeybaPcbIjg_cZBng$\"><strong>buradan<\/strong><\/a> ula\u015fabilirsiniz.<\/p>\n<h3><strong>Sonu\u00e7<\/strong><\/h3>\n<p>Anayasa Mahkemesi; bu Karar ile \u0130YUK madde 45&#8217;in ikinci c\u00fcmlesini ve Ek Madde 1&#8217;i iptal etmi\u015ftir. B\u00f6ylece idari yarg\u0131da istinaf kanun yoluna ba\u015fvuru i\u00e7in \u00f6ng\u00f6r\u00fclen parasal s\u0131n\u0131r iptal edilmi\u015ftir. \u0130ptal karar\u0131, Karar&#8217;\u0131n Resmi Gazete&#8217;de yay\u0131nland\u0131\u011f\u0131 tarihten (21 Aral\u0131k 2023) 9 ay sonra, di\u011fer bir deyi\u015fle <strong>21 Eyl\u00fcl 2024<\/strong> tarihinde y\u00fcr\u00fcrl\u00fc\u011fe girecektir.<\/p>\n","protected":false},"excerpt":{"rendered":"<p>Yeni Geli\u015fme Anayasa Mahkemesi, 2023\/81 say\u0131l\u0131 ve 26 Ekim 2023 tarihli karar\u0131nda (&#8220;Karar&#8220;), idari yarg\u0131da istinaf kanun yoluna ba\u015fvuru i\u00e7in [&hellip;]<\/p>\n","protected":false},"author":4,"featured_media":0,"comment_status":"closed","ping_status":"closed","sticky":false,"template":"","format":"standard","meta":{"_acf_changed":false,"_stopmodifiedupdate":false,"_modified_date":"","footnotes":""},"categories":[120],"tags":[96],"class_list":["post-26908","post","type-post","status-publish","format-standard","hentry","category-legal-alerts","tag-dispute-resolution-tr"],"acf":[],"yoast_head":"<!-- This site is optimized with the Yoast SEO plugin v24.0 - https:\/\/yoast.com\/wordpress\/plugins\/seo\/ -->\n<title>Anayasa Mahkemesi, \u0130dari Yarg\u0131daki \u0130stinaf Parasal Alt S\u0131n\u0131r\u0131na \u0130li\u015fkin H\u00fckm\u00fc \u0130ptal Etti.<\/title>\n<meta name=\"description\" content=\"Yeni Geli\u015fme Anayasa Mahkemesi, 2023\/81 say\u0131l\u0131 ve 26 Ekim 2023 tarihli karar\u0131nda (&quot;Karar&quot;), idari yarg\u0131da istinaf kanun yoluna ba\u015fvuru i\u00e7in getirilen\" \/>\n<meta name=\"robots\" content=\"index, follow, max-snippet:-1, max-image-preview:large, max-video-preview:-1\" \/>\n<link rel=\"canonical\" href=\"https:\/\/www.esin.av.tr\/tr\/2023\/12\/27\/anayasa-mahkemesi-idari-yargidaki-istinaf-parasal-alt-sinirina-iliskin-hukmu-iptal-etti\/\" \/>\n<meta property=\"og:locale\" content=\"tr_TR\" \/>\n<meta property=\"og:type\" content=\"article\" \/>\n<meta property=\"og:title\" content=\"Anayasa Mahkemesi, \u0130dari Yarg\u0131daki \u0130stinaf Parasal Alt S\u0131n\u0131r\u0131na \u0130li\u015fkin H\u00fckm\u00fc \u0130ptal Etti.\" \/>\n<meta property=\"og:description\" content=\"Yeni Geli\u015fme Anayasa Mahkemesi, 2023\/81 say\u0131l\u0131 ve 26 Ekim 2023 tarihli karar\u0131nda (&quot;Karar&quot;), idari yarg\u0131da istinaf kanun yoluna ba\u015fvuru i\u00e7in getirilen\" \/>\n<meta property=\"og:url\" content=\"https:\/\/www.esin.av.tr\/tr\/2023\/12\/27\/anayasa-mahkemesi-idari-yargidaki-istinaf-parasal-alt-sinirina-iliskin-hukmu-iptal-etti\/\" \/>\n<meta property=\"og:site_name\" content=\"Esin Avukatl\u0131k Ortakl\u0131\u011f\u0131\" \/>\n<meta property=\"article:published_time\" content=\"2023-12-27T11:05:45+00:00\" \/>\n<meta name=\"author\" content=\"R\u0131dvan Konrat\" \/>\n<meta name=\"twitter:card\" content=\"summary_large_image\" \/>\n<meta name=\"twitter:label1\" content=\"Written by\" \/>\n\t<meta name=\"twitter:data1\" content=\"R\u0131dvan Konrat\" \/>\n\t<meta name=\"twitter:label2\" content=\"Est. reading time\" \/>\n\t<meta name=\"twitter:data2\" content=\"3 minutes\" \/>\n<script type=\"application\/ld+json\" class=\"yoast-schema-graph\">{\"@context\":\"https:\/\/schema.org\",\"@graph\":[{\"@type\":\"Article\",\"@id\":\"https:\/\/www.esin.av.tr\/tr\/2023\/12\/27\/anayasa-mahkemesi-idari-yargidaki-istinaf-parasal-alt-sinirina-iliskin-hukmu-iptal-etti\/#article\",\"isPartOf\":{\"@id\":\"https:\/\/www.esin.av.tr\/tr\/2023\/12\/27\/anayasa-mahkemesi-idari-yargidaki-istinaf-parasal-alt-sinirina-iliskin-hukmu-iptal-etti\/\"},\"author\":{\"name\":\"R\u0131dvan Konrat\",\"@id\":\"https:\/\/www.esin.av.tr\/tr\/#\/schema\/person\/42c8e616aab56b8622fa365ad63282ae\"},\"headline\":\"Anayasa Mahkemesi, \u0130dari Yarg\u0131daki \u0130stinaf Parasal Alt S\u0131n\u0131r\u0131na \u0130li\u015fkin H\u00fckm\u00fc \u0130ptal Etti.\",\"datePublished\":\"2023-12-27T11:05:45+00:00\",\"dateModified\":\"2023-12-27T11:05:45+00:00\",\"mainEntityOfPage\":{\"@id\":\"https:\/\/www.esin.av.tr\/tr\/2023\/12\/27\/anayasa-mahkemesi-idari-yargidaki-istinaf-parasal-alt-sinirina-iliskin-hukmu-iptal-etti\/\"},\"wordCount\":564,\"publisher\":{\"@id\":\"https:\/\/www.esin.av.tr\/tr\/#organization\"},\"keywords\":[\"Uyu\u015fmazl\u0131k \u00c7\u00f6z\u00fcm\u00fc\"],\"articleSection\":[\"Hukuk B\u00fcltenleri\"],\"inLanguage\":\"tr\"},{\"@type\":\"WebPage\",\"@id\":\"https:\/\/www.esin.av.tr\/tr\/2023\/12\/27\/anayasa-mahkemesi-idari-yargidaki-istinaf-parasal-alt-sinirina-iliskin-hukmu-iptal-etti\/\",\"url\":\"https:\/\/www.esin.av.tr\/tr\/2023\/12\/27\/anayasa-mahkemesi-idari-yargidaki-istinaf-parasal-alt-sinirina-iliskin-hukmu-iptal-etti\/\",\"name\":\"Anayasa Mahkemesi, \u0130dari Yarg\u0131daki \u0130stinaf Parasal Alt S\u0131n\u0131r\u0131na \u0130li\u015fkin H\u00fckm\u00fc \u0130ptal Etti.\",\"isPartOf\":{\"@id\":\"https:\/\/www.esin.av.tr\/tr\/#website\"},\"datePublished\":\"2023-12-27T11:05:45+00:00\",\"dateModified\":\"2023-12-27T11:05:45+00:00\",\"description\":\"Yeni Geli\u015fme Anayasa Mahkemesi, 2023\/81 say\u0131l\u0131 ve 26 Ekim 2023 tarihli karar\u0131nda (\\\"Karar\\\"), idari yarg\u0131da istinaf kanun yoluna ba\u015fvuru i\u00e7in getirilen\",\"breadcrumb\":{\"@id\":\"https:\/\/www.esin.av.tr\/tr\/2023\/12\/27\/anayasa-mahkemesi-idari-yargidaki-istinaf-parasal-alt-sinirina-iliskin-hukmu-iptal-etti\/#breadcrumb\"},\"inLanguage\":\"tr\",\"potentialAction\":[{\"@type\":\"ReadAction\",\"target\":[\"https:\/\/www.esin.av.tr\/tr\/2023\/12\/27\/anayasa-mahkemesi-idari-yargidaki-istinaf-parasal-alt-sinirina-iliskin-hukmu-iptal-etti\/\"]}]},{\"@type\":\"BreadcrumbList\",\"@id\":\"https:\/\/www.esin.av.tr\/tr\/2023\/12\/27\/anayasa-mahkemesi-idari-yargidaki-istinaf-parasal-alt-sinirina-iliskin-hukmu-iptal-etti\/#breadcrumb\",\"itemListElement\":[{\"@type\":\"ListItem\",\"position\":1,\"name\":\"Home\",\"item\":\"https:\/\/www.esin.av.tr\/tr\/\"},{\"@type\":\"ListItem\",\"position\":2,\"name\":\"Anayasa Mahkemesi, \u0130dari Yarg\u0131daki \u0130stinaf Parasal Alt S\u0131n\u0131r\u0131na \u0130li\u015fkin H\u00fckm\u00fc \u0130ptal Etti.\"}]},{\"@type\":\"WebSite\",\"@id\":\"https:\/\/www.esin.av.tr\/tr\/#website\",\"url\":\"https:\/\/www.esin.av.tr\/tr\/\",\"name\":\"Esin Avukatl\u0131k Ortakl\u0131\u011f\u0131\",\"description\":\"\",\"publisher\":{\"@id\":\"https:\/\/www.esin.av.tr\/tr\/#organization\"},\"potentialAction\":[{\"@type\":\"SearchAction\",\"target\":{\"@type\":\"EntryPoint\",\"urlTemplate\":\"https:\/\/www.esin.av.tr\/tr\/?s={search_term_string}\"},\"query-input\":{\"@type\":\"PropertyValueSpecification\",\"valueRequired\":true,\"valueName\":\"search_term_string\"}}],\"inLanguage\":\"tr\"},{\"@type\":\"Organization\",\"@id\":\"https:\/\/www.esin.av.tr\/tr\/#organization\",\"name\":\"Esin Avukatl\u0131k Ortakl\u0131\u011f\u0131\",\"url\":\"https:\/\/www.esin.av.tr\/tr\/\",\"logo\":{\"@type\":\"ImageObject\",\"inLanguage\":\"tr\",\"@id\":\"https:\/\/www.esin.av.tr\/tr\/#\/schema\/logo\/image\/\",\"url\":\"https:\/\/www.esin.av.tr\/wp-content\/uploads\/2021\/09\/esin-2.jpg\",\"contentUrl\":\"https:\/\/www.esin.av.tr\/wp-content\/uploads\/2021\/09\/esin-2.jpg\",\"width\":800,\"height\":460,\"caption\":\"Esin Avukatl\u0131k Ortakl\u0131\u011f\u0131\"},\"image\":{\"@id\":\"https:\/\/www.esin.av.tr\/tr\/#\/schema\/logo\/image\/\"}},{\"@type\":\"Person\",\"@id\":\"https:\/\/www.esin.av.tr\/tr\/#\/schema\/person\/42c8e616aab56b8622fa365ad63282ae\",\"name\":\"R\u0131dvan Konrat\",\"image\":{\"@type\":\"ImageObject\",\"inLanguage\":\"tr\",\"@id\":\"https:\/\/www.esin.av.tr\/tr\/#\/schema\/person\/image\/\",\"url\":\"https:\/\/secure.gravatar.com\/avatar\/b20c6c583be38ed4e76e32f69fccc676?s=96&d=mm&r=g\",\"contentUrl\":\"https:\/\/secure.gravatar.com\/avatar\/b20c6c583be38ed4e76e32f69fccc676?s=96&d=mm&r=g\",\"caption\":\"R\u0131dvan Konrat\"},\"sameAs\":[\"http:\/\/www.esin.av.tr\"],\"url\":\"https:\/\/www.esin.av.tr\/tr\/author\/rkonrat\/\"}]}<\/script>\n<!-- \/ Yoast SEO plugin. -->","yoast_head_json":{"title":"Anayasa Mahkemesi, \u0130dari Yarg\u0131daki \u0130stinaf Parasal Alt S\u0131n\u0131r\u0131na \u0130li\u015fkin H\u00fckm\u00fc \u0130ptal Etti.","description":"Yeni Geli\u015fme Anayasa Mahkemesi, 2023\/81 say\u0131l\u0131 ve 26 Ekim 2023 tarihli karar\u0131nda (\"Karar\"), idari yarg\u0131da istinaf kanun yoluna ba\u015fvuru i\u00e7in getirilen","robots":{"index":"index","follow":"follow","max-snippet":"max-snippet:-1","max-image-preview":"max-image-preview:large","max-video-preview":"max-video-preview:-1"},"canonical":"https:\/\/www.esin.av.tr\/tr\/2023\/12\/27\/anayasa-mahkemesi-idari-yargidaki-istinaf-parasal-alt-sinirina-iliskin-hukmu-iptal-etti\/","og_locale":"tr_TR","og_type":"article","og_title":"Anayasa Mahkemesi, \u0130dari Yarg\u0131daki \u0130stinaf Parasal Alt S\u0131n\u0131r\u0131na \u0130li\u015fkin H\u00fckm\u00fc \u0130ptal Etti.","og_description":"Yeni Geli\u015fme Anayasa Mahkemesi, 2023\/81 say\u0131l\u0131 ve 26 Ekim 2023 tarihli karar\u0131nda (\"Karar\"), idari yarg\u0131da istinaf kanun yoluna ba\u015fvuru i\u00e7in getirilen","og_url":"https:\/\/www.esin.av.tr\/tr\/2023\/12\/27\/anayasa-mahkemesi-idari-yargidaki-istinaf-parasal-alt-sinirina-iliskin-hukmu-iptal-etti\/","og_site_name":"Esin Avukatl\u0131k Ortakl\u0131\u011f\u0131","article_published_time":"2023-12-27T11:05:45+00:00","author":"R\u0131dvan Konrat","twitter_card":"summary_large_image","twitter_misc":{"Written by":"R\u0131dvan Konrat","Est. reading time":"3 minutes"},"schema":{"@context":"https:\/\/schema.org","@graph":[{"@type":"Article","@id":"https:\/\/www.esin.av.tr\/tr\/2023\/12\/27\/anayasa-mahkemesi-idari-yargidaki-istinaf-parasal-alt-sinirina-iliskin-hukmu-iptal-etti\/#article","isPartOf":{"@id":"https:\/\/www.esin.av.tr\/tr\/2023\/12\/27\/anayasa-mahkemesi-idari-yargidaki-istinaf-parasal-alt-sinirina-iliskin-hukmu-iptal-etti\/"},"author":{"name":"R\u0131dvan Konrat","@id":"https:\/\/www.esin.av.tr\/tr\/#\/schema\/person\/42c8e616aab56b8622fa365ad63282ae"},"headline":"Anayasa Mahkemesi, \u0130dari Yarg\u0131daki \u0130stinaf Parasal Alt S\u0131n\u0131r\u0131na \u0130li\u015fkin H\u00fckm\u00fc \u0130ptal Etti.","datePublished":"2023-12-27T11:05:45+00:00","dateModified":"2023-12-27T11:05:45+00:00","mainEntityOfPage":{"@id":"https:\/\/www.esin.av.tr\/tr\/2023\/12\/27\/anayasa-mahkemesi-idari-yargidaki-istinaf-parasal-alt-sinirina-iliskin-hukmu-iptal-etti\/"},"wordCount":564,"publisher":{"@id":"https:\/\/www.esin.av.tr\/tr\/#organization"},"keywords":["Uyu\u015fmazl\u0131k \u00c7\u00f6z\u00fcm\u00fc"],"articleSection":["Hukuk B\u00fcltenleri"],"inLanguage":"tr"},{"@type":"WebPage","@id":"https:\/\/www.esin.av.tr\/tr\/2023\/12\/27\/anayasa-mahkemesi-idari-yargidaki-istinaf-parasal-alt-sinirina-iliskin-hukmu-iptal-etti\/","url":"https:\/\/www.esin.av.tr\/tr\/2023\/12\/27\/anayasa-mahkemesi-idari-yargidaki-istinaf-parasal-alt-sinirina-iliskin-hukmu-iptal-etti\/","name":"Anayasa Mahkemesi, \u0130dari Yarg\u0131daki \u0130stinaf Parasal Alt S\u0131n\u0131r\u0131na \u0130li\u015fkin H\u00fckm\u00fc \u0130ptal Etti.","isPartOf":{"@id":"https:\/\/www.esin.av.tr\/tr\/#website"},"datePublished":"2023-12-27T11:05:45+00:00","dateModified":"2023-12-27T11:05:45+00:00","description":"Yeni Geli\u015fme Anayasa Mahkemesi, 2023\/81 say\u0131l\u0131 ve 26 Ekim 2023 tarihli karar\u0131nda (\"Karar\"), idari yarg\u0131da istinaf kanun yoluna ba\u015fvuru i\u00e7in getirilen","breadcrumb":{"@id":"https:\/\/www.esin.av.tr\/tr\/2023\/12\/27\/anayasa-mahkemesi-idari-yargidaki-istinaf-parasal-alt-sinirina-iliskin-hukmu-iptal-etti\/#breadcrumb"},"inLanguage":"tr","potentialAction":[{"@type":"ReadAction","target":["https:\/\/www.esin.av.tr\/tr\/2023\/12\/27\/anayasa-mahkemesi-idari-yargidaki-istinaf-parasal-alt-sinirina-iliskin-hukmu-iptal-etti\/"]}]},{"@type":"BreadcrumbList","@id":"https:\/\/www.esin.av.tr\/tr\/2023\/12\/27\/anayasa-mahkemesi-idari-yargidaki-istinaf-parasal-alt-sinirina-iliskin-hukmu-iptal-etti\/#breadcrumb","itemListElement":[{"@type":"ListItem","position":1,"name":"Home","item":"https:\/\/www.esin.av.tr\/tr\/"},{"@type":"ListItem","position":2,"name":"Anayasa Mahkemesi, \u0130dari Yarg\u0131daki \u0130stinaf Parasal Alt S\u0131n\u0131r\u0131na \u0130li\u015fkin H\u00fckm\u00fc \u0130ptal Etti."}]},{"@type":"WebSite","@id":"https:\/\/www.esin.av.tr\/tr\/#website","url":"https:\/\/www.esin.av.tr\/tr\/","name":"Esin Avukatl\u0131k Ortakl\u0131\u011f\u0131","description":"","publisher":{"@id":"https:\/\/www.esin.av.tr\/tr\/#organization"},"potentialAction":[{"@type":"SearchAction","target":{"@type":"EntryPoint","urlTemplate":"https:\/\/www.esin.av.tr\/tr\/?s={search_term_string}"},"query-input":{"@type":"PropertyValueSpecification","valueRequired":true,"valueName":"search_term_string"}}],"inLanguage":"tr"},{"@type":"Organization","@id":"https:\/\/www.esin.av.tr\/tr\/#organization","name":"Esin Avukatl\u0131k Ortakl\u0131\u011f\u0131","url":"https:\/\/www.esin.av.tr\/tr\/","logo":{"@type":"ImageObject","inLanguage":"tr","@id":"https:\/\/www.esin.av.tr\/tr\/#\/schema\/logo\/image\/","url":"https:\/\/www.esin.av.tr\/wp-content\/uploads\/2021\/09\/esin-2.jpg","contentUrl":"https:\/\/www.esin.av.tr\/wp-content\/uploads\/2021\/09\/esin-2.jpg","width":800,"height":460,"caption":"Esin Avukatl\u0131k Ortakl\u0131\u011f\u0131"},"image":{"@id":"https:\/\/www.esin.av.tr\/tr\/#\/schema\/logo\/image\/"}},{"@type":"Person","@id":"https:\/\/www.esin.av.tr\/tr\/#\/schema\/person\/42c8e616aab56b8622fa365ad63282ae","name":"R\u0131dvan Konrat","image":{"@type":"ImageObject","inLanguage":"tr","@id":"https:\/\/www.esin.av.tr\/tr\/#\/schema\/person\/image\/","url":"https:\/\/secure.gravatar.com\/avatar\/b20c6c583be38ed4e76e32f69fccc676?s=96&d=mm&r=g","contentUrl":"https:\/\/secure.gravatar.com\/avatar\/b20c6c583be38ed4e76e32f69fccc676?s=96&d=mm&r=g","caption":"R\u0131dvan Konrat"},"sameAs":["http:\/\/www.esin.av.tr"],"url":"https:\/\/www.esin.av.tr\/tr\/author\/rkonrat\/"}]}},"_links":{"self":[{"href":"https:\/\/www.esin.av.tr\/tr\/wp-json\/wp\/v2\/posts\/26908","targetHints":{"allow":["GET"]}}],"collection":[{"href":"https:\/\/www.esin.av.tr\/tr\/wp-json\/wp\/v2\/posts"}],"about":[{"href":"https:\/\/www.esin.av.tr\/tr\/wp-json\/wp\/v2\/types\/post"}],"author":[{"embeddable":true,"href":"https:\/\/www.esin.av.tr\/tr\/wp-json\/wp\/v2\/users\/4"}],"replies":[{"embeddable":true,"href":"https:\/\/www.esin.av.tr\/tr\/wp-json\/wp\/v2\/comments?post=26908"}],"version-history":[{"count":1,"href":"https:\/\/www.esin.av.tr\/tr\/wp-json\/wp\/v2\/posts\/26908\/revisions"}],"predecessor-version":[{"id":26909,"href":"https:\/\/www.esin.av.tr\/tr\/wp-json\/wp\/v2\/posts\/26908\/revisions\/26909"}],"wp:attachment":[{"href":"https:\/\/www.esin.av.tr\/tr\/wp-json\/wp\/v2\/media?parent=26908"}],"wp:term":[{"taxonomy":"category","embeddable":true,"href":"https:\/\/www.esin.av.tr\/tr\/wp-json\/wp\/v2\/categories?post=26908"},{"taxonomy":"post_tag","embeddable":true,"href":"https:\/\/www.esin.av.tr\/tr\/wp-json\/wp\/v2\/tags?post=26908"}],"curies":[{"name":"wp","href":"https:\/\/api.w.org\/{rel}","templated":true}]}}