{"id":26711,"date":"2023-11-06T08:01:50","date_gmt":"2023-11-06T08:01:50","guid":{"rendered":"https:\/\/www.esin.av.tr\/?p=26711"},"modified":"2023-11-06T08:01:50","modified_gmt":"2023-11-06T08:01:50","slug":"esin-digidiary-5-sayi","status":"publish","type":"post","link":"https:\/\/www.esin.av.tr\/tr\/2023\/11\/06\/esin-digidiary-5-sayi\/","title":{"rendered":"Esin DigiDiary &#8211; 5. Say\u0131"},"content":{"rendered":"<p>2023&#8217;\u00fcn Ekim ay\u0131n\u0131 geride b\u0131rak\u0131rken, \u00fclkemizde ve d\u00fcnyada elektronik ticaret hukuku ve ki\u015fisel verilerin korunmas\u0131 hukuku d\u00fczenlemelerinde \u00e7e\u015fitli geli\u015fmelerle kar\u015f\u0131la\u015f\u0131yoruz. Esin \u2013 DigiDiary ile \u00f6nemli nitelikteki bilgi teknolojileri geli\u015fmelerini sizlerle payla\u015f\u0131yoruz.<\/p>\n<p>Esin \u2013 DigiDiary\u2019e eri\u015fmek i\u00e7in <a href=\"https:\/\/urldefense.com\/v3\/__https:\/esinxchange.com\/collect\/click.aspx?u=bmhoelNWamRzV25ZalBMQzdIcXRKd1ZkUEVrMDNnaVBGZFl5QjVRTkFKSzJ0MXk5dTREUC9URTVjaEgyVmFPNGdnZ2RLVzRDM2VsQ2JzQStNNFFOR2ZUNlhSY1BTbXRleXlUR1gxT0RRNzJ1T1ZFdlJMbkdCUXNLaERlOVZtazc=&amp;rh=ff00b8d765b8e448559f6d148445a86d796f53bc__;!!Hj9Y_P0nvg!W3zAxVJjHcVi02L_-EUDeVVB4p_JO1IHrq6nVN-fJL0crNfdilgnYXf3aA5mAYeZ7Kn2PcpsNFRyG6SgOU1DbVeGmQ$\">a\u015fa\u011f\u0131daki g\u00f6rsele t\u0131klay\u0131n\u0131z.<\/a><\/p>\n<p><a href=\"https:\/\/f.datasrvr.com\/fr1\/623\/19371\/DigiDiary_-_November_2023.pdf\" target=\"_blank\" rel=\"noopener\"><img fetchpriority=\"high\" decoding=\"async\" class=\"alignnone  wp-image-26709\" src=\"https:\/\/www.esin.av.tr\/wp-content\/uploads\/2023\/11\/1-1-300x168.png\" alt=\"\" width=\"457\" height=\"256\" srcset=\"https:\/\/www.esin.av.tr\/wp-content\/uploads\/2023\/11\/1-1-300x168.png 300w, https:\/\/www.esin.av.tr\/wp-content\/uploads\/2023\/11\/1-1.png 676w\" sizes=\"(max-width: 457px) 100vw, 457px\" \/><\/a><\/p>\n","protected":false},"excerpt":{"rendered":"<p>2023&#8217;\u00fcn Ekim ay\u0131n\u0131 geride b\u0131rak\u0131rken, \u00fclkemizde ve d\u00fcnyada elektronik ticaret hukuku ve ki\u015fisel verilerin korunmas\u0131 hukuku d\u00fczenlemelerinde \u00e7e\u015fitli geli\u015fmelerle kar\u015f\u0131la\u015f\u0131yoruz. [&hellip;]<\/p>\n","protected":false},"author":4,"featured_media":0,"comment_status":"closed","ping_status":"closed","sticky":false,"template":"","format":"standard","meta":{"_acf_changed":false,"_stopmodifiedupdate":false,"_modified_date":"","footnotes":""},"categories":[118],"tags":[180],"class_list":["post-26711","post","type-post","status-publish","format-standard","hentry","category-publications","tag-fikri-mulkiyet-ve-teknoloji"],"acf":[],"yoast_head":"<!-- This site is optimized with the Yoast SEO plugin v24.0 - https:\/\/yoast.com\/wordpress\/plugins\/seo\/ -->\n<title>Esin DigiDiary - 5. Say\u0131<\/title>\n<meta name=\"description\" content=\"2023&#039;\u00fcn Ekim ay\u0131n\u0131 geride b\u0131rak\u0131rken, \u00fclkemizde ve d\u00fcnyada elektronik ticaret hukuku ve ki\u015fisel verilerin korunmas\u0131 hukuku d\u00fczenlemelerinde \u00e7e\u015fitli\" \/>\n<meta name=\"robots\" content=\"index, follow, max-snippet:-1, max-image-preview:large, max-video-preview:-1\" \/>\n<link rel=\"canonical\" href=\"https:\/\/www.esin.av.tr\/tr\/2023\/11\/06\/esin-digidiary-5-sayi\/\" \/>\n<meta property=\"og:locale\" content=\"tr_TR\" \/>\n<meta property=\"og:type\" content=\"article\" \/>\n<meta property=\"og:title\" content=\"Esin DigiDiary - 5. Say\u0131\" \/>\n<meta property=\"og:description\" content=\"2023&#039;\u00fcn Ekim ay\u0131n\u0131 geride b\u0131rak\u0131rken, \u00fclkemizde ve d\u00fcnyada elektronik ticaret hukuku ve ki\u015fisel verilerin korunmas\u0131 hukuku d\u00fczenlemelerinde \u00e7e\u015fitli\" \/>\n<meta property=\"og:url\" content=\"https:\/\/www.esin.av.tr\/tr\/2023\/11\/06\/esin-digidiary-5-sayi\/\" \/>\n<meta property=\"og:site_name\" content=\"Esin Avukatl\u0131k Ortakl\u0131\u011f\u0131\" \/>\n<meta property=\"article:published_time\" content=\"2023-11-06T08:01:50+00:00\" \/>\n<meta property=\"og:image\" content=\"https:\/\/www.esin.av.tr\/wp-content\/uploads\/2023\/11\/1-1-300x168.png\" \/>\n<meta name=\"author\" content=\"R\u0131dvan Konrat\" \/>\n<meta name=\"twitter:card\" content=\"summary_large_image\" \/>\n<meta name=\"twitter:label1\" content=\"Written by\" \/>\n\t<meta name=\"twitter:data1\" content=\"R\u0131dvan Konrat\" \/>\n<script type=\"application\/ld+json\" class=\"yoast-schema-graph\">{\"@context\":\"https:\/\/schema.org\",\"@graph\":[{\"@type\":\"Article\",\"@id\":\"https:\/\/www.esin.av.tr\/tr\/2023\/11\/06\/esin-digidiary-5-sayi\/#article\",\"isPartOf\":{\"@id\":\"https:\/\/www.esin.av.tr\/tr\/2023\/11\/06\/esin-digidiary-5-sayi\/\"},\"author\":{\"name\":\"R\u0131dvan Konrat\",\"@id\":\"https:\/\/www.esin.av.tr\/tr\/#\/schema\/person\/42c8e616aab56b8622fa365ad63282ae\"},\"headline\":\"Esin DigiDiary &#8211; 5. Say\u0131\",\"datePublished\":\"2023-11-06T08:01:50+00:00\",\"dateModified\":\"2023-11-06T08:01:50+00:00\",\"mainEntityOfPage\":{\"@id\":\"https:\/\/www.esin.av.tr\/tr\/2023\/11\/06\/esin-digidiary-5-sayi\/\"},\"wordCount\":62,\"publisher\":{\"@id\":\"https:\/\/www.esin.av.tr\/tr\/#organization\"},\"image\":{\"@id\":\"https:\/\/www.esin.av.tr\/tr\/2023\/11\/06\/esin-digidiary-5-sayi\/#primaryimage\"},\"thumbnailUrl\":\"https:\/\/www.esin.av.tr\/wp-content\/uploads\/2023\/11\/1-1-300x168.png\",\"keywords\":[\"Fikri M\u00fclkiyet ve Teknoloji\"],\"articleSection\":[\"Yay\u0131nlar\"],\"inLanguage\":\"tr\"},{\"@type\":\"WebPage\",\"@id\":\"https:\/\/www.esin.av.tr\/tr\/2023\/11\/06\/esin-digidiary-5-sayi\/\",\"url\":\"https:\/\/www.esin.av.tr\/tr\/2023\/11\/06\/esin-digidiary-5-sayi\/\",\"name\":\"Esin DigiDiary - 5. Say\u0131\",\"isPartOf\":{\"@id\":\"https:\/\/www.esin.av.tr\/tr\/#website\"},\"primaryImageOfPage\":{\"@id\":\"https:\/\/www.esin.av.tr\/tr\/2023\/11\/06\/esin-digidiary-5-sayi\/#primaryimage\"},\"image\":{\"@id\":\"https:\/\/www.esin.av.tr\/tr\/2023\/11\/06\/esin-digidiary-5-sayi\/#primaryimage\"},\"thumbnailUrl\":\"https:\/\/www.esin.av.tr\/wp-content\/uploads\/2023\/11\/1-1-300x168.png\",\"datePublished\":\"2023-11-06T08:01:50+00:00\",\"dateModified\":\"2023-11-06T08:01:50+00:00\",\"description\":\"2023'\u00fcn Ekim ay\u0131n\u0131 geride b\u0131rak\u0131rken, \u00fclkemizde ve d\u00fcnyada elektronik ticaret hukuku ve ki\u015fisel verilerin korunmas\u0131 hukuku d\u00fczenlemelerinde \u00e7e\u015fitli\",\"breadcrumb\":{\"@id\":\"https:\/\/www.esin.av.tr\/tr\/2023\/11\/06\/esin-digidiary-5-sayi\/#breadcrumb\"},\"inLanguage\":\"tr\",\"potentialAction\":[{\"@type\":\"ReadAction\",\"target\":[\"https:\/\/www.esin.av.tr\/tr\/2023\/11\/06\/esin-digidiary-5-sayi\/\"]}]},{\"@type\":\"ImageObject\",\"inLanguage\":\"tr\",\"@id\":\"https:\/\/www.esin.av.tr\/tr\/2023\/11\/06\/esin-digidiary-5-sayi\/#primaryimage\",\"url\":\"https:\/\/www.esin.av.tr\/wp-content\/uploads\/2023\/11\/1-1-300x168.png\",\"contentUrl\":\"https:\/\/www.esin.av.tr\/wp-content\/uploads\/2023\/11\/1-1-300x168.png\"},{\"@type\":\"BreadcrumbList\",\"@id\":\"https:\/\/www.esin.av.tr\/tr\/2023\/11\/06\/esin-digidiary-5-sayi\/#breadcrumb\",\"itemListElement\":[{\"@type\":\"ListItem\",\"position\":1,\"name\":\"Home\",\"item\":\"https:\/\/www.esin.av.tr\/tr\/\"},{\"@type\":\"ListItem\",\"position\":2,\"name\":\"Esin DigiDiary &#8211; 5. Say\u0131\"}]},{\"@type\":\"WebSite\",\"@id\":\"https:\/\/www.esin.av.tr\/tr\/#website\",\"url\":\"https:\/\/www.esin.av.tr\/tr\/\",\"name\":\"Esin Avukatl\u0131k Ortakl\u0131\u011f\u0131\",\"description\":\"\",\"publisher\":{\"@id\":\"https:\/\/www.esin.av.tr\/tr\/#organization\"},\"potentialAction\":[{\"@type\":\"SearchAction\",\"target\":{\"@type\":\"EntryPoint\",\"urlTemplate\":\"https:\/\/www.esin.av.tr\/tr\/?s={search_term_string}\"},\"query-input\":{\"@type\":\"PropertyValueSpecification\",\"valueRequired\":true,\"valueName\":\"search_term_string\"}}],\"inLanguage\":\"tr\"},{\"@type\":\"Organization\",\"@id\":\"https:\/\/www.esin.av.tr\/tr\/#organization\",\"name\":\"Esin Avukatl\u0131k Ortakl\u0131\u011f\u0131\",\"url\":\"https:\/\/www.esin.av.tr\/tr\/\",\"logo\":{\"@type\":\"ImageObject\",\"inLanguage\":\"tr\",\"@id\":\"https:\/\/www.esin.av.tr\/tr\/#\/schema\/logo\/image\/\",\"url\":\"https:\/\/www.esin.av.tr\/wp-content\/uploads\/2021\/09\/esin-2.jpg\",\"contentUrl\":\"https:\/\/www.esin.av.tr\/wp-content\/uploads\/2021\/09\/esin-2.jpg\",\"width\":800,\"height\":460,\"caption\":\"Esin Avukatl\u0131k Ortakl\u0131\u011f\u0131\"},\"image\":{\"@id\":\"https:\/\/www.esin.av.tr\/tr\/#\/schema\/logo\/image\/\"}},{\"@type\":\"Person\",\"@id\":\"https:\/\/www.esin.av.tr\/tr\/#\/schema\/person\/42c8e616aab56b8622fa365ad63282ae\",\"name\":\"R\u0131dvan Konrat\",\"image\":{\"@type\":\"ImageObject\",\"inLanguage\":\"tr\",\"@id\":\"https:\/\/www.esin.av.tr\/tr\/#\/schema\/person\/image\/\",\"url\":\"https:\/\/secure.gravatar.com\/avatar\/b20c6c583be38ed4e76e32f69fccc676?s=96&d=mm&r=g\",\"contentUrl\":\"https:\/\/secure.gravatar.com\/avatar\/b20c6c583be38ed4e76e32f69fccc676?s=96&d=mm&r=g\",\"caption\":\"R\u0131dvan Konrat\"},\"sameAs\":[\"http:\/\/www.esin.av.tr\"],\"url\":\"https:\/\/www.esin.av.tr\/tr\/author\/rkonrat\/\"}]}<\/script>\n<!-- \/ Yoast SEO plugin. -->","yoast_head_json":{"title":"Esin DigiDiary - 5. Say\u0131","description":"2023'\u00fcn Ekim ay\u0131n\u0131 geride b\u0131rak\u0131rken, \u00fclkemizde ve d\u00fcnyada elektronik ticaret hukuku ve ki\u015fisel verilerin korunmas\u0131 hukuku d\u00fczenlemelerinde \u00e7e\u015fitli","robots":{"index":"index","follow":"follow","max-snippet":"max-snippet:-1","max-image-preview":"max-image-preview:large","max-video-preview":"max-video-preview:-1"},"canonical":"https:\/\/www.esin.av.tr\/tr\/2023\/11\/06\/esin-digidiary-5-sayi\/","og_locale":"tr_TR","og_type":"article","og_title":"Esin DigiDiary - 5. Say\u0131","og_description":"2023'\u00fcn Ekim ay\u0131n\u0131 geride b\u0131rak\u0131rken, \u00fclkemizde ve d\u00fcnyada elektronik ticaret hukuku ve ki\u015fisel verilerin korunmas\u0131 hukuku d\u00fczenlemelerinde \u00e7e\u015fitli","og_url":"https:\/\/www.esin.av.tr\/tr\/2023\/11\/06\/esin-digidiary-5-sayi\/","og_site_name":"Esin Avukatl\u0131k Ortakl\u0131\u011f\u0131","article_published_time":"2023-11-06T08:01:50+00:00","og_image":[{"url":"https:\/\/www.esin.av.tr\/wp-content\/uploads\/2023\/11\/1-1-300x168.png","type":"","width":"","height":""}],"author":"R\u0131dvan Konrat","twitter_card":"summary_large_image","twitter_misc":{"Written by":"R\u0131dvan Konrat"},"schema":{"@context":"https:\/\/schema.org","@graph":[{"@type":"Article","@id":"https:\/\/www.esin.av.tr\/tr\/2023\/11\/06\/esin-digidiary-5-sayi\/#article","isPartOf":{"@id":"https:\/\/www.esin.av.tr\/tr\/2023\/11\/06\/esin-digidiary-5-sayi\/"},"author":{"name":"R\u0131dvan Konrat","@id":"https:\/\/www.esin.av.tr\/tr\/#\/schema\/person\/42c8e616aab56b8622fa365ad63282ae"},"headline":"Esin DigiDiary &#8211; 5. Say\u0131","datePublished":"2023-11-06T08:01:50+00:00","dateModified":"2023-11-06T08:01:50+00:00","mainEntityOfPage":{"@id":"https:\/\/www.esin.av.tr\/tr\/2023\/11\/06\/esin-digidiary-5-sayi\/"},"wordCount":62,"publisher":{"@id":"https:\/\/www.esin.av.tr\/tr\/#organization"},"image":{"@id":"https:\/\/www.esin.av.tr\/tr\/2023\/11\/06\/esin-digidiary-5-sayi\/#primaryimage"},"thumbnailUrl":"https:\/\/www.esin.av.tr\/wp-content\/uploads\/2023\/11\/1-1-300x168.png","keywords":["Fikri M\u00fclkiyet ve Teknoloji"],"articleSection":["Yay\u0131nlar"],"inLanguage":"tr"},{"@type":"WebPage","@id":"https:\/\/www.esin.av.tr\/tr\/2023\/11\/06\/esin-digidiary-5-sayi\/","url":"https:\/\/www.esin.av.tr\/tr\/2023\/11\/06\/esin-digidiary-5-sayi\/","name":"Esin DigiDiary - 5. Say\u0131","isPartOf":{"@id":"https:\/\/www.esin.av.tr\/tr\/#website"},"primaryImageOfPage":{"@id":"https:\/\/www.esin.av.tr\/tr\/2023\/11\/06\/esin-digidiary-5-sayi\/#primaryimage"},"image":{"@id":"https:\/\/www.esin.av.tr\/tr\/2023\/11\/06\/esin-digidiary-5-sayi\/#primaryimage"},"thumbnailUrl":"https:\/\/www.esin.av.tr\/wp-content\/uploads\/2023\/11\/1-1-300x168.png","datePublished":"2023-11-06T08:01:50+00:00","dateModified":"2023-11-06T08:01:50+00:00","description":"2023'\u00fcn Ekim ay\u0131n\u0131 geride b\u0131rak\u0131rken, \u00fclkemizde ve d\u00fcnyada elektronik ticaret hukuku ve ki\u015fisel verilerin korunmas\u0131 hukuku d\u00fczenlemelerinde \u00e7e\u015fitli","breadcrumb":{"@id":"https:\/\/www.esin.av.tr\/tr\/2023\/11\/06\/esin-digidiary-5-sayi\/#breadcrumb"},"inLanguage":"tr","potentialAction":[{"@type":"ReadAction","target":["https:\/\/www.esin.av.tr\/tr\/2023\/11\/06\/esin-digidiary-5-sayi\/"]}]},{"@type":"ImageObject","inLanguage":"tr","@id":"https:\/\/www.esin.av.tr\/tr\/2023\/11\/06\/esin-digidiary-5-sayi\/#primaryimage","url":"https:\/\/www.esin.av.tr\/wp-content\/uploads\/2023\/11\/1-1-300x168.png","contentUrl":"https:\/\/www.esin.av.tr\/wp-content\/uploads\/2023\/11\/1-1-300x168.png"},{"@type":"BreadcrumbList","@id":"https:\/\/www.esin.av.tr\/tr\/2023\/11\/06\/esin-digidiary-5-sayi\/#breadcrumb","itemListElement":[{"@type":"ListItem","position":1,"name":"Home","item":"https:\/\/www.esin.av.tr\/tr\/"},{"@type":"ListItem","position":2,"name":"Esin DigiDiary &#8211; 5. Say\u0131"}]},{"@type":"WebSite","@id":"https:\/\/www.esin.av.tr\/tr\/#website","url":"https:\/\/www.esin.av.tr\/tr\/","name":"Esin Avukatl\u0131k Ortakl\u0131\u011f\u0131","description":"","publisher":{"@id":"https:\/\/www.esin.av.tr\/tr\/#organization"},"potentialAction":[{"@type":"SearchAction","target":{"@type":"EntryPoint","urlTemplate":"https:\/\/www.esin.av.tr\/tr\/?s={search_term_string}"},"query-input":{"@type":"PropertyValueSpecification","valueRequired":true,"valueName":"search_term_string"}}],"inLanguage":"tr"},{"@type":"Organization","@id":"https:\/\/www.esin.av.tr\/tr\/#organization","name":"Esin Avukatl\u0131k Ortakl\u0131\u011f\u0131","url":"https:\/\/www.esin.av.tr\/tr\/","logo":{"@type":"ImageObject","inLanguage":"tr","@id":"https:\/\/www.esin.av.tr\/tr\/#\/schema\/logo\/image\/","url":"https:\/\/www.esin.av.tr\/wp-content\/uploads\/2021\/09\/esin-2.jpg","contentUrl":"https:\/\/www.esin.av.tr\/wp-content\/uploads\/2021\/09\/esin-2.jpg","width":800,"height":460,"caption":"Esin Avukatl\u0131k Ortakl\u0131\u011f\u0131"},"image":{"@id":"https:\/\/www.esin.av.tr\/tr\/#\/schema\/logo\/image\/"}},{"@type":"Person","@id":"https:\/\/www.esin.av.tr\/tr\/#\/schema\/person\/42c8e616aab56b8622fa365ad63282ae","name":"R\u0131dvan Konrat","image":{"@type":"ImageObject","inLanguage":"tr","@id":"https:\/\/www.esin.av.tr\/tr\/#\/schema\/person\/image\/","url":"https:\/\/secure.gravatar.com\/avatar\/b20c6c583be38ed4e76e32f69fccc676?s=96&d=mm&r=g","contentUrl":"https:\/\/secure.gravatar.com\/avatar\/b20c6c583be38ed4e76e32f69fccc676?s=96&d=mm&r=g","caption":"R\u0131dvan Konrat"},"sameAs":["http:\/\/www.esin.av.tr"],"url":"https:\/\/www.esin.av.tr\/tr\/author\/rkonrat\/"}]}},"_links":{"self":[{"href":"https:\/\/www.esin.av.tr\/tr\/wp-json\/wp\/v2\/posts\/26711","targetHints":{"allow":["GET"]}}],"collection":[{"href":"https:\/\/www.esin.av.tr\/tr\/wp-json\/wp\/v2\/posts"}],"about":[{"href":"https:\/\/www.esin.av.tr\/tr\/wp-json\/wp\/v2\/types\/post"}],"author":[{"embeddable":true,"href":"https:\/\/www.esin.av.tr\/tr\/wp-json\/wp\/v2\/users\/4"}],"replies":[{"embeddable":true,"href":"https:\/\/www.esin.av.tr\/tr\/wp-json\/wp\/v2\/comments?post=26711"}],"version-history":[{"count":1,"href":"https:\/\/www.esin.av.tr\/tr\/wp-json\/wp\/v2\/posts\/26711\/revisions"}],"predecessor-version":[{"id":26712,"href":"https:\/\/www.esin.av.tr\/tr\/wp-json\/wp\/v2\/posts\/26711\/revisions\/26712"}],"wp:attachment":[{"href":"https:\/\/www.esin.av.tr\/tr\/wp-json\/wp\/v2\/media?parent=26711"}],"wp:term":[{"taxonomy":"category","embeddable":true,"href":"https:\/\/www.esin.av.tr\/tr\/wp-json\/wp\/v2\/categories?post=26711"},{"taxonomy":"post_tag","embeddable":true,"href":"https:\/\/www.esin.av.tr\/tr\/wp-json\/wp\/v2\/tags?post=26711"}],"curies":[{"name":"wp","href":"https:\/\/api.w.org\/{rel}","templated":true}]}}