{"id":26639,"date":"2023-10-11T10:54:05","date_gmt":"2023-10-11T10:54:05","guid":{"rendered":"https:\/\/www.esin.av.tr\/?p=26639"},"modified":"2023-10-11T10:54:05","modified_gmt":"2023-10-11T10:54:05","slug":"anayasa-mahkemesinden-belirsiz-alacak-davalarina-iliskin-onemli-karar","status":"publish","type":"post","link":"https:\/\/www.esin.av.tr\/tr\/2023\/10\/11\/anayasa-mahkemesinden-belirsiz-alacak-davalarina-iliskin-onemli-karar\/","title":{"rendered":"Anayasa Mahkemesi&#8217;nden Belirsiz Alacak Davalar\u0131na \u0130li\u015fkin \u00d6nemli Karar"},"content":{"rendered":"<h3><strong>Yeni Geli\u015fme<\/strong><\/h3>\n<p>Anayasa Mahkemesi, 2019\/17969 say\u0131l\u0131 ve 8 Haziran 2023 tarihli karar\u0131nda (&#8220;<strong>Karar<\/strong>&#8220;), alacak miktar\u0131 belirli olmas\u0131na ra\u011fmen belirsiz alacak davas\u0131 a\u00e7\u0131lmas\u0131 durumunda, ba\u015fvuruculara d\u00fczeltme imkan\u0131 tan\u0131nmadan dava \u015fart\u0131 eksikli\u011finden davan\u0131n reddedilmesini mahkemeye eri\u015fim hakk\u0131n\u0131n ihlali oldu\u011funa karar verdi. Karar, 6 Ekim 2023 tarihli Resmi Gazete&#8217;de yay\u0131mland\u0131.<\/p>\n<h3><strong>\u0130hlal Konusu Ba\u015fvuru<\/strong><\/h3>\n<p>Ba\u015fvurucular, i\u015f\u00e7ilik alacaklar\u0131n\u0131n tahsili i\u00e7in belirsiz alacak davas\u0131 a\u00e7m\u0131\u015f olup bu davalar ilk derece mahkemesince kabul edilmi\u015ftir. Ne var ki, yap\u0131lan temyiz incelemesinde Yarg\u0131tay 22. Hukuk Dairesi i\u015f\u00e7i alacaklar\u0131n\u0131n belirli oldu\u011funu belirterek, davac\u0131lar\u0131n belirsiz alacak davas\u0131 a\u00e7malar\u0131nda hukuki yarar olmad\u0131\u011f\u0131n\u0131 ve dolay\u0131s\u0131yla davalar\u0131n dava \u015fart\u0131 eksikli\u011fi nedeniyle usulden reddedilmesi gerekti\u011fine karar vermi\u015ftir. Bu sebeple de ilk derece mahkemesinin karar\u0131 Yarg\u0131tay 22. Hukuk Dairesi taraf\u0131ndan bozulmu\u015f idi. \u0130lk derece mahkemesi de Yarg\u0131tay&#8217;\u0131n bozma karar\u0131na uymu\u015f ve ard\u0131ndan davac\u0131lar\u0131n m\u00fcteakip temyiz talepleri Yarg\u0131tay taraf\u0131ndan reddedilmi\u015ftir. Karar\u0131n kesinle\u015fmesine kadar olan bu d\u00f6rt sene s\u00fcren s\u00fcre\u00e7 i\u00e7erisinde s\u00f6z konusu alacaklar da zamana\u015f\u0131m\u0131na u\u011fram\u0131\u015ft\u0131r. Ba\u015fvurucular, kendilerine davalar\u0131n\u0131 tam eda davas\u0131na \u00e7evirme imkan\u0131 tan\u0131nmadan davalar\u0131n\u0131n reddedilmi\u015f olmas\u0131 ve bu s\u00fcre i\u00e7erisinde de alacaklar\u0131n\u0131n zamana\u015f\u0131m\u0131na u\u011fram\u0131\u015f olmas\u0131n\u0131n Anayasa ile g\u00fcvence alt\u0131na al\u0131nan adil yarg\u0131lanma hakk\u0131 kapsam\u0131ndaki mahkemeye eri\u015fim hakk\u0131n\u0131 ihlal etti\u011fini ileri s\u00fcrm\u00fc\u015flerdir.<\/p>\n<h3><strong>Karar Ne Diyor?<\/strong><\/h3>\n<p>Anayasa Mahkemesi, Karar&#8217;da, daha \u00f6nce ayn\u0131 konuda vermi\u015f oldu\u011fu <em>\u0130smail Avc\u0131<\/em> karar\u0131na da at\u0131f yaparak s\u00f6z konusu karar\u0131n mahkemeye eri\u015fim hakk\u0131na \u00f6l\u00e7\u00fcs\u00fcz bir m\u00fcdahale olu\u015fturup olu\u015fturmad\u0131\u011f\u0131n\u0131 incelemi\u015ftir.<\/p>\n<p>Bu do\u011frultuda Anayasa Mahkemesi, davan\u0131n reddinin \u00f6l\u00e7\u00fcl\u00fc bir hak s\u0131n\u0131rlamas\u0131 olup olmad\u0131\u011f\u0131n\u0131 de\u011ferlendirmi\u015ftir. 6100 say\u0131l\u0131 Hukuk Muhakemeleri Kanunu&#8217;nun dava dilek\u00e7esinin d\u00fczeltilmesi konusunda hakime bah\u015fetti\u011fi yetkileri de g\u00f6z \u00f6n\u00fcne alarak, davan\u0131n usulden reddinin son \u00e7are olarak g\u00f6r\u00fclemeyece\u011fini not etmi\u015ftir. Bu minvalde davac\u0131lara taleplerini d\u00fczeltebilmeleri i\u00e7in s\u00fcre verilip hak tan\u0131nmas\u0131 imkan\u0131 varken bunlar\u0131 yapmadan davan\u0131n hukuki yarar eksikli\u011finden reddedilmesinin mahkemeye eri\u015fim hakk\u0131n\u0131n \u00f6l\u00e7\u00fcs\u00fcz bir ihlali oldu\u011funa karar vermi\u015ftir.<\/p>\n<p>Karar&#8217;a <a href=\"https:\/\/urldefense.com\/v3\/__https:\/esinxchange.com\/collect\/click.aspx?u=M1V6Y2JnTUY0bGpobW1iWEFuMXMvemRhT0hjbjhDSEFuY2hzS012SGRSN2NiOHhNdEhCaE1wSWI5ekc1djlKeDV1K3ZjR2MrMFpzQ2d2UmkwNUpxYzZYcDAvdW04STV4VDBKV0l2ZURDd3lFVndERU5CclI0SUZ4TlVDMmZqVGM=&amp;rh=ff00b6d9e93a70f2b58701f00e4daf4aa0fd5d4c__;!!Hj9Y_P0nvg!XaDqYtimxKUr6_97_0zx3rPVuCoxsKLQelN3mRs4m3-eCOBVGR2LmhvTV4qJijhk6FGlenCNhRU8H1OlCOoXGU8SqA$\"><strong>buradan<\/strong><\/a> ula\u015fabilirsiniz.<\/p>\n<h3><strong>Sonu\u00e7<\/strong><\/h3>\n<p>Alaca\u011f\u0131n belirli veya belirlenebilir oldu\u011fu durumlarda belirsiz alacak davas\u0131 a\u00e7\u0131lmas\u0131 halinde ne yap\u0131laca\u011f\u0131 konusunda Yarg\u0131tay daireleri aras\u0131nda \u00e7eli\u015fkili kararlar bulunmaktad\u0131r. Yarg\u0131tay&#8217;\u0131n baz\u0131 daireleri, davac\u0131n\u0131n ko\u015fullar\u0131 olu\u015fmamas\u0131na ra\u011fmen belirsiz alacak davas\u0131 a\u00e7mas\u0131 halinde davan\u0131n bir dava \u015fart\u0131 olan hukuki yarar yoklu\u011fundan reddedilmesi gerekti\u011fi y\u00f6n\u00fcnde kararlar vermekteyken, baz\u0131 daireleri bu durumda davaya k\u0131smi dava olarak devam edilebilece\u011fi veya davac\u0131ya talep sonucunu a\u00e7\u0131klamas\u0131 ve\/veya d\u00fczeltmesi i\u00e7in s\u00fcre verilmesi gerekti\u011fini belirtmektedir.<\/p>\n<p>Anayasa Mahkemesi ise bu son karar\u0131nda, daha \u00f6nce <em>\u0130smail Avc\u0131 <\/em>karar\u0131nda da (<a href=\"https:\/\/urldefense.com\/v3\/__https:\/esinxchange.com\/collect\/click.aspx?u=M1V6Y2JnTUY0bGpobW1iWEFuMXMvemRhT0hjbjhDSEFuY2hzS012SGRSNTlYenhPcFk4eUgxYzFKRU5HTW12enZLNFFrbmdDdmd2SzJHNktjUmQzY2N5N0NsME5yaFNqdHpuQkkraThwL0xyWVhXNDJQNXRydz09&amp;rh=ff00b6d9e93a70f2b58701f00e4daf4aa0fd5d4c__;!!Hj9Y_P0nvg!XaDqYtimxKUr6_97_0zx3rPVuCoxsKLQelN3mRs4m3-eCOBVGR2LmhvTV4qJijhk6FGlenCNhRU8H1OlCOr-eJMk4w$\">buradan<\/a> ula\u015fabilirsiniz) dile getirdi\u011fi gibi, alaca\u011f\u0131n belirli veya belirlenebilir oldu\u011fu durumlarda belirsiz alacak davas\u0131 a\u00e7\u0131lmas\u0131 halinde mahkemenin davac\u0131lara bu durumu d\u00fczeltme imkan\u0131 tan\u0131madan davay\u0131 hukuki yarar yoklu\u011fundan reddetmesinin mahkemeye eri\u015fim hakk\u0131n\u0131n ihlali oldu\u011fu kanaatine varm\u0131\u015ft\u0131r.<\/p>\n","protected":false},"excerpt":{"rendered":"<p>Yeni Geli\u015fme Anayasa Mahkemesi, 2019\/17969 say\u0131l\u0131 ve 8 Haziran 2023 tarihli karar\u0131nda (&#8220;Karar&#8220;), alacak miktar\u0131 belirli olmas\u0131na ra\u011fmen belirsiz alacak [&hellip;]<\/p>\n","protected":false},"author":4,"featured_media":0,"comment_status":"closed","ping_status":"closed","sticky":false,"template":"","format":"standard","meta":{"_acf_changed":false,"_stopmodifiedupdate":false,"_modified_date":"","footnotes":""},"categories":[120],"tags":[96],"class_list":["post-26639","post","type-post","status-publish","format-standard","hentry","category-legal-alerts","tag-dispute-resolution-tr"],"acf":[],"yoast_head":"<!-- This site is optimized with the Yoast SEO plugin v24.0 - https:\/\/yoast.com\/wordpress\/plugins\/seo\/ -->\n<title>Anayasa Mahkemesi&#039;nden Belirsiz Alacak Davalar\u0131na \u0130li\u015fkin \u00d6nemli Karar<\/title>\n<meta name=\"description\" content=\"Yeni Geli\u015fme Anayasa Mahkemesi, 2019\/17969 say\u0131l\u0131 ve 8 Haziran 2023 tarihli karar\u0131nda (&quot;Karar&quot;), alacak miktar\u0131 belirli olmas\u0131na ra\u011fmen belirsiz alacak\" \/>\n<meta name=\"robots\" content=\"index, follow, max-snippet:-1, max-image-preview:large, max-video-preview:-1\" \/>\n<link rel=\"canonical\" href=\"https:\/\/www.esin.av.tr\/tr\/2023\/10\/11\/anayasa-mahkemesinden-belirsiz-alacak-davalarina-iliskin-onemli-karar\/\" \/>\n<meta property=\"og:locale\" content=\"tr_TR\" \/>\n<meta property=\"og:type\" content=\"article\" \/>\n<meta property=\"og:title\" content=\"Anayasa Mahkemesi&#039;nden Belirsiz Alacak Davalar\u0131na \u0130li\u015fkin \u00d6nemli Karar\" \/>\n<meta property=\"og:description\" content=\"Yeni Geli\u015fme Anayasa Mahkemesi, 2019\/17969 say\u0131l\u0131 ve 8 Haziran 2023 tarihli karar\u0131nda (&quot;Karar&quot;), alacak miktar\u0131 belirli olmas\u0131na ra\u011fmen belirsiz alacak\" \/>\n<meta property=\"og:url\" content=\"https:\/\/www.esin.av.tr\/tr\/2023\/10\/11\/anayasa-mahkemesinden-belirsiz-alacak-davalarina-iliskin-onemli-karar\/\" \/>\n<meta property=\"og:site_name\" content=\"Esin Avukatl\u0131k Ortakl\u0131\u011f\u0131\" \/>\n<meta property=\"article:published_time\" content=\"2023-10-11T10:54:05+00:00\" \/>\n<meta name=\"author\" content=\"R\u0131dvan Konrat\" \/>\n<meta name=\"twitter:card\" content=\"summary_large_image\" \/>\n<meta name=\"twitter:label1\" content=\"Written by\" \/>\n\t<meta name=\"twitter:data1\" content=\"R\u0131dvan Konrat\" \/>\n\t<meta name=\"twitter:label2\" content=\"Est. reading time\" \/>\n\t<meta name=\"twitter:data2\" content=\"3 minutes\" \/>\n<script type=\"application\/ld+json\" class=\"yoast-schema-graph\">{\"@context\":\"https:\/\/schema.org\",\"@graph\":[{\"@type\":\"Article\",\"@id\":\"https:\/\/www.esin.av.tr\/tr\/2023\/10\/11\/anayasa-mahkemesinden-belirsiz-alacak-davalarina-iliskin-onemli-karar\/#article\",\"isPartOf\":{\"@id\":\"https:\/\/www.esin.av.tr\/tr\/2023\/10\/11\/anayasa-mahkemesinden-belirsiz-alacak-davalarina-iliskin-onemli-karar\/\"},\"author\":{\"name\":\"R\u0131dvan Konrat\",\"@id\":\"https:\/\/www.esin.av.tr\/tr\/#\/schema\/person\/42c8e616aab56b8622fa365ad63282ae\"},\"headline\":\"Anayasa Mahkemesi&#8217;nden Belirsiz Alacak Davalar\u0131na \u0130li\u015fkin \u00d6nemli Karar\",\"datePublished\":\"2023-10-11T10:54:05+00:00\",\"dateModified\":\"2023-10-11T10:54:05+00:00\",\"mainEntityOfPage\":{\"@id\":\"https:\/\/www.esin.av.tr\/tr\/2023\/10\/11\/anayasa-mahkemesinden-belirsiz-alacak-davalarina-iliskin-onemli-karar\/\"},\"wordCount\":594,\"publisher\":{\"@id\":\"https:\/\/www.esin.av.tr\/tr\/#organization\"},\"keywords\":[\"Uyu\u015fmazl\u0131k \u00c7\u00f6z\u00fcm\u00fc\"],\"articleSection\":[\"Hukuk B\u00fcltenleri\"],\"inLanguage\":\"tr\"},{\"@type\":\"WebPage\",\"@id\":\"https:\/\/www.esin.av.tr\/tr\/2023\/10\/11\/anayasa-mahkemesinden-belirsiz-alacak-davalarina-iliskin-onemli-karar\/\",\"url\":\"https:\/\/www.esin.av.tr\/tr\/2023\/10\/11\/anayasa-mahkemesinden-belirsiz-alacak-davalarina-iliskin-onemli-karar\/\",\"name\":\"Anayasa Mahkemesi'nden Belirsiz Alacak Davalar\u0131na \u0130li\u015fkin \u00d6nemli Karar\",\"isPartOf\":{\"@id\":\"https:\/\/www.esin.av.tr\/tr\/#website\"},\"datePublished\":\"2023-10-11T10:54:05+00:00\",\"dateModified\":\"2023-10-11T10:54:05+00:00\",\"description\":\"Yeni Geli\u015fme Anayasa Mahkemesi, 2019\/17969 say\u0131l\u0131 ve 8 Haziran 2023 tarihli karar\u0131nda (\\\"Karar\\\"), alacak miktar\u0131 belirli olmas\u0131na ra\u011fmen belirsiz alacak\",\"breadcrumb\":{\"@id\":\"https:\/\/www.esin.av.tr\/tr\/2023\/10\/11\/anayasa-mahkemesinden-belirsiz-alacak-davalarina-iliskin-onemli-karar\/#breadcrumb\"},\"inLanguage\":\"tr\",\"potentialAction\":[{\"@type\":\"ReadAction\",\"target\":[\"https:\/\/www.esin.av.tr\/tr\/2023\/10\/11\/anayasa-mahkemesinden-belirsiz-alacak-davalarina-iliskin-onemli-karar\/\"]}]},{\"@type\":\"BreadcrumbList\",\"@id\":\"https:\/\/www.esin.av.tr\/tr\/2023\/10\/11\/anayasa-mahkemesinden-belirsiz-alacak-davalarina-iliskin-onemli-karar\/#breadcrumb\",\"itemListElement\":[{\"@type\":\"ListItem\",\"position\":1,\"name\":\"Home\",\"item\":\"https:\/\/www.esin.av.tr\/tr\/\"},{\"@type\":\"ListItem\",\"position\":2,\"name\":\"Anayasa Mahkemesi&#8217;nden Belirsiz Alacak Davalar\u0131na \u0130li\u015fkin \u00d6nemli Karar\"}]},{\"@type\":\"WebSite\",\"@id\":\"https:\/\/www.esin.av.tr\/tr\/#website\",\"url\":\"https:\/\/www.esin.av.tr\/tr\/\",\"name\":\"Esin Avukatl\u0131k Ortakl\u0131\u011f\u0131\",\"description\":\"\",\"publisher\":{\"@id\":\"https:\/\/www.esin.av.tr\/tr\/#organization\"},\"potentialAction\":[{\"@type\":\"SearchAction\",\"target\":{\"@type\":\"EntryPoint\",\"urlTemplate\":\"https:\/\/www.esin.av.tr\/tr\/?s={search_term_string}\"},\"query-input\":{\"@type\":\"PropertyValueSpecification\",\"valueRequired\":true,\"valueName\":\"search_term_string\"}}],\"inLanguage\":\"tr\"},{\"@type\":\"Organization\",\"@id\":\"https:\/\/www.esin.av.tr\/tr\/#organization\",\"name\":\"Esin Avukatl\u0131k Ortakl\u0131\u011f\u0131\",\"url\":\"https:\/\/www.esin.av.tr\/tr\/\",\"logo\":{\"@type\":\"ImageObject\",\"inLanguage\":\"tr\",\"@id\":\"https:\/\/www.esin.av.tr\/tr\/#\/schema\/logo\/image\/\",\"url\":\"https:\/\/www.esin.av.tr\/wp-content\/uploads\/2021\/09\/esin-2.jpg\",\"contentUrl\":\"https:\/\/www.esin.av.tr\/wp-content\/uploads\/2021\/09\/esin-2.jpg\",\"width\":800,\"height\":460,\"caption\":\"Esin Avukatl\u0131k Ortakl\u0131\u011f\u0131\"},\"image\":{\"@id\":\"https:\/\/www.esin.av.tr\/tr\/#\/schema\/logo\/image\/\"}},{\"@type\":\"Person\",\"@id\":\"https:\/\/www.esin.av.tr\/tr\/#\/schema\/person\/42c8e616aab56b8622fa365ad63282ae\",\"name\":\"R\u0131dvan Konrat\",\"image\":{\"@type\":\"ImageObject\",\"inLanguage\":\"tr\",\"@id\":\"https:\/\/www.esin.av.tr\/tr\/#\/schema\/person\/image\/\",\"url\":\"https:\/\/secure.gravatar.com\/avatar\/b20c6c583be38ed4e76e32f69fccc676?s=96&d=mm&r=g\",\"contentUrl\":\"https:\/\/secure.gravatar.com\/avatar\/b20c6c583be38ed4e76e32f69fccc676?s=96&d=mm&r=g\",\"caption\":\"R\u0131dvan Konrat\"},\"sameAs\":[\"http:\/\/www.esin.av.tr\"],\"url\":\"https:\/\/www.esin.av.tr\/tr\/author\/rkonrat\/\"}]}<\/script>\n<!-- \/ Yoast SEO plugin. -->","yoast_head_json":{"title":"Anayasa Mahkemesi'nden Belirsiz Alacak Davalar\u0131na \u0130li\u015fkin \u00d6nemli Karar","description":"Yeni Geli\u015fme Anayasa Mahkemesi, 2019\/17969 say\u0131l\u0131 ve 8 Haziran 2023 tarihli karar\u0131nda (\"Karar\"), alacak miktar\u0131 belirli olmas\u0131na ra\u011fmen belirsiz alacak","robots":{"index":"index","follow":"follow","max-snippet":"max-snippet:-1","max-image-preview":"max-image-preview:large","max-video-preview":"max-video-preview:-1"},"canonical":"https:\/\/www.esin.av.tr\/tr\/2023\/10\/11\/anayasa-mahkemesinden-belirsiz-alacak-davalarina-iliskin-onemli-karar\/","og_locale":"tr_TR","og_type":"article","og_title":"Anayasa Mahkemesi'nden Belirsiz Alacak Davalar\u0131na \u0130li\u015fkin \u00d6nemli Karar","og_description":"Yeni Geli\u015fme Anayasa Mahkemesi, 2019\/17969 say\u0131l\u0131 ve 8 Haziran 2023 tarihli karar\u0131nda (\"Karar\"), alacak miktar\u0131 belirli olmas\u0131na ra\u011fmen belirsiz alacak","og_url":"https:\/\/www.esin.av.tr\/tr\/2023\/10\/11\/anayasa-mahkemesinden-belirsiz-alacak-davalarina-iliskin-onemli-karar\/","og_site_name":"Esin Avukatl\u0131k Ortakl\u0131\u011f\u0131","article_published_time":"2023-10-11T10:54:05+00:00","author":"R\u0131dvan Konrat","twitter_card":"summary_large_image","twitter_misc":{"Written by":"R\u0131dvan Konrat","Est. reading time":"3 minutes"},"schema":{"@context":"https:\/\/schema.org","@graph":[{"@type":"Article","@id":"https:\/\/www.esin.av.tr\/tr\/2023\/10\/11\/anayasa-mahkemesinden-belirsiz-alacak-davalarina-iliskin-onemli-karar\/#article","isPartOf":{"@id":"https:\/\/www.esin.av.tr\/tr\/2023\/10\/11\/anayasa-mahkemesinden-belirsiz-alacak-davalarina-iliskin-onemli-karar\/"},"author":{"name":"R\u0131dvan Konrat","@id":"https:\/\/www.esin.av.tr\/tr\/#\/schema\/person\/42c8e616aab56b8622fa365ad63282ae"},"headline":"Anayasa Mahkemesi&#8217;nden Belirsiz Alacak Davalar\u0131na \u0130li\u015fkin \u00d6nemli Karar","datePublished":"2023-10-11T10:54:05+00:00","dateModified":"2023-10-11T10:54:05+00:00","mainEntityOfPage":{"@id":"https:\/\/www.esin.av.tr\/tr\/2023\/10\/11\/anayasa-mahkemesinden-belirsiz-alacak-davalarina-iliskin-onemli-karar\/"},"wordCount":594,"publisher":{"@id":"https:\/\/www.esin.av.tr\/tr\/#organization"},"keywords":["Uyu\u015fmazl\u0131k \u00c7\u00f6z\u00fcm\u00fc"],"articleSection":["Hukuk B\u00fcltenleri"],"inLanguage":"tr"},{"@type":"WebPage","@id":"https:\/\/www.esin.av.tr\/tr\/2023\/10\/11\/anayasa-mahkemesinden-belirsiz-alacak-davalarina-iliskin-onemli-karar\/","url":"https:\/\/www.esin.av.tr\/tr\/2023\/10\/11\/anayasa-mahkemesinden-belirsiz-alacak-davalarina-iliskin-onemli-karar\/","name":"Anayasa Mahkemesi'nden Belirsiz Alacak Davalar\u0131na \u0130li\u015fkin \u00d6nemli Karar","isPartOf":{"@id":"https:\/\/www.esin.av.tr\/tr\/#website"},"datePublished":"2023-10-11T10:54:05+00:00","dateModified":"2023-10-11T10:54:05+00:00","description":"Yeni Geli\u015fme Anayasa Mahkemesi, 2019\/17969 say\u0131l\u0131 ve 8 Haziran 2023 tarihli karar\u0131nda (\"Karar\"), alacak miktar\u0131 belirli olmas\u0131na ra\u011fmen belirsiz alacak","breadcrumb":{"@id":"https:\/\/www.esin.av.tr\/tr\/2023\/10\/11\/anayasa-mahkemesinden-belirsiz-alacak-davalarina-iliskin-onemli-karar\/#breadcrumb"},"inLanguage":"tr","potentialAction":[{"@type":"ReadAction","target":["https:\/\/www.esin.av.tr\/tr\/2023\/10\/11\/anayasa-mahkemesinden-belirsiz-alacak-davalarina-iliskin-onemli-karar\/"]}]},{"@type":"BreadcrumbList","@id":"https:\/\/www.esin.av.tr\/tr\/2023\/10\/11\/anayasa-mahkemesinden-belirsiz-alacak-davalarina-iliskin-onemli-karar\/#breadcrumb","itemListElement":[{"@type":"ListItem","position":1,"name":"Home","item":"https:\/\/www.esin.av.tr\/tr\/"},{"@type":"ListItem","position":2,"name":"Anayasa Mahkemesi&#8217;nden Belirsiz Alacak Davalar\u0131na \u0130li\u015fkin \u00d6nemli Karar"}]},{"@type":"WebSite","@id":"https:\/\/www.esin.av.tr\/tr\/#website","url":"https:\/\/www.esin.av.tr\/tr\/","name":"Esin Avukatl\u0131k Ortakl\u0131\u011f\u0131","description":"","publisher":{"@id":"https:\/\/www.esin.av.tr\/tr\/#organization"},"potentialAction":[{"@type":"SearchAction","target":{"@type":"EntryPoint","urlTemplate":"https:\/\/www.esin.av.tr\/tr\/?s={search_term_string}"},"query-input":{"@type":"PropertyValueSpecification","valueRequired":true,"valueName":"search_term_string"}}],"inLanguage":"tr"},{"@type":"Organization","@id":"https:\/\/www.esin.av.tr\/tr\/#organization","name":"Esin Avukatl\u0131k Ortakl\u0131\u011f\u0131","url":"https:\/\/www.esin.av.tr\/tr\/","logo":{"@type":"ImageObject","inLanguage":"tr","@id":"https:\/\/www.esin.av.tr\/tr\/#\/schema\/logo\/image\/","url":"https:\/\/www.esin.av.tr\/wp-content\/uploads\/2021\/09\/esin-2.jpg","contentUrl":"https:\/\/www.esin.av.tr\/wp-content\/uploads\/2021\/09\/esin-2.jpg","width":800,"height":460,"caption":"Esin Avukatl\u0131k Ortakl\u0131\u011f\u0131"},"image":{"@id":"https:\/\/www.esin.av.tr\/tr\/#\/schema\/logo\/image\/"}},{"@type":"Person","@id":"https:\/\/www.esin.av.tr\/tr\/#\/schema\/person\/42c8e616aab56b8622fa365ad63282ae","name":"R\u0131dvan Konrat","image":{"@type":"ImageObject","inLanguage":"tr","@id":"https:\/\/www.esin.av.tr\/tr\/#\/schema\/person\/image\/","url":"https:\/\/secure.gravatar.com\/avatar\/b20c6c583be38ed4e76e32f69fccc676?s=96&d=mm&r=g","contentUrl":"https:\/\/secure.gravatar.com\/avatar\/b20c6c583be38ed4e76e32f69fccc676?s=96&d=mm&r=g","caption":"R\u0131dvan Konrat"},"sameAs":["http:\/\/www.esin.av.tr"],"url":"https:\/\/www.esin.av.tr\/tr\/author\/rkonrat\/"}]}},"_links":{"self":[{"href":"https:\/\/www.esin.av.tr\/tr\/wp-json\/wp\/v2\/posts\/26639","targetHints":{"allow":["GET"]}}],"collection":[{"href":"https:\/\/www.esin.av.tr\/tr\/wp-json\/wp\/v2\/posts"}],"about":[{"href":"https:\/\/www.esin.av.tr\/tr\/wp-json\/wp\/v2\/types\/post"}],"author":[{"embeddable":true,"href":"https:\/\/www.esin.av.tr\/tr\/wp-json\/wp\/v2\/users\/4"}],"replies":[{"embeddable":true,"href":"https:\/\/www.esin.av.tr\/tr\/wp-json\/wp\/v2\/comments?post=26639"}],"version-history":[{"count":1,"href":"https:\/\/www.esin.av.tr\/tr\/wp-json\/wp\/v2\/posts\/26639\/revisions"}],"predecessor-version":[{"id":26640,"href":"https:\/\/www.esin.av.tr\/tr\/wp-json\/wp\/v2\/posts\/26639\/revisions\/26640"}],"wp:attachment":[{"href":"https:\/\/www.esin.av.tr\/tr\/wp-json\/wp\/v2\/media?parent=26639"}],"wp:term":[{"taxonomy":"category","embeddable":true,"href":"https:\/\/www.esin.av.tr\/tr\/wp-json\/wp\/v2\/categories?post=26639"},{"taxonomy":"post_tag","embeddable":true,"href":"https:\/\/www.esin.av.tr\/tr\/wp-json\/wp\/v2\/tags?post=26639"}],"curies":[{"name":"wp","href":"https:\/\/api.w.org\/{rel}","templated":true}]}}