{"id":26577,"date":"2023-09-26T09:19:01","date_gmt":"2023-09-26T09:19:01","guid":{"rendered":"https:\/\/www.esin.av.tr\/?p=26577"},"modified":"2023-09-26T09:19:01","modified_gmt":"2023-09-26T09:19:01","slug":"tuketici-degerlendirmeleri-hakkinda-kilavuz-yayimlandi","status":"publish","type":"post","link":"https:\/\/www.esin.av.tr\/tr\/2023\/09\/26\/tuketici-degerlendirmeleri-hakkinda-kilavuz-yayimlandi\/","title":{"rendered":"T\u00fcketici De\u011ferlendirmeleri Hakk\u0131nda K\u0131lavuz Yay\u0131mland\u0131"},"content":{"rendered":"<h3><strong>Yeni Geli\u015fme<\/strong><\/h3>\n<p>T\u00fcketicilerin al\u0131\u015fveri\u015f tercihlerinde \u00f6nemli bir yer tutan ve sat\u0131n alma kararlar\u0131n\u0131 etkileyen t\u00fcketici de\u011ferlendirmeleri hakk\u0131nda, Reklam Kurulu taraf\u0131ndan 12.09.2023 tarihli ve 337 say\u0131l\u0131 toplant\u0131da ilke karar olarak kabul edilen, T\u00fcketici De\u011ferlendirmeleri Hakk\u0131nda K\u0131lavuz (&#8220;<strong>K\u0131lavuz<\/strong>&#8220;) yay\u0131mland\u0131. K\u0131lavuz&#8217;a <a href=\"https:\/\/urldefense.com\/v3\/__https:\/esinxchange.com\/collect\/click.aspx?u=NmlUbDZEOE9jV3dpTkk1dThKRVRFSWFHSzFtM3RlM1ZJL0ltTXdoR0x4d3pQRUlBN1RkTSttOU91Snd5MjNaZFFmdjBUVDJZdXRyQ3QyeWtPV1FnQUdyMTc5NzBNKzRFTFlFWi9VN0YrM1RPNmVMZUhzNDZTSER6WmREQ1BwNmt2UzVLVWo5Ynlwa3ZRZEpkVjVMQldIN0FrTXZrYXc0ZXlBSE0xdFh0ZUdJN0d4aGNiOUZhVVFSRzY4cFVFeVl5RzVlQW9ObnVXL0N6Sm1Cd3hTby9DcW1lQ1grNkxyN2dPSEVnTWY2ZG5CR0YvRnQ2MXFuZGYwSW9EaXZBcWJ4RVdlVUdzZzlkZXpxMm5jNVpqWVNlL1NyckhjM1JPNSsrTlRvSEwreDQ2eWZtQnVJZHN6a0VmWnZ2UGlOOGFOTEgzVUhoY1oyQUJTS1d5Qi9KdkZxL25aV3NJSWJlWk03d2NiZldvYlI5UnNWR0ZJdjF4Wk1mQWRTWXhsQnl1NFdFNW5qVmpVdWJCS0JKdFV0cHczaDV6VFpKVU93SGRXRW4=&amp;rh=ff00b5956744a32f41ad9fd6094eaf02cf8494eb__;!!Hj9Y_P0nvg!QBAdKOIvqvFeoXXeqBUUTcO9dyeiRF1H9PGKyb8K9c0clH1uPu3DAQH_tnA3Tjbf884x5AlHLrYQPeqt6xOlyOnQvQ$\">buradan <\/a>ula\u015fabilirsiniz.<\/p>\n<p>K\u0131lavuz; t\u00fcketici de\u011ferlendirmeleri ile ilgili temel ilkeler, bilgilendirme, kontrol s\u00fcreci ve aldat\u0131c\u0131 kabul edilen durumlara yer vererek, reklam veren, reklam ajanslar\u0131, mecra kurulu\u015flar\u0131 ve reklamc\u0131l\u0131kla ilgili t\u00fcm ki\u015fi, kurum ve kurulu\u015flara, y\u00fck\u00fcml\u00fcl\u00fcklere ili\u015fkin yol g\u00f6stermeyi ama\u00e7lamaktad\u0131r.<\/p>\n<h3><strong>K\u0131lavuz neler getiriyor? <\/strong><\/h3>\n<p>K\u0131lavuz, esas olarak, sat\u0131c\u0131 ve sa\u011flay\u0131c\u0131lar ya da arac\u0131 hizmet sa\u011flay\u0131c\u0131lar taraf\u0131ndan sunulan mal veya hizmete ve bunlar\u0131n yan s\u00f6zle\u015fmelerine ili\u015fkin, internet ortam\u0131nda yap\u0131lan t\u00fcketici de\u011ferlendirmelerini kapsamaktad\u0131r. \u015eikayet platformlar\u0131nda yay\u0131nlanan de\u011ferlendirmeler de K\u0131lavuz kapsam\u0131nda de\u011ferlendirilmektedir. T\u00fcketicinin yaz\u0131l\u0131 yorumunun yan\u0131nda puan\/y\u0131ld\u0131z vermesi de, K\u0131lavuz madde 5\/3 uyar\u0131nca, t\u00fcketici de\u011ferlendirmesi olarak ele al\u0131nmaktad\u0131r. \u00d6te yandan, t\u00fcketici i\u015flemi kapsam\u0131nda olmayan sat\u0131n alma ve uygulamalara ili\u015fkin de\u011ferlendirmelerle, sat\u0131c\u0131 ya da sa\u011flay\u0131c\u0131 ad\u0131na hareket etmeyen ger\u00e7ek ve t\u00fczel ki\u015filerin internet ortam\u0131nda, bir mal veya hizmete ili\u015fkin bilgi verme ama\u00e7l\u0131, kendi deneyimini payla\u015ft\u0131\u011f\u0131 t\u00fcketici de\u011ferlendirmelerinin (\u00f6rne\u011fin, bir ger\u00e7ek ki\u015finin kendine ait blog sayfas\u0131ndaki seyahati ile ilgili de\u011ferlendirmeleri) K\u0131lavuz kapsam\u0131nda olmad\u0131\u011f\u0131 a\u00e7\u0131k\u00e7a ifade edilmektedir.<br \/>\nK\u0131lavuz&#8217;un 5.maddesi, t\u00fcketici de\u011ferlendirmesi kapsam\u0131nda say\u0131lmas\u0131 gereken durumlar ile de\u011ferlendirme yapabilecek ki\u015fileri h\u00fck\u00fcm alt\u0131na almaktad\u0131r. Buna g\u00f6re, T\u00fcketici de\u011ferlendirmeleri, (i) bir mal veya hizmete ili\u015fkin olabilece\u011fi gibi (ii) mal veya hizmeti sunan sat\u0131c\u0131, sa\u011flay\u0131c\u0131 ya da arac\u0131 hizmet sa\u011flay\u0131c\u0131s\u0131na ili\u015fkin veya (iii) teslimat, kredi ve sigorta hizmeti gibi yan s\u00f6zle\u015fmelere ili\u015fkin olabilmektedir.<\/p>\n<p>Ayr\u0131ca, s\u00f6z konusu de\u011ferlendirmeleri yapabilmek i\u00e7in, t\u00fcketici, de\u011ferlendirme yapt\u0131\u011f\u0131 mal\u0131 veya hizmeti mutlaka sat\u0131n alm\u0131\u015f olmal\u0131d\u0131r. Bununla beraber, sipari\u015f iptali, s\u00f6zle\u015fmenin feshi veya cayma hakk\u0131n\u0131n kullan\u0131lmas\u0131 halinde, sat\u0131n alma s\u00fcrecinin geldi\u011fi a\u015famaya kadar olan s\u00fcre\u00e7te ya\u015fanan deneyimlerle s\u0131n\u0131rl\u0131 olarak yap\u0131lan de\u011ferlendirmeler de sat\u0131n alma kapsam\u0131nda kabul edilmektedir.<\/p>\n<p>K\u0131lavuz madde 5\/5 uyar\u0131nca, sat\u0131c\u0131, sa\u011flay\u0131c\u0131 veya arac\u0131 hizmet sa\u011flay\u0131c\u0131n\u0131n t\u00fcketici de\u011ferlendirmelerinin yay\u0131nlanmas\u0131na imkan sa\u011flayabilece\u011fi haller a\u015fa\u011f\u0131daki gibidir:<\/p>\n<ul>\n<li>Sat\u0131c\u0131\/sa\u011flay\u0131c\u0131n\u0131n fiziki ma\u011fazas\u0131ndan sat\u0131n al\u0131nan mal veya hizmete ili\u015fkin internet ortam\u0131nda yap\u0131lan de\u011ferlendirmelerin yay\u0131nlanmas\u0131<\/li>\n<li>Mal veya hizmet sunan sat\u0131c\u0131 hakk\u0131nda, arac\u0131 hizmet sa\u011flay\u0131c\u0131ya ait platformda yap\u0131lan de\u011ferlendirmelerin yay\u0131nlanmas\u0131<\/li>\n<li>Ba\u015fka bir sitede payla\u015f\u0131lm\u0131\u015f de\u011ferlendirmenin (hangi siteden al\u0131nd\u0131\u011f\u0131n\u0131 belirtmek suretiyle) o mal veya hizmeti sat\u0131\u015fa sunan ba\u015fka bir sat\u0131c\u0131n\u0131n internet sitesinde veya arac\u0131 hizmet sa\u011flay\u0131c\u0131ya ait platformda yay\u0131nlanmas\u0131.<\/li>\n<\/ul>\n<p>Gerekli incelemeleri yap\u0131lm\u0131\u015f olan t\u00fcketici de\u011ferlendirmelerinin, olumlu ve olumsuz ayr\u0131m\u0131 yap\u0131lmaks\u0131z\u0131n, en az bir y\u0131l s\u00fcreyle, tarih, de\u011ferlendirme notu, sat\u0131c\u0131 veya sa\u011flay\u0131c\u0131ya g\u00f6re s\u0131ralanma gibi objektif \u00f6l\u00e7\u00fctler do\u011frultusunda yay\u0131nlanmas\u0131 gerekmektedir.<\/p>\n<p>K\u0131lavuz&#8217;da \u00f6ne \u00e7\u0131kan bir di\u011fer d\u00fczenleme ise, sat\u0131\u015fa sunulan bir mal veya hizmete ili\u015fkin sa\u011fl\u0131k beyanlar\u0131 kullan\u0131m\u0131na izin verilmemesidir. Bu do\u011frultuda, \u00f6rne\u011fin, sat\u0131\u015fa sunulan kozalak macunu \u00fcr\u00fcn\u00fcne ili\u015fkin \u201c<em>\u00d6ks\u00fcr\u00fc\u011f\u00fcme iyi geldi, ast\u0131m ve bron\u015fite kar\u015f\u0131 faydal\u0131<\/em>\u201d \u015feklinde yap\u0131lan de\u011ferlendirmelerin yay\u0131nlanmamas\u0131 gerekti\u011fi ifade edilmektedir.<\/p>\n<p>K\u0131lavuz&#8217;un 6. maddesi uyar\u0131nca, sat\u0131c\u0131, sa\u011flay\u0131c\u0131 veya arac\u0131 hizmet sa\u011flay\u0131c\u0131 taraf\u0131ndan de\u011ferlendirmelerin yay\u0131nlanmas\u0131na y\u00f6nelik olarak belirlenen kurallar, de\u011ferlendirmelerin yay\u0131nland\u0131\u011f\u0131 alanda veya t\u00fcketicilerin y\u00f6nlendirildi\u011fi a\u00e7\u0131l\u0131r ekranda yer almal\u0131d\u0131r. Bununla beraber, sat\u0131c\u0131, sa\u011flay\u0131c\u0131 veya arac\u0131 hizmet sa\u011flay\u0131c\u0131 taraf\u0131ndan belirlenen kurallar\u0131n, t\u00fcketicinin mal veya hizmete ya da teslimat gibi yan s\u00f6zle\u015fmelere ili\u015fkin konularda de\u011ferlendirme yapmas\u0131n\u0131 engelleyecek \u015fekilde d\u00fczenlenemeyece\u011fi ifade edilmektedir. Ancak, sat\u0131c\u0131, sa\u011flay\u0131c\u0131 veya arac\u0131 hizmet sa\u011flay\u0131c\u0131lar\u0131n, ayr\u0131mc\u0131l\u0131k yasa\u011f\u0131n\u0131 ihlal eden, tehdit niteli\u011finde veya k\u00fcf\u00fcr i\u00e7eren de\u011ferlendirmeleri yay\u0131nlamamay\u0131 ilke olarak kabul etmeleri m\u00fcmk\u00fcnd\u00fcr. Bu bak\u0131mdan dikkat edilmesi gereken hususlar, yay\u0131n ilkesine uygun olmad\u0131\u011f\u0131 gerek\u00e7esiyle de\u011ferlendirmesi reddedilen t\u00fcketiciye gerekli bilgilendirmenin yap\u0131lmas\u0131 ve d\u00fczeltme yaparak yeniden de\u011ferlendirme yapma imkan\u0131 tan\u0131nmas\u0131d\u0131r.<\/p>\n<p>K\u0131lavuz, t\u00fcketicilerin bilgilendirilmesi konusunda sat\u0131c\u0131, sa\u011flay\u0131c\u0131 ve arac\u0131 hizmet sa\u011flay\u0131c\u0131lara baz\u0131 y\u00fck\u00fcml\u00fcl\u00fckler getirmektedir. \u00d6rne\u011fin, ortalama de\u011ferlendirme puan\u0131n\u0131n nas\u0131l hesapland\u0131\u011f\u0131, de\u011ferlendirmelerin nas\u0131l s\u0131raland\u0131\u011f\u0131 ve yay\u0131nlanan de\u011ferlendirmelerin o mal veya hizmeti sat\u0131n alan t\u00fcketiciler taraf\u0131ndan yap\u0131ld\u0131\u011f\u0131n\u0131n ispat\u0131na ili\u015fkin uygulanan s\u00fcre\u00e7ler konusunda, t\u00fcketiciler a\u00e7\u0131k ve anla\u015f\u0131l\u0131r bi\u00e7imde bilgilendirilmelidir. Arac\u0131 hizmet sa\u011flay\u0131c\u0131lar, ayr\u0131ca, de\u011ferlendirme yapan t\u00fcketicinin o mal ya da hizmeti ger\u00e7ekten sat\u0131n alan bir ki\u015fi oldu\u011fu hakk\u0131nda di\u011fer t\u00fcketicileri ayd\u0131nlatmal\u0131d\u0131r. K\u0131lavuz&#8217;da yer alan \u00f6rnekler uyar\u0131nca, s\u00f6z konusu ayd\u0131nlatman\u0131n <em>&#8220;\u2026 sat\u0131c\u0131s\u0131ndan sat\u0131n al\u0131nd\u0131<\/em>&#8221; veya &#8220;<em>Do\u011frulanm\u0131\u015f kullan\u0131c\u0131<\/em>&#8221; gibi ifadelerle ger\u00e7ekle\u015ftirilmesi m\u00fcmk\u00fcnd\u00fcr.<\/p>\n<p>Hangi de\u011ferlendirmelerin yay\u0131nlanaca\u011f\u0131 hususunun yan\u0131 s\u0131ra, K\u0131lavuz&#8217;un 7. Maddesinde, sat\u0131c\u0131, sa\u011flay\u0131c\u0131 ya da arac\u0131 hizmet sa\u011flay\u0131c\u0131lar\u0131n, t\u00fcketicinin yapt\u0131\u011f\u0131 de\u011ferlendirmenin yay\u0131nlanmas\u0131na ili\u015fkin i\u015fletmeleri gereken &#8220;kontrol s\u00fcreci&#8221; d\u00fczenlenmektedir. Buna g\u00f6re, s\u00f6z konusu s\u00fcrecin zorlu\u011fu, t\u00fcketiciler bak\u0131m\u0131ndan makul ve orant\u0131l\u0131 olmal\u0131, de\u011ferlendirme yapan t\u00fcketicinin cesaretini k\u0131rmamal\u0131d\u0131r. \u0130lgili maddenin devam\u0131nda, doland\u0131r\u0131c\u0131l\u0131k faaliyetlerini otomatik olarak tespit edebilen ara\u00e7lar kullanmak ve \u015f\u00fcpheli de\u011ferlendirmelerle ilgili \u015fikayetlere yan\u0131t vermek i\u00e7in \u00f6nlemler almak gibi makul ve orant\u0131l\u0131 kontrol s\u00fcre\u00e7lerinin nas\u0131l olabilece\u011fine ili\u015fkin \u00f6rneklere yer verilmektedir Ek olarak, de\u011ferlendirmelerin olumlu veya olumsuz olmas\u0131na bak\u0131lmaks\u0131z\u0131n ayn\u0131 kontrol s\u00fcrecine ve zaman s\u0131n\u0131r\u0131na tabi olmas\u0131 gerekti\u011fi vurgulanmaktad\u0131r.<\/p>\n<p>K\u0131lavuz, ayr\u0131ca, yan\u0131lt\u0131c\u0131 de\u011ferlendirme olarak nitelendirilebilecek durumlar\u0131 da d\u00fczenlemektedir. Bu kapsamda, bir menfaat kar\u015f\u0131l\u0131\u011f\u0131nda yap\u0131lan be\u011feni, onay belirten sembol ve ifadelerin (d\u00fcr\u00fcst ve objektif olmamas\u0131 nedeniyle) yan\u0131lt\u0131c\u0131 oldu\u011fu belirtilmektedir. Benzer \u015fekilde, sat\u0131n al\u0131nandan farkl\u0131 bir mal veya hizmete y\u00f6nelik yap\u0131lan de\u011ferlendirmeler de yan\u0131lt\u0131c\u0131 de\u011ferlendirme olarak kabul edilmektedir. K\u0131lavuz&#8217;da yan\u0131lt\u0131c\u0131 de\u011ferlendirmelerin yay\u0131nlanamayaca\u011f\u0131 belirtilmektedir.<\/p>\n<p>K\u0131lavuz&#8217;un 8. maddesinin 3, 4 ve 5. f\u0131kralar\u0131nda sat\u0131c\u0131, sa\u011flay\u0131c\u0131 ya da arac\u0131 hizmet sa\u011flay\u0131c\u0131lar\u0131n t\u00fcketici de\u011ferlendirmelerini manip\u00fcle edebilecek uygulamalardan ka\u00e7\u0131nmas\u0131 gerekti\u011fi ifade edilmektedir. Bu kapsamda, manip\u00fcle edici uygulama olarak de\u011ferlendirilebilecek durumlar, ilgili maddede ayr\u0131nt\u0131l\u0131 olarak a\u00e7\u0131klanmaktad\u0131r. \u00d6rne\u011fin, t\u00fcketicilerin bir mal veya hizmeti yaln\u0131zca tek bir y\u00f6n\u00fcyle de\u011ferlendirme yapabilmesini sa\u011flamak, t\u00fcketicilerin olumlu yorum yapmas\u0131n\u0131 te\u015fvik etme ama\u00e7l\u0131 hediye \u00e7eki, indirim imkan\u0131 gibi f\u0131rsatlar sunmak ve olumsuz de\u011ferlendirme yap\u0131lmas\u0131na ili\u015fkin zorluk \u00e7\u0131kartmak veya ek y\u00fck\u00fcml\u00fcl\u00fckler getirmek, bu kapsamda kabul edilmektedir.<\/p>\n<p>Yukar\u0131da say\u0131lanlara paralel olarak, K\u0131lavuz&#8217;un 8. maddesi uyar\u0131nca, yaln\u0131zca olumlu t\u00fcketici de\u011ferlendirmelerinin yay\u0131nlanmas\u0131n\u0131 veya olumsuz de\u011ferlendirmelerin yay\u0131nlanmamas\u0131n\u0131 sa\u011flamak, ilgili verileri manip\u00fcle ederek arama motorlar\u0131 \u00fczerinden i\u015fletmelerin g\u00f6r\u00fcn\u00fcrl\u00fc\u011f\u00fcn\u00fcn yan\u0131lt\u0131c\u0131 bi\u00e7imde artt\u0131rmak ve t\u00fcketicilere \u00f6nceden doldurulmu\u015f olumlu de\u011ferlendirme \u015fablonlar\u0131 sa\u011flamak, haks\u0131z ticari uygulama olarak de\u011ferlendirilmekte olup, bu y\u00f6ndeki t\u00fcketici de\u011ferlendirmelerinin yay\u0131nlanamayacaklar\u0131 ifade edilmektedir.<\/p>\n<p>K\u0131lavuz kapsam\u0131nda y\u00fck\u00fcml\u00fc olan ki\u015filer, K\u0131lavuz&#8217;un 9. maddesinde d\u00fczenlenmektedir. Buna g\u00f6re, reklam verenlerin, reklam ajanslar\u0131n\u0131n ve mecra kurulu\u015flar\u0131n\u0131n ayr\u0131 ayr\u0131 sorumlu oldu\u011fu ve K\u0131lavuz&#8217;a uygun olmayan reklam ve ticari uygulaman\u0131n daha sonra d\u00fczeltilmesi veya telafi edilmesinin, tespit edilen ayk\u0131r\u0131l\u0131\u011fa ili\u015fkin sorumlulu\u011fu ortadan kald\u0131rmayaca\u011f\u0131 belirtilmektedir.<\/p>\n<h3><strong>Sonu\u00e7<\/strong><\/h3>\n<p>K\u0131lavuz ile, t\u00fcketici de\u011ferlendirmelerinin ne oldu\u011fu hakk\u0131nda bir \u00e7er\u00e7eve \u00e7izilerek s\u00f6z konusu de\u011ferlendirmelerin t\u00fcketiciyi yan\u0131lt\u0131c\u0131 olmamas\u0131 ad\u0131na sat\u0131c\u0131, sa\u011flay\u0131c\u0131 ve arac\u0131 hizmet sa\u011flay\u0131c\u0131lara \u00e7e\u015fitli y\u00fck\u00fcml\u00fcl\u00fckler getirilmektedir. Bu do\u011frultuda, sat\u0131c\u0131, sa\u011flay\u0131c\u0131 ve arac\u0131 hizmet sa\u011flay\u0131c\u0131lar\u0131n t\u00fcketici de\u011ferlendirmelerinin yay\u0131nlanmas\u0131na ili\u015fkin s\u00fcre\u00e7te, s\u00fcrecin objektif ve makul bir \u015fekilde y\u00fcr\u00fct\u00fclmesini esas alan bir rehber niteli\u011fi ta\u015f\u0131yan K\u0131lavuz&#8217;u detayl\u0131 \u015fekilde inceleyerek gerekli uyum s\u00fcrecini y\u00fcr\u00fctmesi \u00f6nem arz etmektedir.<\/p>\n","protected":false},"excerpt":{"rendered":"<p>Yeni Geli\u015fme T\u00fcketicilerin al\u0131\u015fveri\u015f tercihlerinde \u00f6nemli bir yer tutan ve sat\u0131n alma kararlar\u0131n\u0131 etkileyen t\u00fcketici de\u011ferlendirmeleri hakk\u0131nda, Reklam Kurulu taraf\u0131ndan [&hellip;]<\/p>\n","protected":false},"author":4,"featured_media":0,"comment_status":"closed","ping_status":"closed","sticky":false,"template":"","format":"standard","meta":{"_acf_changed":false,"_stopmodifiedupdate":false,"_modified_date":"","footnotes":""},"categories":[120],"tags":[94],"class_list":["post-26577","post","type-post","status-publish","format-standard","hentry","category-legal-alerts","tag-international-commercial-and-trade-tr"],"acf":[],"yoast_head":"<!-- This site is optimized with the Yoast SEO plugin v24.0 - https:\/\/yoast.com\/wordpress\/plugins\/seo\/ -->\n<title>T\u00fcketici De\u011ferlendirmeleri Hakk\u0131nda K\u0131lavuz Yay\u0131mland\u0131<\/title>\n<meta name=\"description\" content=\"Yeni Geli\u015fme T\u00fcketicilerin al\u0131\u015fveri\u015f tercihlerinde \u00f6nemli bir yer tutan ve sat\u0131n alma kararlar\u0131n\u0131 etkileyen t\u00fcketici de\u011ferlendirmeleri hakk\u0131nda, Reklam\" \/>\n<meta name=\"robots\" content=\"index, follow, max-snippet:-1, max-image-preview:large, max-video-preview:-1\" \/>\n<link rel=\"canonical\" href=\"https:\/\/www.esin.av.tr\/tr\/2023\/09\/26\/tuketici-degerlendirmeleri-hakkinda-kilavuz-yayimlandi\/\" \/>\n<meta property=\"og:locale\" content=\"tr_TR\" \/>\n<meta property=\"og:type\" content=\"article\" \/>\n<meta property=\"og:title\" content=\"T\u00fcketici De\u011ferlendirmeleri Hakk\u0131nda K\u0131lavuz Yay\u0131mland\u0131\" \/>\n<meta property=\"og:description\" content=\"Yeni Geli\u015fme T\u00fcketicilerin al\u0131\u015fveri\u015f tercihlerinde \u00f6nemli bir yer tutan ve sat\u0131n alma kararlar\u0131n\u0131 etkileyen t\u00fcketici de\u011ferlendirmeleri hakk\u0131nda, Reklam\" \/>\n<meta property=\"og:url\" content=\"https:\/\/www.esin.av.tr\/tr\/2023\/09\/26\/tuketici-degerlendirmeleri-hakkinda-kilavuz-yayimlandi\/\" \/>\n<meta property=\"og:site_name\" content=\"Esin Avukatl\u0131k Ortakl\u0131\u011f\u0131\" \/>\n<meta property=\"article:published_time\" content=\"2023-09-26T09:19:01+00:00\" \/>\n<meta name=\"author\" content=\"R\u0131dvan Konrat\" \/>\n<meta name=\"twitter:card\" content=\"summary_large_image\" \/>\n<meta name=\"twitter:label1\" content=\"Written by\" \/>\n\t<meta name=\"twitter:data1\" content=\"R\u0131dvan Konrat\" \/>\n\t<meta name=\"twitter:label2\" content=\"Est. reading time\" \/>\n\t<meta name=\"twitter:data2\" content=\"8 minutes\" \/>\n<script type=\"application\/ld+json\" class=\"yoast-schema-graph\">{\"@context\":\"https:\/\/schema.org\",\"@graph\":[{\"@type\":\"Article\",\"@id\":\"https:\/\/www.esin.av.tr\/tr\/2023\/09\/26\/tuketici-degerlendirmeleri-hakkinda-kilavuz-yayimlandi\/#article\",\"isPartOf\":{\"@id\":\"https:\/\/www.esin.av.tr\/tr\/2023\/09\/26\/tuketici-degerlendirmeleri-hakkinda-kilavuz-yayimlandi\/\"},\"author\":{\"name\":\"R\u0131dvan Konrat\",\"@id\":\"https:\/\/www.esin.av.tr\/tr\/#\/schema\/person\/42c8e616aab56b8622fa365ad63282ae\"},\"headline\":\"T\u00fcketici De\u011ferlendirmeleri Hakk\u0131nda K\u0131lavuz Yay\u0131mland\u0131\",\"datePublished\":\"2023-09-26T09:19:01+00:00\",\"dateModified\":\"2023-09-26T09:19:01+00:00\",\"mainEntityOfPage\":{\"@id\":\"https:\/\/www.esin.av.tr\/tr\/2023\/09\/26\/tuketici-degerlendirmeleri-hakkinda-kilavuz-yayimlandi\/\"},\"wordCount\":1637,\"publisher\":{\"@id\":\"https:\/\/www.esin.av.tr\/tr\/#organization\"},\"keywords\":[\"Uluslararas\u0131 Ticaret Hukuku\"],\"articleSection\":[\"Hukuk B\u00fcltenleri\"],\"inLanguage\":\"tr\"},{\"@type\":\"WebPage\",\"@id\":\"https:\/\/www.esin.av.tr\/tr\/2023\/09\/26\/tuketici-degerlendirmeleri-hakkinda-kilavuz-yayimlandi\/\",\"url\":\"https:\/\/www.esin.av.tr\/tr\/2023\/09\/26\/tuketici-degerlendirmeleri-hakkinda-kilavuz-yayimlandi\/\",\"name\":\"T\u00fcketici De\u011ferlendirmeleri Hakk\u0131nda K\u0131lavuz Yay\u0131mland\u0131\",\"isPartOf\":{\"@id\":\"https:\/\/www.esin.av.tr\/tr\/#website\"},\"datePublished\":\"2023-09-26T09:19:01+00:00\",\"dateModified\":\"2023-09-26T09:19:01+00:00\",\"description\":\"Yeni Geli\u015fme T\u00fcketicilerin al\u0131\u015fveri\u015f tercihlerinde \u00f6nemli bir yer tutan ve sat\u0131n alma kararlar\u0131n\u0131 etkileyen t\u00fcketici de\u011ferlendirmeleri hakk\u0131nda, Reklam\",\"breadcrumb\":{\"@id\":\"https:\/\/www.esin.av.tr\/tr\/2023\/09\/26\/tuketici-degerlendirmeleri-hakkinda-kilavuz-yayimlandi\/#breadcrumb\"},\"inLanguage\":\"tr\",\"potentialAction\":[{\"@type\":\"ReadAction\",\"target\":[\"https:\/\/www.esin.av.tr\/tr\/2023\/09\/26\/tuketici-degerlendirmeleri-hakkinda-kilavuz-yayimlandi\/\"]}]},{\"@type\":\"BreadcrumbList\",\"@id\":\"https:\/\/www.esin.av.tr\/tr\/2023\/09\/26\/tuketici-degerlendirmeleri-hakkinda-kilavuz-yayimlandi\/#breadcrumb\",\"itemListElement\":[{\"@type\":\"ListItem\",\"position\":1,\"name\":\"Home\",\"item\":\"https:\/\/www.esin.av.tr\/tr\/\"},{\"@type\":\"ListItem\",\"position\":2,\"name\":\"T\u00fcketici De\u011ferlendirmeleri Hakk\u0131nda K\u0131lavuz Yay\u0131mland\u0131\"}]},{\"@type\":\"WebSite\",\"@id\":\"https:\/\/www.esin.av.tr\/tr\/#website\",\"url\":\"https:\/\/www.esin.av.tr\/tr\/\",\"name\":\"Esin Avukatl\u0131k Ortakl\u0131\u011f\u0131\",\"description\":\"\",\"publisher\":{\"@id\":\"https:\/\/www.esin.av.tr\/tr\/#organization\"},\"potentialAction\":[{\"@type\":\"SearchAction\",\"target\":{\"@type\":\"EntryPoint\",\"urlTemplate\":\"https:\/\/www.esin.av.tr\/tr\/?s={search_term_string}\"},\"query-input\":{\"@type\":\"PropertyValueSpecification\",\"valueRequired\":true,\"valueName\":\"search_term_string\"}}],\"inLanguage\":\"tr\"},{\"@type\":\"Organization\",\"@id\":\"https:\/\/www.esin.av.tr\/tr\/#organization\",\"name\":\"Esin Avukatl\u0131k Ortakl\u0131\u011f\u0131\",\"url\":\"https:\/\/www.esin.av.tr\/tr\/\",\"logo\":{\"@type\":\"ImageObject\",\"inLanguage\":\"tr\",\"@id\":\"https:\/\/www.esin.av.tr\/tr\/#\/schema\/logo\/image\/\",\"url\":\"https:\/\/www.esin.av.tr\/wp-content\/uploads\/2021\/09\/esin-2.jpg\",\"contentUrl\":\"https:\/\/www.esin.av.tr\/wp-content\/uploads\/2021\/09\/esin-2.jpg\",\"width\":800,\"height\":460,\"caption\":\"Esin Avukatl\u0131k Ortakl\u0131\u011f\u0131\"},\"image\":{\"@id\":\"https:\/\/www.esin.av.tr\/tr\/#\/schema\/logo\/image\/\"}},{\"@type\":\"Person\",\"@id\":\"https:\/\/www.esin.av.tr\/tr\/#\/schema\/person\/42c8e616aab56b8622fa365ad63282ae\",\"name\":\"R\u0131dvan Konrat\",\"image\":{\"@type\":\"ImageObject\",\"inLanguage\":\"tr\",\"@id\":\"https:\/\/www.esin.av.tr\/tr\/#\/schema\/person\/image\/\",\"url\":\"https:\/\/secure.gravatar.com\/avatar\/b20c6c583be38ed4e76e32f69fccc676?s=96&d=mm&r=g\",\"contentUrl\":\"https:\/\/secure.gravatar.com\/avatar\/b20c6c583be38ed4e76e32f69fccc676?s=96&d=mm&r=g\",\"caption\":\"R\u0131dvan Konrat\"},\"sameAs\":[\"http:\/\/www.esin.av.tr\"],\"url\":\"https:\/\/www.esin.av.tr\/tr\/author\/rkonrat\/\"}]}<\/script>\n<!-- \/ Yoast SEO plugin. -->","yoast_head_json":{"title":"T\u00fcketici De\u011ferlendirmeleri Hakk\u0131nda K\u0131lavuz Yay\u0131mland\u0131","description":"Yeni Geli\u015fme T\u00fcketicilerin al\u0131\u015fveri\u015f tercihlerinde \u00f6nemli bir yer tutan ve sat\u0131n alma kararlar\u0131n\u0131 etkileyen t\u00fcketici de\u011ferlendirmeleri hakk\u0131nda, Reklam","robots":{"index":"index","follow":"follow","max-snippet":"max-snippet:-1","max-image-preview":"max-image-preview:large","max-video-preview":"max-video-preview:-1"},"canonical":"https:\/\/www.esin.av.tr\/tr\/2023\/09\/26\/tuketici-degerlendirmeleri-hakkinda-kilavuz-yayimlandi\/","og_locale":"tr_TR","og_type":"article","og_title":"T\u00fcketici De\u011ferlendirmeleri Hakk\u0131nda K\u0131lavuz Yay\u0131mland\u0131","og_description":"Yeni Geli\u015fme T\u00fcketicilerin al\u0131\u015fveri\u015f tercihlerinde \u00f6nemli bir yer tutan ve sat\u0131n alma kararlar\u0131n\u0131 etkileyen t\u00fcketici de\u011ferlendirmeleri hakk\u0131nda, Reklam","og_url":"https:\/\/www.esin.av.tr\/tr\/2023\/09\/26\/tuketici-degerlendirmeleri-hakkinda-kilavuz-yayimlandi\/","og_site_name":"Esin Avukatl\u0131k Ortakl\u0131\u011f\u0131","article_published_time":"2023-09-26T09:19:01+00:00","author":"R\u0131dvan Konrat","twitter_card":"summary_large_image","twitter_misc":{"Written by":"R\u0131dvan Konrat","Est. reading time":"8 minutes"},"schema":{"@context":"https:\/\/schema.org","@graph":[{"@type":"Article","@id":"https:\/\/www.esin.av.tr\/tr\/2023\/09\/26\/tuketici-degerlendirmeleri-hakkinda-kilavuz-yayimlandi\/#article","isPartOf":{"@id":"https:\/\/www.esin.av.tr\/tr\/2023\/09\/26\/tuketici-degerlendirmeleri-hakkinda-kilavuz-yayimlandi\/"},"author":{"name":"R\u0131dvan Konrat","@id":"https:\/\/www.esin.av.tr\/tr\/#\/schema\/person\/42c8e616aab56b8622fa365ad63282ae"},"headline":"T\u00fcketici De\u011ferlendirmeleri Hakk\u0131nda K\u0131lavuz Yay\u0131mland\u0131","datePublished":"2023-09-26T09:19:01+00:00","dateModified":"2023-09-26T09:19:01+00:00","mainEntityOfPage":{"@id":"https:\/\/www.esin.av.tr\/tr\/2023\/09\/26\/tuketici-degerlendirmeleri-hakkinda-kilavuz-yayimlandi\/"},"wordCount":1637,"publisher":{"@id":"https:\/\/www.esin.av.tr\/tr\/#organization"},"keywords":["Uluslararas\u0131 Ticaret Hukuku"],"articleSection":["Hukuk B\u00fcltenleri"],"inLanguage":"tr"},{"@type":"WebPage","@id":"https:\/\/www.esin.av.tr\/tr\/2023\/09\/26\/tuketici-degerlendirmeleri-hakkinda-kilavuz-yayimlandi\/","url":"https:\/\/www.esin.av.tr\/tr\/2023\/09\/26\/tuketici-degerlendirmeleri-hakkinda-kilavuz-yayimlandi\/","name":"T\u00fcketici De\u011ferlendirmeleri Hakk\u0131nda K\u0131lavuz Yay\u0131mland\u0131","isPartOf":{"@id":"https:\/\/www.esin.av.tr\/tr\/#website"},"datePublished":"2023-09-26T09:19:01+00:00","dateModified":"2023-09-26T09:19:01+00:00","description":"Yeni Geli\u015fme T\u00fcketicilerin al\u0131\u015fveri\u015f tercihlerinde \u00f6nemli bir yer tutan ve sat\u0131n alma kararlar\u0131n\u0131 etkileyen t\u00fcketici de\u011ferlendirmeleri hakk\u0131nda, Reklam","breadcrumb":{"@id":"https:\/\/www.esin.av.tr\/tr\/2023\/09\/26\/tuketici-degerlendirmeleri-hakkinda-kilavuz-yayimlandi\/#breadcrumb"},"inLanguage":"tr","potentialAction":[{"@type":"ReadAction","target":["https:\/\/www.esin.av.tr\/tr\/2023\/09\/26\/tuketici-degerlendirmeleri-hakkinda-kilavuz-yayimlandi\/"]}]},{"@type":"BreadcrumbList","@id":"https:\/\/www.esin.av.tr\/tr\/2023\/09\/26\/tuketici-degerlendirmeleri-hakkinda-kilavuz-yayimlandi\/#breadcrumb","itemListElement":[{"@type":"ListItem","position":1,"name":"Home","item":"https:\/\/www.esin.av.tr\/tr\/"},{"@type":"ListItem","position":2,"name":"T\u00fcketici De\u011ferlendirmeleri Hakk\u0131nda K\u0131lavuz Yay\u0131mland\u0131"}]},{"@type":"WebSite","@id":"https:\/\/www.esin.av.tr\/tr\/#website","url":"https:\/\/www.esin.av.tr\/tr\/","name":"Esin Avukatl\u0131k Ortakl\u0131\u011f\u0131","description":"","publisher":{"@id":"https:\/\/www.esin.av.tr\/tr\/#organization"},"potentialAction":[{"@type":"SearchAction","target":{"@type":"EntryPoint","urlTemplate":"https:\/\/www.esin.av.tr\/tr\/?s={search_term_string}"},"query-input":{"@type":"PropertyValueSpecification","valueRequired":true,"valueName":"search_term_string"}}],"inLanguage":"tr"},{"@type":"Organization","@id":"https:\/\/www.esin.av.tr\/tr\/#organization","name":"Esin Avukatl\u0131k Ortakl\u0131\u011f\u0131","url":"https:\/\/www.esin.av.tr\/tr\/","logo":{"@type":"ImageObject","inLanguage":"tr","@id":"https:\/\/www.esin.av.tr\/tr\/#\/schema\/logo\/image\/","url":"https:\/\/www.esin.av.tr\/wp-content\/uploads\/2021\/09\/esin-2.jpg","contentUrl":"https:\/\/www.esin.av.tr\/wp-content\/uploads\/2021\/09\/esin-2.jpg","width":800,"height":460,"caption":"Esin Avukatl\u0131k Ortakl\u0131\u011f\u0131"},"image":{"@id":"https:\/\/www.esin.av.tr\/tr\/#\/schema\/logo\/image\/"}},{"@type":"Person","@id":"https:\/\/www.esin.av.tr\/tr\/#\/schema\/person\/42c8e616aab56b8622fa365ad63282ae","name":"R\u0131dvan Konrat","image":{"@type":"ImageObject","inLanguage":"tr","@id":"https:\/\/www.esin.av.tr\/tr\/#\/schema\/person\/image\/","url":"https:\/\/secure.gravatar.com\/avatar\/b20c6c583be38ed4e76e32f69fccc676?s=96&d=mm&r=g","contentUrl":"https:\/\/secure.gravatar.com\/avatar\/b20c6c583be38ed4e76e32f69fccc676?s=96&d=mm&r=g","caption":"R\u0131dvan Konrat"},"sameAs":["http:\/\/www.esin.av.tr"],"url":"https:\/\/www.esin.av.tr\/tr\/author\/rkonrat\/"}]}},"_links":{"self":[{"href":"https:\/\/www.esin.av.tr\/tr\/wp-json\/wp\/v2\/posts\/26577","targetHints":{"allow":["GET"]}}],"collection":[{"href":"https:\/\/www.esin.av.tr\/tr\/wp-json\/wp\/v2\/posts"}],"about":[{"href":"https:\/\/www.esin.av.tr\/tr\/wp-json\/wp\/v2\/types\/post"}],"author":[{"embeddable":true,"href":"https:\/\/www.esin.av.tr\/tr\/wp-json\/wp\/v2\/users\/4"}],"replies":[{"embeddable":true,"href":"https:\/\/www.esin.av.tr\/tr\/wp-json\/wp\/v2\/comments?post=26577"}],"version-history":[{"count":1,"href":"https:\/\/www.esin.av.tr\/tr\/wp-json\/wp\/v2\/posts\/26577\/revisions"}],"predecessor-version":[{"id":26578,"href":"https:\/\/www.esin.av.tr\/tr\/wp-json\/wp\/v2\/posts\/26577\/revisions\/26578"}],"wp:attachment":[{"href":"https:\/\/www.esin.av.tr\/tr\/wp-json\/wp\/v2\/media?parent=26577"}],"wp:term":[{"taxonomy":"category","embeddable":true,"href":"https:\/\/www.esin.av.tr\/tr\/wp-json\/wp\/v2\/categories?post=26577"},{"taxonomy":"post_tag","embeddable":true,"href":"https:\/\/www.esin.av.tr\/tr\/wp-json\/wp\/v2\/tags?post=26577"}],"curies":[{"name":"wp","href":"https:\/\/api.w.org\/{rel}","templated":true}]}}