{"id":26572,"date":"2023-09-22T13:13:05","date_gmt":"2023-09-22T13:13:05","guid":{"rendered":"https:\/\/www.esin.av.tr\/?p=26572"},"modified":"2023-09-22T13:13:05","modified_gmt":"2023-09-22T13:13:05","slug":"yargitaydan-onemli-bir-ictihatlari-birlestirme-karari","status":"publish","type":"post","link":"https:\/\/www.esin.av.tr\/tr\/2023\/09\/22\/yargitaydan-onemli-bir-ictihatlari-birlestirme-karari\/","title":{"rendered":"Yarg\u0131tay&#8217;dan \u00f6nemli bir i\u00e7tihatlar\u0131 birle\u015ftirme karar\u0131"},"content":{"rendered":"<h3><strong>Yeni Geli\u015fme<\/strong><\/h3>\n<p>Yarg\u0131tay \u0130\u00e7tihatlar\u0131 Birle\u015ftirme B\u00fcy\u00fck Genel Kurulu (&#8220;<strong>Kurul<\/strong>&#8220;), 2021\/5 E., 2023\/2 K. say\u0131l\u0131 karar\u0131\u00a0 (&#8220;<strong>Karar<\/strong>&#8220;) ile mahkeme kararlar\u0131nda hatal\u0131 olarak g\u00f6sterilen kanun yolu s\u00fcresine g\u00f6re yap\u0131lan kanun yolu ba\u015fvurusunun incelenmesi gerekti\u011fine karar vermi\u015ftir. Karar\u0131n sonu\u00e7 k\u0131sm\u0131 b\u00fct\u00fcn mahkemeler ile adli ve idari organlar \u00fczerinde ba\u011flay\u0131c\u0131 olacakt\u0131r. 14.09.2023 tarihli Resmi Gazete&#8217;de yay\u0131nlanan karara <a href=\"https:\/\/urldefense.com\/v3\/__https:\/esinxchange.com\/collect\/click.aspx?u=cWtZbjE5NWhHM2wzeTVsRUFPOHN0bkNQaW9KWm5QbFUraUZ1TytQclVnTFVtWGQ3Rjg0OE1nb0lKdXJxMy9ya1VKSitJc241NXphVkxNWEpvNU1HRGVPcXhPMC95VEFOelVta2RCek1telhpQW1IOFVRWHJLdzVnSHo5OWFVY2c=&amp;rh=ff00b5625c91f298a7f139bb694a89c43a1aa3ee__;!!Hj9Y_P0nvg!SCzn3BRQZTEdbKUF2H5gqQkeh1bI9Symglf6g7Gy6Frih7tNJCC7QARcOGRy8HdVVOCblcLe7h-J9W2VjwOGDIBuf3GsKg$\">buradan<\/a> ula\u015fabilirsiniz.<\/p>\n<h3><strong>Kurul&#8217;un \u0130\u00e7tihatlar\u0131 Birle\u015ftirme Karar\u0131&#8217;n\u0131n Gerek\u00e7eleri<\/strong><\/h3>\n<p>Kurul&#8217;un i\u00e7tihatlar\u0131 birle\u015ftirme karar\u0131n\u0131n konusu, kesin nitelikte oldu\u011fu tart\u0131\u015fmas\u0131z olan kanun yoluna ba\u015fvuru s\u00fcresinin mahkemelerce h\u00fck\u00fcm f\u0131kras\u0131nda hatal\u0131 olarak g\u00f6sterilmesine ili\u015fkindir. Bu hususta Yarg\u0131tay Hukuk Genel Kurulu da dahil olmak \u00fczere Yarg\u0131tay&#8217;\u0131n baz\u0131 daireleri aras\u0131nda g\u00f6r\u00fc\u015f ve uygulama farkl\u0131l\u0131\u011f\u0131 ortaya \u00e7\u0131km\u0131\u015ft\u0131r.<\/p>\n<p>Daireler aras\u0131 ihtilaf\u0131n temelinde, hatal\u0131 s\u00fcreye dayan\u0131larak yap\u0131lan kanun yolu ba\u015fvurusunun esastan incelenmesinin kanunun kesin s\u00fcreye ba\u011flad\u0131\u011f\u0131 sonu\u00e7lar\u0131 bertaraf edip etmeyece\u011fi yatmaktad\u0131r.<br \/>\n\u0130lk olarak Kurul, kanun yoluna ba\u015fvuru hakk\u0131n\u0131n, Anayasa&#8217;da g\u00fcvence alt\u0131na al\u0131nan hak arama \u00f6zg\u00fcrl\u00fc\u011f\u00fc ve mahkemeye eri\u015fim hakk\u0131n\u0131n ayr\u0131lmaz par\u00e7as\u0131 oldu\u011funu tespit etmi\u015f ve bu haklar do\u011frultusunda bir de\u011ferlendirme yap\u0131lmas\u0131na karar vermi\u015ftir.<\/p>\n<p>Bu de\u011ferlendirmeye g\u00f6re Kurul, bir hukuk devletinin en temel y\u00fck\u00fcml\u00fcl\u00fcklerinden birinin Anayasa madde 40 uyar\u0131nca bireylerin hak ve h\u00fcrriyetlerinin ihlali neticesinde gerekli ba\u015fvuru yollar\u0131n\u0131n sa\u011flanmas\u0131 oldu\u011funu ifade etmi\u015ftir. Nitekim, Anayasa&#8217;n\u0131n 36. maddesinde d\u00fczenlenen hak arama \u00f6zg\u00fcrl\u00fc\u011f\u00fc ile ki\u015filerin davac\u0131 ve daval\u0131 olarak ba\u015fvurma ile iddia, savunma ve adil yarg\u0131lanma haklar\u0131n\u0131n g\u00fcvence alt\u0131na al\u0131nd\u0131\u011f\u0131 saptamas\u0131n\u0131 yapm\u0131\u015ft\u0131r. Kurul, bu sebeple, mahkemeye eri\u015fim hakk\u0131n\u0131n hak arama \u00f6zg\u00fcrl\u00fc\u011f\u00fcn\u00fcn temel bir unsuru oldu\u011funu belirtmi\u015ftir. \u00d6yle ki mahkemeye eri\u015fimin hakk\u0131n\u0131n sa\u011flanmad\u0131\u011f\u0131 bir durumda adil yarg\u0131lanma hakk\u0131n\u0131n i\u00e7erdi\u011fi di\u011fer g\u00fcvencelerin de i\u015flemez hale gelece\u011fini s\u00f6ylemi\u015ftir.<\/p>\n<p>Kurul ayr\u0131ca, devletin yurtta\u015flar\u0131na hukuki korunma sa\u011flamas\u0131n\u0131n yan\u0131nda bunun kullan\u0131lmas\u0131n\u0131 sa\u011flayacak etkili mekanizmalar\u0131 tesis etme y\u00fck\u00fcml\u00fcl\u00fc\u011f\u00fc alt\u0131nda oldu\u011funu belirtmi\u015ftir. Kurul, bu hususta Avrupa \u0130nsan Haklar\u0131 Mahkemesi&#8217;nin (&#8220;<strong>A\u0130HM<\/strong>&#8220;) mahkemeye eri\u015fim hakk\u0131n\u0131n hukukun \u00fcst\u00fcnl\u00fc\u011f\u00fc ilkesinin ayr\u0131lmaz bir par\u00e7as\u0131 oldu\u011fu, bu sebeple mahkemeye ba\u015fvuru a\u00e7\u0131s\u0131ndan tutarl\u0131 bir sistemin varl\u0131\u011f\u0131n\u0131n ve bireylerin mahkemeye eri\u015fmede a\u00e7\u0131k, pratik ve etkili f\u0131rsatlara sahip olmas\u0131 gerekti\u011fi \u015feklindeki bulgular\u0131na at\u0131f yapm\u0131\u015ft\u0131r. Benzer \u015fekilde, Kurul, A\u0130HM&#8217;in <em>Bayar ve G\u00fcrb\u00fcz\/T\u00fcrkiye <\/em>karar\u0131nda vard\u0131\u011f\u0131 i\u00e7 hukukta tan\u0131nan kanun yollar\u0131na ba\u015fvuru hakk\u0131n\u0131n etkili \u015fekilde kullan\u0131lmas\u0131 gerekti\u011fi y\u00f6n\u00fcndeki g\u00f6r\u00fc\u015f\u00fcn\u00fc de al\u0131nt\u0131lam\u0131\u015ft\u0131r.<\/p>\n<p>Buna ek olarak, Kurul Anayasa&#8217;n\u0131n 40. maddesi uyar\u0131nca sa\u011flanan, devletin i\u015flemlerinde bireylere hangi kanun yollar\u0131na hangi s\u00fcrelerde ba\u015fvurmas\u0131 gerekti\u011fi y\u00f6n\u00fcndeki bildirim y\u00fck\u00fcml\u00fcl\u00fc\u011f\u00fcn\u00fcn hak arama \u00f6zg\u00fcrl\u00fc\u011f\u00fc bak\u0131m\u0131ndan zorunluluk oldu\u011funu belirtmi\u015ftir. Ayr\u0131ca, 6100 say\u0131l\u0131 Hukuk Muhakemeleri Kanunu madde 297 uyar\u0131nca hukuk davalar\u0131nda mahkemelerce kurulacak h\u00fck\u00fcmlerin i\u00e7ermesi gereken unsurlardan birinin de varsa kanun yollar\u0131 ile ba\u015fvuru s\u00fcresi oldu\u011funu ifade etmi\u015ftir. Kurul, ba\u015fvuru mercii ile s\u00fcresinin do\u011fru olarak g\u00f6sterilmesinin anayasal bir gereklilik oldu\u011fu sonucuna varm\u0131\u015ft\u0131r.<\/p>\n<p>Kurul, kanun yollar\u0131na ba\u015fvuru s\u00fcresinin kesin ve hak d\u00fc\u015f\u00fcr\u00fcc\u00fc s\u00fcre niteli\u011finde oldu\u011fu hususunda tart\u0131\u015fma olmad\u0131\u011f\u0131n\u0131 belirtmi\u015ftir. Bununla birlikte, kanun yoluna ba\u015fvurunun ge\u00e7 yap\u0131lmas\u0131nda mahkemelerin hatas\u0131 olan durumlarda (\u00f6rne\u011fin ba\u015fvuru s\u00fcresinin yanl\u0131\u015f g\u00f6sterilmesi) kanun yollar\u0131na ba\u015fvuru s\u00fcresinin kesin niteli\u011fine s\u0131k\u0131 s\u0131k\u0131ya ba\u011fl\u0131 kalman\u0131n bireylerin mahkemeye eri\u015fim haklar\u0131n\u0131 ihlal edebilece\u011fini ifade etmi\u015ftir. Bu sebeple, hatal\u0131 olarak g\u00f6sterilen kanun yolu s\u00fcresine uyularak yap\u0131lan ba\u015fvurunun, adil yarg\u0131lanma ve mahkemeye eri\u015fim haklar\u0131 kapsam\u0131nda de\u011ferlendirilerek s\u00fcresinde yap\u0131lm\u0131\u015f say\u0131lmas\u0131 gerekti\u011fi sonucuna ula\u015fm\u0131\u015ft\u0131r.<\/p>\n<p>Son olarak Kurul, mahkemenin h\u00fck\u00fcmde hatal\u0131 olarak g\u00f6sterdi\u011fi kanun yolu ba\u015fvuru s\u00fcrelerinin kanunda \u00f6ng\u00f6r\u00fclm\u00fc\u015f olmas\u0131 gerekti\u011fini, yoksa hi\u00e7 d\u00fczenlenmemi\u015f bir s\u00fcre hakk\u0131nda verilebilecek hatal\u0131 h\u00fckm\u00fcn taraflara kanun yoluna ba\u015fvuru hakk\u0131 sa\u011flamayaca\u011f\u0131n\u0131 belirtmi\u015ftir. Kurul, mahkemelerce hatal\u0131 olarak kanun yolunun a\u00e7\u0131k oldu\u011funun belirtildi\u011fi durumlarda, esastan kanun yolu incelemesi yap\u0131lamayaca\u011f\u0131n\u0131 ifade etmi\u015ftir.<\/p>\n<h3><strong>Sonu\u00e7<\/strong><\/h3>\n<p>Yarg\u0131tay \u0130\u00e7tihatlar\u0131 Birle\u015ftirme B\u00fcy\u00fck Genel Kurulu&#8217;nun karar\u0131 ile mahkemenin h\u00fckm\u00fcnde hatal\u0131 olarak g\u00f6sterdi\u011fi kanun yoluna ba\u015fvuru s\u00fcresine uyularak yap\u0131lan ba\u015fvurular\u0131n esastan incelenmesi y\u00f6n\u00fcnde i\u00e7tihatlar\u0131 birle\u015ftirme karar\u0131 verilmi\u015ftir. Kurul&#8217;un vard\u0131\u011f\u0131 bu sonu\u00e7 konusu itibar\u0131yla di\u011fer mahkemeler, adli ve idari makamlar \u00fczerinde ba\u011flay\u0131c\u0131 olacakt\u0131r.<\/p>\n","protected":false},"excerpt":{"rendered":"<p>Yeni Geli\u015fme Yarg\u0131tay \u0130\u00e7tihatlar\u0131 Birle\u015ftirme B\u00fcy\u00fck Genel Kurulu (&#8220;Kurul&#8220;), 2021\/5 E., 2023\/2 K. say\u0131l\u0131 karar\u0131\u00a0 (&#8220;Karar&#8220;) ile mahkeme kararlar\u0131nda hatal\u0131 [&hellip;]<\/p>\n","protected":false},"author":4,"featured_media":0,"comment_status":"closed","ping_status":"closed","sticky":false,"template":"","format":"standard","meta":{"_acf_changed":false,"_stopmodifiedupdate":false,"_modified_date":"","footnotes":""},"categories":[120],"tags":[96],"class_list":["post-26572","post","type-post","status-publish","format-standard","hentry","category-legal-alerts","tag-dispute-resolution-tr"],"acf":[],"yoast_head":"<!-- This site is optimized with the Yoast SEO plugin v24.0 - https:\/\/yoast.com\/wordpress\/plugins\/seo\/ -->\n<title>Yarg\u0131tay&#039;dan \u00f6nemli bir i\u00e7tihatlar\u0131 birle\u015ftirme karar\u0131<\/title>\n<meta name=\"description\" content=\"Yeni Geli\u015fme Yarg\u0131tay \u0130\u00e7tihatlar\u0131 Birle\u015ftirme B\u00fcy\u00fck Genel Kurulu (&quot;Kurul&quot;), 2021\/5 E., 2023\/2 K. say\u0131l\u0131 karar\u0131\u00a0 (&quot;Karar&quot;) ile mahkeme kararlar\u0131nda hatal\u0131\" \/>\n<meta name=\"robots\" content=\"index, follow, max-snippet:-1, max-image-preview:large, max-video-preview:-1\" \/>\n<link rel=\"canonical\" href=\"https:\/\/www.esin.av.tr\/tr\/2023\/09\/22\/yargitaydan-onemli-bir-ictihatlari-birlestirme-karari\/\" \/>\n<meta property=\"og:locale\" content=\"tr_TR\" \/>\n<meta property=\"og:type\" content=\"article\" \/>\n<meta property=\"og:title\" content=\"Yarg\u0131tay&#039;dan \u00f6nemli bir i\u00e7tihatlar\u0131 birle\u015ftirme karar\u0131\" \/>\n<meta property=\"og:description\" content=\"Yeni Geli\u015fme Yarg\u0131tay \u0130\u00e7tihatlar\u0131 Birle\u015ftirme B\u00fcy\u00fck Genel Kurulu (&quot;Kurul&quot;), 2021\/5 E., 2023\/2 K. say\u0131l\u0131 karar\u0131\u00a0 (&quot;Karar&quot;) ile mahkeme kararlar\u0131nda hatal\u0131\" \/>\n<meta property=\"og:url\" content=\"https:\/\/www.esin.av.tr\/tr\/2023\/09\/22\/yargitaydan-onemli-bir-ictihatlari-birlestirme-karari\/\" \/>\n<meta property=\"og:site_name\" content=\"Esin Avukatl\u0131k Ortakl\u0131\u011f\u0131\" \/>\n<meta property=\"article:published_time\" content=\"2023-09-22T13:13:05+00:00\" \/>\n<meta name=\"author\" content=\"R\u0131dvan Konrat\" \/>\n<meta name=\"twitter:card\" content=\"summary_large_image\" \/>\n<meta name=\"twitter:label1\" content=\"Written by\" \/>\n\t<meta name=\"twitter:data1\" content=\"R\u0131dvan Konrat\" \/>\n\t<meta name=\"twitter:label2\" content=\"Est. reading time\" \/>\n\t<meta name=\"twitter:data2\" content=\"4 minutes\" \/>\n<script type=\"application\/ld+json\" class=\"yoast-schema-graph\">{\"@context\":\"https:\/\/schema.org\",\"@graph\":[{\"@type\":\"Article\",\"@id\":\"https:\/\/www.esin.av.tr\/tr\/2023\/09\/22\/yargitaydan-onemli-bir-ictihatlari-birlestirme-karari\/#article\",\"isPartOf\":{\"@id\":\"https:\/\/www.esin.av.tr\/tr\/2023\/09\/22\/yargitaydan-onemli-bir-ictihatlari-birlestirme-karari\/\"},\"author\":{\"name\":\"R\u0131dvan Konrat\",\"@id\":\"https:\/\/www.esin.av.tr\/tr\/#\/schema\/person\/42c8e616aab56b8622fa365ad63282ae\"},\"headline\":\"Yarg\u0131tay&#8217;dan \u00f6nemli bir i\u00e7tihatlar\u0131 birle\u015ftirme karar\u0131\",\"datePublished\":\"2023-09-22T13:13:05+00:00\",\"dateModified\":\"2023-09-22T13:13:05+00:00\",\"mainEntityOfPage\":{\"@id\":\"https:\/\/www.esin.av.tr\/tr\/2023\/09\/22\/yargitaydan-onemli-bir-ictihatlari-birlestirme-karari\/\"},\"wordCount\":897,\"publisher\":{\"@id\":\"https:\/\/www.esin.av.tr\/tr\/#organization\"},\"keywords\":[\"Uyu\u015fmazl\u0131k \u00c7\u00f6z\u00fcm\u00fc\"],\"articleSection\":[\"Hukuk B\u00fcltenleri\"],\"inLanguage\":\"tr\"},{\"@type\":\"WebPage\",\"@id\":\"https:\/\/www.esin.av.tr\/tr\/2023\/09\/22\/yargitaydan-onemli-bir-ictihatlari-birlestirme-karari\/\",\"url\":\"https:\/\/www.esin.av.tr\/tr\/2023\/09\/22\/yargitaydan-onemli-bir-ictihatlari-birlestirme-karari\/\",\"name\":\"Yarg\u0131tay'dan \u00f6nemli bir i\u00e7tihatlar\u0131 birle\u015ftirme karar\u0131\",\"isPartOf\":{\"@id\":\"https:\/\/www.esin.av.tr\/tr\/#website\"},\"datePublished\":\"2023-09-22T13:13:05+00:00\",\"dateModified\":\"2023-09-22T13:13:05+00:00\",\"description\":\"Yeni Geli\u015fme Yarg\u0131tay \u0130\u00e7tihatlar\u0131 Birle\u015ftirme B\u00fcy\u00fck Genel Kurulu (\\\"Kurul\\\"), 2021\/5 E., 2023\/2 K. say\u0131l\u0131 karar\u0131\u00a0 (\\\"Karar\\\") ile mahkeme kararlar\u0131nda hatal\u0131\",\"breadcrumb\":{\"@id\":\"https:\/\/www.esin.av.tr\/tr\/2023\/09\/22\/yargitaydan-onemli-bir-ictihatlari-birlestirme-karari\/#breadcrumb\"},\"inLanguage\":\"tr\",\"potentialAction\":[{\"@type\":\"ReadAction\",\"target\":[\"https:\/\/www.esin.av.tr\/tr\/2023\/09\/22\/yargitaydan-onemli-bir-ictihatlari-birlestirme-karari\/\"]}]},{\"@type\":\"BreadcrumbList\",\"@id\":\"https:\/\/www.esin.av.tr\/tr\/2023\/09\/22\/yargitaydan-onemli-bir-ictihatlari-birlestirme-karari\/#breadcrumb\",\"itemListElement\":[{\"@type\":\"ListItem\",\"position\":1,\"name\":\"Home\",\"item\":\"https:\/\/www.esin.av.tr\/tr\/\"},{\"@type\":\"ListItem\",\"position\":2,\"name\":\"Yarg\u0131tay&#8217;dan \u00f6nemli bir i\u00e7tihatlar\u0131 birle\u015ftirme karar\u0131\"}]},{\"@type\":\"WebSite\",\"@id\":\"https:\/\/www.esin.av.tr\/tr\/#website\",\"url\":\"https:\/\/www.esin.av.tr\/tr\/\",\"name\":\"Esin Avukatl\u0131k Ortakl\u0131\u011f\u0131\",\"description\":\"\",\"publisher\":{\"@id\":\"https:\/\/www.esin.av.tr\/tr\/#organization\"},\"potentialAction\":[{\"@type\":\"SearchAction\",\"target\":{\"@type\":\"EntryPoint\",\"urlTemplate\":\"https:\/\/www.esin.av.tr\/tr\/?s={search_term_string}\"},\"query-input\":{\"@type\":\"PropertyValueSpecification\",\"valueRequired\":true,\"valueName\":\"search_term_string\"}}],\"inLanguage\":\"tr\"},{\"@type\":\"Organization\",\"@id\":\"https:\/\/www.esin.av.tr\/tr\/#organization\",\"name\":\"Esin Avukatl\u0131k Ortakl\u0131\u011f\u0131\",\"url\":\"https:\/\/www.esin.av.tr\/tr\/\",\"logo\":{\"@type\":\"ImageObject\",\"inLanguage\":\"tr\",\"@id\":\"https:\/\/www.esin.av.tr\/tr\/#\/schema\/logo\/image\/\",\"url\":\"https:\/\/www.esin.av.tr\/wp-content\/uploads\/2021\/09\/esin-2.jpg\",\"contentUrl\":\"https:\/\/www.esin.av.tr\/wp-content\/uploads\/2021\/09\/esin-2.jpg\",\"width\":800,\"height\":460,\"caption\":\"Esin Avukatl\u0131k Ortakl\u0131\u011f\u0131\"},\"image\":{\"@id\":\"https:\/\/www.esin.av.tr\/tr\/#\/schema\/logo\/image\/\"}},{\"@type\":\"Person\",\"@id\":\"https:\/\/www.esin.av.tr\/tr\/#\/schema\/person\/42c8e616aab56b8622fa365ad63282ae\",\"name\":\"R\u0131dvan Konrat\",\"image\":{\"@type\":\"ImageObject\",\"inLanguage\":\"tr\",\"@id\":\"https:\/\/www.esin.av.tr\/tr\/#\/schema\/person\/image\/\",\"url\":\"https:\/\/secure.gravatar.com\/avatar\/b20c6c583be38ed4e76e32f69fccc676?s=96&d=mm&r=g\",\"contentUrl\":\"https:\/\/secure.gravatar.com\/avatar\/b20c6c583be38ed4e76e32f69fccc676?s=96&d=mm&r=g\",\"caption\":\"R\u0131dvan Konrat\"},\"sameAs\":[\"http:\/\/www.esin.av.tr\"],\"url\":\"https:\/\/www.esin.av.tr\/tr\/author\/rkonrat\/\"}]}<\/script>\n<!-- \/ Yoast SEO plugin. -->","yoast_head_json":{"title":"Yarg\u0131tay'dan \u00f6nemli bir i\u00e7tihatlar\u0131 birle\u015ftirme karar\u0131","description":"Yeni Geli\u015fme Yarg\u0131tay \u0130\u00e7tihatlar\u0131 Birle\u015ftirme B\u00fcy\u00fck Genel Kurulu (\"Kurul\"), 2021\/5 E., 2023\/2 K. say\u0131l\u0131 karar\u0131\u00a0 (\"Karar\") ile mahkeme kararlar\u0131nda hatal\u0131","robots":{"index":"index","follow":"follow","max-snippet":"max-snippet:-1","max-image-preview":"max-image-preview:large","max-video-preview":"max-video-preview:-1"},"canonical":"https:\/\/www.esin.av.tr\/tr\/2023\/09\/22\/yargitaydan-onemli-bir-ictihatlari-birlestirme-karari\/","og_locale":"tr_TR","og_type":"article","og_title":"Yarg\u0131tay'dan \u00f6nemli bir i\u00e7tihatlar\u0131 birle\u015ftirme karar\u0131","og_description":"Yeni Geli\u015fme Yarg\u0131tay \u0130\u00e7tihatlar\u0131 Birle\u015ftirme B\u00fcy\u00fck Genel Kurulu (\"Kurul\"), 2021\/5 E., 2023\/2 K. say\u0131l\u0131 karar\u0131\u00a0 (\"Karar\") ile mahkeme kararlar\u0131nda hatal\u0131","og_url":"https:\/\/www.esin.av.tr\/tr\/2023\/09\/22\/yargitaydan-onemli-bir-ictihatlari-birlestirme-karari\/","og_site_name":"Esin Avukatl\u0131k Ortakl\u0131\u011f\u0131","article_published_time":"2023-09-22T13:13:05+00:00","author":"R\u0131dvan Konrat","twitter_card":"summary_large_image","twitter_misc":{"Written by":"R\u0131dvan Konrat","Est. reading time":"4 minutes"},"schema":{"@context":"https:\/\/schema.org","@graph":[{"@type":"Article","@id":"https:\/\/www.esin.av.tr\/tr\/2023\/09\/22\/yargitaydan-onemli-bir-ictihatlari-birlestirme-karari\/#article","isPartOf":{"@id":"https:\/\/www.esin.av.tr\/tr\/2023\/09\/22\/yargitaydan-onemli-bir-ictihatlari-birlestirme-karari\/"},"author":{"name":"R\u0131dvan Konrat","@id":"https:\/\/www.esin.av.tr\/tr\/#\/schema\/person\/42c8e616aab56b8622fa365ad63282ae"},"headline":"Yarg\u0131tay&#8217;dan \u00f6nemli bir i\u00e7tihatlar\u0131 birle\u015ftirme karar\u0131","datePublished":"2023-09-22T13:13:05+00:00","dateModified":"2023-09-22T13:13:05+00:00","mainEntityOfPage":{"@id":"https:\/\/www.esin.av.tr\/tr\/2023\/09\/22\/yargitaydan-onemli-bir-ictihatlari-birlestirme-karari\/"},"wordCount":897,"publisher":{"@id":"https:\/\/www.esin.av.tr\/tr\/#organization"},"keywords":["Uyu\u015fmazl\u0131k \u00c7\u00f6z\u00fcm\u00fc"],"articleSection":["Hukuk B\u00fcltenleri"],"inLanguage":"tr"},{"@type":"WebPage","@id":"https:\/\/www.esin.av.tr\/tr\/2023\/09\/22\/yargitaydan-onemli-bir-ictihatlari-birlestirme-karari\/","url":"https:\/\/www.esin.av.tr\/tr\/2023\/09\/22\/yargitaydan-onemli-bir-ictihatlari-birlestirme-karari\/","name":"Yarg\u0131tay'dan \u00f6nemli bir i\u00e7tihatlar\u0131 birle\u015ftirme karar\u0131","isPartOf":{"@id":"https:\/\/www.esin.av.tr\/tr\/#website"},"datePublished":"2023-09-22T13:13:05+00:00","dateModified":"2023-09-22T13:13:05+00:00","description":"Yeni Geli\u015fme Yarg\u0131tay \u0130\u00e7tihatlar\u0131 Birle\u015ftirme B\u00fcy\u00fck Genel Kurulu (\"Kurul\"), 2021\/5 E., 2023\/2 K. say\u0131l\u0131 karar\u0131\u00a0 (\"Karar\") ile mahkeme kararlar\u0131nda hatal\u0131","breadcrumb":{"@id":"https:\/\/www.esin.av.tr\/tr\/2023\/09\/22\/yargitaydan-onemli-bir-ictihatlari-birlestirme-karari\/#breadcrumb"},"inLanguage":"tr","potentialAction":[{"@type":"ReadAction","target":["https:\/\/www.esin.av.tr\/tr\/2023\/09\/22\/yargitaydan-onemli-bir-ictihatlari-birlestirme-karari\/"]}]},{"@type":"BreadcrumbList","@id":"https:\/\/www.esin.av.tr\/tr\/2023\/09\/22\/yargitaydan-onemli-bir-ictihatlari-birlestirme-karari\/#breadcrumb","itemListElement":[{"@type":"ListItem","position":1,"name":"Home","item":"https:\/\/www.esin.av.tr\/tr\/"},{"@type":"ListItem","position":2,"name":"Yarg\u0131tay&#8217;dan \u00f6nemli bir i\u00e7tihatlar\u0131 birle\u015ftirme karar\u0131"}]},{"@type":"WebSite","@id":"https:\/\/www.esin.av.tr\/tr\/#website","url":"https:\/\/www.esin.av.tr\/tr\/","name":"Esin Avukatl\u0131k Ortakl\u0131\u011f\u0131","description":"","publisher":{"@id":"https:\/\/www.esin.av.tr\/tr\/#organization"},"potentialAction":[{"@type":"SearchAction","target":{"@type":"EntryPoint","urlTemplate":"https:\/\/www.esin.av.tr\/tr\/?s={search_term_string}"},"query-input":{"@type":"PropertyValueSpecification","valueRequired":true,"valueName":"search_term_string"}}],"inLanguage":"tr"},{"@type":"Organization","@id":"https:\/\/www.esin.av.tr\/tr\/#organization","name":"Esin Avukatl\u0131k Ortakl\u0131\u011f\u0131","url":"https:\/\/www.esin.av.tr\/tr\/","logo":{"@type":"ImageObject","inLanguage":"tr","@id":"https:\/\/www.esin.av.tr\/tr\/#\/schema\/logo\/image\/","url":"https:\/\/www.esin.av.tr\/wp-content\/uploads\/2021\/09\/esin-2.jpg","contentUrl":"https:\/\/www.esin.av.tr\/wp-content\/uploads\/2021\/09\/esin-2.jpg","width":800,"height":460,"caption":"Esin Avukatl\u0131k Ortakl\u0131\u011f\u0131"},"image":{"@id":"https:\/\/www.esin.av.tr\/tr\/#\/schema\/logo\/image\/"}},{"@type":"Person","@id":"https:\/\/www.esin.av.tr\/tr\/#\/schema\/person\/42c8e616aab56b8622fa365ad63282ae","name":"R\u0131dvan Konrat","image":{"@type":"ImageObject","inLanguage":"tr","@id":"https:\/\/www.esin.av.tr\/tr\/#\/schema\/person\/image\/","url":"https:\/\/secure.gravatar.com\/avatar\/b20c6c583be38ed4e76e32f69fccc676?s=96&d=mm&r=g","contentUrl":"https:\/\/secure.gravatar.com\/avatar\/b20c6c583be38ed4e76e32f69fccc676?s=96&d=mm&r=g","caption":"R\u0131dvan Konrat"},"sameAs":["http:\/\/www.esin.av.tr"],"url":"https:\/\/www.esin.av.tr\/tr\/author\/rkonrat\/"}]}},"_links":{"self":[{"href":"https:\/\/www.esin.av.tr\/tr\/wp-json\/wp\/v2\/posts\/26572","targetHints":{"allow":["GET"]}}],"collection":[{"href":"https:\/\/www.esin.av.tr\/tr\/wp-json\/wp\/v2\/posts"}],"about":[{"href":"https:\/\/www.esin.av.tr\/tr\/wp-json\/wp\/v2\/types\/post"}],"author":[{"embeddable":true,"href":"https:\/\/www.esin.av.tr\/tr\/wp-json\/wp\/v2\/users\/4"}],"replies":[{"embeddable":true,"href":"https:\/\/www.esin.av.tr\/tr\/wp-json\/wp\/v2\/comments?post=26572"}],"version-history":[{"count":1,"href":"https:\/\/www.esin.av.tr\/tr\/wp-json\/wp\/v2\/posts\/26572\/revisions"}],"predecessor-version":[{"id":26573,"href":"https:\/\/www.esin.av.tr\/tr\/wp-json\/wp\/v2\/posts\/26572\/revisions\/26573"}],"wp:attachment":[{"href":"https:\/\/www.esin.av.tr\/tr\/wp-json\/wp\/v2\/media?parent=26572"}],"wp:term":[{"taxonomy":"category","embeddable":true,"href":"https:\/\/www.esin.av.tr\/tr\/wp-json\/wp\/v2\/categories?post=26572"},{"taxonomy":"post_tag","embeddable":true,"href":"https:\/\/www.esin.av.tr\/tr\/wp-json\/wp\/v2\/tags?post=26572"}],"curies":[{"name":"wp","href":"https:\/\/api.w.org\/{rel}","templated":true}]}}